{"id":110628,"date":"2019-12-20T14:15:26","date_gmt":"2019-12-20T13:15:26","guid":{"rendered":"http:\/\/www.bellunopress.it\/?p=110628"},"modified":"2019-12-20T14:15:30","modified_gmt":"2019-12-20T13:15:30","slug":"belluno-isole-ecologiche-interrate-in-piazza-dei-martiri-lavori-conclusi-entro-il-2021-presenti-anche-le-campane-per-secco-e-umido","status":"publish","type":"post","link":"https:\/\/www.bellunopress.it\/fr\/2019\/12\/20\/belluno-isole-ecologiche-interrate-in-piazza-dei-martiri-lavori-conclusi-entro-il-2021-presenti-anche-le-campane-per-secco-e-umido\/","title":{"rendered":"Belluno. Isole ecologiche interrate in Piazza dei Martiri, lavori conclusi. Entro il 2021 presenti anche le campane per secco e umido"},"content":{"rendered":"<p><a href=\"http:\/\/www.bellunopress.it\/fr\/2019\/12\/20\/belluno-isole-ecologiche-interrate-in-piazza-dei-martiri-lavori-conclusi-entro-il-2021-presenti-anche-le-campane-per-secco-e-umido\/isole-ecologiche-interrate-4\/\" rel=\"attachment wp-att-110629\"><img loading=\"lazy\" decoding=\"async\" class=\"alignleft size-full wp-image-110629\" src=\"http:\/\/www.bellunopress.it\/wp-content\/uploads\/2019\/12\/Isole-ecologiche-interrate-4.jpg\" alt=\"\" width=\"300\" height=\"231\" \/><\/a>Si sono conclusi come da programma nei giorni scorsi i lavori di scavo e installazione delle 8 nuove campane interrate per la raccolta differenziata di vetro, plastica, lattine e carta nelle due aree ecologiche di Piazza dei Martiri.<\/p>\n<p><strong>Le caratteristiche<\/strong><br \/>\nA spiegare le caratteristiche e i vantaggi delle nuove campane \u00e8 Silvia De Zordo, ingegnere dell&#8217;ufficio tecnico di Bellunum: \u00abLe due isole, quella fronte Astor e quella a lato del Teatro Comunale, occupano la stessa volumetria, nonostante la diversa conformazione. Ogni singolo contenitore interrato occupa 5 metri cubi, corrispondenti a due vecchie campane stradali; i vantaggi sono quindi notevoli sia per gli operatori addetti allo svuotamento, visto che sono richiesti minori svuotamenti con conseguenti risparmi per la societ\u00e0 e per la collettivit\u00e0, sia per i cittadini, che si trovano con le bocche delle calotte a un&#8217;altezza inferiore rispetto a quella della campane e quindi possono conferire con minori sforzi\u00bb.<br \/>\nI lavori sono durati 40 giorni, da fine ottobre a met\u00e0 dicembre, e sono stati eseguiti dalla ditta Franceschi di Sospirolo, per un costo per singola isola di 59mila euro.<\/p>\n<p><strong>Le prospettive<\/strong><br \/>\nMa non \u00e8 finita qui: Davide Lucicesare, amministratore unico di Bellunum, anticipa le prossime novit\u00e0 per queste isole e per il centro storico. \u00abQueste isole sono solo il primo passo per migliorare il sistema Bellunum, un sistema in continua crescita ed evoluzione. &#8211; spiega \u2013 Il prossimo step sar\u00e0 la sostituzione di una delle campane interrate per la carta con una destinata al rifiuto secco, con modalit\u00e0 di accesso identiche a quelle gi\u00e0 esistenti con i nuovi cassonetti stradali; successivamente, confidiamo gi\u00e0 il prossimo anno o al pi\u00f9 tardi nel 2021, verr\u00e0 sostituita anche un&#8217;altra campana con una per il rifiuto umido, e questo ci permetter\u00e0 di togliere dalla piazza tutti i vari bidoni per la raccolta dei rifiuti\u00bb.<\/p>\n<p><strong>Ordine e decoro<\/strong><br \/>\n\u00abQuesto \u00e8 un sistema che ha raccolto anche l&#8217;interesse dei network nazionali, nei giorni scorsi a Belluno per scoprire i \u201csegreti\u201d del matrimonio tra gli ottimi risultati nella raccolta differenziata e una delle tariffe pi\u00f9 basse d&#8217;Italia, terza a livello nazionale. &#8211; sottolinea il Sindaco di Belluno, Jacopo Massaro \u2013 \u00c8 una soluzione che accresce l&#8217;ordine e il decoro della nostra piazza: ci ha consentito di rimuovere i vecchi e ingombranti cassonetti, oltre a tutti i bidoni fuori dai locali, e quindi credo proprio che questa sperimentazione trover\u00e0 seguito anche in altre zone della citt\u00e0. La risposta dei cittadini e dei commercianti \u00e8 stata positiva, e anche i turisti hanno apprezzato questo salto di qualit\u00e0 della citt\u00e0, gi\u00e0 nota per il suo ordine e la sua pulizia\u00bb.<\/p>","protected":false},"excerpt":{"rendered":"<p>Si sono conclusi come da programma nei giorni scorsi i lavori di scavo e installazione delle 8 nuove campane interrate per la raccolta differenziata di vetro, plastica, lattine e carta nelle due aree ecologiche di Piazza dei Martiri. Le caratteristiche A spiegare le caratteristiche e i vantaggi delle nuove campane \u00e8 Silvia De Zordo, ingegnere [&hellip;]<\/p>\n","protected":false},"author":2,"featured_media":0,"comment_status":"closed","ping_status":"open","sticky":false,"template":"","format":"standard","meta":{"footnotes":""},"categories":[5,26,8],"tags":[],"class_list":["post-110628","post","type-post","status-publish","format-standard","category-cronaca","category-prima-pagina","category-societa-istituzioni"],"yoast_head":"<!-- This site is optimized with the Yoast SEO plugin v28.4 - https:\/\/yoast.com\/product\/yoast-seo-wordpress\/ -->\n<title>Belluno. Isole ecologiche interrate in Piazza dei Martiri, lavori conclusi. Entro il 2021 presenti anche le campane per secco e umido - Bellunopress - Dolomiti<\/title>\n<meta name=\"robots\" content=\"index, follow, max-snippet:-1, max-image-preview:large, max-video-preview:-1\" \/>\n<link rel=\"canonical\" href=\"https:\/\/www.bellunopress.it\/fr\/2019\/12\/20\/belluno-isole-ecologiche-interrate-in-piazza-dei-martiri-lavori-conclusi-entro-il-2021-presenti-anche-le-campane-per-secco-e-umido\/\" \/>\n<meta property=\"og:locale\" content=\"fr_FR\" \/>\n<meta property=\"og:type\" content=\"article\" \/>\n<meta property=\"og:title\" content=\"Belluno. Isole ecologiche interrate in Piazza dei Martiri, lavori conclusi. Entro il 2021 presenti anche le campane per secco e umido - Bellunopress - Dolomiti\" \/>\n<meta property=\"og:description\" content=\"Si sono conclusi come da programma nei giorni scorsi i lavori di scavo e installazione delle 8 nuove campane interrate per la raccolta differenziata di vetro, plastica, lattine e carta nelle due aree ecologiche di Piazza dei Martiri. Le caratteristiche A spiegare le caratteristiche e i vantaggi delle nuove campane \u00e8 Silvia De Zordo, ingegnere [&hellip;]\" \/>\n<meta property=\"og:url\" content=\"https:\/\/www.bellunopress.it\/fr\/2019\/12\/20\/belluno-isole-ecologiche-interrate-in-piazza-dei-martiri-lavori-conclusi-entro-il-2021-presenti-anche-le-campane-per-secco-e-umido\/\" \/>\n<meta property=\"og:site_name\" content=\"Bellunopress - Dolomiti\" \/>\n<meta property=\"article:publisher\" content=\"https:\/\/www.facebook.com\/profile.php?id=100008943462799\" \/>\n<meta property=\"article:published_time\" content=\"2019-12-20T13:15:26+00:00\" \/>\n<meta property=\"article:modified_time\" content=\"2019-12-20T13:15:30+00:00\" \/>\n<meta property=\"og:image\" content=\"http:\/\/www.bellunopress.it\/wp-content\/uploads\/2019\/12\/Isole-ecologiche-interrate-4.jpg\" \/>\n<meta name=\"author\" content=\"redazione\" \/>\n<meta name=\"twitter:card\" content=\"summary_large_image\" \/>\n<meta name=\"twitter:creator\" content=\"@bellunopress\" \/>\n<meta name=\"twitter:site\" content=\"@bellunopress\" \/>\n<meta name=\"twitter:label1\" content=\"\u00c9crit par\" \/>\n\t<meta name=\"twitter:data1\" content=\"redazione\" \/>\n\t<meta name=\"twitter:label2\" content=\"Dur\u00e9e de lecture estim\u00e9e\" \/>\n\t<meta name=\"twitter:data2\" content=\"2 minutes\" \/>\n<script type=\"application\/ld+json\" class=\"yoast-schema-graph\">{\"@context\":\"https:\\\/\\\/schema.org\",\"@graph\":[{\"@type\":\"Article\",\"@id\":\"https:\\\/\\\/www.bellunopress.it\\\/2019\\\/12\\\/20\\\/belluno-isole-ecologiche-interrate-in-piazza-dei-martiri-lavori-conclusi-entro-il-2021-presenti-anche-le-campane-per-secco-e-umido\\\/#article\",\"isPartOf\":{\"@id\":\"https:\\\/\\\/www.bellunopress.it\\\/2019\\\/12\\\/20\\\/belluno-isole-ecologiche-interrate-in-piazza-dei-martiri-lavori-conclusi-entro-il-2021-presenti-anche-le-campane-per-secco-e-umido\\\/\"},\"author\":{\"name\":\"redazione\",\"@id\":\"https:\\\/\\\/www.bellunopress.it\\\/#\\\/schema\\\/person\\\/79bb06722b37ece1c03d3e94beb30d73\"},\"headline\":\"Belluno. Isole ecologiche interrate in Piazza dei Martiri, lavori conclusi. Entro il 2021 presenti anche le campane per secco e umido\",\"datePublished\":\"2019-12-20T13:15:26+00:00\",\"dateModified\":\"2019-12-20T13:15:30+00:00\",\"mainEntityOfPage\":{\"@id\":\"https:\\\/\\\/www.bellunopress.it\\\/2019\\\/12\\\/20\\\/belluno-isole-ecologiche-interrate-in-piazza-dei-martiri-lavori-conclusi-entro-il-2021-presenti-anche-le-campane-per-secco-e-umido\\\/\"},\"wordCount\":445,\"publisher\":{\"@id\":\"https:\\\/\\\/www.bellunopress.it\\\/#organization\"},\"image\":{\"@id\":\"https:\\\/\\\/www.bellunopress.it\\\/2019\\\/12\\\/20\\\/belluno-isole-ecologiche-interrate-in-piazza-dei-martiri-lavori-conclusi-entro-il-2021-presenti-anche-le-campane-per-secco-e-umido\\\/#primaryimage\"},\"thumbnailUrl\":\"http:\\\/\\\/www.bellunopress.it\\\/wp-content\\\/uploads\\\/2019\\\/12\\\/Isole-ecologiche-interrate-4.jpg\",\"articleSection\":[\"Cronaca\\\/Politica\",\"Prima Pagina\",\"Societ\u00e0, Associazioni, Istituzioni\"],\"inLanguage\":\"fr-FR\"},{\"@type\":\"WebPage\",\"@id\":\"https:\\\/\\\/www.bellunopress.it\\\/2019\\\/12\\\/20\\\/belluno-isole-ecologiche-interrate-in-piazza-dei-martiri-lavori-conclusi-entro-il-2021-presenti-anche-le-campane-per-secco-e-umido\\\/\",\"url\":\"https:\\\/\\\/www.bellunopress.it\\\/2019\\\/12\\\/20\\\/belluno-isole-ecologiche-interrate-in-piazza-dei-martiri-lavori-conclusi-entro-il-2021-presenti-anche-le-campane-per-secco-e-umido\\\/\",\"name\":\"Belluno. Isole ecologiche interrate in Piazza dei Martiri, lavori conclusi. Entro il 2021 presenti anche le campane per secco e umido - Bellunopress - Dolomiti\",\"isPartOf\":{\"@id\":\"https:\\\/\\\/www.bellunopress.it\\\/#website\"},\"primaryImageOfPage\":{\"@id\":\"https:\\\/\\\/www.bellunopress.it\\\/2019\\\/12\\\/20\\\/belluno-isole-ecologiche-interrate-in-piazza-dei-martiri-lavori-conclusi-entro-il-2021-presenti-anche-le-campane-per-secco-e-umido\\\/#primaryimage\"},\"image\":{\"@id\":\"https:\\\/\\\/www.bellunopress.it\\\/2019\\\/12\\\/20\\\/belluno-isole-ecologiche-interrate-in-piazza-dei-martiri-lavori-conclusi-entro-il-2021-presenti-anche-le-campane-per-secco-e-umido\\\/#primaryimage\"},\"thumbnailUrl\":\"http:\\\/\\\/www.bellunopress.it\\\/wp-content\\\/uploads\\\/2019\\\/12\\\/Isole-ecologiche-interrate-4.jpg\",\"datePublished\":\"2019-12-20T13:15:26+00:00\",\"dateModified\":\"2019-12-20T13:15:30+00:00\",\"breadcrumb\":{\"@id\":\"https:\\\/\\\/www.bellunopress.it\\\/2019\\\/12\\\/20\\\/belluno-isole-ecologiche-interrate-in-piazza-dei-martiri-lavori-conclusi-entro-il-2021-presenti-anche-le-campane-per-secco-e-umido\\\/#breadcrumb\"},\"inLanguage\":\"fr-FR\",\"potentialAction\":[{\"@type\":\"ReadAction\",\"target\":[\"https:\\\/\\\/www.bellunopress.it\\\/2019\\\/12\\\/20\\\/belluno-isole-ecologiche-interrate-in-piazza-dei-martiri-lavori-conclusi-entro-il-2021-presenti-anche-le-campane-per-secco-e-umido\\\/\"]}]},{\"@type\":\"ImageObject\",\"inLanguage\":\"fr-FR\",\"@id\":\"https:\\\/\\\/www.bellunopress.it\\\/2019\\\/12\\\/20\\\/belluno-isole-ecologiche-interrate-in-piazza-dei-martiri-lavori-conclusi-entro-il-2021-presenti-anche-le-campane-per-secco-e-umido\\\/#primaryimage\",\"url\":\"http:\\\/\\\/www.bellunopress.it\\\/wp-content\\\/uploads\\\/2019\\\/12\\\/Isole-ecologiche-interrate-4.jpg\",\"contentUrl\":\"http:\\\/\\\/www.bellunopress.it\\\/wp-content\\\/uploads\\\/2019\\\/12\\\/Isole-ecologiche-interrate-4.jpg\"},{\"@type\":\"BreadcrumbList\",\"@id\":\"https:\\\/\\\/www.bellunopress.it\\\/2019\\\/12\\\/20\\\/belluno-isole-ecologiche-interrate-in-piazza-dei-martiri-lavori-conclusi-entro-il-2021-presenti-anche-le-campane-per-secco-e-umido\\\/#breadcrumb\",\"itemListElement\":[{\"@type\":\"ListItem\",\"position\":1,\"name\":\"Home\",\"item\":\"https:\\\/\\\/www.bellunopress.it\\\/\"},{\"@type\":\"ListItem\",\"position\":2,\"name\":\"Belluno. Isole ecologiche interrate in Piazza dei Martiri, lavori conclusi. Entro il 2021 presenti anche le campane per secco e umido\"}]},{\"@type\":\"WebSite\",\"@id\":\"https:\\\/\\\/www.bellunopress.it\\\/#website\",\"url\":\"https:\\\/\\\/www.bellunopress.it\\\/\",\"name\":\"Bellunopress - Dolomiti\",\"description\":\"e-mail: redazione@bellunopress.it\",\"publisher\":{\"@id\":\"https:\\\/\\\/www.bellunopress.it\\\/#organization\"},\"potentialAction\":[{\"@type\":\"SearchAction\",\"target\":{\"@type\":\"EntryPoint\",\"urlTemplate\":\"https:\\\/\\\/www.bellunopress.it\\\/?s={search_term_string}\"},\"query-input\":{\"@type\":\"PropertyValueSpecification\",\"valueRequired\":true,\"valueName\":\"search_term_string\"}}],\"inLanguage\":\"fr-FR\"},{\"@type\":\"Organization\",\"@id\":\"https:\\\/\\\/www.bellunopress.it\\\/#organization\",\"name\":\"Bellunopress\",\"url\":\"https:\\\/\\\/www.bellunopress.it\\\/\",\"logo\":{\"@type\":\"ImageObject\",\"inLanguage\":\"fr-FR\",\"@id\":\"https:\\\/\\\/www.bellunopress.it\\\/#\\\/schema\\\/logo\\\/image\\\/\",\"url\":\"https:\\\/\\\/www.bellunopress.it\\\/wp-content\\\/uploads\\\/2011\\\/05\\\/cropped-logo-bellunopress-.jpg\",\"contentUrl\":\"https:\\\/\\\/www.bellunopress.it\\\/wp-content\\\/uploads\\\/2011\\\/05\\\/cropped-logo-bellunopress-.jpg\",\"width\":512,\"height\":512,\"caption\":\"Bellunopress\"},\"image\":{\"@id\":\"https:\\\/\\\/www.bellunopress.it\\\/#\\\/schema\\\/logo\\\/image\\\/\"},\"sameAs\":[\"https:\\\/\\\/www.facebook.com\\\/profile.php?id=100008943462799\",\"https:\\\/\\\/x.com\\\/bellunopress\",\"https:\\\/\\\/www.linkedin.com\\\/hp\\\/?dnr=JBzUWaJfMUw8vbXJJ2tVW5-I3jZKvC4wsoxE&amp;amp;amp;amp;amp;amp;trk=nav_responsive_tab_home\",\"https:\\\/\\\/www.youtube.com\\\/channel\\\/UCxL0wu1uN0_3_7hGG0306cw\"]},{\"@type\":\"Person\",\"@id\":\"https:\\\/\\\/www.bellunopress.it\\\/#\\\/schema\\\/person\\\/79bb06722b37ece1c03d3e94beb30d73\",\"name\":\"redazione\",\"image\":{\"@type\":\"ImageObject\",\"inLanguage\":\"fr-FR\",\"@id\":\"https:\\\/\\\/secure.gravatar.com\\\/avatar\\\/37d968a2e67a6fd04c169c4bdef102d0bc5d31b2546345219e348575eb80e9a0?s=96&d=mm&r=g\",\"url\":\"https:\\\/\\\/secure.gravatar.com\\\/avatar\\\/37d968a2e67a6fd04c169c4bdef102d0bc5d31b2546345219e348575eb80e9a0?s=96&d=mm&r=g\",\"contentUrl\":\"https:\\\/\\\/secure.gravatar.com\\\/avatar\\\/37d968a2e67a6fd04c169c4bdef102d0bc5d31b2546345219e348575eb80e9a0?s=96&d=mm&r=g\",\"caption\":\"redazione\"},\"sameAs\":[\"http:\\\/\\\/www.bellunopress.it\",\"https:\\\/\\\/x.com\\\/bellunopress\"],\"url\":\"https:\\\/\\\/www.bellunopress.it\\\/fr\\\/author\\\/redazione\\\/\"}]}<\/script>\n<!-- \/ Yoast SEO plugin. -->","yoast_head_json":{"title":"Belluno. Isole ecologiche interrate in Piazza dei Martiri, lavori conclusi. Entro il 2021 presenti anche le campane per secco e umido - Bellunopress - Dolomiti","robots":{"index":"index","follow":"follow","max-snippet":"max-snippet:-1","max-image-preview":"max-image-preview:large","max-video-preview":"max-video-preview:-1"},"canonical":"https:\/\/www.bellunopress.it\/fr\/2019\/12\/20\/belluno-isole-ecologiche-interrate-in-piazza-dei-martiri-lavori-conclusi-entro-il-2021-presenti-anche-le-campane-per-secco-e-umido\/","og_locale":"fr_FR","og_type":"article","og_title":"Belluno. Isole ecologiche interrate in Piazza dei Martiri, lavori conclusi. Entro il 2021 presenti anche le campane per secco e umido - Bellunopress - Dolomiti","og_description":"Si sono conclusi come da programma nei giorni scorsi i lavori di scavo e installazione delle 8 nuove campane interrate per la raccolta differenziata di vetro, plastica, lattine e carta nelle due aree ecologiche di Piazza dei Martiri. Le caratteristiche A spiegare le caratteristiche e i vantaggi delle nuove campane \u00e8 Silvia De Zordo, ingegnere [&hellip;]","og_url":"https:\/\/www.bellunopress.it\/fr\/2019\/12\/20\/belluno-isole-ecologiche-interrate-in-piazza-dei-martiri-lavori-conclusi-entro-il-2021-presenti-anche-le-campane-per-secco-e-umido\/","og_site_name":"Bellunopress - Dolomiti","article_publisher":"https:\/\/www.facebook.com\/profile.php?id=100008943462799","article_published_time":"2019-12-20T13:15:26+00:00","article_modified_time":"2019-12-20T13:15:30+00:00","og_image":[{"url":"http:\/\/www.bellunopress.it\/wp-content\/uploads\/2019\/12\/Isole-ecologiche-interrate-4.jpg","type":"","width":"","height":""}],"author":"redazione","twitter_card":"summary_large_image","twitter_creator":"@bellunopress","twitter_site":"@bellunopress","twitter_misc":{"\u00c9crit par":"redazione","Dur\u00e9e de lecture estim\u00e9e":"2 minutes"},"schema":{"@context":"https:\/\/schema.org","@graph":[{"@type":"Article","@id":"https:\/\/www.bellunopress.it\/2019\/12\/20\/belluno-isole-ecologiche-interrate-in-piazza-dei-martiri-lavori-conclusi-entro-il-2021-presenti-anche-le-campane-per-secco-e-umido\/#article","isPartOf":{"@id":"https:\/\/www.bellunopress.it\/2019\/12\/20\/belluno-isole-ecologiche-interrate-in-piazza-dei-martiri-lavori-conclusi-entro-il-2021-presenti-anche-le-campane-per-secco-e-umido\/"},"author":{"name":"redazione","@id":"https:\/\/www.bellunopress.it\/#\/schema\/person\/79bb06722b37ece1c03d3e94beb30d73"},"headline":"Belluno. Isole ecologiche interrate in Piazza dei Martiri, lavori conclusi. Entro il 2021 presenti anche le campane per secco e umido","datePublished":"2019-12-20T13:15:26+00:00","dateModified":"2019-12-20T13:15:30+00:00","mainEntityOfPage":{"@id":"https:\/\/www.bellunopress.it\/2019\/12\/20\/belluno-isole-ecologiche-interrate-in-piazza-dei-martiri-lavori-conclusi-entro-il-2021-presenti-anche-le-campane-per-secco-e-umido\/"},"wordCount":445,"publisher":{"@id":"https:\/\/www.bellunopress.it\/#organization"},"image":{"@id":"https:\/\/www.bellunopress.it\/2019\/12\/20\/belluno-isole-ecologiche-interrate-in-piazza-dei-martiri-lavori-conclusi-entro-il-2021-presenti-anche-le-campane-per-secco-e-umido\/#primaryimage"},"thumbnailUrl":"http:\/\/www.bellunopress.it\/wp-content\/uploads\/2019\/12\/Isole-ecologiche-interrate-4.jpg","articleSection":["Cronaca\/Politica","Prima Pagina","Societ\u00e0, Associazioni, Istituzioni"],"inLanguage":"fr-FR"},{"@type":"WebPage","@id":"https:\/\/www.bellunopress.it\/2019\/12\/20\/belluno-isole-ecologiche-interrate-in-piazza-dei-martiri-lavori-conclusi-entro-il-2021-presenti-anche-le-campane-per-secco-e-umido\/","url":"https:\/\/www.bellunopress.it\/2019\/12\/20\/belluno-isole-ecologiche-interrate-in-piazza-dei-martiri-lavori-conclusi-entro-il-2021-presenti-anche-le-campane-per-secco-e-umido\/","name":"Belluno. Isole ecologiche interrate in Piazza dei Martiri, lavori conclusi. Entro il 2021 presenti anche le campane per secco e umido - Bellunopress - Dolomiti","isPartOf":{"@id":"https:\/\/www.bellunopress.it\/#website"},"primaryImageOfPage":{"@id":"https:\/\/www.bellunopress.it\/2019\/12\/20\/belluno-isole-ecologiche-interrate-in-piazza-dei-martiri-lavori-conclusi-entro-il-2021-presenti-anche-le-campane-per-secco-e-umido\/#primaryimage"},"image":{"@id":"https:\/\/www.bellunopress.it\/2019\/12\/20\/belluno-isole-ecologiche-interrate-in-piazza-dei-martiri-lavori-conclusi-entro-il-2021-presenti-anche-le-campane-per-secco-e-umido\/#primaryimage"},"thumbnailUrl":"http:\/\/www.bellunopress.it\/wp-content\/uploads\/2019\/12\/Isole-ecologiche-interrate-4.jpg","datePublished":"2019-12-20T13:15:26+00:00","dateModified":"2019-12-20T13:15:30+00:00","breadcrumb":{"@id":"https:\/\/www.bellunopress.it\/2019\/12\/20\/belluno-isole-ecologiche-interrate-in-piazza-dei-martiri-lavori-conclusi-entro-il-2021-presenti-anche-le-campane-per-secco-e-umido\/#breadcrumb"},"inLanguage":"fr-FR","potentialAction":[{"@type":"ReadAction","target":["https:\/\/www.bellunopress.it\/2019\/12\/20\/belluno-isole-ecologiche-interrate-in-piazza-dei-martiri-lavori-conclusi-entro-il-2021-presenti-anche-le-campane-per-secco-e-umido\/"]}]},{"@type":"ImageObject","inLanguage":"fr-FR","@id":"https:\/\/www.bellunopress.it\/2019\/12\/20\/belluno-isole-ecologiche-interrate-in-piazza-dei-martiri-lavori-conclusi-entro-il-2021-presenti-anche-le-campane-per-secco-e-umido\/#primaryimage","url":"http:\/\/www.bellunopress.it\/wp-content\/uploads\/2019\/12\/Isole-ecologiche-interrate-4.jpg","contentUrl":"http:\/\/www.bellunopress.it\/wp-content\/uploads\/2019\/12\/Isole-ecologiche-interrate-4.jpg"},{"@type":"BreadcrumbList","@id":"https:\/\/www.bellunopress.it\/2019\/12\/20\/belluno-isole-ecologiche-interrate-in-piazza-dei-martiri-lavori-conclusi-entro-il-2021-presenti-anche-le-campane-per-secco-e-umido\/#breadcrumb","itemListElement":[{"@type":"ListItem","position":1,"name":"Home","item":"https:\/\/www.bellunopress.it\/"},{"@type":"ListItem","position":2,"name":"Belluno. Isole ecologiche interrate in Piazza dei Martiri, lavori conclusi. Entro il 2021 presenti anche le campane per secco e umido"}]},{"@type":"WebSite","@id":"https:\/\/www.bellunopress.it\/#website","url":"https:\/\/www.bellunopress.it\/","name":"Bellunopress - Dolomiti","description":"e-mail: redazione@bellunopress.it","publisher":{"@id":"https:\/\/www.bellunopress.it\/#organization"},"potentialAction":[{"@type":"SearchAction","target":{"@type":"EntryPoint","urlTemplate":"https:\/\/www.bellunopress.it\/?s={search_term_string}"},"query-input":{"@type":"PropertyValueSpecification","valueRequired":true,"valueName":"search_term_string"}}],"inLanguage":"fr-FR"},{"@type":"Organization","@id":"https:\/\/www.bellunopress.it\/#organization","name":"Bellunopress","url":"https:\/\/www.bellunopress.it\/","logo":{"@type":"ImageObject","inLanguage":"fr-FR","@id":"https:\/\/www.bellunopress.it\/#\/schema\/logo\/image\/","url":"https:\/\/www.bellunopress.it\/wp-content\/uploads\/2011\/05\/cropped-logo-bellunopress-.jpg","contentUrl":"https:\/\/www.bellunopress.it\/wp-content\/uploads\/2011\/05\/cropped-logo-bellunopress-.jpg","width":512,"height":512,"caption":"Bellunopress"},"image":{"@id":"https:\/\/www.bellunopress.it\/#\/schema\/logo\/image\/"},"sameAs":["https:\/\/www.facebook.com\/profile.php?id=100008943462799","https:\/\/x.com\/bellunopress","https:\/\/www.linkedin.com\/hp\/?dnr=JBzUWaJfMUw8vbXJJ2tVW5-I3jZKvC4wsoxE&amp;amp;amp;amp;amp;amp;trk=nav_responsive_tab_home","https:\/\/www.youtube.com\/channel\/UCxL0wu1uN0_3_7hGG0306cw"]},{"@type":"Person","@id":"https:\/\/www.bellunopress.it\/#\/schema\/person\/79bb06722b37ece1c03d3e94beb30d73","name":"r\u00e9daction","image":{"@type":"ImageObject","inLanguage":"fr-FR","@id":"https:\/\/secure.gravatar.com\/avatar\/37d968a2e67a6fd04c169c4bdef102d0bc5d31b2546345219e348575eb80e9a0?s=96&d=mm&r=g","url":"https:\/\/secure.gravatar.com\/avatar\/37d968a2e67a6fd04c169c4bdef102d0bc5d31b2546345219e348575eb80e9a0?s=96&d=mm&r=g","contentUrl":"https:\/\/secure.gravatar.com\/avatar\/37d968a2e67a6fd04c169c4bdef102d0bc5d31b2546345219e348575eb80e9a0?s=96&d=mm&r=g","caption":"redazione"},"sameAs":["http:\/\/www.bellunopress.it","https:\/\/x.com\/bellunopress"],"url":"https:\/\/www.bellunopress.it\/fr\/author\/redazione\/"}]}},"_links":{"self":[{"href":"https:\/\/www.bellunopress.it\/fr\/wp-json\/wp\/v2\/posts\/110628","targetHints":{"allow":["GET"]}}],"collection":[{"href":"https:\/\/www.bellunopress.it\/fr\/wp-json\/wp\/v2\/posts"}],"about":[{"href":"https:\/\/www.bellunopress.it\/fr\/wp-json\/wp\/v2\/types\/post"}],"author":[{"embeddable":true,"href":"https:\/\/www.bellunopress.it\/fr\/wp-json\/wp\/v2\/users\/2"}],"replies":[{"embeddable":true,"href":"https:\/\/www.bellunopress.it\/fr\/wp-json\/wp\/v2\/comments?post=110628"}],"version-history":[{"count":2,"href":"https:\/\/www.bellunopress.it\/fr\/wp-json\/wp\/v2\/posts\/110628\/revisions"}],"predecessor-version":[{"id":110631,"href":"https:\/\/www.bellunopress.it\/fr\/wp-json\/wp\/v2\/posts\/110628\/revisions\/110631"}],"wp:attachment":[{"href":"https:\/\/www.bellunopress.it\/fr\/wp-json\/wp\/v2\/media?parent=110628"}],"wp:term":[{"taxonomy":"category","embeddable":true,"href":"https:\/\/www.bellunopress.it\/fr\/wp-json\/wp\/v2\/categories?post=110628"},{"taxonomy":"post_tag","embeddable":true,"href":"https:\/\/www.bellunopress.it\/fr\/wp-json\/wp\/v2\/tags?post=110628"}],"curies":[{"name":"wp","href":"https:\/\/api.w.org\/{rel}","templated":true}]}}