{"id":110624,"date":"2019-12-20T14:00:23","date_gmt":"2019-12-20T13:00:23","guid":{"rendered":"http:\/\/www.bellunopress.it\/?p=110624"},"modified":"2019-12-20T14:00:23","modified_gmt":"2019-12-20T13:00:23","slug":"concerto-allospedale-san-martino-di-belluno-lunedi-23-dicembre","status":"publish","type":"post","link":"https:\/\/www.bellunopress.it\/fr\/2019\/12\/20\/concerto-allospedale-san-martino-di-belluno-lunedi-23-dicembre\/","title":{"rendered":"Concerto all&#8217;ospedale San Martino di Belluno, luned\u00ec 23 dicembre"},"content":{"rendered":"<p>\u201cViaggio nella musica, la medicina dello spirito\u201d \u00e8 una rassegna di spettacoli coordinata dal circuito Arteven, sostenuta dalla Regione del Veneto con lo scopo di portare conforto nei luoghi di cura e che coinvolge 7 Ulss del Veneto le quali, fino alla fine del mese di dicembre, ospiteranno nelle proprie strutture concerti e cori.<\/p>\n<p><a href=\"http:\/\/www.bellunopress.it\/fr\/2014\/09\/09\/gabelli-estate-il-duo-zanchini-scalabrin-in-concerto-giovedi-allarchivio-di-stato-di-belluno\/musica\/\" rel=\"attachment wp-att-62374\"><img loading=\"lazy\" decoding=\"async\" class=\"alignleft size-full wp-image-62374\" src=\"http:\/\/www.bellunopress.it\/wp-content\/uploads\/2014\/09\/musica.jpg\" alt=\"\" width=\"169\" height=\"170\" srcset=\"https:\/\/www.bellunopress.it\/wp-content\/uploads\/2014\/09\/musica.jpg 169w, https:\/\/www.bellunopress.it\/wp-content\/uploads\/2014\/09\/musica-150x150.jpg 150w, https:\/\/www.bellunopress.it\/wp-content\/uploads\/2014\/09\/musica-144x144.jpg 144w\" sizes=\"auto, (max-width: 169px) 100vw, 169px\" \/><\/a>L\u2019obiettivo \u00e8 di regalare, attraverso la musica, momenti di serenit\u00e0 e di conforto a chi ne ha pi\u00f9 bisogno. Un modo originale e rispettoso per esprimere vicinanza alle persone ricoverate e ai loro familiari, per dire grazie al personale medico e a quanti operano in queste strutture come sottolineato dall\u2019assessore alla cultura della Regione del Veneto, Cristiano Corazzari, che ha promosso l\u2019iniziativa insieme all\u2019assessore alla sanit\u00e0 Manuela Lanzarin.<\/p>\n<p>L\u2019Ulss 1 Dolomiti ha aderito all\u2019iniziativa proponendo alcuni concerti nelle varie strutture dell\u2019azienda tra cui quello di luned\u00ec 23 dicembre alle ore 18,00 nell\u2019atrio dell\u2019ospedale di Belluno del quartetto \u201cArchiatri\u201d, costituito venti anni fa da un\u2019 idea di Massimo Semenzin, direttore della Salute Mentale di Feltre, per il puro piacere di fare musica assieme nell\u2019ottica e nella tradizione di quella hausmusik che anche da noi comincia ad avere una certa rilevanza.<\/p>\n<p>L\u2019idea \u00e8 stata quella di mettere assieme quattro medici con la passione della musica, innanzi tutto per suonare e divertirsi ma anche per essere ascoltati dagli amici o per iniziative a scopo benefico anche in contesti non convenzionali (Comunit\u00e0 terapeutiche, Ospedali, Case di riposo, congressi medici ecc.).<br \/>\nIl nome gli archiatri \u00e8 stato scelto sia per un simpatico gioco di parole (gli strumenti ad arco), sia perch\u00e9 archiatra era l\u2019antico nome dei medici di corte e nello specifico del \u201ccapo dei medici\u201d.<\/p>\n<p>Nel corso di questi anni \u201cgli archiatri\u201d hanno partecipato alla rassegna \u201cMi diletto\u201c al Teatro Accademico di Castelfranco Veneto, al Concorso nazionale per medici musicisti Albert Schweitzer tenutosi a Roma, hanno tenuto diversi concerti di beneficenza per progetti umanitari, tra cui quello per la costruzione di un Orfanotrofio in Costa d\u2019Avorio a Padova, a Treviso al Teatro Eden per AIL Associazione Italiana contro le Leucemie, a Palazzo Bomben per L\u2019Associazione Italiana Donne Medico, a Padova per l\u2019Ass. Salvalarte, a Vicenza per l&amp;#39;Associazione Native Onlus, a Torino per l\u2019Ass. Amici di Mujwa in Kenia, ecc. Sono stati ospiti pi\u00f9 volte alla rassegna internazionale Doc Music Festival di Fiuggi nell\u2019ambito del Festival delle Citt\u00e0 Medievali e sono stati invitati ad inaugurare il nuovo Museo della Medicina di Padova.<\/p>\n<p>Il quartetto \u00e8 cos\u00ec composto:<br \/>\nDott. Luca Bello spec. in Neurologia Primo Violino Ricercatore in Neurologia Universit\u00e0 degli Studi di Padova<br \/>\nDott. Massimo Semenzin spec. in Psichiatria Secondo Violino Direttore Unit\u00e0 Operativa Complessa di Salute Mentale Azienda Ulss 1 Dolomiti<br \/>\nDott.ssa Chizuru Deguchi Oculista Libero Professionista<br \/>\nDott. Marco Marzolo spec. in Medicina Interna Violoncello Dirigente Medico UO Medicina Interna Azienda Ulss 5 Polesana Master in Medicina Vascolare<\/p>\n<p>Di seguito il programma del concerto:<br \/>\nFrancesco Manfredini<br \/>\nSinfonia op 2 n 12<br \/>\n\u201ccon una Pastorale per il Santissimo Natale\u201d<\/p>\n<p>Arcangelo Corelli<br \/>\nConcerto Grosso op 6 n 8<br \/>\nfatto per la notte di Natale<\/p>\n<p>Giuseppe Torelli<br \/>\nConcerto a 4 op 8 n 6<br \/>\n\u201cin forma di Pastorale per il Santissimo Natale\u201d<\/p>\n<p>La cittadinanza \u00e8 invitata.<\/p>","protected":false},"excerpt":{"rendered":"<p>\u201cViaggio nella musica, la medicina dello spirito\u201d \u00e8 una rassegna di spettacoli coordinata dal circuito Arteven, sostenuta dalla Regione del Veneto con lo scopo di portare conforto nei luoghi di cura e che coinvolge 7 Ulss del Veneto le quali, fino alla fine del mese di dicembre, ospiteranno nelle proprie strutture concerti e cori. L\u2019obiettivo [&hellip;]<\/p>\n","protected":false},"author":2,"featured_media":0,"comment_status":"closed","ping_status":"open","sticky":false,"template":"","format":"standard","meta":{"footnotes":""},"categories":[27,3,25],"tags":[],"class_list":["post-110624","post","type-post","status-publish","format-standard","category-appuntamenti","category-arte-cultura-spettacoli-scienza-archivi","category-pausa-caffe"],"yoast_head":"<!-- This site is optimized with the Yoast SEO plugin v28.4 - https:\/\/yoast.com\/product\/yoast-seo-wordpress\/ -->\n<title>Concerto all&#039;ospedale San Martino di Belluno, luned\u00ec 23 dicembre - Bellunopress - Dolomiti<\/title>\n<meta name=\"robots\" content=\"index, follow, max-snippet:-1, max-image-preview:large, max-video-preview:-1\" \/>\n<link rel=\"canonical\" href=\"https:\/\/www.bellunopress.it\/fr\/2019\/12\/20\/concerto-allospedale-san-martino-di-belluno-lunedi-23-dicembre\/\" \/>\n<meta property=\"og:locale\" content=\"fr_FR\" \/>\n<meta property=\"og:type\" content=\"article\" \/>\n<meta property=\"og:title\" content=\"Concerto all&#039;ospedale San Martino di Belluno, luned\u00ec 23 dicembre - Bellunopress - Dolomiti\" \/>\n<meta property=\"og:description\" content=\"\u201cViaggio nella musica, la medicina dello spirito\u201d \u00e8 una rassegna di spettacoli coordinata dal circuito Arteven, sostenuta dalla Regione del Veneto con lo scopo di portare conforto nei luoghi di cura e che coinvolge 7 Ulss del Veneto le quali, fino alla fine del mese di dicembre, ospiteranno nelle proprie strutture concerti e cori. L\u2019obiettivo [&hellip;]\" \/>\n<meta property=\"og:url\" content=\"https:\/\/www.bellunopress.it\/fr\/2019\/12\/20\/concerto-allospedale-san-martino-di-belluno-lunedi-23-dicembre\/\" \/>\n<meta property=\"og:site_name\" content=\"Bellunopress - Dolomiti\" \/>\n<meta property=\"article:publisher\" content=\"https:\/\/www.facebook.com\/profile.php?id=100008943462799\" \/>\n<meta property=\"article:published_time\" content=\"2019-12-20T13:00:23+00:00\" \/>\n<meta property=\"og:image\" content=\"http:\/\/www.bellunopress.it\/wp-content\/uploads\/2014\/09\/musica.jpg\" \/>\n<meta name=\"author\" content=\"redazione\" \/>\n<meta name=\"twitter:card\" content=\"summary_large_image\" \/>\n<meta name=\"twitter:creator\" content=\"@bellunopress\" \/>\n<meta name=\"twitter:site\" content=\"@bellunopress\" \/>\n<meta name=\"twitter:label1\" content=\"Written by\" \/>\n\t<meta name=\"twitter:data1\" content=\"redazione\" \/>\n\t<meta name=\"twitter:label2\" content=\"Est. reading time\" \/>\n\t<meta name=\"twitter:data2\" content=\"3 minutes\" \/>\n<script type=\"application\/ld+json\" class=\"yoast-schema-graph\">{\"@context\":\"https:\\\/\\\/schema.org\",\"@graph\":[{\"@type\":\"Article\",\"@id\":\"https:\\\/\\\/www.bellunopress.it\\\/2019\\\/12\\\/20\\\/concerto-allospedale-san-martino-di-belluno-lunedi-23-dicembre\\\/#article\",\"isPartOf\":{\"@id\":\"https:\\\/\\\/www.bellunopress.it\\\/2019\\\/12\\\/20\\\/concerto-allospedale-san-martino-di-belluno-lunedi-23-dicembre\\\/\"},\"author\":{\"name\":\"redazione\",\"@id\":\"https:\\\/\\\/www.bellunopress.it\\\/#\\\/schema\\\/person\\\/79bb06722b37ece1c03d3e94beb30d73\"},\"headline\":\"Concerto all&#8217;ospedale San Martino di Belluno, luned\u00ec 23 dicembre\",\"datePublished\":\"2019-12-20T13:00:23+00:00\",\"mainEntityOfPage\":{\"@id\":\"https:\\\/\\\/www.bellunopress.it\\\/2019\\\/12\\\/20\\\/concerto-allospedale-san-martino-di-belluno-lunedi-23-dicembre\\\/\"},\"wordCount\":533,\"publisher\":{\"@id\":\"https:\\\/\\\/www.bellunopress.it\\\/#organization\"},\"image\":{\"@id\":\"https:\\\/\\\/www.bellunopress.it\\\/2019\\\/12\\\/20\\\/concerto-allospedale-san-martino-di-belluno-lunedi-23-dicembre\\\/#primaryimage\"},\"thumbnailUrl\":\"http:\\\/\\\/www.bellunopress.it\\\/wp-content\\\/uploads\\\/2014\\\/09\\\/musica.jpg\",\"articleSection\":[\"Appuntamenti, Eventi\",\"Arte, Cultura, Spettacoli, Scienza\",\"Pausa Caff\u00e8\"],\"inLanguage\":\"fr-FR\"},{\"@type\":\"WebPage\",\"@id\":\"https:\\\/\\\/www.bellunopress.it\\\/2019\\\/12\\\/20\\\/concerto-allospedale-san-martino-di-belluno-lunedi-23-dicembre\\\/\",\"url\":\"https:\\\/\\\/www.bellunopress.it\\\/2019\\\/12\\\/20\\\/concerto-allospedale-san-martino-di-belluno-lunedi-23-dicembre\\\/\",\"name\":\"Concerto all'ospedale San Martino di Belluno, luned\u00ec 23 dicembre - Bellunopress - Dolomiti\",\"isPartOf\":{\"@id\":\"https:\\\/\\\/www.bellunopress.it\\\/#website\"},\"primaryImageOfPage\":{\"@id\":\"https:\\\/\\\/www.bellunopress.it\\\/2019\\\/12\\\/20\\\/concerto-allospedale-san-martino-di-belluno-lunedi-23-dicembre\\\/#primaryimage\"},\"image\":{\"@id\":\"https:\\\/\\\/www.bellunopress.it\\\/2019\\\/12\\\/20\\\/concerto-allospedale-san-martino-di-belluno-lunedi-23-dicembre\\\/#primaryimage\"},\"thumbnailUrl\":\"http:\\\/\\\/www.bellunopress.it\\\/wp-content\\\/uploads\\\/2014\\\/09\\\/musica.jpg\",\"datePublished\":\"2019-12-20T13:00:23+00:00\",\"breadcrumb\":{\"@id\":\"https:\\\/\\\/www.bellunopress.it\\\/2019\\\/12\\\/20\\\/concerto-allospedale-san-martino-di-belluno-lunedi-23-dicembre\\\/#breadcrumb\"},\"inLanguage\":\"fr-FR\",\"potentialAction\":[{\"@type\":\"ReadAction\",\"target\":[\"https:\\\/\\\/www.bellunopress.it\\\/2019\\\/12\\\/20\\\/concerto-allospedale-san-martino-di-belluno-lunedi-23-dicembre\\\/\"]}]},{\"@type\":\"ImageObject\",\"inLanguage\":\"fr-FR\",\"@id\":\"https:\\\/\\\/www.bellunopress.it\\\/2019\\\/12\\\/20\\\/concerto-allospedale-san-martino-di-belluno-lunedi-23-dicembre\\\/#primaryimage\",\"url\":\"http:\\\/\\\/www.bellunopress.it\\\/wp-content\\\/uploads\\\/2014\\\/09\\\/musica.jpg\",\"contentUrl\":\"http:\\\/\\\/www.bellunopress.it\\\/wp-content\\\/uploads\\\/2014\\\/09\\\/musica.jpg\"},{\"@type\":\"BreadcrumbList\",\"@id\":\"https:\\\/\\\/www.bellunopress.it\\\/2019\\\/12\\\/20\\\/concerto-allospedale-san-martino-di-belluno-lunedi-23-dicembre\\\/#breadcrumb\",\"itemListElement\":[{\"@type\":\"ListItem\",\"position\":1,\"name\":\"Home\",\"item\":\"https:\\\/\\\/www.bellunopress.it\\\/\"},{\"@type\":\"ListItem\",\"position\":2,\"name\":\"Concerto all&#8217;ospedale San Martino di Belluno, luned\u00ec 23 dicembre\"}]},{\"@type\":\"WebSite\",\"@id\":\"https:\\\/\\\/www.bellunopress.it\\\/#website\",\"url\":\"https:\\\/\\\/www.bellunopress.it\\\/\",\"name\":\"Bellunopress - Dolomiti\",\"description\":\"e-mail: redazione@bellunopress.it\",\"publisher\":{\"@id\":\"https:\\\/\\\/www.bellunopress.it\\\/#organization\"},\"potentialAction\":[{\"@type\":\"SearchAction\",\"target\":{\"@type\":\"EntryPoint\",\"urlTemplate\":\"https:\\\/\\\/www.bellunopress.it\\\/?s={search_term_string}\"},\"query-input\":{\"@type\":\"PropertyValueSpecification\",\"valueRequired\":true,\"valueName\":\"search_term_string\"}}],\"inLanguage\":\"fr-FR\"},{\"@type\":\"Organization\",\"@id\":\"https:\\\/\\\/www.bellunopress.it\\\/#organization\",\"name\":\"Bellunopress\",\"url\":\"https:\\\/\\\/www.bellunopress.it\\\/\",\"logo\":{\"@type\":\"ImageObject\",\"inLanguage\":\"fr-FR\",\"@id\":\"https:\\\/\\\/www.bellunopress.it\\\/#\\\/schema\\\/logo\\\/image\\\/\",\"url\":\"https:\\\/\\\/www.bellunopress.it\\\/wp-content\\\/uploads\\\/2011\\\/05\\\/cropped-logo-bellunopress-.jpg\",\"contentUrl\":\"https:\\\/\\\/www.bellunopress.it\\\/wp-content\\\/uploads\\\/2011\\\/05\\\/cropped-logo-bellunopress-.jpg\",\"width\":512,\"height\":512,\"caption\":\"Bellunopress\"},\"image\":{\"@id\":\"https:\\\/\\\/www.bellunopress.it\\\/#\\\/schema\\\/logo\\\/image\\\/\"},\"sameAs\":[\"https:\\\/\\\/www.facebook.com\\\/profile.php?id=100008943462799\",\"https:\\\/\\\/x.com\\\/bellunopress\",\"https:\\\/\\\/www.linkedin.com\\\/hp\\\/?dnr=JBzUWaJfMUw8vbXJJ2tVW5-I3jZKvC4wsoxE&amp;amp;amp;amp;amp;amp;trk=nav_responsive_tab_home\",\"https:\\\/\\\/www.youtube.com\\\/channel\\\/UCxL0wu1uN0_3_7hGG0306cw\"]},{\"@type\":\"Person\",\"@id\":\"https:\\\/\\\/www.bellunopress.it\\\/#\\\/schema\\\/person\\\/79bb06722b37ece1c03d3e94beb30d73\",\"name\":\"redazione\",\"image\":{\"@type\":\"ImageObject\",\"inLanguage\":\"fr-FR\",\"@id\":\"https:\\\/\\\/secure.gravatar.com\\\/avatar\\\/37d968a2e67a6fd04c169c4bdef102d0bc5d31b2546345219e348575eb80e9a0?s=96&d=mm&r=g\",\"url\":\"https:\\\/\\\/secure.gravatar.com\\\/avatar\\\/37d968a2e67a6fd04c169c4bdef102d0bc5d31b2546345219e348575eb80e9a0?s=96&d=mm&r=g\",\"contentUrl\":\"https:\\\/\\\/secure.gravatar.com\\\/avatar\\\/37d968a2e67a6fd04c169c4bdef102d0bc5d31b2546345219e348575eb80e9a0?s=96&d=mm&r=g\",\"caption\":\"redazione\"},\"sameAs\":[\"http:\\\/\\\/www.bellunopress.it\",\"https:\\\/\\\/x.com\\\/bellunopress\"],\"url\":\"https:\\\/\\\/www.bellunopress.it\\\/fr\\\/author\\\/redazione\\\/\"}]}<\/script>\n<!-- \/ Yoast SEO plugin. -->","yoast_head_json":{"title":"Concerto all'ospedale San Martino di Belluno, luned\u00ec 23 dicembre - Bellunopress - Dolomiti","robots":{"index":"index","follow":"follow","max-snippet":"max-snippet:-1","max-image-preview":"max-image-preview:large","max-video-preview":"max-video-preview:-1"},"canonical":"https:\/\/www.bellunopress.it\/fr\/2019\/12\/20\/concerto-allospedale-san-martino-di-belluno-lunedi-23-dicembre\/","og_locale":"fr_FR","og_type":"article","og_title":"Concerto all'ospedale San Martino di Belluno, luned\u00ec 23 dicembre - Bellunopress - Dolomiti","og_description":"\u201cViaggio nella musica, la medicina dello spirito\u201d \u00e8 una rassegna di spettacoli coordinata dal circuito Arteven, sostenuta dalla Regione del Veneto con lo scopo di portare conforto nei luoghi di cura e che coinvolge 7 Ulss del Veneto le quali, fino alla fine del mese di dicembre, ospiteranno nelle proprie strutture concerti e cori. L\u2019obiettivo [&hellip;]","og_url":"https:\/\/www.bellunopress.it\/fr\/2019\/12\/20\/concerto-allospedale-san-martino-di-belluno-lunedi-23-dicembre\/","og_site_name":"Bellunopress - Dolomiti","article_publisher":"https:\/\/www.facebook.com\/profile.php?id=100008943462799","article_published_time":"2019-12-20T13:00:23+00:00","og_image":[{"url":"http:\/\/www.bellunopress.it\/wp-content\/uploads\/2014\/09\/musica.jpg","type":"","width":"","height":""}],"author":"redazione","twitter_card":"summary_large_image","twitter_creator":"@bellunopress","twitter_site":"@bellunopress","twitter_misc":{"Written by":"redazione","Est. reading time":"3 minutes"},"schema":{"@context":"https:\/\/schema.org","@graph":[{"@type":"Article","@id":"https:\/\/www.bellunopress.it\/2019\/12\/20\/concerto-allospedale-san-martino-di-belluno-lunedi-23-dicembre\/#article","isPartOf":{"@id":"https:\/\/www.bellunopress.it\/2019\/12\/20\/concerto-allospedale-san-martino-di-belluno-lunedi-23-dicembre\/"},"author":{"name":"redazione","@id":"https:\/\/www.bellunopress.it\/#\/schema\/person\/79bb06722b37ece1c03d3e94beb30d73"},"headline":"Concerto all&#8217;ospedale San Martino di Belluno, luned\u00ec 23 dicembre","datePublished":"2019-12-20T13:00:23+00:00","mainEntityOfPage":{"@id":"https:\/\/www.bellunopress.it\/2019\/12\/20\/concerto-allospedale-san-martino-di-belluno-lunedi-23-dicembre\/"},"wordCount":533,"publisher":{"@id":"https:\/\/www.bellunopress.it\/#organization"},"image":{"@id":"https:\/\/www.bellunopress.it\/2019\/12\/20\/concerto-allospedale-san-martino-di-belluno-lunedi-23-dicembre\/#primaryimage"},"thumbnailUrl":"http:\/\/www.bellunopress.it\/wp-content\/uploads\/2014\/09\/musica.jpg","articleSection":["Appuntamenti, Eventi","Arte, Cultura, Spettacoli, Scienza","Pausa Caff\u00e8"],"inLanguage":"fr-FR"},{"@type":"WebPage","@id":"https:\/\/www.bellunopress.it\/2019\/12\/20\/concerto-allospedale-san-martino-di-belluno-lunedi-23-dicembre\/","url":"https:\/\/www.bellunopress.it\/2019\/12\/20\/concerto-allospedale-san-martino-di-belluno-lunedi-23-dicembre\/","name":"Concerto all'ospedale San Martino di Belluno, luned\u00ec 23 dicembre - Bellunopress - Dolomiti","isPartOf":{"@id":"https:\/\/www.bellunopress.it\/#website"},"primaryImageOfPage":{"@id":"https:\/\/www.bellunopress.it\/2019\/12\/20\/concerto-allospedale-san-martino-di-belluno-lunedi-23-dicembre\/#primaryimage"},"image":{"@id":"https:\/\/www.bellunopress.it\/2019\/12\/20\/concerto-allospedale-san-martino-di-belluno-lunedi-23-dicembre\/#primaryimage"},"thumbnailUrl":"http:\/\/www.bellunopress.it\/wp-content\/uploads\/2014\/09\/musica.jpg","datePublished":"2019-12-20T13:00:23+00:00","breadcrumb":{"@id":"https:\/\/www.bellunopress.it\/2019\/12\/20\/concerto-allospedale-san-martino-di-belluno-lunedi-23-dicembre\/#breadcrumb"},"inLanguage":"fr-FR","potentialAction":[{"@type":"ReadAction","target":["https:\/\/www.bellunopress.it\/2019\/12\/20\/concerto-allospedale-san-martino-di-belluno-lunedi-23-dicembre\/"]}]},{"@type":"ImageObject","inLanguage":"fr-FR","@id":"https:\/\/www.bellunopress.it\/2019\/12\/20\/concerto-allospedale-san-martino-di-belluno-lunedi-23-dicembre\/#primaryimage","url":"http:\/\/www.bellunopress.it\/wp-content\/uploads\/2014\/09\/musica.jpg","contentUrl":"http:\/\/www.bellunopress.it\/wp-content\/uploads\/2014\/09\/musica.jpg"},{"@type":"BreadcrumbList","@id":"https:\/\/www.bellunopress.it\/2019\/12\/20\/concerto-allospedale-san-martino-di-belluno-lunedi-23-dicembre\/#breadcrumb","itemListElement":[{"@type":"ListItem","position":1,"name":"Home","item":"https:\/\/www.bellunopress.it\/"},{"@type":"ListItem","position":2,"name":"Concerto all&#8217;ospedale San Martino di Belluno, luned\u00ec 23 dicembre"}]},{"@type":"WebSite","@id":"https:\/\/www.bellunopress.it\/#website","url":"https:\/\/www.bellunopress.it\/","name":"Bellunopress - Dolomiti","description":"e-mail: redazione@bellunopress.it","publisher":{"@id":"https:\/\/www.bellunopress.it\/#organization"},"potentialAction":[{"@type":"SearchAction","target":{"@type":"EntryPoint","urlTemplate":"https:\/\/www.bellunopress.it\/?s={search_term_string}"},"query-input":{"@type":"PropertyValueSpecification","valueRequired":true,"valueName":"search_term_string"}}],"inLanguage":"fr-FR"},{"@type":"Organization","@id":"https:\/\/www.bellunopress.it\/#organization","name":"Bellunopress","url":"https:\/\/www.bellunopress.it\/","logo":{"@type":"ImageObject","inLanguage":"fr-FR","@id":"https:\/\/www.bellunopress.it\/#\/schema\/logo\/image\/","url":"https:\/\/www.bellunopress.it\/wp-content\/uploads\/2011\/05\/cropped-logo-bellunopress-.jpg","contentUrl":"https:\/\/www.bellunopress.it\/wp-content\/uploads\/2011\/05\/cropped-logo-bellunopress-.jpg","width":512,"height":512,"caption":"Bellunopress"},"image":{"@id":"https:\/\/www.bellunopress.it\/#\/schema\/logo\/image\/"},"sameAs":["https:\/\/www.facebook.com\/profile.php?id=100008943462799","https:\/\/x.com\/bellunopress","https:\/\/www.linkedin.com\/hp\/?dnr=JBzUWaJfMUw8vbXJJ2tVW5-I3jZKvC4wsoxE&amp;amp;amp;amp;amp;amp;trk=nav_responsive_tab_home","https:\/\/www.youtube.com\/channel\/UCxL0wu1uN0_3_7hGG0306cw"]},{"@type":"Person","@id":"https:\/\/www.bellunopress.it\/#\/schema\/person\/79bb06722b37ece1c03d3e94beb30d73","name":"r\u00e9daction","image":{"@type":"ImageObject","inLanguage":"fr-FR","@id":"https:\/\/secure.gravatar.com\/avatar\/37d968a2e67a6fd04c169c4bdef102d0bc5d31b2546345219e348575eb80e9a0?s=96&d=mm&r=g","url":"https:\/\/secure.gravatar.com\/avatar\/37d968a2e67a6fd04c169c4bdef102d0bc5d31b2546345219e348575eb80e9a0?s=96&d=mm&r=g","contentUrl":"https:\/\/secure.gravatar.com\/avatar\/37d968a2e67a6fd04c169c4bdef102d0bc5d31b2546345219e348575eb80e9a0?s=96&d=mm&r=g","caption":"redazione"},"sameAs":["http:\/\/www.bellunopress.it","https:\/\/x.com\/bellunopress"],"url":"https:\/\/www.bellunopress.it\/fr\/author\/redazione\/"}]}},"_links":{"self":[{"href":"https:\/\/www.bellunopress.it\/fr\/wp-json\/wp\/v2\/posts\/110624","targetHints":{"allow":["GET"]}}],"collection":[{"href":"https:\/\/www.bellunopress.it\/fr\/wp-json\/wp\/v2\/posts"}],"about":[{"href":"https:\/\/www.bellunopress.it\/fr\/wp-json\/wp\/v2\/types\/post"}],"author":[{"embeddable":true,"href":"https:\/\/www.bellunopress.it\/fr\/wp-json\/wp\/v2\/users\/2"}],"replies":[{"embeddable":true,"href":"https:\/\/www.bellunopress.it\/fr\/wp-json\/wp\/v2\/comments?post=110624"}],"version-history":[{"count":1,"href":"https:\/\/www.bellunopress.it\/fr\/wp-json\/wp\/v2\/posts\/110624\/revisions"}],"predecessor-version":[{"id":110625,"href":"https:\/\/www.bellunopress.it\/fr\/wp-json\/wp\/v2\/posts\/110624\/revisions\/110625"}],"wp:attachment":[{"href":"https:\/\/www.bellunopress.it\/fr\/wp-json\/wp\/v2\/media?parent=110624"}],"wp:term":[{"taxonomy":"category","embeddable":true,"href":"https:\/\/www.bellunopress.it\/fr\/wp-json\/wp\/v2\/categories?post=110624"},{"taxonomy":"post_tag","embeddable":true,"href":"https:\/\/www.bellunopress.it\/fr\/wp-json\/wp\/v2\/tags?post=110624"}],"curies":[{"name":"wp","href":"https:\/\/api.w.org\/{rel}","templated":true}]}}