{"id":110620,"date":"2019-12-20T13:52:31","date_gmt":"2019-12-20T12:52:31","guid":{"rendered":"http:\/\/www.bellunopress.it\/?p=110620"},"modified":"2019-12-20T13:52:32","modified_gmt":"2019-12-20T12:52:32","slug":"lassessore-alla-gestione-del-territorio-del-comune-di-feltre-adis-zatta-nominato-nel-comitato-nazionale-di-vigilanza-e-controllo-sulla-gestione-dei-rifiuti-raee","status":"publish","type":"post","link":"https:\/\/www.bellunopress.it\/fr\/2019\/12\/20\/lassessore-alla-gestione-del-territorio-del-comune-di-feltre-adis-zatta-nominato-nel-comitato-nazionale-di-vigilanza-e-controllo-sulla-gestione-dei-rifiuti-raee\/","title":{"rendered":"L\u2019assessore alla Gestione del Territorio del Comune di Feltre Adis Zatta nominato nel Comitato nazionale di Vigilanza e controllo sulla gestione dei rifiuti Raee"},"content":{"rendered":"<p><a href=\"http:\/\/www.bellunopress.it\/fr\/2019\/12\/20\/lassessore-alla-gestione-del-territorio-del-comune-di-feltre-adis-zatta-nominato-nel-comitato-nazionale-di-vigilanza-e-controllo-sulla-gestione-dei-rifiuti-raee\/adis-zatta-2\/\" rel=\"attachment wp-att-110621\"><img loading=\"lazy\" decoding=\"async\" class=\"alignleft size-full wp-image-110621\" src=\"http:\/\/www.bellunopress.it\/wp-content\/uploads\/2019\/12\/Adis-Zatta-2.jpg\" alt=\"\" width=\"239\" height=\"300\" \/><\/a>Feltre fa\u2026scuola.\u00a0 Verrebbe da dire cos\u00ec alla luce della notizia arrivata in queste ore da Roma. L\u2019assessore alla Gestione del Territorio (e alla raccolta differenziata dei rifiuti) Adis Zatta \u00e8 stato infatti nominato quale rappresentante della Conferenza Unificata (l\u2019organismo che raccoglie le rappresentanze degli enti locali) in seno al Comitato di Vigilanza e controllo sulla gestione dei rifiuti di apparecchiature elettriche ed elettroniche, delle pile e accumulatori e dei relativi rifiuti (RAEE).<br \/>\nUn incarico che deriva certamente dall\u2019esperienza personale dell\u2019assessore Zatta, anche nell\u2019ambito di ANCI e ANCI Giovani, ma parzialmente anche dalla sua attivit\u00e0 nella gestione delle problematiche relative alla raccolta differenziata e allo smaltimento dei rifiuti in questi anni nel territorio comunale di Feltre e come presidente del Consiglio di Bacino Dolomiti.<\/p>\n<p>\u201cNon posso che essere felice e orgoglioso della notizia che \u00e8 arrivata in queste ore da Roma, commenta Zatta, per la quale il mio ringraziamento va in primis al presidente dell\u2019ANCI nazionale Antonio Decaro e al vicepresidente vicario Roberto Pella, oltre che alla struttura della stessa Associazione dei Comuni Italiani. Il riconoscimento che giunge dal decreto di nomina a firma del ministro Boccia \u00e8 un attestato di stima nei miei confronti, ma ancor prima di un territorio, quello di Feltre, che da tempo \u00e8 impegnato nell\u2019attuazione di politiche ambientali improntate alla green economy e al tema dell\u2019economia circolare. Affronter\u00f2 il nuovo impegno con lo spirito che da sempre mi muove nell\u2019operare per bene comune, all\u2019insegna della responsabilit\u00e0 e dell\u2019attenzione al territorio e al futuro delle nostre comunit\u00e0 locali\u201d, conclude Zatta.<\/p>","protected":false},"excerpt":{"rendered":"<p>Feltre fa\u2026scuola.\u00a0 Verrebbe da dire cos\u00ec alla luce della notizia arrivata in queste ore da Roma. L\u2019assessore alla Gestione del Territorio (e alla raccolta differenziata dei rifiuti) Adis Zatta \u00e8 stato infatti nominato quale rappresentante della Conferenza Unificata (l\u2019organismo che raccoglie le rappresentanze degli enti locali) in seno al Comitato di Vigilanza e controllo sulla [&hellip;]<\/p>\n","protected":false},"author":2,"featured_media":0,"comment_status":"closed","ping_status":"open","sticky":false,"template":"","format":"standard","meta":{"footnotes":""},"categories":[5,26],"tags":[],"class_list":["post-110620","post","type-post","status-publish","format-standard","category-cronaca","category-prima-pagina"],"yoast_head":"<!-- This site is optimized with the Yoast SEO plugin v28.4 - https:\/\/yoast.com\/product\/yoast-seo-wordpress\/ -->\n<title>L\u2019assessore alla Gestione del Territorio del Comune di Feltre Adis Zatta nominato nel Comitato nazionale di Vigilanza e controllo sulla gestione dei rifiuti Raee - Bellunopress - Dolomiti<\/title>\n<meta name=\"robots\" content=\"index, follow, max-snippet:-1, max-image-preview:large, max-video-preview:-1\" \/>\n<link rel=\"canonical\" href=\"https:\/\/www.bellunopress.it\/fr\/2019\/12\/20\/lassessore-alla-gestione-del-territorio-del-comune-di-feltre-adis-zatta-nominato-nel-comitato-nazionale-di-vigilanza-e-controllo-sulla-gestione-dei-rifiuti-raee\/\" \/>\n<meta property=\"og:locale\" content=\"fr_FR\" \/>\n<meta property=\"og:type\" content=\"article\" \/>\n<meta property=\"og:title\" content=\"L\u2019assessore alla Gestione del Territorio del Comune di Feltre Adis Zatta nominato nel Comitato nazionale di Vigilanza e controllo sulla gestione dei rifiuti Raee - Bellunopress - Dolomiti\" \/>\n<meta property=\"og:description\" content=\"Feltre fa\u2026scuola.\u00a0 Verrebbe da dire cos\u00ec alla luce della notizia arrivata in queste ore da Roma. L\u2019assessore alla Gestione del Territorio (e alla raccolta differenziata dei rifiuti) Adis Zatta \u00e8 stato infatti nominato quale rappresentante della Conferenza Unificata (l\u2019organismo che raccoglie le rappresentanze degli enti locali) in seno al Comitato di Vigilanza e controllo sulla [&hellip;]\" \/>\n<meta property=\"og:url\" content=\"https:\/\/www.bellunopress.it\/fr\/2019\/12\/20\/lassessore-alla-gestione-del-territorio-del-comune-di-feltre-adis-zatta-nominato-nel-comitato-nazionale-di-vigilanza-e-controllo-sulla-gestione-dei-rifiuti-raee\/\" \/>\n<meta property=\"og:site_name\" content=\"Bellunopress - Dolomiti\" \/>\n<meta property=\"article:publisher\" content=\"https:\/\/www.facebook.com\/profile.php?id=100008943462799\" \/>\n<meta property=\"article:published_time\" content=\"2019-12-20T12:52:31+00:00\" \/>\n<meta property=\"article:modified_time\" content=\"2019-12-20T12:52:32+00:00\" \/>\n<meta property=\"og:image\" content=\"http:\/\/www.bellunopress.it\/wp-content\/uploads\/2019\/12\/Adis-Zatta-2.jpg\" \/>\n<meta name=\"author\" content=\"redazione\" \/>\n<meta name=\"twitter:card\" content=\"summary_large_image\" \/>\n<meta name=\"twitter:creator\" content=\"@bellunopress\" \/>\n<meta name=\"twitter:site\" content=\"@bellunopress\" \/>\n<meta name=\"twitter:label1\" content=\"\u00c9crit par\" \/>\n\t<meta name=\"twitter:data1\" content=\"redazione\" \/>\n\t<meta name=\"twitter:label2\" content=\"Dur\u00e9e de lecture estim\u00e9e\" \/>\n\t<meta name=\"twitter:data2\" content=\"1 minute\" \/>\n<script type=\"application\/ld+json\" class=\"yoast-schema-graph\">{\"@context\":\"https:\\\/\\\/schema.org\",\"@graph\":[{\"@type\":\"Article\",\"@id\":\"https:\\\/\\\/www.bellunopress.it\\\/2019\\\/12\\\/20\\\/lassessore-alla-gestione-del-territorio-del-comune-di-feltre-adis-zatta-nominato-nel-comitato-nazionale-di-vigilanza-e-controllo-sulla-gestione-dei-rifiuti-raee\\\/#article\",\"isPartOf\":{\"@id\":\"https:\\\/\\\/www.bellunopress.it\\\/2019\\\/12\\\/20\\\/lassessore-alla-gestione-del-territorio-del-comune-di-feltre-adis-zatta-nominato-nel-comitato-nazionale-di-vigilanza-e-controllo-sulla-gestione-dei-rifiuti-raee\\\/\"},\"author\":{\"name\":\"redazione\",\"@id\":\"https:\\\/\\\/www.bellunopress.it\\\/#\\\/schema\\\/person\\\/79bb06722b37ece1c03d3e94beb30d73\"},\"headline\":\"L\u2019assessore alla Gestione del Territorio del Comune di Feltre Adis Zatta nominato nel Comitato nazionale di Vigilanza e controllo sulla gestione dei rifiuti Raee\",\"datePublished\":\"2019-12-20T12:52:31+00:00\",\"dateModified\":\"2019-12-20T12:52:32+00:00\",\"mainEntityOfPage\":{\"@id\":\"https:\\\/\\\/www.bellunopress.it\\\/2019\\\/12\\\/20\\\/lassessore-alla-gestione-del-territorio-del-comune-di-feltre-adis-zatta-nominato-nel-comitato-nazionale-di-vigilanza-e-controllo-sulla-gestione-dei-rifiuti-raee\\\/\"},\"wordCount\":286,\"publisher\":{\"@id\":\"https:\\\/\\\/www.bellunopress.it\\\/#organization\"},\"image\":{\"@id\":\"https:\\\/\\\/www.bellunopress.it\\\/2019\\\/12\\\/20\\\/lassessore-alla-gestione-del-territorio-del-comune-di-feltre-adis-zatta-nominato-nel-comitato-nazionale-di-vigilanza-e-controllo-sulla-gestione-dei-rifiuti-raee\\\/#primaryimage\"},\"thumbnailUrl\":\"http:\\\/\\\/www.bellunopress.it\\\/wp-content\\\/uploads\\\/2019\\\/12\\\/Adis-Zatta-2.jpg\",\"articleSection\":[\"Cronaca\\\/Politica\",\"Prima Pagina\"],\"inLanguage\":\"fr-FR\"},{\"@type\":\"WebPage\",\"@id\":\"https:\\\/\\\/www.bellunopress.it\\\/2019\\\/12\\\/20\\\/lassessore-alla-gestione-del-territorio-del-comune-di-feltre-adis-zatta-nominato-nel-comitato-nazionale-di-vigilanza-e-controllo-sulla-gestione-dei-rifiuti-raee\\\/\",\"url\":\"https:\\\/\\\/www.bellunopress.it\\\/2019\\\/12\\\/20\\\/lassessore-alla-gestione-del-territorio-del-comune-di-feltre-adis-zatta-nominato-nel-comitato-nazionale-di-vigilanza-e-controllo-sulla-gestione-dei-rifiuti-raee\\\/\",\"name\":\"L\u2019assessore alla Gestione del Territorio del Comune di Feltre Adis Zatta nominato nel Comitato nazionale di Vigilanza e controllo sulla gestione dei rifiuti Raee - Bellunopress - Dolomiti\",\"isPartOf\":{\"@id\":\"https:\\\/\\\/www.bellunopress.it\\\/#website\"},\"primaryImageOfPage\":{\"@id\":\"https:\\\/\\\/www.bellunopress.it\\\/2019\\\/12\\\/20\\\/lassessore-alla-gestione-del-territorio-del-comune-di-feltre-adis-zatta-nominato-nel-comitato-nazionale-di-vigilanza-e-controllo-sulla-gestione-dei-rifiuti-raee\\\/#primaryimage\"},\"image\":{\"@id\":\"https:\\\/\\\/www.bellunopress.it\\\/2019\\\/12\\\/20\\\/lassessore-alla-gestione-del-territorio-del-comune-di-feltre-adis-zatta-nominato-nel-comitato-nazionale-di-vigilanza-e-controllo-sulla-gestione-dei-rifiuti-raee\\\/#primaryimage\"},\"thumbnailUrl\":\"http:\\\/\\\/www.bellunopress.it\\\/wp-content\\\/uploads\\\/2019\\\/12\\\/Adis-Zatta-2.jpg\",\"datePublished\":\"2019-12-20T12:52:31+00:00\",\"dateModified\":\"2019-12-20T12:52:32+00:00\",\"breadcrumb\":{\"@id\":\"https:\\\/\\\/www.bellunopress.it\\\/2019\\\/12\\\/20\\\/lassessore-alla-gestione-del-territorio-del-comune-di-feltre-adis-zatta-nominato-nel-comitato-nazionale-di-vigilanza-e-controllo-sulla-gestione-dei-rifiuti-raee\\\/#breadcrumb\"},\"inLanguage\":\"fr-FR\",\"potentialAction\":[{\"@type\":\"ReadAction\",\"target\":[\"https:\\\/\\\/www.bellunopress.it\\\/2019\\\/12\\\/20\\\/lassessore-alla-gestione-del-territorio-del-comune-di-feltre-adis-zatta-nominato-nel-comitato-nazionale-di-vigilanza-e-controllo-sulla-gestione-dei-rifiuti-raee\\\/\"]}]},{\"@type\":\"ImageObject\",\"inLanguage\":\"fr-FR\",\"@id\":\"https:\\\/\\\/www.bellunopress.it\\\/2019\\\/12\\\/20\\\/lassessore-alla-gestione-del-territorio-del-comune-di-feltre-adis-zatta-nominato-nel-comitato-nazionale-di-vigilanza-e-controllo-sulla-gestione-dei-rifiuti-raee\\\/#primaryimage\",\"url\":\"http:\\\/\\\/www.bellunopress.it\\\/wp-content\\\/uploads\\\/2019\\\/12\\\/Adis-Zatta-2.jpg\",\"contentUrl\":\"http:\\\/\\\/www.bellunopress.it\\\/wp-content\\\/uploads\\\/2019\\\/12\\\/Adis-Zatta-2.jpg\"},{\"@type\":\"BreadcrumbList\",\"@id\":\"https:\\\/\\\/www.bellunopress.it\\\/2019\\\/12\\\/20\\\/lassessore-alla-gestione-del-territorio-del-comune-di-feltre-adis-zatta-nominato-nel-comitato-nazionale-di-vigilanza-e-controllo-sulla-gestione-dei-rifiuti-raee\\\/#breadcrumb\",\"itemListElement\":[{\"@type\":\"ListItem\",\"position\":1,\"name\":\"Home\",\"item\":\"https:\\\/\\\/www.bellunopress.it\\\/\"},{\"@type\":\"ListItem\",\"position\":2,\"name\":\"L\u2019assessore alla Gestione del Territorio del Comune di Feltre Adis Zatta nominato nel Comitato nazionale di Vigilanza e controllo sulla gestione dei rifiuti Raee\"}]},{\"@type\":\"WebSite\",\"@id\":\"https:\\\/\\\/www.bellunopress.it\\\/#website\",\"url\":\"https:\\\/\\\/www.bellunopress.it\\\/\",\"name\":\"Bellunopress - Dolomiti\",\"description\":\"e-mail: redazione@bellunopress.it\",\"publisher\":{\"@id\":\"https:\\\/\\\/www.bellunopress.it\\\/#organization\"},\"potentialAction\":[{\"@type\":\"SearchAction\",\"target\":{\"@type\":\"EntryPoint\",\"urlTemplate\":\"https:\\\/\\\/www.bellunopress.it\\\/?s={search_term_string}\"},\"query-input\":{\"@type\":\"PropertyValueSpecification\",\"valueRequired\":true,\"valueName\":\"search_term_string\"}}],\"inLanguage\":\"fr-FR\"},{\"@type\":\"Organization\",\"@id\":\"https:\\\/\\\/www.bellunopress.it\\\/#organization\",\"name\":\"Bellunopress\",\"url\":\"https:\\\/\\\/www.bellunopress.it\\\/\",\"logo\":{\"@type\":\"ImageObject\",\"inLanguage\":\"fr-FR\",\"@id\":\"https:\\\/\\\/www.bellunopress.it\\\/#\\\/schema\\\/logo\\\/image\\\/\",\"url\":\"https:\\\/\\\/www.bellunopress.it\\\/wp-content\\\/uploads\\\/2011\\\/05\\\/cropped-logo-bellunopress-.jpg\",\"contentUrl\":\"https:\\\/\\\/www.bellunopress.it\\\/wp-content\\\/uploads\\\/2011\\\/05\\\/cropped-logo-bellunopress-.jpg\",\"width\":512,\"height\":512,\"caption\":\"Bellunopress\"},\"image\":{\"@id\":\"https:\\\/\\\/www.bellunopress.it\\\/#\\\/schema\\\/logo\\\/image\\\/\"},\"sameAs\":[\"https:\\\/\\\/www.facebook.com\\\/profile.php?id=100008943462799\",\"https:\\\/\\\/x.com\\\/bellunopress\",\"https:\\\/\\\/www.linkedin.com\\\/hp\\\/?dnr=JBzUWaJfMUw8vbXJJ2tVW5-I3jZKvC4wsoxE&amp;amp;amp;amp;amp;amp;trk=nav_responsive_tab_home\",\"https:\\\/\\\/www.youtube.com\\\/channel\\\/UCxL0wu1uN0_3_7hGG0306cw\"]},{\"@type\":\"Person\",\"@id\":\"https:\\\/\\\/www.bellunopress.it\\\/#\\\/schema\\\/person\\\/79bb06722b37ece1c03d3e94beb30d73\",\"name\":\"redazione\",\"image\":{\"@type\":\"ImageObject\",\"inLanguage\":\"fr-FR\",\"@id\":\"https:\\\/\\\/secure.gravatar.com\\\/avatar\\\/37d968a2e67a6fd04c169c4bdef102d0bc5d31b2546345219e348575eb80e9a0?s=96&d=mm&r=g\",\"url\":\"https:\\\/\\\/secure.gravatar.com\\\/avatar\\\/37d968a2e67a6fd04c169c4bdef102d0bc5d31b2546345219e348575eb80e9a0?s=96&d=mm&r=g\",\"contentUrl\":\"https:\\\/\\\/secure.gravatar.com\\\/avatar\\\/37d968a2e67a6fd04c169c4bdef102d0bc5d31b2546345219e348575eb80e9a0?s=96&d=mm&r=g\",\"caption\":\"redazione\"},\"sameAs\":[\"http:\\\/\\\/www.bellunopress.it\",\"https:\\\/\\\/x.com\\\/bellunopress\"],\"url\":\"https:\\\/\\\/www.bellunopress.it\\\/fr\\\/author\\\/redazione\\\/\"}]}<\/script>\n<!-- \/ Yoast SEO plugin. -->","yoast_head_json":{"title":"L\u2019assessore alla Gestione del Territorio del Comune di Feltre Adis Zatta nominato nel Comitato nazionale di Vigilanza e controllo sulla gestione dei rifiuti Raee - Bellunopress - Dolomiti","robots":{"index":"index","follow":"follow","max-snippet":"max-snippet:-1","max-image-preview":"max-image-preview:large","max-video-preview":"max-video-preview:-1"},"canonical":"https:\/\/www.bellunopress.it\/fr\/2019\/12\/20\/lassessore-alla-gestione-del-territorio-del-comune-di-feltre-adis-zatta-nominato-nel-comitato-nazionale-di-vigilanza-e-controllo-sulla-gestione-dei-rifiuti-raee\/","og_locale":"fr_FR","og_type":"article","og_title":"L\u2019assessore alla Gestione del Territorio del Comune di Feltre Adis Zatta nominato nel Comitato nazionale di Vigilanza e controllo sulla gestione dei rifiuti Raee - Bellunopress - Dolomiti","og_description":"Feltre fa\u2026scuola.\u00a0 Verrebbe da dire cos\u00ec alla luce della notizia arrivata in queste ore da Roma. L\u2019assessore alla Gestione del Territorio (e alla raccolta differenziata dei rifiuti) Adis Zatta \u00e8 stato infatti nominato quale rappresentante della Conferenza Unificata (l\u2019organismo che raccoglie le rappresentanze degli enti locali) in seno al Comitato di Vigilanza e controllo sulla [&hellip;]","og_url":"https:\/\/www.bellunopress.it\/fr\/2019\/12\/20\/lassessore-alla-gestione-del-territorio-del-comune-di-feltre-adis-zatta-nominato-nel-comitato-nazionale-di-vigilanza-e-controllo-sulla-gestione-dei-rifiuti-raee\/","og_site_name":"Bellunopress - Dolomiti","article_publisher":"https:\/\/www.facebook.com\/profile.php?id=100008943462799","article_published_time":"2019-12-20T12:52:31+00:00","article_modified_time":"2019-12-20T12:52:32+00:00","og_image":[{"url":"http:\/\/www.bellunopress.it\/wp-content\/uploads\/2019\/12\/Adis-Zatta-2.jpg","type":"","width":"","height":""}],"author":"redazione","twitter_card":"summary_large_image","twitter_creator":"@bellunopress","twitter_site":"@bellunopress","twitter_misc":{"\u00c9crit par":"redazione","Dur\u00e9e de lecture estim\u00e9e":"1 minute"},"schema":{"@context":"https:\/\/schema.org","@graph":[{"@type":"Article","@id":"https:\/\/www.bellunopress.it\/2019\/12\/20\/lassessore-alla-gestione-del-territorio-del-comune-di-feltre-adis-zatta-nominato-nel-comitato-nazionale-di-vigilanza-e-controllo-sulla-gestione-dei-rifiuti-raee\/#article","isPartOf":{"@id":"https:\/\/www.bellunopress.it\/2019\/12\/20\/lassessore-alla-gestione-del-territorio-del-comune-di-feltre-adis-zatta-nominato-nel-comitato-nazionale-di-vigilanza-e-controllo-sulla-gestione-dei-rifiuti-raee\/"},"author":{"name":"redazione","@id":"https:\/\/www.bellunopress.it\/#\/schema\/person\/79bb06722b37ece1c03d3e94beb30d73"},"headline":"L\u2019assessore alla Gestione del Territorio del Comune di Feltre Adis Zatta nominato nel Comitato nazionale di Vigilanza e controllo sulla gestione dei rifiuti Raee","datePublished":"2019-12-20T12:52:31+00:00","dateModified":"2019-12-20T12:52:32+00:00","mainEntityOfPage":{"@id":"https:\/\/www.bellunopress.it\/2019\/12\/20\/lassessore-alla-gestione-del-territorio-del-comune-di-feltre-adis-zatta-nominato-nel-comitato-nazionale-di-vigilanza-e-controllo-sulla-gestione-dei-rifiuti-raee\/"},"wordCount":286,"publisher":{"@id":"https:\/\/www.bellunopress.it\/#organization"},"image":{"@id":"https:\/\/www.bellunopress.it\/2019\/12\/20\/lassessore-alla-gestione-del-territorio-del-comune-di-feltre-adis-zatta-nominato-nel-comitato-nazionale-di-vigilanza-e-controllo-sulla-gestione-dei-rifiuti-raee\/#primaryimage"},"thumbnailUrl":"http:\/\/www.bellunopress.it\/wp-content\/uploads\/2019\/12\/Adis-Zatta-2.jpg","articleSection":["Cronaca\/Politica","Prima Pagina"],"inLanguage":"fr-FR"},{"@type":"WebPage","@id":"https:\/\/www.bellunopress.it\/2019\/12\/20\/lassessore-alla-gestione-del-territorio-del-comune-di-feltre-adis-zatta-nominato-nel-comitato-nazionale-di-vigilanza-e-controllo-sulla-gestione-dei-rifiuti-raee\/","url":"https:\/\/www.bellunopress.it\/2019\/12\/20\/lassessore-alla-gestione-del-territorio-del-comune-di-feltre-adis-zatta-nominato-nel-comitato-nazionale-di-vigilanza-e-controllo-sulla-gestione-dei-rifiuti-raee\/","name":"L\u2019assessore alla Gestione del Territorio del Comune di Feltre Adis Zatta nominato nel Comitato nazionale di Vigilanza e controllo sulla gestione dei rifiuti Raee - Bellunopress - Dolomiti","isPartOf":{"@id":"https:\/\/www.bellunopress.it\/#website"},"primaryImageOfPage":{"@id":"https:\/\/www.bellunopress.it\/2019\/12\/20\/lassessore-alla-gestione-del-territorio-del-comune-di-feltre-adis-zatta-nominato-nel-comitato-nazionale-di-vigilanza-e-controllo-sulla-gestione-dei-rifiuti-raee\/#primaryimage"},"image":{"@id":"https:\/\/www.bellunopress.it\/2019\/12\/20\/lassessore-alla-gestione-del-territorio-del-comune-di-feltre-adis-zatta-nominato-nel-comitato-nazionale-di-vigilanza-e-controllo-sulla-gestione-dei-rifiuti-raee\/#primaryimage"},"thumbnailUrl":"http:\/\/www.bellunopress.it\/wp-content\/uploads\/2019\/12\/Adis-Zatta-2.jpg","datePublished":"2019-12-20T12:52:31+00:00","dateModified":"2019-12-20T12:52:32+00:00","breadcrumb":{"@id":"https:\/\/www.bellunopress.it\/2019\/12\/20\/lassessore-alla-gestione-del-territorio-del-comune-di-feltre-adis-zatta-nominato-nel-comitato-nazionale-di-vigilanza-e-controllo-sulla-gestione-dei-rifiuti-raee\/#breadcrumb"},"inLanguage":"fr-FR","potentialAction":[{"@type":"ReadAction","target":["https:\/\/www.bellunopress.it\/2019\/12\/20\/lassessore-alla-gestione-del-territorio-del-comune-di-feltre-adis-zatta-nominato-nel-comitato-nazionale-di-vigilanza-e-controllo-sulla-gestione-dei-rifiuti-raee\/"]}]},{"@type":"ImageObject","inLanguage":"fr-FR","@id":"https:\/\/www.bellunopress.it\/2019\/12\/20\/lassessore-alla-gestione-del-territorio-del-comune-di-feltre-adis-zatta-nominato-nel-comitato-nazionale-di-vigilanza-e-controllo-sulla-gestione-dei-rifiuti-raee\/#primaryimage","url":"http:\/\/www.bellunopress.it\/wp-content\/uploads\/2019\/12\/Adis-Zatta-2.jpg","contentUrl":"http:\/\/www.bellunopress.it\/wp-content\/uploads\/2019\/12\/Adis-Zatta-2.jpg"},{"@type":"BreadcrumbList","@id":"https:\/\/www.bellunopress.it\/2019\/12\/20\/lassessore-alla-gestione-del-territorio-del-comune-di-feltre-adis-zatta-nominato-nel-comitato-nazionale-di-vigilanza-e-controllo-sulla-gestione-dei-rifiuti-raee\/#breadcrumb","itemListElement":[{"@type":"ListItem","position":1,"name":"Home","item":"https:\/\/www.bellunopress.it\/"},{"@type":"ListItem","position":2,"name":"L\u2019assessore alla Gestione del Territorio del Comune di Feltre Adis Zatta nominato nel Comitato nazionale di Vigilanza e controllo sulla gestione dei rifiuti Raee"}]},{"@type":"WebSite","@id":"https:\/\/www.bellunopress.it\/#website","url":"https:\/\/www.bellunopress.it\/","name":"Bellunopress - Dolomiti","description":"e-mail: redazione@bellunopress.it","publisher":{"@id":"https:\/\/www.bellunopress.it\/#organization"},"potentialAction":[{"@type":"SearchAction","target":{"@type":"EntryPoint","urlTemplate":"https:\/\/www.bellunopress.it\/?s={search_term_string}"},"query-input":{"@type":"PropertyValueSpecification","valueRequired":true,"valueName":"search_term_string"}}],"inLanguage":"fr-FR"},{"@type":"Organization","@id":"https:\/\/www.bellunopress.it\/#organization","name":"Bellunopress","url":"https:\/\/www.bellunopress.it\/","logo":{"@type":"ImageObject","inLanguage":"fr-FR","@id":"https:\/\/www.bellunopress.it\/#\/schema\/logo\/image\/","url":"https:\/\/www.bellunopress.it\/wp-content\/uploads\/2011\/05\/cropped-logo-bellunopress-.jpg","contentUrl":"https:\/\/www.bellunopress.it\/wp-content\/uploads\/2011\/05\/cropped-logo-bellunopress-.jpg","width":512,"height":512,"caption":"Bellunopress"},"image":{"@id":"https:\/\/www.bellunopress.it\/#\/schema\/logo\/image\/"},"sameAs":["https:\/\/www.facebook.com\/profile.php?id=100008943462799","https:\/\/x.com\/bellunopress","https:\/\/www.linkedin.com\/hp\/?dnr=JBzUWaJfMUw8vbXJJ2tVW5-I3jZKvC4wsoxE&amp;amp;amp;amp;amp;amp;trk=nav_responsive_tab_home","https:\/\/www.youtube.com\/channel\/UCxL0wu1uN0_3_7hGG0306cw"]},{"@type":"Person","@id":"https:\/\/www.bellunopress.it\/#\/schema\/person\/79bb06722b37ece1c03d3e94beb30d73","name":"r\u00e9daction","image":{"@type":"ImageObject","inLanguage":"fr-FR","@id":"https:\/\/secure.gravatar.com\/avatar\/37d968a2e67a6fd04c169c4bdef102d0bc5d31b2546345219e348575eb80e9a0?s=96&d=mm&r=g","url":"https:\/\/secure.gravatar.com\/avatar\/37d968a2e67a6fd04c169c4bdef102d0bc5d31b2546345219e348575eb80e9a0?s=96&d=mm&r=g","contentUrl":"https:\/\/secure.gravatar.com\/avatar\/37d968a2e67a6fd04c169c4bdef102d0bc5d31b2546345219e348575eb80e9a0?s=96&d=mm&r=g","caption":"redazione"},"sameAs":["http:\/\/www.bellunopress.it","https:\/\/x.com\/bellunopress"],"url":"https:\/\/www.bellunopress.it\/fr\/author\/redazione\/"}]}},"_links":{"self":[{"href":"https:\/\/www.bellunopress.it\/fr\/wp-json\/wp\/v2\/posts\/110620","targetHints":{"allow":["GET"]}}],"collection":[{"href":"https:\/\/www.bellunopress.it\/fr\/wp-json\/wp\/v2\/posts"}],"about":[{"href":"https:\/\/www.bellunopress.it\/fr\/wp-json\/wp\/v2\/types\/post"}],"author":[{"embeddable":true,"href":"https:\/\/www.bellunopress.it\/fr\/wp-json\/wp\/v2\/users\/2"}],"replies":[{"embeddable":true,"href":"https:\/\/www.bellunopress.it\/fr\/wp-json\/wp\/v2\/comments?post=110620"}],"version-history":[{"count":2,"href":"https:\/\/www.bellunopress.it\/fr\/wp-json\/wp\/v2\/posts\/110620\/revisions"}],"predecessor-version":[{"id":110623,"href":"https:\/\/www.bellunopress.it\/fr\/wp-json\/wp\/v2\/posts\/110620\/revisions\/110623"}],"wp:attachment":[{"href":"https:\/\/www.bellunopress.it\/fr\/wp-json\/wp\/v2\/media?parent=110620"}],"wp:term":[{"taxonomy":"category","embeddable":true,"href":"https:\/\/www.bellunopress.it\/fr\/wp-json\/wp\/v2\/categories?post=110620"},{"taxonomy":"post_tag","embeddable":true,"href":"https:\/\/www.bellunopress.it\/fr\/wp-json\/wp\/v2\/tags?post=110620"}],"curies":[{"name":"wp","href":"https:\/\/api.w.org\/{rel}","templated":true}]}}