{"id":110609,"date":"2019-12-19T12:48:58","date_gmt":"2019-12-19T11:48:58","guid":{"rendered":"http:\/\/www.bellunopress.it\/?p=110609"},"modified":"2019-12-19T19:00:02","modified_gmt":"2019-12-19T18:00:02","slug":"consegnato-il-ricavato-della-25ma-edizione-del-giro-del-lago-di-santa-croce","status":"publish","type":"post","link":"https:\/\/www.bellunopress.it\/fr\/2019\/12\/19\/consegnato-il-ricavato-della-25ma-edizione-del-giro-del-lago-di-santa-croce\/","title":{"rendered":"Consegnato il ricavato della 25ma edizione del Giro del Lago di Santa Croce"},"content":{"rendered":"<p><a href=\"http:\/\/www.bellunopress.it\/fr\/2019\/12\/19\/consegnato-il-ricavato-della-25ma-edizione-del-giro-del-lago-di-santa-croce\/paolo-coleselli-ennio-soccal-antonio-barattin-giro-del-lago\/\" rel=\"attachment wp-att-110610\"><img loading=\"lazy\" decoding=\"async\" class=\"alignleft size-full wp-image-110610\" src=\"http:\/\/www.bellunopress.it\/wp-content\/uploads\/2019\/12\/Paolo-Coleselli-Ennio-Soccal-Antonio-Barattin-Giro-del-lago.jpg\" alt=\"\" width=\"300\" height=\"168\" \/><\/a>Il 2019 del comitato Alpago 2 ruote &amp; solidariet\u00e0 si chiude con la consegna ufficiale del ricavato della 25.ma edizione del Giro del Lago di Santa Croce all&#8217;Associazione Cucchini e alla Via di Natale, le due realt\u00e0 che sono un punto di riferimento nell&#8217;assistenza al malati oncologici e ai loro familiari, con le quali da tempo il comitato collabora.<\/p>\n<p>Complessivamente alle due associazioni sono andati 35.343 euro, vale a dire 17.671,5 euro a testa. \u00c8 questo il ricavato dell&#8217;evento andato in scena lo scorso agosto, un evento che ha fatto registrare il record di partecipazione, richiamando ben 5.049 concorrenti tra ciclisti, podisti e pattinatori. La consegna \u00e8 avvenuta marted\u00ec 17 dicembre, nella sede della Cucchini, a Belluno.<\/p>\n<p>\u00ab\u00c8 il modo migliore per chiudere quest&#8217;annata cos\u00ec intensa che ci ha visto celebrare, con una partecipazione mai vista, l&#8217;edizione del quarto di secolo\u00bb ha affermato Ennio Soccal, presidente del Comitato Alpago 2 ruote &amp; solidariet\u00e0 nel consegnare l&#8217;assegno a Paolo Colleselli, presidente dell&#8217;associazione Cucchini, e ad Antonio Barattin, rappresentante della Via di Natale. \u00abGrazie \u00e8 la parola che voglio dire a ognuno dei partecipanti, arrivati da diverse regioni italiane, a ognuno dei tanti volontari che hanno collaborato al Giro del Lago e agli sponsor, grazie al sostegno dei quali riusciamo a devolvere l&#8217;intero ricavato delle iscrizioni a Cucchini e Via di Natale\u00bb. \u00abSiamo gi\u00e0 al lavoro per l&#8217;edizione del 2020\u00bb ha detto ancora Soccal. \u00abL&#8217;appuntamento \u00e8 per domenica 16 agosto\u00bb.<\/p>\n<p>\u00abUn ringraziamento davvero sentito agli organizzatori del Giro\u00bb ha detto Paolo Colleselli, presidente della Cucchini. \u00abAssistenza, consegna degli ausili e formazione sono i pilastri della nostra attivit\u00e0, attivit\u00e0 resa possibile dalle tante donazioni, come quella del Giro del Lago\u00bb.<\/p>\n<p>\u00abGrazie al Comitato Alpago 2 ruote &amp; solidariet\u00e0, per quello che avete fatto ma anche per quello che, sono sicuro, saprete fare in futuro\u00bb cos\u00ec Antonio Barattin. \u00abIl legame tra l&#8217;Alpago, il Giro e la Via di Natale \u00e8 fortissimo. Per la Via di Natale \u00e8 indispensabile perch\u00e9 vive di soli contributi privati\u00bb.<\/p>\n<p>\u00abInsieme si possono ottenere grandi cose\u00bb ha detto Paolo Capraro, in rappresentanza del Centro servizi volontariato. \u00abInsieme \u00e8 la parola chiave per eventi come il Giro ma pi\u00f9 in generale per guardare al futuro del nostro territorio, un territorio bellissimo ma che rischia di essere sempre pi\u00f9 periferico\u00bb<\/p>\n<p>\u00abLo sport pu\u00f2 contribuire a risolvere le difficolt\u00e0 del tessuto sociale\u00bb ha affermato il presidente di Aics Belluno, Davide Capponi. \u00abSostenere iniziative di questo tipo \u00e8 doveroso\u00bb.<\/p>\n<p>Nella foto: \u00a0da sx Paolo Coleselli &#8211; Ennio Soccal &#8211; Antonio Barattin<\/p>\n<p><strong>I vincitori di &#8220;Sport &amp; Solidariet\u00e0&#8221;, il concorso fotografico legato al Giro del Lago di Santa Croce<\/strong><\/p>\n<p>Marted\u00ec 17 dicembre, accanto alla consegna del ricavato del Giro del Lago di Santa Croce all&#8217;Associazione Cucchini di Belluno e alla Via di Natale di Aviano, il Comitato Alpago 2 ruote &amp; solidariet\u00e0 ha premiato anche i vincitori del concorso fotografico &#8220;Sport &amp; Solidariet\u00e0&#8221;, proposto in occasione della 25.ma edizione.<\/p>\n<p>A vincere \u00e8 stata l&#8217;immagine dal titolo &#8220;Goal!&#8221;, scattata da Lucia Petti di Siena. Secondo posto per il bellunese Emanuel Chiesura, con la fotografia &#8220;Mototerapia&#8221;, terzo per Mario Vazza, anch&#8217;egli bellunese, con &#8220;Qualcuno con cui correre&#8221;.<br \/>\nAi tre vincitori sono andati dei prodotti tecnici offerti da Vitec Imaging Solutions (marchi Manfrotto, JOBY e Lowepro).<\/p>\n<p>Prima classificata: LUCIA PETTI di Murlo, Siena<br \/>\nTitolo dell&#8217;opera: Goal!<br \/>\nLa fotografia \u00e8 stata scelta e premiata come prima classificata perch\u00e9 mette in rilievo come lo sport spesso possa essere realmente solidariet\u00e0, intesa come capacit\u00e0 di superare insieme limiti e ostacoli. Oltre al tema, ai componenti la giuria \u00e8 piaciuta molto anche la composizione della foto, composta nella linea verticale.<\/p>\n<p>Seconda classificata: EMANUEL CHIESURA di Ponte nelle Alpi, Belluno<br \/>\nTitolo dell&#8217;opera: Mototerapia<br \/>\nLa fotografia \u00e8 stata scelta e premiata come seconda classificata sia per il corretto uso della tecnica fotografica del &#8220;panning&#8221; che per la composizione impeccabile nella griglia dei terzi fa di questa foto un immagine molto equilibrata. Nello scatto si trasforma un sport tradizionalmente solitario come il motociclismo in un&#8217;attivit\u00e0 di coppia che permette anche ai pi\u00f9 piccoli e alle persone con disabilit\u00e0 di provare le emozioni di questo sport<\/p>\n<p>Terza classificata: MARIO VAZZA, di Belluno<br \/>\nTitolo dell&#8217;opera: Qualcuno con cui correre<br \/>\nLa foto \u00e8 stata scelta e premiata per il messaggio metaforico e il paesaggio: lo sport, e in questo caso particolare proprio il Giro del Lago di Santa Croce, come unione tra persone, sport e generazioni diverse, con l&#8217;adulto che &#8220;guida&#8221; il bambino, sostenendolo e aiutandolo nella scoperta della strada giusta.<\/p>\n<p>&nbsp;<\/p>\n<p>&nbsp;<\/p>\n<p>&nbsp;<\/p>","protected":false},"excerpt":{"rendered":"<p>Il 2019 del comitato Alpago 2 ruote &amp; solidariet\u00e0 si chiude con la consegna ufficiale del ricavato della 25.ma edizione del Giro del Lago di Santa Croce all&#8217;Associazione Cucchini e alla Via di Natale, le due realt\u00e0 che sono un punto di riferimento nell&#8217;assistenza al malati oncologici e ai loro familiari, con le quali da [&hellip;]<\/p>\n","protected":false},"author":2,"featured_media":0,"comment_status":"closed","ping_status":"open","sticky":false,"template":"","format":"standard","meta":{"footnotes":""},"categories":[26,8,4],"tags":[],"class_list":["post-110609","post","type-post","status-publish","format-standard","category-prima-pagina","category-societa-istituzioni","category-sport"],"yoast_head":"<!-- This site is optimized with the Yoast SEO plugin v28.4 - https:\/\/yoast.com\/product\/yoast-seo-wordpress\/ -->\n<title>Consegnato il ricavato della 25ma edizione del Giro del Lago di Santa Croce - Bellunopress - Dolomiti<\/title>\n<meta name=\"robots\" content=\"index, follow, max-snippet:-1, max-image-preview:large, max-video-preview:-1\" \/>\n<link rel=\"canonical\" href=\"https:\/\/www.bellunopress.it\/fr\/2019\/12\/19\/consegnato-il-ricavato-della-25ma-edizione-del-giro-del-lago-di-santa-croce\/\" \/>\n<meta property=\"og:locale\" content=\"fr_FR\" \/>\n<meta property=\"og:type\" content=\"article\" \/>\n<meta property=\"og:title\" content=\"Consegnato il ricavato della 25ma edizione del Giro del Lago di Santa Croce - Bellunopress - Dolomiti\" \/>\n<meta property=\"og:description\" content=\"Il 2019 del comitato Alpago 2 ruote &amp; solidariet\u00e0 si chiude con la consegna ufficiale del ricavato della 25.ma edizione del Giro del Lago di Santa Croce all&#8217;Associazione Cucchini e alla Via di Natale, le due realt\u00e0 che sono un punto di riferimento nell&#8217;assistenza al malati oncologici e ai loro familiari, con le quali da [&hellip;]\" \/>\n<meta property=\"og:url\" content=\"https:\/\/www.bellunopress.it\/fr\/2019\/12\/19\/consegnato-il-ricavato-della-25ma-edizione-del-giro-del-lago-di-santa-croce\/\" \/>\n<meta property=\"og:site_name\" content=\"Bellunopress - Dolomiti\" \/>\n<meta property=\"article:publisher\" content=\"https:\/\/www.facebook.com\/profile.php?id=100008943462799\" \/>\n<meta property=\"article:published_time\" content=\"2019-12-19T11:48:58+00:00\" \/>\n<meta property=\"article:modified_time\" content=\"2019-12-19T18:00:02+00:00\" \/>\n<meta property=\"og:image\" content=\"http:\/\/www.bellunopress.it\/wp-content\/uploads\/2019\/12\/Paolo-Coleselli-Ennio-Soccal-Antonio-Barattin-Giro-del-lago.jpg\" \/>\n<meta name=\"author\" content=\"redazione\" \/>\n<meta name=\"twitter:card\" content=\"summary_large_image\" \/>\n<meta name=\"twitter:creator\" content=\"@bellunopress\" \/>\n<meta name=\"twitter:site\" content=\"@bellunopress\" \/>\n<meta name=\"twitter:label1\" content=\"Written by\" \/>\n\t<meta name=\"twitter:data1\" content=\"redazione\" \/>\n\t<meta name=\"twitter:label2\" content=\"Est. reading time\" \/>\n\t<meta name=\"twitter:data2\" content=\"4 minutes\" \/>\n<script type=\"application\/ld+json\" class=\"yoast-schema-graph\">{\"@context\":\"https:\\\/\\\/schema.org\",\"@graph\":[{\"@type\":\"Article\",\"@id\":\"https:\\\/\\\/www.bellunopress.it\\\/2019\\\/12\\\/19\\\/consegnato-il-ricavato-della-25ma-edizione-del-giro-del-lago-di-santa-croce\\\/#article\",\"isPartOf\":{\"@id\":\"https:\\\/\\\/www.bellunopress.it\\\/2019\\\/12\\\/19\\\/consegnato-il-ricavato-della-25ma-edizione-del-giro-del-lago-di-santa-croce\\\/\"},\"author\":{\"name\":\"redazione\",\"@id\":\"https:\\\/\\\/www.bellunopress.it\\\/#\\\/schema\\\/person\\\/79bb06722b37ece1c03d3e94beb30d73\"},\"headline\":\"Consegnato il ricavato della 25ma edizione del Giro del Lago di Santa Croce\",\"datePublished\":\"2019-12-19T11:48:58+00:00\",\"dateModified\":\"2019-12-19T18:00:02+00:00\",\"mainEntityOfPage\":{\"@id\":\"https:\\\/\\\/www.bellunopress.it\\\/2019\\\/12\\\/19\\\/consegnato-il-ricavato-della-25ma-edizione-del-giro-del-lago-di-santa-croce\\\/\"},\"wordCount\":752,\"publisher\":{\"@id\":\"https:\\\/\\\/www.bellunopress.it\\\/#organization\"},\"image\":{\"@id\":\"https:\\\/\\\/www.bellunopress.it\\\/2019\\\/12\\\/19\\\/consegnato-il-ricavato-della-25ma-edizione-del-giro-del-lago-di-santa-croce\\\/#primaryimage\"},\"thumbnailUrl\":\"http:\\\/\\\/www.bellunopress.it\\\/wp-content\\\/uploads\\\/2019\\\/12\\\/Paolo-Coleselli-Ennio-Soccal-Antonio-Barattin-Giro-del-lago.jpg\",\"articleSection\":[\"Prima Pagina\",\"Societ\u00e0, Associazioni, Istituzioni\",\"Sport, tempo libero\"],\"inLanguage\":\"fr-FR\"},{\"@type\":\"WebPage\",\"@id\":\"https:\\\/\\\/www.bellunopress.it\\\/2019\\\/12\\\/19\\\/consegnato-il-ricavato-della-25ma-edizione-del-giro-del-lago-di-santa-croce\\\/\",\"url\":\"https:\\\/\\\/www.bellunopress.it\\\/2019\\\/12\\\/19\\\/consegnato-il-ricavato-della-25ma-edizione-del-giro-del-lago-di-santa-croce\\\/\",\"name\":\"Consegnato il ricavato della 25ma edizione del Giro del Lago di Santa Croce - Bellunopress - Dolomiti\",\"isPartOf\":{\"@id\":\"https:\\\/\\\/www.bellunopress.it\\\/#website\"},\"primaryImageOfPage\":{\"@id\":\"https:\\\/\\\/www.bellunopress.it\\\/2019\\\/12\\\/19\\\/consegnato-il-ricavato-della-25ma-edizione-del-giro-del-lago-di-santa-croce\\\/#primaryimage\"},\"image\":{\"@id\":\"https:\\\/\\\/www.bellunopress.it\\\/2019\\\/12\\\/19\\\/consegnato-il-ricavato-della-25ma-edizione-del-giro-del-lago-di-santa-croce\\\/#primaryimage\"},\"thumbnailUrl\":\"http:\\\/\\\/www.bellunopress.it\\\/wp-content\\\/uploads\\\/2019\\\/12\\\/Paolo-Coleselli-Ennio-Soccal-Antonio-Barattin-Giro-del-lago.jpg\",\"datePublished\":\"2019-12-19T11:48:58+00:00\",\"dateModified\":\"2019-12-19T18:00:02+00:00\",\"breadcrumb\":{\"@id\":\"https:\\\/\\\/www.bellunopress.it\\\/2019\\\/12\\\/19\\\/consegnato-il-ricavato-della-25ma-edizione-del-giro-del-lago-di-santa-croce\\\/#breadcrumb\"},\"inLanguage\":\"fr-FR\",\"potentialAction\":[{\"@type\":\"ReadAction\",\"target\":[\"https:\\\/\\\/www.bellunopress.it\\\/2019\\\/12\\\/19\\\/consegnato-il-ricavato-della-25ma-edizione-del-giro-del-lago-di-santa-croce\\\/\"]}]},{\"@type\":\"ImageObject\",\"inLanguage\":\"fr-FR\",\"@id\":\"https:\\\/\\\/www.bellunopress.it\\\/2019\\\/12\\\/19\\\/consegnato-il-ricavato-della-25ma-edizione-del-giro-del-lago-di-santa-croce\\\/#primaryimage\",\"url\":\"http:\\\/\\\/www.bellunopress.it\\\/wp-content\\\/uploads\\\/2019\\\/12\\\/Paolo-Coleselli-Ennio-Soccal-Antonio-Barattin-Giro-del-lago.jpg\",\"contentUrl\":\"http:\\\/\\\/www.bellunopress.it\\\/wp-content\\\/uploads\\\/2019\\\/12\\\/Paolo-Coleselli-Ennio-Soccal-Antonio-Barattin-Giro-del-lago.jpg\"},{\"@type\":\"BreadcrumbList\",\"@id\":\"https:\\\/\\\/www.bellunopress.it\\\/2019\\\/12\\\/19\\\/consegnato-il-ricavato-della-25ma-edizione-del-giro-del-lago-di-santa-croce\\\/#breadcrumb\",\"itemListElement\":[{\"@type\":\"ListItem\",\"position\":1,\"name\":\"Home\",\"item\":\"https:\\\/\\\/www.bellunopress.it\\\/\"},{\"@type\":\"ListItem\",\"position\":2,\"name\":\"Consegnato il ricavato della 25ma edizione del Giro del Lago di Santa Croce\"}]},{\"@type\":\"WebSite\",\"@id\":\"https:\\\/\\\/www.bellunopress.it\\\/#website\",\"url\":\"https:\\\/\\\/www.bellunopress.it\\\/\",\"name\":\"Bellunopress - Dolomiti\",\"description\":\"e-mail: redazione@bellunopress.it\",\"publisher\":{\"@id\":\"https:\\\/\\\/www.bellunopress.it\\\/#organization\"},\"potentialAction\":[{\"@type\":\"SearchAction\",\"target\":{\"@type\":\"EntryPoint\",\"urlTemplate\":\"https:\\\/\\\/www.bellunopress.it\\\/?s={search_term_string}\"},\"query-input\":{\"@type\":\"PropertyValueSpecification\",\"valueRequired\":true,\"valueName\":\"search_term_string\"}}],\"inLanguage\":\"fr-FR\"},{\"@type\":\"Organization\",\"@id\":\"https:\\\/\\\/www.bellunopress.it\\\/#organization\",\"name\":\"Bellunopress\",\"url\":\"https:\\\/\\\/www.bellunopress.it\\\/\",\"logo\":{\"@type\":\"ImageObject\",\"inLanguage\":\"fr-FR\",\"@id\":\"https:\\\/\\\/www.bellunopress.it\\\/#\\\/schema\\\/logo\\\/image\\\/\",\"url\":\"https:\\\/\\\/www.bellunopress.it\\\/wp-content\\\/uploads\\\/2011\\\/05\\\/cropped-logo-bellunopress-.jpg\",\"contentUrl\":\"https:\\\/\\\/www.bellunopress.it\\\/wp-content\\\/uploads\\\/2011\\\/05\\\/cropped-logo-bellunopress-.jpg\",\"width\":512,\"height\":512,\"caption\":\"Bellunopress\"},\"image\":{\"@id\":\"https:\\\/\\\/www.bellunopress.it\\\/#\\\/schema\\\/logo\\\/image\\\/\"},\"sameAs\":[\"https:\\\/\\\/www.facebook.com\\\/profile.php?id=100008943462799\",\"https:\\\/\\\/x.com\\\/bellunopress\",\"https:\\\/\\\/www.linkedin.com\\\/hp\\\/?dnr=JBzUWaJfMUw8vbXJJ2tVW5-I3jZKvC4wsoxE&amp;amp;amp;amp;amp;amp;trk=nav_responsive_tab_home\",\"https:\\\/\\\/www.youtube.com\\\/channel\\\/UCxL0wu1uN0_3_7hGG0306cw\"]},{\"@type\":\"Person\",\"@id\":\"https:\\\/\\\/www.bellunopress.it\\\/#\\\/schema\\\/person\\\/79bb06722b37ece1c03d3e94beb30d73\",\"name\":\"redazione\",\"image\":{\"@type\":\"ImageObject\",\"inLanguage\":\"fr-FR\",\"@id\":\"https:\\\/\\\/secure.gravatar.com\\\/avatar\\\/37d968a2e67a6fd04c169c4bdef102d0bc5d31b2546345219e348575eb80e9a0?s=96&d=mm&r=g\",\"url\":\"https:\\\/\\\/secure.gravatar.com\\\/avatar\\\/37d968a2e67a6fd04c169c4bdef102d0bc5d31b2546345219e348575eb80e9a0?s=96&d=mm&r=g\",\"contentUrl\":\"https:\\\/\\\/secure.gravatar.com\\\/avatar\\\/37d968a2e67a6fd04c169c4bdef102d0bc5d31b2546345219e348575eb80e9a0?s=96&d=mm&r=g\",\"caption\":\"redazione\"},\"sameAs\":[\"http:\\\/\\\/www.bellunopress.it\",\"https:\\\/\\\/x.com\\\/bellunopress\"],\"url\":\"https:\\\/\\\/www.bellunopress.it\\\/fr\\\/author\\\/redazione\\\/\"}]}<\/script>\n<!-- \/ Yoast SEO plugin. -->","yoast_head_json":{"title":"Consegnato il ricavato della 25ma edizione del Giro del Lago di Santa Croce - Bellunopress - Dolomiti","robots":{"index":"index","follow":"follow","max-snippet":"max-snippet:-1","max-image-preview":"max-image-preview:large","max-video-preview":"max-video-preview:-1"},"canonical":"https:\/\/www.bellunopress.it\/fr\/2019\/12\/19\/consegnato-il-ricavato-della-25ma-edizione-del-giro-del-lago-di-santa-croce\/","og_locale":"fr_FR","og_type":"article","og_title":"Consegnato il ricavato della 25ma edizione del Giro del Lago di Santa Croce - Bellunopress - Dolomiti","og_description":"Il 2019 del comitato Alpago 2 ruote &amp; solidariet\u00e0 si chiude con la consegna ufficiale del ricavato della 25.ma edizione del Giro del Lago di Santa Croce all&#8217;Associazione Cucchini e alla Via di Natale, le due realt\u00e0 che sono un punto di riferimento nell&#8217;assistenza al malati oncologici e ai loro familiari, con le quali da [&hellip;]","og_url":"https:\/\/www.bellunopress.it\/fr\/2019\/12\/19\/consegnato-il-ricavato-della-25ma-edizione-del-giro-del-lago-di-santa-croce\/","og_site_name":"Bellunopress - Dolomiti","article_publisher":"https:\/\/www.facebook.com\/profile.php?id=100008943462799","article_published_time":"2019-12-19T11:48:58+00:00","article_modified_time":"2019-12-19T18:00:02+00:00","og_image":[{"url":"http:\/\/www.bellunopress.it\/wp-content\/uploads\/2019\/12\/Paolo-Coleselli-Ennio-Soccal-Antonio-Barattin-Giro-del-lago.jpg","type":"","width":"","height":""}],"author":"redazione","twitter_card":"summary_large_image","twitter_creator":"@bellunopress","twitter_site":"@bellunopress","twitter_misc":{"Written by":"redazione","Est. reading time":"4 minutes"},"schema":{"@context":"https:\/\/schema.org","@graph":[{"@type":"Article","@id":"https:\/\/www.bellunopress.it\/2019\/12\/19\/consegnato-il-ricavato-della-25ma-edizione-del-giro-del-lago-di-santa-croce\/#article","isPartOf":{"@id":"https:\/\/www.bellunopress.it\/2019\/12\/19\/consegnato-il-ricavato-della-25ma-edizione-del-giro-del-lago-di-santa-croce\/"},"author":{"name":"redazione","@id":"https:\/\/www.bellunopress.it\/#\/schema\/person\/79bb06722b37ece1c03d3e94beb30d73"},"headline":"Consegnato il ricavato della 25ma edizione del Giro del Lago di Santa Croce","datePublished":"2019-12-19T11:48:58+00:00","dateModified":"2019-12-19T18:00:02+00:00","mainEntityOfPage":{"@id":"https:\/\/www.bellunopress.it\/2019\/12\/19\/consegnato-il-ricavato-della-25ma-edizione-del-giro-del-lago-di-santa-croce\/"},"wordCount":752,"publisher":{"@id":"https:\/\/www.bellunopress.it\/#organization"},"image":{"@id":"https:\/\/www.bellunopress.it\/2019\/12\/19\/consegnato-il-ricavato-della-25ma-edizione-del-giro-del-lago-di-santa-croce\/#primaryimage"},"thumbnailUrl":"http:\/\/www.bellunopress.it\/wp-content\/uploads\/2019\/12\/Paolo-Coleselli-Ennio-Soccal-Antonio-Barattin-Giro-del-lago.jpg","articleSection":["Prima Pagina","Societ\u00e0, Associazioni, Istituzioni","Sport, tempo libero"],"inLanguage":"fr-FR"},{"@type":"WebPage","@id":"https:\/\/www.bellunopress.it\/2019\/12\/19\/consegnato-il-ricavato-della-25ma-edizione-del-giro-del-lago-di-santa-croce\/","url":"https:\/\/www.bellunopress.it\/2019\/12\/19\/consegnato-il-ricavato-della-25ma-edizione-del-giro-del-lago-di-santa-croce\/","name":"Consegnato il ricavato della 25ma edizione del Giro del Lago di Santa Croce - Bellunopress - Dolomiti","isPartOf":{"@id":"https:\/\/www.bellunopress.it\/#website"},"primaryImageOfPage":{"@id":"https:\/\/www.bellunopress.it\/2019\/12\/19\/consegnato-il-ricavato-della-25ma-edizione-del-giro-del-lago-di-santa-croce\/#primaryimage"},"image":{"@id":"https:\/\/www.bellunopress.it\/2019\/12\/19\/consegnato-il-ricavato-della-25ma-edizione-del-giro-del-lago-di-santa-croce\/#primaryimage"},"thumbnailUrl":"http:\/\/www.bellunopress.it\/wp-content\/uploads\/2019\/12\/Paolo-Coleselli-Ennio-Soccal-Antonio-Barattin-Giro-del-lago.jpg","datePublished":"2019-12-19T11:48:58+00:00","dateModified":"2019-12-19T18:00:02+00:00","breadcrumb":{"@id":"https:\/\/www.bellunopress.it\/2019\/12\/19\/consegnato-il-ricavato-della-25ma-edizione-del-giro-del-lago-di-santa-croce\/#breadcrumb"},"inLanguage":"fr-FR","potentialAction":[{"@type":"ReadAction","target":["https:\/\/www.bellunopress.it\/2019\/12\/19\/consegnato-il-ricavato-della-25ma-edizione-del-giro-del-lago-di-santa-croce\/"]}]},{"@type":"ImageObject","inLanguage":"fr-FR","@id":"https:\/\/www.bellunopress.it\/2019\/12\/19\/consegnato-il-ricavato-della-25ma-edizione-del-giro-del-lago-di-santa-croce\/#primaryimage","url":"http:\/\/www.bellunopress.it\/wp-content\/uploads\/2019\/12\/Paolo-Coleselli-Ennio-Soccal-Antonio-Barattin-Giro-del-lago.jpg","contentUrl":"http:\/\/www.bellunopress.it\/wp-content\/uploads\/2019\/12\/Paolo-Coleselli-Ennio-Soccal-Antonio-Barattin-Giro-del-lago.jpg"},{"@type":"BreadcrumbList","@id":"https:\/\/www.bellunopress.it\/2019\/12\/19\/consegnato-il-ricavato-della-25ma-edizione-del-giro-del-lago-di-santa-croce\/#breadcrumb","itemListElement":[{"@type":"ListItem","position":1,"name":"Home","item":"https:\/\/www.bellunopress.it\/"},{"@type":"ListItem","position":2,"name":"Consegnato il ricavato della 25ma edizione del Giro del Lago di Santa Croce"}]},{"@type":"WebSite","@id":"https:\/\/www.bellunopress.it\/#website","url":"https:\/\/www.bellunopress.it\/","name":"Bellunopress - Dolomiti","description":"e-mail: redazione@bellunopress.it","publisher":{"@id":"https:\/\/www.bellunopress.it\/#organization"},"potentialAction":[{"@type":"SearchAction","target":{"@type":"EntryPoint","urlTemplate":"https:\/\/www.bellunopress.it\/?s={search_term_string}"},"query-input":{"@type":"PropertyValueSpecification","valueRequired":true,"valueName":"search_term_string"}}],"inLanguage":"fr-FR"},{"@type":"Organization","@id":"https:\/\/www.bellunopress.it\/#organization","name":"Bellunopress","url":"https:\/\/www.bellunopress.it\/","logo":{"@type":"ImageObject","inLanguage":"fr-FR","@id":"https:\/\/www.bellunopress.it\/#\/schema\/logo\/image\/","url":"https:\/\/www.bellunopress.it\/wp-content\/uploads\/2011\/05\/cropped-logo-bellunopress-.jpg","contentUrl":"https:\/\/www.bellunopress.it\/wp-content\/uploads\/2011\/05\/cropped-logo-bellunopress-.jpg","width":512,"height":512,"caption":"Bellunopress"},"image":{"@id":"https:\/\/www.bellunopress.it\/#\/schema\/logo\/image\/"},"sameAs":["https:\/\/www.facebook.com\/profile.php?id=100008943462799","https:\/\/x.com\/bellunopress","https:\/\/www.linkedin.com\/hp\/?dnr=JBzUWaJfMUw8vbXJJ2tVW5-I3jZKvC4wsoxE&amp;amp;amp;amp;amp;amp;trk=nav_responsive_tab_home","https:\/\/www.youtube.com\/channel\/UCxL0wu1uN0_3_7hGG0306cw"]},{"@type":"Person","@id":"https:\/\/www.bellunopress.it\/#\/schema\/person\/79bb06722b37ece1c03d3e94beb30d73","name":"r\u00e9daction","image":{"@type":"ImageObject","inLanguage":"fr-FR","@id":"https:\/\/secure.gravatar.com\/avatar\/37d968a2e67a6fd04c169c4bdef102d0bc5d31b2546345219e348575eb80e9a0?s=96&d=mm&r=g","url":"https:\/\/secure.gravatar.com\/avatar\/37d968a2e67a6fd04c169c4bdef102d0bc5d31b2546345219e348575eb80e9a0?s=96&d=mm&r=g","contentUrl":"https:\/\/secure.gravatar.com\/avatar\/37d968a2e67a6fd04c169c4bdef102d0bc5d31b2546345219e348575eb80e9a0?s=96&d=mm&r=g","caption":"redazione"},"sameAs":["http:\/\/www.bellunopress.it","https:\/\/x.com\/bellunopress"],"url":"https:\/\/www.bellunopress.it\/fr\/author\/redazione\/"}]}},"_links":{"self":[{"href":"https:\/\/www.bellunopress.it\/fr\/wp-json\/wp\/v2\/posts\/110609","targetHints":{"allow":["GET"]}}],"collection":[{"href":"https:\/\/www.bellunopress.it\/fr\/wp-json\/wp\/v2\/posts"}],"about":[{"href":"https:\/\/www.bellunopress.it\/fr\/wp-json\/wp\/v2\/types\/post"}],"author":[{"embeddable":true,"href":"https:\/\/www.bellunopress.it\/fr\/wp-json\/wp\/v2\/users\/2"}],"replies":[{"embeddable":true,"href":"https:\/\/www.bellunopress.it\/fr\/wp-json\/wp\/v2\/comments?post=110609"}],"version-history":[{"count":2,"href":"https:\/\/www.bellunopress.it\/fr\/wp-json\/wp\/v2\/posts\/110609\/revisions"}],"predecessor-version":[{"id":110612,"href":"https:\/\/www.bellunopress.it\/fr\/wp-json\/wp\/v2\/posts\/110609\/revisions\/110612"}],"wp:attachment":[{"href":"https:\/\/www.bellunopress.it\/fr\/wp-json\/wp\/v2\/media?parent=110609"}],"wp:term":[{"taxonomy":"category","embeddable":true,"href":"https:\/\/www.bellunopress.it\/fr\/wp-json\/wp\/v2\/categories?post=110609"},{"taxonomy":"post_tag","embeddable":true,"href":"https:\/\/www.bellunopress.it\/fr\/wp-json\/wp\/v2\/tags?post=110609"}],"curies":[{"name":"wp","href":"https:\/\/api.w.org\/{rel}","templated":true}]}}