{"id":110599,"date":"2019-12-19T18:21:18","date_gmt":"2019-12-19T17:21:18","guid":{"rendered":"http:\/\/www.bellunopress.it\/?p=110599"},"modified":"2019-12-19T18:21:18","modified_gmt":"2019-12-19T17:21:18","slug":"farmacia-di-pieve-dalpago-il-sindaco-soccal-rassicura-nessuna-esternalizzazione","status":"publish","type":"post","link":"https:\/\/www.bellunopress.it\/fr\/2019\/12\/19\/farmacia-di-pieve-dalpago-il-sindaco-soccal-rassicura-nessuna-esternalizzazione\/","title":{"rendered":"Farmacia di Pieve d&#8217;Alpago. il sindaco Soccal rassicura: &#8220;Nessuna esternalizzazione&#8221;"},"content":{"rendered":"<figure id=\"attachment_110306\" aria-describedby=\"caption-attachment-110306\" style=\"width: 223px\" class=\"wp-caption alignleft\"><a href=\"http:\/\/www.bellunopress.it\/fr\/2019\/12\/09\/inaugurato-al-municipio-di-puos-il-nuovo-sportello-spazio-alpago\/umberto-soccal-sindaco-alpago\/\" rel=\"attachment wp-att-110306\"><img loading=\"lazy\" decoding=\"async\" class=\"size-full wp-image-110306\" src=\"http:\/\/www.bellunopress.it\/wp-content\/uploads\/2019\/12\/Umberto-Soccal-sindaco-Alpago.jpg\" alt=\"\" width=\"223\" height=\"289\" \/><\/a><figcaption id=\"caption-attachment-110306\" class=\"wp-caption-text\">Umberto Soccal &#8211; Sindaco Alpago<\/figcaption><\/figure>\n<p align=\"LEFT\">\u201c<span style=\"font-size: large;\">Non \u00e8 mia abitudine rispondere sulla stampa o sui social alle polemiche strumentali o alle provocazioni (perch\u00e9 di questo si tratta in questo caso) del consigliere Bortoluzzi; l\u2019ultima uscita, legata ad un servizio primario per i cittadini, e per questo molto sensibile, rischia per\u00f2 di creare disinformazione ed inutile allarme tra la popolazione\u201d. <\/span><\/p>\n<p align=\"LEFT\"><span style=\"font-size: large;\">Cos\u00ec il sindaco del Comune di Alpago, Umberto Soccal, in merito alle dichiarazioni del consigliere Massimo Bortoluzzi sull\u2019incarico conferito dall\u2019Amministrazione ad un professionista per la valutazione dell\u2019opportunit\u00e0 di affidare la gestione della farmacia di Pieve ad un privato.<\/span><\/p>\n<p align=\"LEFT\">\u201c<span style=\"font-size: large;\">E\u2019 un\u2019operazione che abbiamo deciso di studiare adesso, perch\u00e9 in concomitanza con le dimissioni dell\u2019attuale responsabile del servizio, avvenute per scelte personali e professionali, e quindi non programmabile, ma sulla cui logica ci stiamo confrontando da tempo\u201d, continua Soccal. <\/span><\/p>\n<p align=\"LEFT\">\u201c<span style=\"font-size: large;\">Va anzitutto premesso che non c\u2019\u00e8 in ballo nessuna esternalizzazione<\/span><span style=\"font-size: large;\"><i>: la farmacia, e con essa la licenza, resteranno in ogni caso di propriet\u00e0 comunale, cos\u00ec come non verr\u00e0 dislocata la sua ubicazione, <\/i><\/span><span style=\"font-size: large;\">sottolinea il sindaco di Alpago. \u201cL\u2019operazione che stiamo valutando riguarda esclusivamente l\u2019eventuale affitto del ramo d\u2019azienda, ovvero l\u2019affidamento della gestione, ad un soggetto privato, all\u2019interno di un quadro ben definito di utilit\u00e0 pubblica\u201d. <\/span><\/p>\n<p align=\"LEFT\">\u201c<span style=\"font-size: large;\">Gli obiettivi dell\u2019Amministrazione, sono anzitutto quelli di migliorare la qualit\u00e0 e l\u2019efficienza del servizio a tutto vantaggio dei cittadini; la gestione commerciale di una farmacia effettata in ambito pubblico soggiace a una serie di vincoli burocratici e pratici (magazzino elevato, rotazione dei prodotti, ecc.) da cui l\u2019operatore privato \u00e8 libero, con evidenti risparmi sia sui costi che sui tempi. Questa ipotesi, aggiunge il sindaco di Alpago, ci consentirebbe inoltre di liberare delle risorse umane, attualmente impegnate nella gestione economica e tecnica della farmacia, a tutto vantaggio di altri servizi comunali. Infine, anche sul piano economico, aggiunge ancora Soccal, \u00e8 del tutto plausibile che il canone di affitto derivante al Comune a seguito di un\u2019operazione di questo tipo sia pi\u00f9 remunerativo dell\u2019utile che pure il servizio produce nell\u2019attuale gestione comunale\u201d. Tutti elementi che verranno comunque verificati, proprio a seguito dello studio in atto.<\/span><\/p>\n<p align=\"LEFT\">\u201c<span style=\"font-size: large;\">Un\u2019ultima sottolineatura voglio farla in relazione al tema dei medici di base e degli ambulatori sul territorio comunale, che nulla hanno a che fare con il futuro della farmacia: in questo caso la questione di pressante attualit\u00e0 \u00e8 quella di assicurare, a fronte di alcuni futuri pensionamenti, un servizio adeguato; ci siamo gi\u00e0 attivati con gli organi competenti per garantire la continuit\u00e0 del servizio medico di base, fatto come ben noto &#8211; nel contesto attuale &#8211; tutt\u2019altro che semplice. <\/span><\/p>\n<p align=\"LEFT\"><span style=\"font-size: large;\">Al consigliere Bortoluzzi, peraltro gi\u00e0 molto impegnato nella battaglia contro il dissesto idrogeologico in provincia, e al capogruppo di minoranza Savi &#8211; nell\u2019ottica di un dialogo pi\u00f9 costruttivo fra le parti &#8211; l\u2019invito ad informarsi e ad approfondire bene le questioni, prima di uscire con commenti e illazioni che rischiano di causare inutile allarmismo nei cittadini; i quali, peraltro, sanno ben pesare parole e fatti\u201d, chiude il sindaco di Alpago.<\/span><\/p>","protected":false},"excerpt":{"rendered":"<p>\u201cNon \u00e8 mia abitudine rispondere sulla stampa o sui social alle polemiche strumentali o alle provocazioni (perch\u00e9 di questo si tratta in questo caso) del consigliere Bortoluzzi; l\u2019ultima uscita, legata ad un servizio primario per i cittadini, e per questo molto sensibile, rischia per\u00f2 di creare disinformazione ed inutile allarme tra la popolazione\u201d. Cos\u00ec il [&hellip;]<\/p>\n","protected":false},"author":2,"featured_media":0,"comment_status":"closed","ping_status":"open","sticky":false,"template":"","format":"standard","meta":{"footnotes":""},"categories":[5,26],"tags":[],"class_list":["post-110599","post","type-post","status-publish","format-standard","category-cronaca","category-prima-pagina"],"yoast_head":"<!-- This site is optimized with the Yoast SEO plugin v28.4 - https:\/\/yoast.com\/product\/yoast-seo-wordpress\/ -->\n<title>Farmacia di Pieve d&#039;Alpago. il sindaco Soccal rassicura: &quot;Nessuna esternalizzazione&quot; - Bellunopress - Dolomiti<\/title>\n<meta name=\"robots\" content=\"index, follow, max-snippet:-1, max-image-preview:large, max-video-preview:-1\" \/>\n<link rel=\"canonical\" href=\"https:\/\/www.bellunopress.it\/fr\/2019\/12\/19\/farmacia-di-pieve-dalpago-il-sindaco-soccal-rassicura-nessuna-esternalizzazione\/\" \/>\n<meta property=\"og:locale\" content=\"fr_FR\" \/>\n<meta property=\"og:type\" content=\"article\" \/>\n<meta property=\"og:title\" content=\"Farmacia di Pieve d&#039;Alpago. il sindaco Soccal rassicura: &quot;Nessuna esternalizzazione&quot; - Bellunopress - Dolomiti\" \/>\n<meta property=\"og:description\" content=\"\u201cNon \u00e8 mia abitudine rispondere sulla stampa o sui social alle polemiche strumentali o alle provocazioni (perch\u00e9 di questo si tratta in questo caso) del consigliere Bortoluzzi; l\u2019ultima uscita, legata ad un servizio primario per i cittadini, e per questo molto sensibile, rischia per\u00f2 di creare disinformazione ed inutile allarme tra la popolazione\u201d. Cos\u00ec il [&hellip;]\" \/>\n<meta property=\"og:url\" content=\"https:\/\/www.bellunopress.it\/fr\/2019\/12\/19\/farmacia-di-pieve-dalpago-il-sindaco-soccal-rassicura-nessuna-esternalizzazione\/\" \/>\n<meta property=\"og:site_name\" content=\"Bellunopress - Dolomiti\" \/>\n<meta property=\"article:publisher\" content=\"https:\/\/www.facebook.com\/profile.php?id=100008943462799\" \/>\n<meta property=\"article:published_time\" content=\"2019-12-19T17:21:18+00:00\" \/>\n<meta property=\"og:image\" content=\"http:\/\/www.bellunopress.it\/wp-content\/uploads\/2019\/12\/Umberto-Soccal-sindaco-Alpago.jpg\" \/>\n<meta name=\"author\" content=\"redazione\" \/>\n<meta name=\"twitter:card\" content=\"summary_large_image\" \/>\n<meta name=\"twitter:creator\" content=\"@bellunopress\" \/>\n<meta name=\"twitter:site\" content=\"@bellunopress\" \/>\n<meta name=\"twitter:label1\" content=\"\u00c9crit par\" \/>\n\t<meta name=\"twitter:data1\" content=\"redazione\" \/>\n\t<meta name=\"twitter:label2\" content=\"Dur\u00e9e de lecture estim\u00e9e\" \/>\n\t<meta name=\"twitter:data2\" content=\"3 minutes\" \/>\n<script type=\"application\/ld+json\" class=\"yoast-schema-graph\">{\"@context\":\"https:\\\/\\\/schema.org\",\"@graph\":[{\"@type\":\"Article\",\"@id\":\"https:\\\/\\\/www.bellunopress.it\\\/2019\\\/12\\\/19\\\/farmacia-di-pieve-dalpago-il-sindaco-soccal-rassicura-nessuna-esternalizzazione\\\/#article\",\"isPartOf\":{\"@id\":\"https:\\\/\\\/www.bellunopress.it\\\/2019\\\/12\\\/19\\\/farmacia-di-pieve-dalpago-il-sindaco-soccal-rassicura-nessuna-esternalizzazione\\\/\"},\"author\":{\"name\":\"redazione\",\"@id\":\"https:\\\/\\\/www.bellunopress.it\\\/#\\\/schema\\\/person\\\/79bb06722b37ece1c03d3e94beb30d73\"},\"headline\":\"Farmacia di Pieve d&#8217;Alpago. il sindaco Soccal rassicura: &#8220;Nessuna esternalizzazione&#8221;\",\"datePublished\":\"2019-12-19T17:21:18+00:00\",\"mainEntityOfPage\":{\"@id\":\"https:\\\/\\\/www.bellunopress.it\\\/2019\\\/12\\\/19\\\/farmacia-di-pieve-dalpago-il-sindaco-soccal-rassicura-nessuna-esternalizzazione\\\/\"},\"wordCount\":526,\"publisher\":{\"@id\":\"https:\\\/\\\/www.bellunopress.it\\\/#organization\"},\"image\":{\"@id\":\"https:\\\/\\\/www.bellunopress.it\\\/2019\\\/12\\\/19\\\/farmacia-di-pieve-dalpago-il-sindaco-soccal-rassicura-nessuna-esternalizzazione\\\/#primaryimage\"},\"thumbnailUrl\":\"http:\\\/\\\/www.bellunopress.it\\\/wp-content\\\/uploads\\\/2019\\\/12\\\/Umberto-Soccal-sindaco-Alpago.jpg\",\"articleSection\":[\"Cronaca\\\/Politica\",\"Prima Pagina\"],\"inLanguage\":\"fr-FR\"},{\"@type\":\"WebPage\",\"@id\":\"https:\\\/\\\/www.bellunopress.it\\\/2019\\\/12\\\/19\\\/farmacia-di-pieve-dalpago-il-sindaco-soccal-rassicura-nessuna-esternalizzazione\\\/\",\"url\":\"https:\\\/\\\/www.bellunopress.it\\\/2019\\\/12\\\/19\\\/farmacia-di-pieve-dalpago-il-sindaco-soccal-rassicura-nessuna-esternalizzazione\\\/\",\"name\":\"Farmacia di Pieve d'Alpago. il sindaco Soccal rassicura: \\\"Nessuna esternalizzazione\\\" - Bellunopress - Dolomiti\",\"isPartOf\":{\"@id\":\"https:\\\/\\\/www.bellunopress.it\\\/#website\"},\"primaryImageOfPage\":{\"@id\":\"https:\\\/\\\/www.bellunopress.it\\\/2019\\\/12\\\/19\\\/farmacia-di-pieve-dalpago-il-sindaco-soccal-rassicura-nessuna-esternalizzazione\\\/#primaryimage\"},\"image\":{\"@id\":\"https:\\\/\\\/www.bellunopress.it\\\/2019\\\/12\\\/19\\\/farmacia-di-pieve-dalpago-il-sindaco-soccal-rassicura-nessuna-esternalizzazione\\\/#primaryimage\"},\"thumbnailUrl\":\"http:\\\/\\\/www.bellunopress.it\\\/wp-content\\\/uploads\\\/2019\\\/12\\\/Umberto-Soccal-sindaco-Alpago.jpg\",\"datePublished\":\"2019-12-19T17:21:18+00:00\",\"breadcrumb\":{\"@id\":\"https:\\\/\\\/www.bellunopress.it\\\/2019\\\/12\\\/19\\\/farmacia-di-pieve-dalpago-il-sindaco-soccal-rassicura-nessuna-esternalizzazione\\\/#breadcrumb\"},\"inLanguage\":\"fr-FR\",\"potentialAction\":[{\"@type\":\"ReadAction\",\"target\":[\"https:\\\/\\\/www.bellunopress.it\\\/2019\\\/12\\\/19\\\/farmacia-di-pieve-dalpago-il-sindaco-soccal-rassicura-nessuna-esternalizzazione\\\/\"]}]},{\"@type\":\"ImageObject\",\"inLanguage\":\"fr-FR\",\"@id\":\"https:\\\/\\\/www.bellunopress.it\\\/2019\\\/12\\\/19\\\/farmacia-di-pieve-dalpago-il-sindaco-soccal-rassicura-nessuna-esternalizzazione\\\/#primaryimage\",\"url\":\"http:\\\/\\\/www.bellunopress.it\\\/wp-content\\\/uploads\\\/2019\\\/12\\\/Umberto-Soccal-sindaco-Alpago.jpg\",\"contentUrl\":\"http:\\\/\\\/www.bellunopress.it\\\/wp-content\\\/uploads\\\/2019\\\/12\\\/Umberto-Soccal-sindaco-Alpago.jpg\"},{\"@type\":\"BreadcrumbList\",\"@id\":\"https:\\\/\\\/www.bellunopress.it\\\/2019\\\/12\\\/19\\\/farmacia-di-pieve-dalpago-il-sindaco-soccal-rassicura-nessuna-esternalizzazione\\\/#breadcrumb\",\"itemListElement\":[{\"@type\":\"ListItem\",\"position\":1,\"name\":\"Home\",\"item\":\"https:\\\/\\\/www.bellunopress.it\\\/\"},{\"@type\":\"ListItem\",\"position\":2,\"name\":\"Farmacia di Pieve d&#8217;Alpago. il sindaco Soccal rassicura: &#8220;Nessuna esternalizzazione&#8221;\"}]},{\"@type\":\"WebSite\",\"@id\":\"https:\\\/\\\/www.bellunopress.it\\\/#website\",\"url\":\"https:\\\/\\\/www.bellunopress.it\\\/\",\"name\":\"Bellunopress - Dolomiti\",\"description\":\"e-mail: redazione@bellunopress.it\",\"publisher\":{\"@id\":\"https:\\\/\\\/www.bellunopress.it\\\/#organization\"},\"potentialAction\":[{\"@type\":\"SearchAction\",\"target\":{\"@type\":\"EntryPoint\",\"urlTemplate\":\"https:\\\/\\\/www.bellunopress.it\\\/?s={search_term_string}\"},\"query-input\":{\"@type\":\"PropertyValueSpecification\",\"valueRequired\":true,\"valueName\":\"search_term_string\"}}],\"inLanguage\":\"fr-FR\"},{\"@type\":\"Organization\",\"@id\":\"https:\\\/\\\/www.bellunopress.it\\\/#organization\",\"name\":\"Bellunopress\",\"url\":\"https:\\\/\\\/www.bellunopress.it\\\/\",\"logo\":{\"@type\":\"ImageObject\",\"inLanguage\":\"fr-FR\",\"@id\":\"https:\\\/\\\/www.bellunopress.it\\\/#\\\/schema\\\/logo\\\/image\\\/\",\"url\":\"https:\\\/\\\/www.bellunopress.it\\\/wp-content\\\/uploads\\\/2011\\\/05\\\/cropped-logo-bellunopress-.jpg\",\"contentUrl\":\"https:\\\/\\\/www.bellunopress.it\\\/wp-content\\\/uploads\\\/2011\\\/05\\\/cropped-logo-bellunopress-.jpg\",\"width\":512,\"height\":512,\"caption\":\"Bellunopress\"},\"image\":{\"@id\":\"https:\\\/\\\/www.bellunopress.it\\\/#\\\/schema\\\/logo\\\/image\\\/\"},\"sameAs\":[\"https:\\\/\\\/www.facebook.com\\\/profile.php?id=100008943462799\",\"https:\\\/\\\/x.com\\\/bellunopress\",\"https:\\\/\\\/www.linkedin.com\\\/hp\\\/?dnr=JBzUWaJfMUw8vbXJJ2tVW5-I3jZKvC4wsoxE&amp;amp;amp;amp;amp;amp;trk=nav_responsive_tab_home\",\"https:\\\/\\\/www.youtube.com\\\/channel\\\/UCxL0wu1uN0_3_7hGG0306cw\"]},{\"@type\":\"Person\",\"@id\":\"https:\\\/\\\/www.bellunopress.it\\\/#\\\/schema\\\/person\\\/79bb06722b37ece1c03d3e94beb30d73\",\"name\":\"redazione\",\"image\":{\"@type\":\"ImageObject\",\"inLanguage\":\"fr-FR\",\"@id\":\"https:\\\/\\\/secure.gravatar.com\\\/avatar\\\/37d968a2e67a6fd04c169c4bdef102d0bc5d31b2546345219e348575eb80e9a0?s=96&d=mm&r=g\",\"url\":\"https:\\\/\\\/secure.gravatar.com\\\/avatar\\\/37d968a2e67a6fd04c169c4bdef102d0bc5d31b2546345219e348575eb80e9a0?s=96&d=mm&r=g\",\"contentUrl\":\"https:\\\/\\\/secure.gravatar.com\\\/avatar\\\/37d968a2e67a6fd04c169c4bdef102d0bc5d31b2546345219e348575eb80e9a0?s=96&d=mm&r=g\",\"caption\":\"redazione\"},\"sameAs\":[\"http:\\\/\\\/www.bellunopress.it\",\"https:\\\/\\\/x.com\\\/bellunopress\"],\"url\":\"https:\\\/\\\/www.bellunopress.it\\\/fr\\\/author\\\/redazione\\\/\"}]}<\/script>\n<!-- \/ Yoast SEO plugin. -->","yoast_head_json":{"title":"Farmacia di Pieve d'Alpago. il sindaco Soccal rassicura: \"Nessuna esternalizzazione\" - Bellunopress - Dolomiti","robots":{"index":"index","follow":"follow","max-snippet":"max-snippet:-1","max-image-preview":"max-image-preview:large","max-video-preview":"max-video-preview:-1"},"canonical":"https:\/\/www.bellunopress.it\/fr\/2019\/12\/19\/farmacia-di-pieve-dalpago-il-sindaco-soccal-rassicura-nessuna-esternalizzazione\/","og_locale":"fr_FR","og_type":"article","og_title":"Farmacia di Pieve d'Alpago. il sindaco Soccal rassicura: \"Nessuna esternalizzazione\" - Bellunopress - Dolomiti","og_description":"\u201cNon \u00e8 mia abitudine rispondere sulla stampa o sui social alle polemiche strumentali o alle provocazioni (perch\u00e9 di questo si tratta in questo caso) del consigliere Bortoluzzi; l\u2019ultima uscita, legata ad un servizio primario per i cittadini, e per questo molto sensibile, rischia per\u00f2 di creare disinformazione ed inutile allarme tra la popolazione\u201d. Cos\u00ec il [&hellip;]","og_url":"https:\/\/www.bellunopress.it\/fr\/2019\/12\/19\/farmacia-di-pieve-dalpago-il-sindaco-soccal-rassicura-nessuna-esternalizzazione\/","og_site_name":"Bellunopress - Dolomiti","article_publisher":"https:\/\/www.facebook.com\/profile.php?id=100008943462799","article_published_time":"2019-12-19T17:21:18+00:00","og_image":[{"url":"http:\/\/www.bellunopress.it\/wp-content\/uploads\/2019\/12\/Umberto-Soccal-sindaco-Alpago.jpg","type":"","width":"","height":""}],"author":"redazione","twitter_card":"summary_large_image","twitter_creator":"@bellunopress","twitter_site":"@bellunopress","twitter_misc":{"\u00c9crit par":"redazione","Dur\u00e9e de lecture estim\u00e9e":"3 minutes"},"schema":{"@context":"https:\/\/schema.org","@graph":[{"@type":"Article","@id":"https:\/\/www.bellunopress.it\/2019\/12\/19\/farmacia-di-pieve-dalpago-il-sindaco-soccal-rassicura-nessuna-esternalizzazione\/#article","isPartOf":{"@id":"https:\/\/www.bellunopress.it\/2019\/12\/19\/farmacia-di-pieve-dalpago-il-sindaco-soccal-rassicura-nessuna-esternalizzazione\/"},"author":{"name":"redazione","@id":"https:\/\/www.bellunopress.it\/#\/schema\/person\/79bb06722b37ece1c03d3e94beb30d73"},"headline":"Farmacia di Pieve d&#8217;Alpago. il sindaco Soccal rassicura: &#8220;Nessuna esternalizzazione&#8221;","datePublished":"2019-12-19T17:21:18+00:00","mainEntityOfPage":{"@id":"https:\/\/www.bellunopress.it\/2019\/12\/19\/farmacia-di-pieve-dalpago-il-sindaco-soccal-rassicura-nessuna-esternalizzazione\/"},"wordCount":526,"publisher":{"@id":"https:\/\/www.bellunopress.it\/#organization"},"image":{"@id":"https:\/\/www.bellunopress.it\/2019\/12\/19\/farmacia-di-pieve-dalpago-il-sindaco-soccal-rassicura-nessuna-esternalizzazione\/#primaryimage"},"thumbnailUrl":"http:\/\/www.bellunopress.it\/wp-content\/uploads\/2019\/12\/Umberto-Soccal-sindaco-Alpago.jpg","articleSection":["Cronaca\/Politica","Prima Pagina"],"inLanguage":"fr-FR"},{"@type":"WebPage","@id":"https:\/\/www.bellunopress.it\/2019\/12\/19\/farmacia-di-pieve-dalpago-il-sindaco-soccal-rassicura-nessuna-esternalizzazione\/","url":"https:\/\/www.bellunopress.it\/2019\/12\/19\/farmacia-di-pieve-dalpago-il-sindaco-soccal-rassicura-nessuna-esternalizzazione\/","name":"Farmacia di Pieve d'Alpago. il sindaco Soccal rassicura: \"Nessuna esternalizzazione\" - Bellunopress - Dolomiti","isPartOf":{"@id":"https:\/\/www.bellunopress.it\/#website"},"primaryImageOfPage":{"@id":"https:\/\/www.bellunopress.it\/2019\/12\/19\/farmacia-di-pieve-dalpago-il-sindaco-soccal-rassicura-nessuna-esternalizzazione\/#primaryimage"},"image":{"@id":"https:\/\/www.bellunopress.it\/2019\/12\/19\/farmacia-di-pieve-dalpago-il-sindaco-soccal-rassicura-nessuna-esternalizzazione\/#primaryimage"},"thumbnailUrl":"http:\/\/www.bellunopress.it\/wp-content\/uploads\/2019\/12\/Umberto-Soccal-sindaco-Alpago.jpg","datePublished":"2019-12-19T17:21:18+00:00","breadcrumb":{"@id":"https:\/\/www.bellunopress.it\/2019\/12\/19\/farmacia-di-pieve-dalpago-il-sindaco-soccal-rassicura-nessuna-esternalizzazione\/#breadcrumb"},"inLanguage":"fr-FR","potentialAction":[{"@type":"ReadAction","target":["https:\/\/www.bellunopress.it\/2019\/12\/19\/farmacia-di-pieve-dalpago-il-sindaco-soccal-rassicura-nessuna-esternalizzazione\/"]}]},{"@type":"ImageObject","inLanguage":"fr-FR","@id":"https:\/\/www.bellunopress.it\/2019\/12\/19\/farmacia-di-pieve-dalpago-il-sindaco-soccal-rassicura-nessuna-esternalizzazione\/#primaryimage","url":"http:\/\/www.bellunopress.it\/wp-content\/uploads\/2019\/12\/Umberto-Soccal-sindaco-Alpago.jpg","contentUrl":"http:\/\/www.bellunopress.it\/wp-content\/uploads\/2019\/12\/Umberto-Soccal-sindaco-Alpago.jpg"},{"@type":"BreadcrumbList","@id":"https:\/\/www.bellunopress.it\/2019\/12\/19\/farmacia-di-pieve-dalpago-il-sindaco-soccal-rassicura-nessuna-esternalizzazione\/#breadcrumb","itemListElement":[{"@type":"ListItem","position":1,"name":"Home","item":"https:\/\/www.bellunopress.it\/"},{"@type":"ListItem","position":2,"name":"Farmacia di Pieve d&#8217;Alpago. il sindaco Soccal rassicura: &#8220;Nessuna esternalizzazione&#8221;"}]},{"@type":"WebSite","@id":"https:\/\/www.bellunopress.it\/#website","url":"https:\/\/www.bellunopress.it\/","name":"Bellunopress - Dolomiti","description":"e-mail: redazione@bellunopress.it","publisher":{"@id":"https:\/\/www.bellunopress.it\/#organization"},"potentialAction":[{"@type":"SearchAction","target":{"@type":"EntryPoint","urlTemplate":"https:\/\/www.bellunopress.it\/?s={search_term_string}"},"query-input":{"@type":"PropertyValueSpecification","valueRequired":true,"valueName":"search_term_string"}}],"inLanguage":"fr-FR"},{"@type":"Organization","@id":"https:\/\/www.bellunopress.it\/#organization","name":"Bellunopress","url":"https:\/\/www.bellunopress.it\/","logo":{"@type":"ImageObject","inLanguage":"fr-FR","@id":"https:\/\/www.bellunopress.it\/#\/schema\/logo\/image\/","url":"https:\/\/www.bellunopress.it\/wp-content\/uploads\/2011\/05\/cropped-logo-bellunopress-.jpg","contentUrl":"https:\/\/www.bellunopress.it\/wp-content\/uploads\/2011\/05\/cropped-logo-bellunopress-.jpg","width":512,"height":512,"caption":"Bellunopress"},"image":{"@id":"https:\/\/www.bellunopress.it\/#\/schema\/logo\/image\/"},"sameAs":["https:\/\/www.facebook.com\/profile.php?id=100008943462799","https:\/\/x.com\/bellunopress","https:\/\/www.linkedin.com\/hp\/?dnr=JBzUWaJfMUw8vbXJJ2tVW5-I3jZKvC4wsoxE&amp;amp;amp;amp;amp;amp;trk=nav_responsive_tab_home","https:\/\/www.youtube.com\/channel\/UCxL0wu1uN0_3_7hGG0306cw"]},{"@type":"Person","@id":"https:\/\/www.bellunopress.it\/#\/schema\/person\/79bb06722b37ece1c03d3e94beb30d73","name":"r\u00e9daction","image":{"@type":"ImageObject","inLanguage":"fr-FR","@id":"https:\/\/secure.gravatar.com\/avatar\/37d968a2e67a6fd04c169c4bdef102d0bc5d31b2546345219e348575eb80e9a0?s=96&d=mm&r=g","url":"https:\/\/secure.gravatar.com\/avatar\/37d968a2e67a6fd04c169c4bdef102d0bc5d31b2546345219e348575eb80e9a0?s=96&d=mm&r=g","contentUrl":"https:\/\/secure.gravatar.com\/avatar\/37d968a2e67a6fd04c169c4bdef102d0bc5d31b2546345219e348575eb80e9a0?s=96&d=mm&r=g","caption":"redazione"},"sameAs":["http:\/\/www.bellunopress.it","https:\/\/x.com\/bellunopress"],"url":"https:\/\/www.bellunopress.it\/fr\/author\/redazione\/"}]}},"_links":{"self":[{"href":"https:\/\/www.bellunopress.it\/fr\/wp-json\/wp\/v2\/posts\/110599","targetHints":{"allow":["GET"]}}],"collection":[{"href":"https:\/\/www.bellunopress.it\/fr\/wp-json\/wp\/v2\/posts"}],"about":[{"href":"https:\/\/www.bellunopress.it\/fr\/wp-json\/wp\/v2\/types\/post"}],"author":[{"embeddable":true,"href":"https:\/\/www.bellunopress.it\/fr\/wp-json\/wp\/v2\/users\/2"}],"replies":[{"embeddable":true,"href":"https:\/\/www.bellunopress.it\/fr\/wp-json\/wp\/v2\/comments?post=110599"}],"version-history":[{"count":1,"href":"https:\/\/www.bellunopress.it\/fr\/wp-json\/wp\/v2\/posts\/110599\/revisions"}],"predecessor-version":[{"id":110600,"href":"https:\/\/www.bellunopress.it\/fr\/wp-json\/wp\/v2\/posts\/110599\/revisions\/110600"}],"wp:attachment":[{"href":"https:\/\/www.bellunopress.it\/fr\/wp-json\/wp\/v2\/media?parent=110599"}],"wp:term":[{"taxonomy":"category","embeddable":true,"href":"https:\/\/www.bellunopress.it\/fr\/wp-json\/wp\/v2\/categories?post=110599"},{"taxonomy":"post_tag","embeddable":true,"href":"https:\/\/www.bellunopress.it\/fr\/wp-json\/wp\/v2\/tags?post=110599"}],"curies":[{"name":"wp","href":"https:\/\/api.w.org\/{rel}","templated":true}]}}