{"id":110597,"date":"2019-12-19T18:12:55","date_gmt":"2019-12-19T17:12:55","guid":{"rendered":"http:\/\/www.bellunopress.it\/?p=110597"},"modified":"2019-12-19T18:12:55","modified_gmt":"2019-12-19T17:12:55","slug":"mondiali-2021-olimpiadi-2026-caner-migliaia-di-appassionati-verso-le-dolomiti-atterreranno-in-aeroporti-veneti-e-troveranno-accoglienza-e-servizi-qualificati","status":"publish","type":"post","link":"https:\/\/www.bellunopress.it\/fr\/2019\/12\/19\/mondiali-2021-olimpiadi-2026-caner-migliaia-di-appassionati-verso-le-dolomiti-atterreranno-in-aeroporti-veneti-e-troveranno-accoglienza-e-servizi-qualificati\/","title":{"rendered":"Mondiali 2021, Olimpiadi 2026. Caner: &#8220;Migliaia di appassionati verso le Dolomiti atterreranno in aeroporti veneti e troveranno accoglienza e servizi qualificati&#8221;"},"content":{"rendered":"<figure id=\"attachment_98275\" aria-describedby=\"caption-attachment-98275\" style=\"width: 212px\" class=\"wp-caption alignleft\"><a href=\"http:\/\/www.bellunopress.it\/fr\/2018\/09\/28\/wine-south-america-lassessore-caner-in-brasile-la-vitivinicoltura-continua-a-crescere-in-sudamerica-e-il-veneto-e-presente\/caner\/\" rel=\"attachment wp-att-98275\"><img loading=\"lazy\" decoding=\"async\" class=\"size-full wp-image-98275\" src=\"http:\/\/www.bellunopress.it\/wp-content\/uploads\/2018\/09\/Caner.jpg\" alt=\"\" width=\"212\" height=\"300\" \/><\/a><figcaption id=\"caption-attachment-98275\" class=\"wp-caption-text\">Federico Caner, assessore regionale<\/figcaption><\/figure>\n<p>Venezia, 19 dicembre 2019\u00a0 &#8211;\u00a0\u00a0\u201cLe Dolomiti sono una meta tradizionale del turismo mondiale che negli ultimi anni si sta ancora di pi\u00f9 affermando nelle scelte nazionali e straniere. Ma \u00e8 destinata a consolidarsi sempre di pi\u00f9 negli anni a venire, grazie alla propulsione che sar\u00e0 determinata dai campionati mondiali di sci del 2021 a Cortina e le Olimpiadi invernali 2026. Da tutto il mondo, migliaia di persone raggiungeranno le localit\u00e0 alpine atterrando in un aeroporto veneto. Abbiamo accolto con grande attenzione, quindi, la collaborazione che si \u00e8 instaurata tra EasyJet, il Gruppo Save e la provincia di Belluno per una ulteriore e articolata promozione turistica delle nostre montagne. Sono stati i primi a operare in questa direzione, ora come Regione siamo aperti a ogni altra proposta di valorizzazione del nostro territorio\u201d.<\/p>\n<p>Queste le parole dell\u2019assessore regionale al Turismo Federico Caner, nel giorno in cui la compagnia aerea ha scelto Venezia per tracciare il proprio bilancio 2019. Un\u2019occasione che porta il rappresentante della Giunta ad alcune considerazioni sulle dinamiche turistiche riguardanti la montagna veneta.<\/p>\n<p>\u201cPer le Dolomiti ci aspetta un periodo di grande potenzialit\u00e0 \u2013 sottolinea \u2013 frutto di un preciso impegno della Regione che ha ottenuto i due grandi eventi del 2021 e del 2026. Si tratta di appuntamenti che saranno seguiti in loco da migliaia di appassionati, provenienti da aree geografiche che vanno ben oltre quelle alpine. Basti pensare che tradizionalmente il maggior numero di presenze alle gare invernali erano tedesche; secondo i big data di Tim della Coppa del mondo di quest\u2019anno, sono state superate da quelle inglesi\u201d.<\/p>\n<p>\u201cI turisti britannici non sono una novit\u00e0 per il Veneto \u2013 aggiunge l\u2019Assessore \u2013. Nel 2018 si sono attestati su circa 2 milioni 600 mila presenze. Un milione 350.000 riguardano le citt\u00e0 d\u2019arte, 740.000 il lago, quasi 400.000 le localit\u00e0 balneari. Ma c\u2019\u00e8 anche un non trascurabile dato: quasi 85.000 presenze sulle Dolomiti, pari 3,6%. Negli ultimi anni la scelta dolomitica dalle isole di oltre Manica ha registrato momenti di crescita anche sensibile; un trend che si \u00e8 confermato anche quest\u2019anno. Tra gennaio e settembre, infatti, le presenze inglesi sulla montagna veneta erano gi\u00e0 pi\u00f9 di 80.000 equivalenti al 3,8%. \u00c8 chiaro che queste cifre sono la base di partenza in vista del 2021 e del 2026 e sono un esempio che ci indica come operare su tutto il mercato estero del turismo, soprattutto in quelle aree dove l\u2019aereo \u00e8 il mezzo preferibile o inevitabile per raggiungere il Veneto\u201d.<\/p>\n<p>\u201cNell\u2019ottica di un\u2019accoglienza sempre pi\u00f9 qualificata di chi viaggia \u2013 conclude Caner \u2013 abbiamo scelto anche di dare un\u2019immagine coordinata e univoca nel momento stesso dell\u2019arrivo nel Veneto. In quest\u2019ottica si colloca la creazione delle \u2018Porte dell\u2019accoglienza\u2019 nei tre aeroporti di Venezia e Treviso come nelle stazioni ferroviarie di Venezia, Padova e Verona. La qualit\u00e0 dei servizi e delle informazioni ai turisti \u00e8 fondamentale e sar\u00e0 un fattore strategico in occasione dei grandi eventi di richiamo internazionale che vedranno protagonista il Veneto\u201d.<\/p>","protected":false},"excerpt":{"rendered":"<p>Venezia, 19 dicembre 2019\u00a0 &#8211;\u00a0\u00a0\u201cLe Dolomiti sono una meta tradizionale del turismo mondiale che negli ultimi anni si sta ancora di pi\u00f9 affermando nelle scelte nazionali e straniere. Ma \u00e8 destinata a consolidarsi sempre di pi\u00f9 negli anni a venire, grazie alla propulsione che sar\u00e0 determinata dai campionati mondiali di sci del 2021 a Cortina [&hellip;]<\/p>\n","protected":false},"author":2,"featured_media":0,"comment_status":"closed","ping_status":"open","sticky":false,"template":"","format":"standard","meta":{"footnotes":""},"categories":[5,26],"tags":[],"class_list":["post-110597","post","type-post","status-publish","format-standard","category-cronaca","category-prima-pagina"],"yoast_head":"<!-- This site is optimized with the Yoast SEO plugin v28.4 - https:\/\/yoast.com\/product\/yoast-seo-wordpress\/ -->\n<title>Mondiali 2021, Olimpiadi 2026. Caner: &quot;Migliaia di appassionati verso le Dolomiti atterreranno in aeroporti veneti e troveranno accoglienza e servizi qualificati&quot; - Bellunopress - Dolomiti<\/title>\n<meta name=\"robots\" content=\"index, follow, max-snippet:-1, max-image-preview:large, max-video-preview:-1\" \/>\n<link rel=\"canonical\" href=\"https:\/\/www.bellunopress.it\/fr\/2019\/12\/19\/mondiali-2021-olimpiadi-2026-caner-migliaia-di-appassionati-verso-le-dolomiti-atterreranno-in-aeroporti-veneti-e-troveranno-accoglienza-e-servizi-qualificati\/\" \/>\n<meta property=\"og:locale\" content=\"fr_FR\" \/>\n<meta property=\"og:type\" content=\"article\" \/>\n<meta property=\"og:title\" content=\"Mondiali 2021, Olimpiadi 2026. Caner: &quot;Migliaia di appassionati verso le Dolomiti atterreranno in aeroporti veneti e troveranno accoglienza e servizi qualificati&quot; - Bellunopress - Dolomiti\" \/>\n<meta property=\"og:description\" content=\"Venezia, 19 dicembre 2019\u00a0 &#8211;\u00a0\u00a0\u201cLe Dolomiti sono una meta tradizionale del turismo mondiale che negli ultimi anni si sta ancora di pi\u00f9 affermando nelle scelte nazionali e straniere. Ma \u00e8 destinata a consolidarsi sempre di pi\u00f9 negli anni a venire, grazie alla propulsione che sar\u00e0 determinata dai campionati mondiali di sci del 2021 a Cortina [&hellip;]\" \/>\n<meta property=\"og:url\" content=\"https:\/\/www.bellunopress.it\/fr\/2019\/12\/19\/mondiali-2021-olimpiadi-2026-caner-migliaia-di-appassionati-verso-le-dolomiti-atterreranno-in-aeroporti-veneti-e-troveranno-accoglienza-e-servizi-qualificati\/\" \/>\n<meta property=\"og:site_name\" content=\"Bellunopress - Dolomiti\" \/>\n<meta property=\"article:publisher\" content=\"https:\/\/www.facebook.com\/profile.php?id=100008943462799\" \/>\n<meta property=\"article:published_time\" content=\"2019-12-19T17:12:55+00:00\" \/>\n<meta property=\"og:image\" content=\"http:\/\/www.bellunopress.it\/wp-content\/uploads\/2018\/09\/Caner.jpg\" \/>\n<meta name=\"author\" content=\"redazione\" \/>\n<meta name=\"twitter:card\" content=\"summary_large_image\" \/>\n<meta name=\"twitter:creator\" content=\"@bellunopress\" \/>\n<meta name=\"twitter:site\" content=\"@bellunopress\" \/>\n<meta name=\"twitter:label1\" content=\"\u00c9crit par\" \/>\n\t<meta name=\"twitter:data1\" content=\"redazione\" \/>\n\t<meta name=\"twitter:label2\" content=\"Dur\u00e9e de lecture estim\u00e9e\" \/>\n\t<meta name=\"twitter:data2\" content=\"2 minutes\" \/>\n<script type=\"application\/ld+json\" class=\"yoast-schema-graph\">{\"@context\":\"https:\\\/\\\/schema.org\",\"@graph\":[{\"@type\":\"Article\",\"@id\":\"https:\\\/\\\/www.bellunopress.it\\\/2019\\\/12\\\/19\\\/mondiali-2021-olimpiadi-2026-caner-migliaia-di-appassionati-verso-le-dolomiti-atterreranno-in-aeroporti-veneti-e-troveranno-accoglienza-e-servizi-qualificati\\\/#article\",\"isPartOf\":{\"@id\":\"https:\\\/\\\/www.bellunopress.it\\\/2019\\\/12\\\/19\\\/mondiali-2021-olimpiadi-2026-caner-migliaia-di-appassionati-verso-le-dolomiti-atterreranno-in-aeroporti-veneti-e-troveranno-accoglienza-e-servizi-qualificati\\\/\"},\"author\":{\"name\":\"redazione\",\"@id\":\"https:\\\/\\\/www.bellunopress.it\\\/#\\\/schema\\\/person\\\/79bb06722b37ece1c03d3e94beb30d73\"},\"headline\":\"Mondiali 2021, Olimpiadi 2026. Caner: &#8220;Migliaia di appassionati verso le Dolomiti atterreranno in aeroporti veneti e troveranno accoglienza e servizi qualificati&#8221;\",\"datePublished\":\"2019-12-19T17:12:55+00:00\",\"mainEntityOfPage\":{\"@id\":\"https:\\\/\\\/www.bellunopress.it\\\/2019\\\/12\\\/19\\\/mondiali-2021-olimpiadi-2026-caner-migliaia-di-appassionati-verso-le-dolomiti-atterreranno-in-aeroporti-veneti-e-troveranno-accoglienza-e-servizi-qualificati\\\/\"},\"wordCount\":504,\"publisher\":{\"@id\":\"https:\\\/\\\/www.bellunopress.it\\\/#organization\"},\"image\":{\"@id\":\"https:\\\/\\\/www.bellunopress.it\\\/2019\\\/12\\\/19\\\/mondiali-2021-olimpiadi-2026-caner-migliaia-di-appassionati-verso-le-dolomiti-atterreranno-in-aeroporti-veneti-e-troveranno-accoglienza-e-servizi-qualificati\\\/#primaryimage\"},\"thumbnailUrl\":\"http:\\\/\\\/www.bellunopress.it\\\/wp-content\\\/uploads\\\/2018\\\/09\\\/Caner.jpg\",\"articleSection\":[\"Cronaca\\\/Politica\",\"Prima Pagina\"],\"inLanguage\":\"fr-FR\"},{\"@type\":\"WebPage\",\"@id\":\"https:\\\/\\\/www.bellunopress.it\\\/2019\\\/12\\\/19\\\/mondiali-2021-olimpiadi-2026-caner-migliaia-di-appassionati-verso-le-dolomiti-atterreranno-in-aeroporti-veneti-e-troveranno-accoglienza-e-servizi-qualificati\\\/\",\"url\":\"https:\\\/\\\/www.bellunopress.it\\\/2019\\\/12\\\/19\\\/mondiali-2021-olimpiadi-2026-caner-migliaia-di-appassionati-verso-le-dolomiti-atterreranno-in-aeroporti-veneti-e-troveranno-accoglienza-e-servizi-qualificati\\\/\",\"name\":\"Mondiali 2021, Olimpiadi 2026. Caner: \\\"Migliaia di appassionati verso le Dolomiti atterreranno in aeroporti veneti e troveranno accoglienza e servizi qualificati\\\" - Bellunopress - Dolomiti\",\"isPartOf\":{\"@id\":\"https:\\\/\\\/www.bellunopress.it\\\/#website\"},\"primaryImageOfPage\":{\"@id\":\"https:\\\/\\\/www.bellunopress.it\\\/2019\\\/12\\\/19\\\/mondiali-2021-olimpiadi-2026-caner-migliaia-di-appassionati-verso-le-dolomiti-atterreranno-in-aeroporti-veneti-e-troveranno-accoglienza-e-servizi-qualificati\\\/#primaryimage\"},\"image\":{\"@id\":\"https:\\\/\\\/www.bellunopress.it\\\/2019\\\/12\\\/19\\\/mondiali-2021-olimpiadi-2026-caner-migliaia-di-appassionati-verso-le-dolomiti-atterreranno-in-aeroporti-veneti-e-troveranno-accoglienza-e-servizi-qualificati\\\/#primaryimage\"},\"thumbnailUrl\":\"http:\\\/\\\/www.bellunopress.it\\\/wp-content\\\/uploads\\\/2018\\\/09\\\/Caner.jpg\",\"datePublished\":\"2019-12-19T17:12:55+00:00\",\"breadcrumb\":{\"@id\":\"https:\\\/\\\/www.bellunopress.it\\\/2019\\\/12\\\/19\\\/mondiali-2021-olimpiadi-2026-caner-migliaia-di-appassionati-verso-le-dolomiti-atterreranno-in-aeroporti-veneti-e-troveranno-accoglienza-e-servizi-qualificati\\\/#breadcrumb\"},\"inLanguage\":\"fr-FR\",\"potentialAction\":[{\"@type\":\"ReadAction\",\"target\":[\"https:\\\/\\\/www.bellunopress.it\\\/2019\\\/12\\\/19\\\/mondiali-2021-olimpiadi-2026-caner-migliaia-di-appassionati-verso-le-dolomiti-atterreranno-in-aeroporti-veneti-e-troveranno-accoglienza-e-servizi-qualificati\\\/\"]}]},{\"@type\":\"ImageObject\",\"inLanguage\":\"fr-FR\",\"@id\":\"https:\\\/\\\/www.bellunopress.it\\\/2019\\\/12\\\/19\\\/mondiali-2021-olimpiadi-2026-caner-migliaia-di-appassionati-verso-le-dolomiti-atterreranno-in-aeroporti-veneti-e-troveranno-accoglienza-e-servizi-qualificati\\\/#primaryimage\",\"url\":\"http:\\\/\\\/www.bellunopress.it\\\/wp-content\\\/uploads\\\/2018\\\/09\\\/Caner.jpg\",\"contentUrl\":\"http:\\\/\\\/www.bellunopress.it\\\/wp-content\\\/uploads\\\/2018\\\/09\\\/Caner.jpg\"},{\"@type\":\"BreadcrumbList\",\"@id\":\"https:\\\/\\\/www.bellunopress.it\\\/2019\\\/12\\\/19\\\/mondiali-2021-olimpiadi-2026-caner-migliaia-di-appassionati-verso-le-dolomiti-atterreranno-in-aeroporti-veneti-e-troveranno-accoglienza-e-servizi-qualificati\\\/#breadcrumb\",\"itemListElement\":[{\"@type\":\"ListItem\",\"position\":1,\"name\":\"Home\",\"item\":\"https:\\\/\\\/www.bellunopress.it\\\/\"},{\"@type\":\"ListItem\",\"position\":2,\"name\":\"Mondiali 2021, Olimpiadi 2026. Caner: &#8220;Migliaia di appassionati verso le Dolomiti atterreranno in aeroporti veneti e troveranno accoglienza e servizi qualificati&#8221;\"}]},{\"@type\":\"WebSite\",\"@id\":\"https:\\\/\\\/www.bellunopress.it\\\/#website\",\"url\":\"https:\\\/\\\/www.bellunopress.it\\\/\",\"name\":\"Bellunopress - Dolomiti\",\"description\":\"e-mail: redazione@bellunopress.it\",\"publisher\":{\"@id\":\"https:\\\/\\\/www.bellunopress.it\\\/#organization\"},\"potentialAction\":[{\"@type\":\"SearchAction\",\"target\":{\"@type\":\"EntryPoint\",\"urlTemplate\":\"https:\\\/\\\/www.bellunopress.it\\\/?s={search_term_string}\"},\"query-input\":{\"@type\":\"PropertyValueSpecification\",\"valueRequired\":true,\"valueName\":\"search_term_string\"}}],\"inLanguage\":\"fr-FR\"},{\"@type\":\"Organization\",\"@id\":\"https:\\\/\\\/www.bellunopress.it\\\/#organization\",\"name\":\"Bellunopress\",\"url\":\"https:\\\/\\\/www.bellunopress.it\\\/\",\"logo\":{\"@type\":\"ImageObject\",\"inLanguage\":\"fr-FR\",\"@id\":\"https:\\\/\\\/www.bellunopress.it\\\/#\\\/schema\\\/logo\\\/image\\\/\",\"url\":\"https:\\\/\\\/www.bellunopress.it\\\/wp-content\\\/uploads\\\/2011\\\/05\\\/cropped-logo-bellunopress-.jpg\",\"contentUrl\":\"https:\\\/\\\/www.bellunopress.it\\\/wp-content\\\/uploads\\\/2011\\\/05\\\/cropped-logo-bellunopress-.jpg\",\"width\":512,\"height\":512,\"caption\":\"Bellunopress\"},\"image\":{\"@id\":\"https:\\\/\\\/www.bellunopress.it\\\/#\\\/schema\\\/logo\\\/image\\\/\"},\"sameAs\":[\"https:\\\/\\\/www.facebook.com\\\/profile.php?id=100008943462799\",\"https:\\\/\\\/x.com\\\/bellunopress\",\"https:\\\/\\\/www.linkedin.com\\\/hp\\\/?dnr=JBzUWaJfMUw8vbXJJ2tVW5-I3jZKvC4wsoxE&amp;amp;amp;amp;amp;amp;trk=nav_responsive_tab_home\",\"https:\\\/\\\/www.youtube.com\\\/channel\\\/UCxL0wu1uN0_3_7hGG0306cw\"]},{\"@type\":\"Person\",\"@id\":\"https:\\\/\\\/www.bellunopress.it\\\/#\\\/schema\\\/person\\\/79bb06722b37ece1c03d3e94beb30d73\",\"name\":\"redazione\",\"image\":{\"@type\":\"ImageObject\",\"inLanguage\":\"fr-FR\",\"@id\":\"https:\\\/\\\/secure.gravatar.com\\\/avatar\\\/37d968a2e67a6fd04c169c4bdef102d0bc5d31b2546345219e348575eb80e9a0?s=96&d=mm&r=g\",\"url\":\"https:\\\/\\\/secure.gravatar.com\\\/avatar\\\/37d968a2e67a6fd04c169c4bdef102d0bc5d31b2546345219e348575eb80e9a0?s=96&d=mm&r=g\",\"contentUrl\":\"https:\\\/\\\/secure.gravatar.com\\\/avatar\\\/37d968a2e67a6fd04c169c4bdef102d0bc5d31b2546345219e348575eb80e9a0?s=96&d=mm&r=g\",\"caption\":\"redazione\"},\"sameAs\":[\"http:\\\/\\\/www.bellunopress.it\",\"https:\\\/\\\/x.com\\\/bellunopress\"],\"url\":\"https:\\\/\\\/www.bellunopress.it\\\/fr\\\/author\\\/redazione\\\/\"}]}<\/script>\n<!-- \/ Yoast SEO plugin. -->","yoast_head_json":{"title":"Mondiali 2021, Olimpiadi 2026. Caner: \"Migliaia di appassionati verso le Dolomiti atterreranno in aeroporti veneti e troveranno accoglienza e servizi qualificati\" - Bellunopress - Dolomiti","robots":{"index":"index","follow":"follow","max-snippet":"max-snippet:-1","max-image-preview":"max-image-preview:large","max-video-preview":"max-video-preview:-1"},"canonical":"https:\/\/www.bellunopress.it\/fr\/2019\/12\/19\/mondiali-2021-olimpiadi-2026-caner-migliaia-di-appassionati-verso-le-dolomiti-atterreranno-in-aeroporti-veneti-e-troveranno-accoglienza-e-servizi-qualificati\/","og_locale":"fr_FR","og_type":"article","og_title":"Mondiali 2021, Olimpiadi 2026. Caner: \"Migliaia di appassionati verso le Dolomiti atterreranno in aeroporti veneti e troveranno accoglienza e servizi qualificati\" - Bellunopress - Dolomiti","og_description":"Venezia, 19 dicembre 2019\u00a0 &#8211;\u00a0\u00a0\u201cLe Dolomiti sono una meta tradizionale del turismo mondiale che negli ultimi anni si sta ancora di pi\u00f9 affermando nelle scelte nazionali e straniere. Ma \u00e8 destinata a consolidarsi sempre di pi\u00f9 negli anni a venire, grazie alla propulsione che sar\u00e0 determinata dai campionati mondiali di sci del 2021 a Cortina [&hellip;]","og_url":"https:\/\/www.bellunopress.it\/fr\/2019\/12\/19\/mondiali-2021-olimpiadi-2026-caner-migliaia-di-appassionati-verso-le-dolomiti-atterreranno-in-aeroporti-veneti-e-troveranno-accoglienza-e-servizi-qualificati\/","og_site_name":"Bellunopress - Dolomiti","article_publisher":"https:\/\/www.facebook.com\/profile.php?id=100008943462799","article_published_time":"2019-12-19T17:12:55+00:00","og_image":[{"url":"http:\/\/www.bellunopress.it\/wp-content\/uploads\/2018\/09\/Caner.jpg","type":"","width":"","height":""}],"author":"redazione","twitter_card":"summary_large_image","twitter_creator":"@bellunopress","twitter_site":"@bellunopress","twitter_misc":{"\u00c9crit par":"redazione","Dur\u00e9e de lecture estim\u00e9e":"2 minutes"},"schema":{"@context":"https:\/\/schema.org","@graph":[{"@type":"Article","@id":"https:\/\/www.bellunopress.it\/2019\/12\/19\/mondiali-2021-olimpiadi-2026-caner-migliaia-di-appassionati-verso-le-dolomiti-atterreranno-in-aeroporti-veneti-e-troveranno-accoglienza-e-servizi-qualificati\/#article","isPartOf":{"@id":"https:\/\/www.bellunopress.it\/2019\/12\/19\/mondiali-2021-olimpiadi-2026-caner-migliaia-di-appassionati-verso-le-dolomiti-atterreranno-in-aeroporti-veneti-e-troveranno-accoglienza-e-servizi-qualificati\/"},"author":{"name":"redazione","@id":"https:\/\/www.bellunopress.it\/#\/schema\/person\/79bb06722b37ece1c03d3e94beb30d73"},"headline":"Mondiali 2021, Olimpiadi 2026. Caner: &#8220;Migliaia di appassionati verso le Dolomiti atterreranno in aeroporti veneti e troveranno accoglienza e servizi qualificati&#8221;","datePublished":"2019-12-19T17:12:55+00:00","mainEntityOfPage":{"@id":"https:\/\/www.bellunopress.it\/2019\/12\/19\/mondiali-2021-olimpiadi-2026-caner-migliaia-di-appassionati-verso-le-dolomiti-atterreranno-in-aeroporti-veneti-e-troveranno-accoglienza-e-servizi-qualificati\/"},"wordCount":504,"publisher":{"@id":"https:\/\/www.bellunopress.it\/#organization"},"image":{"@id":"https:\/\/www.bellunopress.it\/2019\/12\/19\/mondiali-2021-olimpiadi-2026-caner-migliaia-di-appassionati-verso-le-dolomiti-atterreranno-in-aeroporti-veneti-e-troveranno-accoglienza-e-servizi-qualificati\/#primaryimage"},"thumbnailUrl":"http:\/\/www.bellunopress.it\/wp-content\/uploads\/2018\/09\/Caner.jpg","articleSection":["Cronaca\/Politica","Prima Pagina"],"inLanguage":"fr-FR"},{"@type":"WebPage","@id":"https:\/\/www.bellunopress.it\/2019\/12\/19\/mondiali-2021-olimpiadi-2026-caner-migliaia-di-appassionati-verso-le-dolomiti-atterreranno-in-aeroporti-veneti-e-troveranno-accoglienza-e-servizi-qualificati\/","url":"https:\/\/www.bellunopress.it\/2019\/12\/19\/mondiali-2021-olimpiadi-2026-caner-migliaia-di-appassionati-verso-le-dolomiti-atterreranno-in-aeroporti-veneti-e-troveranno-accoglienza-e-servizi-qualificati\/","name":"Mondiali 2021, Olimpiadi 2026. Caner: \"Migliaia di appassionati verso le Dolomiti atterreranno in aeroporti veneti e troveranno accoglienza e servizi qualificati\" - Bellunopress - Dolomiti","isPartOf":{"@id":"https:\/\/www.bellunopress.it\/#website"},"primaryImageOfPage":{"@id":"https:\/\/www.bellunopress.it\/2019\/12\/19\/mondiali-2021-olimpiadi-2026-caner-migliaia-di-appassionati-verso-le-dolomiti-atterreranno-in-aeroporti-veneti-e-troveranno-accoglienza-e-servizi-qualificati\/#primaryimage"},"image":{"@id":"https:\/\/www.bellunopress.it\/2019\/12\/19\/mondiali-2021-olimpiadi-2026-caner-migliaia-di-appassionati-verso-le-dolomiti-atterreranno-in-aeroporti-veneti-e-troveranno-accoglienza-e-servizi-qualificati\/#primaryimage"},"thumbnailUrl":"http:\/\/www.bellunopress.it\/wp-content\/uploads\/2018\/09\/Caner.jpg","datePublished":"2019-12-19T17:12:55+00:00","breadcrumb":{"@id":"https:\/\/www.bellunopress.it\/2019\/12\/19\/mondiali-2021-olimpiadi-2026-caner-migliaia-di-appassionati-verso-le-dolomiti-atterreranno-in-aeroporti-veneti-e-troveranno-accoglienza-e-servizi-qualificati\/#breadcrumb"},"inLanguage":"fr-FR","potentialAction":[{"@type":"ReadAction","target":["https:\/\/www.bellunopress.it\/2019\/12\/19\/mondiali-2021-olimpiadi-2026-caner-migliaia-di-appassionati-verso-le-dolomiti-atterreranno-in-aeroporti-veneti-e-troveranno-accoglienza-e-servizi-qualificati\/"]}]},{"@type":"ImageObject","inLanguage":"fr-FR","@id":"https:\/\/www.bellunopress.it\/2019\/12\/19\/mondiali-2021-olimpiadi-2026-caner-migliaia-di-appassionati-verso-le-dolomiti-atterreranno-in-aeroporti-veneti-e-troveranno-accoglienza-e-servizi-qualificati\/#primaryimage","url":"http:\/\/www.bellunopress.it\/wp-content\/uploads\/2018\/09\/Caner.jpg","contentUrl":"http:\/\/www.bellunopress.it\/wp-content\/uploads\/2018\/09\/Caner.jpg"},{"@type":"BreadcrumbList","@id":"https:\/\/www.bellunopress.it\/2019\/12\/19\/mondiali-2021-olimpiadi-2026-caner-migliaia-di-appassionati-verso-le-dolomiti-atterreranno-in-aeroporti-veneti-e-troveranno-accoglienza-e-servizi-qualificati\/#breadcrumb","itemListElement":[{"@type":"ListItem","position":1,"name":"Home","item":"https:\/\/www.bellunopress.it\/"},{"@type":"ListItem","position":2,"name":"Mondiali 2021, Olimpiadi 2026. Caner: &#8220;Migliaia di appassionati verso le Dolomiti atterreranno in aeroporti veneti e troveranno accoglienza e servizi qualificati&#8221;"}]},{"@type":"WebSite","@id":"https:\/\/www.bellunopress.it\/#website","url":"https:\/\/www.bellunopress.it\/","name":"Bellunopress - Dolomiti","description":"e-mail: redazione@bellunopress.it","publisher":{"@id":"https:\/\/www.bellunopress.it\/#organization"},"potentialAction":[{"@type":"SearchAction","target":{"@type":"EntryPoint","urlTemplate":"https:\/\/www.bellunopress.it\/?s={search_term_string}"},"query-input":{"@type":"PropertyValueSpecification","valueRequired":true,"valueName":"search_term_string"}}],"inLanguage":"fr-FR"},{"@type":"Organization","@id":"https:\/\/www.bellunopress.it\/#organization","name":"Bellunopress","url":"https:\/\/www.bellunopress.it\/","logo":{"@type":"ImageObject","inLanguage":"fr-FR","@id":"https:\/\/www.bellunopress.it\/#\/schema\/logo\/image\/","url":"https:\/\/www.bellunopress.it\/wp-content\/uploads\/2011\/05\/cropped-logo-bellunopress-.jpg","contentUrl":"https:\/\/www.bellunopress.it\/wp-content\/uploads\/2011\/05\/cropped-logo-bellunopress-.jpg","width":512,"height":512,"caption":"Bellunopress"},"image":{"@id":"https:\/\/www.bellunopress.it\/#\/schema\/logo\/image\/"},"sameAs":["https:\/\/www.facebook.com\/profile.php?id=100008943462799","https:\/\/x.com\/bellunopress","https:\/\/www.linkedin.com\/hp\/?dnr=JBzUWaJfMUw8vbXJJ2tVW5-I3jZKvC4wsoxE&amp;amp;amp;amp;amp;amp;trk=nav_responsive_tab_home","https:\/\/www.youtube.com\/channel\/UCxL0wu1uN0_3_7hGG0306cw"]},{"@type":"Person","@id":"https:\/\/www.bellunopress.it\/#\/schema\/person\/79bb06722b37ece1c03d3e94beb30d73","name":"r\u00e9daction","image":{"@type":"ImageObject","inLanguage":"fr-FR","@id":"https:\/\/secure.gravatar.com\/avatar\/37d968a2e67a6fd04c169c4bdef102d0bc5d31b2546345219e348575eb80e9a0?s=96&d=mm&r=g","url":"https:\/\/secure.gravatar.com\/avatar\/37d968a2e67a6fd04c169c4bdef102d0bc5d31b2546345219e348575eb80e9a0?s=96&d=mm&r=g","contentUrl":"https:\/\/secure.gravatar.com\/avatar\/37d968a2e67a6fd04c169c4bdef102d0bc5d31b2546345219e348575eb80e9a0?s=96&d=mm&r=g","caption":"redazione"},"sameAs":["http:\/\/www.bellunopress.it","https:\/\/x.com\/bellunopress"],"url":"https:\/\/www.bellunopress.it\/fr\/author\/redazione\/"}]}},"_links":{"self":[{"href":"https:\/\/www.bellunopress.it\/fr\/wp-json\/wp\/v2\/posts\/110597","targetHints":{"allow":["GET"]}}],"collection":[{"href":"https:\/\/www.bellunopress.it\/fr\/wp-json\/wp\/v2\/posts"}],"about":[{"href":"https:\/\/www.bellunopress.it\/fr\/wp-json\/wp\/v2\/types\/post"}],"author":[{"embeddable":true,"href":"https:\/\/www.bellunopress.it\/fr\/wp-json\/wp\/v2\/users\/2"}],"replies":[{"embeddable":true,"href":"https:\/\/www.bellunopress.it\/fr\/wp-json\/wp\/v2\/comments?post=110597"}],"version-history":[{"count":1,"href":"https:\/\/www.bellunopress.it\/fr\/wp-json\/wp\/v2\/posts\/110597\/revisions"}],"predecessor-version":[{"id":110598,"href":"https:\/\/www.bellunopress.it\/fr\/wp-json\/wp\/v2\/posts\/110597\/revisions\/110598"}],"wp:attachment":[{"href":"https:\/\/www.bellunopress.it\/fr\/wp-json\/wp\/v2\/media?parent=110597"}],"wp:term":[{"taxonomy":"category","embeddable":true,"href":"https:\/\/www.bellunopress.it\/fr\/wp-json\/wp\/v2\/categories?post=110597"},{"taxonomy":"post_tag","embeddable":true,"href":"https:\/\/www.bellunopress.it\/fr\/wp-json\/wp\/v2\/tags?post=110597"}],"curies":[{"name":"wp","href":"https:\/\/api.w.org\/{rel}","templated":true}]}}