{"id":110588,"date":"2019-12-19T12:42:27","date_gmt":"2019-12-19T11:42:27","guid":{"rendered":"http:\/\/www.bellunopress.it\/?p=110588"},"modified":"2019-12-19T12:42:28","modified_gmt":"2019-12-19T11:42:28","slug":"lagazuoi-expo-dolomiti-apre-la-sua-programmazione-2020-con-polarquest2018-avventura-scientifica-ai-confini-del-mondo","status":"publish","type":"post","link":"https:\/\/www.bellunopress.it\/fr\/2019\/12\/19\/lagazuoi-expo-dolomiti-apre-la-sua-programmazione-2020-con-polarquest2018-avventura-scientifica-ai-confini-del-mondo\/","title":{"rendered":"Lagazuoi Expo Dolomiti apre la sua programmazione 2020 con PolarQuest2018, avventura scientifica ai confini del mondo"},"content":{"rendered":"<p><em>Il nuovo calendario di eventi del museo nel cuore delle Dolomiti riapre le sue porte, a partire dal 21 dicembre, con \u201c82\u00b007&#8242; Nord\u201d, mostra fotografica che racconta il viaggio di PolarQuest2018, iniziativa scientifica supportata da CERN, Centro Fermi, CRS4, CNR, GREAL, Societ\u00e0 Geografica Italiana. L\u2019esposizione \u00e8 la storia in immagini del viaggio di un team internazionale di ricercatori e scienziati salpati a bordo del veliero Nanuq e in rotta verso Nord. Obiettivo, svolgere per la prima volta campionamenti di microplastiche e misure del flusso di raggi cosmici a latitudini estreme. Dinanzi a loro, un territorio selvaggio e di grande bellezza, minacciato dal riscaldamento globale.<\/em><\/p>\n<p><a href=\"http:\/\/www.bellunopress.it\/fr\/2019\/12\/19\/lagazuoi-expo-dolomiti-apre-la-sua-programmazione-2020-con-polarquest2018-avventura-scientifica-ai-confini-del-mondo\/lagazuoi-expo-dolomiti\/\" rel=\"attachment wp-att-110589\"><img loading=\"lazy\" decoding=\"async\" class=\"alignleft size-full wp-image-110589\" src=\"http:\/\/www.bellunopress.it\/wp-content\/uploads\/2019\/12\/Lagazuoi-Expo-Dolomiti.jpg\" alt=\"\" width=\"300\" height=\"146\" \/><\/a>Cortina d\u2019Ampezzo, 19 dicembre 2019_Dalle rocce delle Dolomiti, antiche milioni di anni, agli iceberg delle Svalbard, anche loro monumentali, ma molto pi\u00f9 fragili: il prossimo 21 dicembre al Lagazuoi Expo Dolomiti, a 2.778 metri di altitudine, aprir\u00e0 una mostra che porter\u00e0 i visitatori ai \u201cconfini\u201d del mondo. L\u2019esposizione fotografica, intitolata 82\u00b007&#8242; Nord, racconta in immagini la calotta polare artica, territorio di sorprendente bellezza che purtroppo desta preoccupazione a causa del surriscaldamento climatico: una mostra fotografica organizzata in collaborazione con DOC Live che racconta PolarQuest2018, spedizione scientifica supportata da CERN, Centro Fermi, CRS4, CNR, GREAL, Societ\u00e0 Geografica Italiana.<\/p>\n<p>La mostra \u00e8 visitabile fino al 19 febbraio e inaugura un fitto calendario ricco di concorsi fotografici, esposizioni dal respiro internazionale e progetti legati all\u2019innovazione che vedono al centro la galleria d\u2019arte e di cultura allestita presso la stazione di arrivo della Funivia Lagazuoi. In quanto polo espositivo altamente tecnologico, Lagazuoi Expo Dolomiti punta i riflettori sulla montagna e sugli ambienti ad essa affini, territori portatori di un punto di vista originale e parzialmente inesplorato.<\/p>\n<p>L&#8217;esposizione evoca, a partire dal titolo, la latitudine record raggiunta dal veliero Nanuq. Questo vero e proprio laboratorio scientifico galleggiante nel 2018 ha portato a termine una missione importante: sondare lo stato di salute dell\u2019ecosistema artico, luogo simbolo del riscaldamento globale e territorio dove si gioca una partita fondamentale per la salute del pianeta. A bordo, il team internazionale della spedizione PolarQuest2018, che ha effettuato campionamenti di microplastiche e misurazioni di raggi cosmici per la prima volta nella storia. PolarQuest2018 rivestiva anche un\u2019importanza storica, culturale e simbolica: Nanuq ha navigato sulle tracce del dirigibile ITALIA e della spedizione di Umberto Nobile del 1928.<\/p>\n<p>Lagazuoi Expo Dolomiti accoglie, in quattro sale, la proiezione di serie di fotografie di grandi dimensioni, capaci di restituire \u201catmosfericamente\u201d lo spettacolare viaggio. Le immagini sono suddivise in base a quattro nuclei tematici: l\u2019architettura passiva, tecnica utilizzata per la costruzione del veliero Nanuq; i panorami dominati dal ghiaccio e le grandi navi che occasionalmente solcano il mare; le microplastiche, uno dei soggetti della ricerca scientifica; animali che abitano l\u2019estremo Nord, come volpi artiche, orsi polari, trichechi, foche, balene e paesaggi artici.<\/p>\n<p><strong>Il calendario delle successive esposizioni<\/strong><\/p>\n<p>21 febbraio \u2013 7 aprile: Winning Ideas Mountain Award<\/p>\n<p>La galleria dolomitica esporr\u00e0 i progetti vincitori di questo concorso alla sua prima edizione, dedicato alle idee innovative legate alla montagna: l\u2019occasione per conoscere lo stato dell\u2019arte della tecnologia, del design, della comunicazione nel contesto delle terre alte. Quattro le categorie in concorso: abbigliamento e attrezzature da montagna; turismo e sostenibilit\u00e0 della montagna; innovazione digitale &amp; app; corto montagna.<\/p>\n<p>30 maggio \u2013 28 agosto: Lagazuoi Photo Award<\/p>\n<p>Durante il periodo estivo la galleria espone gli scatti vincitori della prima edizione del Lagazuoi Photo Award, ideato e curato da Denis Curti, fondatore e direttore della Galleria Still di Milano. Fotografi professionisti sono stati invitati a immortalare le Dolomiti, gettando le basi di un nuovo linguaggio visivo dedicato alla montagna. La giuria \u00e8 composta, oltre allo stesso Curti e all\u2019imprenditore di montagna Stefano Illing da: Nathalie Herschdorfer, curatrice indipendente specializzata in fotografia e direttore del Mus\u00e9e des Beaux-Arts Le Locle in Svizzera; Andr\u00e9a Holzherr, Global Exhibition Director e curatrice per Magnum Photos; Susanna Tamaro, scrittrice; Mario Calabresi, giornalista e scrittore.<\/p>\n<p>30 agosto \u2013 18 ottobre: K2<\/p>\n<p>Dalla fine dell\u2019estate il K2 diventa protagonista di una narrazione che procede su un doppio binario, tra gli scatti del fotografo Matteo Zanga e il documentario di SkyTg24 girato dal giornalista Daniele Moretti. La mostra racconta la spedizione italiana e pakistana che nel 2014 ha reso omaggio, a 60 anni dall\u2019impresa, alla conquista italiana del K2. Un omaggio speciale a Lino Lacedelli, \u201cscoiattolo\u201d di Cortina che dopo l\u2019impresa sul K2 del 1954 \u00e8 stato uno dei soci fondatori della societ\u00e0 Lagazuoi.<\/p>","protected":false},"excerpt":{"rendered":"<p>Il nuovo calendario di eventi del museo nel cuore delle Dolomiti riapre le sue porte, a partire dal 21 dicembre, con \u201c82\u00b007&#8242; Nord\u201d, mostra fotografica che racconta il viaggio di PolarQuest2018, iniziativa scientifica supportata da CERN, Centro Fermi, CRS4, CNR, GREAL, Societ\u00e0 Geografica Italiana. L\u2019esposizione \u00e8 la storia in immagini del viaggio di un team [&hellip;]<\/p>\n","protected":false},"author":2,"featured_media":0,"comment_status":"closed","ping_status":"open","sticky":false,"template":"","format":"standard","meta":{"footnotes":""},"categories":[27,3,25],"tags":[],"class_list":["post-110588","post","type-post","status-publish","format-standard","category-appuntamenti","category-arte-cultura-spettacoli-scienza-archivi","category-pausa-caffe"],"yoast_head":"<!-- This site is optimized with the Yoast SEO plugin v28.4 - https:\/\/yoast.com\/product\/yoast-seo-wordpress\/ -->\n<title>Lagazuoi Expo Dolomiti apre la sua programmazione 2020 con PolarQuest2018, avventura scientifica ai confini del mondo - Bellunopress - Dolomiti<\/title>\n<meta name=\"robots\" content=\"index, follow, max-snippet:-1, max-image-preview:large, max-video-preview:-1\" \/>\n<link rel=\"canonical\" href=\"https:\/\/www.bellunopress.it\/fr\/2019\/12\/19\/lagazuoi-expo-dolomiti-apre-la-sua-programmazione-2020-con-polarquest2018-avventura-scientifica-ai-confini-del-mondo\/\" \/>\n<meta property=\"og:locale\" content=\"fr_FR\" \/>\n<meta property=\"og:type\" content=\"article\" \/>\n<meta property=\"og:title\" content=\"Lagazuoi Expo Dolomiti apre la sua programmazione 2020 con PolarQuest2018, avventura scientifica ai confini del mondo - Bellunopress - Dolomiti\" \/>\n<meta property=\"og:description\" content=\"Il nuovo calendario di eventi del museo nel cuore delle Dolomiti riapre le sue porte, a partire dal 21 dicembre, con \u201c82\u00b007&#8242; Nord\u201d, mostra fotografica che racconta il viaggio di PolarQuest2018, iniziativa scientifica supportata da CERN, Centro Fermi, CRS4, CNR, GREAL, Societ\u00e0 Geografica Italiana. L\u2019esposizione \u00e8 la storia in immagini del viaggio di un team [&hellip;]\" \/>\n<meta property=\"og:url\" content=\"https:\/\/www.bellunopress.it\/fr\/2019\/12\/19\/lagazuoi-expo-dolomiti-apre-la-sua-programmazione-2020-con-polarquest2018-avventura-scientifica-ai-confini-del-mondo\/\" \/>\n<meta property=\"og:site_name\" content=\"Bellunopress - Dolomiti\" \/>\n<meta property=\"article:publisher\" content=\"https:\/\/www.facebook.com\/profile.php?id=100008943462799\" \/>\n<meta property=\"article:published_time\" content=\"2019-12-19T11:42:27+00:00\" \/>\n<meta property=\"article:modified_time\" content=\"2019-12-19T11:42:28+00:00\" \/>\n<meta property=\"og:image\" content=\"http:\/\/www.bellunopress.it\/wp-content\/uploads\/2019\/12\/Lagazuoi-Expo-Dolomiti.jpg\" \/>\n<meta name=\"author\" content=\"redazione\" \/>\n<meta name=\"twitter:card\" content=\"summary_large_image\" \/>\n<meta name=\"twitter:creator\" content=\"@bellunopress\" \/>\n<meta name=\"twitter:site\" content=\"@bellunopress\" \/>\n<meta name=\"twitter:label1\" content=\"Written by\" \/>\n\t<meta name=\"twitter:data1\" content=\"redazione\" \/>\n\t<meta name=\"twitter:label2\" content=\"Est. reading time\" \/>\n\t<meta name=\"twitter:data2\" content=\"4 minutes\" \/>\n<script type=\"application\/ld+json\" class=\"yoast-schema-graph\">{\"@context\":\"https:\\\/\\\/schema.org\",\"@graph\":[{\"@type\":\"Article\",\"@id\":\"https:\\\/\\\/www.bellunopress.it\\\/2019\\\/12\\\/19\\\/lagazuoi-expo-dolomiti-apre-la-sua-programmazione-2020-con-polarquest2018-avventura-scientifica-ai-confini-del-mondo\\\/#article\",\"isPartOf\":{\"@id\":\"https:\\\/\\\/www.bellunopress.it\\\/2019\\\/12\\\/19\\\/lagazuoi-expo-dolomiti-apre-la-sua-programmazione-2020-con-polarquest2018-avventura-scientifica-ai-confini-del-mondo\\\/\"},\"author\":{\"name\":\"redazione\",\"@id\":\"https:\\\/\\\/www.bellunopress.it\\\/#\\\/schema\\\/person\\\/79bb06722b37ece1c03d3e94beb30d73\"},\"headline\":\"Lagazuoi Expo Dolomiti apre la sua programmazione 2020 con PolarQuest2018, avventura scientifica ai confini del mondo\",\"datePublished\":\"2019-12-19T11:42:27+00:00\",\"dateModified\":\"2019-12-19T11:42:28+00:00\",\"mainEntityOfPage\":{\"@id\":\"https:\\\/\\\/www.bellunopress.it\\\/2019\\\/12\\\/19\\\/lagazuoi-expo-dolomiti-apre-la-sua-programmazione-2020-con-polarquest2018-avventura-scientifica-ai-confini-del-mondo\\\/\"},\"wordCount\":737,\"publisher\":{\"@id\":\"https:\\\/\\\/www.bellunopress.it\\\/#organization\"},\"image\":{\"@id\":\"https:\\\/\\\/www.bellunopress.it\\\/2019\\\/12\\\/19\\\/lagazuoi-expo-dolomiti-apre-la-sua-programmazione-2020-con-polarquest2018-avventura-scientifica-ai-confini-del-mondo\\\/#primaryimage\"},\"thumbnailUrl\":\"http:\\\/\\\/www.bellunopress.it\\\/wp-content\\\/uploads\\\/2019\\\/12\\\/Lagazuoi-Expo-Dolomiti.jpg\",\"articleSection\":[\"Appuntamenti, Eventi\",\"Arte, Cultura, Spettacoli, Scienza\",\"Pausa Caff\u00e8\"],\"inLanguage\":\"fr-FR\"},{\"@type\":\"WebPage\",\"@id\":\"https:\\\/\\\/www.bellunopress.it\\\/2019\\\/12\\\/19\\\/lagazuoi-expo-dolomiti-apre-la-sua-programmazione-2020-con-polarquest2018-avventura-scientifica-ai-confini-del-mondo\\\/\",\"url\":\"https:\\\/\\\/www.bellunopress.it\\\/2019\\\/12\\\/19\\\/lagazuoi-expo-dolomiti-apre-la-sua-programmazione-2020-con-polarquest2018-avventura-scientifica-ai-confini-del-mondo\\\/\",\"name\":\"Lagazuoi Expo Dolomiti apre la sua programmazione 2020 con PolarQuest2018, avventura scientifica ai confini del mondo - Bellunopress - Dolomiti\",\"isPartOf\":{\"@id\":\"https:\\\/\\\/www.bellunopress.it\\\/#website\"},\"primaryImageOfPage\":{\"@id\":\"https:\\\/\\\/www.bellunopress.it\\\/2019\\\/12\\\/19\\\/lagazuoi-expo-dolomiti-apre-la-sua-programmazione-2020-con-polarquest2018-avventura-scientifica-ai-confini-del-mondo\\\/#primaryimage\"},\"image\":{\"@id\":\"https:\\\/\\\/www.bellunopress.it\\\/2019\\\/12\\\/19\\\/lagazuoi-expo-dolomiti-apre-la-sua-programmazione-2020-con-polarquest2018-avventura-scientifica-ai-confini-del-mondo\\\/#primaryimage\"},\"thumbnailUrl\":\"http:\\\/\\\/www.bellunopress.it\\\/wp-content\\\/uploads\\\/2019\\\/12\\\/Lagazuoi-Expo-Dolomiti.jpg\",\"datePublished\":\"2019-12-19T11:42:27+00:00\",\"dateModified\":\"2019-12-19T11:42:28+00:00\",\"breadcrumb\":{\"@id\":\"https:\\\/\\\/www.bellunopress.it\\\/2019\\\/12\\\/19\\\/lagazuoi-expo-dolomiti-apre-la-sua-programmazione-2020-con-polarquest2018-avventura-scientifica-ai-confini-del-mondo\\\/#breadcrumb\"},\"inLanguage\":\"fr-FR\",\"potentialAction\":[{\"@type\":\"ReadAction\",\"target\":[\"https:\\\/\\\/www.bellunopress.it\\\/2019\\\/12\\\/19\\\/lagazuoi-expo-dolomiti-apre-la-sua-programmazione-2020-con-polarquest2018-avventura-scientifica-ai-confini-del-mondo\\\/\"]}]},{\"@type\":\"ImageObject\",\"inLanguage\":\"fr-FR\",\"@id\":\"https:\\\/\\\/www.bellunopress.it\\\/2019\\\/12\\\/19\\\/lagazuoi-expo-dolomiti-apre-la-sua-programmazione-2020-con-polarquest2018-avventura-scientifica-ai-confini-del-mondo\\\/#primaryimage\",\"url\":\"http:\\\/\\\/www.bellunopress.it\\\/wp-content\\\/uploads\\\/2019\\\/12\\\/Lagazuoi-Expo-Dolomiti.jpg\",\"contentUrl\":\"http:\\\/\\\/www.bellunopress.it\\\/wp-content\\\/uploads\\\/2019\\\/12\\\/Lagazuoi-Expo-Dolomiti.jpg\"},{\"@type\":\"BreadcrumbList\",\"@id\":\"https:\\\/\\\/www.bellunopress.it\\\/2019\\\/12\\\/19\\\/lagazuoi-expo-dolomiti-apre-la-sua-programmazione-2020-con-polarquest2018-avventura-scientifica-ai-confini-del-mondo\\\/#breadcrumb\",\"itemListElement\":[{\"@type\":\"ListItem\",\"position\":1,\"name\":\"Home\",\"item\":\"https:\\\/\\\/www.bellunopress.it\\\/\"},{\"@type\":\"ListItem\",\"position\":2,\"name\":\"Lagazuoi Expo Dolomiti apre la sua programmazione 2020 con PolarQuest2018, avventura scientifica ai confini del mondo\"}]},{\"@type\":\"WebSite\",\"@id\":\"https:\\\/\\\/www.bellunopress.it\\\/#website\",\"url\":\"https:\\\/\\\/www.bellunopress.it\\\/\",\"name\":\"Bellunopress - Dolomiti\",\"description\":\"e-mail: redazione@bellunopress.it\",\"publisher\":{\"@id\":\"https:\\\/\\\/www.bellunopress.it\\\/#organization\"},\"potentialAction\":[{\"@type\":\"SearchAction\",\"target\":{\"@type\":\"EntryPoint\",\"urlTemplate\":\"https:\\\/\\\/www.bellunopress.it\\\/?s={search_term_string}\"},\"query-input\":{\"@type\":\"PropertyValueSpecification\",\"valueRequired\":true,\"valueName\":\"search_term_string\"}}],\"inLanguage\":\"fr-FR\"},{\"@type\":\"Organization\",\"@id\":\"https:\\\/\\\/www.bellunopress.it\\\/#organization\",\"name\":\"Bellunopress\",\"url\":\"https:\\\/\\\/www.bellunopress.it\\\/\",\"logo\":{\"@type\":\"ImageObject\",\"inLanguage\":\"fr-FR\",\"@id\":\"https:\\\/\\\/www.bellunopress.it\\\/#\\\/schema\\\/logo\\\/image\\\/\",\"url\":\"https:\\\/\\\/www.bellunopress.it\\\/wp-content\\\/uploads\\\/2011\\\/05\\\/cropped-logo-bellunopress-.jpg\",\"contentUrl\":\"https:\\\/\\\/www.bellunopress.it\\\/wp-content\\\/uploads\\\/2011\\\/05\\\/cropped-logo-bellunopress-.jpg\",\"width\":512,\"height\":512,\"caption\":\"Bellunopress\"},\"image\":{\"@id\":\"https:\\\/\\\/www.bellunopress.it\\\/#\\\/schema\\\/logo\\\/image\\\/\"},\"sameAs\":[\"https:\\\/\\\/www.facebook.com\\\/profile.php?id=100008943462799\",\"https:\\\/\\\/x.com\\\/bellunopress\",\"https:\\\/\\\/www.linkedin.com\\\/hp\\\/?dnr=JBzUWaJfMUw8vbXJJ2tVW5-I3jZKvC4wsoxE&amp;amp;amp;amp;amp;amp;trk=nav_responsive_tab_home\",\"https:\\\/\\\/www.youtube.com\\\/channel\\\/UCxL0wu1uN0_3_7hGG0306cw\"]},{\"@type\":\"Person\",\"@id\":\"https:\\\/\\\/www.bellunopress.it\\\/#\\\/schema\\\/person\\\/79bb06722b37ece1c03d3e94beb30d73\",\"name\":\"redazione\",\"image\":{\"@type\":\"ImageObject\",\"inLanguage\":\"fr-FR\",\"@id\":\"https:\\\/\\\/secure.gravatar.com\\\/avatar\\\/37d968a2e67a6fd04c169c4bdef102d0bc5d31b2546345219e348575eb80e9a0?s=96&d=mm&r=g\",\"url\":\"https:\\\/\\\/secure.gravatar.com\\\/avatar\\\/37d968a2e67a6fd04c169c4bdef102d0bc5d31b2546345219e348575eb80e9a0?s=96&d=mm&r=g\",\"contentUrl\":\"https:\\\/\\\/secure.gravatar.com\\\/avatar\\\/37d968a2e67a6fd04c169c4bdef102d0bc5d31b2546345219e348575eb80e9a0?s=96&d=mm&r=g\",\"caption\":\"redazione\"},\"sameAs\":[\"http:\\\/\\\/www.bellunopress.it\",\"https:\\\/\\\/x.com\\\/bellunopress\"],\"url\":\"https:\\\/\\\/www.bellunopress.it\\\/fr\\\/author\\\/redazione\\\/\"}]}<\/script>\n<!-- \/ Yoast SEO plugin. -->","yoast_head_json":{"title":"Lagazuoi Expo Dolomiti apre la sua programmazione 2020 con PolarQuest2018, avventura scientifica ai confini del mondo - Bellunopress - Dolomiti","robots":{"index":"index","follow":"follow","max-snippet":"max-snippet:-1","max-image-preview":"max-image-preview:large","max-video-preview":"max-video-preview:-1"},"canonical":"https:\/\/www.bellunopress.it\/fr\/2019\/12\/19\/lagazuoi-expo-dolomiti-apre-la-sua-programmazione-2020-con-polarquest2018-avventura-scientifica-ai-confini-del-mondo\/","og_locale":"fr_FR","og_type":"article","og_title":"Lagazuoi Expo Dolomiti apre la sua programmazione 2020 con PolarQuest2018, avventura scientifica ai confini del mondo - Bellunopress - Dolomiti","og_description":"Il nuovo calendario di eventi del museo nel cuore delle Dolomiti riapre le sue porte, a partire dal 21 dicembre, con \u201c82\u00b007&#8242; Nord\u201d, mostra fotografica che racconta il viaggio di PolarQuest2018, iniziativa scientifica supportata da CERN, Centro Fermi, CRS4, CNR, GREAL, Societ\u00e0 Geografica Italiana. L\u2019esposizione \u00e8 la storia in immagini del viaggio di un team [&hellip;]","og_url":"https:\/\/www.bellunopress.it\/fr\/2019\/12\/19\/lagazuoi-expo-dolomiti-apre-la-sua-programmazione-2020-con-polarquest2018-avventura-scientifica-ai-confini-del-mondo\/","og_site_name":"Bellunopress - Dolomiti","article_publisher":"https:\/\/www.facebook.com\/profile.php?id=100008943462799","article_published_time":"2019-12-19T11:42:27+00:00","article_modified_time":"2019-12-19T11:42:28+00:00","og_image":[{"url":"http:\/\/www.bellunopress.it\/wp-content\/uploads\/2019\/12\/Lagazuoi-Expo-Dolomiti.jpg","type":"","width":"","height":""}],"author":"redazione","twitter_card":"summary_large_image","twitter_creator":"@bellunopress","twitter_site":"@bellunopress","twitter_misc":{"Written by":"redazione","Est. reading time":"4 minutes"},"schema":{"@context":"https:\/\/schema.org","@graph":[{"@type":"Article","@id":"https:\/\/www.bellunopress.it\/2019\/12\/19\/lagazuoi-expo-dolomiti-apre-la-sua-programmazione-2020-con-polarquest2018-avventura-scientifica-ai-confini-del-mondo\/#article","isPartOf":{"@id":"https:\/\/www.bellunopress.it\/2019\/12\/19\/lagazuoi-expo-dolomiti-apre-la-sua-programmazione-2020-con-polarquest2018-avventura-scientifica-ai-confini-del-mondo\/"},"author":{"name":"redazione","@id":"https:\/\/www.bellunopress.it\/#\/schema\/person\/79bb06722b37ece1c03d3e94beb30d73"},"headline":"Lagazuoi Expo Dolomiti apre la sua programmazione 2020 con PolarQuest2018, avventura scientifica ai confini del mondo","datePublished":"2019-12-19T11:42:27+00:00","dateModified":"2019-12-19T11:42:28+00:00","mainEntityOfPage":{"@id":"https:\/\/www.bellunopress.it\/2019\/12\/19\/lagazuoi-expo-dolomiti-apre-la-sua-programmazione-2020-con-polarquest2018-avventura-scientifica-ai-confini-del-mondo\/"},"wordCount":737,"publisher":{"@id":"https:\/\/www.bellunopress.it\/#organization"},"image":{"@id":"https:\/\/www.bellunopress.it\/2019\/12\/19\/lagazuoi-expo-dolomiti-apre-la-sua-programmazione-2020-con-polarquest2018-avventura-scientifica-ai-confini-del-mondo\/#primaryimage"},"thumbnailUrl":"http:\/\/www.bellunopress.it\/wp-content\/uploads\/2019\/12\/Lagazuoi-Expo-Dolomiti.jpg","articleSection":["Appuntamenti, Eventi","Arte, Cultura, Spettacoli, Scienza","Pausa Caff\u00e8"],"inLanguage":"fr-FR"},{"@type":"WebPage","@id":"https:\/\/www.bellunopress.it\/2019\/12\/19\/lagazuoi-expo-dolomiti-apre-la-sua-programmazione-2020-con-polarquest2018-avventura-scientifica-ai-confini-del-mondo\/","url":"https:\/\/www.bellunopress.it\/2019\/12\/19\/lagazuoi-expo-dolomiti-apre-la-sua-programmazione-2020-con-polarquest2018-avventura-scientifica-ai-confini-del-mondo\/","name":"Lagazuoi Expo Dolomiti apre la sua programmazione 2020 con PolarQuest2018, avventura scientifica ai confini del mondo - Bellunopress - Dolomiti","isPartOf":{"@id":"https:\/\/www.bellunopress.it\/#website"},"primaryImageOfPage":{"@id":"https:\/\/www.bellunopress.it\/2019\/12\/19\/lagazuoi-expo-dolomiti-apre-la-sua-programmazione-2020-con-polarquest2018-avventura-scientifica-ai-confini-del-mondo\/#primaryimage"},"image":{"@id":"https:\/\/www.bellunopress.it\/2019\/12\/19\/lagazuoi-expo-dolomiti-apre-la-sua-programmazione-2020-con-polarquest2018-avventura-scientifica-ai-confini-del-mondo\/#primaryimage"},"thumbnailUrl":"http:\/\/www.bellunopress.it\/wp-content\/uploads\/2019\/12\/Lagazuoi-Expo-Dolomiti.jpg","datePublished":"2019-12-19T11:42:27+00:00","dateModified":"2019-12-19T11:42:28+00:00","breadcrumb":{"@id":"https:\/\/www.bellunopress.it\/2019\/12\/19\/lagazuoi-expo-dolomiti-apre-la-sua-programmazione-2020-con-polarquest2018-avventura-scientifica-ai-confini-del-mondo\/#breadcrumb"},"inLanguage":"fr-FR","potentialAction":[{"@type":"ReadAction","target":["https:\/\/www.bellunopress.it\/2019\/12\/19\/lagazuoi-expo-dolomiti-apre-la-sua-programmazione-2020-con-polarquest2018-avventura-scientifica-ai-confini-del-mondo\/"]}]},{"@type":"ImageObject","inLanguage":"fr-FR","@id":"https:\/\/www.bellunopress.it\/2019\/12\/19\/lagazuoi-expo-dolomiti-apre-la-sua-programmazione-2020-con-polarquest2018-avventura-scientifica-ai-confini-del-mondo\/#primaryimage","url":"http:\/\/www.bellunopress.it\/wp-content\/uploads\/2019\/12\/Lagazuoi-Expo-Dolomiti.jpg","contentUrl":"http:\/\/www.bellunopress.it\/wp-content\/uploads\/2019\/12\/Lagazuoi-Expo-Dolomiti.jpg"},{"@type":"BreadcrumbList","@id":"https:\/\/www.bellunopress.it\/2019\/12\/19\/lagazuoi-expo-dolomiti-apre-la-sua-programmazione-2020-con-polarquest2018-avventura-scientifica-ai-confini-del-mondo\/#breadcrumb","itemListElement":[{"@type":"ListItem","position":1,"name":"Home","item":"https:\/\/www.bellunopress.it\/"},{"@type":"ListItem","position":2,"name":"Lagazuoi Expo Dolomiti apre la sua programmazione 2020 con PolarQuest2018, avventura scientifica ai confini del mondo"}]},{"@type":"WebSite","@id":"https:\/\/www.bellunopress.it\/#website","url":"https:\/\/www.bellunopress.it\/","name":"Bellunopress - Dolomiti","description":"e-mail: redazione@bellunopress.it","publisher":{"@id":"https:\/\/www.bellunopress.it\/#organization"},"potentialAction":[{"@type":"SearchAction","target":{"@type":"EntryPoint","urlTemplate":"https:\/\/www.bellunopress.it\/?s={search_term_string}"},"query-input":{"@type":"PropertyValueSpecification","valueRequired":true,"valueName":"search_term_string"}}],"inLanguage":"fr-FR"},{"@type":"Organization","@id":"https:\/\/www.bellunopress.it\/#organization","name":"Bellunopress","url":"https:\/\/www.bellunopress.it\/","logo":{"@type":"ImageObject","inLanguage":"fr-FR","@id":"https:\/\/www.bellunopress.it\/#\/schema\/logo\/image\/","url":"https:\/\/www.bellunopress.it\/wp-content\/uploads\/2011\/05\/cropped-logo-bellunopress-.jpg","contentUrl":"https:\/\/www.bellunopress.it\/wp-content\/uploads\/2011\/05\/cropped-logo-bellunopress-.jpg","width":512,"height":512,"caption":"Bellunopress"},"image":{"@id":"https:\/\/www.bellunopress.it\/#\/schema\/logo\/image\/"},"sameAs":["https:\/\/www.facebook.com\/profile.php?id=100008943462799","https:\/\/x.com\/bellunopress","https:\/\/www.linkedin.com\/hp\/?dnr=JBzUWaJfMUw8vbXJJ2tVW5-I3jZKvC4wsoxE&amp;amp;amp;amp;amp;amp;trk=nav_responsive_tab_home","https:\/\/www.youtube.com\/channel\/UCxL0wu1uN0_3_7hGG0306cw"]},{"@type":"Person","@id":"https:\/\/www.bellunopress.it\/#\/schema\/person\/79bb06722b37ece1c03d3e94beb30d73","name":"r\u00e9daction","image":{"@type":"ImageObject","inLanguage":"fr-FR","@id":"https:\/\/secure.gravatar.com\/avatar\/37d968a2e67a6fd04c169c4bdef102d0bc5d31b2546345219e348575eb80e9a0?s=96&d=mm&r=g","url":"https:\/\/secure.gravatar.com\/avatar\/37d968a2e67a6fd04c169c4bdef102d0bc5d31b2546345219e348575eb80e9a0?s=96&d=mm&r=g","contentUrl":"https:\/\/secure.gravatar.com\/avatar\/37d968a2e67a6fd04c169c4bdef102d0bc5d31b2546345219e348575eb80e9a0?s=96&d=mm&r=g","caption":"redazione"},"sameAs":["http:\/\/www.bellunopress.it","https:\/\/x.com\/bellunopress"],"url":"https:\/\/www.bellunopress.it\/fr\/author\/redazione\/"}]}},"_links":{"self":[{"href":"https:\/\/www.bellunopress.it\/fr\/wp-json\/wp\/v2\/posts\/110588","targetHints":{"allow":["GET"]}}],"collection":[{"href":"https:\/\/www.bellunopress.it\/fr\/wp-json\/wp\/v2\/posts"}],"about":[{"href":"https:\/\/www.bellunopress.it\/fr\/wp-json\/wp\/v2\/types\/post"}],"author":[{"embeddable":true,"href":"https:\/\/www.bellunopress.it\/fr\/wp-json\/wp\/v2\/users\/2"}],"replies":[{"embeddable":true,"href":"https:\/\/www.bellunopress.it\/fr\/wp-json\/wp\/v2\/comments?post=110588"}],"version-history":[{"count":2,"href":"https:\/\/www.bellunopress.it\/fr\/wp-json\/wp\/v2\/posts\/110588\/revisions"}],"predecessor-version":[{"id":110591,"href":"https:\/\/www.bellunopress.it\/fr\/wp-json\/wp\/v2\/posts\/110588\/revisions\/110591"}],"wp:attachment":[{"href":"https:\/\/www.bellunopress.it\/fr\/wp-json\/wp\/v2\/media?parent=110588"}],"wp:term":[{"taxonomy":"category","embeddable":true,"href":"https:\/\/www.bellunopress.it\/fr\/wp-json\/wp\/v2\/categories?post=110588"},{"taxonomy":"post_tag","embeddable":true,"href":"https:\/\/www.bellunopress.it\/fr\/wp-json\/wp\/v2\/tags?post=110588"}],"curies":[{"name":"wp","href":"https:\/\/api.w.org\/{rel}","templated":true}]}}