{"id":110578,"date":"2019-12-22T20:06:22","date_gmt":"2019-12-22T19:06:22","guid":{"rendered":"http:\/\/www.bellunopress.it\/?p=110578"},"modified":"2019-12-19T10:10:12","modified_gmt":"2019-12-19T09:10:12","slug":"gourmandia-2020-torna-a-treviso-dal-25-al-27-aprile-la-manifestazione-di-davide-paolini-dedicata-agli-artigiani-del-gusto","status":"publish","type":"post","link":"https:\/\/www.bellunopress.it\/fr\/2019\/12\/22\/gourmandia-2020-torna-a-treviso-dal-25-al-27-aprile-la-manifestazione-di-davide-paolini-dedicata-agli-artigiani-del-gusto\/","title":{"rendered":"Gourmandia 2020: Torna a Treviso dal 25 al 27 aprile la manifestazione di Davide Paolini dedicata agli artigiani del gusto"},"content":{"rendered":"<p>Dire, Fare&#8230;Bere e Mangiare, ovvero il cibo come esperienza. Torna l\u2019appuntamento pi\u00f9 goloso della primavera trevigiana: il 25, 26 e 27 aprile negli spazi dell\u2019Opendream \u2013 Ex Area Pagnossin di Treviso va in scena Gourmandia, l\u2019evento dedicato agli artigiani del cibo ideato dal giornalista enogastronomico e fondatore del Gatronauta Davide Paolini.<\/p>\n<figure id=\"attachment_103705\" aria-describedby=\"caption-attachment-103705\" style=\"width: 300px\" class=\"wp-caption alignleft\"><a href=\"http:\/\/www.bellunopress.it\/fr\/2019\/04\/10\/gourmandia-2019-pane-pizza-dolci-e-farine-dal-13-al-15-aprile-a-treviso-spazio-alla-scoperta-dei-lievitati-e-di-tutte-le-loro-declinazioni\/davide-paolini-il-gastronauta-2\/\" rel=\"attachment wp-att-103705\"><img loading=\"lazy\" decoding=\"async\" class=\"size-full wp-image-103705\" src=\"http:\/\/www.bellunopress.it\/wp-content\/uploads\/2019\/04\/davide-paolini-il-gastronauta.jpg\" alt=\"\" width=\"300\" height=\"252\" \/><\/a><figcaption id=\"caption-attachment-103705\" class=\"wp-caption-text\">Davide Paolini, il Gastronauta<\/figcaption><\/figure>\n<p>Il filo conduttore della manifestazione, giunta quest\u2019anno alla sua quinta edizione, \u00e8 il cibo vissuto come esperienza: cibo non solo da guardare e da mangiare, ma da toccare con mano e modellare. Il cibo pensato come momento da vivere. Per questo motivo il titolo che accompagner\u00e0 Gourmandia 2020 sar\u00e0 Dire, fare&#8230;bere e mangiare, che vuole sottolineare il fatto che il gusto \u00e8 prima di tutto una questione di esperienza. Largo spazio dunque a laboratori di cucina e a momenti creativi e di sperimentazione.<\/p>\n<p>Protagonisti dell\u2019evento saranno, come sempre, gli artigiani del gusto con una grande selezione di prodotti di qualit\u00e0, nuove scoperte gastronomiche del Gastronauta da assaggiare e acquistare.<br \/>\nIn preparazione inoltre un ricco calendario di incontri, dibattiti e show cooking con i grandi nomi della cucina italiana.<br \/>\nL\u2019evento sar\u00e0 aperto al pubblico. Ingresso a pagamento.<br \/>\nInfo: gourmandia.gastronauta.it | info@gastronauta.it<\/p>\n<p>Gourmandia in breve<br \/>\nQuando: dal 25 al 27 aprile 2020<br \/>\nDove: Opendream &#8211; Ex Area Pagnossin &#8211; via Noalese 94, Treviso<br \/>\nIngresso adulti: 12 euro<br \/>\nIngresso bambini (6-12 anni): 5 euro<\/p>","protected":false},"excerpt":{"rendered":"<p>Dire, Fare&#8230;Bere e Mangiare, ovvero il cibo come esperienza. Torna l\u2019appuntamento pi\u00f9 goloso della primavera trevigiana: il 25, 26 e 27 aprile negli spazi dell\u2019Opendream \u2013 Ex Area Pagnossin di Treviso va in scena Gourmandia, l\u2019evento dedicato agli artigiani del cibo ideato dal giornalista enogastronomico e fondatore del Gatronauta Davide Paolini. Il filo conduttore della [&hellip;]<\/p>\n","protected":false},"author":2,"featured_media":0,"comment_status":"closed","ping_status":"open","sticky":false,"template":"","format":"standard","meta":{"footnotes":""},"categories":[3394,3393,25],"tags":[],"class_list":["post-110578","post","type-post","status-publish","format-standard","category-cultura-e-spettacoli-fuori-provincia","category-eventi-enogastronomici","category-pausa-caffe"],"yoast_head":"<!-- This site is optimized with the Yoast SEO plugin v28.4 - https:\/\/yoast.com\/product\/yoast-seo-wordpress\/ -->\n<title>Gourmandia 2020: Torna a Treviso dal 25 al 27 aprile la manifestazione di Davide Paolini dedicata agli artigiani del gusto - Bellunopress - Dolomiti<\/title>\n<meta name=\"robots\" content=\"index, follow, max-snippet:-1, max-image-preview:large, max-video-preview:-1\" \/>\n<link rel=\"canonical\" href=\"https:\/\/www.bellunopress.it\/fr\/2019\/12\/22\/gourmandia-2020-torna-a-treviso-dal-25-al-27-aprile-la-manifestazione-di-davide-paolini-dedicata-agli-artigiani-del-gusto\/\" \/>\n<meta property=\"og:locale\" content=\"fr_FR\" \/>\n<meta property=\"og:type\" content=\"article\" \/>\n<meta property=\"og:title\" content=\"Gourmandia 2020: Torna a Treviso dal 25 al 27 aprile la manifestazione di Davide Paolini dedicata agli artigiani del gusto - Bellunopress - Dolomiti\" \/>\n<meta property=\"og:description\" content=\"Dire, Fare&#8230;Bere e Mangiare, ovvero il cibo come esperienza. Torna l\u2019appuntamento pi\u00f9 goloso della primavera trevigiana: il 25, 26 e 27 aprile negli spazi dell\u2019Opendream \u2013 Ex Area Pagnossin di Treviso va in scena Gourmandia, l\u2019evento dedicato agli artigiani del cibo ideato dal giornalista enogastronomico e fondatore del Gatronauta Davide Paolini. Il filo conduttore della [&hellip;]\" \/>\n<meta property=\"og:url\" content=\"https:\/\/www.bellunopress.it\/fr\/2019\/12\/22\/gourmandia-2020-torna-a-treviso-dal-25-al-27-aprile-la-manifestazione-di-davide-paolini-dedicata-agli-artigiani-del-gusto\/\" \/>\n<meta property=\"og:site_name\" content=\"Bellunopress - Dolomiti\" \/>\n<meta property=\"article:publisher\" content=\"https:\/\/www.facebook.com\/profile.php?id=100008943462799\" \/>\n<meta property=\"article:published_time\" content=\"2019-12-22T19:06:22+00:00\" \/>\n<meta property=\"og:image\" content=\"http:\/\/www.bellunopress.it\/wp-content\/uploads\/2019\/04\/davide-paolini-il-gastronauta.jpg\" \/>\n<meta name=\"author\" content=\"redazione\" \/>\n<meta name=\"twitter:card\" content=\"summary_large_image\" \/>\n<meta name=\"twitter:creator\" content=\"@bellunopress\" \/>\n<meta name=\"twitter:site\" content=\"@bellunopress\" \/>\n<meta name=\"twitter:label1\" content=\"\u00c9crit par\" \/>\n\t<meta name=\"twitter:data1\" content=\"redazione\" \/>\n\t<meta name=\"twitter:label2\" content=\"Dur\u00e9e de lecture estim\u00e9e\" \/>\n\t<meta name=\"twitter:data2\" content=\"1 minute\" \/>\n<script type=\"application\/ld+json\" class=\"yoast-schema-graph\">{\"@context\":\"https:\\\/\\\/schema.org\",\"@graph\":[{\"@type\":\"Article\",\"@id\":\"https:\\\/\\\/www.bellunopress.it\\\/2019\\\/12\\\/22\\\/gourmandia-2020-torna-a-treviso-dal-25-al-27-aprile-la-manifestazione-di-davide-paolini-dedicata-agli-artigiani-del-gusto\\\/#article\",\"isPartOf\":{\"@id\":\"https:\\\/\\\/www.bellunopress.it\\\/2019\\\/12\\\/22\\\/gourmandia-2020-torna-a-treviso-dal-25-al-27-aprile-la-manifestazione-di-davide-paolini-dedicata-agli-artigiani-del-gusto\\\/\"},\"author\":{\"name\":\"redazione\",\"@id\":\"https:\\\/\\\/www.bellunopress.it\\\/#\\\/schema\\\/person\\\/79bb06722b37ece1c03d3e94beb30d73\"},\"headline\":\"Gourmandia 2020: Torna a Treviso dal 25 al 27 aprile la manifestazione di Davide Paolini dedicata agli artigiani del gusto\",\"datePublished\":\"2019-12-22T19:06:22+00:00\",\"mainEntityOfPage\":{\"@id\":\"https:\\\/\\\/www.bellunopress.it\\\/2019\\\/12\\\/22\\\/gourmandia-2020-torna-a-treviso-dal-25-al-27-aprile-la-manifestazione-di-davide-paolini-dedicata-agli-artigiani-del-gusto\\\/\"},\"wordCount\":248,\"publisher\":{\"@id\":\"https:\\\/\\\/www.bellunopress.it\\\/#organization\"},\"image\":{\"@id\":\"https:\\\/\\\/www.bellunopress.it\\\/2019\\\/12\\\/22\\\/gourmandia-2020-torna-a-treviso-dal-25-al-27-aprile-la-manifestazione-di-davide-paolini-dedicata-agli-artigiani-del-gusto\\\/#primaryimage\"},\"thumbnailUrl\":\"http:\\\/\\\/www.bellunopress.it\\\/wp-content\\\/uploads\\\/2019\\\/04\\\/davide-paolini-il-gastronauta.jpg\",\"articleSection\":[\"Cultura e spettacoli, tempo libero, benessere, fuori provincia\",\"Eventi enogastronomici\",\"Pausa Caff\u00e8\"],\"inLanguage\":\"fr-FR\"},{\"@type\":\"WebPage\",\"@id\":\"https:\\\/\\\/www.bellunopress.it\\\/2019\\\/12\\\/22\\\/gourmandia-2020-torna-a-treviso-dal-25-al-27-aprile-la-manifestazione-di-davide-paolini-dedicata-agli-artigiani-del-gusto\\\/\",\"url\":\"https:\\\/\\\/www.bellunopress.it\\\/2019\\\/12\\\/22\\\/gourmandia-2020-torna-a-treviso-dal-25-al-27-aprile-la-manifestazione-di-davide-paolini-dedicata-agli-artigiani-del-gusto\\\/\",\"name\":\"Gourmandia 2020: Torna a Treviso dal 25 al 27 aprile la manifestazione di Davide Paolini dedicata agli artigiani del gusto - Bellunopress - Dolomiti\",\"isPartOf\":{\"@id\":\"https:\\\/\\\/www.bellunopress.it\\\/#website\"},\"primaryImageOfPage\":{\"@id\":\"https:\\\/\\\/www.bellunopress.it\\\/2019\\\/12\\\/22\\\/gourmandia-2020-torna-a-treviso-dal-25-al-27-aprile-la-manifestazione-di-davide-paolini-dedicata-agli-artigiani-del-gusto\\\/#primaryimage\"},\"image\":{\"@id\":\"https:\\\/\\\/www.bellunopress.it\\\/2019\\\/12\\\/22\\\/gourmandia-2020-torna-a-treviso-dal-25-al-27-aprile-la-manifestazione-di-davide-paolini-dedicata-agli-artigiani-del-gusto\\\/#primaryimage\"},\"thumbnailUrl\":\"http:\\\/\\\/www.bellunopress.it\\\/wp-content\\\/uploads\\\/2019\\\/04\\\/davide-paolini-il-gastronauta.jpg\",\"datePublished\":\"2019-12-22T19:06:22+00:00\",\"breadcrumb\":{\"@id\":\"https:\\\/\\\/www.bellunopress.it\\\/2019\\\/12\\\/22\\\/gourmandia-2020-torna-a-treviso-dal-25-al-27-aprile-la-manifestazione-di-davide-paolini-dedicata-agli-artigiani-del-gusto\\\/#breadcrumb\"},\"inLanguage\":\"fr-FR\",\"potentialAction\":[{\"@type\":\"ReadAction\",\"target\":[\"https:\\\/\\\/www.bellunopress.it\\\/2019\\\/12\\\/22\\\/gourmandia-2020-torna-a-treviso-dal-25-al-27-aprile-la-manifestazione-di-davide-paolini-dedicata-agli-artigiani-del-gusto\\\/\"]}]},{\"@type\":\"ImageObject\",\"inLanguage\":\"fr-FR\",\"@id\":\"https:\\\/\\\/www.bellunopress.it\\\/2019\\\/12\\\/22\\\/gourmandia-2020-torna-a-treviso-dal-25-al-27-aprile-la-manifestazione-di-davide-paolini-dedicata-agli-artigiani-del-gusto\\\/#primaryimage\",\"url\":\"http:\\\/\\\/www.bellunopress.it\\\/wp-content\\\/uploads\\\/2019\\\/04\\\/davide-paolini-il-gastronauta.jpg\",\"contentUrl\":\"http:\\\/\\\/www.bellunopress.it\\\/wp-content\\\/uploads\\\/2019\\\/04\\\/davide-paolini-il-gastronauta.jpg\"},{\"@type\":\"BreadcrumbList\",\"@id\":\"https:\\\/\\\/www.bellunopress.it\\\/2019\\\/12\\\/22\\\/gourmandia-2020-torna-a-treviso-dal-25-al-27-aprile-la-manifestazione-di-davide-paolini-dedicata-agli-artigiani-del-gusto\\\/#breadcrumb\",\"itemListElement\":[{\"@type\":\"ListItem\",\"position\":1,\"name\":\"Home\",\"item\":\"https:\\\/\\\/www.bellunopress.it\\\/\"},{\"@type\":\"ListItem\",\"position\":2,\"name\":\"Gourmandia 2020: Torna a Treviso dal 25 al 27 aprile la manifestazione di Davide Paolini dedicata agli artigiani del gusto\"}]},{\"@type\":\"WebSite\",\"@id\":\"https:\\\/\\\/www.bellunopress.it\\\/#website\",\"url\":\"https:\\\/\\\/www.bellunopress.it\\\/\",\"name\":\"Bellunopress - Dolomiti\",\"description\":\"e-mail: redazione@bellunopress.it\",\"publisher\":{\"@id\":\"https:\\\/\\\/www.bellunopress.it\\\/#organization\"},\"potentialAction\":[{\"@type\":\"SearchAction\",\"target\":{\"@type\":\"EntryPoint\",\"urlTemplate\":\"https:\\\/\\\/www.bellunopress.it\\\/?s={search_term_string}\"},\"query-input\":{\"@type\":\"PropertyValueSpecification\",\"valueRequired\":true,\"valueName\":\"search_term_string\"}}],\"inLanguage\":\"fr-FR\"},{\"@type\":\"Organization\",\"@id\":\"https:\\\/\\\/www.bellunopress.it\\\/#organization\",\"name\":\"Bellunopress\",\"url\":\"https:\\\/\\\/www.bellunopress.it\\\/\",\"logo\":{\"@type\":\"ImageObject\",\"inLanguage\":\"fr-FR\",\"@id\":\"https:\\\/\\\/www.bellunopress.it\\\/#\\\/schema\\\/logo\\\/image\\\/\",\"url\":\"https:\\\/\\\/www.bellunopress.it\\\/wp-content\\\/uploads\\\/2011\\\/05\\\/cropped-logo-bellunopress-.jpg\",\"contentUrl\":\"https:\\\/\\\/www.bellunopress.it\\\/wp-content\\\/uploads\\\/2011\\\/05\\\/cropped-logo-bellunopress-.jpg\",\"width\":512,\"height\":512,\"caption\":\"Bellunopress\"},\"image\":{\"@id\":\"https:\\\/\\\/www.bellunopress.it\\\/#\\\/schema\\\/logo\\\/image\\\/\"},\"sameAs\":[\"https:\\\/\\\/www.facebook.com\\\/profile.php?id=100008943462799\",\"https:\\\/\\\/x.com\\\/bellunopress\",\"https:\\\/\\\/www.linkedin.com\\\/hp\\\/?dnr=JBzUWaJfMUw8vbXJJ2tVW5-I3jZKvC4wsoxE&amp;amp;amp;amp;amp;amp;trk=nav_responsive_tab_home\",\"https:\\\/\\\/www.youtube.com\\\/channel\\\/UCxL0wu1uN0_3_7hGG0306cw\"]},{\"@type\":\"Person\",\"@id\":\"https:\\\/\\\/www.bellunopress.it\\\/#\\\/schema\\\/person\\\/79bb06722b37ece1c03d3e94beb30d73\",\"name\":\"redazione\",\"image\":{\"@type\":\"ImageObject\",\"inLanguage\":\"fr-FR\",\"@id\":\"https:\\\/\\\/secure.gravatar.com\\\/avatar\\\/37d968a2e67a6fd04c169c4bdef102d0bc5d31b2546345219e348575eb80e9a0?s=96&d=mm&r=g\",\"url\":\"https:\\\/\\\/secure.gravatar.com\\\/avatar\\\/37d968a2e67a6fd04c169c4bdef102d0bc5d31b2546345219e348575eb80e9a0?s=96&d=mm&r=g\",\"contentUrl\":\"https:\\\/\\\/secure.gravatar.com\\\/avatar\\\/37d968a2e67a6fd04c169c4bdef102d0bc5d31b2546345219e348575eb80e9a0?s=96&d=mm&r=g\",\"caption\":\"redazione\"},\"sameAs\":[\"http:\\\/\\\/www.bellunopress.it\",\"https:\\\/\\\/x.com\\\/bellunopress\"],\"url\":\"https:\\\/\\\/www.bellunopress.it\\\/fr\\\/author\\\/redazione\\\/\"}]}<\/script>\n<!-- \/ Yoast SEO plugin. -->","yoast_head_json":{"title":"Gourmandia 2020: Torna a Treviso dal 25 al 27 aprile la manifestazione di Davide Paolini dedicata agli artigiani del gusto - Bellunopress - Dolomiti","robots":{"index":"index","follow":"follow","max-snippet":"max-snippet:-1","max-image-preview":"max-image-preview:large","max-video-preview":"max-video-preview:-1"},"canonical":"https:\/\/www.bellunopress.it\/fr\/2019\/12\/22\/gourmandia-2020-torna-a-treviso-dal-25-al-27-aprile-la-manifestazione-di-davide-paolini-dedicata-agli-artigiani-del-gusto\/","og_locale":"fr_FR","og_type":"article","og_title":"Gourmandia 2020: Torna a Treviso dal 25 al 27 aprile la manifestazione di Davide Paolini dedicata agli artigiani del gusto - Bellunopress - Dolomiti","og_description":"Dire, Fare&#8230;Bere e Mangiare, ovvero il cibo come esperienza. Torna l\u2019appuntamento pi\u00f9 goloso della primavera trevigiana: il 25, 26 e 27 aprile negli spazi dell\u2019Opendream \u2013 Ex Area Pagnossin di Treviso va in scena Gourmandia, l\u2019evento dedicato agli artigiani del cibo ideato dal giornalista enogastronomico e fondatore del Gatronauta Davide Paolini. Il filo conduttore della [&hellip;]","og_url":"https:\/\/www.bellunopress.it\/fr\/2019\/12\/22\/gourmandia-2020-torna-a-treviso-dal-25-al-27-aprile-la-manifestazione-di-davide-paolini-dedicata-agli-artigiani-del-gusto\/","og_site_name":"Bellunopress - Dolomiti","article_publisher":"https:\/\/www.facebook.com\/profile.php?id=100008943462799","article_published_time":"2019-12-22T19:06:22+00:00","og_image":[{"url":"http:\/\/www.bellunopress.it\/wp-content\/uploads\/2019\/04\/davide-paolini-il-gastronauta.jpg","type":"","width":"","height":""}],"author":"redazione","twitter_card":"summary_large_image","twitter_creator":"@bellunopress","twitter_site":"@bellunopress","twitter_misc":{"\u00c9crit par":"redazione","Dur\u00e9e de lecture estim\u00e9e":"1 minute"},"schema":{"@context":"https:\/\/schema.org","@graph":[{"@type":"Article","@id":"https:\/\/www.bellunopress.it\/2019\/12\/22\/gourmandia-2020-torna-a-treviso-dal-25-al-27-aprile-la-manifestazione-di-davide-paolini-dedicata-agli-artigiani-del-gusto\/#article","isPartOf":{"@id":"https:\/\/www.bellunopress.it\/2019\/12\/22\/gourmandia-2020-torna-a-treviso-dal-25-al-27-aprile-la-manifestazione-di-davide-paolini-dedicata-agli-artigiani-del-gusto\/"},"author":{"name":"redazione","@id":"https:\/\/www.bellunopress.it\/#\/schema\/person\/79bb06722b37ece1c03d3e94beb30d73"},"headline":"Gourmandia 2020: Torna a Treviso dal 25 al 27 aprile la manifestazione di Davide Paolini dedicata agli artigiani del gusto","datePublished":"2019-12-22T19:06:22+00:00","mainEntityOfPage":{"@id":"https:\/\/www.bellunopress.it\/2019\/12\/22\/gourmandia-2020-torna-a-treviso-dal-25-al-27-aprile-la-manifestazione-di-davide-paolini-dedicata-agli-artigiani-del-gusto\/"},"wordCount":248,"publisher":{"@id":"https:\/\/www.bellunopress.it\/#organization"},"image":{"@id":"https:\/\/www.bellunopress.it\/2019\/12\/22\/gourmandia-2020-torna-a-treviso-dal-25-al-27-aprile-la-manifestazione-di-davide-paolini-dedicata-agli-artigiani-del-gusto\/#primaryimage"},"thumbnailUrl":"http:\/\/www.bellunopress.it\/wp-content\/uploads\/2019\/04\/davide-paolini-il-gastronauta.jpg","articleSection":["Cultura e spettacoli, tempo libero, benessere, fuori provincia","Eventi enogastronomici","Pausa Caff\u00e8"],"inLanguage":"fr-FR"},{"@type":"WebPage","@id":"https:\/\/www.bellunopress.it\/2019\/12\/22\/gourmandia-2020-torna-a-treviso-dal-25-al-27-aprile-la-manifestazione-di-davide-paolini-dedicata-agli-artigiani-del-gusto\/","url":"https:\/\/www.bellunopress.it\/2019\/12\/22\/gourmandia-2020-torna-a-treviso-dal-25-al-27-aprile-la-manifestazione-di-davide-paolini-dedicata-agli-artigiani-del-gusto\/","name":"Gourmandia 2020: Torna a Treviso dal 25 al 27 aprile la manifestazione di Davide Paolini dedicata agli artigiani del gusto - Bellunopress - Dolomiti","isPartOf":{"@id":"https:\/\/www.bellunopress.it\/#website"},"primaryImageOfPage":{"@id":"https:\/\/www.bellunopress.it\/2019\/12\/22\/gourmandia-2020-torna-a-treviso-dal-25-al-27-aprile-la-manifestazione-di-davide-paolini-dedicata-agli-artigiani-del-gusto\/#primaryimage"},"image":{"@id":"https:\/\/www.bellunopress.it\/2019\/12\/22\/gourmandia-2020-torna-a-treviso-dal-25-al-27-aprile-la-manifestazione-di-davide-paolini-dedicata-agli-artigiani-del-gusto\/#primaryimage"},"thumbnailUrl":"http:\/\/www.bellunopress.it\/wp-content\/uploads\/2019\/04\/davide-paolini-il-gastronauta.jpg","datePublished":"2019-12-22T19:06:22+00:00","breadcrumb":{"@id":"https:\/\/www.bellunopress.it\/2019\/12\/22\/gourmandia-2020-torna-a-treviso-dal-25-al-27-aprile-la-manifestazione-di-davide-paolini-dedicata-agli-artigiani-del-gusto\/#breadcrumb"},"inLanguage":"fr-FR","potentialAction":[{"@type":"ReadAction","target":["https:\/\/www.bellunopress.it\/2019\/12\/22\/gourmandia-2020-torna-a-treviso-dal-25-al-27-aprile-la-manifestazione-di-davide-paolini-dedicata-agli-artigiani-del-gusto\/"]}]},{"@type":"ImageObject","inLanguage":"fr-FR","@id":"https:\/\/www.bellunopress.it\/2019\/12\/22\/gourmandia-2020-torna-a-treviso-dal-25-al-27-aprile-la-manifestazione-di-davide-paolini-dedicata-agli-artigiani-del-gusto\/#primaryimage","url":"http:\/\/www.bellunopress.it\/wp-content\/uploads\/2019\/04\/davide-paolini-il-gastronauta.jpg","contentUrl":"http:\/\/www.bellunopress.it\/wp-content\/uploads\/2019\/04\/davide-paolini-il-gastronauta.jpg"},{"@type":"BreadcrumbList","@id":"https:\/\/www.bellunopress.it\/2019\/12\/22\/gourmandia-2020-torna-a-treviso-dal-25-al-27-aprile-la-manifestazione-di-davide-paolini-dedicata-agli-artigiani-del-gusto\/#breadcrumb","itemListElement":[{"@type":"ListItem","position":1,"name":"Home","item":"https:\/\/www.bellunopress.it\/"},{"@type":"ListItem","position":2,"name":"Gourmandia 2020: Torna a Treviso dal 25 al 27 aprile la manifestazione di Davide Paolini dedicata agli artigiani del gusto"}]},{"@type":"WebSite","@id":"https:\/\/www.bellunopress.it\/#website","url":"https:\/\/www.bellunopress.it\/","name":"Bellunopress - Dolomiti","description":"e-mail: redazione@bellunopress.it","publisher":{"@id":"https:\/\/www.bellunopress.it\/#organization"},"potentialAction":[{"@type":"SearchAction","target":{"@type":"EntryPoint","urlTemplate":"https:\/\/www.bellunopress.it\/?s={search_term_string}"},"query-input":{"@type":"PropertyValueSpecification","valueRequired":true,"valueName":"search_term_string"}}],"inLanguage":"fr-FR"},{"@type":"Organization","@id":"https:\/\/www.bellunopress.it\/#organization","name":"Bellunopress","url":"https:\/\/www.bellunopress.it\/","logo":{"@type":"ImageObject","inLanguage":"fr-FR","@id":"https:\/\/www.bellunopress.it\/#\/schema\/logo\/image\/","url":"https:\/\/www.bellunopress.it\/wp-content\/uploads\/2011\/05\/cropped-logo-bellunopress-.jpg","contentUrl":"https:\/\/www.bellunopress.it\/wp-content\/uploads\/2011\/05\/cropped-logo-bellunopress-.jpg","width":512,"height":512,"caption":"Bellunopress"},"image":{"@id":"https:\/\/www.bellunopress.it\/#\/schema\/logo\/image\/"},"sameAs":["https:\/\/www.facebook.com\/profile.php?id=100008943462799","https:\/\/x.com\/bellunopress","https:\/\/www.linkedin.com\/hp\/?dnr=JBzUWaJfMUw8vbXJJ2tVW5-I3jZKvC4wsoxE&amp;amp;amp;amp;amp;amp;trk=nav_responsive_tab_home","https:\/\/www.youtube.com\/channel\/UCxL0wu1uN0_3_7hGG0306cw"]},{"@type":"Person","@id":"https:\/\/www.bellunopress.it\/#\/schema\/person\/79bb06722b37ece1c03d3e94beb30d73","name":"r\u00e9daction","image":{"@type":"ImageObject","inLanguage":"fr-FR","@id":"https:\/\/secure.gravatar.com\/avatar\/37d968a2e67a6fd04c169c4bdef102d0bc5d31b2546345219e348575eb80e9a0?s=96&d=mm&r=g","url":"https:\/\/secure.gravatar.com\/avatar\/37d968a2e67a6fd04c169c4bdef102d0bc5d31b2546345219e348575eb80e9a0?s=96&d=mm&r=g","contentUrl":"https:\/\/secure.gravatar.com\/avatar\/37d968a2e67a6fd04c169c4bdef102d0bc5d31b2546345219e348575eb80e9a0?s=96&d=mm&r=g","caption":"redazione"},"sameAs":["http:\/\/www.bellunopress.it","https:\/\/x.com\/bellunopress"],"url":"https:\/\/www.bellunopress.it\/fr\/author\/redazione\/"}]}},"_links":{"self":[{"href":"https:\/\/www.bellunopress.it\/fr\/wp-json\/wp\/v2\/posts\/110578","targetHints":{"allow":["GET"]}}],"collection":[{"href":"https:\/\/www.bellunopress.it\/fr\/wp-json\/wp\/v2\/posts"}],"about":[{"href":"https:\/\/www.bellunopress.it\/fr\/wp-json\/wp\/v2\/types\/post"}],"author":[{"embeddable":true,"href":"https:\/\/www.bellunopress.it\/fr\/wp-json\/wp\/v2\/users\/2"}],"replies":[{"embeddable":true,"href":"https:\/\/www.bellunopress.it\/fr\/wp-json\/wp\/v2\/comments?post=110578"}],"version-history":[{"count":1,"href":"https:\/\/www.bellunopress.it\/fr\/wp-json\/wp\/v2\/posts\/110578\/revisions"}],"predecessor-version":[{"id":110579,"href":"https:\/\/www.bellunopress.it\/fr\/wp-json\/wp\/v2\/posts\/110578\/revisions\/110579"}],"wp:attachment":[{"href":"https:\/\/www.bellunopress.it\/fr\/wp-json\/wp\/v2\/media?parent=110578"}],"wp:term":[{"taxonomy":"category","embeddable":true,"href":"https:\/\/www.bellunopress.it\/fr\/wp-json\/wp\/v2\/categories?post=110578"},{"taxonomy":"post_tag","embeddable":true,"href":"https:\/\/www.bellunopress.it\/fr\/wp-json\/wp\/v2\/tags?post=110578"}],"curies":[{"name":"wp","href":"https:\/\/api.w.org\/{rel}","templated":true}]}}