{"id":110552,"date":"2019-12-17T22:36:10","date_gmt":"2019-12-17T21:36:10","guid":{"rendered":"http:\/\/www.bellunopress.it\/?p=110552"},"modified":"2019-12-17T22:36:10","modified_gmt":"2019-12-17T21:36:10","slug":"unisono-feltre-venerdi-serata-jazz-e-sabato-la-classica","status":"publish","type":"post","link":"https:\/\/www.bellunopress.it\/fr\/2019\/12\/17\/unisono-feltre-venerdi-serata-jazz-e-sabato-la-classica\/","title":{"rendered":"Unisono Feltre: venerd\u00ec serata jazz e sabato la classica"},"content":{"rendered":"<p>Feltre \u2013 L&#8217;Orchestra Jazz del Veneto ed Ernesttico al Centro di musica Unisono: evento a sorpresa venerd\u00ec 20 dicembre alle 21.15. La formazione, diretta da Maurizio Camardi, porter\u00e0 a Palazzo Guarnieri il progetto &#8220;Clacson&#8221;.<\/p>\n<figure id=\"attachment_108260\" aria-describedby=\"caption-attachment-108260\" style=\"width: 300px\" class=\"wp-caption alignleft\"><a href=\"http:\/\/www.bellunopress.it\/fr\/2019\/09\/27\/le-18-sonate-di-shubert-domenica-ore-18-a-palazzo-guarnieri-di-feltre\/palazzo-guarnieri-feltre\/\" rel=\"attachment wp-att-108260\"><img loading=\"lazy\" decoding=\"async\" class=\"size-full wp-image-108260\" src=\"http:\/\/www.bellunopress.it\/wp-content\/uploads\/2019\/09\/Palazzo-Guarnieri-feltre.jpg\" alt=\"\" width=\"300\" height=\"179\" \/><\/a><figcaption id=\"caption-attachment-108260\" class=\"wp-caption-text\">Palazzo Guarnieri &#8211; Feltre<\/figcaption><\/figure>\n<p>Cos\u00ec, in zona Cesarini e sul finire dell&#8217;anno, il polo musicale di piazza Maggiore inserisce un appuntamento di grande rilievo, frutto della collaborazione con la Scuola di Musica Gershwin di Padova. La serata sar\u00e0 anticipata da un appuntamento diventato ormai una tradizione per Unisono, la cerimonia per la consegna del Premio Music Ambassador ad un giovane musicista cresciuto nella scuola di musica diretta da Nicol\u00f2 Ferrari Bravo e che da l\u00ec ha spiccato il volo per una carriera rivolta all&#8217;estero. Il fine settimana del Centro di Musica proseguir\u00e0 poi sabato 21 con una proposta prestigiosa: il violino del Premio Lipizer 2018, Matthew Hakkarinen che suoner\u00e0 accompagnato al piano da Nicolas Giacalone.<\/p>\n<p><strong>PREMIO AMBASSADOR AWARD<\/strong><\/p>\n<p>Il Premio, voluto dal Centro di Musica per supportare e gratificare gli allievi pi\u00f9 intraprendenti agli esordi della loro carriera, gira quest&#8217;anno la boa della terza edizione. Dopo aver insignito Stefano Doglioni e Carlo Cappello, sar\u00e0 una cantante che di recente ha lasciato il suo paesino nel Feltrino per trasferirsi a Londra, la premiata del 2019. &#8220;E&#8217; un&#8217;iniziativa in cui crediamo molto \u2013 spiega Ferrari Bravo -, perch\u00e9 ci sentiamo in qualche modo responsabili della formazione e anche delle difficolt\u00e0 incontrate da questi giovani nel muovere i primi passi nel mondo artistico, in citt\u00e0 straniere e lontano dalla famiglia. Sono la nuova generazione di musicisti, che ha dalla loro sicuramente strumenti e tecnologie migliori di quelle di un tempo, ma con lo stesso bisogno di sentirsi gratificati e sostenuti da chi crede in loro&#8221;. Il Premio dar\u00e0 la possibilit\u00e0 al vincitore di registrare alcuni brani presso gli studi di registrazione di Unisono e avere cos\u00ec materiale di qualit\u00e0 da spendere per la propria promozione.<\/p>\n<p>Inizio alle 18.30, ingresso gratuito fino a esaurimento posti. Saranno presenti i premiati delle scorse edizioni e i membri dell&#8217;Orchestra Jazz del Veneto.<\/p>\n<p><strong>ORCHESTRA JAZZ DEL VENETO e ERNESTTICO IN &#8220;CLACSON&#8221;.<\/strong><\/p>\n<p>A seguire, alle 21.15, l&#8217;evento nell&#8217;evento. L&#8217;orchestra stabile di jazz della Regione Veneto far\u00e0 tappa nella Music Hall di Palazzo Guarnieri con un ospite prestigioso.<\/p>\n<p>Sul palco saliranno un sassofonista \u2013 compositore polistrumentista che si muove a suo agio tra jazz e world music, un quartetto di sassofoni dove le parti, i colori e i timbri sono distribuiti con razionalit\u00e0 ed equilibrio come in un quartetto d&#8217;archi e un percussionista cubano di fama internazionale con il suo inconfondibile sound. Un gruppo di musicisti talentuosi, contesi dai maggiori festival nazionali e internazionali, a tu per tu con una stella del firmamento musicale mondiale: quello che attende il pubblico il 20 dicembre \u00e8 uno spettacolo di altissimo livello e dal respiro internazionale.<\/p>\n<p>Tra affreschi e stucchi, in una sala da appena 60 posti, si assister\u00e0 allo spettacolo degno di un grande teatro. Il pubblico verr\u00e0 rapito da un sound che richiama il jazz, la musica etnica e contemporanea in una fusione di generi che vede da un lato gli arrangiamenti jazzistici dei fiati dell&#8217;Orchestra Jazz del Veneto e dall&#8217;altro il ritmo e l&#8217;energia delle sonorit\u00e0 latine di uno dei pi\u00f9 importanti percussionisti della scena internazionale, il cubano Ernesttico.<\/p>\n<p>Formazione:<\/p>\n<p>Maurizio Camardi \u2013 sax soprano e duduk<\/p>\n<p>Ettore Martin \u2013 sax tenore<\/p>\n<p>Edoardo Brunello \u2013 sax alto<\/p>\n<p>Enrico Di Stefano \u2013 sax alto<\/p>\n<p>Yuri Argentino \u2013 sax baritono<\/p>\n<p>Ernesttico \u2013 batteria e percussioni<\/p>\n<p><strong>PREMIO LIPIZER<\/strong><\/p>\n<p>E&#8217; ormai una tradizione per Unisono ospitare, poco prima di Natale, il vincitore del prestigioso concorso internazionale dedicato ai violinisti. Nel 2018 \u00e8 stato vinto da Matthew Hakkarinen, diciannovenne statunitense. La giuria della 37esima edizione del Concorso, infatti, giudic\u00f2 il giovane concorrente meritevole e &#8220;miglior interprete di una sonata dell&#8217;Ottocento&#8221;. &#8220;E&#8217; con grande gioia che ospitiamo questo giovane talento della musica classica \u2013 dichiara Ferrari Bravo -. Il concerto sar\u00e0 alle 18.30 nella Classic Hall di Palazzo Guarnieri, si annunciano atmosfere di grande suggestione&#8221;.<\/p>\n<p>Per live di venerd\u00ec biglietto d&#8217;ingresso 10 euro, poltrone numerate. Prevendite su circuito Vivaticket, nei punti vendita o online.<\/p>\n<p>Per il concerto di classica di sabato biglietto 15 euro, prevendita su www.centrodimusicaunisono.com<\/p>\n<p>Per informazioni: 392 8667648<\/p>","protected":false},"excerpt":{"rendered":"<p>Feltre \u2013 L&#8217;Orchestra Jazz del Veneto ed Ernesttico al Centro di musica Unisono: evento a sorpresa venerd\u00ec 20 dicembre alle 21.15. La formazione, diretta da Maurizio Camardi, porter\u00e0 a Palazzo Guarnieri il progetto &#8220;Clacson&#8221;. Cos\u00ec, in zona Cesarini e sul finire dell&#8217;anno, il polo musicale di piazza Maggiore inserisce un appuntamento di grande rilievo, frutto [&hellip;]<\/p>\n","protected":false},"author":2,"featured_media":0,"comment_status":"closed","ping_status":"open","sticky":false,"template":"","format":"standard","meta":{"footnotes":""},"categories":[27,3,25],"tags":[],"class_list":["post-110552","post","type-post","status-publish","format-standard","category-appuntamenti","category-arte-cultura-spettacoli-scienza-archivi","category-pausa-caffe"],"yoast_head":"<!-- This site is optimized with the Yoast SEO plugin v28.4 - https:\/\/yoast.com\/product\/yoast-seo-wordpress\/ -->\n<title>Unisono Feltre: venerd\u00ec serata jazz e sabato la classica - Bellunopress - Dolomiti<\/title>\n<meta name=\"robots\" content=\"index, follow, max-snippet:-1, max-image-preview:large, max-video-preview:-1\" \/>\n<link rel=\"canonical\" href=\"https:\/\/www.bellunopress.it\/fr\/2019\/12\/17\/unisono-feltre-venerdi-serata-jazz-e-sabato-la-classica\/\" \/>\n<meta property=\"og:locale\" content=\"fr_FR\" \/>\n<meta property=\"og:type\" content=\"article\" \/>\n<meta property=\"og:title\" content=\"Unisono Feltre: venerd\u00ec serata jazz e sabato la classica - Bellunopress - Dolomiti\" \/>\n<meta property=\"og:description\" content=\"Feltre \u2013 L&#8217;Orchestra Jazz del Veneto ed Ernesttico al Centro di musica Unisono: evento a sorpresa venerd\u00ec 20 dicembre alle 21.15. La formazione, diretta da Maurizio Camardi, porter\u00e0 a Palazzo Guarnieri il progetto &#8220;Clacson&#8221;. Cos\u00ec, in zona Cesarini e sul finire dell&#8217;anno, il polo musicale di piazza Maggiore inserisce un appuntamento di grande rilievo, frutto [&hellip;]\" \/>\n<meta property=\"og:url\" content=\"https:\/\/www.bellunopress.it\/fr\/2019\/12\/17\/unisono-feltre-venerdi-serata-jazz-e-sabato-la-classica\/\" \/>\n<meta property=\"og:site_name\" content=\"Bellunopress - Dolomiti\" \/>\n<meta property=\"article:publisher\" content=\"https:\/\/www.facebook.com\/profile.php?id=100008943462799\" \/>\n<meta property=\"article:published_time\" content=\"2019-12-17T21:36:10+00:00\" \/>\n<meta property=\"og:image\" content=\"http:\/\/www.bellunopress.it\/wp-content\/uploads\/2019\/09\/Palazzo-Guarnieri-feltre.jpg\" \/>\n<meta name=\"author\" content=\"redazione\" \/>\n<meta name=\"twitter:card\" content=\"summary_large_image\" \/>\n<meta name=\"twitter:creator\" content=\"@bellunopress\" \/>\n<meta name=\"twitter:site\" content=\"@bellunopress\" \/>\n<meta name=\"twitter:label1\" content=\"\u00c9crit par\" \/>\n\t<meta name=\"twitter:data1\" content=\"redazione\" \/>\n\t<meta name=\"twitter:label2\" content=\"Dur\u00e9e de lecture estim\u00e9e\" \/>\n\t<meta name=\"twitter:data2\" content=\"3 minutes\" \/>\n<script type=\"application\/ld+json\" class=\"yoast-schema-graph\">{\"@context\":\"https:\\\/\\\/schema.org\",\"@graph\":[{\"@type\":\"Article\",\"@id\":\"https:\\\/\\\/www.bellunopress.it\\\/2019\\\/12\\\/17\\\/unisono-feltre-venerdi-serata-jazz-e-sabato-la-classica\\\/#article\",\"isPartOf\":{\"@id\":\"https:\\\/\\\/www.bellunopress.it\\\/2019\\\/12\\\/17\\\/unisono-feltre-venerdi-serata-jazz-e-sabato-la-classica\\\/\"},\"author\":{\"name\":\"redazione\",\"@id\":\"https:\\\/\\\/www.bellunopress.it\\\/#\\\/schema\\\/person\\\/79bb06722b37ece1c03d3e94beb30d73\"},\"headline\":\"Unisono Feltre: venerd\u00ec serata jazz e sabato la classica\",\"datePublished\":\"2019-12-17T21:36:10+00:00\",\"mainEntityOfPage\":{\"@id\":\"https:\\\/\\\/www.bellunopress.it\\\/2019\\\/12\\\/17\\\/unisono-feltre-venerdi-serata-jazz-e-sabato-la-classica\\\/\"},\"wordCount\":705,\"publisher\":{\"@id\":\"https:\\\/\\\/www.bellunopress.it\\\/#organization\"},\"image\":{\"@id\":\"https:\\\/\\\/www.bellunopress.it\\\/2019\\\/12\\\/17\\\/unisono-feltre-venerdi-serata-jazz-e-sabato-la-classica\\\/#primaryimage\"},\"thumbnailUrl\":\"http:\\\/\\\/www.bellunopress.it\\\/wp-content\\\/uploads\\\/2019\\\/09\\\/Palazzo-Guarnieri-feltre.jpg\",\"articleSection\":[\"Appuntamenti, Eventi\",\"Arte, Cultura, Spettacoli, Scienza\",\"Pausa Caff\u00e8\"],\"inLanguage\":\"fr-FR\"},{\"@type\":\"WebPage\",\"@id\":\"https:\\\/\\\/www.bellunopress.it\\\/2019\\\/12\\\/17\\\/unisono-feltre-venerdi-serata-jazz-e-sabato-la-classica\\\/\",\"url\":\"https:\\\/\\\/www.bellunopress.it\\\/2019\\\/12\\\/17\\\/unisono-feltre-venerdi-serata-jazz-e-sabato-la-classica\\\/\",\"name\":\"Unisono Feltre: venerd\u00ec serata jazz e sabato la classica - Bellunopress - Dolomiti\",\"isPartOf\":{\"@id\":\"https:\\\/\\\/www.bellunopress.it\\\/#website\"},\"primaryImageOfPage\":{\"@id\":\"https:\\\/\\\/www.bellunopress.it\\\/2019\\\/12\\\/17\\\/unisono-feltre-venerdi-serata-jazz-e-sabato-la-classica\\\/#primaryimage\"},\"image\":{\"@id\":\"https:\\\/\\\/www.bellunopress.it\\\/2019\\\/12\\\/17\\\/unisono-feltre-venerdi-serata-jazz-e-sabato-la-classica\\\/#primaryimage\"},\"thumbnailUrl\":\"http:\\\/\\\/www.bellunopress.it\\\/wp-content\\\/uploads\\\/2019\\\/09\\\/Palazzo-Guarnieri-feltre.jpg\",\"datePublished\":\"2019-12-17T21:36:10+00:00\",\"breadcrumb\":{\"@id\":\"https:\\\/\\\/www.bellunopress.it\\\/2019\\\/12\\\/17\\\/unisono-feltre-venerdi-serata-jazz-e-sabato-la-classica\\\/#breadcrumb\"},\"inLanguage\":\"fr-FR\",\"potentialAction\":[{\"@type\":\"ReadAction\",\"target\":[\"https:\\\/\\\/www.bellunopress.it\\\/2019\\\/12\\\/17\\\/unisono-feltre-venerdi-serata-jazz-e-sabato-la-classica\\\/\"]}]},{\"@type\":\"ImageObject\",\"inLanguage\":\"fr-FR\",\"@id\":\"https:\\\/\\\/www.bellunopress.it\\\/2019\\\/12\\\/17\\\/unisono-feltre-venerdi-serata-jazz-e-sabato-la-classica\\\/#primaryimage\",\"url\":\"http:\\\/\\\/www.bellunopress.it\\\/wp-content\\\/uploads\\\/2019\\\/09\\\/Palazzo-Guarnieri-feltre.jpg\",\"contentUrl\":\"http:\\\/\\\/www.bellunopress.it\\\/wp-content\\\/uploads\\\/2019\\\/09\\\/Palazzo-Guarnieri-feltre.jpg\"},{\"@type\":\"BreadcrumbList\",\"@id\":\"https:\\\/\\\/www.bellunopress.it\\\/2019\\\/12\\\/17\\\/unisono-feltre-venerdi-serata-jazz-e-sabato-la-classica\\\/#breadcrumb\",\"itemListElement\":[{\"@type\":\"ListItem\",\"position\":1,\"name\":\"Home\",\"item\":\"https:\\\/\\\/www.bellunopress.it\\\/\"},{\"@type\":\"ListItem\",\"position\":2,\"name\":\"Unisono Feltre: venerd\u00ec serata jazz e sabato la classica\"}]},{\"@type\":\"WebSite\",\"@id\":\"https:\\\/\\\/www.bellunopress.it\\\/#website\",\"url\":\"https:\\\/\\\/www.bellunopress.it\\\/\",\"name\":\"Bellunopress - Dolomiti\",\"description\":\"e-mail: redazione@bellunopress.it\",\"publisher\":{\"@id\":\"https:\\\/\\\/www.bellunopress.it\\\/#organization\"},\"potentialAction\":[{\"@type\":\"SearchAction\",\"target\":{\"@type\":\"EntryPoint\",\"urlTemplate\":\"https:\\\/\\\/www.bellunopress.it\\\/?s={search_term_string}\"},\"query-input\":{\"@type\":\"PropertyValueSpecification\",\"valueRequired\":true,\"valueName\":\"search_term_string\"}}],\"inLanguage\":\"fr-FR\"},{\"@type\":\"Organization\",\"@id\":\"https:\\\/\\\/www.bellunopress.it\\\/#organization\",\"name\":\"Bellunopress\",\"url\":\"https:\\\/\\\/www.bellunopress.it\\\/\",\"logo\":{\"@type\":\"ImageObject\",\"inLanguage\":\"fr-FR\",\"@id\":\"https:\\\/\\\/www.bellunopress.it\\\/#\\\/schema\\\/logo\\\/image\\\/\",\"url\":\"https:\\\/\\\/www.bellunopress.it\\\/wp-content\\\/uploads\\\/2011\\\/05\\\/cropped-logo-bellunopress-.jpg\",\"contentUrl\":\"https:\\\/\\\/www.bellunopress.it\\\/wp-content\\\/uploads\\\/2011\\\/05\\\/cropped-logo-bellunopress-.jpg\",\"width\":512,\"height\":512,\"caption\":\"Bellunopress\"},\"image\":{\"@id\":\"https:\\\/\\\/www.bellunopress.it\\\/#\\\/schema\\\/logo\\\/image\\\/\"},\"sameAs\":[\"https:\\\/\\\/www.facebook.com\\\/profile.php?id=100008943462799\",\"https:\\\/\\\/x.com\\\/bellunopress\",\"https:\\\/\\\/www.linkedin.com\\\/hp\\\/?dnr=JBzUWaJfMUw8vbXJJ2tVW5-I3jZKvC4wsoxE&amp;amp;amp;amp;amp;amp;trk=nav_responsive_tab_home\",\"https:\\\/\\\/www.youtube.com\\\/channel\\\/UCxL0wu1uN0_3_7hGG0306cw\"]},{\"@type\":\"Person\",\"@id\":\"https:\\\/\\\/www.bellunopress.it\\\/#\\\/schema\\\/person\\\/79bb06722b37ece1c03d3e94beb30d73\",\"name\":\"redazione\",\"image\":{\"@type\":\"ImageObject\",\"inLanguage\":\"fr-FR\",\"@id\":\"https:\\\/\\\/secure.gravatar.com\\\/avatar\\\/37d968a2e67a6fd04c169c4bdef102d0bc5d31b2546345219e348575eb80e9a0?s=96&d=mm&r=g\",\"url\":\"https:\\\/\\\/secure.gravatar.com\\\/avatar\\\/37d968a2e67a6fd04c169c4bdef102d0bc5d31b2546345219e348575eb80e9a0?s=96&d=mm&r=g\",\"contentUrl\":\"https:\\\/\\\/secure.gravatar.com\\\/avatar\\\/37d968a2e67a6fd04c169c4bdef102d0bc5d31b2546345219e348575eb80e9a0?s=96&d=mm&r=g\",\"caption\":\"redazione\"},\"sameAs\":[\"http:\\\/\\\/www.bellunopress.it\",\"https:\\\/\\\/x.com\\\/bellunopress\"],\"url\":\"https:\\\/\\\/www.bellunopress.it\\\/fr\\\/author\\\/redazione\\\/\"}]}<\/script>\n<!-- \/ Yoast SEO plugin. -->","yoast_head_json":{"title":"Unisono Feltre: venerd\u00ec serata jazz e sabato la classica - Bellunopress - Dolomiti","robots":{"index":"index","follow":"follow","max-snippet":"max-snippet:-1","max-image-preview":"max-image-preview:large","max-video-preview":"max-video-preview:-1"},"canonical":"https:\/\/www.bellunopress.it\/fr\/2019\/12\/17\/unisono-feltre-venerdi-serata-jazz-e-sabato-la-classica\/","og_locale":"fr_FR","og_type":"article","og_title":"Unisono Feltre: venerd\u00ec serata jazz e sabato la classica - Bellunopress - Dolomiti","og_description":"Feltre \u2013 L&#8217;Orchestra Jazz del Veneto ed Ernesttico al Centro di musica Unisono: evento a sorpresa venerd\u00ec 20 dicembre alle 21.15. La formazione, diretta da Maurizio Camardi, porter\u00e0 a Palazzo Guarnieri il progetto &#8220;Clacson&#8221;. Cos\u00ec, in zona Cesarini e sul finire dell&#8217;anno, il polo musicale di piazza Maggiore inserisce un appuntamento di grande rilievo, frutto [&hellip;]","og_url":"https:\/\/www.bellunopress.it\/fr\/2019\/12\/17\/unisono-feltre-venerdi-serata-jazz-e-sabato-la-classica\/","og_site_name":"Bellunopress - Dolomiti","article_publisher":"https:\/\/www.facebook.com\/profile.php?id=100008943462799","article_published_time":"2019-12-17T21:36:10+00:00","og_image":[{"url":"http:\/\/www.bellunopress.it\/wp-content\/uploads\/2019\/09\/Palazzo-Guarnieri-feltre.jpg","type":"","width":"","height":""}],"author":"redazione","twitter_card":"summary_large_image","twitter_creator":"@bellunopress","twitter_site":"@bellunopress","twitter_misc":{"\u00c9crit par":"redazione","Dur\u00e9e de lecture estim\u00e9e":"3 minutes"},"schema":{"@context":"https:\/\/schema.org","@graph":[{"@type":"Article","@id":"https:\/\/www.bellunopress.it\/2019\/12\/17\/unisono-feltre-venerdi-serata-jazz-e-sabato-la-classica\/#article","isPartOf":{"@id":"https:\/\/www.bellunopress.it\/2019\/12\/17\/unisono-feltre-venerdi-serata-jazz-e-sabato-la-classica\/"},"author":{"name":"redazione","@id":"https:\/\/www.bellunopress.it\/#\/schema\/person\/79bb06722b37ece1c03d3e94beb30d73"},"headline":"Unisono Feltre: venerd\u00ec serata jazz e sabato la classica","datePublished":"2019-12-17T21:36:10+00:00","mainEntityOfPage":{"@id":"https:\/\/www.bellunopress.it\/2019\/12\/17\/unisono-feltre-venerdi-serata-jazz-e-sabato-la-classica\/"},"wordCount":705,"publisher":{"@id":"https:\/\/www.bellunopress.it\/#organization"},"image":{"@id":"https:\/\/www.bellunopress.it\/2019\/12\/17\/unisono-feltre-venerdi-serata-jazz-e-sabato-la-classica\/#primaryimage"},"thumbnailUrl":"http:\/\/www.bellunopress.it\/wp-content\/uploads\/2019\/09\/Palazzo-Guarnieri-feltre.jpg","articleSection":["Appuntamenti, Eventi","Arte, Cultura, Spettacoli, Scienza","Pausa Caff\u00e8"],"inLanguage":"fr-FR"},{"@type":"WebPage","@id":"https:\/\/www.bellunopress.it\/2019\/12\/17\/unisono-feltre-venerdi-serata-jazz-e-sabato-la-classica\/","url":"https:\/\/www.bellunopress.it\/2019\/12\/17\/unisono-feltre-venerdi-serata-jazz-e-sabato-la-classica\/","name":"Unisono Feltre: venerd\u00ec serata jazz e sabato la classica - Bellunopress - Dolomiti","isPartOf":{"@id":"https:\/\/www.bellunopress.it\/#website"},"primaryImageOfPage":{"@id":"https:\/\/www.bellunopress.it\/2019\/12\/17\/unisono-feltre-venerdi-serata-jazz-e-sabato-la-classica\/#primaryimage"},"image":{"@id":"https:\/\/www.bellunopress.it\/2019\/12\/17\/unisono-feltre-venerdi-serata-jazz-e-sabato-la-classica\/#primaryimage"},"thumbnailUrl":"http:\/\/www.bellunopress.it\/wp-content\/uploads\/2019\/09\/Palazzo-Guarnieri-feltre.jpg","datePublished":"2019-12-17T21:36:10+00:00","breadcrumb":{"@id":"https:\/\/www.bellunopress.it\/2019\/12\/17\/unisono-feltre-venerdi-serata-jazz-e-sabato-la-classica\/#breadcrumb"},"inLanguage":"fr-FR","potentialAction":[{"@type":"ReadAction","target":["https:\/\/www.bellunopress.it\/2019\/12\/17\/unisono-feltre-venerdi-serata-jazz-e-sabato-la-classica\/"]}]},{"@type":"ImageObject","inLanguage":"fr-FR","@id":"https:\/\/www.bellunopress.it\/2019\/12\/17\/unisono-feltre-venerdi-serata-jazz-e-sabato-la-classica\/#primaryimage","url":"http:\/\/www.bellunopress.it\/wp-content\/uploads\/2019\/09\/Palazzo-Guarnieri-feltre.jpg","contentUrl":"http:\/\/www.bellunopress.it\/wp-content\/uploads\/2019\/09\/Palazzo-Guarnieri-feltre.jpg"},{"@type":"BreadcrumbList","@id":"https:\/\/www.bellunopress.it\/2019\/12\/17\/unisono-feltre-venerdi-serata-jazz-e-sabato-la-classica\/#breadcrumb","itemListElement":[{"@type":"ListItem","position":1,"name":"Home","item":"https:\/\/www.bellunopress.it\/"},{"@type":"ListItem","position":2,"name":"Unisono Feltre: venerd\u00ec serata jazz e sabato la classica"}]},{"@type":"WebSite","@id":"https:\/\/www.bellunopress.it\/#website","url":"https:\/\/www.bellunopress.it\/","name":"Bellunopress - Dolomiti","description":"e-mail: redazione@bellunopress.it","publisher":{"@id":"https:\/\/www.bellunopress.it\/#organization"},"potentialAction":[{"@type":"SearchAction","target":{"@type":"EntryPoint","urlTemplate":"https:\/\/www.bellunopress.it\/?s={search_term_string}"},"query-input":{"@type":"PropertyValueSpecification","valueRequired":true,"valueName":"search_term_string"}}],"inLanguage":"fr-FR"},{"@type":"Organization","@id":"https:\/\/www.bellunopress.it\/#organization","name":"Bellunopress","url":"https:\/\/www.bellunopress.it\/","logo":{"@type":"ImageObject","inLanguage":"fr-FR","@id":"https:\/\/www.bellunopress.it\/#\/schema\/logo\/image\/","url":"https:\/\/www.bellunopress.it\/wp-content\/uploads\/2011\/05\/cropped-logo-bellunopress-.jpg","contentUrl":"https:\/\/www.bellunopress.it\/wp-content\/uploads\/2011\/05\/cropped-logo-bellunopress-.jpg","width":512,"height":512,"caption":"Bellunopress"},"image":{"@id":"https:\/\/www.bellunopress.it\/#\/schema\/logo\/image\/"},"sameAs":["https:\/\/www.facebook.com\/profile.php?id=100008943462799","https:\/\/x.com\/bellunopress","https:\/\/www.linkedin.com\/hp\/?dnr=JBzUWaJfMUw8vbXJJ2tVW5-I3jZKvC4wsoxE&amp;amp;amp;amp;amp;amp;trk=nav_responsive_tab_home","https:\/\/www.youtube.com\/channel\/UCxL0wu1uN0_3_7hGG0306cw"]},{"@type":"Person","@id":"https:\/\/www.bellunopress.it\/#\/schema\/person\/79bb06722b37ece1c03d3e94beb30d73","name":"r\u00e9daction","image":{"@type":"ImageObject","inLanguage":"fr-FR","@id":"https:\/\/secure.gravatar.com\/avatar\/37d968a2e67a6fd04c169c4bdef102d0bc5d31b2546345219e348575eb80e9a0?s=96&d=mm&r=g","url":"https:\/\/secure.gravatar.com\/avatar\/37d968a2e67a6fd04c169c4bdef102d0bc5d31b2546345219e348575eb80e9a0?s=96&d=mm&r=g","contentUrl":"https:\/\/secure.gravatar.com\/avatar\/37d968a2e67a6fd04c169c4bdef102d0bc5d31b2546345219e348575eb80e9a0?s=96&d=mm&r=g","caption":"redazione"},"sameAs":["http:\/\/www.bellunopress.it","https:\/\/x.com\/bellunopress"],"url":"https:\/\/www.bellunopress.it\/fr\/author\/redazione\/"}]}},"_links":{"self":[{"href":"https:\/\/www.bellunopress.it\/fr\/wp-json\/wp\/v2\/posts\/110552","targetHints":{"allow":["GET"]}}],"collection":[{"href":"https:\/\/www.bellunopress.it\/fr\/wp-json\/wp\/v2\/posts"}],"about":[{"href":"https:\/\/www.bellunopress.it\/fr\/wp-json\/wp\/v2\/types\/post"}],"author":[{"embeddable":true,"href":"https:\/\/www.bellunopress.it\/fr\/wp-json\/wp\/v2\/users\/2"}],"replies":[{"embeddable":true,"href":"https:\/\/www.bellunopress.it\/fr\/wp-json\/wp\/v2\/comments?post=110552"}],"version-history":[{"count":1,"href":"https:\/\/www.bellunopress.it\/fr\/wp-json\/wp\/v2\/posts\/110552\/revisions"}],"predecessor-version":[{"id":110553,"href":"https:\/\/www.bellunopress.it\/fr\/wp-json\/wp\/v2\/posts\/110552\/revisions\/110553"}],"wp:attachment":[{"href":"https:\/\/www.bellunopress.it\/fr\/wp-json\/wp\/v2\/media?parent=110552"}],"wp:term":[{"taxonomy":"category","embeddable":true,"href":"https:\/\/www.bellunopress.it\/fr\/wp-json\/wp\/v2\/categories?post=110552"},{"taxonomy":"post_tag","embeddable":true,"href":"https:\/\/www.bellunopress.it\/fr\/wp-json\/wp\/v2\/tags?post=110552"}],"curies":[{"name":"wp","href":"https:\/\/api.w.org\/{rel}","templated":true}]}}