{"id":110521,"date":"2019-12-17T14:38:36","date_gmt":"2019-12-17T13:38:36","guid":{"rendered":"http:\/\/www.bellunopress.it\/?p=110521"},"modified":"2019-12-17T14:41:17","modified_gmt":"2019-12-17T13:41:17","slug":"classifica-sulla-qualita-della-vita-del-sole-24-ore-roffare-serve-una-nuova-idea-di-montagna","status":"publish","type":"post","link":"https:\/\/www.bellunopress.it\/fr\/2019\/12\/17\/classifica-sulla-qualita-della-vita-del-sole-24-ore-roffare-serve-una-nuova-idea-di-montagna\/","title":{"rendered":"Classifica sulla qualit\u00e0 della vita del Sole 24 Ore. Roffar\u00e8: &#8220;Serve una nuova idea di montagna&#8221;"},"content":{"rendered":"<p>\u201cIl crollo dal quarto al 51esimo posto della classifica sulla qualit\u00e0 della vita del Sole 24 Ore certifica ci\u00f2 che tutti sapevamo da tempo, ovvero lo spopolamento dei nostri paesi, la denatalit\u00e0 e la fuga dei nostri giovani\u201d. Commenta cos\u00ec Rudy Roffar\u00e8, segretario generale aggiunto della Cisl Belluno Treviso la pessima performance della citt\u00e0 di Belluno nella classifica annuale del Sole 24 Ore.<\/p>\n<figure id=\"attachment_61990\" aria-describedby=\"caption-attachment-61990\" style=\"width: 247px\" class=\"wp-caption alignleft\"><a href=\"http:\/\/www.bellunopress.it\/fr\/2014\/08\/28\/lavoro-e-occupazione-crollo-dei-contratti-a-tempo-indeterminato-e-di-apprendistato-con-rapporti-di-lavoro-sempre-piu-precari-lanalisi-dellufficio-studi-della-cisl-belluno-trev\/rudy-roffare\/\" rel=\"attachment wp-att-61990\"><img loading=\"lazy\" decoding=\"async\" class=\"size-full wp-image-61990\" src=\"http:\/\/www.bellunopress.it\/wp-content\/uploads\/2014\/08\/rudy-roffar\u00e8.jpg\" alt=\"\" width=\"247\" height=\"290\" \/><\/a><figcaption id=\"caption-attachment-61990\" class=\"wp-caption-text\">Rudy Roffar\u00e8, segretario generale aggiunto Cisl Belluno Treviso<\/figcaption><\/figure>\n<p>\u201cCome sindacato, ci occupiamo del tema da tanti anni &#8211; afferma Roffar\u00e8 -. Quasi inascoltati, ancora negli anni \u201880 pensavamo al progetto montagna, poi ripreso da Sergio Reolon. In questi anni, attraverso la contrattazione con i Comuni, siamo riusciti a incidere nelle scelte sociali, sapendo tuttavia che le risorse economiche dei sindaci sono ben poca cosa rispetto al necessario. Ma da questa contrattazione \u00e8 nata una politica pi\u00f9 attenta alle famiglie con redditi bassi, attraverso la riduzione di tariffe e tasse, e al sociale, tramite assistenza e cohousing. Allo stesso tempo, abbiamo lanciato il fondo Welfare Dolomiti in cui crediamo tantissimo\u201d.<\/p>\n<p>\u201cLo spopolamento &#8211; prosegue Roffar\u00e8 &#8211; \u00e8 il sintomo di qualcosa di pi\u00f9 profondo. La perdita di servizi nel territorio e un\u2019inefficace programmazione territoriale si uniscono a una politica nazionale che in questi decenni non ha saputo impostare politiche industriali, investimenti in infrastrutture, scuole, sanit\u00e0, e riforme su fisco, evasione fiscale e welfare. Ecco perch\u00e9 Cgil, Cisl e Uil hanno fatto una settimana di mobilitazioni a Roma e a Belluno, in cui ad essere protagonisti erano, e sono, le nostre idee, proposte al governo, indipendentemente dai colori politici\u201d.<\/p>\n<p>\u201cIl rilancio del territorio bellunese e la lotta allo spopolamento &#8211; spiega il segretario generale aggiunto della Cisl territoriale &#8211; devono passare attraverso una nuova idea di montagna basata sullo sviluppo del territorio attraverso una crescita sostenibile, l\u2019uso di una economia circolare, di un turismo innovativo, dello sviluppo della manifattura ad alto valore aggiunto, con la valorizzazione delle attivit\u00e0 agro-silvo-pastorali, il recupero del patrimonio edilizio e l\u2019incremento dell\u2019imprenditoria femminile e giovanile. Per fare questo serve una strategia chiara. Il territorio si deve dotare di un piano strategico, una pianificazione collegiale delle politiche industriali, energetiche, sociali, turistiche e ambientali che coinvolga la politica, le associazioni e le istituzioni per dare vita a un vero progetto: Montagna 4.0\u201d.<\/p>\n<p>\u201cBelluno non \u00e8 un territorio svantaggiato &#8211; conclude Roffar\u00e8 -, siamo semplicemente un\u2019area differente e piena di risorse e possiamo avere una ricchezza straordinaria, ma soprattutto, in un\u2019epoca in cui la vita ha assunto ritmi frenetici, modelli invivibili, la montagna pu\u00f2 tornare ad essere un esempio, un piacere di vivere. Quindi, la montagna non come marginalit\u00e0, non come periferia, non come area svantaggiata, ma come modello alternativo di vita e sviluppo. A patto di costruire, insieme, un progetto condiviso\u201d.<\/p>","protected":false},"excerpt":{"rendered":"<p>\u201cIl crollo dal quarto al 51esimo posto della classifica sulla qualit\u00e0 della vita del Sole 24 Ore certifica ci\u00f2 che tutti sapevamo da tempo, ovvero lo spopolamento dei nostri paesi, la denatalit\u00e0 e la fuga dei nostri giovani\u201d. Commenta cos\u00ec Rudy Roffar\u00e8, segretario generale aggiunto della Cisl Belluno Treviso la pessima performance della citt\u00e0 di [&hellip;]<\/p>\n","protected":false},"author":2,"featured_media":0,"comment_status":"closed","ping_status":"open","sticky":false,"template":"","format":"standard","meta":{"footnotes":""},"categories":[36,26],"tags":[],"class_list":["post-110521","post","type-post","status-publish","format-standard","category-lavoro-economia","category-prima-pagina"],"yoast_head":"<!-- This site is optimized with the Yoast SEO plugin v28.4 - https:\/\/yoast.com\/product\/yoast-seo-wordpress\/ -->\n<title>Classifica sulla qualit\u00e0 della vita del Sole 24 Ore. Roffar\u00e8: &quot;Serve una nuova idea di montagna&quot; - Bellunopress - Dolomiti<\/title>\n<meta name=\"robots\" content=\"index, follow, max-snippet:-1, max-image-preview:large, max-video-preview:-1\" \/>\n<link rel=\"canonical\" href=\"https:\/\/www.bellunopress.it\/fr\/2019\/12\/17\/classifica-sulla-qualita-della-vita-del-sole-24-ore-roffare-serve-una-nuova-idea-di-montagna\/\" \/>\n<meta property=\"og:locale\" content=\"fr_FR\" \/>\n<meta property=\"og:type\" content=\"article\" \/>\n<meta property=\"og:title\" content=\"Classifica sulla qualit\u00e0 della vita del Sole 24 Ore. Roffar\u00e8: &quot;Serve una nuova idea di montagna&quot; - Bellunopress - Dolomiti\" \/>\n<meta property=\"og:description\" content=\"\u201cIl crollo dal quarto al 51esimo posto della classifica sulla qualit\u00e0 della vita del Sole 24 Ore certifica ci\u00f2 che tutti sapevamo da tempo, ovvero lo spopolamento dei nostri paesi, la denatalit\u00e0 e la fuga dei nostri giovani\u201d. Commenta cos\u00ec Rudy Roffar\u00e8, segretario generale aggiunto della Cisl Belluno Treviso la pessima performance della citt\u00e0 di [&hellip;]\" \/>\n<meta property=\"og:url\" content=\"https:\/\/www.bellunopress.it\/fr\/2019\/12\/17\/classifica-sulla-qualita-della-vita-del-sole-24-ore-roffare-serve-una-nuova-idea-di-montagna\/\" \/>\n<meta property=\"og:site_name\" content=\"Bellunopress - Dolomiti\" \/>\n<meta property=\"article:publisher\" content=\"https:\/\/www.facebook.com\/profile.php?id=100008943462799\" \/>\n<meta property=\"article:published_time\" content=\"2019-12-17T13:38:36+00:00\" \/>\n<meta property=\"article:modified_time\" content=\"2019-12-17T13:41:17+00:00\" \/>\n<meta property=\"og:image\" content=\"http:\/\/www.bellunopress.it\/wp-content\/uploads\/2014\/08\/rudy-roffar\u00e8.jpg\" \/>\n<meta name=\"author\" content=\"redazione\" \/>\n<meta name=\"twitter:card\" content=\"summary_large_image\" \/>\n<meta name=\"twitter:creator\" content=\"@bellunopress\" \/>\n<meta name=\"twitter:site\" content=\"@bellunopress\" \/>\n<meta name=\"twitter:label1\" content=\"\u00c9crit par\" \/>\n\t<meta name=\"twitter:data1\" content=\"redazione\" \/>\n\t<meta name=\"twitter:label2\" content=\"Dur\u00e9e de lecture estim\u00e9e\" \/>\n\t<meta name=\"twitter:data2\" content=\"2 minutes\" \/>\n<script type=\"application\/ld+json\" class=\"yoast-schema-graph\">{\"@context\":\"https:\\\/\\\/schema.org\",\"@graph\":[{\"@type\":\"Article\",\"@id\":\"https:\\\/\\\/www.bellunopress.it\\\/2019\\\/12\\\/17\\\/classifica-sulla-qualita-della-vita-del-sole-24-ore-roffare-serve-una-nuova-idea-di-montagna\\\/#article\",\"isPartOf\":{\"@id\":\"https:\\\/\\\/www.bellunopress.it\\\/2019\\\/12\\\/17\\\/classifica-sulla-qualita-della-vita-del-sole-24-ore-roffare-serve-una-nuova-idea-di-montagna\\\/\"},\"author\":{\"name\":\"redazione\",\"@id\":\"https:\\\/\\\/www.bellunopress.it\\\/#\\\/schema\\\/person\\\/79bb06722b37ece1c03d3e94beb30d73\"},\"headline\":\"Classifica sulla qualit\u00e0 della vita del Sole 24 Ore. Roffar\u00e8: &#8220;Serve una nuova idea di montagna&#8221;\",\"datePublished\":\"2019-12-17T13:38:36+00:00\",\"dateModified\":\"2019-12-17T13:41:17+00:00\",\"mainEntityOfPage\":{\"@id\":\"https:\\\/\\\/www.bellunopress.it\\\/2019\\\/12\\\/17\\\/classifica-sulla-qualita-della-vita-del-sole-24-ore-roffare-serve-una-nuova-idea-di-montagna\\\/\"},\"wordCount\":476,\"publisher\":{\"@id\":\"https:\\\/\\\/www.bellunopress.it\\\/#organization\"},\"articleSection\":[\"Lavoro, Economia, Turismo\",\"Prima Pagina\"],\"inLanguage\":\"fr-FR\"},{\"@type\":\"WebPage\",\"@id\":\"https:\\\/\\\/www.bellunopress.it\\\/2019\\\/12\\\/17\\\/classifica-sulla-qualita-della-vita-del-sole-24-ore-roffare-serve-una-nuova-idea-di-montagna\\\/\",\"url\":\"https:\\\/\\\/www.bellunopress.it\\\/2019\\\/12\\\/17\\\/classifica-sulla-qualita-della-vita-del-sole-24-ore-roffare-serve-una-nuova-idea-di-montagna\\\/\",\"name\":\"Classifica sulla qualit\u00e0 della vita del Sole 24 Ore. Roffar\u00e8: \\\"Serve una nuova idea di montagna\\\" - Bellunopress - Dolomiti\",\"isPartOf\":{\"@id\":\"https:\\\/\\\/www.bellunopress.it\\\/#website\"},\"datePublished\":\"2019-12-17T13:38:36+00:00\",\"dateModified\":\"2019-12-17T13:41:17+00:00\",\"breadcrumb\":{\"@id\":\"https:\\\/\\\/www.bellunopress.it\\\/2019\\\/12\\\/17\\\/classifica-sulla-qualita-della-vita-del-sole-24-ore-roffare-serve-una-nuova-idea-di-montagna\\\/#breadcrumb\"},\"inLanguage\":\"fr-FR\",\"potentialAction\":[{\"@type\":\"ReadAction\",\"target\":[\"https:\\\/\\\/www.bellunopress.it\\\/2019\\\/12\\\/17\\\/classifica-sulla-qualita-della-vita-del-sole-24-ore-roffare-serve-una-nuova-idea-di-montagna\\\/\"]}]},{\"@type\":\"BreadcrumbList\",\"@id\":\"https:\\\/\\\/www.bellunopress.it\\\/2019\\\/12\\\/17\\\/classifica-sulla-qualita-della-vita-del-sole-24-ore-roffare-serve-una-nuova-idea-di-montagna\\\/#breadcrumb\",\"itemListElement\":[{\"@type\":\"ListItem\",\"position\":1,\"name\":\"Home\",\"item\":\"https:\\\/\\\/www.bellunopress.it\\\/\"},{\"@type\":\"ListItem\",\"position\":2,\"name\":\"Classifica sulla qualit\u00e0 della vita del Sole 24 Ore. Roffar\u00e8: &#8220;Serve una nuova idea di montagna&#8221;\"}]},{\"@type\":\"WebSite\",\"@id\":\"https:\\\/\\\/www.bellunopress.it\\\/#website\",\"url\":\"https:\\\/\\\/www.bellunopress.it\\\/\",\"name\":\"Bellunopress - Dolomiti\",\"description\":\"e-mail: redazione@bellunopress.it\",\"publisher\":{\"@id\":\"https:\\\/\\\/www.bellunopress.it\\\/#organization\"},\"potentialAction\":[{\"@type\":\"SearchAction\",\"target\":{\"@type\":\"EntryPoint\",\"urlTemplate\":\"https:\\\/\\\/www.bellunopress.it\\\/?s={search_term_string}\"},\"query-input\":{\"@type\":\"PropertyValueSpecification\",\"valueRequired\":true,\"valueName\":\"search_term_string\"}}],\"inLanguage\":\"fr-FR\"},{\"@type\":\"Organization\",\"@id\":\"https:\\\/\\\/www.bellunopress.it\\\/#organization\",\"name\":\"Bellunopress\",\"url\":\"https:\\\/\\\/www.bellunopress.it\\\/\",\"logo\":{\"@type\":\"ImageObject\",\"inLanguage\":\"fr-FR\",\"@id\":\"https:\\\/\\\/www.bellunopress.it\\\/#\\\/schema\\\/logo\\\/image\\\/\",\"url\":\"https:\\\/\\\/www.bellunopress.it\\\/wp-content\\\/uploads\\\/2011\\\/05\\\/cropped-logo-bellunopress-.jpg\",\"contentUrl\":\"https:\\\/\\\/www.bellunopress.it\\\/wp-content\\\/uploads\\\/2011\\\/05\\\/cropped-logo-bellunopress-.jpg\",\"width\":512,\"height\":512,\"caption\":\"Bellunopress\"},\"image\":{\"@id\":\"https:\\\/\\\/www.bellunopress.it\\\/#\\\/schema\\\/logo\\\/image\\\/\"},\"sameAs\":[\"https:\\\/\\\/www.facebook.com\\\/profile.php?id=100008943462799\",\"https:\\\/\\\/x.com\\\/bellunopress\",\"https:\\\/\\\/www.linkedin.com\\\/hp\\\/?dnr=JBzUWaJfMUw8vbXJJ2tVW5-I3jZKvC4wsoxE&amp;amp;amp;amp;amp;amp;trk=nav_responsive_tab_home\",\"https:\\\/\\\/www.youtube.com\\\/channel\\\/UCxL0wu1uN0_3_7hGG0306cw\"]},{\"@type\":\"Person\",\"@id\":\"https:\\\/\\\/www.bellunopress.it\\\/#\\\/schema\\\/person\\\/79bb06722b37ece1c03d3e94beb30d73\",\"name\":\"redazione\",\"image\":{\"@type\":\"ImageObject\",\"inLanguage\":\"fr-FR\",\"@id\":\"https:\\\/\\\/secure.gravatar.com\\\/avatar\\\/37d968a2e67a6fd04c169c4bdef102d0bc5d31b2546345219e348575eb80e9a0?s=96&d=mm&r=g\",\"url\":\"https:\\\/\\\/secure.gravatar.com\\\/avatar\\\/37d968a2e67a6fd04c169c4bdef102d0bc5d31b2546345219e348575eb80e9a0?s=96&d=mm&r=g\",\"contentUrl\":\"https:\\\/\\\/secure.gravatar.com\\\/avatar\\\/37d968a2e67a6fd04c169c4bdef102d0bc5d31b2546345219e348575eb80e9a0?s=96&d=mm&r=g\",\"caption\":\"redazione\"},\"sameAs\":[\"http:\\\/\\\/www.bellunopress.it\",\"https:\\\/\\\/x.com\\\/bellunopress\"],\"url\":\"https:\\\/\\\/www.bellunopress.it\\\/fr\\\/author\\\/redazione\\\/\"}]}<\/script>\n<!-- \/ Yoast SEO plugin. -->","yoast_head_json":{"title":"Classifica sulla qualit\u00e0 della vita del Sole 24 Ore. Roffar\u00e8: \"Serve una nuova idea di montagna\" - Bellunopress - Dolomiti","robots":{"index":"index","follow":"follow","max-snippet":"max-snippet:-1","max-image-preview":"max-image-preview:large","max-video-preview":"max-video-preview:-1"},"canonical":"https:\/\/www.bellunopress.it\/fr\/2019\/12\/17\/classifica-sulla-qualita-della-vita-del-sole-24-ore-roffare-serve-una-nuova-idea-di-montagna\/","og_locale":"fr_FR","og_type":"article","og_title":"Classifica sulla qualit\u00e0 della vita del Sole 24 Ore. Roffar\u00e8: \"Serve una nuova idea di montagna\" - Bellunopress - Dolomiti","og_description":"\u201cIl crollo dal quarto al 51esimo posto della classifica sulla qualit\u00e0 della vita del Sole 24 Ore certifica ci\u00f2 che tutti sapevamo da tempo, ovvero lo spopolamento dei nostri paesi, la denatalit\u00e0 e la fuga dei nostri giovani\u201d. Commenta cos\u00ec Rudy Roffar\u00e8, segretario generale aggiunto della Cisl Belluno Treviso la pessima performance della citt\u00e0 di [&hellip;]","og_url":"https:\/\/www.bellunopress.it\/fr\/2019\/12\/17\/classifica-sulla-qualita-della-vita-del-sole-24-ore-roffare-serve-una-nuova-idea-di-montagna\/","og_site_name":"Bellunopress - Dolomiti","article_publisher":"https:\/\/www.facebook.com\/profile.php?id=100008943462799","article_published_time":"2019-12-17T13:38:36+00:00","article_modified_time":"2019-12-17T13:41:17+00:00","og_image":[{"url":"http:\/\/www.bellunopress.it\/wp-content\/uploads\/2014\/08\/rudy-roffar\u00e8.jpg","type":"","width":"","height":""}],"author":"redazione","twitter_card":"summary_large_image","twitter_creator":"@bellunopress","twitter_site":"@bellunopress","twitter_misc":{"\u00c9crit par":"redazione","Dur\u00e9e de lecture estim\u00e9e":"2 minutes"},"schema":{"@context":"https:\/\/schema.org","@graph":[{"@type":"Article","@id":"https:\/\/www.bellunopress.it\/2019\/12\/17\/classifica-sulla-qualita-della-vita-del-sole-24-ore-roffare-serve-una-nuova-idea-di-montagna\/#article","isPartOf":{"@id":"https:\/\/www.bellunopress.it\/2019\/12\/17\/classifica-sulla-qualita-della-vita-del-sole-24-ore-roffare-serve-una-nuova-idea-di-montagna\/"},"author":{"name":"redazione","@id":"https:\/\/www.bellunopress.it\/#\/schema\/person\/79bb06722b37ece1c03d3e94beb30d73"},"headline":"Classifica sulla qualit\u00e0 della vita del Sole 24 Ore. Roffar\u00e8: &#8220;Serve una nuova idea di montagna&#8221;","datePublished":"2019-12-17T13:38:36+00:00","dateModified":"2019-12-17T13:41:17+00:00","mainEntityOfPage":{"@id":"https:\/\/www.bellunopress.it\/2019\/12\/17\/classifica-sulla-qualita-della-vita-del-sole-24-ore-roffare-serve-una-nuova-idea-di-montagna\/"},"wordCount":476,"publisher":{"@id":"https:\/\/www.bellunopress.it\/#organization"},"articleSection":["Lavoro, Economia, Turismo","Prima Pagina"],"inLanguage":"fr-FR"},{"@type":"WebPage","@id":"https:\/\/www.bellunopress.it\/2019\/12\/17\/classifica-sulla-qualita-della-vita-del-sole-24-ore-roffare-serve-una-nuova-idea-di-montagna\/","url":"https:\/\/www.bellunopress.it\/2019\/12\/17\/classifica-sulla-qualita-della-vita-del-sole-24-ore-roffare-serve-una-nuova-idea-di-montagna\/","name":"Classifica sulla qualit\u00e0 della vita del Sole 24 Ore. Roffar\u00e8: \"Serve una nuova idea di montagna\" - Bellunopress - Dolomiti","isPartOf":{"@id":"https:\/\/www.bellunopress.it\/#website"},"datePublished":"2019-12-17T13:38:36+00:00","dateModified":"2019-12-17T13:41:17+00:00","breadcrumb":{"@id":"https:\/\/www.bellunopress.it\/2019\/12\/17\/classifica-sulla-qualita-della-vita-del-sole-24-ore-roffare-serve-una-nuova-idea-di-montagna\/#breadcrumb"},"inLanguage":"fr-FR","potentialAction":[{"@type":"ReadAction","target":["https:\/\/www.bellunopress.it\/2019\/12\/17\/classifica-sulla-qualita-della-vita-del-sole-24-ore-roffare-serve-una-nuova-idea-di-montagna\/"]}]},{"@type":"BreadcrumbList","@id":"https:\/\/www.bellunopress.it\/2019\/12\/17\/classifica-sulla-qualita-della-vita-del-sole-24-ore-roffare-serve-una-nuova-idea-di-montagna\/#breadcrumb","itemListElement":[{"@type":"ListItem","position":1,"name":"Home","item":"https:\/\/www.bellunopress.it\/"},{"@type":"ListItem","position":2,"name":"Classifica sulla qualit\u00e0 della vita del Sole 24 Ore. Roffar\u00e8: &#8220;Serve una nuova idea di montagna&#8221;"}]},{"@type":"WebSite","@id":"https:\/\/www.bellunopress.it\/#website","url":"https:\/\/www.bellunopress.it\/","name":"Bellunopress - Dolomiti","description":"e-mail: redazione@bellunopress.it","publisher":{"@id":"https:\/\/www.bellunopress.it\/#organization"},"potentialAction":[{"@type":"SearchAction","target":{"@type":"EntryPoint","urlTemplate":"https:\/\/www.bellunopress.it\/?s={search_term_string}"},"query-input":{"@type":"PropertyValueSpecification","valueRequired":true,"valueName":"search_term_string"}}],"inLanguage":"fr-FR"},{"@type":"Organization","@id":"https:\/\/www.bellunopress.it\/#organization","name":"Bellunopress","url":"https:\/\/www.bellunopress.it\/","logo":{"@type":"ImageObject","inLanguage":"fr-FR","@id":"https:\/\/www.bellunopress.it\/#\/schema\/logo\/image\/","url":"https:\/\/www.bellunopress.it\/wp-content\/uploads\/2011\/05\/cropped-logo-bellunopress-.jpg","contentUrl":"https:\/\/www.bellunopress.it\/wp-content\/uploads\/2011\/05\/cropped-logo-bellunopress-.jpg","width":512,"height":512,"caption":"Bellunopress"},"image":{"@id":"https:\/\/www.bellunopress.it\/#\/schema\/logo\/image\/"},"sameAs":["https:\/\/www.facebook.com\/profile.php?id=100008943462799","https:\/\/x.com\/bellunopress","https:\/\/www.linkedin.com\/hp\/?dnr=JBzUWaJfMUw8vbXJJ2tVW5-I3jZKvC4wsoxE&amp;amp;amp;amp;amp;amp;trk=nav_responsive_tab_home","https:\/\/www.youtube.com\/channel\/UCxL0wu1uN0_3_7hGG0306cw"]},{"@type":"Person","@id":"https:\/\/www.bellunopress.it\/#\/schema\/person\/79bb06722b37ece1c03d3e94beb30d73","name":"r\u00e9daction","image":{"@type":"ImageObject","inLanguage":"fr-FR","@id":"https:\/\/secure.gravatar.com\/avatar\/37d968a2e67a6fd04c169c4bdef102d0bc5d31b2546345219e348575eb80e9a0?s=96&d=mm&r=g","url":"https:\/\/secure.gravatar.com\/avatar\/37d968a2e67a6fd04c169c4bdef102d0bc5d31b2546345219e348575eb80e9a0?s=96&d=mm&r=g","contentUrl":"https:\/\/secure.gravatar.com\/avatar\/37d968a2e67a6fd04c169c4bdef102d0bc5d31b2546345219e348575eb80e9a0?s=96&d=mm&r=g","caption":"redazione"},"sameAs":["http:\/\/www.bellunopress.it","https:\/\/x.com\/bellunopress"],"url":"https:\/\/www.bellunopress.it\/fr\/author\/redazione\/"}]}},"_links":{"self":[{"href":"https:\/\/www.bellunopress.it\/fr\/wp-json\/wp\/v2\/posts\/110521","targetHints":{"allow":["GET"]}}],"collection":[{"href":"https:\/\/www.bellunopress.it\/fr\/wp-json\/wp\/v2\/posts"}],"about":[{"href":"https:\/\/www.bellunopress.it\/fr\/wp-json\/wp\/v2\/types\/post"}],"author":[{"embeddable":true,"href":"https:\/\/www.bellunopress.it\/fr\/wp-json\/wp\/v2\/users\/2"}],"replies":[{"embeddable":true,"href":"https:\/\/www.bellunopress.it\/fr\/wp-json\/wp\/v2\/comments?post=110521"}],"version-history":[{"count":2,"href":"https:\/\/www.bellunopress.it\/fr\/wp-json\/wp\/v2\/posts\/110521\/revisions"}],"predecessor-version":[{"id":110523,"href":"https:\/\/www.bellunopress.it\/fr\/wp-json\/wp\/v2\/posts\/110521\/revisions\/110523"}],"wp:attachment":[{"href":"https:\/\/www.bellunopress.it\/fr\/wp-json\/wp\/v2\/media?parent=110521"}],"wp:term":[{"taxonomy":"category","embeddable":true,"href":"https:\/\/www.bellunopress.it\/fr\/wp-json\/wp\/v2\/categories?post=110521"},{"taxonomy":"post_tag","embeddable":true,"href":"https:\/\/www.bellunopress.it\/fr\/wp-json\/wp\/v2\/tags?post=110521"}],"curies":[{"name":"wp","href":"https:\/\/api.w.org\/{rel}","templated":true}]}}