{"id":110515,"date":"2019-12-17T10:09:58","date_gmt":"2019-12-17T09:09:58","guid":{"rendered":"http:\/\/www.bellunopress.it\/?p=110515"},"modified":"2019-12-17T10:09:58","modified_gmt":"2019-12-17T09:09:58","slug":"cassazione-alt-allutilizzo-indiscriminato-degli-autovelox-annullati-multa-e-taglio-punti-perche-la-dichiarazione-di-conformita-del-velox-non-e-retroattiva","status":"publish","type":"post","link":"https:\/\/www.bellunopress.it\/fr\/2019\/12\/17\/cassazione-alt-allutilizzo-indiscriminato-degli-autovelox-annullati-multa-e-taglio-punti-perche-la-dichiarazione-di-conformita-del-velox-non-e-retroattiva\/","title":{"rendered":"Cassazione: alt all\u2019utilizzo indiscriminato degli autovelox. Annullati multa e taglio punti perch\u00e9 la dichiarazione di conformit\u00e0 del velox non \u00e8 retroattiva"},"content":{"rendered":"<p><a href=\"http:\/\/www.bellunopress.it\/fr\/2019\/05\/05\/mobbing-sanzioni-disciplinari-controlli-e-visite-fiscali-pretestuose-la-cassazione-condanna-la-scuola-e-il-miur-per-le-vessazioni-della-preside-alla-docente-il-miur-deve-pagare-quasi-28mila-euro-p\/cassazione\/\" rel=\"attachment wp-att-104233\"><img loading=\"lazy\" decoding=\"async\" class=\"alignleft size-full wp-image-104233\" src=\"http:\/\/www.bellunopress.it\/wp-content\/uploads\/2019\/05\/Cassazione.jpg\" alt=\"\" width=\"300\" height=\"182\" \/><\/a>La Suprema Corte torna a bacchettare l\u2019indiscriminato utilizzo dell\u2019autovelox sulla conformit\u00e0, perch\u00e9 non pu\u00f2 essere retroattiva. Dopo la sentenza 113\/15 della Corte costituzionale tutti gli apparecchi che misurano le velocit\u00e0 dei veicoli sulle strade devono essere sottoposti a verifica e taratura periodica, pena l\u2019annullamento della multa. Ma la dichiarazione di conformit\u00e0 dello strumento elettronico non vale ad attestare la funzionalit\u00e0 rispetto a infrazioni effettuate in epoca precedente la sua redazione.<\/p>\n<p>\u00c8 quanto emerge dall\u2019ordinanza 33164\/19, pubblicata il 16 dicembre dalla Seconda sezione civile della Cassazione. Accolto il ricorso proposto dalla societ\u00e0 cui \u00e8 stato notificato il verbale per l\u2019infrazione ex articolo 142 comma nono Cds, dunque con sanzione pecuniaria e taglio dei punti sulla patente. Sbaglia il Tribunale a ritenere legittimo il provvedimento adottato nei confronti del veicolo di propriet\u00e0 di una societ\u00e0. Manca infatti la prova della taratura e della conformit\u00e0 dell\u2019autovelox utilizzato per rilevare l\u2019infrazione. Quando il trasgressore contesta l\u2019affidabilit\u00e0 dell\u2019apparecchio, il giudice risulta tenuto ad accertare se lo strumento \u00e8 stato sottoposto ai controlli necessari dopo la pronuncia della Consulta e l\u2019onere della prova deve ritenersi costituito a carico dell\u2019amministrazione.<\/p>\n<p>Ma nessun valore giuridico pu\u00f2 avere la dichiarazione di conformit\u00e0 dello strumento rispetto alle infrazioni rilevate prima della sua emissione.<\/p>\n<p>Di recente la Suprema corte ha chiarito come l\u2019obbligo di verifica non valga per strumenti elettronici come il photored che sono s\u00ec utilizzati per rilevare le infrazioni stradali, ma non misurano la velocit\u00e0 dei veicoli (cfr. Cassazione 31818\/19). Parola al giudice del rinvio.Nuovi \u201cStop\u201d della Cassazione contro gli autovelox per \u201cfar cassa\u201d dopo altre recenti decisioni segnalate dallo \u201cSportello dei Diritti\u201d. Insomma, per Giovanni D&#8217;Agata, presidente dello \u201cSportello dei Diritti\u201d, non basta premurarsi per fare multe a gogo se poi non si pensa effettivamente alla sicurezza stradale, alla certezza delle rilevazioni ed al rispetto del diritto di difesa dei presunti trasgressori.<\/p>\n<p>&nbsp;<\/p>","protected":false},"excerpt":{"rendered":"<p>La Suprema Corte torna a bacchettare l\u2019indiscriminato utilizzo dell\u2019autovelox sulla conformit\u00e0, perch\u00e9 non pu\u00f2 essere retroattiva. Dopo la sentenza 113\/15 della Corte costituzionale tutti gli apparecchi che misurano le velocit\u00e0 dei veicoli sulle strade devono essere sottoposti a verifica e taratura periodica, pena l\u2019annullamento della multa. Ma la dichiarazione di conformit\u00e0 dello strumento elettronico non [&hellip;]<\/p>\n","protected":false},"author":2,"featured_media":0,"comment_status":"closed","ping_status":"open","sticky":false,"template":"","format":"standard","meta":{"footnotes":""},"categories":[26,8],"tags":[],"class_list":["post-110515","post","type-post","status-publish","format-standard","category-prima-pagina","category-societa-istituzioni"],"yoast_head":"<!-- This site is optimized with the Yoast SEO plugin v28.4 - https:\/\/yoast.com\/product\/yoast-seo-wordpress\/ -->\n<title>Cassazione: alt all\u2019utilizzo indiscriminato degli autovelox. Annullati multa e taglio punti perch\u00e9 la dichiarazione di conformit\u00e0 del velox non \u00e8 retroattiva - Bellunopress - Dolomiti<\/title>\n<meta name=\"robots\" content=\"index, follow, max-snippet:-1, max-image-preview:large, max-video-preview:-1\" \/>\n<link rel=\"canonical\" href=\"https:\/\/www.bellunopress.it\/fr\/2019\/12\/17\/cassazione-alt-allutilizzo-indiscriminato-degli-autovelox-annullati-multa-e-taglio-punti-perche-la-dichiarazione-di-conformita-del-velox-non-e-retroattiva\/\" \/>\n<meta property=\"og:locale\" content=\"fr_FR\" \/>\n<meta property=\"og:type\" content=\"article\" \/>\n<meta property=\"og:title\" content=\"Cassazione: alt all\u2019utilizzo indiscriminato degli autovelox. Annullati multa e taglio punti perch\u00e9 la dichiarazione di conformit\u00e0 del velox non \u00e8 retroattiva - Bellunopress - Dolomiti\" \/>\n<meta property=\"og:description\" content=\"La Suprema Corte torna a bacchettare l\u2019indiscriminato utilizzo dell\u2019autovelox sulla conformit\u00e0, perch\u00e9 non pu\u00f2 essere retroattiva. Dopo la sentenza 113\/15 della Corte costituzionale tutti gli apparecchi che misurano le velocit\u00e0 dei veicoli sulle strade devono essere sottoposti a verifica e taratura periodica, pena l\u2019annullamento della multa. Ma la dichiarazione di conformit\u00e0 dello strumento elettronico non [&hellip;]\" \/>\n<meta property=\"og:url\" content=\"https:\/\/www.bellunopress.it\/fr\/2019\/12\/17\/cassazione-alt-allutilizzo-indiscriminato-degli-autovelox-annullati-multa-e-taglio-punti-perche-la-dichiarazione-di-conformita-del-velox-non-e-retroattiva\/\" \/>\n<meta property=\"og:site_name\" content=\"Bellunopress - Dolomiti\" \/>\n<meta property=\"article:publisher\" content=\"https:\/\/www.facebook.com\/profile.php?id=100008943462799\" \/>\n<meta property=\"article:published_time\" content=\"2019-12-17T09:09:58+00:00\" \/>\n<meta property=\"og:image\" content=\"http:\/\/www.bellunopress.it\/wp-content\/uploads\/2019\/05\/Cassazione.jpg\" \/>\n<meta name=\"author\" content=\"redazione\" \/>\n<meta name=\"twitter:card\" content=\"summary_large_image\" \/>\n<meta name=\"twitter:creator\" content=\"@bellunopress\" \/>\n<meta name=\"twitter:site\" content=\"@bellunopress\" \/>\n<meta name=\"twitter:label1\" content=\"\u00c9crit par\" \/>\n\t<meta name=\"twitter:data1\" content=\"redazione\" \/>\n\t<meta name=\"twitter:label2\" content=\"Dur\u00e9e de lecture estim\u00e9e\" \/>\n\t<meta name=\"twitter:data2\" content=\"2 minutes\" \/>\n<script type=\"application\/ld+json\" class=\"yoast-schema-graph\">{\"@context\":\"https:\\\/\\\/schema.org\",\"@graph\":[{\"@type\":\"Article\",\"@id\":\"https:\\\/\\\/www.bellunopress.it\\\/2019\\\/12\\\/17\\\/cassazione-alt-allutilizzo-indiscriminato-degli-autovelox-annullati-multa-e-taglio-punti-perche-la-dichiarazione-di-conformita-del-velox-non-e-retroattiva\\\/#article\",\"isPartOf\":{\"@id\":\"https:\\\/\\\/www.bellunopress.it\\\/2019\\\/12\\\/17\\\/cassazione-alt-allutilizzo-indiscriminato-degli-autovelox-annullati-multa-e-taglio-punti-perche-la-dichiarazione-di-conformita-del-velox-non-e-retroattiva\\\/\"},\"author\":{\"name\":\"redazione\",\"@id\":\"https:\\\/\\\/www.bellunopress.it\\\/#\\\/schema\\\/person\\\/79bb06722b37ece1c03d3e94beb30d73\"},\"headline\":\"Cassazione: alt all\u2019utilizzo indiscriminato degli autovelox. Annullati multa e taglio punti perch\u00e9 la dichiarazione di conformit\u00e0 del velox non \u00e8 retroattiva\",\"datePublished\":\"2019-12-17T09:09:58+00:00\",\"mainEntityOfPage\":{\"@id\":\"https:\\\/\\\/www.bellunopress.it\\\/2019\\\/12\\\/17\\\/cassazione-alt-allutilizzo-indiscriminato-degli-autovelox-annullati-multa-e-taglio-punti-perche-la-dichiarazione-di-conformita-del-velox-non-e-retroattiva\\\/\"},\"wordCount\":332,\"publisher\":{\"@id\":\"https:\\\/\\\/www.bellunopress.it\\\/#organization\"},\"image\":{\"@id\":\"https:\\\/\\\/www.bellunopress.it\\\/2019\\\/12\\\/17\\\/cassazione-alt-allutilizzo-indiscriminato-degli-autovelox-annullati-multa-e-taglio-punti-perche-la-dichiarazione-di-conformita-del-velox-non-e-retroattiva\\\/#primaryimage\"},\"thumbnailUrl\":\"http:\\\/\\\/www.bellunopress.it\\\/wp-content\\\/uploads\\\/2019\\\/05\\\/Cassazione.jpg\",\"articleSection\":[\"Prima Pagina\",\"Societ\u00e0, Associazioni, Istituzioni\"],\"inLanguage\":\"fr-FR\"},{\"@type\":\"WebPage\",\"@id\":\"https:\\\/\\\/www.bellunopress.it\\\/2019\\\/12\\\/17\\\/cassazione-alt-allutilizzo-indiscriminato-degli-autovelox-annullati-multa-e-taglio-punti-perche-la-dichiarazione-di-conformita-del-velox-non-e-retroattiva\\\/\",\"url\":\"https:\\\/\\\/www.bellunopress.it\\\/2019\\\/12\\\/17\\\/cassazione-alt-allutilizzo-indiscriminato-degli-autovelox-annullati-multa-e-taglio-punti-perche-la-dichiarazione-di-conformita-del-velox-non-e-retroattiva\\\/\",\"name\":\"Cassazione: alt all\u2019utilizzo indiscriminato degli autovelox. Annullati multa e taglio punti perch\u00e9 la dichiarazione di conformit\u00e0 del velox non \u00e8 retroattiva - Bellunopress - Dolomiti\",\"isPartOf\":{\"@id\":\"https:\\\/\\\/www.bellunopress.it\\\/#website\"},\"primaryImageOfPage\":{\"@id\":\"https:\\\/\\\/www.bellunopress.it\\\/2019\\\/12\\\/17\\\/cassazione-alt-allutilizzo-indiscriminato-degli-autovelox-annullati-multa-e-taglio-punti-perche-la-dichiarazione-di-conformita-del-velox-non-e-retroattiva\\\/#primaryimage\"},\"image\":{\"@id\":\"https:\\\/\\\/www.bellunopress.it\\\/2019\\\/12\\\/17\\\/cassazione-alt-allutilizzo-indiscriminato-degli-autovelox-annullati-multa-e-taglio-punti-perche-la-dichiarazione-di-conformita-del-velox-non-e-retroattiva\\\/#primaryimage\"},\"thumbnailUrl\":\"http:\\\/\\\/www.bellunopress.it\\\/wp-content\\\/uploads\\\/2019\\\/05\\\/Cassazione.jpg\",\"datePublished\":\"2019-12-17T09:09:58+00:00\",\"breadcrumb\":{\"@id\":\"https:\\\/\\\/www.bellunopress.it\\\/2019\\\/12\\\/17\\\/cassazione-alt-allutilizzo-indiscriminato-degli-autovelox-annullati-multa-e-taglio-punti-perche-la-dichiarazione-di-conformita-del-velox-non-e-retroattiva\\\/#breadcrumb\"},\"inLanguage\":\"fr-FR\",\"potentialAction\":[{\"@type\":\"ReadAction\",\"target\":[\"https:\\\/\\\/www.bellunopress.it\\\/2019\\\/12\\\/17\\\/cassazione-alt-allutilizzo-indiscriminato-degli-autovelox-annullati-multa-e-taglio-punti-perche-la-dichiarazione-di-conformita-del-velox-non-e-retroattiva\\\/\"]}]},{\"@type\":\"ImageObject\",\"inLanguage\":\"fr-FR\",\"@id\":\"https:\\\/\\\/www.bellunopress.it\\\/2019\\\/12\\\/17\\\/cassazione-alt-allutilizzo-indiscriminato-degli-autovelox-annullati-multa-e-taglio-punti-perche-la-dichiarazione-di-conformita-del-velox-non-e-retroattiva\\\/#primaryimage\",\"url\":\"http:\\\/\\\/www.bellunopress.it\\\/wp-content\\\/uploads\\\/2019\\\/05\\\/Cassazione.jpg\",\"contentUrl\":\"http:\\\/\\\/www.bellunopress.it\\\/wp-content\\\/uploads\\\/2019\\\/05\\\/Cassazione.jpg\"},{\"@type\":\"BreadcrumbList\",\"@id\":\"https:\\\/\\\/www.bellunopress.it\\\/2019\\\/12\\\/17\\\/cassazione-alt-allutilizzo-indiscriminato-degli-autovelox-annullati-multa-e-taglio-punti-perche-la-dichiarazione-di-conformita-del-velox-non-e-retroattiva\\\/#breadcrumb\",\"itemListElement\":[{\"@type\":\"ListItem\",\"position\":1,\"name\":\"Home\",\"item\":\"https:\\\/\\\/www.bellunopress.it\\\/\"},{\"@type\":\"ListItem\",\"position\":2,\"name\":\"Cassazione: alt all\u2019utilizzo indiscriminato degli autovelox. Annullati multa e taglio punti perch\u00e9 la dichiarazione di conformit\u00e0 del velox non \u00e8 retroattiva\"}]},{\"@type\":\"WebSite\",\"@id\":\"https:\\\/\\\/www.bellunopress.it\\\/#website\",\"url\":\"https:\\\/\\\/www.bellunopress.it\\\/\",\"name\":\"Bellunopress - Dolomiti\",\"description\":\"e-mail: redazione@bellunopress.it\",\"publisher\":{\"@id\":\"https:\\\/\\\/www.bellunopress.it\\\/#organization\"},\"potentialAction\":[{\"@type\":\"SearchAction\",\"target\":{\"@type\":\"EntryPoint\",\"urlTemplate\":\"https:\\\/\\\/www.bellunopress.it\\\/?s={search_term_string}\"},\"query-input\":{\"@type\":\"PropertyValueSpecification\",\"valueRequired\":true,\"valueName\":\"search_term_string\"}}],\"inLanguage\":\"fr-FR\"},{\"@type\":\"Organization\",\"@id\":\"https:\\\/\\\/www.bellunopress.it\\\/#organization\",\"name\":\"Bellunopress\",\"url\":\"https:\\\/\\\/www.bellunopress.it\\\/\",\"logo\":{\"@type\":\"ImageObject\",\"inLanguage\":\"fr-FR\",\"@id\":\"https:\\\/\\\/www.bellunopress.it\\\/#\\\/schema\\\/logo\\\/image\\\/\",\"url\":\"https:\\\/\\\/www.bellunopress.it\\\/wp-content\\\/uploads\\\/2011\\\/05\\\/cropped-logo-bellunopress-.jpg\",\"contentUrl\":\"https:\\\/\\\/www.bellunopress.it\\\/wp-content\\\/uploads\\\/2011\\\/05\\\/cropped-logo-bellunopress-.jpg\",\"width\":512,\"height\":512,\"caption\":\"Bellunopress\"},\"image\":{\"@id\":\"https:\\\/\\\/www.bellunopress.it\\\/#\\\/schema\\\/logo\\\/image\\\/\"},\"sameAs\":[\"https:\\\/\\\/www.facebook.com\\\/profile.php?id=100008943462799\",\"https:\\\/\\\/x.com\\\/bellunopress\",\"https:\\\/\\\/www.linkedin.com\\\/hp\\\/?dnr=JBzUWaJfMUw8vbXJJ2tVW5-I3jZKvC4wsoxE&amp;amp;amp;amp;amp;amp;trk=nav_responsive_tab_home\",\"https:\\\/\\\/www.youtube.com\\\/channel\\\/UCxL0wu1uN0_3_7hGG0306cw\"]},{\"@type\":\"Person\",\"@id\":\"https:\\\/\\\/www.bellunopress.it\\\/#\\\/schema\\\/person\\\/79bb06722b37ece1c03d3e94beb30d73\",\"name\":\"redazione\",\"image\":{\"@type\":\"ImageObject\",\"inLanguage\":\"fr-FR\",\"@id\":\"https:\\\/\\\/secure.gravatar.com\\\/avatar\\\/37d968a2e67a6fd04c169c4bdef102d0bc5d31b2546345219e348575eb80e9a0?s=96&d=mm&r=g\",\"url\":\"https:\\\/\\\/secure.gravatar.com\\\/avatar\\\/37d968a2e67a6fd04c169c4bdef102d0bc5d31b2546345219e348575eb80e9a0?s=96&d=mm&r=g\",\"contentUrl\":\"https:\\\/\\\/secure.gravatar.com\\\/avatar\\\/37d968a2e67a6fd04c169c4bdef102d0bc5d31b2546345219e348575eb80e9a0?s=96&d=mm&r=g\",\"caption\":\"redazione\"},\"sameAs\":[\"http:\\\/\\\/www.bellunopress.it\",\"https:\\\/\\\/x.com\\\/bellunopress\"],\"url\":\"https:\\\/\\\/www.bellunopress.it\\\/fr\\\/author\\\/redazione\\\/\"}]}<\/script>\n<!-- \/ Yoast SEO plugin. -->","yoast_head_json":{"title":"Cassazione: alt all\u2019utilizzo indiscriminato degli autovelox. Annullati multa e taglio punti perch\u00e9 la dichiarazione di conformit\u00e0 del velox non \u00e8 retroattiva - Bellunopress - Dolomiti","robots":{"index":"index","follow":"follow","max-snippet":"max-snippet:-1","max-image-preview":"max-image-preview:large","max-video-preview":"max-video-preview:-1"},"canonical":"https:\/\/www.bellunopress.it\/fr\/2019\/12\/17\/cassazione-alt-allutilizzo-indiscriminato-degli-autovelox-annullati-multa-e-taglio-punti-perche-la-dichiarazione-di-conformita-del-velox-non-e-retroattiva\/","og_locale":"fr_FR","og_type":"article","og_title":"Cassazione: alt all\u2019utilizzo indiscriminato degli autovelox. Annullati multa e taglio punti perch\u00e9 la dichiarazione di conformit\u00e0 del velox non \u00e8 retroattiva - Bellunopress - Dolomiti","og_description":"La Suprema Corte torna a bacchettare l\u2019indiscriminato utilizzo dell\u2019autovelox sulla conformit\u00e0, perch\u00e9 non pu\u00f2 essere retroattiva. Dopo la sentenza 113\/15 della Corte costituzionale tutti gli apparecchi che misurano le velocit\u00e0 dei veicoli sulle strade devono essere sottoposti a verifica e taratura periodica, pena l\u2019annullamento della multa. Ma la dichiarazione di conformit\u00e0 dello strumento elettronico non [&hellip;]","og_url":"https:\/\/www.bellunopress.it\/fr\/2019\/12\/17\/cassazione-alt-allutilizzo-indiscriminato-degli-autovelox-annullati-multa-e-taglio-punti-perche-la-dichiarazione-di-conformita-del-velox-non-e-retroattiva\/","og_site_name":"Bellunopress - Dolomiti","article_publisher":"https:\/\/www.facebook.com\/profile.php?id=100008943462799","article_published_time":"2019-12-17T09:09:58+00:00","og_image":[{"url":"http:\/\/www.bellunopress.it\/wp-content\/uploads\/2019\/05\/Cassazione.jpg","type":"","width":"","height":""}],"author":"redazione","twitter_card":"summary_large_image","twitter_creator":"@bellunopress","twitter_site":"@bellunopress","twitter_misc":{"\u00c9crit par":"redazione","Dur\u00e9e de lecture estim\u00e9e":"2 minutes"},"schema":{"@context":"https:\/\/schema.org","@graph":[{"@type":"Article","@id":"https:\/\/www.bellunopress.it\/2019\/12\/17\/cassazione-alt-allutilizzo-indiscriminato-degli-autovelox-annullati-multa-e-taglio-punti-perche-la-dichiarazione-di-conformita-del-velox-non-e-retroattiva\/#article","isPartOf":{"@id":"https:\/\/www.bellunopress.it\/2019\/12\/17\/cassazione-alt-allutilizzo-indiscriminato-degli-autovelox-annullati-multa-e-taglio-punti-perche-la-dichiarazione-di-conformita-del-velox-non-e-retroattiva\/"},"author":{"name":"redazione","@id":"https:\/\/www.bellunopress.it\/#\/schema\/person\/79bb06722b37ece1c03d3e94beb30d73"},"headline":"Cassazione: alt all\u2019utilizzo indiscriminato degli autovelox. Annullati multa e taglio punti perch\u00e9 la dichiarazione di conformit\u00e0 del velox non \u00e8 retroattiva","datePublished":"2019-12-17T09:09:58+00:00","mainEntityOfPage":{"@id":"https:\/\/www.bellunopress.it\/2019\/12\/17\/cassazione-alt-allutilizzo-indiscriminato-degli-autovelox-annullati-multa-e-taglio-punti-perche-la-dichiarazione-di-conformita-del-velox-non-e-retroattiva\/"},"wordCount":332,"publisher":{"@id":"https:\/\/www.bellunopress.it\/#organization"},"image":{"@id":"https:\/\/www.bellunopress.it\/2019\/12\/17\/cassazione-alt-allutilizzo-indiscriminato-degli-autovelox-annullati-multa-e-taglio-punti-perche-la-dichiarazione-di-conformita-del-velox-non-e-retroattiva\/#primaryimage"},"thumbnailUrl":"http:\/\/www.bellunopress.it\/wp-content\/uploads\/2019\/05\/Cassazione.jpg","articleSection":["Prima Pagina","Societ\u00e0, Associazioni, Istituzioni"],"inLanguage":"fr-FR"},{"@type":"WebPage","@id":"https:\/\/www.bellunopress.it\/2019\/12\/17\/cassazione-alt-allutilizzo-indiscriminato-degli-autovelox-annullati-multa-e-taglio-punti-perche-la-dichiarazione-di-conformita-del-velox-non-e-retroattiva\/","url":"https:\/\/www.bellunopress.it\/2019\/12\/17\/cassazione-alt-allutilizzo-indiscriminato-degli-autovelox-annullati-multa-e-taglio-punti-perche-la-dichiarazione-di-conformita-del-velox-non-e-retroattiva\/","name":"Cassazione: alt all\u2019utilizzo indiscriminato degli autovelox. Annullati multa e taglio punti perch\u00e9 la dichiarazione di conformit\u00e0 del velox non \u00e8 retroattiva - Bellunopress - Dolomiti","isPartOf":{"@id":"https:\/\/www.bellunopress.it\/#website"},"primaryImageOfPage":{"@id":"https:\/\/www.bellunopress.it\/2019\/12\/17\/cassazione-alt-allutilizzo-indiscriminato-degli-autovelox-annullati-multa-e-taglio-punti-perche-la-dichiarazione-di-conformita-del-velox-non-e-retroattiva\/#primaryimage"},"image":{"@id":"https:\/\/www.bellunopress.it\/2019\/12\/17\/cassazione-alt-allutilizzo-indiscriminato-degli-autovelox-annullati-multa-e-taglio-punti-perche-la-dichiarazione-di-conformita-del-velox-non-e-retroattiva\/#primaryimage"},"thumbnailUrl":"http:\/\/www.bellunopress.it\/wp-content\/uploads\/2019\/05\/Cassazione.jpg","datePublished":"2019-12-17T09:09:58+00:00","breadcrumb":{"@id":"https:\/\/www.bellunopress.it\/2019\/12\/17\/cassazione-alt-allutilizzo-indiscriminato-degli-autovelox-annullati-multa-e-taglio-punti-perche-la-dichiarazione-di-conformita-del-velox-non-e-retroattiva\/#breadcrumb"},"inLanguage":"fr-FR","potentialAction":[{"@type":"ReadAction","target":["https:\/\/www.bellunopress.it\/2019\/12\/17\/cassazione-alt-allutilizzo-indiscriminato-degli-autovelox-annullati-multa-e-taglio-punti-perche-la-dichiarazione-di-conformita-del-velox-non-e-retroattiva\/"]}]},{"@type":"ImageObject","inLanguage":"fr-FR","@id":"https:\/\/www.bellunopress.it\/2019\/12\/17\/cassazione-alt-allutilizzo-indiscriminato-degli-autovelox-annullati-multa-e-taglio-punti-perche-la-dichiarazione-di-conformita-del-velox-non-e-retroattiva\/#primaryimage","url":"http:\/\/www.bellunopress.it\/wp-content\/uploads\/2019\/05\/Cassazione.jpg","contentUrl":"http:\/\/www.bellunopress.it\/wp-content\/uploads\/2019\/05\/Cassazione.jpg"},{"@type":"BreadcrumbList","@id":"https:\/\/www.bellunopress.it\/2019\/12\/17\/cassazione-alt-allutilizzo-indiscriminato-degli-autovelox-annullati-multa-e-taglio-punti-perche-la-dichiarazione-di-conformita-del-velox-non-e-retroattiva\/#breadcrumb","itemListElement":[{"@type":"ListItem","position":1,"name":"Home","item":"https:\/\/www.bellunopress.it\/"},{"@type":"ListItem","position":2,"name":"Cassazione: alt all\u2019utilizzo indiscriminato degli autovelox. Annullati multa e taglio punti perch\u00e9 la dichiarazione di conformit\u00e0 del velox non \u00e8 retroattiva"}]},{"@type":"WebSite","@id":"https:\/\/www.bellunopress.it\/#website","url":"https:\/\/www.bellunopress.it\/","name":"Bellunopress - Dolomiti","description":"e-mail: redazione@bellunopress.it","publisher":{"@id":"https:\/\/www.bellunopress.it\/#organization"},"potentialAction":[{"@type":"SearchAction","target":{"@type":"EntryPoint","urlTemplate":"https:\/\/www.bellunopress.it\/?s={search_term_string}"},"query-input":{"@type":"PropertyValueSpecification","valueRequired":true,"valueName":"search_term_string"}}],"inLanguage":"fr-FR"},{"@type":"Organization","@id":"https:\/\/www.bellunopress.it\/#organization","name":"Bellunopress","url":"https:\/\/www.bellunopress.it\/","logo":{"@type":"ImageObject","inLanguage":"fr-FR","@id":"https:\/\/www.bellunopress.it\/#\/schema\/logo\/image\/","url":"https:\/\/www.bellunopress.it\/wp-content\/uploads\/2011\/05\/cropped-logo-bellunopress-.jpg","contentUrl":"https:\/\/www.bellunopress.it\/wp-content\/uploads\/2011\/05\/cropped-logo-bellunopress-.jpg","width":512,"height":512,"caption":"Bellunopress"},"image":{"@id":"https:\/\/www.bellunopress.it\/#\/schema\/logo\/image\/"},"sameAs":["https:\/\/www.facebook.com\/profile.php?id=100008943462799","https:\/\/x.com\/bellunopress","https:\/\/www.linkedin.com\/hp\/?dnr=JBzUWaJfMUw8vbXJJ2tVW5-I3jZKvC4wsoxE&amp;amp;amp;amp;amp;amp;trk=nav_responsive_tab_home","https:\/\/www.youtube.com\/channel\/UCxL0wu1uN0_3_7hGG0306cw"]},{"@type":"Person","@id":"https:\/\/www.bellunopress.it\/#\/schema\/person\/79bb06722b37ece1c03d3e94beb30d73","name":"r\u00e9daction","image":{"@type":"ImageObject","inLanguage":"fr-FR","@id":"https:\/\/secure.gravatar.com\/avatar\/37d968a2e67a6fd04c169c4bdef102d0bc5d31b2546345219e348575eb80e9a0?s=96&d=mm&r=g","url":"https:\/\/secure.gravatar.com\/avatar\/37d968a2e67a6fd04c169c4bdef102d0bc5d31b2546345219e348575eb80e9a0?s=96&d=mm&r=g","contentUrl":"https:\/\/secure.gravatar.com\/avatar\/37d968a2e67a6fd04c169c4bdef102d0bc5d31b2546345219e348575eb80e9a0?s=96&d=mm&r=g","caption":"redazione"},"sameAs":["http:\/\/www.bellunopress.it","https:\/\/x.com\/bellunopress"],"url":"https:\/\/www.bellunopress.it\/fr\/author\/redazione\/"}]}},"_links":{"self":[{"href":"https:\/\/www.bellunopress.it\/fr\/wp-json\/wp\/v2\/posts\/110515","targetHints":{"allow":["GET"]}}],"collection":[{"href":"https:\/\/www.bellunopress.it\/fr\/wp-json\/wp\/v2\/posts"}],"about":[{"href":"https:\/\/www.bellunopress.it\/fr\/wp-json\/wp\/v2\/types\/post"}],"author":[{"embeddable":true,"href":"https:\/\/www.bellunopress.it\/fr\/wp-json\/wp\/v2\/users\/2"}],"replies":[{"embeddable":true,"href":"https:\/\/www.bellunopress.it\/fr\/wp-json\/wp\/v2\/comments?post=110515"}],"version-history":[{"count":1,"href":"https:\/\/www.bellunopress.it\/fr\/wp-json\/wp\/v2\/posts\/110515\/revisions"}],"predecessor-version":[{"id":110516,"href":"https:\/\/www.bellunopress.it\/fr\/wp-json\/wp\/v2\/posts\/110515\/revisions\/110516"}],"wp:attachment":[{"href":"https:\/\/www.bellunopress.it\/fr\/wp-json\/wp\/v2\/media?parent=110515"}],"wp:term":[{"taxonomy":"category","embeddable":true,"href":"https:\/\/www.bellunopress.it\/fr\/wp-json\/wp\/v2\/categories?post=110515"},{"taxonomy":"post_tag","embeddable":true,"href":"https:\/\/www.bellunopress.it\/fr\/wp-json\/wp\/v2\/tags?post=110515"}],"curies":[{"name":"wp","href":"https:\/\/api.w.org\/{rel}","templated":true}]}}