{"id":110511,"date":"2019-12-17T09:54:48","date_gmt":"2019-12-17T08:54:48","guid":{"rendered":"http:\/\/www.bellunopress.it\/?p=110511"},"modified":"2019-12-20T13:53:53","modified_gmt":"2019-12-20T12:53:53","slug":"mercoledi-alla-libreria-tarantola-di-belluno-la-presentazione-del-libro-la-porta-di-paolo-salvini","status":"publish","type":"post","link":"https:\/\/www.bellunopress.it\/fr\/2019\/12\/17\/mercoledi-alla-libreria-tarantola-di-belluno-la-presentazione-del-libro-la-porta-di-paolo-salvini\/","title":{"rendered":"Mercoled\u00ec alla Libreria Tarantola di Belluno la presentazione del libro La Porta di Paolo Salvini"},"content":{"rendered":"<p>Mercoled\u00ec 18 dicembre alle ore 18,30 alla Libreria Tarantola di via Psaro 13 a Belluno si terr\u00e0 la presentazione del libro &#8220;La porta&#8221; di Paolo Salvini.<\/p>\n<p><a href=\"http:\/\/www.bellunopress.it\/fr\/2019\/12\/17\/mercoledi-alla-libreria-tarantola-di-belluno-la-presentazione-del-libro-la-porta-di-paolo-salvini\/libreria-tarantola-3\/\" rel=\"attachment wp-att-110512\"><img loading=\"lazy\" decoding=\"async\" class=\"alignleft size-full wp-image-110512\" src=\"http:\/\/www.bellunopress.it\/wp-content\/uploads\/2019\/12\/Libreria-Tarantola.jpg\" alt=\"\" width=\"300\" height=\"208\" \/><\/a>Presentare un libro, soprattutto quando questo \u00e8 il lavoro di un amico, non \u00e8 facile perch\u00e9 non puoi rimanere distaccato, ma proprio ci\u00f2 rende una prefazione ancora pi\u00f9 vera in quanto conosci i sentimenti pi\u00f9 profondi dell\u2019autore. Parto quindi da Paolo, un amico che ha cercato nella sua vita di essere coerente con i suoi ideali ha sempre messo l\u2019anima nelle sue molteplici attivit\u00e0. Se volessi definirlo lo chiamerei lo \u201czingaro vulcanico\u201d.<br \/>\nLa sua vita, infatti, passa da Trieste, Sappada, Aosta, Domegge di Cadore, K\u00f6tschach-Mauthen per arrivare sino a Belluno e in tutte queste realt\u00e0 \u00e8 sempre stato in prima linea e ha sempre combattuto anche quando lo aspettava una sconfitta. Il suo grande amore e passione per la montagna, che si evince in maniera epidermica dai suoi scritti, \u00e8 la linea guida della sua vita post universitaria e il libro racconta propria cosa significhi passione e quanto questa necessiti di scelte e sacrifici. Elementi questi che possono risultare estremamente differenziati da un alpinista all\u2019altro proprio in funzione a come decidi d\u2019interpretare l\u2019alpinismo che mai come oggi si presenta diversificato delle sue numerose anime, grazie anche ai grandi cambiamenti che la societ\u00e0 sta vivendo. Leggendo il libro si \u00e8 immersi proprio nella crisi che l\u2019autore vive difronte agli inconfutabili condizionamenti che l\u2019alpinismo subisce nel violento impatto con una societ\u00e0 tecnologica finanziaria, mutamenti che l\u2019autore descrive in maniera lucida e attenta, non solo per individuarne i rischi che essi comportano nell\u2019interpretazione dell\u2019alpinismo, ma anche del vivere quotidiano. \u00c8 indiscutibile e la si tocca con mano, la sofferenza che l\u2019autore prova difronte a questo cambiamento epocale della societ\u00e0 e quindi della montagna, ma Paolo tenta anche di darci una via d\u2019uscita:<br \/>\nquella \u201cporta\u201d, ricca della sua esperienza di vita e di fede, che ci invita a fermarci a riflettere non solo sul valore della montagna, ma anche su quello della vita.<br \/>\nL\u2019autore sviluppa il testo con una creativa trama di pensieri e riflessioni, che sono tipiche di alcuni suoi scritti, con l\u2019intento proprio di far assaporare al lettore che la vita \u00e8 un intreccio di strade e scelte nelle quali comunque la coerenza dovrebbe costituire la linea guida. Nel concludere ritengo originale, e anche controcorrente, la sua testimonianza come credente che appare comunque delicata, non invadente e che fornisce al lettore numerosi spunti da interiorizzare anche per chi non s\u2019identifica con le certezze dell\u2019autore.<br \/>\nGiampiero De Vido<\/p>\n<p><strong>L\u2019autore<\/strong><\/p>\n<p>Paolo Salvini \u00e8 nato a Trieste nel 1961, terminati gli studi universitari si \u00e8 trasferito nel bellunese dove dal 1985 abita e insegna scienze nelle scuole superiori. Dal 1999 \u00e8 Guida Naturalistica e Ambientale, dal 2014 membro del gruppo Edelweiss Mountain Guide di Auronzo di Cadore.<br \/>\n\u00c8 stato accademico del GISM e per 22 anni membro del soccorso alpino.<br \/>\nNel 2012 ha fondato insieme ad alcuni amici il gruppo \u201cRocciatori spalti di toro &#8211; cani sciolti\u201d di cui \u00e8 stato il primo presidente<\/p>","protected":false},"excerpt":{"rendered":"<p>Mercoled\u00ec 18 dicembre alle ore 18,30 alla Libreria Tarantola di via Psaro 13 a Belluno si terr\u00e0 la presentazione del libro &#8220;La porta&#8221; di Paolo Salvini. Presentare un libro, soprattutto quando questo \u00e8 il lavoro di un amico, non \u00e8 facile perch\u00e9 non puoi rimanere distaccato, ma proprio ci\u00f2 rende una prefazione ancora pi\u00f9 vera [&hellip;]<\/p>\n","protected":false},"author":2,"featured_media":0,"comment_status":"closed","ping_status":"open","sticky":false,"template":"","format":"standard","meta":{"footnotes":""},"categories":[27,3],"tags":[],"class_list":["post-110511","post","type-post","status-publish","format-standard","category-appuntamenti","category-arte-cultura-spettacoli-scienza-archivi"],"yoast_head":"<!-- This site is optimized with the Yoast SEO plugin v28.4 - https:\/\/yoast.com\/product\/yoast-seo-wordpress\/ -->\n<title>Mercoled\u00ec alla Libreria Tarantola di Belluno la presentazione del libro La Porta di Paolo Salvini - Bellunopress - Dolomiti<\/title>\n<meta name=\"robots\" content=\"index, follow, max-snippet:-1, max-image-preview:large, max-video-preview:-1\" \/>\n<link rel=\"canonical\" href=\"https:\/\/www.bellunopress.it\/fr\/2019\/12\/17\/mercoledi-alla-libreria-tarantola-di-belluno-la-presentazione-del-libro-la-porta-di-paolo-salvini\/\" \/>\n<meta property=\"og:locale\" content=\"fr_FR\" \/>\n<meta property=\"og:type\" content=\"article\" \/>\n<meta property=\"og:title\" content=\"Mercoled\u00ec alla Libreria Tarantola di Belluno la presentazione del libro La Porta di Paolo Salvini - Bellunopress - Dolomiti\" \/>\n<meta property=\"og:description\" content=\"Mercoled\u00ec 18 dicembre alle ore 18,30 alla Libreria Tarantola di via Psaro 13 a Belluno si terr\u00e0 la presentazione del libro &#8220;La porta&#8221; di Paolo Salvini. Presentare un libro, soprattutto quando questo \u00e8 il lavoro di un amico, non \u00e8 facile perch\u00e9 non puoi rimanere distaccato, ma proprio ci\u00f2 rende una prefazione ancora pi\u00f9 vera [&hellip;]\" \/>\n<meta property=\"og:url\" content=\"https:\/\/www.bellunopress.it\/fr\/2019\/12\/17\/mercoledi-alla-libreria-tarantola-di-belluno-la-presentazione-del-libro-la-porta-di-paolo-salvini\/\" \/>\n<meta property=\"og:site_name\" content=\"Bellunopress - Dolomiti\" \/>\n<meta property=\"article:publisher\" content=\"https:\/\/www.facebook.com\/profile.php?id=100008943462799\" \/>\n<meta property=\"article:published_time\" content=\"2019-12-17T08:54:48+00:00\" \/>\n<meta property=\"article:modified_time\" content=\"2019-12-20T12:53:53+00:00\" \/>\n<meta property=\"og:image\" content=\"http:\/\/www.bellunopress.it\/wp-content\/uploads\/2019\/12\/Libreria-Tarantola.jpg\" \/>\n<meta name=\"author\" content=\"redazione\" \/>\n<meta name=\"twitter:card\" content=\"summary_large_image\" \/>\n<meta name=\"twitter:creator\" content=\"@bellunopress\" \/>\n<meta name=\"twitter:site\" content=\"@bellunopress\" \/>\n<meta name=\"twitter:label1\" content=\"\u00c9crit par\" \/>\n\t<meta name=\"twitter:data1\" content=\"redazione\" \/>\n\t<meta name=\"twitter:label2\" content=\"Dur\u00e9e de lecture estim\u00e9e\" \/>\n\t<meta name=\"twitter:data2\" content=\"3 minutes\" \/>\n<script type=\"application\/ld+json\" class=\"yoast-schema-graph\">{\"@context\":\"https:\\\/\\\/schema.org\",\"@graph\":[{\"@type\":\"Article\",\"@id\":\"https:\\\/\\\/www.bellunopress.it\\\/2019\\\/12\\\/17\\\/mercoledi-alla-libreria-tarantola-di-belluno-la-presentazione-del-libro-la-porta-di-paolo-salvini\\\/#article\",\"isPartOf\":{\"@id\":\"https:\\\/\\\/www.bellunopress.it\\\/2019\\\/12\\\/17\\\/mercoledi-alla-libreria-tarantola-di-belluno-la-presentazione-del-libro-la-porta-di-paolo-salvini\\\/\"},\"author\":{\"name\":\"redazione\",\"@id\":\"https:\\\/\\\/www.bellunopress.it\\\/#\\\/schema\\\/person\\\/79bb06722b37ece1c03d3e94beb30d73\"},\"headline\":\"Mercoled\u00ec alla Libreria Tarantola di Belluno la presentazione del libro La Porta di Paolo Salvini\",\"datePublished\":\"2019-12-17T08:54:48+00:00\",\"dateModified\":\"2019-12-20T12:53:53+00:00\",\"mainEntityOfPage\":{\"@id\":\"https:\\\/\\\/www.bellunopress.it\\\/2019\\\/12\\\/17\\\/mercoledi-alla-libreria-tarantola-di-belluno-la-presentazione-del-libro-la-porta-di-paolo-salvini\\\/\"},\"wordCount\":517,\"publisher\":{\"@id\":\"https:\\\/\\\/www.bellunopress.it\\\/#organization\"},\"image\":{\"@id\":\"https:\\\/\\\/www.bellunopress.it\\\/2019\\\/12\\\/17\\\/mercoledi-alla-libreria-tarantola-di-belluno-la-presentazione-del-libro-la-porta-di-paolo-salvini\\\/#primaryimage\"},\"thumbnailUrl\":\"http:\\\/\\\/www.bellunopress.it\\\/wp-content\\\/uploads\\\/2019\\\/12\\\/Libreria-Tarantola.jpg\",\"articleSection\":[\"Appuntamenti, Eventi\",\"Arte, Cultura, Spettacoli, Scienza\"],\"inLanguage\":\"fr-FR\"},{\"@type\":\"WebPage\",\"@id\":\"https:\\\/\\\/www.bellunopress.it\\\/2019\\\/12\\\/17\\\/mercoledi-alla-libreria-tarantola-di-belluno-la-presentazione-del-libro-la-porta-di-paolo-salvini\\\/\",\"url\":\"https:\\\/\\\/www.bellunopress.it\\\/2019\\\/12\\\/17\\\/mercoledi-alla-libreria-tarantola-di-belluno-la-presentazione-del-libro-la-porta-di-paolo-salvini\\\/\",\"name\":\"Mercoled\u00ec alla Libreria Tarantola di Belluno la presentazione del libro La Porta di Paolo Salvini - Bellunopress - Dolomiti\",\"isPartOf\":{\"@id\":\"https:\\\/\\\/www.bellunopress.it\\\/#website\"},\"primaryImageOfPage\":{\"@id\":\"https:\\\/\\\/www.bellunopress.it\\\/2019\\\/12\\\/17\\\/mercoledi-alla-libreria-tarantola-di-belluno-la-presentazione-del-libro-la-porta-di-paolo-salvini\\\/#primaryimage\"},\"image\":{\"@id\":\"https:\\\/\\\/www.bellunopress.it\\\/2019\\\/12\\\/17\\\/mercoledi-alla-libreria-tarantola-di-belluno-la-presentazione-del-libro-la-porta-di-paolo-salvini\\\/#primaryimage\"},\"thumbnailUrl\":\"http:\\\/\\\/www.bellunopress.it\\\/wp-content\\\/uploads\\\/2019\\\/12\\\/Libreria-Tarantola.jpg\",\"datePublished\":\"2019-12-17T08:54:48+00:00\",\"dateModified\":\"2019-12-20T12:53:53+00:00\",\"breadcrumb\":{\"@id\":\"https:\\\/\\\/www.bellunopress.it\\\/2019\\\/12\\\/17\\\/mercoledi-alla-libreria-tarantola-di-belluno-la-presentazione-del-libro-la-porta-di-paolo-salvini\\\/#breadcrumb\"},\"inLanguage\":\"fr-FR\",\"potentialAction\":[{\"@type\":\"ReadAction\",\"target\":[\"https:\\\/\\\/www.bellunopress.it\\\/2019\\\/12\\\/17\\\/mercoledi-alla-libreria-tarantola-di-belluno-la-presentazione-del-libro-la-porta-di-paolo-salvini\\\/\"]}]},{\"@type\":\"ImageObject\",\"inLanguage\":\"fr-FR\",\"@id\":\"https:\\\/\\\/www.bellunopress.it\\\/2019\\\/12\\\/17\\\/mercoledi-alla-libreria-tarantola-di-belluno-la-presentazione-del-libro-la-porta-di-paolo-salvini\\\/#primaryimage\",\"url\":\"http:\\\/\\\/www.bellunopress.it\\\/wp-content\\\/uploads\\\/2019\\\/12\\\/Libreria-Tarantola.jpg\",\"contentUrl\":\"http:\\\/\\\/www.bellunopress.it\\\/wp-content\\\/uploads\\\/2019\\\/12\\\/Libreria-Tarantola.jpg\"},{\"@type\":\"BreadcrumbList\",\"@id\":\"https:\\\/\\\/www.bellunopress.it\\\/2019\\\/12\\\/17\\\/mercoledi-alla-libreria-tarantola-di-belluno-la-presentazione-del-libro-la-porta-di-paolo-salvini\\\/#breadcrumb\",\"itemListElement\":[{\"@type\":\"ListItem\",\"position\":1,\"name\":\"Home\",\"item\":\"https:\\\/\\\/www.bellunopress.it\\\/\"},{\"@type\":\"ListItem\",\"position\":2,\"name\":\"Mercoled\u00ec alla Libreria Tarantola di Belluno la presentazione del libro La Porta di Paolo Salvini\"}]},{\"@type\":\"WebSite\",\"@id\":\"https:\\\/\\\/www.bellunopress.it\\\/#website\",\"url\":\"https:\\\/\\\/www.bellunopress.it\\\/\",\"name\":\"Bellunopress - Dolomiti\",\"description\":\"e-mail: redazione@bellunopress.it\",\"publisher\":{\"@id\":\"https:\\\/\\\/www.bellunopress.it\\\/#organization\"},\"potentialAction\":[{\"@type\":\"SearchAction\",\"target\":{\"@type\":\"EntryPoint\",\"urlTemplate\":\"https:\\\/\\\/www.bellunopress.it\\\/?s={search_term_string}\"},\"query-input\":{\"@type\":\"PropertyValueSpecification\",\"valueRequired\":true,\"valueName\":\"search_term_string\"}}],\"inLanguage\":\"fr-FR\"},{\"@type\":\"Organization\",\"@id\":\"https:\\\/\\\/www.bellunopress.it\\\/#organization\",\"name\":\"Bellunopress\",\"url\":\"https:\\\/\\\/www.bellunopress.it\\\/\",\"logo\":{\"@type\":\"ImageObject\",\"inLanguage\":\"fr-FR\",\"@id\":\"https:\\\/\\\/www.bellunopress.it\\\/#\\\/schema\\\/logo\\\/image\\\/\",\"url\":\"https:\\\/\\\/www.bellunopress.it\\\/wp-content\\\/uploads\\\/2011\\\/05\\\/cropped-logo-bellunopress-.jpg\",\"contentUrl\":\"https:\\\/\\\/www.bellunopress.it\\\/wp-content\\\/uploads\\\/2011\\\/05\\\/cropped-logo-bellunopress-.jpg\",\"width\":512,\"height\":512,\"caption\":\"Bellunopress\"},\"image\":{\"@id\":\"https:\\\/\\\/www.bellunopress.it\\\/#\\\/schema\\\/logo\\\/image\\\/\"},\"sameAs\":[\"https:\\\/\\\/www.facebook.com\\\/profile.php?id=100008943462799\",\"https:\\\/\\\/x.com\\\/bellunopress\",\"https:\\\/\\\/www.linkedin.com\\\/hp\\\/?dnr=JBzUWaJfMUw8vbXJJ2tVW5-I3jZKvC4wsoxE&amp;amp;amp;amp;amp;amp;trk=nav_responsive_tab_home\",\"https:\\\/\\\/www.youtube.com\\\/channel\\\/UCxL0wu1uN0_3_7hGG0306cw\"]},{\"@type\":\"Person\",\"@id\":\"https:\\\/\\\/www.bellunopress.it\\\/#\\\/schema\\\/person\\\/79bb06722b37ece1c03d3e94beb30d73\",\"name\":\"redazione\",\"image\":{\"@type\":\"ImageObject\",\"inLanguage\":\"fr-FR\",\"@id\":\"https:\\\/\\\/secure.gravatar.com\\\/avatar\\\/37d968a2e67a6fd04c169c4bdef102d0bc5d31b2546345219e348575eb80e9a0?s=96&d=mm&r=g\",\"url\":\"https:\\\/\\\/secure.gravatar.com\\\/avatar\\\/37d968a2e67a6fd04c169c4bdef102d0bc5d31b2546345219e348575eb80e9a0?s=96&d=mm&r=g\",\"contentUrl\":\"https:\\\/\\\/secure.gravatar.com\\\/avatar\\\/37d968a2e67a6fd04c169c4bdef102d0bc5d31b2546345219e348575eb80e9a0?s=96&d=mm&r=g\",\"caption\":\"redazione\"},\"sameAs\":[\"http:\\\/\\\/www.bellunopress.it\",\"https:\\\/\\\/x.com\\\/bellunopress\"],\"url\":\"https:\\\/\\\/www.bellunopress.it\\\/fr\\\/author\\\/redazione\\\/\"}]}<\/script>\n<!-- \/ Yoast SEO plugin. -->","yoast_head_json":{"title":"Mercoled\u00ec alla Libreria Tarantola di Belluno la presentazione del libro La Porta di Paolo Salvini - Bellunopress - Dolomiti","robots":{"index":"index","follow":"follow","max-snippet":"max-snippet:-1","max-image-preview":"max-image-preview:large","max-video-preview":"max-video-preview:-1"},"canonical":"https:\/\/www.bellunopress.it\/fr\/2019\/12\/17\/mercoledi-alla-libreria-tarantola-di-belluno-la-presentazione-del-libro-la-porta-di-paolo-salvini\/","og_locale":"fr_FR","og_type":"article","og_title":"Mercoled\u00ec alla Libreria Tarantola di Belluno la presentazione del libro La Porta di Paolo Salvini - Bellunopress - Dolomiti","og_description":"Mercoled\u00ec 18 dicembre alle ore 18,30 alla Libreria Tarantola di via Psaro 13 a Belluno si terr\u00e0 la presentazione del libro &#8220;La porta&#8221; di Paolo Salvini. Presentare un libro, soprattutto quando questo \u00e8 il lavoro di un amico, non \u00e8 facile perch\u00e9 non puoi rimanere distaccato, ma proprio ci\u00f2 rende una prefazione ancora pi\u00f9 vera [&hellip;]","og_url":"https:\/\/www.bellunopress.it\/fr\/2019\/12\/17\/mercoledi-alla-libreria-tarantola-di-belluno-la-presentazione-del-libro-la-porta-di-paolo-salvini\/","og_site_name":"Bellunopress - Dolomiti","article_publisher":"https:\/\/www.facebook.com\/profile.php?id=100008943462799","article_published_time":"2019-12-17T08:54:48+00:00","article_modified_time":"2019-12-20T12:53:53+00:00","og_image":[{"url":"http:\/\/www.bellunopress.it\/wp-content\/uploads\/2019\/12\/Libreria-Tarantola.jpg","type":"","width":"","height":""}],"author":"redazione","twitter_card":"summary_large_image","twitter_creator":"@bellunopress","twitter_site":"@bellunopress","twitter_misc":{"\u00c9crit par":"redazione","Dur\u00e9e de lecture estim\u00e9e":"3 minutes"},"schema":{"@context":"https:\/\/schema.org","@graph":[{"@type":"Article","@id":"https:\/\/www.bellunopress.it\/2019\/12\/17\/mercoledi-alla-libreria-tarantola-di-belluno-la-presentazione-del-libro-la-porta-di-paolo-salvini\/#article","isPartOf":{"@id":"https:\/\/www.bellunopress.it\/2019\/12\/17\/mercoledi-alla-libreria-tarantola-di-belluno-la-presentazione-del-libro-la-porta-di-paolo-salvini\/"},"author":{"name":"redazione","@id":"https:\/\/www.bellunopress.it\/#\/schema\/person\/79bb06722b37ece1c03d3e94beb30d73"},"headline":"Mercoled\u00ec alla Libreria Tarantola di Belluno la presentazione del libro La Porta di Paolo Salvini","datePublished":"2019-12-17T08:54:48+00:00","dateModified":"2019-12-20T12:53:53+00:00","mainEntityOfPage":{"@id":"https:\/\/www.bellunopress.it\/2019\/12\/17\/mercoledi-alla-libreria-tarantola-di-belluno-la-presentazione-del-libro-la-porta-di-paolo-salvini\/"},"wordCount":517,"publisher":{"@id":"https:\/\/www.bellunopress.it\/#organization"},"image":{"@id":"https:\/\/www.bellunopress.it\/2019\/12\/17\/mercoledi-alla-libreria-tarantola-di-belluno-la-presentazione-del-libro-la-porta-di-paolo-salvini\/#primaryimage"},"thumbnailUrl":"http:\/\/www.bellunopress.it\/wp-content\/uploads\/2019\/12\/Libreria-Tarantola.jpg","articleSection":["Appuntamenti, Eventi","Arte, Cultura, Spettacoli, Scienza"],"inLanguage":"fr-FR"},{"@type":"WebPage","@id":"https:\/\/www.bellunopress.it\/2019\/12\/17\/mercoledi-alla-libreria-tarantola-di-belluno-la-presentazione-del-libro-la-porta-di-paolo-salvini\/","url":"https:\/\/www.bellunopress.it\/2019\/12\/17\/mercoledi-alla-libreria-tarantola-di-belluno-la-presentazione-del-libro-la-porta-di-paolo-salvini\/","name":"Mercoled\u00ec alla Libreria Tarantola di Belluno la presentazione del libro La Porta di Paolo Salvini - Bellunopress - Dolomiti","isPartOf":{"@id":"https:\/\/www.bellunopress.it\/#website"},"primaryImageOfPage":{"@id":"https:\/\/www.bellunopress.it\/2019\/12\/17\/mercoledi-alla-libreria-tarantola-di-belluno-la-presentazione-del-libro-la-porta-di-paolo-salvini\/#primaryimage"},"image":{"@id":"https:\/\/www.bellunopress.it\/2019\/12\/17\/mercoledi-alla-libreria-tarantola-di-belluno-la-presentazione-del-libro-la-porta-di-paolo-salvini\/#primaryimage"},"thumbnailUrl":"http:\/\/www.bellunopress.it\/wp-content\/uploads\/2019\/12\/Libreria-Tarantola.jpg","datePublished":"2019-12-17T08:54:48+00:00","dateModified":"2019-12-20T12:53:53+00:00","breadcrumb":{"@id":"https:\/\/www.bellunopress.it\/2019\/12\/17\/mercoledi-alla-libreria-tarantola-di-belluno-la-presentazione-del-libro-la-porta-di-paolo-salvini\/#breadcrumb"},"inLanguage":"fr-FR","potentialAction":[{"@type":"ReadAction","target":["https:\/\/www.bellunopress.it\/2019\/12\/17\/mercoledi-alla-libreria-tarantola-di-belluno-la-presentazione-del-libro-la-porta-di-paolo-salvini\/"]}]},{"@type":"ImageObject","inLanguage":"fr-FR","@id":"https:\/\/www.bellunopress.it\/2019\/12\/17\/mercoledi-alla-libreria-tarantola-di-belluno-la-presentazione-del-libro-la-porta-di-paolo-salvini\/#primaryimage","url":"http:\/\/www.bellunopress.it\/wp-content\/uploads\/2019\/12\/Libreria-Tarantola.jpg","contentUrl":"http:\/\/www.bellunopress.it\/wp-content\/uploads\/2019\/12\/Libreria-Tarantola.jpg"},{"@type":"BreadcrumbList","@id":"https:\/\/www.bellunopress.it\/2019\/12\/17\/mercoledi-alla-libreria-tarantola-di-belluno-la-presentazione-del-libro-la-porta-di-paolo-salvini\/#breadcrumb","itemListElement":[{"@type":"ListItem","position":1,"name":"Home","item":"https:\/\/www.bellunopress.it\/"},{"@type":"ListItem","position":2,"name":"Mercoled\u00ec alla Libreria Tarantola di Belluno la presentazione del libro La Porta di Paolo Salvini"}]},{"@type":"WebSite","@id":"https:\/\/www.bellunopress.it\/#website","url":"https:\/\/www.bellunopress.it\/","name":"Bellunopress - Dolomiti","description":"e-mail: redazione@bellunopress.it","publisher":{"@id":"https:\/\/www.bellunopress.it\/#organization"},"potentialAction":[{"@type":"SearchAction","target":{"@type":"EntryPoint","urlTemplate":"https:\/\/www.bellunopress.it\/?s={search_term_string}"},"query-input":{"@type":"PropertyValueSpecification","valueRequired":true,"valueName":"search_term_string"}}],"inLanguage":"fr-FR"},{"@type":"Organization","@id":"https:\/\/www.bellunopress.it\/#organization","name":"Bellunopress","url":"https:\/\/www.bellunopress.it\/","logo":{"@type":"ImageObject","inLanguage":"fr-FR","@id":"https:\/\/www.bellunopress.it\/#\/schema\/logo\/image\/","url":"https:\/\/www.bellunopress.it\/wp-content\/uploads\/2011\/05\/cropped-logo-bellunopress-.jpg","contentUrl":"https:\/\/www.bellunopress.it\/wp-content\/uploads\/2011\/05\/cropped-logo-bellunopress-.jpg","width":512,"height":512,"caption":"Bellunopress"},"image":{"@id":"https:\/\/www.bellunopress.it\/#\/schema\/logo\/image\/"},"sameAs":["https:\/\/www.facebook.com\/profile.php?id=100008943462799","https:\/\/x.com\/bellunopress","https:\/\/www.linkedin.com\/hp\/?dnr=JBzUWaJfMUw8vbXJJ2tVW5-I3jZKvC4wsoxE&amp;amp;amp;amp;amp;amp;trk=nav_responsive_tab_home","https:\/\/www.youtube.com\/channel\/UCxL0wu1uN0_3_7hGG0306cw"]},{"@type":"Person","@id":"https:\/\/www.bellunopress.it\/#\/schema\/person\/79bb06722b37ece1c03d3e94beb30d73","name":"r\u00e9daction","image":{"@type":"ImageObject","inLanguage":"fr-FR","@id":"https:\/\/secure.gravatar.com\/avatar\/37d968a2e67a6fd04c169c4bdef102d0bc5d31b2546345219e348575eb80e9a0?s=96&d=mm&r=g","url":"https:\/\/secure.gravatar.com\/avatar\/37d968a2e67a6fd04c169c4bdef102d0bc5d31b2546345219e348575eb80e9a0?s=96&d=mm&r=g","contentUrl":"https:\/\/secure.gravatar.com\/avatar\/37d968a2e67a6fd04c169c4bdef102d0bc5d31b2546345219e348575eb80e9a0?s=96&d=mm&r=g","caption":"redazione"},"sameAs":["http:\/\/www.bellunopress.it","https:\/\/x.com\/bellunopress"],"url":"https:\/\/www.bellunopress.it\/fr\/author\/redazione\/"}]}},"_links":{"self":[{"href":"https:\/\/www.bellunopress.it\/fr\/wp-json\/wp\/v2\/posts\/110511","targetHints":{"allow":["GET"]}}],"collection":[{"href":"https:\/\/www.bellunopress.it\/fr\/wp-json\/wp\/v2\/posts"}],"about":[{"href":"https:\/\/www.bellunopress.it\/fr\/wp-json\/wp\/v2\/types\/post"}],"author":[{"embeddable":true,"href":"https:\/\/www.bellunopress.it\/fr\/wp-json\/wp\/v2\/users\/2"}],"replies":[{"embeddable":true,"href":"https:\/\/www.bellunopress.it\/fr\/wp-json\/wp\/v2\/comments?post=110511"}],"version-history":[{"count":2,"href":"https:\/\/www.bellunopress.it\/fr\/wp-json\/wp\/v2\/posts\/110511\/revisions"}],"predecessor-version":[{"id":110514,"href":"https:\/\/www.bellunopress.it\/fr\/wp-json\/wp\/v2\/posts\/110511\/revisions\/110514"}],"wp:attachment":[{"href":"https:\/\/www.bellunopress.it\/fr\/wp-json\/wp\/v2\/media?parent=110511"}],"wp:term":[{"taxonomy":"category","embeddable":true,"href":"https:\/\/www.bellunopress.it\/fr\/wp-json\/wp\/v2\/categories?post=110511"},{"taxonomy":"post_tag","embeddable":true,"href":"https:\/\/www.bellunopress.it\/fr\/wp-json\/wp\/v2\/tags?post=110511"}],"curies":[{"name":"wp","href":"https:\/\/api.w.org\/{rel}","templated":true}]}}