{"id":110509,"date":"2019-12-16T20:34:53","date_gmt":"2019-12-16T19:34:53","guid":{"rendered":"http:\/\/www.bellunopress.it\/?p=110509"},"modified":"2019-12-16T20:34:53","modified_gmt":"2019-12-16T19:34:53","slug":"in-fuga-dallitalia-via-816-mila-gli-italiani-allestero-3-su-4-sono-giovani","status":"publish","type":"post","link":"https:\/\/www.bellunopress.it\/fr\/2019\/12\/16\/in-fuga-dallitalia-via-816-mila-gli-italiani-allestero-3-su-4-sono-giovani\/","title":{"rendered":"In fuga dall&#8217;Italia: via 816 mila gli italiani all&#8217;estero, 3 su 4 sono giovani"},"content":{"rendered":"<p><a href=\"http:\/\/www.bellunopress.it\/fr\/2016\/07\/16\/fuga-dallitalia-un-milione-italiani-ne-andato-nellultimo-decennio\/nuova-emigrazione\/\" rel=\"attachment wp-att-79224\"><img loading=\"lazy\" decoding=\"async\" class=\"alignleft size-full wp-image-79224\" src=\"http:\/\/www.bellunopress.it\/wp-content\/uploads\/2016\/07\/nuova-emigrazione.jpg\" alt=\"\" width=\"190\" height=\"182\" \/><\/a>Sono ormai anni che lo \u201cSportello dei Diritti\u201d dimostra, cifre alla mano anche attraverso indagini demoscopiche spesso non pubblicate sui pi\u00f9 importanti network, le conseguenze di una crisi economica che attanaglia il Paese e che troppo spesso si cerca di nascondere.<\/p>\n<p>Questa volta, a Giovanni D\u2019Agata, presidente dell\u2019associazione, pare opportuno segnalare il rapporto sulle migrazioni per l&#8217;anno 2018 dell&#8217;Istat che riguarda la voglia di scappare fuori dal Belpaese (forse oggi un eufemismo) di una fetta troppo significativa di nostri connazionali. Secondo lo studio, sono giovani e laureati i nuovi emigrati che lasciano il meridione per cercare un&#8217;occupazione pi\u00f9 congeniale alle competenze acquisite e un reddito adeguato verso il Centro-Nord o l&#8217;estero.<\/p>\n<p>Nel 2018 l&#8217;Aire, l&#8217;anagrafe degli italiani all&#8217;estero, ha registrato 157 mila unit\u00e0, l&#8217;1,2% in pi\u00f9 rispetto all&#8217;anno precedente. Se si considera il numero dei rimpatri, pari a 46.824, si ha un saldo negativo di 69.908 unit\u00e0, ovvero il 2,1 per mille. Sono invece 332 mila le iscrizioni anagrafiche dall&#8217;estero, una variazione negativa del 3,2% rispetto al 2017. Tra questi 5 su 6 sono cittadini stranieri (286 mila, -5,2%), mentre il resto sono rimpatri di italiani dall&#8217;estero.<\/p>\n<p>A rivelarlo \u00e8 il rapporto sulle migrazioni per l&#8217;anno 2018 dell&#8217;Istat, secondo cui sono 816 mila gli italiani emigrati all&#8217;estero in dieci anni. Secondo lo studio oltre il 73% degli emigrati ha 25 anni o pi\u00f9 e un livello di istruzione medio alta. Lascia l&#8217;Italia in cerca di opportunit\u00e0 di lavoro. In particolare, Campania e Sicilia nel 2018 hanno perso 8.500 residenti per lo pi\u00f9 giovani laureati, che partono per il Centro- Nord o per l&#8217;estero in cerca di occupazione. In totale a lasciare il mezzogiorno sono 117 mila, il 7% in pi\u00f9 rispetto al 2017, mentre volume totale della mobilit\u00e0 interna totale \u00e8 di 1 milione 358 mila trasferimenti(+1,8%).<\/p>\n<p>Nel decennio 2009-18, la regione da cui emigrano pi\u00f9 italiani, in valore assoluto, \u00e8 la Lombardia con un numero di cancellazioni anagrafiche per l\u2019estero pari a 22 mila. Seguono Veneto e Sicilia (entrambe oltre 11 mila), Lazio (10 mila) e Piemonte (9 mila). Le citt\u00e0 da cui sono partiti pi\u00f9 residenti, invece, sono: Roma (8 mila), Milano (6,5 mila), Torino (4 mila) e Napoli (3,5 mila). Per Giovanni D&#8217;Agata, presidente dello \u201cSportello dei Diritti\u201d, un quadro impietoso e preoccupante quello che emerge dal rapporto sulle migrazioni per l&#8217;anno 2018 dell&#8217;Istat.<\/p>","protected":false},"excerpt":{"rendered":"<p>Sono ormai anni che lo \u201cSportello dei Diritti\u201d dimostra, cifre alla mano anche attraverso indagini demoscopiche spesso non pubblicate sui pi\u00f9 importanti network, le conseguenze di una crisi economica che attanaglia il Paese e che troppo spesso si cerca di nascondere. Questa volta, a Giovanni D\u2019Agata, presidente dell\u2019associazione, pare opportuno segnalare il rapporto sulle migrazioni [&hellip;]<\/p>\n","protected":false},"author":2,"featured_media":0,"comment_status":"closed","ping_status":"open","sticky":false,"template":"","format":"standard","meta":{"footnotes":""},"categories":[26,8],"tags":[],"class_list":["post-110509","post","type-post","status-publish","format-standard","category-prima-pagina","category-societa-istituzioni"],"yoast_head":"<!-- This site is optimized with the Yoast SEO plugin v28.4 - https:\/\/yoast.com\/product\/yoast-seo-wordpress\/ -->\n<title>In fuga dall&#039;Italia: via 816 mila gli italiani all&#039;estero, 3 su 4 sono giovani - Bellunopress - Dolomiti<\/title>\n<meta name=\"robots\" content=\"index, follow, max-snippet:-1, max-image-preview:large, max-video-preview:-1\" \/>\n<link rel=\"canonical\" href=\"https:\/\/www.bellunopress.it\/fr\/2019\/12\/16\/in-fuga-dallitalia-via-816-mila-gli-italiani-allestero-3-su-4-sono-giovani\/\" \/>\n<meta property=\"og:locale\" content=\"fr_FR\" \/>\n<meta property=\"og:type\" content=\"article\" \/>\n<meta property=\"og:title\" content=\"In fuga dall&#039;Italia: via 816 mila gli italiani all&#039;estero, 3 su 4 sono giovani - Bellunopress - Dolomiti\" \/>\n<meta property=\"og:description\" content=\"Sono ormai anni che lo \u201cSportello dei Diritti\u201d dimostra, cifre alla mano anche attraverso indagini demoscopiche spesso non pubblicate sui pi\u00f9 importanti network, le conseguenze di una crisi economica che attanaglia il Paese e che troppo spesso si cerca di nascondere. Questa volta, a Giovanni D\u2019Agata, presidente dell\u2019associazione, pare opportuno segnalare il rapporto sulle migrazioni [&hellip;]\" \/>\n<meta property=\"og:url\" content=\"https:\/\/www.bellunopress.it\/fr\/2019\/12\/16\/in-fuga-dallitalia-via-816-mila-gli-italiani-allestero-3-su-4-sono-giovani\/\" \/>\n<meta property=\"og:site_name\" content=\"Bellunopress - Dolomiti\" \/>\n<meta property=\"article:publisher\" content=\"https:\/\/www.facebook.com\/profile.php?id=100008943462799\" \/>\n<meta property=\"article:published_time\" content=\"2019-12-16T19:34:53+00:00\" \/>\n<meta property=\"og:image\" content=\"http:\/\/www.bellunopress.it\/wp-content\/uploads\/2016\/07\/nuova-emigrazione.jpg\" \/>\n<meta name=\"author\" content=\"redazione\" \/>\n<meta name=\"twitter:card\" content=\"summary_large_image\" \/>\n<meta name=\"twitter:creator\" content=\"@bellunopress\" \/>\n<meta name=\"twitter:site\" content=\"@bellunopress\" \/>\n<meta name=\"twitter:label1\" content=\"\u00c9crit par\" \/>\n\t<meta name=\"twitter:data1\" content=\"redazione\" \/>\n\t<meta name=\"twitter:label2\" content=\"Dur\u00e9e de lecture estim\u00e9e\" \/>\n\t<meta name=\"twitter:data2\" content=\"2 minutes\" \/>\n<script type=\"application\/ld+json\" class=\"yoast-schema-graph\">{\"@context\":\"https:\\\/\\\/schema.org\",\"@graph\":[{\"@type\":\"Article\",\"@id\":\"https:\\\/\\\/www.bellunopress.it\\\/2019\\\/12\\\/16\\\/in-fuga-dallitalia-via-816-mila-gli-italiani-allestero-3-su-4-sono-giovani\\\/#article\",\"isPartOf\":{\"@id\":\"https:\\\/\\\/www.bellunopress.it\\\/2019\\\/12\\\/16\\\/in-fuga-dallitalia-via-816-mila-gli-italiani-allestero-3-su-4-sono-giovani\\\/\"},\"author\":{\"name\":\"redazione\",\"@id\":\"https:\\\/\\\/www.bellunopress.it\\\/#\\\/schema\\\/person\\\/79bb06722b37ece1c03d3e94beb30d73\"},\"headline\":\"In fuga dall&#8217;Italia: via 816 mila gli italiani all&#8217;estero, 3 su 4 sono giovani\",\"datePublished\":\"2019-12-16T19:34:53+00:00\",\"mainEntityOfPage\":{\"@id\":\"https:\\\/\\\/www.bellunopress.it\\\/2019\\\/12\\\/16\\\/in-fuga-dallitalia-via-816-mila-gli-italiani-allestero-3-su-4-sono-giovani\\\/\"},\"wordCount\":386,\"publisher\":{\"@id\":\"https:\\\/\\\/www.bellunopress.it\\\/#organization\"},\"image\":{\"@id\":\"https:\\\/\\\/www.bellunopress.it\\\/2019\\\/12\\\/16\\\/in-fuga-dallitalia-via-816-mila-gli-italiani-allestero-3-su-4-sono-giovani\\\/#primaryimage\"},\"thumbnailUrl\":\"http:\\\/\\\/www.bellunopress.it\\\/wp-content\\\/uploads\\\/2016\\\/07\\\/nuova-emigrazione.jpg\",\"articleSection\":[\"Prima Pagina\",\"Societ\u00e0, Associazioni, Istituzioni\"],\"inLanguage\":\"fr-FR\"},{\"@type\":\"WebPage\",\"@id\":\"https:\\\/\\\/www.bellunopress.it\\\/2019\\\/12\\\/16\\\/in-fuga-dallitalia-via-816-mila-gli-italiani-allestero-3-su-4-sono-giovani\\\/\",\"url\":\"https:\\\/\\\/www.bellunopress.it\\\/2019\\\/12\\\/16\\\/in-fuga-dallitalia-via-816-mila-gli-italiani-allestero-3-su-4-sono-giovani\\\/\",\"name\":\"In fuga dall'Italia: via 816 mila gli italiani all'estero, 3 su 4 sono giovani - Bellunopress - Dolomiti\",\"isPartOf\":{\"@id\":\"https:\\\/\\\/www.bellunopress.it\\\/#website\"},\"primaryImageOfPage\":{\"@id\":\"https:\\\/\\\/www.bellunopress.it\\\/2019\\\/12\\\/16\\\/in-fuga-dallitalia-via-816-mila-gli-italiani-allestero-3-su-4-sono-giovani\\\/#primaryimage\"},\"image\":{\"@id\":\"https:\\\/\\\/www.bellunopress.it\\\/2019\\\/12\\\/16\\\/in-fuga-dallitalia-via-816-mila-gli-italiani-allestero-3-su-4-sono-giovani\\\/#primaryimage\"},\"thumbnailUrl\":\"http:\\\/\\\/www.bellunopress.it\\\/wp-content\\\/uploads\\\/2016\\\/07\\\/nuova-emigrazione.jpg\",\"datePublished\":\"2019-12-16T19:34:53+00:00\",\"breadcrumb\":{\"@id\":\"https:\\\/\\\/www.bellunopress.it\\\/2019\\\/12\\\/16\\\/in-fuga-dallitalia-via-816-mila-gli-italiani-allestero-3-su-4-sono-giovani\\\/#breadcrumb\"},\"inLanguage\":\"fr-FR\",\"potentialAction\":[{\"@type\":\"ReadAction\",\"target\":[\"https:\\\/\\\/www.bellunopress.it\\\/2019\\\/12\\\/16\\\/in-fuga-dallitalia-via-816-mila-gli-italiani-allestero-3-su-4-sono-giovani\\\/\"]}]},{\"@type\":\"ImageObject\",\"inLanguage\":\"fr-FR\",\"@id\":\"https:\\\/\\\/www.bellunopress.it\\\/2019\\\/12\\\/16\\\/in-fuga-dallitalia-via-816-mila-gli-italiani-allestero-3-su-4-sono-giovani\\\/#primaryimage\",\"url\":\"http:\\\/\\\/www.bellunopress.it\\\/wp-content\\\/uploads\\\/2016\\\/07\\\/nuova-emigrazione.jpg\",\"contentUrl\":\"http:\\\/\\\/www.bellunopress.it\\\/wp-content\\\/uploads\\\/2016\\\/07\\\/nuova-emigrazione.jpg\"},{\"@type\":\"BreadcrumbList\",\"@id\":\"https:\\\/\\\/www.bellunopress.it\\\/2019\\\/12\\\/16\\\/in-fuga-dallitalia-via-816-mila-gli-italiani-allestero-3-su-4-sono-giovani\\\/#breadcrumb\",\"itemListElement\":[{\"@type\":\"ListItem\",\"position\":1,\"name\":\"Home\",\"item\":\"https:\\\/\\\/www.bellunopress.it\\\/\"},{\"@type\":\"ListItem\",\"position\":2,\"name\":\"In fuga dall&#8217;Italia: via 816 mila gli italiani all&#8217;estero, 3 su 4 sono giovani\"}]},{\"@type\":\"WebSite\",\"@id\":\"https:\\\/\\\/www.bellunopress.it\\\/#website\",\"url\":\"https:\\\/\\\/www.bellunopress.it\\\/\",\"name\":\"Bellunopress - Dolomiti\",\"description\":\"e-mail: redazione@bellunopress.it\",\"publisher\":{\"@id\":\"https:\\\/\\\/www.bellunopress.it\\\/#organization\"},\"potentialAction\":[{\"@type\":\"SearchAction\",\"target\":{\"@type\":\"EntryPoint\",\"urlTemplate\":\"https:\\\/\\\/www.bellunopress.it\\\/?s={search_term_string}\"},\"query-input\":{\"@type\":\"PropertyValueSpecification\",\"valueRequired\":true,\"valueName\":\"search_term_string\"}}],\"inLanguage\":\"fr-FR\"},{\"@type\":\"Organization\",\"@id\":\"https:\\\/\\\/www.bellunopress.it\\\/#organization\",\"name\":\"Bellunopress\",\"url\":\"https:\\\/\\\/www.bellunopress.it\\\/\",\"logo\":{\"@type\":\"ImageObject\",\"inLanguage\":\"fr-FR\",\"@id\":\"https:\\\/\\\/www.bellunopress.it\\\/#\\\/schema\\\/logo\\\/image\\\/\",\"url\":\"https:\\\/\\\/www.bellunopress.it\\\/wp-content\\\/uploads\\\/2011\\\/05\\\/cropped-logo-bellunopress-.jpg\",\"contentUrl\":\"https:\\\/\\\/www.bellunopress.it\\\/wp-content\\\/uploads\\\/2011\\\/05\\\/cropped-logo-bellunopress-.jpg\",\"width\":512,\"height\":512,\"caption\":\"Bellunopress\"},\"image\":{\"@id\":\"https:\\\/\\\/www.bellunopress.it\\\/#\\\/schema\\\/logo\\\/image\\\/\"},\"sameAs\":[\"https:\\\/\\\/www.facebook.com\\\/profile.php?id=100008943462799\",\"https:\\\/\\\/x.com\\\/bellunopress\",\"https:\\\/\\\/www.linkedin.com\\\/hp\\\/?dnr=JBzUWaJfMUw8vbXJJ2tVW5-I3jZKvC4wsoxE&amp;amp;amp;amp;amp;amp;trk=nav_responsive_tab_home\",\"https:\\\/\\\/www.youtube.com\\\/channel\\\/UCxL0wu1uN0_3_7hGG0306cw\"]},{\"@type\":\"Person\",\"@id\":\"https:\\\/\\\/www.bellunopress.it\\\/#\\\/schema\\\/person\\\/79bb06722b37ece1c03d3e94beb30d73\",\"name\":\"redazione\",\"image\":{\"@type\":\"ImageObject\",\"inLanguage\":\"fr-FR\",\"@id\":\"https:\\\/\\\/secure.gravatar.com\\\/avatar\\\/37d968a2e67a6fd04c169c4bdef102d0bc5d31b2546345219e348575eb80e9a0?s=96&d=mm&r=g\",\"url\":\"https:\\\/\\\/secure.gravatar.com\\\/avatar\\\/37d968a2e67a6fd04c169c4bdef102d0bc5d31b2546345219e348575eb80e9a0?s=96&d=mm&r=g\",\"contentUrl\":\"https:\\\/\\\/secure.gravatar.com\\\/avatar\\\/37d968a2e67a6fd04c169c4bdef102d0bc5d31b2546345219e348575eb80e9a0?s=96&d=mm&r=g\",\"caption\":\"redazione\"},\"sameAs\":[\"http:\\\/\\\/www.bellunopress.it\",\"https:\\\/\\\/x.com\\\/bellunopress\"],\"url\":\"https:\\\/\\\/www.bellunopress.it\\\/fr\\\/author\\\/redazione\\\/\"}]}<\/script>\n<!-- \/ Yoast SEO plugin. -->","yoast_head_json":{"title":"In fuga dall'Italia: via 816 mila gli italiani all'estero, 3 su 4 sono giovani - Bellunopress - Dolomiti","robots":{"index":"index","follow":"follow","max-snippet":"max-snippet:-1","max-image-preview":"max-image-preview:large","max-video-preview":"max-video-preview:-1"},"canonical":"https:\/\/www.bellunopress.it\/fr\/2019\/12\/16\/in-fuga-dallitalia-via-816-mila-gli-italiani-allestero-3-su-4-sono-giovani\/","og_locale":"fr_FR","og_type":"article","og_title":"In fuga dall'Italia: via 816 mila gli italiani all'estero, 3 su 4 sono giovani - Bellunopress - Dolomiti","og_description":"Sono ormai anni che lo \u201cSportello dei Diritti\u201d dimostra, cifre alla mano anche attraverso indagini demoscopiche spesso non pubblicate sui pi\u00f9 importanti network, le conseguenze di una crisi economica che attanaglia il Paese e che troppo spesso si cerca di nascondere. Questa volta, a Giovanni D\u2019Agata, presidente dell\u2019associazione, pare opportuno segnalare il rapporto sulle migrazioni [&hellip;]","og_url":"https:\/\/www.bellunopress.it\/fr\/2019\/12\/16\/in-fuga-dallitalia-via-816-mila-gli-italiani-allestero-3-su-4-sono-giovani\/","og_site_name":"Bellunopress - Dolomiti","article_publisher":"https:\/\/www.facebook.com\/profile.php?id=100008943462799","article_published_time":"2019-12-16T19:34:53+00:00","og_image":[{"url":"http:\/\/www.bellunopress.it\/wp-content\/uploads\/2016\/07\/nuova-emigrazione.jpg","type":"","width":"","height":""}],"author":"redazione","twitter_card":"summary_large_image","twitter_creator":"@bellunopress","twitter_site":"@bellunopress","twitter_misc":{"\u00c9crit par":"redazione","Dur\u00e9e de lecture estim\u00e9e":"2 minutes"},"schema":{"@context":"https:\/\/schema.org","@graph":[{"@type":"Article","@id":"https:\/\/www.bellunopress.it\/2019\/12\/16\/in-fuga-dallitalia-via-816-mila-gli-italiani-allestero-3-su-4-sono-giovani\/#article","isPartOf":{"@id":"https:\/\/www.bellunopress.it\/2019\/12\/16\/in-fuga-dallitalia-via-816-mila-gli-italiani-allestero-3-su-4-sono-giovani\/"},"author":{"name":"redazione","@id":"https:\/\/www.bellunopress.it\/#\/schema\/person\/79bb06722b37ece1c03d3e94beb30d73"},"headline":"In fuga dall&#8217;Italia: via 816 mila gli italiani all&#8217;estero, 3 su 4 sono giovani","datePublished":"2019-12-16T19:34:53+00:00","mainEntityOfPage":{"@id":"https:\/\/www.bellunopress.it\/2019\/12\/16\/in-fuga-dallitalia-via-816-mila-gli-italiani-allestero-3-su-4-sono-giovani\/"},"wordCount":386,"publisher":{"@id":"https:\/\/www.bellunopress.it\/#organization"},"image":{"@id":"https:\/\/www.bellunopress.it\/2019\/12\/16\/in-fuga-dallitalia-via-816-mila-gli-italiani-allestero-3-su-4-sono-giovani\/#primaryimage"},"thumbnailUrl":"http:\/\/www.bellunopress.it\/wp-content\/uploads\/2016\/07\/nuova-emigrazione.jpg","articleSection":["Prima Pagina","Societ\u00e0, Associazioni, Istituzioni"],"inLanguage":"fr-FR"},{"@type":"WebPage","@id":"https:\/\/www.bellunopress.it\/2019\/12\/16\/in-fuga-dallitalia-via-816-mila-gli-italiani-allestero-3-su-4-sono-giovani\/","url":"https:\/\/www.bellunopress.it\/2019\/12\/16\/in-fuga-dallitalia-via-816-mila-gli-italiani-allestero-3-su-4-sono-giovani\/","name":"In fuga dall'Italia: via 816 mila gli italiani all'estero, 3 su 4 sono giovani - Bellunopress - Dolomiti","isPartOf":{"@id":"https:\/\/www.bellunopress.it\/#website"},"primaryImageOfPage":{"@id":"https:\/\/www.bellunopress.it\/2019\/12\/16\/in-fuga-dallitalia-via-816-mila-gli-italiani-allestero-3-su-4-sono-giovani\/#primaryimage"},"image":{"@id":"https:\/\/www.bellunopress.it\/2019\/12\/16\/in-fuga-dallitalia-via-816-mila-gli-italiani-allestero-3-su-4-sono-giovani\/#primaryimage"},"thumbnailUrl":"http:\/\/www.bellunopress.it\/wp-content\/uploads\/2016\/07\/nuova-emigrazione.jpg","datePublished":"2019-12-16T19:34:53+00:00","breadcrumb":{"@id":"https:\/\/www.bellunopress.it\/2019\/12\/16\/in-fuga-dallitalia-via-816-mila-gli-italiani-allestero-3-su-4-sono-giovani\/#breadcrumb"},"inLanguage":"fr-FR","potentialAction":[{"@type":"ReadAction","target":["https:\/\/www.bellunopress.it\/2019\/12\/16\/in-fuga-dallitalia-via-816-mila-gli-italiani-allestero-3-su-4-sono-giovani\/"]}]},{"@type":"ImageObject","inLanguage":"fr-FR","@id":"https:\/\/www.bellunopress.it\/2019\/12\/16\/in-fuga-dallitalia-via-816-mila-gli-italiani-allestero-3-su-4-sono-giovani\/#primaryimage","url":"http:\/\/www.bellunopress.it\/wp-content\/uploads\/2016\/07\/nuova-emigrazione.jpg","contentUrl":"http:\/\/www.bellunopress.it\/wp-content\/uploads\/2016\/07\/nuova-emigrazione.jpg"},{"@type":"BreadcrumbList","@id":"https:\/\/www.bellunopress.it\/2019\/12\/16\/in-fuga-dallitalia-via-816-mila-gli-italiani-allestero-3-su-4-sono-giovani\/#breadcrumb","itemListElement":[{"@type":"ListItem","position":1,"name":"Home","item":"https:\/\/www.bellunopress.it\/"},{"@type":"ListItem","position":2,"name":"In fuga dall&#8217;Italia: via 816 mila gli italiani all&#8217;estero, 3 su 4 sono giovani"}]},{"@type":"WebSite","@id":"https:\/\/www.bellunopress.it\/#website","url":"https:\/\/www.bellunopress.it\/","name":"Bellunopress - Dolomiti","description":"e-mail: redazione@bellunopress.it","publisher":{"@id":"https:\/\/www.bellunopress.it\/#organization"},"potentialAction":[{"@type":"SearchAction","target":{"@type":"EntryPoint","urlTemplate":"https:\/\/www.bellunopress.it\/?s={search_term_string}"},"query-input":{"@type":"PropertyValueSpecification","valueRequired":true,"valueName":"search_term_string"}}],"inLanguage":"fr-FR"},{"@type":"Organization","@id":"https:\/\/www.bellunopress.it\/#organization","name":"Bellunopress","url":"https:\/\/www.bellunopress.it\/","logo":{"@type":"ImageObject","inLanguage":"fr-FR","@id":"https:\/\/www.bellunopress.it\/#\/schema\/logo\/image\/","url":"https:\/\/www.bellunopress.it\/wp-content\/uploads\/2011\/05\/cropped-logo-bellunopress-.jpg","contentUrl":"https:\/\/www.bellunopress.it\/wp-content\/uploads\/2011\/05\/cropped-logo-bellunopress-.jpg","width":512,"height":512,"caption":"Bellunopress"},"image":{"@id":"https:\/\/www.bellunopress.it\/#\/schema\/logo\/image\/"},"sameAs":["https:\/\/www.facebook.com\/profile.php?id=100008943462799","https:\/\/x.com\/bellunopress","https:\/\/www.linkedin.com\/hp\/?dnr=JBzUWaJfMUw8vbXJJ2tVW5-I3jZKvC4wsoxE&amp;amp;amp;amp;amp;amp;trk=nav_responsive_tab_home","https:\/\/www.youtube.com\/channel\/UCxL0wu1uN0_3_7hGG0306cw"]},{"@type":"Person","@id":"https:\/\/www.bellunopress.it\/#\/schema\/person\/79bb06722b37ece1c03d3e94beb30d73","name":"r\u00e9daction","image":{"@type":"ImageObject","inLanguage":"fr-FR","@id":"https:\/\/secure.gravatar.com\/avatar\/37d968a2e67a6fd04c169c4bdef102d0bc5d31b2546345219e348575eb80e9a0?s=96&d=mm&r=g","url":"https:\/\/secure.gravatar.com\/avatar\/37d968a2e67a6fd04c169c4bdef102d0bc5d31b2546345219e348575eb80e9a0?s=96&d=mm&r=g","contentUrl":"https:\/\/secure.gravatar.com\/avatar\/37d968a2e67a6fd04c169c4bdef102d0bc5d31b2546345219e348575eb80e9a0?s=96&d=mm&r=g","caption":"redazione"},"sameAs":["http:\/\/www.bellunopress.it","https:\/\/x.com\/bellunopress"],"url":"https:\/\/www.bellunopress.it\/fr\/author\/redazione\/"}]}},"_links":{"self":[{"href":"https:\/\/www.bellunopress.it\/fr\/wp-json\/wp\/v2\/posts\/110509","targetHints":{"allow":["GET"]}}],"collection":[{"href":"https:\/\/www.bellunopress.it\/fr\/wp-json\/wp\/v2\/posts"}],"about":[{"href":"https:\/\/www.bellunopress.it\/fr\/wp-json\/wp\/v2\/types\/post"}],"author":[{"embeddable":true,"href":"https:\/\/www.bellunopress.it\/fr\/wp-json\/wp\/v2\/users\/2"}],"replies":[{"embeddable":true,"href":"https:\/\/www.bellunopress.it\/fr\/wp-json\/wp\/v2\/comments?post=110509"}],"version-history":[{"count":1,"href":"https:\/\/www.bellunopress.it\/fr\/wp-json\/wp\/v2\/posts\/110509\/revisions"}],"predecessor-version":[{"id":110510,"href":"https:\/\/www.bellunopress.it\/fr\/wp-json\/wp\/v2\/posts\/110509\/revisions\/110510"}],"wp:attachment":[{"href":"https:\/\/www.bellunopress.it\/fr\/wp-json\/wp\/v2\/media?parent=110509"}],"wp:term":[{"taxonomy":"category","embeddable":true,"href":"https:\/\/www.bellunopress.it\/fr\/wp-json\/wp\/v2\/categories?post=110509"},{"taxonomy":"post_tag","embeddable":true,"href":"https:\/\/www.bellunopress.it\/fr\/wp-json\/wp\/v2\/tags?post=110509"}],"curies":[{"name":"wp","href":"https:\/\/api.w.org\/{rel}","templated":true}]}}