{"id":110492,"date":"2019-12-16T13:48:07","date_gmt":"2019-12-16T12:48:07","guid":{"rendered":"http:\/\/www.bellunopress.it\/?p=110492"},"modified":"2019-12-16T17:49:42","modified_gmt":"2019-12-16T16:49:42","slug":"villabruna-feltre-approvato-il-nuovo-progetto-di-fattibilita-tecnica-ed-economica-per-il-potenziamento-della-rete-di-smaltimento-delle-acque-meteoriche-zatta-soddisfazione-per-il-percors","status":"publish","type":"post","link":"https:\/\/www.bellunopress.it\/fr\/2019\/12\/16\/villabruna-feltre-approvato-il-nuovo-progetto-di-fattibilita-tecnica-ed-economica-per-il-potenziamento-della-rete-di-smaltimento-delle-acque-meteoriche-zatta-soddisfazione-per-il-percors\/","title":{"rendered":"Villabruna (Feltre), approvato il nuovo progetto di fattibilit\u00e0 tecnica ed economica per il potenziamento della rete di smaltimento delle acque meteoriche. Zatta: \u201cSoddisfazione per il percorso condiviso con comitato e cittadini\u201d"},"content":{"rendered":"<figure id=\"attachment_95451\" aria-describedby=\"caption-attachment-95451\" style=\"width: 300px\" class=\"wp-caption alignleft\"><a href=\"http:\/\/www.bellunopress.it\/fr\/2018\/05\/31\/lavori-pubblici-nel-comune-di-feltre-progetti-in-corso-finanziati-per-oltre-17-milioni-di-euro\/adis-zatta\/\" rel=\"attachment wp-att-95451\"><img loading=\"lazy\" decoding=\"async\" class=\"size-full wp-image-95451\" src=\"http:\/\/www.bellunopress.it\/wp-content\/uploads\/2018\/05\/adis-zatta.jpg\" alt=\"\" width=\"300\" height=\"254\" \/><\/a><figcaption id=\"caption-attachment-95451\" class=\"wp-caption-text\">Adis Zatta, assessore<\/figcaption><\/figure>\n<p>Passo importante verso la sistemazione definitiva della rete di regimazione delle acque meteoriche nella frazione di Villabruna, interessata in passato \u2013 soprattutto nell&#8217;area a nord, verso l&#8217;abitato di Grum &#8211; da degli eventi di criticit\u00e0 idraulica, che hanno causato danni sia ad alcune abitazioni che alle opere pubbliche presenti.<\/p>\n<p>A tale riguardo, dopo l&#8217;assemblea pubblica indetta dall&#8217;Amministrazione, anche su sollecitazione dei residenti, i proprietari dei fondi interessati si erano impegnati ad intervenire sulla loro area con una serie di opere, mentre l&#8217;Amministrazione si attivava per trovare una o pi\u00f9 soluzioni definitive per l&#8217;allontanamento delle acque. Dopo una prima approvazione del relativo progetto preliminare, avvenuta nel 2017, il Comune ha avviato uno studio approfondito delle problematiche esistenti, anche alla luce di alcuni eventi verificatisi nel corso dell&#8217;anno 2018, tenendo conto dei sottoservizi presenti nell&#8217;area interessata dai lavori e delle scelte progettuali indicate nel progetto di fattibilit\u00e0 a suo tempo approvato.<br \/>\nIn particolare l&#8217;Amministrazione ha avviato, in relazione al nuovo progetto \u2013 arrivato oggi all&#8217;approvazione -, un percorso condiviso con il Comitato frazionale di Villabruna, oltre che con i residenti interessati dalla problematica, rilevando di concerto con essi l&#8217;opportunit\u00e0 di andare a modificare parzialmente i tracciati inizialmente previsti.<\/p>\n<p>\u201cIl confronto schietto e a tratti vivace, ma sempre costruttivo, con il Comitato frazionale e con i residenti di Villabruna, ci ha consentito di porre in essere un percorso condiviso, in cui abbiamo cercato di recepire le osservazioni e le richieste degli abitanti\u201d, sottolinea l&#8217;assessore alla Gestione del Territorio del Comune di Feltre Adis Zatta. \u201cQuesto ci consentir\u00e0 ora di procedere con tempi pi\u00f9 spediti nelle prossime fasi progettuali e autorizzative, per arrivare all&#8217;esecuzione delle opere, se non vi saranno altri imprevisti, nel corso del prossimo anno. L&#8217;intervento su Villabruna \u00e8 sicuramente tra i pi\u00f9 importanti ed attesi sul fronte della regimazione delle acque meteoriche e del miglioramento della sicurezza sul piano idrogeologico e per questo siamo ora impegnati a seguire tutte le fasi dell&#8217;iter con la massima attenzione\u201d, conclude Zatta.<\/p>\n<p>Il progetto prevede un costo complessivo di 500 mila euro, gi\u00e0 assegnati, derivanti dalle risorse dei Fondi per i Comuni Confinati.<\/p>","protected":false},"excerpt":{"rendered":"<p>Passo importante verso la sistemazione definitiva della rete di regimazione delle acque meteoriche nella frazione di Villabruna, interessata in passato \u2013 soprattutto nell&#8217;area a nord, verso l&#8217;abitato di Grum &#8211; da degli eventi di criticit\u00e0 idraulica, che hanno causato danni sia ad alcune abitazioni che alle opere pubbliche presenti. A tale riguardo, dopo l&#8217;assemblea pubblica [&hellip;]<\/p>\n","protected":false},"author":2,"featured_media":0,"comment_status":"closed","ping_status":"open","sticky":false,"template":"","format":"standard","meta":{"footnotes":""},"categories":[5,26,8],"tags":[],"class_list":["post-110492","post","type-post","status-publish","format-standard","category-cronaca","category-prima-pagina","category-societa-istituzioni"],"yoast_head":"<!-- This site is optimized with the Yoast SEO plugin v28.4 - https:\/\/yoast.com\/product\/yoast-seo-wordpress\/ -->\n<title>Villabruna (Feltre), approvato il nuovo progetto di fattibilit\u00e0 tecnica ed economica per il potenziamento della rete di smaltimento delle acque meteoriche. Zatta: \u201cSoddisfazione per il percorso condiviso con comitato e cittadini\u201d - Bellunopress - Dolomiti<\/title>\n<meta name=\"robots\" content=\"index, follow, max-snippet:-1, max-image-preview:large, max-video-preview:-1\" \/>\n<link rel=\"canonical\" href=\"https:\/\/www.bellunopress.it\/fr\/2019\/12\/16\/villabruna-feltre-approvato-il-nuovo-progetto-di-fattibilita-tecnica-ed-economica-per-il-potenziamento-della-rete-di-smaltimento-delle-acque-meteoriche-zatta-soddisfazione-per-il-percors\/\" \/>\n<meta property=\"og:locale\" content=\"fr_FR\" \/>\n<meta property=\"og:type\" content=\"article\" \/>\n<meta property=\"og:title\" content=\"Villabruna (Feltre), approvato il nuovo progetto di fattibilit\u00e0 tecnica ed economica per il potenziamento della rete di smaltimento delle acque meteoriche. Zatta: \u201cSoddisfazione per il percorso condiviso con comitato e cittadini\u201d - Bellunopress - Dolomiti\" \/>\n<meta property=\"og:description\" content=\"Passo importante verso la sistemazione definitiva della rete di regimazione delle acque meteoriche nella frazione di Villabruna, interessata in passato \u2013 soprattutto nell&#8217;area a nord, verso l&#8217;abitato di Grum &#8211; da degli eventi di criticit\u00e0 idraulica, che hanno causato danni sia ad alcune abitazioni che alle opere pubbliche presenti. A tale riguardo, dopo l&#8217;assemblea pubblica [&hellip;]\" \/>\n<meta property=\"og:url\" content=\"https:\/\/www.bellunopress.it\/fr\/2019\/12\/16\/villabruna-feltre-approvato-il-nuovo-progetto-di-fattibilita-tecnica-ed-economica-per-il-potenziamento-della-rete-di-smaltimento-delle-acque-meteoriche-zatta-soddisfazione-per-il-percors\/\" \/>\n<meta property=\"og:site_name\" content=\"Bellunopress - Dolomiti\" \/>\n<meta property=\"article:publisher\" content=\"https:\/\/www.facebook.com\/profile.php?id=100008943462799\" \/>\n<meta property=\"article:published_time\" content=\"2019-12-16T12:48:07+00:00\" \/>\n<meta property=\"article:modified_time\" content=\"2019-12-16T16:49:42+00:00\" \/>\n<meta property=\"og:image\" content=\"http:\/\/www.bellunopress.it\/wp-content\/uploads\/2018\/05\/adis-zatta.jpg\" \/>\n<meta name=\"author\" content=\"redazione\" \/>\n<meta name=\"twitter:card\" content=\"summary_large_image\" \/>\n<meta name=\"twitter:creator\" content=\"@bellunopress\" \/>\n<meta name=\"twitter:site\" content=\"@bellunopress\" \/>\n<meta name=\"twitter:label1\" content=\"\u00c9crit par\" \/>\n\t<meta name=\"twitter:data1\" content=\"redazione\" \/>\n\t<meta name=\"twitter:label2\" content=\"Dur\u00e9e de lecture estim\u00e9e\" \/>\n\t<meta name=\"twitter:data2\" content=\"2 minutes\" \/>\n<script type=\"application\/ld+json\" class=\"yoast-schema-graph\">{\"@context\":\"https:\\\/\\\/schema.org\",\"@graph\":[{\"@type\":\"Article\",\"@id\":\"https:\\\/\\\/www.bellunopress.it\\\/2019\\\/12\\\/16\\\/villabruna-feltre-approvato-il-nuovo-progetto-di-fattibilita-tecnica-ed-economica-per-il-potenziamento-della-rete-di-smaltimento-delle-acque-meteoriche-zatta-soddisfazione-per-il-percors\\\/#article\",\"isPartOf\":{\"@id\":\"https:\\\/\\\/www.bellunopress.it\\\/2019\\\/12\\\/16\\\/villabruna-feltre-approvato-il-nuovo-progetto-di-fattibilita-tecnica-ed-economica-per-il-potenziamento-della-rete-di-smaltimento-delle-acque-meteoriche-zatta-soddisfazione-per-il-percors\\\/\"},\"author\":{\"name\":\"redazione\",\"@id\":\"https:\\\/\\\/www.bellunopress.it\\\/#\\\/schema\\\/person\\\/79bb06722b37ece1c03d3e94beb30d73\"},\"headline\":\"Villabruna (Feltre), approvato il nuovo progetto di fattibilit\u00e0 tecnica ed economica per il potenziamento della rete di smaltimento delle acque meteoriche. Zatta: \u201cSoddisfazione per il percorso condiviso con comitato e cittadini\u201d\",\"datePublished\":\"2019-12-16T12:48:07+00:00\",\"dateModified\":\"2019-12-16T16:49:42+00:00\",\"mainEntityOfPage\":{\"@id\":\"https:\\\/\\\/www.bellunopress.it\\\/2019\\\/12\\\/16\\\/villabruna-feltre-approvato-il-nuovo-progetto-di-fattibilita-tecnica-ed-economica-per-il-potenziamento-della-rete-di-smaltimento-delle-acque-meteoriche-zatta-soddisfazione-per-il-percors\\\/\"},\"wordCount\":398,\"publisher\":{\"@id\":\"https:\\\/\\\/www.bellunopress.it\\\/#organization\"},\"image\":{\"@id\":\"https:\\\/\\\/www.bellunopress.it\\\/2019\\\/12\\\/16\\\/villabruna-feltre-approvato-il-nuovo-progetto-di-fattibilita-tecnica-ed-economica-per-il-potenziamento-della-rete-di-smaltimento-delle-acque-meteoriche-zatta-soddisfazione-per-il-percors\\\/#primaryimage\"},\"thumbnailUrl\":\"http:\\\/\\\/www.bellunopress.it\\\/wp-content\\\/uploads\\\/2018\\\/05\\\/adis-zatta.jpg\",\"articleSection\":[\"Cronaca\\\/Politica\",\"Prima Pagina\",\"Societ\u00e0, Associazioni, Istituzioni\"],\"inLanguage\":\"fr-FR\"},{\"@type\":\"WebPage\",\"@id\":\"https:\\\/\\\/www.bellunopress.it\\\/2019\\\/12\\\/16\\\/villabruna-feltre-approvato-il-nuovo-progetto-di-fattibilita-tecnica-ed-economica-per-il-potenziamento-della-rete-di-smaltimento-delle-acque-meteoriche-zatta-soddisfazione-per-il-percors\\\/\",\"url\":\"https:\\\/\\\/www.bellunopress.it\\\/2019\\\/12\\\/16\\\/villabruna-feltre-approvato-il-nuovo-progetto-di-fattibilita-tecnica-ed-economica-per-il-potenziamento-della-rete-di-smaltimento-delle-acque-meteoriche-zatta-soddisfazione-per-il-percors\\\/\",\"name\":\"Villabruna (Feltre), approvato il nuovo progetto di fattibilit\u00e0 tecnica ed economica per il potenziamento della rete di smaltimento delle acque meteoriche. Zatta: \u201cSoddisfazione per il percorso condiviso con comitato e cittadini\u201d - Bellunopress - Dolomiti\",\"isPartOf\":{\"@id\":\"https:\\\/\\\/www.bellunopress.it\\\/#website\"},\"primaryImageOfPage\":{\"@id\":\"https:\\\/\\\/www.bellunopress.it\\\/2019\\\/12\\\/16\\\/villabruna-feltre-approvato-il-nuovo-progetto-di-fattibilita-tecnica-ed-economica-per-il-potenziamento-della-rete-di-smaltimento-delle-acque-meteoriche-zatta-soddisfazione-per-il-percors\\\/#primaryimage\"},\"image\":{\"@id\":\"https:\\\/\\\/www.bellunopress.it\\\/2019\\\/12\\\/16\\\/villabruna-feltre-approvato-il-nuovo-progetto-di-fattibilita-tecnica-ed-economica-per-il-potenziamento-della-rete-di-smaltimento-delle-acque-meteoriche-zatta-soddisfazione-per-il-percors\\\/#primaryimage\"},\"thumbnailUrl\":\"http:\\\/\\\/www.bellunopress.it\\\/wp-content\\\/uploads\\\/2018\\\/05\\\/adis-zatta.jpg\",\"datePublished\":\"2019-12-16T12:48:07+00:00\",\"dateModified\":\"2019-12-16T16:49:42+00:00\",\"breadcrumb\":{\"@id\":\"https:\\\/\\\/www.bellunopress.it\\\/2019\\\/12\\\/16\\\/villabruna-feltre-approvato-il-nuovo-progetto-di-fattibilita-tecnica-ed-economica-per-il-potenziamento-della-rete-di-smaltimento-delle-acque-meteoriche-zatta-soddisfazione-per-il-percors\\\/#breadcrumb\"},\"inLanguage\":\"fr-FR\",\"potentialAction\":[{\"@type\":\"ReadAction\",\"target\":[\"https:\\\/\\\/www.bellunopress.it\\\/2019\\\/12\\\/16\\\/villabruna-feltre-approvato-il-nuovo-progetto-di-fattibilita-tecnica-ed-economica-per-il-potenziamento-della-rete-di-smaltimento-delle-acque-meteoriche-zatta-soddisfazione-per-il-percors\\\/\"]}]},{\"@type\":\"ImageObject\",\"inLanguage\":\"fr-FR\",\"@id\":\"https:\\\/\\\/www.bellunopress.it\\\/2019\\\/12\\\/16\\\/villabruna-feltre-approvato-il-nuovo-progetto-di-fattibilita-tecnica-ed-economica-per-il-potenziamento-della-rete-di-smaltimento-delle-acque-meteoriche-zatta-soddisfazione-per-il-percors\\\/#primaryimage\",\"url\":\"http:\\\/\\\/www.bellunopress.it\\\/wp-content\\\/uploads\\\/2018\\\/05\\\/adis-zatta.jpg\",\"contentUrl\":\"http:\\\/\\\/www.bellunopress.it\\\/wp-content\\\/uploads\\\/2018\\\/05\\\/adis-zatta.jpg\"},{\"@type\":\"BreadcrumbList\",\"@id\":\"https:\\\/\\\/www.bellunopress.it\\\/2019\\\/12\\\/16\\\/villabruna-feltre-approvato-il-nuovo-progetto-di-fattibilita-tecnica-ed-economica-per-il-potenziamento-della-rete-di-smaltimento-delle-acque-meteoriche-zatta-soddisfazione-per-il-percors\\\/#breadcrumb\",\"itemListElement\":[{\"@type\":\"ListItem\",\"position\":1,\"name\":\"Home\",\"item\":\"https:\\\/\\\/www.bellunopress.it\\\/\"},{\"@type\":\"ListItem\",\"position\":2,\"name\":\"Villabruna (Feltre), approvato il nuovo progetto di fattibilit\u00e0 tecnica ed economica per il potenziamento della rete di smaltimento delle acque meteoriche. Zatta: \u201cSoddisfazione per il percorso condiviso con comitato e cittadini\u201d\"}]},{\"@type\":\"WebSite\",\"@id\":\"https:\\\/\\\/www.bellunopress.it\\\/#website\",\"url\":\"https:\\\/\\\/www.bellunopress.it\\\/\",\"name\":\"Bellunopress - Dolomiti\",\"description\":\"e-mail: redazione@bellunopress.it\",\"publisher\":{\"@id\":\"https:\\\/\\\/www.bellunopress.it\\\/#organization\"},\"potentialAction\":[{\"@type\":\"SearchAction\",\"target\":{\"@type\":\"EntryPoint\",\"urlTemplate\":\"https:\\\/\\\/www.bellunopress.it\\\/?s={search_term_string}\"},\"query-input\":{\"@type\":\"PropertyValueSpecification\",\"valueRequired\":true,\"valueName\":\"search_term_string\"}}],\"inLanguage\":\"fr-FR\"},{\"@type\":\"Organization\",\"@id\":\"https:\\\/\\\/www.bellunopress.it\\\/#organization\",\"name\":\"Bellunopress\",\"url\":\"https:\\\/\\\/www.bellunopress.it\\\/\",\"logo\":{\"@type\":\"ImageObject\",\"inLanguage\":\"fr-FR\",\"@id\":\"https:\\\/\\\/www.bellunopress.it\\\/#\\\/schema\\\/logo\\\/image\\\/\",\"url\":\"https:\\\/\\\/www.bellunopress.it\\\/wp-content\\\/uploads\\\/2011\\\/05\\\/cropped-logo-bellunopress-.jpg\",\"contentUrl\":\"https:\\\/\\\/www.bellunopress.it\\\/wp-content\\\/uploads\\\/2011\\\/05\\\/cropped-logo-bellunopress-.jpg\",\"width\":512,\"height\":512,\"caption\":\"Bellunopress\"},\"image\":{\"@id\":\"https:\\\/\\\/www.bellunopress.it\\\/#\\\/schema\\\/logo\\\/image\\\/\"},\"sameAs\":[\"https:\\\/\\\/www.facebook.com\\\/profile.php?id=100008943462799\",\"https:\\\/\\\/x.com\\\/bellunopress\",\"https:\\\/\\\/www.linkedin.com\\\/hp\\\/?dnr=JBzUWaJfMUw8vbXJJ2tVW5-I3jZKvC4wsoxE&amp;amp;amp;amp;amp;amp;trk=nav_responsive_tab_home\",\"https:\\\/\\\/www.youtube.com\\\/channel\\\/UCxL0wu1uN0_3_7hGG0306cw\"]},{\"@type\":\"Person\",\"@id\":\"https:\\\/\\\/www.bellunopress.it\\\/#\\\/schema\\\/person\\\/79bb06722b37ece1c03d3e94beb30d73\",\"name\":\"redazione\",\"image\":{\"@type\":\"ImageObject\",\"inLanguage\":\"fr-FR\",\"@id\":\"https:\\\/\\\/secure.gravatar.com\\\/avatar\\\/37d968a2e67a6fd04c169c4bdef102d0bc5d31b2546345219e348575eb80e9a0?s=96&d=mm&r=g\",\"url\":\"https:\\\/\\\/secure.gravatar.com\\\/avatar\\\/37d968a2e67a6fd04c169c4bdef102d0bc5d31b2546345219e348575eb80e9a0?s=96&d=mm&r=g\",\"contentUrl\":\"https:\\\/\\\/secure.gravatar.com\\\/avatar\\\/37d968a2e67a6fd04c169c4bdef102d0bc5d31b2546345219e348575eb80e9a0?s=96&d=mm&r=g\",\"caption\":\"redazione\"},\"sameAs\":[\"http:\\\/\\\/www.bellunopress.it\",\"https:\\\/\\\/x.com\\\/bellunopress\"],\"url\":\"https:\\\/\\\/www.bellunopress.it\\\/fr\\\/author\\\/redazione\\\/\"}]}<\/script>\n<!-- \/ Yoast SEO plugin. -->","yoast_head_json":{"title":"Villabruna (Feltre), approvato il nuovo progetto di fattibilit\u00e0 tecnica ed economica per il potenziamento della rete di smaltimento delle acque meteoriche. Zatta: \u201cSoddisfazione per il percorso condiviso con comitato e cittadini\u201d - Bellunopress - Dolomiti","robots":{"index":"index","follow":"follow","max-snippet":"max-snippet:-1","max-image-preview":"max-image-preview:large","max-video-preview":"max-video-preview:-1"},"canonical":"https:\/\/www.bellunopress.it\/fr\/2019\/12\/16\/villabruna-feltre-approvato-il-nuovo-progetto-di-fattibilita-tecnica-ed-economica-per-il-potenziamento-della-rete-di-smaltimento-delle-acque-meteoriche-zatta-soddisfazione-per-il-percors\/","og_locale":"fr_FR","og_type":"article","og_title":"Villabruna (Feltre), approvato il nuovo progetto di fattibilit\u00e0 tecnica ed economica per il potenziamento della rete di smaltimento delle acque meteoriche. Zatta: \u201cSoddisfazione per il percorso condiviso con comitato e cittadini\u201d - Bellunopress - Dolomiti","og_description":"Passo importante verso la sistemazione definitiva della rete di regimazione delle acque meteoriche nella frazione di Villabruna, interessata in passato \u2013 soprattutto nell&#8217;area a nord, verso l&#8217;abitato di Grum &#8211; da degli eventi di criticit\u00e0 idraulica, che hanno causato danni sia ad alcune abitazioni che alle opere pubbliche presenti. A tale riguardo, dopo l&#8217;assemblea pubblica [&hellip;]","og_url":"https:\/\/www.bellunopress.it\/fr\/2019\/12\/16\/villabruna-feltre-approvato-il-nuovo-progetto-di-fattibilita-tecnica-ed-economica-per-il-potenziamento-della-rete-di-smaltimento-delle-acque-meteoriche-zatta-soddisfazione-per-il-percors\/","og_site_name":"Bellunopress - Dolomiti","article_publisher":"https:\/\/www.facebook.com\/profile.php?id=100008943462799","article_published_time":"2019-12-16T12:48:07+00:00","article_modified_time":"2019-12-16T16:49:42+00:00","og_image":[{"url":"http:\/\/www.bellunopress.it\/wp-content\/uploads\/2018\/05\/adis-zatta.jpg","type":"","width":"","height":""}],"author":"redazione","twitter_card":"summary_large_image","twitter_creator":"@bellunopress","twitter_site":"@bellunopress","twitter_misc":{"\u00c9crit par":"redazione","Dur\u00e9e de lecture estim\u00e9e":"2 minutes"},"schema":{"@context":"https:\/\/schema.org","@graph":[{"@type":"Article","@id":"https:\/\/www.bellunopress.it\/2019\/12\/16\/villabruna-feltre-approvato-il-nuovo-progetto-di-fattibilita-tecnica-ed-economica-per-il-potenziamento-della-rete-di-smaltimento-delle-acque-meteoriche-zatta-soddisfazione-per-il-percors\/#article","isPartOf":{"@id":"https:\/\/www.bellunopress.it\/2019\/12\/16\/villabruna-feltre-approvato-il-nuovo-progetto-di-fattibilita-tecnica-ed-economica-per-il-potenziamento-della-rete-di-smaltimento-delle-acque-meteoriche-zatta-soddisfazione-per-il-percors\/"},"author":{"name":"redazione","@id":"https:\/\/www.bellunopress.it\/#\/schema\/person\/79bb06722b37ece1c03d3e94beb30d73"},"headline":"Villabruna (Feltre), approvato il nuovo progetto di fattibilit\u00e0 tecnica ed economica per il potenziamento della rete di smaltimento delle acque meteoriche. Zatta: \u201cSoddisfazione per il percorso condiviso con comitato e cittadini\u201d","datePublished":"2019-12-16T12:48:07+00:00","dateModified":"2019-12-16T16:49:42+00:00","mainEntityOfPage":{"@id":"https:\/\/www.bellunopress.it\/2019\/12\/16\/villabruna-feltre-approvato-il-nuovo-progetto-di-fattibilita-tecnica-ed-economica-per-il-potenziamento-della-rete-di-smaltimento-delle-acque-meteoriche-zatta-soddisfazione-per-il-percors\/"},"wordCount":398,"publisher":{"@id":"https:\/\/www.bellunopress.it\/#organization"},"image":{"@id":"https:\/\/www.bellunopress.it\/2019\/12\/16\/villabruna-feltre-approvato-il-nuovo-progetto-di-fattibilita-tecnica-ed-economica-per-il-potenziamento-della-rete-di-smaltimento-delle-acque-meteoriche-zatta-soddisfazione-per-il-percors\/#primaryimage"},"thumbnailUrl":"http:\/\/www.bellunopress.it\/wp-content\/uploads\/2018\/05\/adis-zatta.jpg","articleSection":["Cronaca\/Politica","Prima Pagina","Societ\u00e0, Associazioni, Istituzioni"],"inLanguage":"fr-FR"},{"@type":"WebPage","@id":"https:\/\/www.bellunopress.it\/2019\/12\/16\/villabruna-feltre-approvato-il-nuovo-progetto-di-fattibilita-tecnica-ed-economica-per-il-potenziamento-della-rete-di-smaltimento-delle-acque-meteoriche-zatta-soddisfazione-per-il-percors\/","url":"https:\/\/www.bellunopress.it\/2019\/12\/16\/villabruna-feltre-approvato-il-nuovo-progetto-di-fattibilita-tecnica-ed-economica-per-il-potenziamento-della-rete-di-smaltimento-delle-acque-meteoriche-zatta-soddisfazione-per-il-percors\/","name":"Villabruna (Feltre), approvato il nuovo progetto di fattibilit\u00e0 tecnica ed economica per il potenziamento della rete di smaltimento delle acque meteoriche. Zatta: \u201cSoddisfazione per il percorso condiviso con comitato e cittadini\u201d - Bellunopress - Dolomiti","isPartOf":{"@id":"https:\/\/www.bellunopress.it\/#website"},"primaryImageOfPage":{"@id":"https:\/\/www.bellunopress.it\/2019\/12\/16\/villabruna-feltre-approvato-il-nuovo-progetto-di-fattibilita-tecnica-ed-economica-per-il-potenziamento-della-rete-di-smaltimento-delle-acque-meteoriche-zatta-soddisfazione-per-il-percors\/#primaryimage"},"image":{"@id":"https:\/\/www.bellunopress.it\/2019\/12\/16\/villabruna-feltre-approvato-il-nuovo-progetto-di-fattibilita-tecnica-ed-economica-per-il-potenziamento-della-rete-di-smaltimento-delle-acque-meteoriche-zatta-soddisfazione-per-il-percors\/#primaryimage"},"thumbnailUrl":"http:\/\/www.bellunopress.it\/wp-content\/uploads\/2018\/05\/adis-zatta.jpg","datePublished":"2019-12-16T12:48:07+00:00","dateModified":"2019-12-16T16:49:42+00:00","breadcrumb":{"@id":"https:\/\/www.bellunopress.it\/2019\/12\/16\/villabruna-feltre-approvato-il-nuovo-progetto-di-fattibilita-tecnica-ed-economica-per-il-potenziamento-della-rete-di-smaltimento-delle-acque-meteoriche-zatta-soddisfazione-per-il-percors\/#breadcrumb"},"inLanguage":"fr-FR","potentialAction":[{"@type":"ReadAction","target":["https:\/\/www.bellunopress.it\/2019\/12\/16\/villabruna-feltre-approvato-il-nuovo-progetto-di-fattibilita-tecnica-ed-economica-per-il-potenziamento-della-rete-di-smaltimento-delle-acque-meteoriche-zatta-soddisfazione-per-il-percors\/"]}]},{"@type":"ImageObject","inLanguage":"fr-FR","@id":"https:\/\/www.bellunopress.it\/2019\/12\/16\/villabruna-feltre-approvato-il-nuovo-progetto-di-fattibilita-tecnica-ed-economica-per-il-potenziamento-della-rete-di-smaltimento-delle-acque-meteoriche-zatta-soddisfazione-per-il-percors\/#primaryimage","url":"http:\/\/www.bellunopress.it\/wp-content\/uploads\/2018\/05\/adis-zatta.jpg","contentUrl":"http:\/\/www.bellunopress.it\/wp-content\/uploads\/2018\/05\/adis-zatta.jpg"},{"@type":"BreadcrumbList","@id":"https:\/\/www.bellunopress.it\/2019\/12\/16\/villabruna-feltre-approvato-il-nuovo-progetto-di-fattibilita-tecnica-ed-economica-per-il-potenziamento-della-rete-di-smaltimento-delle-acque-meteoriche-zatta-soddisfazione-per-il-percors\/#breadcrumb","itemListElement":[{"@type":"ListItem","position":1,"name":"Home","item":"https:\/\/www.bellunopress.it\/"},{"@type":"ListItem","position":2,"name":"Villabruna (Feltre), approvato il nuovo progetto di fattibilit\u00e0 tecnica ed economica per il potenziamento della rete di smaltimento delle acque meteoriche. Zatta: \u201cSoddisfazione per il percorso condiviso con comitato e cittadini\u201d"}]},{"@type":"WebSite","@id":"https:\/\/www.bellunopress.it\/#website","url":"https:\/\/www.bellunopress.it\/","name":"Bellunopress - Dolomiti","description":"e-mail: redazione@bellunopress.it","publisher":{"@id":"https:\/\/www.bellunopress.it\/#organization"},"potentialAction":[{"@type":"SearchAction","target":{"@type":"EntryPoint","urlTemplate":"https:\/\/www.bellunopress.it\/?s={search_term_string}"},"query-input":{"@type":"PropertyValueSpecification","valueRequired":true,"valueName":"search_term_string"}}],"inLanguage":"fr-FR"},{"@type":"Organization","@id":"https:\/\/www.bellunopress.it\/#organization","name":"Bellunopress","url":"https:\/\/www.bellunopress.it\/","logo":{"@type":"ImageObject","inLanguage":"fr-FR","@id":"https:\/\/www.bellunopress.it\/#\/schema\/logo\/image\/","url":"https:\/\/www.bellunopress.it\/wp-content\/uploads\/2011\/05\/cropped-logo-bellunopress-.jpg","contentUrl":"https:\/\/www.bellunopress.it\/wp-content\/uploads\/2011\/05\/cropped-logo-bellunopress-.jpg","width":512,"height":512,"caption":"Bellunopress"},"image":{"@id":"https:\/\/www.bellunopress.it\/#\/schema\/logo\/image\/"},"sameAs":["https:\/\/www.facebook.com\/profile.php?id=100008943462799","https:\/\/x.com\/bellunopress","https:\/\/www.linkedin.com\/hp\/?dnr=JBzUWaJfMUw8vbXJJ2tVW5-I3jZKvC4wsoxE&amp;amp;amp;amp;amp;amp;trk=nav_responsive_tab_home","https:\/\/www.youtube.com\/channel\/UCxL0wu1uN0_3_7hGG0306cw"]},{"@type":"Person","@id":"https:\/\/www.bellunopress.it\/#\/schema\/person\/79bb06722b37ece1c03d3e94beb30d73","name":"r\u00e9daction","image":{"@type":"ImageObject","inLanguage":"fr-FR","@id":"https:\/\/secure.gravatar.com\/avatar\/37d968a2e67a6fd04c169c4bdef102d0bc5d31b2546345219e348575eb80e9a0?s=96&d=mm&r=g","url":"https:\/\/secure.gravatar.com\/avatar\/37d968a2e67a6fd04c169c4bdef102d0bc5d31b2546345219e348575eb80e9a0?s=96&d=mm&r=g","contentUrl":"https:\/\/secure.gravatar.com\/avatar\/37d968a2e67a6fd04c169c4bdef102d0bc5d31b2546345219e348575eb80e9a0?s=96&d=mm&r=g","caption":"redazione"},"sameAs":["http:\/\/www.bellunopress.it","https:\/\/x.com\/bellunopress"],"url":"https:\/\/www.bellunopress.it\/fr\/author\/redazione\/"}]}},"_links":{"self":[{"href":"https:\/\/www.bellunopress.it\/fr\/wp-json\/wp\/v2\/posts\/110492","targetHints":{"allow":["GET"]}}],"collection":[{"href":"https:\/\/www.bellunopress.it\/fr\/wp-json\/wp\/v2\/posts"}],"about":[{"href":"https:\/\/www.bellunopress.it\/fr\/wp-json\/wp\/v2\/types\/post"}],"author":[{"embeddable":true,"href":"https:\/\/www.bellunopress.it\/fr\/wp-json\/wp\/v2\/users\/2"}],"replies":[{"embeddable":true,"href":"https:\/\/www.bellunopress.it\/fr\/wp-json\/wp\/v2\/comments?post=110492"}],"version-history":[{"count":1,"href":"https:\/\/www.bellunopress.it\/fr\/wp-json\/wp\/v2\/posts\/110492\/revisions"}],"predecessor-version":[{"id":110493,"href":"https:\/\/www.bellunopress.it\/fr\/wp-json\/wp\/v2\/posts\/110492\/revisions\/110493"}],"wp:attachment":[{"href":"https:\/\/www.bellunopress.it\/fr\/wp-json\/wp\/v2\/media?parent=110492"}],"wp:term":[{"taxonomy":"category","embeddable":true,"href":"https:\/\/www.bellunopress.it\/fr\/wp-json\/wp\/v2\/categories?post=110492"},{"taxonomy":"post_tag","embeddable":true,"href":"https:\/\/www.bellunopress.it\/fr\/wp-json\/wp\/v2\/tags?post=110492"}],"curies":[{"name":"wp","href":"https:\/\/api.w.org\/{rel}","templated":true}]}}