{"id":110486,"date":"2019-12-16T16:00:26","date_gmt":"2019-12-16T15:00:26","guid":{"rendered":"http:\/\/www.bellunopress.it\/?p=110486"},"modified":"2019-12-16T16:00:26","modified_gmt":"2019-12-16T15:00:26","slug":"il-commercio-estero-trevigiano-e-bellunese-nei-primi-9-mesi-del-2019-mario-pozza-treviso-in-stagnazione-bene-locchialeria-a-belluno","status":"publish","type":"post","link":"https:\/\/www.bellunopress.it\/fr\/2019\/12\/16\/il-commercio-estero-trevigiano-e-bellunese-nei-primi-9-mesi-del-2019-mario-pozza-treviso-in-stagnazione-bene-locchialeria-a-belluno\/","title":{"rendered":"Il commercio estero trevigiano e bellunese nei primi 9 mesi del 2019.\u00a0Mario Pozza: &#8220;Treviso in stagnazione, bene l&#8217;occhialeria a Belluno&#8221;"},"content":{"rendered":"<p><em><strong>Per le vendite all&#8217;estero dei prodotti trevigiani si conferma la tendenza alla lieve flessione (-0,9% rispetto allo stesso periodo dell&#8217;anno scorso), pi\u00f9 marcata verso i mercati extra-Ue (-3%); le esportazioni di Belluno, invece crescono del +4,9%, grazie all\u2019occhialeria (+6,6%). Export Veneto al +1,1%<\/strong><\/em><\/p>\n<figure id=\"attachment_98121\" aria-describedby=\"caption-attachment-98121\" style=\"width: 232px\" class=\"wp-caption alignleft\"><a href=\"http:\/\/www.bellunopress.it\/fr\/2018\/09\/21\/unioncamere-veneto-pozza-confermato-alla-presidenza-fino-al-2021\/mario-pozza-2\/\" rel=\"attachment wp-att-98121\"><img loading=\"lazy\" decoding=\"async\" class=\"size-full wp-image-98121\" src=\"http:\/\/www.bellunopress.it\/wp-content\/uploads\/2018\/09\/Mario-Pozza.jpg\" alt=\"\" width=\"232\" height=\"300\" \/><\/a><figcaption id=\"caption-attachment-98121\" class=\"wp-caption-text\">Mario Pozza<\/figcaption><\/figure>\n<p>Treviso, 16 dicembre 2019. \u201cContinuiamo a soffrire \u2013 commenta a caldo il Presidente della Camera di Commercio di Treviso Belluno, Mario Pozza: continuiamo a risentire dell\u2019incertezza globale che colpisce in particolare le vendite all\u2019estero di macchinari industriali, legata a doppio filo al calo della domanda in beni strumentali\u201d.<\/p>\n<p>\u201cPosso solo sottolineare \u2013 continua Pozza \u2013 che l\u2019andamento tendenziale delle esportazioni trevigiane non peggiora rispetto al bilancio che emergeva con i dati al primo semestre. Gi\u00e0 questo \u00e8 un segnale di tenuta. Ed \u00e8 una dinamica che ci accomuna ad altri segnali che provengono dalle altre economie dell\u2019area euro. Il punto di minimo dovrebbe essere stato raggiunto, in questo strano ciclo non di crisi n\u00e9 di crescita. Consideriamo anche lo strumento del canale e-commerce che permette di accedere a nuovi mercati e a modificare il proprio modello di business\u201d.<\/p>\n<p>\u201cPer l\u2019occhialeria \u2013 conclude il Presidente &#8211; non possiamo che congratularci con i risultati di questa filiera: globale nei mercati, con interessanti crescite anche nei mercati dell\u2019America Latina, ma per nostra fortuna profondamente radicata nel territorio. Penso che questo equilibrio globale\/locale sia il suo vantaggio competitivo. Fondamentale governare quei fattori che ne consentono la replicazione e il consolidamento, a partire dall\u2019investimento nei saperi\u201d.<\/p>\n<p><strong>Il quadro generale<\/strong><\/p>\n<p>La persistente debolezza della congiuntura internazionale &#8211; legata al perdurare degli effetti delle politiche tariffarie, unitamente alla decelerazione delle maggiori economie asiatiche, alla contrazione dell\u2019industria manifatturiera tedesca e all\u2019eventualit\u00e0 di un hard Brexit &#8211; sta continuando a penalizzare fortemente il commercio mondiale ed in particolare quello dei principali Paesi europei che presentano ritmi di crescita sempre pi\u00f9 contenuti.<\/p>\n<p>Anche il commercio estero italiano ha sub\u00ecto un rallentamento che risulta confermato dai dati diffusi dall\u2019Istat per i primi nove mesi del 2019: le esportazioni registrano un +2,5% (contro il +3,7% di un anno fa) mentre le importazioni si fermano al +0,7%, ben al di sotto del risultato dello stesso periodo dell\u2019anno precedente (+5,5%). Dinamica analoga si osserva per il Nord-Est: la crescita si ferma al +1,9%, contro un aumento pi\u00f9 che doppio registrato nello stesso periodo dell\u2019anno precedente (+4,7%). Tra le regioni pi\u00f9 dinamiche si segnala l\u2019Emilia-Romagna (+4,8%), con un risultato quasi in linea con quello dell\u2019anno precedente, mentre il Veneto si ferma al +1,1% (contro il +3,5% di un anno fa). Fanno la differenza, in Emilia Romagna, i settori dell\u2019alimentare (+27,6%, pari a circa +1 miliardo di euro in pi\u00f9 rispetto ai primi nove mesi del 2018) e i mezzi di trasporto (racing, ma anche nautica da diporto): +11,4%. Va bene anche il settore dell\u2019abbigliamento (+5,7%).<\/p>\n<p>I risultati della provincia di Treviso, ai primi nove mesi dell\u2019anno, sono all\u2019insegna della sostanziale stagnazione, in linea con quanto gi\u00e0 evidenziato nei precedenti trimestri. Le esportazioni flettono del -0,9% su base annua (contro l\u2019incremento del +5,8% dello stesso periodo dell\u2019anno precedente) mentre le importazioni segnano un -1,7% (era pari al +3,1% la variazione tendenziale dell\u2019anno scorso).<\/p>\n<p>La provincia di Belluno, invece, conferma il trend in crescita delle esportazioni (+4,9%), (contro un -1,0% rilevato lo scorso anno), al traino dell\u2019occhialeria (+6,6%); in flessione, invece, le importazioni (-6,2%).<\/p>","protected":false},"excerpt":{"rendered":"<p>Per le vendite all&#8217;estero dei prodotti trevigiani si conferma la tendenza alla lieve flessione (-0,9% rispetto allo stesso periodo dell&#8217;anno scorso), pi\u00f9 marcata verso i mercati extra-Ue (-3%); le esportazioni di Belluno, invece crescono del +4,9%, grazie all\u2019occhialeria (+6,6%). Export Veneto al +1,1% Treviso, 16 dicembre 2019. \u201cContinuiamo a soffrire \u2013 commenta a caldo il [&hellip;]<\/p>\n","protected":false},"author":2,"featured_media":0,"comment_status":"closed","ping_status":"open","sticky":false,"template":"","format":"standard","meta":{"footnotes":""},"categories":[36,26],"tags":[],"class_list":["post-110486","post","type-post","status-publish","format-standard","category-lavoro-economia","category-prima-pagina"],"yoast_head":"<!-- This site is optimized with the Yoast SEO plugin v28.4 - https:\/\/yoast.com\/product\/yoast-seo-wordpress\/ -->\n<title>Il commercio estero trevigiano e bellunese nei primi 9 mesi del 2019.\u00a0Mario Pozza: &quot;Treviso in stagnazione, bene l&#039;occhialeria a Belluno&quot; - Bellunopress - Dolomiti<\/title>\n<meta name=\"robots\" content=\"index, follow, max-snippet:-1, max-image-preview:large, max-video-preview:-1\" \/>\n<link rel=\"canonical\" href=\"https:\/\/www.bellunopress.it\/fr\/2019\/12\/16\/il-commercio-estero-trevigiano-e-bellunese-nei-primi-9-mesi-del-2019-mario-pozza-treviso-in-stagnazione-bene-locchialeria-a-belluno\/\" \/>\n<meta property=\"og:locale\" content=\"fr_FR\" \/>\n<meta property=\"og:type\" content=\"article\" \/>\n<meta property=\"og:title\" content=\"Il commercio estero trevigiano e bellunese nei primi 9 mesi del 2019.\u00a0Mario Pozza: &quot;Treviso in stagnazione, bene l&#039;occhialeria a Belluno&quot; - Bellunopress - Dolomiti\" \/>\n<meta property=\"og:description\" content=\"Per le vendite all&#8217;estero dei prodotti trevigiani si conferma la tendenza alla lieve flessione (-0,9% rispetto allo stesso periodo dell&#8217;anno scorso), pi\u00f9 marcata verso i mercati extra-Ue (-3%); le esportazioni di Belluno, invece crescono del +4,9%, grazie all\u2019occhialeria (+6,6%). Export Veneto al +1,1% Treviso, 16 dicembre 2019. \u201cContinuiamo a soffrire \u2013 commenta a caldo il [&hellip;]\" \/>\n<meta property=\"og:url\" content=\"https:\/\/www.bellunopress.it\/fr\/2019\/12\/16\/il-commercio-estero-trevigiano-e-bellunese-nei-primi-9-mesi-del-2019-mario-pozza-treviso-in-stagnazione-bene-locchialeria-a-belluno\/\" \/>\n<meta property=\"og:site_name\" content=\"Bellunopress - Dolomiti\" \/>\n<meta property=\"article:publisher\" content=\"https:\/\/www.facebook.com\/profile.php?id=100008943462799\" \/>\n<meta property=\"article:published_time\" content=\"2019-12-16T15:00:26+00:00\" \/>\n<meta property=\"og:image\" content=\"http:\/\/www.bellunopress.it\/wp-content\/uploads\/2018\/09\/Mario-Pozza.jpg\" \/>\n<meta name=\"author\" content=\"redazione\" \/>\n<meta name=\"twitter:card\" content=\"summary_large_image\" \/>\n<meta name=\"twitter:creator\" content=\"@bellunopress\" \/>\n<meta name=\"twitter:site\" content=\"@bellunopress\" \/>\n<meta name=\"twitter:label1\" content=\"\u00c9crit par\" \/>\n\t<meta name=\"twitter:data1\" content=\"redazione\" \/>\n\t<meta name=\"twitter:label2\" content=\"Dur\u00e9e de lecture estim\u00e9e\" \/>\n\t<meta name=\"twitter:data2\" content=\"3 minutes\" \/>\n<script type=\"application\/ld+json\" class=\"yoast-schema-graph\">{\"@context\":\"https:\\\/\\\/schema.org\",\"@graph\":[{\"@type\":\"Article\",\"@id\":\"https:\\\/\\\/www.bellunopress.it\\\/2019\\\/12\\\/16\\\/il-commercio-estero-trevigiano-e-bellunese-nei-primi-9-mesi-del-2019-mario-pozza-treviso-in-stagnazione-bene-locchialeria-a-belluno\\\/#article\",\"isPartOf\":{\"@id\":\"https:\\\/\\\/www.bellunopress.it\\\/2019\\\/12\\\/16\\\/il-commercio-estero-trevigiano-e-bellunese-nei-primi-9-mesi-del-2019-mario-pozza-treviso-in-stagnazione-bene-locchialeria-a-belluno\\\/\"},\"author\":{\"name\":\"redazione\",\"@id\":\"https:\\\/\\\/www.bellunopress.it\\\/#\\\/schema\\\/person\\\/79bb06722b37ece1c03d3e94beb30d73\"},\"headline\":\"Il commercio estero trevigiano e bellunese nei primi 9 mesi del 2019.\u00a0Mario Pozza: &#8220;Treviso in stagnazione, bene l&#8217;occhialeria a Belluno&#8221;\",\"datePublished\":\"2019-12-16T15:00:26+00:00\",\"mainEntityOfPage\":{\"@id\":\"https:\\\/\\\/www.bellunopress.it\\\/2019\\\/12\\\/16\\\/il-commercio-estero-trevigiano-e-bellunese-nei-primi-9-mesi-del-2019-mario-pozza-treviso-in-stagnazione-bene-locchialeria-a-belluno\\\/\"},\"wordCount\":576,\"publisher\":{\"@id\":\"https:\\\/\\\/www.bellunopress.it\\\/#organization\"},\"image\":{\"@id\":\"https:\\\/\\\/www.bellunopress.it\\\/2019\\\/12\\\/16\\\/il-commercio-estero-trevigiano-e-bellunese-nei-primi-9-mesi-del-2019-mario-pozza-treviso-in-stagnazione-bene-locchialeria-a-belluno\\\/#primaryimage\"},\"thumbnailUrl\":\"http:\\\/\\\/www.bellunopress.it\\\/wp-content\\\/uploads\\\/2018\\\/09\\\/Mario-Pozza.jpg\",\"articleSection\":[\"Lavoro, Economia, Turismo\",\"Prima Pagina\"],\"inLanguage\":\"fr-FR\"},{\"@type\":\"WebPage\",\"@id\":\"https:\\\/\\\/www.bellunopress.it\\\/2019\\\/12\\\/16\\\/il-commercio-estero-trevigiano-e-bellunese-nei-primi-9-mesi-del-2019-mario-pozza-treviso-in-stagnazione-bene-locchialeria-a-belluno\\\/\",\"url\":\"https:\\\/\\\/www.bellunopress.it\\\/2019\\\/12\\\/16\\\/il-commercio-estero-trevigiano-e-bellunese-nei-primi-9-mesi-del-2019-mario-pozza-treviso-in-stagnazione-bene-locchialeria-a-belluno\\\/\",\"name\":\"Il commercio estero trevigiano e bellunese nei primi 9 mesi del 2019.\u00a0Mario Pozza: \\\"Treviso in stagnazione, bene l'occhialeria a Belluno\\\" - Bellunopress - Dolomiti\",\"isPartOf\":{\"@id\":\"https:\\\/\\\/www.bellunopress.it\\\/#website\"},\"primaryImageOfPage\":{\"@id\":\"https:\\\/\\\/www.bellunopress.it\\\/2019\\\/12\\\/16\\\/il-commercio-estero-trevigiano-e-bellunese-nei-primi-9-mesi-del-2019-mario-pozza-treviso-in-stagnazione-bene-locchialeria-a-belluno\\\/#primaryimage\"},\"image\":{\"@id\":\"https:\\\/\\\/www.bellunopress.it\\\/2019\\\/12\\\/16\\\/il-commercio-estero-trevigiano-e-bellunese-nei-primi-9-mesi-del-2019-mario-pozza-treviso-in-stagnazione-bene-locchialeria-a-belluno\\\/#primaryimage\"},\"thumbnailUrl\":\"http:\\\/\\\/www.bellunopress.it\\\/wp-content\\\/uploads\\\/2018\\\/09\\\/Mario-Pozza.jpg\",\"datePublished\":\"2019-12-16T15:00:26+00:00\",\"breadcrumb\":{\"@id\":\"https:\\\/\\\/www.bellunopress.it\\\/2019\\\/12\\\/16\\\/il-commercio-estero-trevigiano-e-bellunese-nei-primi-9-mesi-del-2019-mario-pozza-treviso-in-stagnazione-bene-locchialeria-a-belluno\\\/#breadcrumb\"},\"inLanguage\":\"fr-FR\",\"potentialAction\":[{\"@type\":\"ReadAction\",\"target\":[\"https:\\\/\\\/www.bellunopress.it\\\/2019\\\/12\\\/16\\\/il-commercio-estero-trevigiano-e-bellunese-nei-primi-9-mesi-del-2019-mario-pozza-treviso-in-stagnazione-bene-locchialeria-a-belluno\\\/\"]}]},{\"@type\":\"ImageObject\",\"inLanguage\":\"fr-FR\",\"@id\":\"https:\\\/\\\/www.bellunopress.it\\\/2019\\\/12\\\/16\\\/il-commercio-estero-trevigiano-e-bellunese-nei-primi-9-mesi-del-2019-mario-pozza-treviso-in-stagnazione-bene-locchialeria-a-belluno\\\/#primaryimage\",\"url\":\"http:\\\/\\\/www.bellunopress.it\\\/wp-content\\\/uploads\\\/2018\\\/09\\\/Mario-Pozza.jpg\",\"contentUrl\":\"http:\\\/\\\/www.bellunopress.it\\\/wp-content\\\/uploads\\\/2018\\\/09\\\/Mario-Pozza.jpg\"},{\"@type\":\"BreadcrumbList\",\"@id\":\"https:\\\/\\\/www.bellunopress.it\\\/2019\\\/12\\\/16\\\/il-commercio-estero-trevigiano-e-bellunese-nei-primi-9-mesi-del-2019-mario-pozza-treviso-in-stagnazione-bene-locchialeria-a-belluno\\\/#breadcrumb\",\"itemListElement\":[{\"@type\":\"ListItem\",\"position\":1,\"name\":\"Home\",\"item\":\"https:\\\/\\\/www.bellunopress.it\\\/\"},{\"@type\":\"ListItem\",\"position\":2,\"name\":\"Il commercio estero trevigiano e bellunese nei primi 9 mesi del 2019.\u00a0Mario Pozza: &#8220;Treviso in stagnazione, bene l&#8217;occhialeria a Belluno&#8221;\"}]},{\"@type\":\"WebSite\",\"@id\":\"https:\\\/\\\/www.bellunopress.it\\\/#website\",\"url\":\"https:\\\/\\\/www.bellunopress.it\\\/\",\"name\":\"Bellunopress - Dolomiti\",\"description\":\"e-mail: redazione@bellunopress.it\",\"publisher\":{\"@id\":\"https:\\\/\\\/www.bellunopress.it\\\/#organization\"},\"potentialAction\":[{\"@type\":\"SearchAction\",\"target\":{\"@type\":\"EntryPoint\",\"urlTemplate\":\"https:\\\/\\\/www.bellunopress.it\\\/?s={search_term_string}\"},\"query-input\":{\"@type\":\"PropertyValueSpecification\",\"valueRequired\":true,\"valueName\":\"search_term_string\"}}],\"inLanguage\":\"fr-FR\"},{\"@type\":\"Organization\",\"@id\":\"https:\\\/\\\/www.bellunopress.it\\\/#organization\",\"name\":\"Bellunopress\",\"url\":\"https:\\\/\\\/www.bellunopress.it\\\/\",\"logo\":{\"@type\":\"ImageObject\",\"inLanguage\":\"fr-FR\",\"@id\":\"https:\\\/\\\/www.bellunopress.it\\\/#\\\/schema\\\/logo\\\/image\\\/\",\"url\":\"https:\\\/\\\/www.bellunopress.it\\\/wp-content\\\/uploads\\\/2011\\\/05\\\/cropped-logo-bellunopress-.jpg\",\"contentUrl\":\"https:\\\/\\\/www.bellunopress.it\\\/wp-content\\\/uploads\\\/2011\\\/05\\\/cropped-logo-bellunopress-.jpg\",\"width\":512,\"height\":512,\"caption\":\"Bellunopress\"},\"image\":{\"@id\":\"https:\\\/\\\/www.bellunopress.it\\\/#\\\/schema\\\/logo\\\/image\\\/\"},\"sameAs\":[\"https:\\\/\\\/www.facebook.com\\\/profile.php?id=100008943462799\",\"https:\\\/\\\/x.com\\\/bellunopress\",\"https:\\\/\\\/www.linkedin.com\\\/hp\\\/?dnr=JBzUWaJfMUw8vbXJJ2tVW5-I3jZKvC4wsoxE&amp;amp;amp;amp;amp;amp;trk=nav_responsive_tab_home\",\"https:\\\/\\\/www.youtube.com\\\/channel\\\/UCxL0wu1uN0_3_7hGG0306cw\"]},{\"@type\":\"Person\",\"@id\":\"https:\\\/\\\/www.bellunopress.it\\\/#\\\/schema\\\/person\\\/79bb06722b37ece1c03d3e94beb30d73\",\"name\":\"redazione\",\"image\":{\"@type\":\"ImageObject\",\"inLanguage\":\"fr-FR\",\"@id\":\"https:\\\/\\\/secure.gravatar.com\\\/avatar\\\/37d968a2e67a6fd04c169c4bdef102d0bc5d31b2546345219e348575eb80e9a0?s=96&d=mm&r=g\",\"url\":\"https:\\\/\\\/secure.gravatar.com\\\/avatar\\\/37d968a2e67a6fd04c169c4bdef102d0bc5d31b2546345219e348575eb80e9a0?s=96&d=mm&r=g\",\"contentUrl\":\"https:\\\/\\\/secure.gravatar.com\\\/avatar\\\/37d968a2e67a6fd04c169c4bdef102d0bc5d31b2546345219e348575eb80e9a0?s=96&d=mm&r=g\",\"caption\":\"redazione\"},\"sameAs\":[\"http:\\\/\\\/www.bellunopress.it\",\"https:\\\/\\\/x.com\\\/bellunopress\"],\"url\":\"https:\\\/\\\/www.bellunopress.it\\\/fr\\\/author\\\/redazione\\\/\"}]}<\/script>\n<!-- \/ Yoast SEO plugin. -->","yoast_head_json":{"title":"Il commercio estero trevigiano e bellunese nei primi 9 mesi del 2019.\u00a0Mario Pozza: \"Treviso in stagnazione, bene l'occhialeria a Belluno\" - Bellunopress - Dolomiti","robots":{"index":"index","follow":"follow","max-snippet":"max-snippet:-1","max-image-preview":"max-image-preview:large","max-video-preview":"max-video-preview:-1"},"canonical":"https:\/\/www.bellunopress.it\/fr\/2019\/12\/16\/il-commercio-estero-trevigiano-e-bellunese-nei-primi-9-mesi-del-2019-mario-pozza-treviso-in-stagnazione-bene-locchialeria-a-belluno\/","og_locale":"fr_FR","og_type":"article","og_title":"Il commercio estero trevigiano e bellunese nei primi 9 mesi del 2019.\u00a0Mario Pozza: \"Treviso in stagnazione, bene l'occhialeria a Belluno\" - Bellunopress - Dolomiti","og_description":"Per le vendite all&#8217;estero dei prodotti trevigiani si conferma la tendenza alla lieve flessione (-0,9% rispetto allo stesso periodo dell&#8217;anno scorso), pi\u00f9 marcata verso i mercati extra-Ue (-3%); le esportazioni di Belluno, invece crescono del +4,9%, grazie all\u2019occhialeria (+6,6%). Export Veneto al +1,1% Treviso, 16 dicembre 2019. \u201cContinuiamo a soffrire \u2013 commenta a caldo il [&hellip;]","og_url":"https:\/\/www.bellunopress.it\/fr\/2019\/12\/16\/il-commercio-estero-trevigiano-e-bellunese-nei-primi-9-mesi-del-2019-mario-pozza-treviso-in-stagnazione-bene-locchialeria-a-belluno\/","og_site_name":"Bellunopress - Dolomiti","article_publisher":"https:\/\/www.facebook.com\/profile.php?id=100008943462799","article_published_time":"2019-12-16T15:00:26+00:00","og_image":[{"url":"http:\/\/www.bellunopress.it\/wp-content\/uploads\/2018\/09\/Mario-Pozza.jpg","type":"","width":"","height":""}],"author":"redazione","twitter_card":"summary_large_image","twitter_creator":"@bellunopress","twitter_site":"@bellunopress","twitter_misc":{"\u00c9crit par":"redazione","Dur\u00e9e de lecture estim\u00e9e":"3 minutes"},"schema":{"@context":"https:\/\/schema.org","@graph":[{"@type":"Article","@id":"https:\/\/www.bellunopress.it\/2019\/12\/16\/il-commercio-estero-trevigiano-e-bellunese-nei-primi-9-mesi-del-2019-mario-pozza-treviso-in-stagnazione-bene-locchialeria-a-belluno\/#article","isPartOf":{"@id":"https:\/\/www.bellunopress.it\/2019\/12\/16\/il-commercio-estero-trevigiano-e-bellunese-nei-primi-9-mesi-del-2019-mario-pozza-treviso-in-stagnazione-bene-locchialeria-a-belluno\/"},"author":{"name":"redazione","@id":"https:\/\/www.bellunopress.it\/#\/schema\/person\/79bb06722b37ece1c03d3e94beb30d73"},"headline":"Il commercio estero trevigiano e bellunese nei primi 9 mesi del 2019.\u00a0Mario Pozza: &#8220;Treviso in stagnazione, bene l&#8217;occhialeria a Belluno&#8221;","datePublished":"2019-12-16T15:00:26+00:00","mainEntityOfPage":{"@id":"https:\/\/www.bellunopress.it\/2019\/12\/16\/il-commercio-estero-trevigiano-e-bellunese-nei-primi-9-mesi-del-2019-mario-pozza-treviso-in-stagnazione-bene-locchialeria-a-belluno\/"},"wordCount":576,"publisher":{"@id":"https:\/\/www.bellunopress.it\/#organization"},"image":{"@id":"https:\/\/www.bellunopress.it\/2019\/12\/16\/il-commercio-estero-trevigiano-e-bellunese-nei-primi-9-mesi-del-2019-mario-pozza-treviso-in-stagnazione-bene-locchialeria-a-belluno\/#primaryimage"},"thumbnailUrl":"http:\/\/www.bellunopress.it\/wp-content\/uploads\/2018\/09\/Mario-Pozza.jpg","articleSection":["Lavoro, Economia, Turismo","Prima Pagina"],"inLanguage":"fr-FR"},{"@type":"WebPage","@id":"https:\/\/www.bellunopress.it\/2019\/12\/16\/il-commercio-estero-trevigiano-e-bellunese-nei-primi-9-mesi-del-2019-mario-pozza-treviso-in-stagnazione-bene-locchialeria-a-belluno\/","url":"https:\/\/www.bellunopress.it\/2019\/12\/16\/il-commercio-estero-trevigiano-e-bellunese-nei-primi-9-mesi-del-2019-mario-pozza-treviso-in-stagnazione-bene-locchialeria-a-belluno\/","name":"Il commercio estero trevigiano e bellunese nei primi 9 mesi del 2019.\u00a0Mario Pozza: \"Treviso in stagnazione, bene l'occhialeria a Belluno\" - Bellunopress - Dolomiti","isPartOf":{"@id":"https:\/\/www.bellunopress.it\/#website"},"primaryImageOfPage":{"@id":"https:\/\/www.bellunopress.it\/2019\/12\/16\/il-commercio-estero-trevigiano-e-bellunese-nei-primi-9-mesi-del-2019-mario-pozza-treviso-in-stagnazione-bene-locchialeria-a-belluno\/#primaryimage"},"image":{"@id":"https:\/\/www.bellunopress.it\/2019\/12\/16\/il-commercio-estero-trevigiano-e-bellunese-nei-primi-9-mesi-del-2019-mario-pozza-treviso-in-stagnazione-bene-locchialeria-a-belluno\/#primaryimage"},"thumbnailUrl":"http:\/\/www.bellunopress.it\/wp-content\/uploads\/2018\/09\/Mario-Pozza.jpg","datePublished":"2019-12-16T15:00:26+00:00","breadcrumb":{"@id":"https:\/\/www.bellunopress.it\/2019\/12\/16\/il-commercio-estero-trevigiano-e-bellunese-nei-primi-9-mesi-del-2019-mario-pozza-treviso-in-stagnazione-bene-locchialeria-a-belluno\/#breadcrumb"},"inLanguage":"fr-FR","potentialAction":[{"@type":"ReadAction","target":["https:\/\/www.bellunopress.it\/2019\/12\/16\/il-commercio-estero-trevigiano-e-bellunese-nei-primi-9-mesi-del-2019-mario-pozza-treviso-in-stagnazione-bene-locchialeria-a-belluno\/"]}]},{"@type":"ImageObject","inLanguage":"fr-FR","@id":"https:\/\/www.bellunopress.it\/2019\/12\/16\/il-commercio-estero-trevigiano-e-bellunese-nei-primi-9-mesi-del-2019-mario-pozza-treviso-in-stagnazione-bene-locchialeria-a-belluno\/#primaryimage","url":"http:\/\/www.bellunopress.it\/wp-content\/uploads\/2018\/09\/Mario-Pozza.jpg","contentUrl":"http:\/\/www.bellunopress.it\/wp-content\/uploads\/2018\/09\/Mario-Pozza.jpg"},{"@type":"BreadcrumbList","@id":"https:\/\/www.bellunopress.it\/2019\/12\/16\/il-commercio-estero-trevigiano-e-bellunese-nei-primi-9-mesi-del-2019-mario-pozza-treviso-in-stagnazione-bene-locchialeria-a-belluno\/#breadcrumb","itemListElement":[{"@type":"ListItem","position":1,"name":"Home","item":"https:\/\/www.bellunopress.it\/"},{"@type":"ListItem","position":2,"name":"Il commercio estero trevigiano e bellunese nei primi 9 mesi del 2019.\u00a0Mario Pozza: &#8220;Treviso in stagnazione, bene l&#8217;occhialeria a Belluno&#8221;"}]},{"@type":"WebSite","@id":"https:\/\/www.bellunopress.it\/#website","url":"https:\/\/www.bellunopress.it\/","name":"Bellunopress - Dolomiti","description":"e-mail: redazione@bellunopress.it","publisher":{"@id":"https:\/\/www.bellunopress.it\/#organization"},"potentialAction":[{"@type":"SearchAction","target":{"@type":"EntryPoint","urlTemplate":"https:\/\/www.bellunopress.it\/?s={search_term_string}"},"query-input":{"@type":"PropertyValueSpecification","valueRequired":true,"valueName":"search_term_string"}}],"inLanguage":"fr-FR"},{"@type":"Organization","@id":"https:\/\/www.bellunopress.it\/#organization","name":"Bellunopress","url":"https:\/\/www.bellunopress.it\/","logo":{"@type":"ImageObject","inLanguage":"fr-FR","@id":"https:\/\/www.bellunopress.it\/#\/schema\/logo\/image\/","url":"https:\/\/www.bellunopress.it\/wp-content\/uploads\/2011\/05\/cropped-logo-bellunopress-.jpg","contentUrl":"https:\/\/www.bellunopress.it\/wp-content\/uploads\/2011\/05\/cropped-logo-bellunopress-.jpg","width":512,"height":512,"caption":"Bellunopress"},"image":{"@id":"https:\/\/www.bellunopress.it\/#\/schema\/logo\/image\/"},"sameAs":["https:\/\/www.facebook.com\/profile.php?id=100008943462799","https:\/\/x.com\/bellunopress","https:\/\/www.linkedin.com\/hp\/?dnr=JBzUWaJfMUw8vbXJJ2tVW5-I3jZKvC4wsoxE&amp;amp;amp;amp;amp;amp;trk=nav_responsive_tab_home","https:\/\/www.youtube.com\/channel\/UCxL0wu1uN0_3_7hGG0306cw"]},{"@type":"Person","@id":"https:\/\/www.bellunopress.it\/#\/schema\/person\/79bb06722b37ece1c03d3e94beb30d73","name":"r\u00e9daction","image":{"@type":"ImageObject","inLanguage":"fr-FR","@id":"https:\/\/secure.gravatar.com\/avatar\/37d968a2e67a6fd04c169c4bdef102d0bc5d31b2546345219e348575eb80e9a0?s=96&d=mm&r=g","url":"https:\/\/secure.gravatar.com\/avatar\/37d968a2e67a6fd04c169c4bdef102d0bc5d31b2546345219e348575eb80e9a0?s=96&d=mm&r=g","contentUrl":"https:\/\/secure.gravatar.com\/avatar\/37d968a2e67a6fd04c169c4bdef102d0bc5d31b2546345219e348575eb80e9a0?s=96&d=mm&r=g","caption":"redazione"},"sameAs":["http:\/\/www.bellunopress.it","https:\/\/x.com\/bellunopress"],"url":"https:\/\/www.bellunopress.it\/fr\/author\/redazione\/"}]}},"_links":{"self":[{"href":"https:\/\/www.bellunopress.it\/fr\/wp-json\/wp\/v2\/posts\/110486","targetHints":{"allow":["GET"]}}],"collection":[{"href":"https:\/\/www.bellunopress.it\/fr\/wp-json\/wp\/v2\/posts"}],"about":[{"href":"https:\/\/www.bellunopress.it\/fr\/wp-json\/wp\/v2\/types\/post"}],"author":[{"embeddable":true,"href":"https:\/\/www.bellunopress.it\/fr\/wp-json\/wp\/v2\/users\/2"}],"replies":[{"embeddable":true,"href":"https:\/\/www.bellunopress.it\/fr\/wp-json\/wp\/v2\/comments?post=110486"}],"version-history":[{"count":1,"href":"https:\/\/www.bellunopress.it\/fr\/wp-json\/wp\/v2\/posts\/110486\/revisions"}],"predecessor-version":[{"id":110487,"href":"https:\/\/www.bellunopress.it\/fr\/wp-json\/wp\/v2\/posts\/110486\/revisions\/110487"}],"wp:attachment":[{"href":"https:\/\/www.bellunopress.it\/fr\/wp-json\/wp\/v2\/media?parent=110486"}],"wp:term":[{"taxonomy":"category","embeddable":true,"href":"https:\/\/www.bellunopress.it\/fr\/wp-json\/wp\/v2\/categories?post=110486"},{"taxonomy":"post_tag","embeddable":true,"href":"https:\/\/www.bellunopress.it\/fr\/wp-json\/wp\/v2\/tags?post=110486"}],"curies":[{"name":"wp","href":"https:\/\/api.w.org\/{rel}","templated":true}]}}