{"id":110481,"date":"2019-12-16T15:38:11","date_gmt":"2019-12-16T14:38:11","guid":{"rendered":"http:\/\/www.bellunopress.it\/?p=110481"},"modified":"2019-12-17T18:29:44","modified_gmt":"2019-12-17T17:29:44","slug":"manrico-dellagnola-dalle-dolomiti-allantartide-il-noto-alpinista-fotografo-impegnato-in-una-spedizione-esplorativo-scientifica-nella-penisola-antartica-partenza-il-28-dicembre","status":"publish","type":"post","link":"https:\/\/www.bellunopress.it\/fr\/2019\/12\/16\/manrico-dellagnola-dalle-dolomiti-allantartide-il-noto-alpinista-fotografo-impegnato-in-una-spedizione-esplorativo-scientifica-nella-penisola-antartica-partenza-il-28-dicembre\/","title":{"rendered":"Manrico Dell\u2019Agnola, dalle Dolomiti all\u2019Antartide. Il noto alpinista-fotografo impegnato in una spedizione esplorativo-scientifica nella Penisola Antartica. Partenza il 28 dicembre"},"content":{"rendered":"<p>Chi conosce Dell\u2019Agnola sa bene che non ama i luoghi freddi; meglio le soleggiate pareti Californiane del Capitan nella Yosemite Valley o le amate Dolomiti in piena estate, ma un\u2019occasione del genere non poteva essere perduta.<\/p>\n<figure id=\"attachment_52275\" aria-describedby=\"caption-attachment-52275\" style=\"width: 240px\" class=\"wp-caption alignleft\"><a href=\"http:\/\/www.bellunopress.it\/fr\/2013\/09\/05\/manrico-dellagnola-dalla-fotografia-realistica-al-surrealismo-fotografico-domenica-8-settembre-l-inaugurazione-della-mostra-al-golf-club-di-asolo\/manrico-dellagnola-leggera\/\" rel=\"attachment wp-att-52275\"><img loading=\"lazy\" decoding=\"async\" class=\"size-full wp-image-52275\" src=\"http:\/\/www.bellunopress.it\/wp-content\/uploads\/2013\/09\/manrico-dellagnola-leggera.jpg\" alt=\"\" width=\"240\" height=\"212\" \/><\/a><figcaption id=\"caption-attachment-52275\" class=\"wp-caption-text\">Manrico Dell&#8217;Agnola<\/figcaption><\/figure>\n<p>L&#8217;invito da parte del Cai di Biella, organizzatore della spedizione, e degli amici e compagni di altre esperienze in giro per il mondo, Marcello Sanguineti e Gian Luca Cavalli, \u00e8 arrivata a sorpresa ed ha richiesto un\u2019organizzazione febbrile alla quale hanno preso parte ditte importanti (Karpos, Dolomite, Scarpa, Cocoon, dF Sport Specialist, Vesuvio, Universat, Tintoria Fissaggio 2000\u2026), il Cai Nazionale il Cai Accademico e il CNR.<\/p>\n<p>Il progetto \u00e8 ambizioso: esplorare la Graham Land, la porzione di Penisola Antartica situata a nord di 66\u00b0S. In questa regione i tre scalatori hanno individuato alcuni obiettivi alpinistici interessati: pareti e addirittura montagne non ancora scalate. In particolare la spedizione si concentrer\u00e0 sulla Trinity Peninsula, dove, a Bone Bay, si ancorer\u00e0 la Ice Bird, la barca a vela che, dopo l\u2019impegnativa traversata di cinque giorni del canale di Drake, funger\u00e0 da campo base, nei momenti di riposo. Altro approdo sar\u00e0 Cuverville Island, nell\u2019area del Gerlache Strait e Port Lockroy, nella Wiencke Island.<\/p>\n<p>La spedizione, che in terra ferma si avviciner\u00e0 alle catene montuose con sci e slitte, per trasportare il tantissimo materiale occorrente per scalare e porre dei campi avanzati, avr\u00e0 anche un risvolto scientifico, che gli \u00e8 valso un finanziamento del Ministero Dell\u2019Istruzione e Ricerca (Muir) e l\u2019organizzazione logistica dell\u2019Istituto di Scienze Polari (ISP) e del Consiglio Nazionale delle Ricerche (CNR).<\/p>\n<p>Grazie alla collaborazione con il Programma Nazionale di Ricerche in Antartide e i Progetto ECOAS, TRA, Emwrging Contaminants in Antarctic Snow, Sources and TRAnsport, i tre alpinisti, durante i loro spostamenti, svolgeranno un\u2019attivit\u00e0 di prelievo di campioni di neve superficiale a diverse quote e successivo filtraggio con l\u2019obiettivo di permettere lo studio delle sorgenti e del meccanismo di trasporto a lungo raggio di nuovi contaminanti nell\u2019ambiente antartico e l\u2019analisi delle conseguenze ambientali di tali processi in aree polari e la loro gestione in aree antropizzate.<\/p>\n<p>Dell\u2019Agnola non sar\u00e0 solo impegnato alpinisticamente, ma a lui \u00e8 affidata anche la realizzazione di tutta la documentazione foto e video con la quale verr\u00e0 gestita la comunicazione in tempo reale e successivamente realizzato un documentario che racconter\u00e0 gli aspetti alpinistici, esplorativi e scientifici della spedizione.<\/p>\n<p>Poich\u00e9 i tre protagonisti vivono la passione per l\u2019alpinismo nel tempo libero, in un continuo \u2018\u2019gioco a incastri\u2019\u2019 con famiglia e lavoro, grazie alla collaborazione di Montagna TV e alla pubblicazione di un diario per podcast, cercheranno di raccontare, ogni volta che sar\u00e0 possibile, e far conoscere agli appassionati di montagna una spedizione realizzata da alpinisti in terre remote che, nell\u2019immaginari collettivo, sono solo prerogativa di chi pratica l\u2019alpinismo per professione.<\/p>\n<p>La partenza dall\u2019Italia \u00e8 prevista il 28 dicembre.<\/p>\n<p><strong>Gian Luca Cavalli<\/strong> Nato a Biella e residente a Vigliano Biellese, da pi\u00f9 di trent\u2019anni scala sulle Alpi e su montagne extraeuropee. Ha partecipato alla prima spedizione italiana su un \u201c7000\u201d, in Kazakistan, e ha preso parte ad una spedizione in Pakistan, tentando un \u201c8000\u201d. \u00c8 stato sulle montagne dell\u2019Asia Centrale per aprire vie nuove in Pamir. Ha scalato pareti di ghiaccio e roccia in Giordania, Scozia, Canada, Utah, Colorado, Nevada, Marocco e Africa Centrale. Istruttore di Alpinismo, \u00e8 Accademico del CAI, dove \u00e8 Vice-Presidente del Gruppo Occidentale ed \u00e8 stato membro della Commissione Tecnica. Appassionato di subacquea con all&#8217;attivo numerose immersioni su alti fondali e relitti. Fotografo entusiasta, organizza proiezioni e racconti dei suoi viaggi e pubblica articoli tecnici di scalata su riviste di settore.<\/p>\n<p><strong>Marcello Sanguineti<\/strong> Nato a Chiavari Genova), \u00e8 Istruttore Nazionale di Alpinismo e membro del Club Alpino Accademico Italiano(CAAI), di cui \u00e8 stato Vice-Presidente del Gruppo Occidentale e dove fa parte della Commissione Tecnica, e socio Accademico del Gruppo Italiano Scrittori di Montagna (GISM). Brand Ambassador di Karpos e Wild Climb, \u00e8 un personaggio eclettico: professore di Ricerca Operativa all\u2019Universit\u00e0 di Genova, responsabile di progetti internazionali di ottimizzazione e intelligenza artificiale e autore di oltre150 pubblicazioni scientifiche, \u00e8 alpinista di punta a 360\u00b0. Ama definirsi un \u201cmarinaio d\u2019alta quota\u201d: partendo dal \u201csuo\u201d mare di Liguria, ha scalato su Alpi, Pirenei, Montagne Rocciose Canadesi, Ande Peruviane e Boliviane, Himalaya, Karakorum, Patagonia, Scozia, Norvegia, Giordania, Oman, Marocco, Namibia, Colorado, Wyoming, Utah, Nevada, Qu\u00e9bec, Yosemite, Pamir e Tien Shan, aprendo vie di alta difficolt\u00e0 in quattro continenti. Collabora con le pi\u00f9 importanti riviste nazionali e internazionali di montagna e presenta regolarmente proiezioni, serate e conferenze sulla sua attivit\u00e0 alpinistica.<\/p>\n<p><strong>Manrico Dell\u2019Agnola<\/strong> Nato ad Agordo (Belluno), ha all\u2019attivo circa un migliaio di salite, fra cui 30 vie nuove e numerose prime italiane. Si \u00e8 specializzato nell&#8217;arrampicata veloce, sia in cordata sia in solitaria, spesso slegato. La sua esperienza alpinistica spazia fra Inghilterra, Norvegia, Giordania, Marocco, Namibia, India, Nepal, Pakistan, Tailandia, Messico, Venezuela, Per\u00f9, Cile, Argentina, USA, Canada e isola di Baffin. Ha effettuato la traversata da E a O della Groenlandia e la traversata parziale da N a S dello Hielo Patagonico Sur. Di professione fotografo, videomaker e creativo pubblicitario, collabora con riviste e aziende. \u00c8 Accademico del CAAI (Club Alpino Accademico Italiano) e socio Accademico del GISM (Gruppo Italiano Scrittori di Montagna). La sua prima opera autobiografica, \u201cUomini fuori posto\u201d, ha riscosso un notevole consenso. Nel 2019 ha scritto e diretto il cortometraggio \u201cDonnafugata\u201d, girato sulla Torre Trieste, in Dolomiti, che \u00e8 entrato a far parte delle 28 opere di alpinismo selezionate per la 67\u00b0edizione del prestigioso e storico Trento Film Festival e che ha vinto il Milano Mountain Film Festival 2019.<\/p>","protected":false},"excerpt":{"rendered":"<p>Chi conosce Dell\u2019Agnola sa bene che non ama i luoghi freddi; meglio le soleggiate pareti Californiane del Capitan nella Yosemite Valley o le amate Dolomiti in piena estate, ma un\u2019occasione del genere non poteva essere perduta. L&#8217;invito da parte del Cai di Biella, organizzatore della spedizione, e degli amici e compagni di altre esperienze in [&hellip;]<\/p>\n","protected":false},"author":2,"featured_media":0,"comment_status":"closed","ping_status":"open","sticky":false,"template":"","format":"standard","meta":{"footnotes":""},"categories":[27,4],"tags":[],"class_list":["post-110481","post","type-post","status-publish","format-standard","category-appuntamenti","category-sport"],"yoast_head":"<!-- This site is optimized with the Yoast SEO plugin v28.4 - https:\/\/yoast.com\/product\/yoast-seo-wordpress\/ -->\n<title>Manrico Dell\u2019Agnola, dalle Dolomiti all\u2019Antartide. Il noto alpinista-fotografo impegnato in una spedizione esplorativo-scientifica nella Penisola Antartica. Partenza il 28 dicembre - Bellunopress - Dolomiti<\/title>\n<meta name=\"robots\" content=\"index, follow, max-snippet:-1, max-image-preview:large, max-video-preview:-1\" \/>\n<link rel=\"canonical\" href=\"https:\/\/www.bellunopress.it\/fr\/2019\/12\/16\/manrico-dellagnola-dalle-dolomiti-allantartide-il-noto-alpinista-fotografo-impegnato-in-una-spedizione-esplorativo-scientifica-nella-penisola-antartica-partenza-il-28-dicembre\/\" \/>\n<meta property=\"og:locale\" content=\"fr_FR\" \/>\n<meta property=\"og:type\" content=\"article\" \/>\n<meta property=\"og:title\" content=\"Manrico Dell\u2019Agnola, dalle Dolomiti all\u2019Antartide. Il noto alpinista-fotografo impegnato in una spedizione esplorativo-scientifica nella Penisola Antartica. Partenza il 28 dicembre - Bellunopress - Dolomiti\" \/>\n<meta property=\"og:description\" content=\"Chi conosce Dell\u2019Agnola sa bene che non ama i luoghi freddi; meglio le soleggiate pareti Californiane del Capitan nella Yosemite Valley o le amate Dolomiti in piena estate, ma un\u2019occasione del genere non poteva essere perduta. L&#8217;invito da parte del Cai di Biella, organizzatore della spedizione, e degli amici e compagni di altre esperienze in [&hellip;]\" \/>\n<meta property=\"og:url\" content=\"https:\/\/www.bellunopress.it\/fr\/2019\/12\/16\/manrico-dellagnola-dalle-dolomiti-allantartide-il-noto-alpinista-fotografo-impegnato-in-una-spedizione-esplorativo-scientifica-nella-penisola-antartica-partenza-il-28-dicembre\/\" \/>\n<meta property=\"og:site_name\" content=\"Bellunopress - Dolomiti\" \/>\n<meta property=\"article:publisher\" content=\"https:\/\/www.facebook.com\/profile.php?id=100008943462799\" \/>\n<meta property=\"article:published_time\" content=\"2019-12-16T14:38:11+00:00\" \/>\n<meta property=\"article:modified_time\" content=\"2019-12-17T17:29:44+00:00\" \/>\n<meta property=\"og:image\" content=\"http:\/\/www.bellunopress.it\/wp-content\/uploads\/2013\/09\/manrico-dellagnola-leggera.jpg\" \/>\n<meta name=\"author\" content=\"redazione\" \/>\n<meta name=\"twitter:card\" content=\"summary_large_image\" \/>\n<meta name=\"twitter:creator\" content=\"@bellunopress\" \/>\n<meta name=\"twitter:site\" content=\"@bellunopress\" \/>\n<meta name=\"twitter:label1\" content=\"Written by\" \/>\n\t<meta name=\"twitter:data1\" content=\"redazione\" \/>\n\t<meta name=\"twitter:label2\" content=\"Est. reading time\" \/>\n\t<meta name=\"twitter:data2\" content=\"5 minutes\" \/>\n<script type=\"application\/ld+json\" class=\"yoast-schema-graph\">{\"@context\":\"https:\\\/\\\/schema.org\",\"@graph\":[{\"@type\":\"Article\",\"@id\":\"https:\\\/\\\/www.bellunopress.it\\\/2019\\\/12\\\/16\\\/manrico-dellagnola-dalle-dolomiti-allantartide-il-noto-alpinista-fotografo-impegnato-in-una-spedizione-esplorativo-scientifica-nella-penisola-antartica-partenza-il-28-dicembre\\\/#article\",\"isPartOf\":{\"@id\":\"https:\\\/\\\/www.bellunopress.it\\\/2019\\\/12\\\/16\\\/manrico-dellagnola-dalle-dolomiti-allantartide-il-noto-alpinista-fotografo-impegnato-in-una-spedizione-esplorativo-scientifica-nella-penisola-antartica-partenza-il-28-dicembre\\\/\"},\"author\":{\"name\":\"redazione\",\"@id\":\"https:\\\/\\\/www.bellunopress.it\\\/#\\\/schema\\\/person\\\/79bb06722b37ece1c03d3e94beb30d73\"},\"headline\":\"Manrico Dell\u2019Agnola, dalle Dolomiti all\u2019Antartide. Il noto alpinista-fotografo impegnato in una spedizione esplorativo-scientifica nella Penisola Antartica. Partenza il 28 dicembre\",\"datePublished\":\"2019-12-16T14:38:11+00:00\",\"dateModified\":\"2019-12-17T17:29:44+00:00\",\"mainEntityOfPage\":{\"@id\":\"https:\\\/\\\/www.bellunopress.it\\\/2019\\\/12\\\/16\\\/manrico-dellagnola-dalle-dolomiti-allantartide-il-noto-alpinista-fotografo-impegnato-in-una-spedizione-esplorativo-scientifica-nella-penisola-antartica-partenza-il-28-dicembre\\\/\"},\"wordCount\":953,\"publisher\":{\"@id\":\"https:\\\/\\\/www.bellunopress.it\\\/#organization\"},\"image\":{\"@id\":\"https:\\\/\\\/www.bellunopress.it\\\/2019\\\/12\\\/16\\\/manrico-dellagnola-dalle-dolomiti-allantartide-il-noto-alpinista-fotografo-impegnato-in-una-spedizione-esplorativo-scientifica-nella-penisola-antartica-partenza-il-28-dicembre\\\/#primaryimage\"},\"thumbnailUrl\":\"http:\\\/\\\/www.bellunopress.it\\\/wp-content\\\/uploads\\\/2013\\\/09\\\/manrico-dellagnola-leggera.jpg\",\"articleSection\":[\"Appuntamenti, Eventi\",\"Sport, tempo libero\"],\"inLanguage\":\"fr-FR\"},{\"@type\":\"WebPage\",\"@id\":\"https:\\\/\\\/www.bellunopress.it\\\/2019\\\/12\\\/16\\\/manrico-dellagnola-dalle-dolomiti-allantartide-il-noto-alpinista-fotografo-impegnato-in-una-spedizione-esplorativo-scientifica-nella-penisola-antartica-partenza-il-28-dicembre\\\/\",\"url\":\"https:\\\/\\\/www.bellunopress.it\\\/2019\\\/12\\\/16\\\/manrico-dellagnola-dalle-dolomiti-allantartide-il-noto-alpinista-fotografo-impegnato-in-una-spedizione-esplorativo-scientifica-nella-penisola-antartica-partenza-il-28-dicembre\\\/\",\"name\":\"Manrico Dell\u2019Agnola, dalle Dolomiti all\u2019Antartide. Il noto alpinista-fotografo impegnato in una spedizione esplorativo-scientifica nella Penisola Antartica. Partenza il 28 dicembre - Bellunopress - Dolomiti\",\"isPartOf\":{\"@id\":\"https:\\\/\\\/www.bellunopress.it\\\/#website\"},\"primaryImageOfPage\":{\"@id\":\"https:\\\/\\\/www.bellunopress.it\\\/2019\\\/12\\\/16\\\/manrico-dellagnola-dalle-dolomiti-allantartide-il-noto-alpinista-fotografo-impegnato-in-una-spedizione-esplorativo-scientifica-nella-penisola-antartica-partenza-il-28-dicembre\\\/#primaryimage\"},\"image\":{\"@id\":\"https:\\\/\\\/www.bellunopress.it\\\/2019\\\/12\\\/16\\\/manrico-dellagnola-dalle-dolomiti-allantartide-il-noto-alpinista-fotografo-impegnato-in-una-spedizione-esplorativo-scientifica-nella-penisola-antartica-partenza-il-28-dicembre\\\/#primaryimage\"},\"thumbnailUrl\":\"http:\\\/\\\/www.bellunopress.it\\\/wp-content\\\/uploads\\\/2013\\\/09\\\/manrico-dellagnola-leggera.jpg\",\"datePublished\":\"2019-12-16T14:38:11+00:00\",\"dateModified\":\"2019-12-17T17:29:44+00:00\",\"breadcrumb\":{\"@id\":\"https:\\\/\\\/www.bellunopress.it\\\/2019\\\/12\\\/16\\\/manrico-dellagnola-dalle-dolomiti-allantartide-il-noto-alpinista-fotografo-impegnato-in-una-spedizione-esplorativo-scientifica-nella-penisola-antartica-partenza-il-28-dicembre\\\/#breadcrumb\"},\"inLanguage\":\"fr-FR\",\"potentialAction\":[{\"@type\":\"ReadAction\",\"target\":[\"https:\\\/\\\/www.bellunopress.it\\\/2019\\\/12\\\/16\\\/manrico-dellagnola-dalle-dolomiti-allantartide-il-noto-alpinista-fotografo-impegnato-in-una-spedizione-esplorativo-scientifica-nella-penisola-antartica-partenza-il-28-dicembre\\\/\"]}]},{\"@type\":\"ImageObject\",\"inLanguage\":\"fr-FR\",\"@id\":\"https:\\\/\\\/www.bellunopress.it\\\/2019\\\/12\\\/16\\\/manrico-dellagnola-dalle-dolomiti-allantartide-il-noto-alpinista-fotografo-impegnato-in-una-spedizione-esplorativo-scientifica-nella-penisola-antartica-partenza-il-28-dicembre\\\/#primaryimage\",\"url\":\"http:\\\/\\\/www.bellunopress.it\\\/wp-content\\\/uploads\\\/2013\\\/09\\\/manrico-dellagnola-leggera.jpg\",\"contentUrl\":\"http:\\\/\\\/www.bellunopress.it\\\/wp-content\\\/uploads\\\/2013\\\/09\\\/manrico-dellagnola-leggera.jpg\"},{\"@type\":\"BreadcrumbList\",\"@id\":\"https:\\\/\\\/www.bellunopress.it\\\/2019\\\/12\\\/16\\\/manrico-dellagnola-dalle-dolomiti-allantartide-il-noto-alpinista-fotografo-impegnato-in-una-spedizione-esplorativo-scientifica-nella-penisola-antartica-partenza-il-28-dicembre\\\/#breadcrumb\",\"itemListElement\":[{\"@type\":\"ListItem\",\"position\":1,\"name\":\"Home\",\"item\":\"https:\\\/\\\/www.bellunopress.it\\\/\"},{\"@type\":\"ListItem\",\"position\":2,\"name\":\"Manrico Dell\u2019Agnola, dalle Dolomiti all\u2019Antartide. Il noto alpinista-fotografo impegnato in una spedizione esplorativo-scientifica nella Penisola Antartica. Partenza il 28 dicembre\"}]},{\"@type\":\"WebSite\",\"@id\":\"https:\\\/\\\/www.bellunopress.it\\\/#website\",\"url\":\"https:\\\/\\\/www.bellunopress.it\\\/\",\"name\":\"Bellunopress - Dolomiti\",\"description\":\"e-mail: redazione@bellunopress.it\",\"publisher\":{\"@id\":\"https:\\\/\\\/www.bellunopress.it\\\/#organization\"},\"potentialAction\":[{\"@type\":\"SearchAction\",\"target\":{\"@type\":\"EntryPoint\",\"urlTemplate\":\"https:\\\/\\\/www.bellunopress.it\\\/?s={search_term_string}\"},\"query-input\":{\"@type\":\"PropertyValueSpecification\",\"valueRequired\":true,\"valueName\":\"search_term_string\"}}],\"inLanguage\":\"fr-FR\"},{\"@type\":\"Organization\",\"@id\":\"https:\\\/\\\/www.bellunopress.it\\\/#organization\",\"name\":\"Bellunopress\",\"url\":\"https:\\\/\\\/www.bellunopress.it\\\/\",\"logo\":{\"@type\":\"ImageObject\",\"inLanguage\":\"fr-FR\",\"@id\":\"https:\\\/\\\/www.bellunopress.it\\\/#\\\/schema\\\/logo\\\/image\\\/\",\"url\":\"https:\\\/\\\/www.bellunopress.it\\\/wp-content\\\/uploads\\\/2011\\\/05\\\/cropped-logo-bellunopress-.jpg\",\"contentUrl\":\"https:\\\/\\\/www.bellunopress.it\\\/wp-content\\\/uploads\\\/2011\\\/05\\\/cropped-logo-bellunopress-.jpg\",\"width\":512,\"height\":512,\"caption\":\"Bellunopress\"},\"image\":{\"@id\":\"https:\\\/\\\/www.bellunopress.it\\\/#\\\/schema\\\/logo\\\/image\\\/\"},\"sameAs\":[\"https:\\\/\\\/www.facebook.com\\\/profile.php?id=100008943462799\",\"https:\\\/\\\/x.com\\\/bellunopress\",\"https:\\\/\\\/www.linkedin.com\\\/hp\\\/?dnr=JBzUWaJfMUw8vbXJJ2tVW5-I3jZKvC4wsoxE&amp;amp;amp;amp;amp;amp;trk=nav_responsive_tab_home\",\"https:\\\/\\\/www.youtube.com\\\/channel\\\/UCxL0wu1uN0_3_7hGG0306cw\"]},{\"@type\":\"Person\",\"@id\":\"https:\\\/\\\/www.bellunopress.it\\\/#\\\/schema\\\/person\\\/79bb06722b37ece1c03d3e94beb30d73\",\"name\":\"redazione\",\"image\":{\"@type\":\"ImageObject\",\"inLanguage\":\"fr-FR\",\"@id\":\"https:\\\/\\\/secure.gravatar.com\\\/avatar\\\/37d968a2e67a6fd04c169c4bdef102d0bc5d31b2546345219e348575eb80e9a0?s=96&d=mm&r=g\",\"url\":\"https:\\\/\\\/secure.gravatar.com\\\/avatar\\\/37d968a2e67a6fd04c169c4bdef102d0bc5d31b2546345219e348575eb80e9a0?s=96&d=mm&r=g\",\"contentUrl\":\"https:\\\/\\\/secure.gravatar.com\\\/avatar\\\/37d968a2e67a6fd04c169c4bdef102d0bc5d31b2546345219e348575eb80e9a0?s=96&d=mm&r=g\",\"caption\":\"redazione\"},\"sameAs\":[\"http:\\\/\\\/www.bellunopress.it\",\"https:\\\/\\\/x.com\\\/bellunopress\"],\"url\":\"https:\\\/\\\/www.bellunopress.it\\\/fr\\\/author\\\/redazione\\\/\"}]}<\/script>\n<!-- \/ Yoast SEO plugin. -->","yoast_head_json":{"title":"Manrico Dell\u2019Agnola, dalle Dolomiti all\u2019Antartide. Il noto alpinista-fotografo impegnato in una spedizione esplorativo-scientifica nella Penisola Antartica. Partenza il 28 dicembre - Bellunopress - Dolomiti","robots":{"index":"index","follow":"follow","max-snippet":"max-snippet:-1","max-image-preview":"max-image-preview:large","max-video-preview":"max-video-preview:-1"},"canonical":"https:\/\/www.bellunopress.it\/fr\/2019\/12\/16\/manrico-dellagnola-dalle-dolomiti-allantartide-il-noto-alpinista-fotografo-impegnato-in-una-spedizione-esplorativo-scientifica-nella-penisola-antartica-partenza-il-28-dicembre\/","og_locale":"fr_FR","og_type":"article","og_title":"Manrico Dell\u2019Agnola, dalle Dolomiti all\u2019Antartide. Il noto alpinista-fotografo impegnato in una spedizione esplorativo-scientifica nella Penisola Antartica. Partenza il 28 dicembre - Bellunopress - Dolomiti","og_description":"Chi conosce Dell\u2019Agnola sa bene che non ama i luoghi freddi; meglio le soleggiate pareti Californiane del Capitan nella Yosemite Valley o le amate Dolomiti in piena estate, ma un\u2019occasione del genere non poteva essere perduta. L&#8217;invito da parte del Cai di Biella, organizzatore della spedizione, e degli amici e compagni di altre esperienze in [&hellip;]","og_url":"https:\/\/www.bellunopress.it\/fr\/2019\/12\/16\/manrico-dellagnola-dalle-dolomiti-allantartide-il-noto-alpinista-fotografo-impegnato-in-una-spedizione-esplorativo-scientifica-nella-penisola-antartica-partenza-il-28-dicembre\/","og_site_name":"Bellunopress - Dolomiti","article_publisher":"https:\/\/www.facebook.com\/profile.php?id=100008943462799","article_published_time":"2019-12-16T14:38:11+00:00","article_modified_time":"2019-12-17T17:29:44+00:00","og_image":[{"url":"http:\/\/www.bellunopress.it\/wp-content\/uploads\/2013\/09\/manrico-dellagnola-leggera.jpg","type":"","width":"","height":""}],"author":"redazione","twitter_card":"summary_large_image","twitter_creator":"@bellunopress","twitter_site":"@bellunopress","twitter_misc":{"Written by":"redazione","Est. reading time":"5 minutes"},"schema":{"@context":"https:\/\/schema.org","@graph":[{"@type":"Article","@id":"https:\/\/www.bellunopress.it\/2019\/12\/16\/manrico-dellagnola-dalle-dolomiti-allantartide-il-noto-alpinista-fotografo-impegnato-in-una-spedizione-esplorativo-scientifica-nella-penisola-antartica-partenza-il-28-dicembre\/#article","isPartOf":{"@id":"https:\/\/www.bellunopress.it\/2019\/12\/16\/manrico-dellagnola-dalle-dolomiti-allantartide-il-noto-alpinista-fotografo-impegnato-in-una-spedizione-esplorativo-scientifica-nella-penisola-antartica-partenza-il-28-dicembre\/"},"author":{"name":"redazione","@id":"https:\/\/www.bellunopress.it\/#\/schema\/person\/79bb06722b37ece1c03d3e94beb30d73"},"headline":"Manrico Dell\u2019Agnola, dalle Dolomiti all\u2019Antartide. Il noto alpinista-fotografo impegnato in una spedizione esplorativo-scientifica nella Penisola Antartica. Partenza il 28 dicembre","datePublished":"2019-12-16T14:38:11+00:00","dateModified":"2019-12-17T17:29:44+00:00","mainEntityOfPage":{"@id":"https:\/\/www.bellunopress.it\/2019\/12\/16\/manrico-dellagnola-dalle-dolomiti-allantartide-il-noto-alpinista-fotografo-impegnato-in-una-spedizione-esplorativo-scientifica-nella-penisola-antartica-partenza-il-28-dicembre\/"},"wordCount":953,"publisher":{"@id":"https:\/\/www.bellunopress.it\/#organization"},"image":{"@id":"https:\/\/www.bellunopress.it\/2019\/12\/16\/manrico-dellagnola-dalle-dolomiti-allantartide-il-noto-alpinista-fotografo-impegnato-in-una-spedizione-esplorativo-scientifica-nella-penisola-antartica-partenza-il-28-dicembre\/#primaryimage"},"thumbnailUrl":"http:\/\/www.bellunopress.it\/wp-content\/uploads\/2013\/09\/manrico-dellagnola-leggera.jpg","articleSection":["Appuntamenti, Eventi","Sport, tempo libero"],"inLanguage":"fr-FR"},{"@type":"WebPage","@id":"https:\/\/www.bellunopress.it\/2019\/12\/16\/manrico-dellagnola-dalle-dolomiti-allantartide-il-noto-alpinista-fotografo-impegnato-in-una-spedizione-esplorativo-scientifica-nella-penisola-antartica-partenza-il-28-dicembre\/","url":"https:\/\/www.bellunopress.it\/2019\/12\/16\/manrico-dellagnola-dalle-dolomiti-allantartide-il-noto-alpinista-fotografo-impegnato-in-una-spedizione-esplorativo-scientifica-nella-penisola-antartica-partenza-il-28-dicembre\/","name":"Manrico Dell\u2019Agnola, dalle Dolomiti all\u2019Antartide. Il noto alpinista-fotografo impegnato in una spedizione esplorativo-scientifica nella Penisola Antartica. Partenza il 28 dicembre - Bellunopress - Dolomiti","isPartOf":{"@id":"https:\/\/www.bellunopress.it\/#website"},"primaryImageOfPage":{"@id":"https:\/\/www.bellunopress.it\/2019\/12\/16\/manrico-dellagnola-dalle-dolomiti-allantartide-il-noto-alpinista-fotografo-impegnato-in-una-spedizione-esplorativo-scientifica-nella-penisola-antartica-partenza-il-28-dicembre\/#primaryimage"},"image":{"@id":"https:\/\/www.bellunopress.it\/2019\/12\/16\/manrico-dellagnola-dalle-dolomiti-allantartide-il-noto-alpinista-fotografo-impegnato-in-una-spedizione-esplorativo-scientifica-nella-penisola-antartica-partenza-il-28-dicembre\/#primaryimage"},"thumbnailUrl":"http:\/\/www.bellunopress.it\/wp-content\/uploads\/2013\/09\/manrico-dellagnola-leggera.jpg","datePublished":"2019-12-16T14:38:11+00:00","dateModified":"2019-12-17T17:29:44+00:00","breadcrumb":{"@id":"https:\/\/www.bellunopress.it\/2019\/12\/16\/manrico-dellagnola-dalle-dolomiti-allantartide-il-noto-alpinista-fotografo-impegnato-in-una-spedizione-esplorativo-scientifica-nella-penisola-antartica-partenza-il-28-dicembre\/#breadcrumb"},"inLanguage":"fr-FR","potentialAction":[{"@type":"ReadAction","target":["https:\/\/www.bellunopress.it\/2019\/12\/16\/manrico-dellagnola-dalle-dolomiti-allantartide-il-noto-alpinista-fotografo-impegnato-in-una-spedizione-esplorativo-scientifica-nella-penisola-antartica-partenza-il-28-dicembre\/"]}]},{"@type":"ImageObject","inLanguage":"fr-FR","@id":"https:\/\/www.bellunopress.it\/2019\/12\/16\/manrico-dellagnola-dalle-dolomiti-allantartide-il-noto-alpinista-fotografo-impegnato-in-una-spedizione-esplorativo-scientifica-nella-penisola-antartica-partenza-il-28-dicembre\/#primaryimage","url":"http:\/\/www.bellunopress.it\/wp-content\/uploads\/2013\/09\/manrico-dellagnola-leggera.jpg","contentUrl":"http:\/\/www.bellunopress.it\/wp-content\/uploads\/2013\/09\/manrico-dellagnola-leggera.jpg"},{"@type":"BreadcrumbList","@id":"https:\/\/www.bellunopress.it\/2019\/12\/16\/manrico-dellagnola-dalle-dolomiti-allantartide-il-noto-alpinista-fotografo-impegnato-in-una-spedizione-esplorativo-scientifica-nella-penisola-antartica-partenza-il-28-dicembre\/#breadcrumb","itemListElement":[{"@type":"ListItem","position":1,"name":"Home","item":"https:\/\/www.bellunopress.it\/"},{"@type":"ListItem","position":2,"name":"Manrico Dell\u2019Agnola, dalle Dolomiti all\u2019Antartide. Il noto alpinista-fotografo impegnato in una spedizione esplorativo-scientifica nella Penisola Antartica. Partenza il 28 dicembre"}]},{"@type":"WebSite","@id":"https:\/\/www.bellunopress.it\/#website","url":"https:\/\/www.bellunopress.it\/","name":"Bellunopress - Dolomiti","description":"e-mail: redazione@bellunopress.it","publisher":{"@id":"https:\/\/www.bellunopress.it\/#organization"},"potentialAction":[{"@type":"SearchAction","target":{"@type":"EntryPoint","urlTemplate":"https:\/\/www.bellunopress.it\/?s={search_term_string}"},"query-input":{"@type":"PropertyValueSpecification","valueRequired":true,"valueName":"search_term_string"}}],"inLanguage":"fr-FR"},{"@type":"Organization","@id":"https:\/\/www.bellunopress.it\/#organization","name":"Bellunopress","url":"https:\/\/www.bellunopress.it\/","logo":{"@type":"ImageObject","inLanguage":"fr-FR","@id":"https:\/\/www.bellunopress.it\/#\/schema\/logo\/image\/","url":"https:\/\/www.bellunopress.it\/wp-content\/uploads\/2011\/05\/cropped-logo-bellunopress-.jpg","contentUrl":"https:\/\/www.bellunopress.it\/wp-content\/uploads\/2011\/05\/cropped-logo-bellunopress-.jpg","width":512,"height":512,"caption":"Bellunopress"},"image":{"@id":"https:\/\/www.bellunopress.it\/#\/schema\/logo\/image\/"},"sameAs":["https:\/\/www.facebook.com\/profile.php?id=100008943462799","https:\/\/x.com\/bellunopress","https:\/\/www.linkedin.com\/hp\/?dnr=JBzUWaJfMUw8vbXJJ2tVW5-I3jZKvC4wsoxE&amp;amp;amp;amp;amp;amp;trk=nav_responsive_tab_home","https:\/\/www.youtube.com\/channel\/UCxL0wu1uN0_3_7hGG0306cw"]},{"@type":"Person","@id":"https:\/\/www.bellunopress.it\/#\/schema\/person\/79bb06722b37ece1c03d3e94beb30d73","name":"r\u00e9daction","image":{"@type":"ImageObject","inLanguage":"fr-FR","@id":"https:\/\/secure.gravatar.com\/avatar\/37d968a2e67a6fd04c169c4bdef102d0bc5d31b2546345219e348575eb80e9a0?s=96&d=mm&r=g","url":"https:\/\/secure.gravatar.com\/avatar\/37d968a2e67a6fd04c169c4bdef102d0bc5d31b2546345219e348575eb80e9a0?s=96&d=mm&r=g","contentUrl":"https:\/\/secure.gravatar.com\/avatar\/37d968a2e67a6fd04c169c4bdef102d0bc5d31b2546345219e348575eb80e9a0?s=96&d=mm&r=g","caption":"redazione"},"sameAs":["http:\/\/www.bellunopress.it","https:\/\/x.com\/bellunopress"],"url":"https:\/\/www.bellunopress.it\/fr\/author\/redazione\/"}]}},"_links":{"self":[{"href":"https:\/\/www.bellunopress.it\/fr\/wp-json\/wp\/v2\/posts\/110481","targetHints":{"allow":["GET"]}}],"collection":[{"href":"https:\/\/www.bellunopress.it\/fr\/wp-json\/wp\/v2\/posts"}],"about":[{"href":"https:\/\/www.bellunopress.it\/fr\/wp-json\/wp\/v2\/types\/post"}],"author":[{"embeddable":true,"href":"https:\/\/www.bellunopress.it\/fr\/wp-json\/wp\/v2\/users\/2"}],"replies":[{"embeddable":true,"href":"https:\/\/www.bellunopress.it\/fr\/wp-json\/wp\/v2\/comments?post=110481"}],"version-history":[{"count":2,"href":"https:\/\/www.bellunopress.it\/fr\/wp-json\/wp\/v2\/posts\/110481\/revisions"}],"predecessor-version":[{"id":110483,"href":"https:\/\/www.bellunopress.it\/fr\/wp-json\/wp\/v2\/posts\/110481\/revisions\/110483"}],"wp:attachment":[{"href":"https:\/\/www.bellunopress.it\/fr\/wp-json\/wp\/v2\/media?parent=110481"}],"wp:term":[{"taxonomy":"category","embeddable":true,"href":"https:\/\/www.bellunopress.it\/fr\/wp-json\/wp\/v2\/categories?post=110481"},{"taxonomy":"post_tag","embeddable":true,"href":"https:\/\/www.bellunopress.it\/fr\/wp-json\/wp\/v2\/tags?post=110481"}],"curies":[{"name":"wp","href":"https:\/\/api.w.org\/{rel}","templated":true}]}}