{"id":11048,"date":"2009-12-28T20:31:17","date_gmt":"2009-12-28T19:31:17","guid":{"rendered":"http:\/\/www.bellunopress.it\/?p=11048"},"modified":"2009-12-28T20:31:17","modified_gmt":"2009-12-28T19:31:17","slug":"diffusione-della-rabbia-silvestre-distribuiti-in-tutte-le-farmacie-della-provincia-i-depliant-con-le-informazioni-per-la-prevenzione-e-il-controllo","status":"publish","type":"post","link":"https:\/\/www.bellunopress.it\/fr\/2009\/12\/28\/diffusione-della-rabbia-silvestre-distribuiti-in-tutte-le-farmacie-della-provincia-i-depliant-con-le-informazioni-per-la-prevenzione-e-il-controllo\/","title":{"rendered":"Diffusione della rabbia silvestre: distribuiti in tutte le farmacie della provincia i depliant con le informazioni per la prevenzione e il controllo"},"content":{"rendered":"<p>Nella provincia di Belluno, l&#8217;unica in Veneto, sono stati diagnosticati, fino al 27 dicembre 2009, 29 casi di rabbia silvestre, 3 in animali domestici (due cani e un asino), 26 in selvatici (25 volpi e un tasso). I nostri territori, al pari delle vicine province di Pordenone e Udine da dove proviene il contagio, sono zone infette per cui \u00e8 necessario porre in atto tutte le azioni di prevenzione e controllo della diffusione. Per collaborare con le aziende sanitarie locali e favorire una maggiore consapevolezza sul fenomeno, a partire da questa settimana le farmacie bellunesi distribuiranno un pieghevole contenente tutte le informazioni in merito. \u201cAnche in questo caso imprevedibile e assolutamente prioritario per la nostra provincia, la farmacia, cui si rivolgono sovente proprietari di animali domestici per avere chiarimenti, si dimostra un importante mezzo per veicolare le informazioni di carattere sanitario utili e urgenti per tutta la popolazione \u2013 afferma il presidente di Federfarma Belluno Roberto Grubissa \u2013 al fine di supportare il lavoro svolto nella pratica dai servizi veterinari delle aziende sanitarie\u201d. \u201cLe azioni messe in atto sono tre \u2013 spiega Luigi Cazzola, direttore del Dipartimento di prevenzione dell&#8217;Ulss 2 di Feltre \u2013 innanzi tutto l&#8217;incentivazione al monitoraggio della malattia, con la raccolta delle carcasse dei selvatici per la ricerca del virus. Poi la vaccinazione dei selvatici mediante esche per le volpi, un sistema che si \u00e8 dimostrato efficace in Austria e Slovenia e che permette di ridurre il diffondersi, poich\u00e9 gli animali infetti muoiono, mentre quelli non contagiati e vaccinati riescono a contrastare la malattia. Infine la vaccinazione degli animali domestici che possono venire in contatto con i selvatici da fare nei tempi pi\u00f9 rapidi possibili, obbligatoria per i cani, raccomandata anche per i gatti\u201d. A primavera verranno sottoposti a vaccinazione precontagio anche per gli animali diretti ai pascoli in quota: \u201cDurante l&#8217;inverno moriranno molte volpi infette \u2013 continua Luigi Cazzola \u2013 ma \u00e8 fondamentale proseguire nelle azioni di sorveglianza e controllo almeno per tre anni dall&#8217;ultimo caso accertato. Parallelamente sono state messe in atto anche le procedure per ridurre ed eliminare il rischio di trasmissione del virus all&#8217;uomo. I Servizi igiene pubblica delle Ulss 1 e 2 hanno informato con lettera gli enti interessati e i singoli professionisti sull&#8217;opportunit\u00e0 di una vaccinazione precontagio, in particolar modo per chi viene in contatto con gli animali a rischio: guardie forestali, guardiacaccia, boscaioli, veterinari, speleologi. I medici del Pronto soccorso e di famiglia sono inoltre stati allertati in caso si presentino persone con lesioni da morso\u201d.<\/p>","protected":false},"excerpt":{"rendered":"<p>Nella provincia di Belluno, l&#8217;unica in Veneto, sono stati diagnosticati, fino al 27 dicembre 2009, 29 casi di rabbia silvestre, 3 in animali domestici (due cani e un asino), 26 in selvatici (25 volpi e un tasso). I nostri territori, al pari delle vicine province di Pordenone e Udine da dove proviene il contagio, sono [&hellip;]<\/p>\n","protected":false},"author":2,"featured_media":0,"comment_status":"closed","ping_status":"open","sticky":false,"template":"","format":"standard","meta":{"footnotes":""},"categories":[26,17],"tags":[3050],"class_list":["post-11048","post","type-post","status-publish","format-standard","category-prima-pagina","category-sanita","tag-sanita"],"yoast_head":"<!-- This site is optimized with the Yoast SEO plugin v28.4 - https:\/\/yoast.com\/product\/yoast-seo-wordpress\/ -->\n<title>Diffusione della rabbia silvestre: distribuiti in tutte le farmacie della provincia i depliant con le informazioni per la prevenzione e il controllo - Bellunopress - Dolomiti<\/title>\n<meta name=\"robots\" content=\"index, follow, max-snippet:-1, max-image-preview:large, max-video-preview:-1\" \/>\n<link rel=\"canonical\" href=\"https:\/\/www.bellunopress.it\/fr\/2009\/12\/28\/diffusione-della-rabbia-silvestre-distribuiti-in-tutte-le-farmacie-della-provincia-i-depliant-con-le-informazioni-per-la-prevenzione-e-il-controllo\/\" \/>\n<meta property=\"og:locale\" content=\"fr_FR\" \/>\n<meta property=\"og:type\" content=\"article\" \/>\n<meta property=\"og:title\" content=\"Diffusione della rabbia silvestre: distribuiti in tutte le farmacie della provincia i depliant con le informazioni per la prevenzione e il controllo - Bellunopress - Dolomiti\" \/>\n<meta property=\"og:description\" content=\"Nella provincia di Belluno, l&#8217;unica in Veneto, sono stati diagnosticati, fino al 27 dicembre 2009, 29 casi di rabbia silvestre, 3 in animali domestici (due cani e un asino), 26 in selvatici (25 volpi e un tasso). I nostri territori, al pari delle vicine province di Pordenone e Udine da dove proviene il contagio, sono [&hellip;]\" \/>\n<meta property=\"og:url\" content=\"https:\/\/www.bellunopress.it\/fr\/2009\/12\/28\/diffusione-della-rabbia-silvestre-distribuiti-in-tutte-le-farmacie-della-provincia-i-depliant-con-le-informazioni-per-la-prevenzione-e-il-controllo\/\" \/>\n<meta property=\"og:site_name\" content=\"Bellunopress - Dolomiti\" \/>\n<meta property=\"article:publisher\" content=\"https:\/\/www.facebook.com\/profile.php?id=100008943462799\" \/>\n<meta property=\"article:published_time\" content=\"2009-12-28T19:31:17+00:00\" \/>\n<meta property=\"og:image\" content=\"http:\/\/www.bellunopress.it\/wp-content\/uploads\/2012\/07\/logo-bellunopress-250x250-2012.jpg\" \/>\n<meta name=\"author\" content=\"redazione\" \/>\n<meta name=\"twitter:card\" content=\"summary_large_image\" \/>\n<meta name=\"twitter:creator\" content=\"@bellunopress\" \/>\n<meta name=\"twitter:site\" content=\"@bellunopress\" \/>\n<meta name=\"twitter:label1\" content=\"\u00c9crit par\" \/>\n\t<meta name=\"twitter:data1\" content=\"redazione\" \/>\n\t<meta name=\"twitter:label2\" content=\"Dur\u00e9e de lecture estim\u00e9e\" \/>\n\t<meta name=\"twitter:data2\" content=\"2 minutes\" \/>\n<script type=\"application\/ld+json\" class=\"yoast-schema-graph\">{\"@context\":\"https:\\\/\\\/schema.org\",\"@graph\":[{\"@type\":\"Article\",\"@id\":\"https:\\\/\\\/www.bellunopress.it\\\/2009\\\/12\\\/28\\\/diffusione-della-rabbia-silvestre-distribuiti-in-tutte-le-farmacie-della-provincia-i-depliant-con-le-informazioni-per-la-prevenzione-e-il-controllo\\\/#article\",\"isPartOf\":{\"@id\":\"https:\\\/\\\/www.bellunopress.it\\\/2009\\\/12\\\/28\\\/diffusione-della-rabbia-silvestre-distribuiti-in-tutte-le-farmacie-della-provincia-i-depliant-con-le-informazioni-per-la-prevenzione-e-il-controllo\\\/\"},\"author\":{\"name\":\"redazione\",\"@id\":\"https:\\\/\\\/www.bellunopress.it\\\/#\\\/schema\\\/person\\\/79bb06722b37ece1c03d3e94beb30d73\"},\"headline\":\"Diffusione della rabbia silvestre: distribuiti in tutte le farmacie della provincia i depliant con le informazioni per la prevenzione e il controllo\",\"datePublished\":\"2009-12-28T19:31:17+00:00\",\"mainEntityOfPage\":{\"@id\":\"https:\\\/\\\/www.bellunopress.it\\\/2009\\\/12\\\/28\\\/diffusione-della-rabbia-silvestre-distribuiti-in-tutte-le-farmacie-della-provincia-i-depliant-con-le-informazioni-per-la-prevenzione-e-il-controllo\\\/\"},\"wordCount\":427,\"publisher\":{\"@id\":\"https:\\\/\\\/www.bellunopress.it\\\/#organization\"},\"keywords\":[\"Sanit\u00e0\"],\"articleSection\":[\"Prima Pagina\",\"Sanit\u00e0 Medicina\"],\"inLanguage\":\"fr-FR\"},{\"@type\":\"WebPage\",\"@id\":\"https:\\\/\\\/www.bellunopress.it\\\/2009\\\/12\\\/28\\\/diffusione-della-rabbia-silvestre-distribuiti-in-tutte-le-farmacie-della-provincia-i-depliant-con-le-informazioni-per-la-prevenzione-e-il-controllo\\\/\",\"url\":\"https:\\\/\\\/www.bellunopress.it\\\/2009\\\/12\\\/28\\\/diffusione-della-rabbia-silvestre-distribuiti-in-tutte-le-farmacie-della-provincia-i-depliant-con-le-informazioni-per-la-prevenzione-e-il-controllo\\\/\",\"name\":\"Diffusione della rabbia silvestre: distribuiti in tutte le farmacie della provincia i depliant con le informazioni per la prevenzione e il controllo - Bellunopress - Dolomiti\",\"isPartOf\":{\"@id\":\"https:\\\/\\\/www.bellunopress.it\\\/#website\"},\"datePublished\":\"2009-12-28T19:31:17+00:00\",\"breadcrumb\":{\"@id\":\"https:\\\/\\\/www.bellunopress.it\\\/2009\\\/12\\\/28\\\/diffusione-della-rabbia-silvestre-distribuiti-in-tutte-le-farmacie-della-provincia-i-depliant-con-le-informazioni-per-la-prevenzione-e-il-controllo\\\/#breadcrumb\"},\"inLanguage\":\"fr-FR\",\"potentialAction\":[{\"@type\":\"ReadAction\",\"target\":[\"https:\\\/\\\/www.bellunopress.it\\\/2009\\\/12\\\/28\\\/diffusione-della-rabbia-silvestre-distribuiti-in-tutte-le-farmacie-della-provincia-i-depliant-con-le-informazioni-per-la-prevenzione-e-il-controllo\\\/\"]}]},{\"@type\":\"BreadcrumbList\",\"@id\":\"https:\\\/\\\/www.bellunopress.it\\\/2009\\\/12\\\/28\\\/diffusione-della-rabbia-silvestre-distribuiti-in-tutte-le-farmacie-della-provincia-i-depliant-con-le-informazioni-per-la-prevenzione-e-il-controllo\\\/#breadcrumb\",\"itemListElement\":[{\"@type\":\"ListItem\",\"position\":1,\"name\":\"Home\",\"item\":\"https:\\\/\\\/www.bellunopress.it\\\/\"},{\"@type\":\"ListItem\",\"position\":2,\"name\":\"Diffusione della rabbia silvestre: distribuiti in tutte le farmacie della provincia i depliant con le informazioni per la prevenzione e il controllo\"}]},{\"@type\":\"WebSite\",\"@id\":\"https:\\\/\\\/www.bellunopress.it\\\/#website\",\"url\":\"https:\\\/\\\/www.bellunopress.it\\\/\",\"name\":\"Bellunopress - Dolomiti\",\"description\":\"e-mail: redazione@bellunopress.it\",\"publisher\":{\"@id\":\"https:\\\/\\\/www.bellunopress.it\\\/#organization\"},\"potentialAction\":[{\"@type\":\"SearchAction\",\"target\":{\"@type\":\"EntryPoint\",\"urlTemplate\":\"https:\\\/\\\/www.bellunopress.it\\\/?s={search_term_string}\"},\"query-input\":{\"@type\":\"PropertyValueSpecification\",\"valueRequired\":true,\"valueName\":\"search_term_string\"}}],\"inLanguage\":\"fr-FR\"},{\"@type\":\"Organization\",\"@id\":\"https:\\\/\\\/www.bellunopress.it\\\/#organization\",\"name\":\"Bellunopress\",\"url\":\"https:\\\/\\\/www.bellunopress.it\\\/\",\"logo\":{\"@type\":\"ImageObject\",\"inLanguage\":\"fr-FR\",\"@id\":\"https:\\\/\\\/www.bellunopress.it\\\/#\\\/schema\\\/logo\\\/image\\\/\",\"url\":\"https:\\\/\\\/www.bellunopress.it\\\/wp-content\\\/uploads\\\/2011\\\/05\\\/cropped-logo-bellunopress-.jpg\",\"contentUrl\":\"https:\\\/\\\/www.bellunopress.it\\\/wp-content\\\/uploads\\\/2011\\\/05\\\/cropped-logo-bellunopress-.jpg\",\"width\":512,\"height\":512,\"caption\":\"Bellunopress\"},\"image\":{\"@id\":\"https:\\\/\\\/www.bellunopress.it\\\/#\\\/schema\\\/logo\\\/image\\\/\"},\"sameAs\":[\"https:\\\/\\\/www.facebook.com\\\/profile.php?id=100008943462799\",\"https:\\\/\\\/x.com\\\/bellunopress\",\"https:\\\/\\\/www.linkedin.com\\\/hp\\\/?dnr=JBzUWaJfMUw8vbXJJ2tVW5-I3jZKvC4wsoxE&amp;amp;amp;amp;amp;amp;trk=nav_responsive_tab_home\",\"https:\\\/\\\/www.youtube.com\\\/channel\\\/UCxL0wu1uN0_3_7hGG0306cw\"]},{\"@type\":\"Person\",\"@id\":\"https:\\\/\\\/www.bellunopress.it\\\/#\\\/schema\\\/person\\\/79bb06722b37ece1c03d3e94beb30d73\",\"name\":\"redazione\",\"image\":{\"@type\":\"ImageObject\",\"inLanguage\":\"fr-FR\",\"@id\":\"https:\\\/\\\/secure.gravatar.com\\\/avatar\\\/37d968a2e67a6fd04c169c4bdef102d0bc5d31b2546345219e348575eb80e9a0?s=96&d=mm&r=g\",\"url\":\"https:\\\/\\\/secure.gravatar.com\\\/avatar\\\/37d968a2e67a6fd04c169c4bdef102d0bc5d31b2546345219e348575eb80e9a0?s=96&d=mm&r=g\",\"contentUrl\":\"https:\\\/\\\/secure.gravatar.com\\\/avatar\\\/37d968a2e67a6fd04c169c4bdef102d0bc5d31b2546345219e348575eb80e9a0?s=96&d=mm&r=g\",\"caption\":\"redazione\"},\"sameAs\":[\"http:\\\/\\\/www.bellunopress.it\",\"https:\\\/\\\/x.com\\\/bellunopress\"],\"url\":\"https:\\\/\\\/www.bellunopress.it\\\/fr\\\/author\\\/redazione\\\/\"}]}<\/script>\n<!-- \/ Yoast SEO plugin. -->","yoast_head_json":{"title":"Diffusione della rabbia silvestre: distribuiti in tutte le farmacie della provincia i depliant con le informazioni per la prevenzione e il controllo - Bellunopress - Dolomiti","robots":{"index":"index","follow":"follow","max-snippet":"max-snippet:-1","max-image-preview":"max-image-preview:large","max-video-preview":"max-video-preview:-1"},"canonical":"https:\/\/www.bellunopress.it\/fr\/2009\/12\/28\/diffusione-della-rabbia-silvestre-distribuiti-in-tutte-le-farmacie-della-provincia-i-depliant-con-le-informazioni-per-la-prevenzione-e-il-controllo\/","og_locale":"fr_FR","og_type":"article","og_title":"Diffusione della rabbia silvestre: distribuiti in tutte le farmacie della provincia i depliant con le informazioni per la prevenzione e il controllo - Bellunopress - Dolomiti","og_description":"Nella provincia di Belluno, l&#8217;unica in Veneto, sono stati diagnosticati, fino al 27 dicembre 2009, 29 casi di rabbia silvestre, 3 in animali domestici (due cani e un asino), 26 in selvatici (25 volpi e un tasso). I nostri territori, al pari delle vicine province di Pordenone e Udine da dove proviene il contagio, sono [&hellip;]","og_url":"https:\/\/www.bellunopress.it\/fr\/2009\/12\/28\/diffusione-della-rabbia-silvestre-distribuiti-in-tutte-le-farmacie-della-provincia-i-depliant-con-le-informazioni-per-la-prevenzione-e-il-controllo\/","og_site_name":"Bellunopress - Dolomiti","article_publisher":"https:\/\/www.facebook.com\/profile.php?id=100008943462799","article_published_time":"2009-12-28T19:31:17+00:00","og_image":[{"url":"http:\/\/www.bellunopress.it\/wp-content\/uploads\/2012\/07\/logo-bellunopress-250x250-2012.jpg","type":"","width":"","height":""}],"author":"redazione","twitter_card":"summary_large_image","twitter_creator":"@bellunopress","twitter_site":"@bellunopress","twitter_misc":{"\u00c9crit par":"redazione","Dur\u00e9e de lecture estim\u00e9e":"2 minutes"},"schema":{"@context":"https:\/\/schema.org","@graph":[{"@type":"Article","@id":"https:\/\/www.bellunopress.it\/2009\/12\/28\/diffusione-della-rabbia-silvestre-distribuiti-in-tutte-le-farmacie-della-provincia-i-depliant-con-le-informazioni-per-la-prevenzione-e-il-controllo\/#article","isPartOf":{"@id":"https:\/\/www.bellunopress.it\/2009\/12\/28\/diffusione-della-rabbia-silvestre-distribuiti-in-tutte-le-farmacie-della-provincia-i-depliant-con-le-informazioni-per-la-prevenzione-e-il-controllo\/"},"author":{"name":"redazione","@id":"https:\/\/www.bellunopress.it\/#\/schema\/person\/79bb06722b37ece1c03d3e94beb30d73"},"headline":"Diffusione della rabbia silvestre: distribuiti in tutte le farmacie della provincia i depliant con le informazioni per la prevenzione e il controllo","datePublished":"2009-12-28T19:31:17+00:00","mainEntityOfPage":{"@id":"https:\/\/www.bellunopress.it\/2009\/12\/28\/diffusione-della-rabbia-silvestre-distribuiti-in-tutte-le-farmacie-della-provincia-i-depliant-con-le-informazioni-per-la-prevenzione-e-il-controllo\/"},"wordCount":427,"publisher":{"@id":"https:\/\/www.bellunopress.it\/#organization"},"keywords":["Sanit\u00e0"],"articleSection":["Prima Pagina","Sanit\u00e0 Medicina"],"inLanguage":"fr-FR"},{"@type":"WebPage","@id":"https:\/\/www.bellunopress.it\/2009\/12\/28\/diffusione-della-rabbia-silvestre-distribuiti-in-tutte-le-farmacie-della-provincia-i-depliant-con-le-informazioni-per-la-prevenzione-e-il-controllo\/","url":"https:\/\/www.bellunopress.it\/2009\/12\/28\/diffusione-della-rabbia-silvestre-distribuiti-in-tutte-le-farmacie-della-provincia-i-depliant-con-le-informazioni-per-la-prevenzione-e-il-controllo\/","name":"Diffusione della rabbia silvestre: distribuiti in tutte le farmacie della provincia i depliant con le informazioni per la prevenzione e il controllo - Bellunopress - Dolomiti","isPartOf":{"@id":"https:\/\/www.bellunopress.it\/#website"},"datePublished":"2009-12-28T19:31:17+00:00","breadcrumb":{"@id":"https:\/\/www.bellunopress.it\/2009\/12\/28\/diffusione-della-rabbia-silvestre-distribuiti-in-tutte-le-farmacie-della-provincia-i-depliant-con-le-informazioni-per-la-prevenzione-e-il-controllo\/#breadcrumb"},"inLanguage":"fr-FR","potentialAction":[{"@type":"ReadAction","target":["https:\/\/www.bellunopress.it\/2009\/12\/28\/diffusione-della-rabbia-silvestre-distribuiti-in-tutte-le-farmacie-della-provincia-i-depliant-con-le-informazioni-per-la-prevenzione-e-il-controllo\/"]}]},{"@type":"BreadcrumbList","@id":"https:\/\/www.bellunopress.it\/2009\/12\/28\/diffusione-della-rabbia-silvestre-distribuiti-in-tutte-le-farmacie-della-provincia-i-depliant-con-le-informazioni-per-la-prevenzione-e-il-controllo\/#breadcrumb","itemListElement":[{"@type":"ListItem","position":1,"name":"Home","item":"https:\/\/www.bellunopress.it\/"},{"@type":"ListItem","position":2,"name":"Diffusione della rabbia silvestre: distribuiti in tutte le farmacie della provincia i depliant con le informazioni per la prevenzione e il controllo"}]},{"@type":"WebSite","@id":"https:\/\/www.bellunopress.it\/#website","url":"https:\/\/www.bellunopress.it\/","name":"Bellunopress - Dolomiti","description":"e-mail: redazione@bellunopress.it","publisher":{"@id":"https:\/\/www.bellunopress.it\/#organization"},"potentialAction":[{"@type":"SearchAction","target":{"@type":"EntryPoint","urlTemplate":"https:\/\/www.bellunopress.it\/?s={search_term_string}"},"query-input":{"@type":"PropertyValueSpecification","valueRequired":true,"valueName":"search_term_string"}}],"inLanguage":"fr-FR"},{"@type":"Organization","@id":"https:\/\/www.bellunopress.it\/#organization","name":"Bellunopress","url":"https:\/\/www.bellunopress.it\/","logo":{"@type":"ImageObject","inLanguage":"fr-FR","@id":"https:\/\/www.bellunopress.it\/#\/schema\/logo\/image\/","url":"https:\/\/www.bellunopress.it\/wp-content\/uploads\/2011\/05\/cropped-logo-bellunopress-.jpg","contentUrl":"https:\/\/www.bellunopress.it\/wp-content\/uploads\/2011\/05\/cropped-logo-bellunopress-.jpg","width":512,"height":512,"caption":"Bellunopress"},"image":{"@id":"https:\/\/www.bellunopress.it\/#\/schema\/logo\/image\/"},"sameAs":["https:\/\/www.facebook.com\/profile.php?id=100008943462799","https:\/\/x.com\/bellunopress","https:\/\/www.linkedin.com\/hp\/?dnr=JBzUWaJfMUw8vbXJJ2tVW5-I3jZKvC4wsoxE&amp;amp;amp;amp;amp;amp;trk=nav_responsive_tab_home","https:\/\/www.youtube.com\/channel\/UCxL0wu1uN0_3_7hGG0306cw"]},{"@type":"Person","@id":"https:\/\/www.bellunopress.it\/#\/schema\/person\/79bb06722b37ece1c03d3e94beb30d73","name":"r\u00e9daction","image":{"@type":"ImageObject","inLanguage":"fr-FR","@id":"https:\/\/secure.gravatar.com\/avatar\/37d968a2e67a6fd04c169c4bdef102d0bc5d31b2546345219e348575eb80e9a0?s=96&d=mm&r=g","url":"https:\/\/secure.gravatar.com\/avatar\/37d968a2e67a6fd04c169c4bdef102d0bc5d31b2546345219e348575eb80e9a0?s=96&d=mm&r=g","contentUrl":"https:\/\/secure.gravatar.com\/avatar\/37d968a2e67a6fd04c169c4bdef102d0bc5d31b2546345219e348575eb80e9a0?s=96&d=mm&r=g","caption":"redazione"},"sameAs":["http:\/\/www.bellunopress.it","https:\/\/x.com\/bellunopress"],"url":"https:\/\/www.bellunopress.it\/fr\/author\/redazione\/"}]}},"_links":{"self":[{"href":"https:\/\/www.bellunopress.it\/fr\/wp-json\/wp\/v2\/posts\/11048","targetHints":{"allow":["GET"]}}],"collection":[{"href":"https:\/\/www.bellunopress.it\/fr\/wp-json\/wp\/v2\/posts"}],"about":[{"href":"https:\/\/www.bellunopress.it\/fr\/wp-json\/wp\/v2\/types\/post"}],"author":[{"embeddable":true,"href":"https:\/\/www.bellunopress.it\/fr\/wp-json\/wp\/v2\/users\/2"}],"replies":[{"embeddable":true,"href":"https:\/\/www.bellunopress.it\/fr\/wp-json\/wp\/v2\/comments?post=11048"}],"version-history":[{"count":1,"href":"https:\/\/www.bellunopress.it\/fr\/wp-json\/wp\/v2\/posts\/11048\/revisions"}],"predecessor-version":[{"id":11049,"href":"https:\/\/www.bellunopress.it\/fr\/wp-json\/wp\/v2\/posts\/11048\/revisions\/11049"}],"wp:attachment":[{"href":"https:\/\/www.bellunopress.it\/fr\/wp-json\/wp\/v2\/media?parent=11048"}],"wp:term":[{"taxonomy":"category","embeddable":true,"href":"https:\/\/www.bellunopress.it\/fr\/wp-json\/wp\/v2\/categories?post=11048"},{"taxonomy":"post_tag","embeddable":true,"href":"https:\/\/www.bellunopress.it\/fr\/wp-json\/wp\/v2\/tags?post=11048"}],"curies":[{"name":"wp","href":"https:\/\/api.w.org\/{rel}","templated":true}]}}