{"id":110473,"date":"2019-12-16T13:13:32","date_gmt":"2019-12-16T12:13:32","guid":{"rendered":"http:\/\/www.bellunopress.it\/?p=110473"},"modified":"2019-12-16T13:13:32","modified_gmt":"2019-12-16T12:13:32","slug":"qualita-della-vita-2019-del-sole-24-ore-belluno-51ma-al-primo-posto-milano-seguita-da-trento-bolzano-aosta","status":"publish","type":"post","link":"https:\/\/www.bellunopress.it\/fr\/2019\/12\/16\/qualita-della-vita-2019-del-sole-24-ore-belluno-51ma-al-primo-posto-milano-seguita-da-trento-bolzano-aosta\/","title":{"rendered":"Qualit\u00e0 della vita 2019 del Sole 24 Ore: Belluno 51ma, al primo posto Milano seguita da Trento, Bolzano, Aosta"},"content":{"rendered":"<figure id=\"attachment_29562\" aria-describedby=\"caption-attachment-29562\" style=\"width: 300px\" class=\"wp-caption alignleft\"><a href=\"http:\/\/www.bellunopress.it\/fr\/2011\/08\/12\/belluno-addio-la-lunga-notte-di-palazzo-piloni-trentotto-province-sotto-i-300mila-abitanti-rischiano-dessere-cancellate-mentre-litalia-va-in-ferie-a-ferragosto\/palazzo-piloni-notte\/\" rel=\"attachment wp-att-29562\"><img loading=\"lazy\" decoding=\"async\" class=\"size-full wp-image-29562\" src=\"http:\/\/www.bellunopress.it\/wp-content\/uploads\/2011\/08\/palazzo-piloni-notte.jpg\" alt=\"\" width=\"300\" height=\"236\" \/><\/a><figcaption id=\"caption-attachment-29562\" class=\"wp-caption-text\">Palazzo Piloni sede della Provincia di Belluno<\/figcaption><\/figure>\n<p>La provincia di Belluno si colloca al 51mo posto dell&#8217;indagine sulla qualit\u00e0 della vita del quotidiano economico<a href=\"https:\/\/lab24.ilsole24ore.com\/qualita-della-vita-2019\/\"> Il Sole 24 Ore<\/a> che questa&#8217;anno \u00e8 giunta alla sua 30ma edizione. E misura il benessere nelle province italiane e nelle citt\u00e0 metropolitane attraverso 90 indicatori.<\/p>\n<p>La nostra provincia si piazza al 4\u00b0 posto per &#8220;giustizia e sicurezza&#8221;, al 25mo per &#8220;ricchezza e consumi&#8221;, al 42mo per &#8220;Ambiente e servizi&#8221;, al 44mo per &#8220;affari e lavoro&#8221;, al 60mo per &#8220;cultura e tempo libero&#8221;, ma sprofondiamo al 97mo posto nel settore &#8220;Demografia e societ\u00e0&#8221;.<\/p>\n<p>Siamo fortemente penalizzati, insomma per la denatalit\u00e0, per lo spopolamento che ogni anno ci fa perdere abitanti.<\/p>\n<p>Milano, dunque, secondo Il Sole 24 Ore \u00e8 la citt\u00e0 in cui si vive meglio per il secondo anno consecutivo. Basta avere un certo reddito, ci permettiamo di aggiungere, visto che \u00e8 anche la citt\u00e0 pi\u00f9 cara d&#8217;Italia.<\/p>\n<p>Ottimo piazzamento delle province autonome di Trento, Bolzano e Aosta rispettivamente al secondo, terzo e quarto posto grazie alle loro spiccate performance, Bolzano in &#8220;demografia e societ\u00e0&#8221;, Trento in &#8220;ambiente e servizi&#8221;, Aosta in &#8220;ricchezza e consumi&#8221;.<\/p>\n<p>Nella top ten delle citt\u00e0 pi\u00f9 vivibili troviamo anche Trieste (5\u00aa) e Treviso (8\u00aa). Con i nuovi arrivi di Monza e Brianza, che sale di 17 posizioni fino alla sesta. Verona guadagna sette posizioni e sale al settimo posto. Chiudono la top ten Venezia e Parma che salgono rispettivamente di 25 e 19 piazzamenti.<\/p>\n<p>Roma si piazza al 18mo posto, salendo di tre posizioni rispetto alla classifica dello scorso anno. Crescono anche Cagliari che sale al 20mo posto con un salto di 24 posizioni e Genova al 45mo posto guadagna 11 gradini. Firenze (+7, al 15\u00b0 posto) e Torino \u00e8 33ma (+ 5).<\/p>\n<p>Al Sud c&#8217;\u00e8 Napoli che guadagna 13 posizioni, ma rimane nella seconda met\u00e0 della classifica, all&#8217;81mo posto. Anche Bari migliora, sale di 10 posti e arriva al 67mo posto.<\/p>\n<p>In coda alla classifica rimangono le province del Mezzogiorno con Enna al 104mo posto, Foggia al 105mo e Crotone al 106mo. Chiude la classifica al 107mo posto Caltanissetta, ultima per il quarto anno consecutivo.<\/p>\n<p>&nbsp;<\/p>","protected":false},"excerpt":{"rendered":"<p>La provincia di Belluno si colloca al 51mo posto dell&#8217;indagine sulla qualit\u00e0 della vita del quotidiano economico Il Sole 24 Ore che questa&#8217;anno \u00e8 giunta alla sua 30ma edizione. E misura il benessere nelle province italiane e nelle citt\u00e0 metropolitane attraverso 90 indicatori. La nostra provincia si piazza al 4\u00b0 posto per &#8220;giustizia e sicurezza&#8221;, [&hellip;]<\/p>\n","protected":false},"author":2,"featured_media":0,"comment_status":"closed","ping_status":"open","sticky":false,"template":"","format":"standard","meta":{"footnotes":""},"categories":[1],"tags":[],"class_list":["post-110473","post","type-post","status-publish","format-standard","category-leo"],"yoast_head":"<!-- This site is optimized with the Yoast SEO plugin v28.4 - https:\/\/yoast.com\/product\/yoast-seo-wordpress\/ -->\n<title>Qualit\u00e0 della vita 2019 del Sole 24 Ore: Belluno 51ma, al primo posto Milano seguita da Trento, Bolzano, Aosta - Bellunopress - Dolomiti<\/title>\n<meta name=\"robots\" content=\"index, follow, max-snippet:-1, max-image-preview:large, max-video-preview:-1\" \/>\n<link rel=\"canonical\" href=\"https:\/\/www.bellunopress.it\/fr\/2019\/12\/16\/qualita-della-vita-2019-del-sole-24-ore-belluno-51ma-al-primo-posto-milano-seguita-da-trento-bolzano-aosta\/\" \/>\n<meta property=\"og:locale\" content=\"fr_FR\" \/>\n<meta property=\"og:type\" content=\"article\" \/>\n<meta property=\"og:title\" content=\"Qualit\u00e0 della vita 2019 del Sole 24 Ore: Belluno 51ma, al primo posto Milano seguita da Trento, Bolzano, Aosta - Bellunopress - Dolomiti\" \/>\n<meta property=\"og:description\" content=\"La provincia di Belluno si colloca al 51mo posto dell&#8217;indagine sulla qualit\u00e0 della vita del quotidiano economico Il Sole 24 Ore che questa&#8217;anno \u00e8 giunta alla sua 30ma edizione. E misura il benessere nelle province italiane e nelle citt\u00e0 metropolitane attraverso 90 indicatori. La nostra provincia si piazza al 4\u00b0 posto per &#8220;giustizia e sicurezza&#8221;, [&hellip;]\" \/>\n<meta property=\"og:url\" content=\"https:\/\/www.bellunopress.it\/fr\/2019\/12\/16\/qualita-della-vita-2019-del-sole-24-ore-belluno-51ma-al-primo-posto-milano-seguita-da-trento-bolzano-aosta\/\" \/>\n<meta property=\"og:site_name\" content=\"Bellunopress - Dolomiti\" \/>\n<meta property=\"article:publisher\" content=\"https:\/\/www.facebook.com\/profile.php?id=100008943462799\" \/>\n<meta property=\"article:published_time\" content=\"2019-12-16T12:13:32+00:00\" \/>\n<meta property=\"og:image\" content=\"http:\/\/www.bellunopress.it\/wp-content\/uploads\/2011\/08\/palazzo-piloni-notte.jpg\" \/>\n<meta name=\"author\" content=\"redazione\" \/>\n<meta name=\"twitter:card\" content=\"summary_large_image\" \/>\n<meta name=\"twitter:creator\" content=\"@bellunopress\" \/>\n<meta name=\"twitter:site\" content=\"@bellunopress\" \/>\n<meta name=\"twitter:label1\" content=\"\u00c9crit par\" \/>\n\t<meta name=\"twitter:data1\" content=\"redazione\" \/>\n\t<meta name=\"twitter:label2\" content=\"Dur\u00e9e de lecture estim\u00e9e\" \/>\n\t<meta name=\"twitter:data2\" content=\"2 minutes\" \/>\n<script type=\"application\/ld+json\" class=\"yoast-schema-graph\">{\"@context\":\"https:\\\/\\\/schema.org\",\"@graph\":[{\"@type\":\"Article\",\"@id\":\"https:\\\/\\\/www.bellunopress.it\\\/2019\\\/12\\\/16\\\/qualita-della-vita-2019-del-sole-24-ore-belluno-51ma-al-primo-posto-milano-seguita-da-trento-bolzano-aosta\\\/#article\",\"isPartOf\":{\"@id\":\"https:\\\/\\\/www.bellunopress.it\\\/2019\\\/12\\\/16\\\/qualita-della-vita-2019-del-sole-24-ore-belluno-51ma-al-primo-posto-milano-seguita-da-trento-bolzano-aosta\\\/\"},\"author\":{\"name\":\"redazione\",\"@id\":\"https:\\\/\\\/www.bellunopress.it\\\/#\\\/schema\\\/person\\\/79bb06722b37ece1c03d3e94beb30d73\"},\"headline\":\"Qualit\u00e0 della vita 2019 del Sole 24 Ore: Belluno 51ma, al primo posto Milano seguita da Trento, Bolzano, Aosta\",\"datePublished\":\"2019-12-16T12:13:32+00:00\",\"mainEntityOfPage\":{\"@id\":\"https:\\\/\\\/www.bellunopress.it\\\/2019\\\/12\\\/16\\\/qualita-della-vita-2019-del-sole-24-ore-belluno-51ma-al-primo-posto-milano-seguita-da-trento-bolzano-aosta\\\/\"},\"wordCount\":363,\"publisher\":{\"@id\":\"https:\\\/\\\/www.bellunopress.it\\\/#organization\"},\"image\":{\"@id\":\"https:\\\/\\\/www.bellunopress.it\\\/2019\\\/12\\\/16\\\/qualita-della-vita-2019-del-sole-24-ore-belluno-51ma-al-primo-posto-milano-seguita-da-trento-bolzano-aosta\\\/#primaryimage\"},\"thumbnailUrl\":\"http:\\\/\\\/www.bellunopress.it\\\/wp-content\\\/uploads\\\/2011\\\/08\\\/palazzo-piloni-notte.jpg\",\"articleSection\":[\"Lettere Opinioni\"],\"inLanguage\":\"fr-FR\"},{\"@type\":\"WebPage\",\"@id\":\"https:\\\/\\\/www.bellunopress.it\\\/2019\\\/12\\\/16\\\/qualita-della-vita-2019-del-sole-24-ore-belluno-51ma-al-primo-posto-milano-seguita-da-trento-bolzano-aosta\\\/\",\"url\":\"https:\\\/\\\/www.bellunopress.it\\\/2019\\\/12\\\/16\\\/qualita-della-vita-2019-del-sole-24-ore-belluno-51ma-al-primo-posto-milano-seguita-da-trento-bolzano-aosta\\\/\",\"name\":\"Qualit\u00e0 della vita 2019 del Sole 24 Ore: Belluno 51ma, al primo posto Milano seguita da Trento, Bolzano, Aosta - Bellunopress - Dolomiti\",\"isPartOf\":{\"@id\":\"https:\\\/\\\/www.bellunopress.it\\\/#website\"},\"primaryImageOfPage\":{\"@id\":\"https:\\\/\\\/www.bellunopress.it\\\/2019\\\/12\\\/16\\\/qualita-della-vita-2019-del-sole-24-ore-belluno-51ma-al-primo-posto-milano-seguita-da-trento-bolzano-aosta\\\/#primaryimage\"},\"image\":{\"@id\":\"https:\\\/\\\/www.bellunopress.it\\\/2019\\\/12\\\/16\\\/qualita-della-vita-2019-del-sole-24-ore-belluno-51ma-al-primo-posto-milano-seguita-da-trento-bolzano-aosta\\\/#primaryimage\"},\"thumbnailUrl\":\"http:\\\/\\\/www.bellunopress.it\\\/wp-content\\\/uploads\\\/2011\\\/08\\\/palazzo-piloni-notte.jpg\",\"datePublished\":\"2019-12-16T12:13:32+00:00\",\"breadcrumb\":{\"@id\":\"https:\\\/\\\/www.bellunopress.it\\\/2019\\\/12\\\/16\\\/qualita-della-vita-2019-del-sole-24-ore-belluno-51ma-al-primo-posto-milano-seguita-da-trento-bolzano-aosta\\\/#breadcrumb\"},\"inLanguage\":\"fr-FR\",\"potentialAction\":[{\"@type\":\"ReadAction\",\"target\":[\"https:\\\/\\\/www.bellunopress.it\\\/2019\\\/12\\\/16\\\/qualita-della-vita-2019-del-sole-24-ore-belluno-51ma-al-primo-posto-milano-seguita-da-trento-bolzano-aosta\\\/\"]}]},{\"@type\":\"ImageObject\",\"inLanguage\":\"fr-FR\",\"@id\":\"https:\\\/\\\/www.bellunopress.it\\\/2019\\\/12\\\/16\\\/qualita-della-vita-2019-del-sole-24-ore-belluno-51ma-al-primo-posto-milano-seguita-da-trento-bolzano-aosta\\\/#primaryimage\",\"url\":\"http:\\\/\\\/www.bellunopress.it\\\/wp-content\\\/uploads\\\/2011\\\/08\\\/palazzo-piloni-notte.jpg\",\"contentUrl\":\"http:\\\/\\\/www.bellunopress.it\\\/wp-content\\\/uploads\\\/2011\\\/08\\\/palazzo-piloni-notte.jpg\"},{\"@type\":\"BreadcrumbList\",\"@id\":\"https:\\\/\\\/www.bellunopress.it\\\/2019\\\/12\\\/16\\\/qualita-della-vita-2019-del-sole-24-ore-belluno-51ma-al-primo-posto-milano-seguita-da-trento-bolzano-aosta\\\/#breadcrumb\",\"itemListElement\":[{\"@type\":\"ListItem\",\"position\":1,\"name\":\"Home\",\"item\":\"https:\\\/\\\/www.bellunopress.it\\\/\"},{\"@type\":\"ListItem\",\"position\":2,\"name\":\"Qualit\u00e0 della vita 2019 del Sole 24 Ore: Belluno 51ma, al primo posto Milano seguita da Trento, Bolzano, Aosta\"}]},{\"@type\":\"WebSite\",\"@id\":\"https:\\\/\\\/www.bellunopress.it\\\/#website\",\"url\":\"https:\\\/\\\/www.bellunopress.it\\\/\",\"name\":\"Bellunopress - Dolomiti\",\"description\":\"e-mail: redazione@bellunopress.it\",\"publisher\":{\"@id\":\"https:\\\/\\\/www.bellunopress.it\\\/#organization\"},\"potentialAction\":[{\"@type\":\"SearchAction\",\"target\":{\"@type\":\"EntryPoint\",\"urlTemplate\":\"https:\\\/\\\/www.bellunopress.it\\\/?s={search_term_string}\"},\"query-input\":{\"@type\":\"PropertyValueSpecification\",\"valueRequired\":true,\"valueName\":\"search_term_string\"}}],\"inLanguage\":\"fr-FR\"},{\"@type\":\"Organization\",\"@id\":\"https:\\\/\\\/www.bellunopress.it\\\/#organization\",\"name\":\"Bellunopress\",\"url\":\"https:\\\/\\\/www.bellunopress.it\\\/\",\"logo\":{\"@type\":\"ImageObject\",\"inLanguage\":\"fr-FR\",\"@id\":\"https:\\\/\\\/www.bellunopress.it\\\/#\\\/schema\\\/logo\\\/image\\\/\",\"url\":\"https:\\\/\\\/www.bellunopress.it\\\/wp-content\\\/uploads\\\/2011\\\/05\\\/cropped-logo-bellunopress-.jpg\",\"contentUrl\":\"https:\\\/\\\/www.bellunopress.it\\\/wp-content\\\/uploads\\\/2011\\\/05\\\/cropped-logo-bellunopress-.jpg\",\"width\":512,\"height\":512,\"caption\":\"Bellunopress\"},\"image\":{\"@id\":\"https:\\\/\\\/www.bellunopress.it\\\/#\\\/schema\\\/logo\\\/image\\\/\"},\"sameAs\":[\"https:\\\/\\\/www.facebook.com\\\/profile.php?id=100008943462799\",\"https:\\\/\\\/x.com\\\/bellunopress\",\"https:\\\/\\\/www.linkedin.com\\\/hp\\\/?dnr=JBzUWaJfMUw8vbXJJ2tVW5-I3jZKvC4wsoxE&amp;amp;amp;amp;amp;amp;trk=nav_responsive_tab_home\",\"https:\\\/\\\/www.youtube.com\\\/channel\\\/UCxL0wu1uN0_3_7hGG0306cw\"]},{\"@type\":\"Person\",\"@id\":\"https:\\\/\\\/www.bellunopress.it\\\/#\\\/schema\\\/person\\\/79bb06722b37ece1c03d3e94beb30d73\",\"name\":\"redazione\",\"image\":{\"@type\":\"ImageObject\",\"inLanguage\":\"fr-FR\",\"@id\":\"https:\\\/\\\/secure.gravatar.com\\\/avatar\\\/37d968a2e67a6fd04c169c4bdef102d0bc5d31b2546345219e348575eb80e9a0?s=96&d=mm&r=g\",\"url\":\"https:\\\/\\\/secure.gravatar.com\\\/avatar\\\/37d968a2e67a6fd04c169c4bdef102d0bc5d31b2546345219e348575eb80e9a0?s=96&d=mm&r=g\",\"contentUrl\":\"https:\\\/\\\/secure.gravatar.com\\\/avatar\\\/37d968a2e67a6fd04c169c4bdef102d0bc5d31b2546345219e348575eb80e9a0?s=96&d=mm&r=g\",\"caption\":\"redazione\"},\"sameAs\":[\"http:\\\/\\\/www.bellunopress.it\",\"https:\\\/\\\/x.com\\\/bellunopress\"],\"url\":\"https:\\\/\\\/www.bellunopress.it\\\/fr\\\/author\\\/redazione\\\/\"}]}<\/script>\n<!-- \/ Yoast SEO plugin. -->","yoast_head_json":{"title":"Qualit\u00e0 della vita 2019 del Sole 24 Ore: Belluno 51ma, al primo posto Milano seguita da Trento, Bolzano, Aosta - Bellunopress - Dolomiti","robots":{"index":"index","follow":"follow","max-snippet":"max-snippet:-1","max-image-preview":"max-image-preview:large","max-video-preview":"max-video-preview:-1"},"canonical":"https:\/\/www.bellunopress.it\/fr\/2019\/12\/16\/qualita-della-vita-2019-del-sole-24-ore-belluno-51ma-al-primo-posto-milano-seguita-da-trento-bolzano-aosta\/","og_locale":"fr_FR","og_type":"article","og_title":"Qualit\u00e0 della vita 2019 del Sole 24 Ore: Belluno 51ma, al primo posto Milano seguita da Trento, Bolzano, Aosta - Bellunopress - Dolomiti","og_description":"La provincia di Belluno si colloca al 51mo posto dell&#8217;indagine sulla qualit\u00e0 della vita del quotidiano economico Il Sole 24 Ore che questa&#8217;anno \u00e8 giunta alla sua 30ma edizione. E misura il benessere nelle province italiane e nelle citt\u00e0 metropolitane attraverso 90 indicatori. La nostra provincia si piazza al 4\u00b0 posto per &#8220;giustizia e sicurezza&#8221;, [&hellip;]","og_url":"https:\/\/www.bellunopress.it\/fr\/2019\/12\/16\/qualita-della-vita-2019-del-sole-24-ore-belluno-51ma-al-primo-posto-milano-seguita-da-trento-bolzano-aosta\/","og_site_name":"Bellunopress - Dolomiti","article_publisher":"https:\/\/www.facebook.com\/profile.php?id=100008943462799","article_published_time":"2019-12-16T12:13:32+00:00","og_image":[{"url":"http:\/\/www.bellunopress.it\/wp-content\/uploads\/2011\/08\/palazzo-piloni-notte.jpg","type":"","width":"","height":""}],"author":"redazione","twitter_card":"summary_large_image","twitter_creator":"@bellunopress","twitter_site":"@bellunopress","twitter_misc":{"\u00c9crit par":"redazione","Dur\u00e9e de lecture estim\u00e9e":"2 minutes"},"schema":{"@context":"https:\/\/schema.org","@graph":[{"@type":"Article","@id":"https:\/\/www.bellunopress.it\/2019\/12\/16\/qualita-della-vita-2019-del-sole-24-ore-belluno-51ma-al-primo-posto-milano-seguita-da-trento-bolzano-aosta\/#article","isPartOf":{"@id":"https:\/\/www.bellunopress.it\/2019\/12\/16\/qualita-della-vita-2019-del-sole-24-ore-belluno-51ma-al-primo-posto-milano-seguita-da-trento-bolzano-aosta\/"},"author":{"name":"redazione","@id":"https:\/\/www.bellunopress.it\/#\/schema\/person\/79bb06722b37ece1c03d3e94beb30d73"},"headline":"Qualit\u00e0 della vita 2019 del Sole 24 Ore: Belluno 51ma, al primo posto Milano seguita da Trento, Bolzano, Aosta","datePublished":"2019-12-16T12:13:32+00:00","mainEntityOfPage":{"@id":"https:\/\/www.bellunopress.it\/2019\/12\/16\/qualita-della-vita-2019-del-sole-24-ore-belluno-51ma-al-primo-posto-milano-seguita-da-trento-bolzano-aosta\/"},"wordCount":363,"publisher":{"@id":"https:\/\/www.bellunopress.it\/#organization"},"image":{"@id":"https:\/\/www.bellunopress.it\/2019\/12\/16\/qualita-della-vita-2019-del-sole-24-ore-belluno-51ma-al-primo-posto-milano-seguita-da-trento-bolzano-aosta\/#primaryimage"},"thumbnailUrl":"http:\/\/www.bellunopress.it\/wp-content\/uploads\/2011\/08\/palazzo-piloni-notte.jpg","articleSection":["Lettere Opinioni"],"inLanguage":"fr-FR"},{"@type":"WebPage","@id":"https:\/\/www.bellunopress.it\/2019\/12\/16\/qualita-della-vita-2019-del-sole-24-ore-belluno-51ma-al-primo-posto-milano-seguita-da-trento-bolzano-aosta\/","url":"https:\/\/www.bellunopress.it\/2019\/12\/16\/qualita-della-vita-2019-del-sole-24-ore-belluno-51ma-al-primo-posto-milano-seguita-da-trento-bolzano-aosta\/","name":"Qualit\u00e0 della vita 2019 del Sole 24 Ore: Belluno 51ma, al primo posto Milano seguita da Trento, Bolzano, Aosta - Bellunopress - Dolomiti","isPartOf":{"@id":"https:\/\/www.bellunopress.it\/#website"},"primaryImageOfPage":{"@id":"https:\/\/www.bellunopress.it\/2019\/12\/16\/qualita-della-vita-2019-del-sole-24-ore-belluno-51ma-al-primo-posto-milano-seguita-da-trento-bolzano-aosta\/#primaryimage"},"image":{"@id":"https:\/\/www.bellunopress.it\/2019\/12\/16\/qualita-della-vita-2019-del-sole-24-ore-belluno-51ma-al-primo-posto-milano-seguita-da-trento-bolzano-aosta\/#primaryimage"},"thumbnailUrl":"http:\/\/www.bellunopress.it\/wp-content\/uploads\/2011\/08\/palazzo-piloni-notte.jpg","datePublished":"2019-12-16T12:13:32+00:00","breadcrumb":{"@id":"https:\/\/www.bellunopress.it\/2019\/12\/16\/qualita-della-vita-2019-del-sole-24-ore-belluno-51ma-al-primo-posto-milano-seguita-da-trento-bolzano-aosta\/#breadcrumb"},"inLanguage":"fr-FR","potentialAction":[{"@type":"ReadAction","target":["https:\/\/www.bellunopress.it\/2019\/12\/16\/qualita-della-vita-2019-del-sole-24-ore-belluno-51ma-al-primo-posto-milano-seguita-da-trento-bolzano-aosta\/"]}]},{"@type":"ImageObject","inLanguage":"fr-FR","@id":"https:\/\/www.bellunopress.it\/2019\/12\/16\/qualita-della-vita-2019-del-sole-24-ore-belluno-51ma-al-primo-posto-milano-seguita-da-trento-bolzano-aosta\/#primaryimage","url":"http:\/\/www.bellunopress.it\/wp-content\/uploads\/2011\/08\/palazzo-piloni-notte.jpg","contentUrl":"http:\/\/www.bellunopress.it\/wp-content\/uploads\/2011\/08\/palazzo-piloni-notte.jpg"},{"@type":"BreadcrumbList","@id":"https:\/\/www.bellunopress.it\/2019\/12\/16\/qualita-della-vita-2019-del-sole-24-ore-belluno-51ma-al-primo-posto-milano-seguita-da-trento-bolzano-aosta\/#breadcrumb","itemListElement":[{"@type":"ListItem","position":1,"name":"Home","item":"https:\/\/www.bellunopress.it\/"},{"@type":"ListItem","position":2,"name":"Qualit\u00e0 della vita 2019 del Sole 24 Ore: Belluno 51ma, al primo posto Milano seguita da Trento, Bolzano, Aosta"}]},{"@type":"WebSite","@id":"https:\/\/www.bellunopress.it\/#website","url":"https:\/\/www.bellunopress.it\/","name":"Bellunopress - Dolomiti","description":"e-mail: redazione@bellunopress.it","publisher":{"@id":"https:\/\/www.bellunopress.it\/#organization"},"potentialAction":[{"@type":"SearchAction","target":{"@type":"EntryPoint","urlTemplate":"https:\/\/www.bellunopress.it\/?s={search_term_string}"},"query-input":{"@type":"PropertyValueSpecification","valueRequired":true,"valueName":"search_term_string"}}],"inLanguage":"fr-FR"},{"@type":"Organization","@id":"https:\/\/www.bellunopress.it\/#organization","name":"Bellunopress","url":"https:\/\/www.bellunopress.it\/","logo":{"@type":"ImageObject","inLanguage":"fr-FR","@id":"https:\/\/www.bellunopress.it\/#\/schema\/logo\/image\/","url":"https:\/\/www.bellunopress.it\/wp-content\/uploads\/2011\/05\/cropped-logo-bellunopress-.jpg","contentUrl":"https:\/\/www.bellunopress.it\/wp-content\/uploads\/2011\/05\/cropped-logo-bellunopress-.jpg","width":512,"height":512,"caption":"Bellunopress"},"image":{"@id":"https:\/\/www.bellunopress.it\/#\/schema\/logo\/image\/"},"sameAs":["https:\/\/www.facebook.com\/profile.php?id=100008943462799","https:\/\/x.com\/bellunopress","https:\/\/www.linkedin.com\/hp\/?dnr=JBzUWaJfMUw8vbXJJ2tVW5-I3jZKvC4wsoxE&amp;amp;amp;amp;amp;amp;trk=nav_responsive_tab_home","https:\/\/www.youtube.com\/channel\/UCxL0wu1uN0_3_7hGG0306cw"]},{"@type":"Person","@id":"https:\/\/www.bellunopress.it\/#\/schema\/person\/79bb06722b37ece1c03d3e94beb30d73","name":"r\u00e9daction","image":{"@type":"ImageObject","inLanguage":"fr-FR","@id":"https:\/\/secure.gravatar.com\/avatar\/37d968a2e67a6fd04c169c4bdef102d0bc5d31b2546345219e348575eb80e9a0?s=96&d=mm&r=g","url":"https:\/\/secure.gravatar.com\/avatar\/37d968a2e67a6fd04c169c4bdef102d0bc5d31b2546345219e348575eb80e9a0?s=96&d=mm&r=g","contentUrl":"https:\/\/secure.gravatar.com\/avatar\/37d968a2e67a6fd04c169c4bdef102d0bc5d31b2546345219e348575eb80e9a0?s=96&d=mm&r=g","caption":"redazione"},"sameAs":["http:\/\/www.bellunopress.it","https:\/\/x.com\/bellunopress"],"url":"https:\/\/www.bellunopress.it\/fr\/author\/redazione\/"}]}},"_links":{"self":[{"href":"https:\/\/www.bellunopress.it\/fr\/wp-json\/wp\/v2\/posts\/110473","targetHints":{"allow":["GET"]}}],"collection":[{"href":"https:\/\/www.bellunopress.it\/fr\/wp-json\/wp\/v2\/posts"}],"about":[{"href":"https:\/\/www.bellunopress.it\/fr\/wp-json\/wp\/v2\/types\/post"}],"author":[{"embeddable":true,"href":"https:\/\/www.bellunopress.it\/fr\/wp-json\/wp\/v2\/users\/2"}],"replies":[{"embeddable":true,"href":"https:\/\/www.bellunopress.it\/fr\/wp-json\/wp\/v2\/comments?post=110473"}],"version-history":[{"count":1,"href":"https:\/\/www.bellunopress.it\/fr\/wp-json\/wp\/v2\/posts\/110473\/revisions"}],"predecessor-version":[{"id":110474,"href":"https:\/\/www.bellunopress.it\/fr\/wp-json\/wp\/v2\/posts\/110473\/revisions\/110474"}],"wp:attachment":[{"href":"https:\/\/www.bellunopress.it\/fr\/wp-json\/wp\/v2\/media?parent=110473"}],"wp:term":[{"taxonomy":"category","embeddable":true,"href":"https:\/\/www.bellunopress.it\/fr\/wp-json\/wp\/v2\/categories?post=110473"},{"taxonomy":"post_tag","embeddable":true,"href":"https:\/\/www.bellunopress.it\/fr\/wp-json\/wp\/v2\/tags?post=110473"}],"curies":[{"name":"wp","href":"https:\/\/api.w.org\/{rel}","templated":true}]}}