{"id":110471,"date":"2019-12-15T21:52:06","date_gmt":"2019-12-15T20:52:06","guid":{"rendered":"http:\/\/www.bellunopress.it\/?p=110471"},"modified":"2019-12-15T21:52:06","modified_gmt":"2019-12-15T20:52:06","slug":"interventi-del-soccorso-alpino-ad-auronzo-e-canale-dagordo","status":"publish","type":"post","link":"https:\/\/www.bellunopress.it\/fr\/2019\/12\/15\/interventi-del-soccorso-alpino-ad-auronzo-e-canale-dagordo\/","title":{"rendered":"Interventi del Soccorso alpino ad Auronzo e Canale d&#8217;Agordo"},"content":{"rendered":"<p><a href=\"http:\/\/www.bellunopress.it\/fr\/2017\/02\/27\/intervento-del-soccorso-alpino-a-forcella-della-neve\/soccorso-alpino-18\/\" rel=\"attachment wp-att-84692\"><img loading=\"lazy\" decoding=\"async\" class=\"alignleft size-full wp-image-84692\" src=\"http:\/\/www.bellunopress.it\/wp-content\/uploads\/2017\/02\/soccorso-alpino.jpeg\" alt=\"\" width=\"300\" height=\"230\" \/><\/a>Auronzo di Cadore (BL), 15 &#8211; 12 &#8211; 19 Alle 16.20 circa il Soccorso alpino di Auronzo \u00e8 stato allertato per due escursionisti con le ciaspe, bloccati in un canale ghiacciato non distanti da Forcella Col di Mezzo sulle Tre Cime di Lavaredo. I due, una ragazza spagnola di 28 anni e un ragazzo udinese di 27, erano partiti dal Lago d&#8217;Antorno alle 13 per fare il giro, passando dal Rifugio Auronzo e Lavaredo. Attardatisi per\u00f2, seguendo le tracce lasciate da scialpinisti si erano trovati nella fase di rientro sul lato ovest su neve dura con il rischio di scivolare e farsi male. Raggiunta da una squadra di 8 soccorritori, pi\u00f9 altri 3 pronti ad intervenire, avvicinatisi con quad e motoslitta e poi con gli sci, la coppia \u00e8 stata equipaggiata con pile e Artva, accompagnata ai mezzi e da l\u00ec alla propria macchina.<\/p>\n<p>Canale d&#8217;Agordo (BL), 15 &#8211; 12 &#8211; 19 Ieri verso le 17.15 il Soccorso alpino della Val Biois \u00e8 stato allertato per un escursionista in difficolt\u00e0 sopra Gares. L&#8217;uomo, che stava facendo un giro con le ciaspe lungo il sentiero 756, arrivato in direzione di Malga Valbona si era trovato ad attraversare un ripido canale ghiacciato, con il rischio di scivolare per alcune centinaia di metri. Si era quindi fermato ancorandosi a una pianta e aveva chiesto aiuto. Messi in contatto con F.Z., 40 anni, di San Giovanni in Persiceto (BO), i soccorritori hanno capito dove si trovava e lo hanno raggiunto. Dopo averlo calato per una decina di metri, lo hanno assicurato ed aiutato a rientrare a valle.<\/p>","protected":false},"excerpt":{"rendered":"<p>Auronzo di Cadore (BL), 15 &#8211; 12 &#8211; 19 Alle 16.20 circa il Soccorso alpino di Auronzo \u00e8 stato allertato per due escursionisti con le ciaspe, bloccati in un canale ghiacciato non distanti da Forcella Col di Mezzo sulle Tre Cime di Lavaredo. I due, una ragazza spagnola di 28 anni e un ragazzo udinese [&hellip;]<\/p>\n","protected":false},"author":2,"featured_media":0,"comment_status":"closed","ping_status":"open","sticky":false,"template":"","format":"standard","meta":{"footnotes":""},"categories":[5,26],"tags":[],"class_list":["post-110471","post","type-post","status-publish","format-standard","category-cronaca","category-prima-pagina"],"yoast_head":"<!-- This site is optimized with the Yoast SEO plugin v28.4 - https:\/\/yoast.com\/product\/yoast-seo-wordpress\/ -->\n<title>Interventi del Soccorso alpino ad Auronzo e Canale d&#039;Agordo - Bellunopress - Dolomiti<\/title>\n<meta name=\"robots\" content=\"index, follow, max-snippet:-1, max-image-preview:large, max-video-preview:-1\" \/>\n<link rel=\"canonical\" href=\"https:\/\/www.bellunopress.it\/fr\/2019\/12\/15\/interventi-del-soccorso-alpino-ad-auronzo-e-canale-dagordo\/\" \/>\n<meta property=\"og:locale\" content=\"fr_FR\" \/>\n<meta property=\"og:type\" content=\"article\" \/>\n<meta property=\"og:title\" content=\"Interventi del Soccorso alpino ad Auronzo e Canale d&#039;Agordo - Bellunopress - Dolomiti\" \/>\n<meta property=\"og:description\" content=\"Auronzo di Cadore (BL), 15 &#8211; 12 &#8211; 19 Alle 16.20 circa il Soccorso alpino di Auronzo \u00e8 stato allertato per due escursionisti con le ciaspe, bloccati in un canale ghiacciato non distanti da Forcella Col di Mezzo sulle Tre Cime di Lavaredo. I due, una ragazza spagnola di 28 anni e un ragazzo udinese [&hellip;]\" \/>\n<meta property=\"og:url\" content=\"https:\/\/www.bellunopress.it\/fr\/2019\/12\/15\/interventi-del-soccorso-alpino-ad-auronzo-e-canale-dagordo\/\" \/>\n<meta property=\"og:site_name\" content=\"Bellunopress - Dolomiti\" \/>\n<meta property=\"article:publisher\" content=\"https:\/\/www.facebook.com\/profile.php?id=100008943462799\" \/>\n<meta property=\"article:published_time\" content=\"2019-12-15T20:52:06+00:00\" \/>\n<meta property=\"og:image\" content=\"http:\/\/www.bellunopress.it\/wp-content\/uploads\/2017\/02\/soccorso-alpino.jpeg\" \/>\n<meta name=\"author\" content=\"redazione\" \/>\n<meta name=\"twitter:card\" content=\"summary_large_image\" \/>\n<meta name=\"twitter:creator\" content=\"@bellunopress\" \/>\n<meta name=\"twitter:site\" content=\"@bellunopress\" \/>\n<meta name=\"twitter:label1\" content=\"\u00c9crit par\" \/>\n\t<meta name=\"twitter:data1\" content=\"redazione\" \/>\n\t<meta name=\"twitter:label2\" content=\"Dur\u00e9e de lecture estim\u00e9e\" \/>\n\t<meta name=\"twitter:data2\" content=\"1 minute\" \/>\n<script type=\"application\/ld+json\" class=\"yoast-schema-graph\">{\"@context\":\"https:\\\/\\\/schema.org\",\"@graph\":[{\"@type\":\"Article\",\"@id\":\"https:\\\/\\\/www.bellunopress.it\\\/2019\\\/12\\\/15\\\/interventi-del-soccorso-alpino-ad-auronzo-e-canale-dagordo\\\/#article\",\"isPartOf\":{\"@id\":\"https:\\\/\\\/www.bellunopress.it\\\/2019\\\/12\\\/15\\\/interventi-del-soccorso-alpino-ad-auronzo-e-canale-dagordo\\\/\"},\"author\":{\"name\":\"redazione\",\"@id\":\"https:\\\/\\\/www.bellunopress.it\\\/#\\\/schema\\\/person\\\/79bb06722b37ece1c03d3e94beb30d73\"},\"headline\":\"Interventi del Soccorso alpino ad Auronzo e Canale d&#8217;Agordo\",\"datePublished\":\"2019-12-15T20:52:06+00:00\",\"mainEntityOfPage\":{\"@id\":\"https:\\\/\\\/www.bellunopress.it\\\/2019\\\/12\\\/15\\\/interventi-del-soccorso-alpino-ad-auronzo-e-canale-dagordo\\\/\"},\"wordCount\":259,\"publisher\":{\"@id\":\"https:\\\/\\\/www.bellunopress.it\\\/#organization\"},\"image\":{\"@id\":\"https:\\\/\\\/www.bellunopress.it\\\/2019\\\/12\\\/15\\\/interventi-del-soccorso-alpino-ad-auronzo-e-canale-dagordo\\\/#primaryimage\"},\"thumbnailUrl\":\"http:\\\/\\\/www.bellunopress.it\\\/wp-content\\\/uploads\\\/2017\\\/02\\\/soccorso-alpino.jpeg\",\"articleSection\":[\"Cronaca\\\/Politica\",\"Prima Pagina\"],\"inLanguage\":\"fr-FR\"},{\"@type\":\"WebPage\",\"@id\":\"https:\\\/\\\/www.bellunopress.it\\\/2019\\\/12\\\/15\\\/interventi-del-soccorso-alpino-ad-auronzo-e-canale-dagordo\\\/\",\"url\":\"https:\\\/\\\/www.bellunopress.it\\\/2019\\\/12\\\/15\\\/interventi-del-soccorso-alpino-ad-auronzo-e-canale-dagordo\\\/\",\"name\":\"Interventi del Soccorso alpino ad Auronzo e Canale d'Agordo - Bellunopress - Dolomiti\",\"isPartOf\":{\"@id\":\"https:\\\/\\\/www.bellunopress.it\\\/#website\"},\"primaryImageOfPage\":{\"@id\":\"https:\\\/\\\/www.bellunopress.it\\\/2019\\\/12\\\/15\\\/interventi-del-soccorso-alpino-ad-auronzo-e-canale-dagordo\\\/#primaryimage\"},\"image\":{\"@id\":\"https:\\\/\\\/www.bellunopress.it\\\/2019\\\/12\\\/15\\\/interventi-del-soccorso-alpino-ad-auronzo-e-canale-dagordo\\\/#primaryimage\"},\"thumbnailUrl\":\"http:\\\/\\\/www.bellunopress.it\\\/wp-content\\\/uploads\\\/2017\\\/02\\\/soccorso-alpino.jpeg\",\"datePublished\":\"2019-12-15T20:52:06+00:00\",\"breadcrumb\":{\"@id\":\"https:\\\/\\\/www.bellunopress.it\\\/2019\\\/12\\\/15\\\/interventi-del-soccorso-alpino-ad-auronzo-e-canale-dagordo\\\/#breadcrumb\"},\"inLanguage\":\"fr-FR\",\"potentialAction\":[{\"@type\":\"ReadAction\",\"target\":[\"https:\\\/\\\/www.bellunopress.it\\\/2019\\\/12\\\/15\\\/interventi-del-soccorso-alpino-ad-auronzo-e-canale-dagordo\\\/\"]}]},{\"@type\":\"ImageObject\",\"inLanguage\":\"fr-FR\",\"@id\":\"https:\\\/\\\/www.bellunopress.it\\\/2019\\\/12\\\/15\\\/interventi-del-soccorso-alpino-ad-auronzo-e-canale-dagordo\\\/#primaryimage\",\"url\":\"http:\\\/\\\/www.bellunopress.it\\\/wp-content\\\/uploads\\\/2017\\\/02\\\/soccorso-alpino.jpeg\",\"contentUrl\":\"http:\\\/\\\/www.bellunopress.it\\\/wp-content\\\/uploads\\\/2017\\\/02\\\/soccorso-alpino.jpeg\"},{\"@type\":\"BreadcrumbList\",\"@id\":\"https:\\\/\\\/www.bellunopress.it\\\/2019\\\/12\\\/15\\\/interventi-del-soccorso-alpino-ad-auronzo-e-canale-dagordo\\\/#breadcrumb\",\"itemListElement\":[{\"@type\":\"ListItem\",\"position\":1,\"name\":\"Home\",\"item\":\"https:\\\/\\\/www.bellunopress.it\\\/\"},{\"@type\":\"ListItem\",\"position\":2,\"name\":\"Interventi del Soccorso alpino ad Auronzo e Canale d&#8217;Agordo\"}]},{\"@type\":\"WebSite\",\"@id\":\"https:\\\/\\\/www.bellunopress.it\\\/#website\",\"url\":\"https:\\\/\\\/www.bellunopress.it\\\/\",\"name\":\"Bellunopress - Dolomiti\",\"description\":\"e-mail: redazione@bellunopress.it\",\"publisher\":{\"@id\":\"https:\\\/\\\/www.bellunopress.it\\\/#organization\"},\"potentialAction\":[{\"@type\":\"SearchAction\",\"target\":{\"@type\":\"EntryPoint\",\"urlTemplate\":\"https:\\\/\\\/www.bellunopress.it\\\/?s={search_term_string}\"},\"query-input\":{\"@type\":\"PropertyValueSpecification\",\"valueRequired\":true,\"valueName\":\"search_term_string\"}}],\"inLanguage\":\"fr-FR\"},{\"@type\":\"Organization\",\"@id\":\"https:\\\/\\\/www.bellunopress.it\\\/#organization\",\"name\":\"Bellunopress\",\"url\":\"https:\\\/\\\/www.bellunopress.it\\\/\",\"logo\":{\"@type\":\"ImageObject\",\"inLanguage\":\"fr-FR\",\"@id\":\"https:\\\/\\\/www.bellunopress.it\\\/#\\\/schema\\\/logo\\\/image\\\/\",\"url\":\"https:\\\/\\\/www.bellunopress.it\\\/wp-content\\\/uploads\\\/2011\\\/05\\\/cropped-logo-bellunopress-.jpg\",\"contentUrl\":\"https:\\\/\\\/www.bellunopress.it\\\/wp-content\\\/uploads\\\/2011\\\/05\\\/cropped-logo-bellunopress-.jpg\",\"width\":512,\"height\":512,\"caption\":\"Bellunopress\"},\"image\":{\"@id\":\"https:\\\/\\\/www.bellunopress.it\\\/#\\\/schema\\\/logo\\\/image\\\/\"},\"sameAs\":[\"https:\\\/\\\/www.facebook.com\\\/profile.php?id=100008943462799\",\"https:\\\/\\\/x.com\\\/bellunopress\",\"https:\\\/\\\/www.linkedin.com\\\/hp\\\/?dnr=JBzUWaJfMUw8vbXJJ2tVW5-I3jZKvC4wsoxE&amp;amp;amp;amp;amp;amp;trk=nav_responsive_tab_home\",\"https:\\\/\\\/www.youtube.com\\\/channel\\\/UCxL0wu1uN0_3_7hGG0306cw\"]},{\"@type\":\"Person\",\"@id\":\"https:\\\/\\\/www.bellunopress.it\\\/#\\\/schema\\\/person\\\/79bb06722b37ece1c03d3e94beb30d73\",\"name\":\"redazione\",\"image\":{\"@type\":\"ImageObject\",\"inLanguage\":\"fr-FR\",\"@id\":\"https:\\\/\\\/secure.gravatar.com\\\/avatar\\\/37d968a2e67a6fd04c169c4bdef102d0bc5d31b2546345219e348575eb80e9a0?s=96&d=mm&r=g\",\"url\":\"https:\\\/\\\/secure.gravatar.com\\\/avatar\\\/37d968a2e67a6fd04c169c4bdef102d0bc5d31b2546345219e348575eb80e9a0?s=96&d=mm&r=g\",\"contentUrl\":\"https:\\\/\\\/secure.gravatar.com\\\/avatar\\\/37d968a2e67a6fd04c169c4bdef102d0bc5d31b2546345219e348575eb80e9a0?s=96&d=mm&r=g\",\"caption\":\"redazione\"},\"sameAs\":[\"http:\\\/\\\/www.bellunopress.it\",\"https:\\\/\\\/x.com\\\/bellunopress\"],\"url\":\"https:\\\/\\\/www.bellunopress.it\\\/fr\\\/author\\\/redazione\\\/\"}]}<\/script>\n<!-- \/ Yoast SEO plugin. -->","yoast_head_json":{"title":"Interventi del Soccorso alpino ad Auronzo e Canale d'Agordo - Bellunopress - Dolomiti","robots":{"index":"index","follow":"follow","max-snippet":"max-snippet:-1","max-image-preview":"max-image-preview:large","max-video-preview":"max-video-preview:-1"},"canonical":"https:\/\/www.bellunopress.it\/fr\/2019\/12\/15\/interventi-del-soccorso-alpino-ad-auronzo-e-canale-dagordo\/","og_locale":"fr_FR","og_type":"article","og_title":"Interventi del Soccorso alpino ad Auronzo e Canale d'Agordo - Bellunopress - Dolomiti","og_description":"Auronzo di Cadore (BL), 15 &#8211; 12 &#8211; 19 Alle 16.20 circa il Soccorso alpino di Auronzo \u00e8 stato allertato per due escursionisti con le ciaspe, bloccati in un canale ghiacciato non distanti da Forcella Col di Mezzo sulle Tre Cime di Lavaredo. I due, una ragazza spagnola di 28 anni e un ragazzo udinese [&hellip;]","og_url":"https:\/\/www.bellunopress.it\/fr\/2019\/12\/15\/interventi-del-soccorso-alpino-ad-auronzo-e-canale-dagordo\/","og_site_name":"Bellunopress - Dolomiti","article_publisher":"https:\/\/www.facebook.com\/profile.php?id=100008943462799","article_published_time":"2019-12-15T20:52:06+00:00","og_image":[{"url":"http:\/\/www.bellunopress.it\/wp-content\/uploads\/2017\/02\/soccorso-alpino.jpeg","type":"","width":"","height":""}],"author":"redazione","twitter_card":"summary_large_image","twitter_creator":"@bellunopress","twitter_site":"@bellunopress","twitter_misc":{"\u00c9crit par":"redazione","Dur\u00e9e de lecture estim\u00e9e":"1 minute"},"schema":{"@context":"https:\/\/schema.org","@graph":[{"@type":"Article","@id":"https:\/\/www.bellunopress.it\/2019\/12\/15\/interventi-del-soccorso-alpino-ad-auronzo-e-canale-dagordo\/#article","isPartOf":{"@id":"https:\/\/www.bellunopress.it\/2019\/12\/15\/interventi-del-soccorso-alpino-ad-auronzo-e-canale-dagordo\/"},"author":{"name":"redazione","@id":"https:\/\/www.bellunopress.it\/#\/schema\/person\/79bb06722b37ece1c03d3e94beb30d73"},"headline":"Interventi del Soccorso alpino ad Auronzo e Canale d&#8217;Agordo","datePublished":"2019-12-15T20:52:06+00:00","mainEntityOfPage":{"@id":"https:\/\/www.bellunopress.it\/2019\/12\/15\/interventi-del-soccorso-alpino-ad-auronzo-e-canale-dagordo\/"},"wordCount":259,"publisher":{"@id":"https:\/\/www.bellunopress.it\/#organization"},"image":{"@id":"https:\/\/www.bellunopress.it\/2019\/12\/15\/interventi-del-soccorso-alpino-ad-auronzo-e-canale-dagordo\/#primaryimage"},"thumbnailUrl":"http:\/\/www.bellunopress.it\/wp-content\/uploads\/2017\/02\/soccorso-alpino.jpeg","articleSection":["Cronaca\/Politica","Prima Pagina"],"inLanguage":"fr-FR"},{"@type":"WebPage","@id":"https:\/\/www.bellunopress.it\/2019\/12\/15\/interventi-del-soccorso-alpino-ad-auronzo-e-canale-dagordo\/","url":"https:\/\/www.bellunopress.it\/2019\/12\/15\/interventi-del-soccorso-alpino-ad-auronzo-e-canale-dagordo\/","name":"Interventi del Soccorso alpino ad Auronzo e Canale d'Agordo - Bellunopress - Dolomiti","isPartOf":{"@id":"https:\/\/www.bellunopress.it\/#website"},"primaryImageOfPage":{"@id":"https:\/\/www.bellunopress.it\/2019\/12\/15\/interventi-del-soccorso-alpino-ad-auronzo-e-canale-dagordo\/#primaryimage"},"image":{"@id":"https:\/\/www.bellunopress.it\/2019\/12\/15\/interventi-del-soccorso-alpino-ad-auronzo-e-canale-dagordo\/#primaryimage"},"thumbnailUrl":"http:\/\/www.bellunopress.it\/wp-content\/uploads\/2017\/02\/soccorso-alpino.jpeg","datePublished":"2019-12-15T20:52:06+00:00","breadcrumb":{"@id":"https:\/\/www.bellunopress.it\/2019\/12\/15\/interventi-del-soccorso-alpino-ad-auronzo-e-canale-dagordo\/#breadcrumb"},"inLanguage":"fr-FR","potentialAction":[{"@type":"ReadAction","target":["https:\/\/www.bellunopress.it\/2019\/12\/15\/interventi-del-soccorso-alpino-ad-auronzo-e-canale-dagordo\/"]}]},{"@type":"ImageObject","inLanguage":"fr-FR","@id":"https:\/\/www.bellunopress.it\/2019\/12\/15\/interventi-del-soccorso-alpino-ad-auronzo-e-canale-dagordo\/#primaryimage","url":"http:\/\/www.bellunopress.it\/wp-content\/uploads\/2017\/02\/soccorso-alpino.jpeg","contentUrl":"http:\/\/www.bellunopress.it\/wp-content\/uploads\/2017\/02\/soccorso-alpino.jpeg"},{"@type":"BreadcrumbList","@id":"https:\/\/www.bellunopress.it\/2019\/12\/15\/interventi-del-soccorso-alpino-ad-auronzo-e-canale-dagordo\/#breadcrumb","itemListElement":[{"@type":"ListItem","position":1,"name":"Home","item":"https:\/\/www.bellunopress.it\/"},{"@type":"ListItem","position":2,"name":"Interventi del Soccorso alpino ad Auronzo e Canale d&#8217;Agordo"}]},{"@type":"WebSite","@id":"https:\/\/www.bellunopress.it\/#website","url":"https:\/\/www.bellunopress.it\/","name":"Bellunopress - Dolomiti","description":"e-mail: redazione@bellunopress.it","publisher":{"@id":"https:\/\/www.bellunopress.it\/#organization"},"potentialAction":[{"@type":"SearchAction","target":{"@type":"EntryPoint","urlTemplate":"https:\/\/www.bellunopress.it\/?s={search_term_string}"},"query-input":{"@type":"PropertyValueSpecification","valueRequired":true,"valueName":"search_term_string"}}],"inLanguage":"fr-FR"},{"@type":"Organization","@id":"https:\/\/www.bellunopress.it\/#organization","name":"Bellunopress","url":"https:\/\/www.bellunopress.it\/","logo":{"@type":"ImageObject","inLanguage":"fr-FR","@id":"https:\/\/www.bellunopress.it\/#\/schema\/logo\/image\/","url":"https:\/\/www.bellunopress.it\/wp-content\/uploads\/2011\/05\/cropped-logo-bellunopress-.jpg","contentUrl":"https:\/\/www.bellunopress.it\/wp-content\/uploads\/2011\/05\/cropped-logo-bellunopress-.jpg","width":512,"height":512,"caption":"Bellunopress"},"image":{"@id":"https:\/\/www.bellunopress.it\/#\/schema\/logo\/image\/"},"sameAs":["https:\/\/www.facebook.com\/profile.php?id=100008943462799","https:\/\/x.com\/bellunopress","https:\/\/www.linkedin.com\/hp\/?dnr=JBzUWaJfMUw8vbXJJ2tVW5-I3jZKvC4wsoxE&amp;amp;amp;amp;amp;amp;trk=nav_responsive_tab_home","https:\/\/www.youtube.com\/channel\/UCxL0wu1uN0_3_7hGG0306cw"]},{"@type":"Person","@id":"https:\/\/www.bellunopress.it\/#\/schema\/person\/79bb06722b37ece1c03d3e94beb30d73","name":"r\u00e9daction","image":{"@type":"ImageObject","inLanguage":"fr-FR","@id":"https:\/\/secure.gravatar.com\/avatar\/37d968a2e67a6fd04c169c4bdef102d0bc5d31b2546345219e348575eb80e9a0?s=96&d=mm&r=g","url":"https:\/\/secure.gravatar.com\/avatar\/37d968a2e67a6fd04c169c4bdef102d0bc5d31b2546345219e348575eb80e9a0?s=96&d=mm&r=g","contentUrl":"https:\/\/secure.gravatar.com\/avatar\/37d968a2e67a6fd04c169c4bdef102d0bc5d31b2546345219e348575eb80e9a0?s=96&d=mm&r=g","caption":"redazione"},"sameAs":["http:\/\/www.bellunopress.it","https:\/\/x.com\/bellunopress"],"url":"https:\/\/www.bellunopress.it\/fr\/author\/redazione\/"}]}},"_links":{"self":[{"href":"https:\/\/www.bellunopress.it\/fr\/wp-json\/wp\/v2\/posts\/110471","targetHints":{"allow":["GET"]}}],"collection":[{"href":"https:\/\/www.bellunopress.it\/fr\/wp-json\/wp\/v2\/posts"}],"about":[{"href":"https:\/\/www.bellunopress.it\/fr\/wp-json\/wp\/v2\/types\/post"}],"author":[{"embeddable":true,"href":"https:\/\/www.bellunopress.it\/fr\/wp-json\/wp\/v2\/users\/2"}],"replies":[{"embeddable":true,"href":"https:\/\/www.bellunopress.it\/fr\/wp-json\/wp\/v2\/comments?post=110471"}],"version-history":[{"count":1,"href":"https:\/\/www.bellunopress.it\/fr\/wp-json\/wp\/v2\/posts\/110471\/revisions"}],"predecessor-version":[{"id":110472,"href":"https:\/\/www.bellunopress.it\/fr\/wp-json\/wp\/v2\/posts\/110471\/revisions\/110472"}],"wp:attachment":[{"href":"https:\/\/www.bellunopress.it\/fr\/wp-json\/wp\/v2\/media?parent=110471"}],"wp:term":[{"taxonomy":"category","embeddable":true,"href":"https:\/\/www.bellunopress.it\/fr\/wp-json\/wp\/v2\/categories?post=110471"},{"taxonomy":"post_tag","embeddable":true,"href":"https:\/\/www.bellunopress.it\/fr\/wp-json\/wp\/v2\/tags?post=110471"}],"curies":[{"name":"wp","href":"https:\/\/api.w.org\/{rel}","templated":true}]}}