{"id":110467,"date":"2019-12-15T20:46:03","date_gmt":"2019-12-15T19:46:03","guid":{"rendered":"http:\/\/www.bellunopress.it\/?p=110467"},"modified":"2019-12-15T20:46:03","modified_gmt":"2019-12-15T19:46:03","slug":"il-ritorno-dei-non-voglio-che-clara-la-band-bellunese-anticipa-il-nuovo-disco-superspleen-vol-1-con-il-singolo-la-croazia","status":"publish","type":"post","link":"https:\/\/www.bellunopress.it\/fr\/2019\/12\/15\/il-ritorno-dei-non-voglio-che-clara-la-band-bellunese-anticipa-il-nuovo-disco-superspleen-vol-1-con-il-singolo-la-croazia\/","title":{"rendered":"Il ritorno dei Non voglio che Clara. La band bellunese anticipa il nuovo disco Superspleen Vol.1  con il singolo La Croazia"},"content":{"rendered":"<p>Dopo lunga assenza, torna la band bellunese dei Non Voglio Che Clara con il singolo La Croazia, che anticipa l&#8217;uscita del nuovo disco Superspleen Vol. 1 realizzato con l&#8217;etichetta Dischi Sotterranei. Si tratta di una band cult della scena rock degli anni 2000, che \u00e8 stata un punto di riferimento per l&#8217;educazione sentimentale di una generazione di giovani di provincia.<\/p>\n<p><a href=\"http:\/\/www.bellunopress.it\/fr\/2019\/12\/15\/il-ritorno-dei-non-voglio-che-clara-la-band-bellunese-anticipa-il-nuovo-disco-superspleen-vol-1-con-il-singolo-la-croazia\/non-voglio-che-clara\/\" rel=\"attachment wp-att-110468\"><img loading=\"lazy\" decoding=\"async\" class=\"alignleft size-full wp-image-110468\" src=\"http:\/\/www.bellunopress.it\/wp-content\/uploads\/2019\/12\/Non-voglio-che-Clara-.jpg\" alt=\"\" width=\"300\" height=\"225\" \/><\/a>La Croazia rappresenta il passaggio fra l&#8217;adolescenza e l&#8217;et\u00e0 adulta e tutte le possibilit\u00e0 che la vita ci sembra offrire. In un presente che \u00e8 contemporaneamente passato e futuro, immobile e fugace, stringiamo il nostro patto con l&#8217;eternit\u00e0 sorseggiando un gin tonic, con i piedi immersi nell&#8217;acqua della cala di Podrace.<\/p>\n<p><strong>La Croazia<\/strong><br \/>\n(F.DeMin \/M.Cuman \/M.Batelli)<br \/>\nBasso elettrico, Oberheim Sem VST e programmazione di Martino Cuman<br \/>\nChitarra elettrica e chitarra acustica di Marcello Batelli<br \/>\nPercussioni di Igor de Paoli<br \/>\nJuno 106, Mopho X4, Moog Sub 37 e DRM1 di Edoardo Piccolo<br \/>\nVoce e Jx3p di Fabio de Min | Bongos di Moreno dal Farra<br \/>\nCori di Marcello Batelli e Martino Cuman<br \/>\nRegistrata da Martino Cuman tra Villa Sesso Schiavo e Le Pareti Sconnesse e da Fabio de Min all\u2019Audiogruppo.<br \/>\nMixing di Fabio Trentini al FabLabs Studio.<\/p>\n<p><strong>La band<\/strong><br \/>\nNon voglio che Clara inizia a farsi notare nel 2004 grazie a Caffe Cortina, un demo che finisce col raccogliere i primi consensi portando la band nel giro di pochi mesi ad incidere Hotel Tivoli, esordio discografico targato Aiuola Dischi \/Universal Music Italia. Salutato da molta stampa di settore come miglior disco italiano dell&#8217;anno, Hotel Tivoli \u00e8, nelle parole di Alberto Campo, &#8220;uno scorcio di vita appartato eppure aperto al mondo, al tempo stesso provinciale e cosmopolita&#8221;.<br \/>\nNel 2006 esce il secondo disco omonimo, mentre con il terzo disco Dei Cani del 2010 la formazione si stabilizza in quella attuale, composta da Fabio de Min (voce, pianoforte, chitarre e principale autore del gruppo) Marcello Batelli (chitarre e sintetizzatori), Martino Cuman (basso e sintetizzatori) e Igor de Paoli (batteria e sintetizzatori). Superspleen Vol.1 segue L&#8217;amore fin che dura uscito nel 2014 per Picicca \/Sony.<br \/>\nPer Superspleen Vol.1 il gruppo ha messo insieme una decina di brani fra quelli composti e registrati in studio tra il 2017 e il 2019. Destinato a completarsi in un secondo e successivo volume, Superspleen \u00e8 una raccolta di brani pensati e realizzati da una band che a maturit\u00e0 raggiunta scruta nuovi orizzonti stilistici pur rimanendo fedele alle proprie origini. Ne risulta il disco pi\u00f9 corale e accessibile realizzato fino ad oggi dai Non voglio che Clara.<br \/>\nProdotto da Non Voglio che Clara e mixato da Fabio Trentini (Guano Apes, Subway to Sally, H-Blockx).<\/p>","protected":false},"excerpt":{"rendered":"<p>Dopo lunga assenza, torna la band bellunese dei Non Voglio Che Clara con il singolo La Croazia, che anticipa l&#8217;uscita del nuovo disco Superspleen Vol. 1 realizzato con l&#8217;etichetta Dischi Sotterranei. Si tratta di una band cult della scena rock degli anni 2000, che \u00e8 stata un punto di riferimento per l&#8217;educazione sentimentale di una [&hellip;]<\/p>\n","protected":false},"author":2,"featured_media":0,"comment_status":"closed","ping_status":"open","sticky":false,"template":"","format":"standard","meta":{"footnotes":""},"categories":[3,25],"tags":[],"class_list":["post-110467","post","type-post","status-publish","format-standard","category-arte-cultura-spettacoli-scienza-archivi","category-pausa-caffe"],"yoast_head":"<!-- This site is optimized with the Yoast SEO plugin v28.4 - https:\/\/yoast.com\/product\/yoast-seo-wordpress\/ -->\n<title>Il ritorno dei Non voglio che Clara. La band bellunese anticipa il nuovo disco Superspleen Vol.1 con il singolo La Croazia - Bellunopress - Dolomiti<\/title>\n<meta name=\"robots\" content=\"index, follow, max-snippet:-1, max-image-preview:large, max-video-preview:-1\" \/>\n<link rel=\"canonical\" href=\"https:\/\/www.bellunopress.it\/fr\/2019\/12\/15\/il-ritorno-dei-non-voglio-che-clara-la-band-bellunese-anticipa-il-nuovo-disco-superspleen-vol-1-con-il-singolo-la-croazia\/\" \/>\n<meta property=\"og:locale\" content=\"fr_FR\" \/>\n<meta property=\"og:type\" content=\"article\" \/>\n<meta property=\"og:title\" content=\"Il ritorno dei Non voglio che Clara. La band bellunese anticipa il nuovo disco Superspleen Vol.1 con il singolo La Croazia - Bellunopress - Dolomiti\" \/>\n<meta property=\"og:description\" content=\"Dopo lunga assenza, torna la band bellunese dei Non Voglio Che Clara con il singolo La Croazia, che anticipa l&#8217;uscita del nuovo disco Superspleen Vol. 1 realizzato con l&#8217;etichetta Dischi Sotterranei. Si tratta di una band cult della scena rock degli anni 2000, che \u00e8 stata un punto di riferimento per l&#8217;educazione sentimentale di una [&hellip;]\" \/>\n<meta property=\"og:url\" content=\"https:\/\/www.bellunopress.it\/fr\/2019\/12\/15\/il-ritorno-dei-non-voglio-che-clara-la-band-bellunese-anticipa-il-nuovo-disco-superspleen-vol-1-con-il-singolo-la-croazia\/\" \/>\n<meta property=\"og:site_name\" content=\"Bellunopress - Dolomiti\" \/>\n<meta property=\"article:publisher\" content=\"https:\/\/www.facebook.com\/profile.php?id=100008943462799\" \/>\n<meta property=\"article:published_time\" content=\"2019-12-15T19:46:03+00:00\" \/>\n<meta property=\"og:image\" content=\"http:\/\/www.bellunopress.it\/wp-content\/uploads\/2019\/12\/Non-voglio-che-Clara-.jpg\" \/>\n<meta name=\"author\" content=\"redazione\" \/>\n<meta name=\"twitter:card\" content=\"summary_large_image\" \/>\n<meta name=\"twitter:creator\" content=\"@bellunopress\" \/>\n<meta name=\"twitter:site\" content=\"@bellunopress\" \/>\n<meta name=\"twitter:label1\" content=\"\u00c9crit par\" \/>\n\t<meta name=\"twitter:data1\" content=\"redazione\" \/>\n\t<meta name=\"twitter:label2\" content=\"Dur\u00e9e de lecture estim\u00e9e\" \/>\n\t<meta name=\"twitter:data2\" content=\"2 minutes\" \/>\n<script type=\"application\/ld+json\" class=\"yoast-schema-graph\">{\"@context\":\"https:\\\/\\\/schema.org\",\"@graph\":[{\"@type\":\"Article\",\"@id\":\"https:\\\/\\\/www.bellunopress.it\\\/2019\\\/12\\\/15\\\/il-ritorno-dei-non-voglio-che-clara-la-band-bellunese-anticipa-il-nuovo-disco-superspleen-vol-1-con-il-singolo-la-croazia\\\/#article\",\"isPartOf\":{\"@id\":\"https:\\\/\\\/www.bellunopress.it\\\/2019\\\/12\\\/15\\\/il-ritorno-dei-non-voglio-che-clara-la-band-bellunese-anticipa-il-nuovo-disco-superspleen-vol-1-con-il-singolo-la-croazia\\\/\"},\"author\":{\"name\":\"redazione\",\"@id\":\"https:\\\/\\\/www.bellunopress.it\\\/#\\\/schema\\\/person\\\/79bb06722b37ece1c03d3e94beb30d73\"},\"headline\":\"Il ritorno dei Non voglio che Clara. La band bellunese anticipa il nuovo disco Superspleen Vol.1 con il singolo La Croazia\",\"datePublished\":\"2019-12-15T19:46:03+00:00\",\"mainEntityOfPage\":{\"@id\":\"https:\\\/\\\/www.bellunopress.it\\\/2019\\\/12\\\/15\\\/il-ritorno-dei-non-voglio-che-clara-la-band-bellunese-anticipa-il-nuovo-disco-superspleen-vol-1-con-il-singolo-la-croazia\\\/\"},\"wordCount\":455,\"publisher\":{\"@id\":\"https:\\\/\\\/www.bellunopress.it\\\/#organization\"},\"image\":{\"@id\":\"https:\\\/\\\/www.bellunopress.it\\\/2019\\\/12\\\/15\\\/il-ritorno-dei-non-voglio-che-clara-la-band-bellunese-anticipa-il-nuovo-disco-superspleen-vol-1-con-il-singolo-la-croazia\\\/#primaryimage\"},\"thumbnailUrl\":\"http:\\\/\\\/www.bellunopress.it\\\/wp-content\\\/uploads\\\/2019\\\/12\\\/Non-voglio-che-Clara-.jpg\",\"articleSection\":[\"Arte, Cultura, Spettacoli, Scienza\",\"Pausa Caff\u00e8\"],\"inLanguage\":\"fr-FR\"},{\"@type\":\"WebPage\",\"@id\":\"https:\\\/\\\/www.bellunopress.it\\\/2019\\\/12\\\/15\\\/il-ritorno-dei-non-voglio-che-clara-la-band-bellunese-anticipa-il-nuovo-disco-superspleen-vol-1-con-il-singolo-la-croazia\\\/\",\"url\":\"https:\\\/\\\/www.bellunopress.it\\\/2019\\\/12\\\/15\\\/il-ritorno-dei-non-voglio-che-clara-la-band-bellunese-anticipa-il-nuovo-disco-superspleen-vol-1-con-il-singolo-la-croazia\\\/\",\"name\":\"Il ritorno dei Non voglio che Clara. La band bellunese anticipa il nuovo disco Superspleen Vol.1 con il singolo La Croazia - Bellunopress - Dolomiti\",\"isPartOf\":{\"@id\":\"https:\\\/\\\/www.bellunopress.it\\\/#website\"},\"primaryImageOfPage\":{\"@id\":\"https:\\\/\\\/www.bellunopress.it\\\/2019\\\/12\\\/15\\\/il-ritorno-dei-non-voglio-che-clara-la-band-bellunese-anticipa-il-nuovo-disco-superspleen-vol-1-con-il-singolo-la-croazia\\\/#primaryimage\"},\"image\":{\"@id\":\"https:\\\/\\\/www.bellunopress.it\\\/2019\\\/12\\\/15\\\/il-ritorno-dei-non-voglio-che-clara-la-band-bellunese-anticipa-il-nuovo-disco-superspleen-vol-1-con-il-singolo-la-croazia\\\/#primaryimage\"},\"thumbnailUrl\":\"http:\\\/\\\/www.bellunopress.it\\\/wp-content\\\/uploads\\\/2019\\\/12\\\/Non-voglio-che-Clara-.jpg\",\"datePublished\":\"2019-12-15T19:46:03+00:00\",\"breadcrumb\":{\"@id\":\"https:\\\/\\\/www.bellunopress.it\\\/2019\\\/12\\\/15\\\/il-ritorno-dei-non-voglio-che-clara-la-band-bellunese-anticipa-il-nuovo-disco-superspleen-vol-1-con-il-singolo-la-croazia\\\/#breadcrumb\"},\"inLanguage\":\"fr-FR\",\"potentialAction\":[{\"@type\":\"ReadAction\",\"target\":[\"https:\\\/\\\/www.bellunopress.it\\\/2019\\\/12\\\/15\\\/il-ritorno-dei-non-voglio-che-clara-la-band-bellunese-anticipa-il-nuovo-disco-superspleen-vol-1-con-il-singolo-la-croazia\\\/\"]}]},{\"@type\":\"ImageObject\",\"inLanguage\":\"fr-FR\",\"@id\":\"https:\\\/\\\/www.bellunopress.it\\\/2019\\\/12\\\/15\\\/il-ritorno-dei-non-voglio-che-clara-la-band-bellunese-anticipa-il-nuovo-disco-superspleen-vol-1-con-il-singolo-la-croazia\\\/#primaryimage\",\"url\":\"http:\\\/\\\/www.bellunopress.it\\\/wp-content\\\/uploads\\\/2019\\\/12\\\/Non-voglio-che-Clara-.jpg\",\"contentUrl\":\"http:\\\/\\\/www.bellunopress.it\\\/wp-content\\\/uploads\\\/2019\\\/12\\\/Non-voglio-che-Clara-.jpg\"},{\"@type\":\"BreadcrumbList\",\"@id\":\"https:\\\/\\\/www.bellunopress.it\\\/2019\\\/12\\\/15\\\/il-ritorno-dei-non-voglio-che-clara-la-band-bellunese-anticipa-il-nuovo-disco-superspleen-vol-1-con-il-singolo-la-croazia\\\/#breadcrumb\",\"itemListElement\":[{\"@type\":\"ListItem\",\"position\":1,\"name\":\"Home\",\"item\":\"https:\\\/\\\/www.bellunopress.it\\\/\"},{\"@type\":\"ListItem\",\"position\":2,\"name\":\"Il ritorno dei Non voglio che Clara. La band bellunese anticipa il nuovo disco Superspleen Vol.1 con il singolo La Croazia\"}]},{\"@type\":\"WebSite\",\"@id\":\"https:\\\/\\\/www.bellunopress.it\\\/#website\",\"url\":\"https:\\\/\\\/www.bellunopress.it\\\/\",\"name\":\"Bellunopress - Dolomiti\",\"description\":\"e-mail: redazione@bellunopress.it\",\"publisher\":{\"@id\":\"https:\\\/\\\/www.bellunopress.it\\\/#organization\"},\"potentialAction\":[{\"@type\":\"SearchAction\",\"target\":{\"@type\":\"EntryPoint\",\"urlTemplate\":\"https:\\\/\\\/www.bellunopress.it\\\/?s={search_term_string}\"},\"query-input\":{\"@type\":\"PropertyValueSpecification\",\"valueRequired\":true,\"valueName\":\"search_term_string\"}}],\"inLanguage\":\"fr-FR\"},{\"@type\":\"Organization\",\"@id\":\"https:\\\/\\\/www.bellunopress.it\\\/#organization\",\"name\":\"Bellunopress\",\"url\":\"https:\\\/\\\/www.bellunopress.it\\\/\",\"logo\":{\"@type\":\"ImageObject\",\"inLanguage\":\"fr-FR\",\"@id\":\"https:\\\/\\\/www.bellunopress.it\\\/#\\\/schema\\\/logo\\\/image\\\/\",\"url\":\"https:\\\/\\\/www.bellunopress.it\\\/wp-content\\\/uploads\\\/2011\\\/05\\\/cropped-logo-bellunopress-.jpg\",\"contentUrl\":\"https:\\\/\\\/www.bellunopress.it\\\/wp-content\\\/uploads\\\/2011\\\/05\\\/cropped-logo-bellunopress-.jpg\",\"width\":512,\"height\":512,\"caption\":\"Bellunopress\"},\"image\":{\"@id\":\"https:\\\/\\\/www.bellunopress.it\\\/#\\\/schema\\\/logo\\\/image\\\/\"},\"sameAs\":[\"https:\\\/\\\/www.facebook.com\\\/profile.php?id=100008943462799\",\"https:\\\/\\\/x.com\\\/bellunopress\",\"https:\\\/\\\/www.linkedin.com\\\/hp\\\/?dnr=JBzUWaJfMUw8vbXJJ2tVW5-I3jZKvC4wsoxE&amp;amp;amp;amp;amp;amp;trk=nav_responsive_tab_home\",\"https:\\\/\\\/www.youtube.com\\\/channel\\\/UCxL0wu1uN0_3_7hGG0306cw\"]},{\"@type\":\"Person\",\"@id\":\"https:\\\/\\\/www.bellunopress.it\\\/#\\\/schema\\\/person\\\/79bb06722b37ece1c03d3e94beb30d73\",\"name\":\"redazione\",\"image\":{\"@type\":\"ImageObject\",\"inLanguage\":\"fr-FR\",\"@id\":\"https:\\\/\\\/secure.gravatar.com\\\/avatar\\\/37d968a2e67a6fd04c169c4bdef102d0bc5d31b2546345219e348575eb80e9a0?s=96&d=mm&r=g\",\"url\":\"https:\\\/\\\/secure.gravatar.com\\\/avatar\\\/37d968a2e67a6fd04c169c4bdef102d0bc5d31b2546345219e348575eb80e9a0?s=96&d=mm&r=g\",\"contentUrl\":\"https:\\\/\\\/secure.gravatar.com\\\/avatar\\\/37d968a2e67a6fd04c169c4bdef102d0bc5d31b2546345219e348575eb80e9a0?s=96&d=mm&r=g\",\"caption\":\"redazione\"},\"sameAs\":[\"http:\\\/\\\/www.bellunopress.it\",\"https:\\\/\\\/x.com\\\/bellunopress\"],\"url\":\"https:\\\/\\\/www.bellunopress.it\\\/fr\\\/author\\\/redazione\\\/\"}]}<\/script>\n<!-- \/ Yoast SEO plugin. -->","yoast_head_json":{"title":"Il ritorno dei Non voglio che Clara. La band bellunese anticipa il nuovo disco Superspleen Vol.1 con il singolo La Croazia - Bellunopress - Dolomiti","robots":{"index":"index","follow":"follow","max-snippet":"max-snippet:-1","max-image-preview":"max-image-preview:large","max-video-preview":"max-video-preview:-1"},"canonical":"https:\/\/www.bellunopress.it\/fr\/2019\/12\/15\/il-ritorno-dei-non-voglio-che-clara-la-band-bellunese-anticipa-il-nuovo-disco-superspleen-vol-1-con-il-singolo-la-croazia\/","og_locale":"fr_FR","og_type":"article","og_title":"Il ritorno dei Non voglio che Clara. La band bellunese anticipa il nuovo disco Superspleen Vol.1 con il singolo La Croazia - Bellunopress - Dolomiti","og_description":"Dopo lunga assenza, torna la band bellunese dei Non Voglio Che Clara con il singolo La Croazia, che anticipa l&#8217;uscita del nuovo disco Superspleen Vol. 1 realizzato con l&#8217;etichetta Dischi Sotterranei. Si tratta di una band cult della scena rock degli anni 2000, che \u00e8 stata un punto di riferimento per l&#8217;educazione sentimentale di una [&hellip;]","og_url":"https:\/\/www.bellunopress.it\/fr\/2019\/12\/15\/il-ritorno-dei-non-voglio-che-clara-la-band-bellunese-anticipa-il-nuovo-disco-superspleen-vol-1-con-il-singolo-la-croazia\/","og_site_name":"Bellunopress - Dolomiti","article_publisher":"https:\/\/www.facebook.com\/profile.php?id=100008943462799","article_published_time":"2019-12-15T19:46:03+00:00","og_image":[{"url":"http:\/\/www.bellunopress.it\/wp-content\/uploads\/2019\/12\/Non-voglio-che-Clara-.jpg","type":"","width":"","height":""}],"author":"redazione","twitter_card":"summary_large_image","twitter_creator":"@bellunopress","twitter_site":"@bellunopress","twitter_misc":{"\u00c9crit par":"redazione","Dur\u00e9e de lecture estim\u00e9e":"2 minutes"},"schema":{"@context":"https:\/\/schema.org","@graph":[{"@type":"Article","@id":"https:\/\/www.bellunopress.it\/2019\/12\/15\/il-ritorno-dei-non-voglio-che-clara-la-band-bellunese-anticipa-il-nuovo-disco-superspleen-vol-1-con-il-singolo-la-croazia\/#article","isPartOf":{"@id":"https:\/\/www.bellunopress.it\/2019\/12\/15\/il-ritorno-dei-non-voglio-che-clara-la-band-bellunese-anticipa-il-nuovo-disco-superspleen-vol-1-con-il-singolo-la-croazia\/"},"author":{"name":"redazione","@id":"https:\/\/www.bellunopress.it\/#\/schema\/person\/79bb06722b37ece1c03d3e94beb30d73"},"headline":"Il ritorno dei Non voglio che Clara. La band bellunese anticipa il nuovo disco Superspleen Vol.1 con il singolo La Croazia","datePublished":"2019-12-15T19:46:03+00:00","mainEntityOfPage":{"@id":"https:\/\/www.bellunopress.it\/2019\/12\/15\/il-ritorno-dei-non-voglio-che-clara-la-band-bellunese-anticipa-il-nuovo-disco-superspleen-vol-1-con-il-singolo-la-croazia\/"},"wordCount":455,"publisher":{"@id":"https:\/\/www.bellunopress.it\/#organization"},"image":{"@id":"https:\/\/www.bellunopress.it\/2019\/12\/15\/il-ritorno-dei-non-voglio-che-clara-la-band-bellunese-anticipa-il-nuovo-disco-superspleen-vol-1-con-il-singolo-la-croazia\/#primaryimage"},"thumbnailUrl":"http:\/\/www.bellunopress.it\/wp-content\/uploads\/2019\/12\/Non-voglio-che-Clara-.jpg","articleSection":["Arte, Cultura, Spettacoli, Scienza","Pausa Caff\u00e8"],"inLanguage":"fr-FR"},{"@type":"WebPage","@id":"https:\/\/www.bellunopress.it\/2019\/12\/15\/il-ritorno-dei-non-voglio-che-clara-la-band-bellunese-anticipa-il-nuovo-disco-superspleen-vol-1-con-il-singolo-la-croazia\/","url":"https:\/\/www.bellunopress.it\/2019\/12\/15\/il-ritorno-dei-non-voglio-che-clara-la-band-bellunese-anticipa-il-nuovo-disco-superspleen-vol-1-con-il-singolo-la-croazia\/","name":"Il ritorno dei Non voglio che Clara. La band bellunese anticipa il nuovo disco Superspleen Vol.1 con il singolo La Croazia - Bellunopress - Dolomiti","isPartOf":{"@id":"https:\/\/www.bellunopress.it\/#website"},"primaryImageOfPage":{"@id":"https:\/\/www.bellunopress.it\/2019\/12\/15\/il-ritorno-dei-non-voglio-che-clara-la-band-bellunese-anticipa-il-nuovo-disco-superspleen-vol-1-con-il-singolo-la-croazia\/#primaryimage"},"image":{"@id":"https:\/\/www.bellunopress.it\/2019\/12\/15\/il-ritorno-dei-non-voglio-che-clara-la-band-bellunese-anticipa-il-nuovo-disco-superspleen-vol-1-con-il-singolo-la-croazia\/#primaryimage"},"thumbnailUrl":"http:\/\/www.bellunopress.it\/wp-content\/uploads\/2019\/12\/Non-voglio-che-Clara-.jpg","datePublished":"2019-12-15T19:46:03+00:00","breadcrumb":{"@id":"https:\/\/www.bellunopress.it\/2019\/12\/15\/il-ritorno-dei-non-voglio-che-clara-la-band-bellunese-anticipa-il-nuovo-disco-superspleen-vol-1-con-il-singolo-la-croazia\/#breadcrumb"},"inLanguage":"fr-FR","potentialAction":[{"@type":"ReadAction","target":["https:\/\/www.bellunopress.it\/2019\/12\/15\/il-ritorno-dei-non-voglio-che-clara-la-band-bellunese-anticipa-il-nuovo-disco-superspleen-vol-1-con-il-singolo-la-croazia\/"]}]},{"@type":"ImageObject","inLanguage":"fr-FR","@id":"https:\/\/www.bellunopress.it\/2019\/12\/15\/il-ritorno-dei-non-voglio-che-clara-la-band-bellunese-anticipa-il-nuovo-disco-superspleen-vol-1-con-il-singolo-la-croazia\/#primaryimage","url":"http:\/\/www.bellunopress.it\/wp-content\/uploads\/2019\/12\/Non-voglio-che-Clara-.jpg","contentUrl":"http:\/\/www.bellunopress.it\/wp-content\/uploads\/2019\/12\/Non-voglio-che-Clara-.jpg"},{"@type":"BreadcrumbList","@id":"https:\/\/www.bellunopress.it\/2019\/12\/15\/il-ritorno-dei-non-voglio-che-clara-la-band-bellunese-anticipa-il-nuovo-disco-superspleen-vol-1-con-il-singolo-la-croazia\/#breadcrumb","itemListElement":[{"@type":"ListItem","position":1,"name":"Home","item":"https:\/\/www.bellunopress.it\/"},{"@type":"ListItem","position":2,"name":"Il ritorno dei Non voglio che Clara. La band bellunese anticipa il nuovo disco Superspleen Vol.1 con il singolo La Croazia"}]},{"@type":"WebSite","@id":"https:\/\/www.bellunopress.it\/#website","url":"https:\/\/www.bellunopress.it\/","name":"Bellunopress - Dolomiti","description":"e-mail: redazione@bellunopress.it","publisher":{"@id":"https:\/\/www.bellunopress.it\/#organization"},"potentialAction":[{"@type":"SearchAction","target":{"@type":"EntryPoint","urlTemplate":"https:\/\/www.bellunopress.it\/?s={search_term_string}"},"query-input":{"@type":"PropertyValueSpecification","valueRequired":true,"valueName":"search_term_string"}}],"inLanguage":"fr-FR"},{"@type":"Organization","@id":"https:\/\/www.bellunopress.it\/#organization","name":"Bellunopress","url":"https:\/\/www.bellunopress.it\/","logo":{"@type":"ImageObject","inLanguage":"fr-FR","@id":"https:\/\/www.bellunopress.it\/#\/schema\/logo\/image\/","url":"https:\/\/www.bellunopress.it\/wp-content\/uploads\/2011\/05\/cropped-logo-bellunopress-.jpg","contentUrl":"https:\/\/www.bellunopress.it\/wp-content\/uploads\/2011\/05\/cropped-logo-bellunopress-.jpg","width":512,"height":512,"caption":"Bellunopress"},"image":{"@id":"https:\/\/www.bellunopress.it\/#\/schema\/logo\/image\/"},"sameAs":["https:\/\/www.facebook.com\/profile.php?id=100008943462799","https:\/\/x.com\/bellunopress","https:\/\/www.linkedin.com\/hp\/?dnr=JBzUWaJfMUw8vbXJJ2tVW5-I3jZKvC4wsoxE&amp;amp;amp;amp;amp;amp;trk=nav_responsive_tab_home","https:\/\/www.youtube.com\/channel\/UCxL0wu1uN0_3_7hGG0306cw"]},{"@type":"Person","@id":"https:\/\/www.bellunopress.it\/#\/schema\/person\/79bb06722b37ece1c03d3e94beb30d73","name":"r\u00e9daction","image":{"@type":"ImageObject","inLanguage":"fr-FR","@id":"https:\/\/secure.gravatar.com\/avatar\/37d968a2e67a6fd04c169c4bdef102d0bc5d31b2546345219e348575eb80e9a0?s=96&d=mm&r=g","url":"https:\/\/secure.gravatar.com\/avatar\/37d968a2e67a6fd04c169c4bdef102d0bc5d31b2546345219e348575eb80e9a0?s=96&d=mm&r=g","contentUrl":"https:\/\/secure.gravatar.com\/avatar\/37d968a2e67a6fd04c169c4bdef102d0bc5d31b2546345219e348575eb80e9a0?s=96&d=mm&r=g","caption":"redazione"},"sameAs":["http:\/\/www.bellunopress.it","https:\/\/x.com\/bellunopress"],"url":"https:\/\/www.bellunopress.it\/fr\/author\/redazione\/"}]}},"_links":{"self":[{"href":"https:\/\/www.bellunopress.it\/fr\/wp-json\/wp\/v2\/posts\/110467","targetHints":{"allow":["GET"]}}],"collection":[{"href":"https:\/\/www.bellunopress.it\/fr\/wp-json\/wp\/v2\/posts"}],"about":[{"href":"https:\/\/www.bellunopress.it\/fr\/wp-json\/wp\/v2\/types\/post"}],"author":[{"embeddable":true,"href":"https:\/\/www.bellunopress.it\/fr\/wp-json\/wp\/v2\/users\/2"}],"replies":[{"embeddable":true,"href":"https:\/\/www.bellunopress.it\/fr\/wp-json\/wp\/v2\/comments?post=110467"}],"version-history":[{"count":2,"href":"https:\/\/www.bellunopress.it\/fr\/wp-json\/wp\/v2\/posts\/110467\/revisions"}],"predecessor-version":[{"id":110470,"href":"https:\/\/www.bellunopress.it\/fr\/wp-json\/wp\/v2\/posts\/110467\/revisions\/110470"}],"wp:attachment":[{"href":"https:\/\/www.bellunopress.it\/fr\/wp-json\/wp\/v2\/media?parent=110467"}],"wp:term":[{"taxonomy":"category","embeddable":true,"href":"https:\/\/www.bellunopress.it\/fr\/wp-json\/wp\/v2\/categories?post=110467"},{"taxonomy":"post_tag","embeddable":true,"href":"https:\/\/www.bellunopress.it\/fr\/wp-json\/wp\/v2\/tags?post=110467"}],"curies":[{"name":"wp","href":"https:\/\/api.w.org\/{rel}","templated":true}]}}