{"id":110465,"date":"2019-12-15T18:59:01","date_gmt":"2019-12-15T17:59:01","guid":{"rendered":"http:\/\/www.bellunopress.it\/?p=110465"},"modified":"2019-12-15T18:59:01","modified_gmt":"2019-12-15T17:59:01","slug":"zaia-annuncia-la-nascita-della-fondazione-che-gestira-il-sito-unesco-delle-colline-del-prosecco","status":"publish","type":"post","link":"https:\/\/www.bellunopress.it\/fr\/2019\/12\/15\/zaia-annuncia-la-nascita-della-fondazione-che-gestira-il-sito-unesco-delle-colline-del-prosecco\/","title":{"rendered":"Zaia annuncia la nascita della fondazione che gestir\u00e0 il sito Unesco delle Colline del Prosecco"},"content":{"rendered":"<figure id=\"attachment_80873\" aria-describedby=\"caption-attachment-80873\" style=\"width: 350px\" class=\"wp-caption alignleft\"><a href=\"http:\/\/www.bellunopress.it\/fr\/2016\/09\/22\/le-colline-del-prosecco-verso-il-riconoscimento-di-patrimonio-dellumanita-lunedi-a-venezia-la-firma-tra-28-comuni-della-marca\/colline-prosecco\/\" rel=\"attachment wp-att-80873\"><img loading=\"lazy\" decoding=\"async\" class=\"size-full wp-image-80873\" src=\"http:\/\/www.bellunopress.it\/wp-content\/uploads\/2016\/09\/colline-prosecco.jpg\" alt=\"\" width=\"350\" height=\"169\" \/><\/a><figcaption id=\"caption-attachment-80873\" class=\"wp-caption-text\">Colline del Prosecco<\/figcaption><\/figure>\n<p>Venezia, 15 dicembre 2019\u00a0 &#8211;\u00a0 \u201cComunico che il prossimo 2 gennaio, presso lo studio notarile Broli di Conegliano, costituiremo la Fondazione che gestir\u00e0 il sito delle \u2018Colline del Prosecco di Conegliano e Valdobbiadene\u2019, iscritto nella lista dei paesaggi culturali da tutelare come patrimonio dell\u2019umanit\u00e0: un fatto non solo formale, anche sostanziale, dato che giustamente l\u2019Unesco ci impone ci impone di salvaguardare il sito e di investire sulla sua valorizzazione\u201d.<\/p>\n<p>L\u2019annuncio \u00e8 del presidente della Regione del Veneto, Luca Zaia, all\u2019inaugurazione svoltasi stamane della 1359.a edizione dell\u2019Antica Fiera di Santa Lucia, in provincia di Treviso, uno delle pi\u00f9 importanti e storiche manifestazioni del settore agricolo del Nordest.<\/p>\n<p>\u201c160 mila aziende, 350 prodotti tipici, un\u2019industria da 6 miliardi di euro: questa \u00e8 l\u2019agricoltura del Veneto \u2013 ha detto Zaia \u2013. Ma \u00e8 soprattutto un settore che continua ad attrarre i nostri giovani. Si parla tanto di fuga di cervelli, di ragazzi tentati dal lavoro all\u2019estero, invece riscontriamo che i nostri giovani tornano all\u2019agricoltura, segnando un aumento positivo, reale, a due cifre, portando innovazione, nuove pratiche culturali e rispetto dell\u2019ambiente attraverso lo sviluppo delle coltivazioni biologiche\u201d.<\/p>\n<p>Zaia, rispondendo alle domande dei giornalisti, si \u00e8 detto molto onorato di ricevere domani a Roma il \u201cCollare d\u2019Oro\u201d, massima onorificenza dello sport italiano, conferitogli dal Coni per essere stato uno dei principali promotori e artefici dell\u2019assegnazione a Milano-Cortina dei Giochi Olimpici invernali del 2026: \u201cHo presentato la candidatura di Cortina e del Veneto ad ospitare le Olimpiadi nottetempo, senza che nessuno se ne accorgesse \u2013 ha ricordato il presidente \u2013 e adesso siamo qui a programmare concretamente questo grande evento\u201d.<\/p>\n<p>Sempre domani, dopo la cerimonia di consegna dei riconoscimenti del Coni, si terr\u00e0 anche un incontro con il presidente del Consiglio dei ministri Giuseppe Conte. \u201cParleremo di legge olimpica ma anche di altri argomenti, tra i quali l\u2019autonomia \u2013 ha anticipato Zaia \u2013. Io ribadir\u00f2 al premier che questo governo ha un\u2019occasione storica, servita su un piatto d\u2019argento, che si chiama per l\u2019appunto autonomia: si diano da fare\u201d.<\/p>","protected":false},"excerpt":{"rendered":"<p>Venezia, 15 dicembre 2019\u00a0 &#8211;\u00a0 \u201cComunico che il prossimo 2 gennaio, presso lo studio notarile Broli di Conegliano, costituiremo la Fondazione che gestir\u00e0 il sito delle \u2018Colline del Prosecco di Conegliano e Valdobbiadene\u2019, iscritto nella lista dei paesaggi culturali da tutelare come patrimonio dell\u2019umanit\u00e0: un fatto non solo formale, anche sostanziale, dato che giustamente l\u2019Unesco [&hellip;]<\/p>\n","protected":false},"author":2,"featured_media":0,"comment_status":"closed","ping_status":"open","sticky":false,"template":"","format":"standard","meta":{"footnotes":""},"categories":[5,26],"tags":[],"class_list":["post-110465","post","type-post","status-publish","format-standard","category-cronaca","category-prima-pagina"],"yoast_head":"<!-- This site is optimized with the Yoast SEO plugin v28.4 - https:\/\/yoast.com\/product\/yoast-seo-wordpress\/ -->\n<title>Zaia annuncia la nascita della fondazione che gestir\u00e0 il sito Unesco delle Colline del Prosecco - Bellunopress - Dolomiti<\/title>\n<meta name=\"robots\" content=\"index, follow, max-snippet:-1, max-image-preview:large, max-video-preview:-1\" \/>\n<link rel=\"canonical\" href=\"https:\/\/www.bellunopress.it\/fr\/2019\/12\/15\/zaia-annuncia-la-nascita-della-fondazione-che-gestira-il-sito-unesco-delle-colline-del-prosecco\/\" \/>\n<meta property=\"og:locale\" content=\"fr_FR\" \/>\n<meta property=\"og:type\" content=\"article\" \/>\n<meta property=\"og:title\" content=\"Zaia annuncia la nascita della fondazione che gestir\u00e0 il sito Unesco delle Colline del Prosecco - Bellunopress - Dolomiti\" \/>\n<meta property=\"og:description\" content=\"Venezia, 15 dicembre 2019\u00a0 &#8211;\u00a0 \u201cComunico che il prossimo 2 gennaio, presso lo studio notarile Broli di Conegliano, costituiremo la Fondazione che gestir\u00e0 il sito delle \u2018Colline del Prosecco di Conegliano e Valdobbiadene\u2019, iscritto nella lista dei paesaggi culturali da tutelare come patrimonio dell\u2019umanit\u00e0: un fatto non solo formale, anche sostanziale, dato che giustamente l\u2019Unesco [&hellip;]\" \/>\n<meta property=\"og:url\" content=\"https:\/\/www.bellunopress.it\/fr\/2019\/12\/15\/zaia-annuncia-la-nascita-della-fondazione-che-gestira-il-sito-unesco-delle-colline-del-prosecco\/\" \/>\n<meta property=\"og:site_name\" content=\"Bellunopress - Dolomiti\" \/>\n<meta property=\"article:publisher\" content=\"https:\/\/www.facebook.com\/profile.php?id=100008943462799\" \/>\n<meta property=\"article:published_time\" content=\"2019-12-15T17:59:01+00:00\" \/>\n<meta property=\"og:image\" content=\"http:\/\/www.bellunopress.it\/wp-content\/uploads\/2016\/09\/colline-prosecco.jpg\" \/>\n<meta name=\"author\" content=\"redazione\" \/>\n<meta name=\"twitter:card\" content=\"summary_large_image\" \/>\n<meta name=\"twitter:creator\" content=\"@bellunopress\" \/>\n<meta name=\"twitter:site\" content=\"@bellunopress\" \/>\n<meta name=\"twitter:label1\" content=\"\u00c9crit par\" \/>\n\t<meta name=\"twitter:data1\" content=\"redazione\" \/>\n\t<meta name=\"twitter:label2\" content=\"Dur\u00e9e de lecture estim\u00e9e\" \/>\n\t<meta name=\"twitter:data2\" content=\"2 minutes\" \/>\n<script type=\"application\/ld+json\" class=\"yoast-schema-graph\">{\"@context\":\"https:\\\/\\\/schema.org\",\"@graph\":[{\"@type\":\"Article\",\"@id\":\"https:\\\/\\\/www.bellunopress.it\\\/2019\\\/12\\\/15\\\/zaia-annuncia-la-nascita-della-fondazione-che-gestira-il-sito-unesco-delle-colline-del-prosecco\\\/#article\",\"isPartOf\":{\"@id\":\"https:\\\/\\\/www.bellunopress.it\\\/2019\\\/12\\\/15\\\/zaia-annuncia-la-nascita-della-fondazione-che-gestira-il-sito-unesco-delle-colline-del-prosecco\\\/\"},\"author\":{\"name\":\"redazione\",\"@id\":\"https:\\\/\\\/www.bellunopress.it\\\/#\\\/schema\\\/person\\\/79bb06722b37ece1c03d3e94beb30d73\"},\"headline\":\"Zaia annuncia la nascita della fondazione che gestir\u00e0 il sito Unesco delle Colline del Prosecco\",\"datePublished\":\"2019-12-15T17:59:01+00:00\",\"mainEntityOfPage\":{\"@id\":\"https:\\\/\\\/www.bellunopress.it\\\/2019\\\/12\\\/15\\\/zaia-annuncia-la-nascita-della-fondazione-che-gestira-il-sito-unesco-delle-colline-del-prosecco\\\/\"},\"wordCount\":356,\"publisher\":{\"@id\":\"https:\\\/\\\/www.bellunopress.it\\\/#organization\"},\"image\":{\"@id\":\"https:\\\/\\\/www.bellunopress.it\\\/2019\\\/12\\\/15\\\/zaia-annuncia-la-nascita-della-fondazione-che-gestira-il-sito-unesco-delle-colline-del-prosecco\\\/#primaryimage\"},\"thumbnailUrl\":\"http:\\\/\\\/www.bellunopress.it\\\/wp-content\\\/uploads\\\/2016\\\/09\\\/colline-prosecco.jpg\",\"articleSection\":[\"Cronaca\\\/Politica\",\"Prima Pagina\"],\"inLanguage\":\"fr-FR\"},{\"@type\":\"WebPage\",\"@id\":\"https:\\\/\\\/www.bellunopress.it\\\/2019\\\/12\\\/15\\\/zaia-annuncia-la-nascita-della-fondazione-che-gestira-il-sito-unesco-delle-colline-del-prosecco\\\/\",\"url\":\"https:\\\/\\\/www.bellunopress.it\\\/2019\\\/12\\\/15\\\/zaia-annuncia-la-nascita-della-fondazione-che-gestira-il-sito-unesco-delle-colline-del-prosecco\\\/\",\"name\":\"Zaia annuncia la nascita della fondazione che gestir\u00e0 il sito Unesco delle Colline del Prosecco - Bellunopress - Dolomiti\",\"isPartOf\":{\"@id\":\"https:\\\/\\\/www.bellunopress.it\\\/#website\"},\"primaryImageOfPage\":{\"@id\":\"https:\\\/\\\/www.bellunopress.it\\\/2019\\\/12\\\/15\\\/zaia-annuncia-la-nascita-della-fondazione-che-gestira-il-sito-unesco-delle-colline-del-prosecco\\\/#primaryimage\"},\"image\":{\"@id\":\"https:\\\/\\\/www.bellunopress.it\\\/2019\\\/12\\\/15\\\/zaia-annuncia-la-nascita-della-fondazione-che-gestira-il-sito-unesco-delle-colline-del-prosecco\\\/#primaryimage\"},\"thumbnailUrl\":\"http:\\\/\\\/www.bellunopress.it\\\/wp-content\\\/uploads\\\/2016\\\/09\\\/colline-prosecco.jpg\",\"datePublished\":\"2019-12-15T17:59:01+00:00\",\"breadcrumb\":{\"@id\":\"https:\\\/\\\/www.bellunopress.it\\\/2019\\\/12\\\/15\\\/zaia-annuncia-la-nascita-della-fondazione-che-gestira-il-sito-unesco-delle-colline-del-prosecco\\\/#breadcrumb\"},\"inLanguage\":\"fr-FR\",\"potentialAction\":[{\"@type\":\"ReadAction\",\"target\":[\"https:\\\/\\\/www.bellunopress.it\\\/2019\\\/12\\\/15\\\/zaia-annuncia-la-nascita-della-fondazione-che-gestira-il-sito-unesco-delle-colline-del-prosecco\\\/\"]}]},{\"@type\":\"ImageObject\",\"inLanguage\":\"fr-FR\",\"@id\":\"https:\\\/\\\/www.bellunopress.it\\\/2019\\\/12\\\/15\\\/zaia-annuncia-la-nascita-della-fondazione-che-gestira-il-sito-unesco-delle-colline-del-prosecco\\\/#primaryimage\",\"url\":\"http:\\\/\\\/www.bellunopress.it\\\/wp-content\\\/uploads\\\/2016\\\/09\\\/colline-prosecco.jpg\",\"contentUrl\":\"http:\\\/\\\/www.bellunopress.it\\\/wp-content\\\/uploads\\\/2016\\\/09\\\/colline-prosecco.jpg\"},{\"@type\":\"BreadcrumbList\",\"@id\":\"https:\\\/\\\/www.bellunopress.it\\\/2019\\\/12\\\/15\\\/zaia-annuncia-la-nascita-della-fondazione-che-gestira-il-sito-unesco-delle-colline-del-prosecco\\\/#breadcrumb\",\"itemListElement\":[{\"@type\":\"ListItem\",\"position\":1,\"name\":\"Home\",\"item\":\"https:\\\/\\\/www.bellunopress.it\\\/\"},{\"@type\":\"ListItem\",\"position\":2,\"name\":\"Zaia annuncia la nascita della fondazione che gestir\u00e0 il sito Unesco delle Colline del Prosecco\"}]},{\"@type\":\"WebSite\",\"@id\":\"https:\\\/\\\/www.bellunopress.it\\\/#website\",\"url\":\"https:\\\/\\\/www.bellunopress.it\\\/\",\"name\":\"Bellunopress - Dolomiti\",\"description\":\"e-mail: redazione@bellunopress.it\",\"publisher\":{\"@id\":\"https:\\\/\\\/www.bellunopress.it\\\/#organization\"},\"potentialAction\":[{\"@type\":\"SearchAction\",\"target\":{\"@type\":\"EntryPoint\",\"urlTemplate\":\"https:\\\/\\\/www.bellunopress.it\\\/?s={search_term_string}\"},\"query-input\":{\"@type\":\"PropertyValueSpecification\",\"valueRequired\":true,\"valueName\":\"search_term_string\"}}],\"inLanguage\":\"fr-FR\"},{\"@type\":\"Organization\",\"@id\":\"https:\\\/\\\/www.bellunopress.it\\\/#organization\",\"name\":\"Bellunopress\",\"url\":\"https:\\\/\\\/www.bellunopress.it\\\/\",\"logo\":{\"@type\":\"ImageObject\",\"inLanguage\":\"fr-FR\",\"@id\":\"https:\\\/\\\/www.bellunopress.it\\\/#\\\/schema\\\/logo\\\/image\\\/\",\"url\":\"https:\\\/\\\/www.bellunopress.it\\\/wp-content\\\/uploads\\\/2011\\\/05\\\/cropped-logo-bellunopress-.jpg\",\"contentUrl\":\"https:\\\/\\\/www.bellunopress.it\\\/wp-content\\\/uploads\\\/2011\\\/05\\\/cropped-logo-bellunopress-.jpg\",\"width\":512,\"height\":512,\"caption\":\"Bellunopress\"},\"image\":{\"@id\":\"https:\\\/\\\/www.bellunopress.it\\\/#\\\/schema\\\/logo\\\/image\\\/\"},\"sameAs\":[\"https:\\\/\\\/www.facebook.com\\\/profile.php?id=100008943462799\",\"https:\\\/\\\/x.com\\\/bellunopress\",\"https:\\\/\\\/www.linkedin.com\\\/hp\\\/?dnr=JBzUWaJfMUw8vbXJJ2tVW5-I3jZKvC4wsoxE&amp;amp;amp;amp;amp;amp;trk=nav_responsive_tab_home\",\"https:\\\/\\\/www.youtube.com\\\/channel\\\/UCxL0wu1uN0_3_7hGG0306cw\"]},{\"@type\":\"Person\",\"@id\":\"https:\\\/\\\/www.bellunopress.it\\\/#\\\/schema\\\/person\\\/79bb06722b37ece1c03d3e94beb30d73\",\"name\":\"redazione\",\"image\":{\"@type\":\"ImageObject\",\"inLanguage\":\"fr-FR\",\"@id\":\"https:\\\/\\\/secure.gravatar.com\\\/avatar\\\/37d968a2e67a6fd04c169c4bdef102d0bc5d31b2546345219e348575eb80e9a0?s=96&d=mm&r=g\",\"url\":\"https:\\\/\\\/secure.gravatar.com\\\/avatar\\\/37d968a2e67a6fd04c169c4bdef102d0bc5d31b2546345219e348575eb80e9a0?s=96&d=mm&r=g\",\"contentUrl\":\"https:\\\/\\\/secure.gravatar.com\\\/avatar\\\/37d968a2e67a6fd04c169c4bdef102d0bc5d31b2546345219e348575eb80e9a0?s=96&d=mm&r=g\",\"caption\":\"redazione\"},\"sameAs\":[\"http:\\\/\\\/www.bellunopress.it\",\"https:\\\/\\\/x.com\\\/bellunopress\"],\"url\":\"https:\\\/\\\/www.bellunopress.it\\\/fr\\\/author\\\/redazione\\\/\"}]}<\/script>\n<!-- \/ Yoast SEO plugin. -->","yoast_head_json":{"title":"Zaia annuncia la nascita della fondazione che gestir\u00e0 il sito Unesco delle Colline del Prosecco - Bellunopress - Dolomiti","robots":{"index":"index","follow":"follow","max-snippet":"max-snippet:-1","max-image-preview":"max-image-preview:large","max-video-preview":"max-video-preview:-1"},"canonical":"https:\/\/www.bellunopress.it\/fr\/2019\/12\/15\/zaia-annuncia-la-nascita-della-fondazione-che-gestira-il-sito-unesco-delle-colline-del-prosecco\/","og_locale":"fr_FR","og_type":"article","og_title":"Zaia annuncia la nascita della fondazione che gestir\u00e0 il sito Unesco delle Colline del Prosecco - Bellunopress - Dolomiti","og_description":"Venezia, 15 dicembre 2019\u00a0 &#8211;\u00a0 \u201cComunico che il prossimo 2 gennaio, presso lo studio notarile Broli di Conegliano, costituiremo la Fondazione che gestir\u00e0 il sito delle \u2018Colline del Prosecco di Conegliano e Valdobbiadene\u2019, iscritto nella lista dei paesaggi culturali da tutelare come patrimonio dell\u2019umanit\u00e0: un fatto non solo formale, anche sostanziale, dato che giustamente l\u2019Unesco [&hellip;]","og_url":"https:\/\/www.bellunopress.it\/fr\/2019\/12\/15\/zaia-annuncia-la-nascita-della-fondazione-che-gestira-il-sito-unesco-delle-colline-del-prosecco\/","og_site_name":"Bellunopress - Dolomiti","article_publisher":"https:\/\/www.facebook.com\/profile.php?id=100008943462799","article_published_time":"2019-12-15T17:59:01+00:00","og_image":[{"url":"http:\/\/www.bellunopress.it\/wp-content\/uploads\/2016\/09\/colline-prosecco.jpg","type":"","width":"","height":""}],"author":"redazione","twitter_card":"summary_large_image","twitter_creator":"@bellunopress","twitter_site":"@bellunopress","twitter_misc":{"\u00c9crit par":"redazione","Dur\u00e9e de lecture estim\u00e9e":"2 minutes"},"schema":{"@context":"https:\/\/schema.org","@graph":[{"@type":"Article","@id":"https:\/\/www.bellunopress.it\/2019\/12\/15\/zaia-annuncia-la-nascita-della-fondazione-che-gestira-il-sito-unesco-delle-colline-del-prosecco\/#article","isPartOf":{"@id":"https:\/\/www.bellunopress.it\/2019\/12\/15\/zaia-annuncia-la-nascita-della-fondazione-che-gestira-il-sito-unesco-delle-colline-del-prosecco\/"},"author":{"name":"redazione","@id":"https:\/\/www.bellunopress.it\/#\/schema\/person\/79bb06722b37ece1c03d3e94beb30d73"},"headline":"Zaia annuncia la nascita della fondazione che gestir\u00e0 il sito Unesco delle Colline del Prosecco","datePublished":"2019-12-15T17:59:01+00:00","mainEntityOfPage":{"@id":"https:\/\/www.bellunopress.it\/2019\/12\/15\/zaia-annuncia-la-nascita-della-fondazione-che-gestira-il-sito-unesco-delle-colline-del-prosecco\/"},"wordCount":356,"publisher":{"@id":"https:\/\/www.bellunopress.it\/#organization"},"image":{"@id":"https:\/\/www.bellunopress.it\/2019\/12\/15\/zaia-annuncia-la-nascita-della-fondazione-che-gestira-il-sito-unesco-delle-colline-del-prosecco\/#primaryimage"},"thumbnailUrl":"http:\/\/www.bellunopress.it\/wp-content\/uploads\/2016\/09\/colline-prosecco.jpg","articleSection":["Cronaca\/Politica","Prima Pagina"],"inLanguage":"fr-FR"},{"@type":"WebPage","@id":"https:\/\/www.bellunopress.it\/2019\/12\/15\/zaia-annuncia-la-nascita-della-fondazione-che-gestira-il-sito-unesco-delle-colline-del-prosecco\/","url":"https:\/\/www.bellunopress.it\/2019\/12\/15\/zaia-annuncia-la-nascita-della-fondazione-che-gestira-il-sito-unesco-delle-colline-del-prosecco\/","name":"Zaia annuncia la nascita della fondazione che gestir\u00e0 il sito Unesco delle Colline del Prosecco - Bellunopress - Dolomiti","isPartOf":{"@id":"https:\/\/www.bellunopress.it\/#website"},"primaryImageOfPage":{"@id":"https:\/\/www.bellunopress.it\/2019\/12\/15\/zaia-annuncia-la-nascita-della-fondazione-che-gestira-il-sito-unesco-delle-colline-del-prosecco\/#primaryimage"},"image":{"@id":"https:\/\/www.bellunopress.it\/2019\/12\/15\/zaia-annuncia-la-nascita-della-fondazione-che-gestira-il-sito-unesco-delle-colline-del-prosecco\/#primaryimage"},"thumbnailUrl":"http:\/\/www.bellunopress.it\/wp-content\/uploads\/2016\/09\/colline-prosecco.jpg","datePublished":"2019-12-15T17:59:01+00:00","breadcrumb":{"@id":"https:\/\/www.bellunopress.it\/2019\/12\/15\/zaia-annuncia-la-nascita-della-fondazione-che-gestira-il-sito-unesco-delle-colline-del-prosecco\/#breadcrumb"},"inLanguage":"fr-FR","potentialAction":[{"@type":"ReadAction","target":["https:\/\/www.bellunopress.it\/2019\/12\/15\/zaia-annuncia-la-nascita-della-fondazione-che-gestira-il-sito-unesco-delle-colline-del-prosecco\/"]}]},{"@type":"ImageObject","inLanguage":"fr-FR","@id":"https:\/\/www.bellunopress.it\/2019\/12\/15\/zaia-annuncia-la-nascita-della-fondazione-che-gestira-il-sito-unesco-delle-colline-del-prosecco\/#primaryimage","url":"http:\/\/www.bellunopress.it\/wp-content\/uploads\/2016\/09\/colline-prosecco.jpg","contentUrl":"http:\/\/www.bellunopress.it\/wp-content\/uploads\/2016\/09\/colline-prosecco.jpg"},{"@type":"BreadcrumbList","@id":"https:\/\/www.bellunopress.it\/2019\/12\/15\/zaia-annuncia-la-nascita-della-fondazione-che-gestira-il-sito-unesco-delle-colline-del-prosecco\/#breadcrumb","itemListElement":[{"@type":"ListItem","position":1,"name":"Home","item":"https:\/\/www.bellunopress.it\/"},{"@type":"ListItem","position":2,"name":"Zaia annuncia la nascita della fondazione che gestir\u00e0 il sito Unesco delle Colline del Prosecco"}]},{"@type":"WebSite","@id":"https:\/\/www.bellunopress.it\/#website","url":"https:\/\/www.bellunopress.it\/","name":"Bellunopress - Dolomiti","description":"e-mail: redazione@bellunopress.it","publisher":{"@id":"https:\/\/www.bellunopress.it\/#organization"},"potentialAction":[{"@type":"SearchAction","target":{"@type":"EntryPoint","urlTemplate":"https:\/\/www.bellunopress.it\/?s={search_term_string}"},"query-input":{"@type":"PropertyValueSpecification","valueRequired":true,"valueName":"search_term_string"}}],"inLanguage":"fr-FR"},{"@type":"Organization","@id":"https:\/\/www.bellunopress.it\/#organization","name":"Bellunopress","url":"https:\/\/www.bellunopress.it\/","logo":{"@type":"ImageObject","inLanguage":"fr-FR","@id":"https:\/\/www.bellunopress.it\/#\/schema\/logo\/image\/","url":"https:\/\/www.bellunopress.it\/wp-content\/uploads\/2011\/05\/cropped-logo-bellunopress-.jpg","contentUrl":"https:\/\/www.bellunopress.it\/wp-content\/uploads\/2011\/05\/cropped-logo-bellunopress-.jpg","width":512,"height":512,"caption":"Bellunopress"},"image":{"@id":"https:\/\/www.bellunopress.it\/#\/schema\/logo\/image\/"},"sameAs":["https:\/\/www.facebook.com\/profile.php?id=100008943462799","https:\/\/x.com\/bellunopress","https:\/\/www.linkedin.com\/hp\/?dnr=JBzUWaJfMUw8vbXJJ2tVW5-I3jZKvC4wsoxE&amp;amp;amp;amp;amp;amp;trk=nav_responsive_tab_home","https:\/\/www.youtube.com\/channel\/UCxL0wu1uN0_3_7hGG0306cw"]},{"@type":"Person","@id":"https:\/\/www.bellunopress.it\/#\/schema\/person\/79bb06722b37ece1c03d3e94beb30d73","name":"r\u00e9daction","image":{"@type":"ImageObject","inLanguage":"fr-FR","@id":"https:\/\/secure.gravatar.com\/avatar\/37d968a2e67a6fd04c169c4bdef102d0bc5d31b2546345219e348575eb80e9a0?s=96&d=mm&r=g","url":"https:\/\/secure.gravatar.com\/avatar\/37d968a2e67a6fd04c169c4bdef102d0bc5d31b2546345219e348575eb80e9a0?s=96&d=mm&r=g","contentUrl":"https:\/\/secure.gravatar.com\/avatar\/37d968a2e67a6fd04c169c4bdef102d0bc5d31b2546345219e348575eb80e9a0?s=96&d=mm&r=g","caption":"redazione"},"sameAs":["http:\/\/www.bellunopress.it","https:\/\/x.com\/bellunopress"],"url":"https:\/\/www.bellunopress.it\/fr\/author\/redazione\/"}]}},"_links":{"self":[{"href":"https:\/\/www.bellunopress.it\/fr\/wp-json\/wp\/v2\/posts\/110465","targetHints":{"allow":["GET"]}}],"collection":[{"href":"https:\/\/www.bellunopress.it\/fr\/wp-json\/wp\/v2\/posts"}],"about":[{"href":"https:\/\/www.bellunopress.it\/fr\/wp-json\/wp\/v2\/types\/post"}],"author":[{"embeddable":true,"href":"https:\/\/www.bellunopress.it\/fr\/wp-json\/wp\/v2\/users\/2"}],"replies":[{"embeddable":true,"href":"https:\/\/www.bellunopress.it\/fr\/wp-json\/wp\/v2\/comments?post=110465"}],"version-history":[{"count":1,"href":"https:\/\/www.bellunopress.it\/fr\/wp-json\/wp\/v2\/posts\/110465\/revisions"}],"predecessor-version":[{"id":110466,"href":"https:\/\/www.bellunopress.it\/fr\/wp-json\/wp\/v2\/posts\/110465\/revisions\/110466"}],"wp:attachment":[{"href":"https:\/\/www.bellunopress.it\/fr\/wp-json\/wp\/v2\/media?parent=110465"}],"wp:term":[{"taxonomy":"category","embeddable":true,"href":"https:\/\/www.bellunopress.it\/fr\/wp-json\/wp\/v2\/categories?post=110465"},{"taxonomy":"post_tag","embeddable":true,"href":"https:\/\/www.bellunopress.it\/fr\/wp-json\/wp\/v2\/tags?post=110465"}],"curies":[{"name":"wp","href":"https:\/\/api.w.org\/{rel}","templated":true}]}}