{"id":11045,"date":"2009-12-28T20:18:35","date_gmt":"2009-12-28T19:18:35","guid":{"rendered":"http:\/\/www.bellunopress.it\/?p=11045"},"modified":"2009-12-28T20:18:35","modified_gmt":"2009-12-28T19:18:35","slug":"emergenza-rabbia-come-stanno-le-cose-sul-duello-bottacin-donazzan-si-inserisce-massimo-bassan-presidente-della-federazione-musher-e-sleddog-che-sbugiarda-lassessore-regionale-donazzan","status":"publish","type":"post","link":"https:\/\/www.bellunopress.it\/fr\/2009\/12\/28\/emergenza-rabbia-come-stanno-le-cose-sul-duello-bottacin-donazzan-si-inserisce-massimo-bassan-presidente-della-federazione-musher-e-sleddog-che-sbugiarda-lassessore-regionale-donazzan\/","title":{"rendered":"Emergenza rabbia: come stanno le cose ? Sul duello Bottacin &#8211; Donazzan si inserisce Massimo Bassan, presidente della Federazione Musher e Sleddog, che sbugiarda l&#8217;assessore regionale Donazzan"},"content":{"rendered":"<p><a href=\"http:\/\/www.bellunopress.it\/wp-content\/uploads\/2009\/12\/cani-sleddog.jpg\"><img loading=\"lazy\" decoding=\"async\" class=\"alignleft size-medium wp-image-11046\" title=\"cani-sleddog\" src=\"http:\/\/www.bellunopress.it\/wp-content\/uploads\/2009\/12\/cani-sleddog.jpg\" alt=\"\" width=\"280\" height=\"187\" \/><\/a>In questi giorni \u00e8\u00a0 polemica in provincia di Belluno sulla emergenza rabbia silvestre e con quali metodi affrontare il problema. Anche la F.I.M.S.S. (Federazione Italiana Musher e Sleddog Sport) prende posizione. Il presidente Massimo Bassan ha rivolto un pubblico ringraziamento al presidente della Provincia di Belluno, Giampaolo Bottacin che aveva lamentato nei giorni scorsi l\u2019impossibilit\u00e0 di applicare l\u2019ordinanza della Regione Veneto, emanata dall\u2019Assessore\u00a0 ai Servizi veterinari Elena Donazzan, che, secondo lo stesso Bottacin, \u201cimpone vincoli inapplicabili, che dimostrerebbero scarsa conoscenza del territorio\u201d. Vincoli che hanno costretto l\u2019amministrazione provinciale di Belluno ad annullare la gara dell\u2019europeo di Sleddog, prevista a Pian Cansiglio il 2 e 3 gennaio 2010. <a href=\"http:\/\/www.bellunopress.it\/wp-content\/uploads\/2009\/02\/bottacin-80x80.jpg\"><img loading=\"lazy\" decoding=\"async\" class=\"alignleft size-medium wp-image-643\" title=\"bottacin-80x80\" src=\"http:\/\/www.bellunopress.it\/wp-content\/uploads\/2009\/02\/bottacin-80x80.jpg\" alt=\"\" width=\"80\" height=\"80\" \/><\/a>Sostenendo la posizione del presidente Bottacin il quale ha perfettamente inquadrato la situazione con le sue dichiarazioni rese alla stampa in questi giorni, la F.I.M.S.S. sottolinea\u00a0 \u201cil paradosso dell\u2019ordinanza\u201d. Secondo il presidente della F.I.M.S.S., Massimo Bassan \u201cil caso dei possessori di cani da slitta \u00e8 significativo: \u00e8 obbligo dover vaccinare tutti\u00a0 i nostri esemplari per poter gareggiare sia in Italia che all\u2019estero, accollandosi onerosi costi sia di veterinario che di vaccino stesso. Ma quando questa prevenzione ha senso di esistere, ci viene impedito l\u2019utilizzo dei cani: la contraddizione in termini \u00e8 pi\u00f9 che mai evidente; \u00e8 ricorrente in questi giorni nel nostro movimento la domanda sul perch\u00e8 dobbiamo vaccinare gli animali quando alla prima occasione di rischio per la quale sono stati vaccinati dobbiamo fermarli. Neppure allenarli\u201d. Oltretutto, se si \u00e8 cancellata una gara di spessore europeo come la prova del Challange Italia a Pian Cansiglio, non ci capisce come sia potuta andare in scena a Cortina d\u2019Ampezzo la dimostrazione di sleddog con i \u201cvip\u201d. Due pesi e due misure? Delle due l\u2019una: o il pericolo rabbia silvestre esiste o non esiste. \u201cCi chiediamo che ci venga data una risposta- aggiunge Bassan &#8211; perch\u00e9 dobbiamo vaccinare i cani se non si ritiene la vaccinazione una valida profilassi perch\u00e9 se non lasciano utilizzare i cani vaccinati \u00e8 come se non ne riconoscessero la validit\u00e0\u201d. Non \u00e8 finita. Secondo il presidente F.I.M.S.S., Bassan, c\u2019\u00e8 una contraddizione che va risolutamente evidenziata: l\u2019ordinanza Regionale porta data 24 Novembre 2009. In data 26 Novembre 2009, repertoriata alla Corte dei Conti il 27 Novembre 2009 pertanto di almeno due giorni posteriore all\u2019ordinanza Regionale, c\u2019\u00e8 una ordinanza del Ministero della Salute a firma del sottosegretario On. Martini che non parla di divieto di transito degli animali ma dice che gli animali \u201cdevono essere condotti al guinzaglio o comunque contenuti in funzione della specie e tenuti sempre sotto sorveglianza da parte dei detentori\u201d e l\u2019art. 8 dove indica le maggiori restrizioni, parla di \u201c definire i territori a rischio, le zone e le modalit\u00e0 di vaccinazione e eventuali ulteriori misure di controllo\u201d. Non c\u2019\u00e8 nulla, ma proprio nulla, di impedimento dell\u2019utilizzo dei cani\u201d conclude Bassan che aggiunge infine \u201cSe invece esiste una ulteriore ordinanza regionale a firma dell\u2019assessorato e\/o gli enti preposti o successivi chiarimenti da parte del Ministero della Salute, chiediamo che siano resi pubblici alla cittadinanza come \u00e8 OBBLIGO da parte degli enti preposti. Infatti, riteniamo al limite del grottesco la mancanza di comunicazione pubblica dell\u2019Ordinanza Regionale: che succeder\u00e0 se dei turisti verranno colti con i propri cani sulle piste da sci, pertanto in ambiente agro-silvo-pastorale ? \u201c Infine, la F.I.M.S.S. fa ancora notare che Mercoled\u00ec 23 Dicembre 2009 \u00e8 apparso sul TG5 del mattino ( all\u2019incirca alle ore 8.36 ), un reportage sulla rabbia silvestre in cui si diceva che \u201c per portare i cani sulle piste da sci del Bellunese, bisogna vaccinare i cani\u201d. \u201cProntamente avvisati gli organi preposti della Regione Veneto affinch\u00e8 provvedessero ad ufficiale smentita &#8211; conclude Massimo Bassan, presidente FIMSS &#8211; non solo non abbiamo ricevuto alcuna risposta in tal senso ma addirittura la smentita non \u00e8 stata fatta. Ricordiamo che le multe previste dall\u2019Ordinanza Regionale ammontano a svariate migliaia di euro.\u201d Forse per\u00f2 domenica a Cortina d\u2019Ampezzo l\u2019Ordinanza regionale non aveva valore.<\/p>","protected":false},"excerpt":{"rendered":"<p>In questi giorni \u00e8\u00a0 polemica in provincia di Belluno sulla emergenza rabbia silvestre e con quali metodi affrontare il problema. Anche la F.I.M.S.S. (Federazione Italiana Musher e Sleddog Sport) prende posizione. Il presidente Massimo Bassan ha rivolto un pubblico ringraziamento al presidente della Provincia di Belluno, Giampaolo Bottacin che aveva lamentato nei giorni scorsi l\u2019impossibilit\u00e0 [&hellip;]<\/p>\n","protected":false},"author":2,"featured_media":0,"comment_status":"closed","ping_status":"open","sticky":false,"template":"","format":"standard","meta":{"footnotes":""},"categories":[5,17],"tags":[3050],"class_list":["post-11045","post","type-post","status-publish","format-standard","category-cronaca","category-sanita","tag-sanita"],"yoast_head":"<!-- This site is optimized with the Yoast SEO plugin v28.4 - https:\/\/yoast.com\/product\/yoast-seo-wordpress\/ -->\n<title>Emergenza rabbia: come stanno le cose ? Sul duello Bottacin - Donazzan si inserisce Massimo Bassan, presidente della Federazione Musher e Sleddog, che sbugiarda l&#039;assessore regionale Donazzan  - Bellunopress - Dolomiti<\/title>\n<meta name=\"robots\" content=\"index, follow, max-snippet:-1, max-image-preview:large, max-video-preview:-1\" \/>\n<link rel=\"canonical\" href=\"https:\/\/www.bellunopress.it\/fr\/2009\/12\/28\/emergenza-rabbia-come-stanno-le-cose-sul-duello-bottacin-donazzan-si-inserisce-massimo-bassan-presidente-della-federazione-musher-e-sleddog-che-sbugiarda-lassessore-regionale-donazzan\/\" \/>\n<meta property=\"og:locale\" content=\"fr_FR\" \/>\n<meta property=\"og:type\" content=\"article\" \/>\n<meta property=\"og:title\" content=\"Emergenza rabbia: come stanno le cose ? Sul duello Bottacin - Donazzan si inserisce Massimo Bassan, presidente della Federazione Musher e Sleddog, che sbugiarda l&#039;assessore regionale Donazzan  - Bellunopress - Dolomiti\" \/>\n<meta property=\"og:description\" content=\"In questi giorni \u00e8\u00a0 polemica in provincia di Belluno sulla emergenza rabbia silvestre e con quali metodi affrontare il problema. Anche la F.I.M.S.S. (Federazione Italiana Musher e Sleddog Sport) prende posizione. Il presidente Massimo Bassan ha rivolto un pubblico ringraziamento al presidente della Provincia di Belluno, Giampaolo Bottacin che aveva lamentato nei giorni scorsi l\u2019impossibilit\u00e0 [&hellip;]\" \/>\n<meta property=\"og:url\" content=\"https:\/\/www.bellunopress.it\/fr\/2009\/12\/28\/emergenza-rabbia-come-stanno-le-cose-sul-duello-bottacin-donazzan-si-inserisce-massimo-bassan-presidente-della-federazione-musher-e-sleddog-che-sbugiarda-lassessore-regionale-donazzan\/\" \/>\n<meta property=\"og:site_name\" content=\"Bellunopress - Dolomiti\" \/>\n<meta property=\"article:publisher\" content=\"https:\/\/www.facebook.com\/profile.php?id=100008943462799\" \/>\n<meta property=\"article:published_time\" content=\"2009-12-28T19:18:35+00:00\" \/>\n<meta property=\"og:image\" content=\"http:\/\/www.bellunopress.it\/wp-content\/uploads\/2009\/12\/cani-sleddog.jpg\" \/>\n<meta name=\"author\" content=\"redazione\" \/>\n<meta name=\"twitter:card\" content=\"summary_large_image\" \/>\n<meta name=\"twitter:creator\" content=\"@bellunopress\" \/>\n<meta name=\"twitter:site\" content=\"@bellunopress\" \/>\n<meta name=\"twitter:label1\" content=\"\u00c9crit par\" \/>\n\t<meta name=\"twitter:data1\" content=\"redazione\" \/>\n\t<meta name=\"twitter:label2\" content=\"Dur\u00e9e de lecture estim\u00e9e\" \/>\n\t<meta name=\"twitter:data2\" content=\"3 minutes\" \/>\n<script type=\"application\/ld+json\" class=\"yoast-schema-graph\">{\"@context\":\"https:\\\/\\\/schema.org\",\"@graph\":[{\"@type\":\"Article\",\"@id\":\"https:\\\/\\\/www.bellunopress.it\\\/2009\\\/12\\\/28\\\/emergenza-rabbia-come-stanno-le-cose-sul-duello-bottacin-donazzan-si-inserisce-massimo-bassan-presidente-della-federazione-musher-e-sleddog-che-sbugiarda-lassessore-regionale-donazzan\\\/#article\",\"isPartOf\":{\"@id\":\"https:\\\/\\\/www.bellunopress.it\\\/2009\\\/12\\\/28\\\/emergenza-rabbia-come-stanno-le-cose-sul-duello-bottacin-donazzan-si-inserisce-massimo-bassan-presidente-della-federazione-musher-e-sleddog-che-sbugiarda-lassessore-regionale-donazzan\\\/\"},\"author\":{\"name\":\"redazione\",\"@id\":\"https:\\\/\\\/www.bellunopress.it\\\/#\\\/schema\\\/person\\\/79bb06722b37ece1c03d3e94beb30d73\"},\"headline\":\"Emergenza rabbia: come stanno le cose ? Sul duello Bottacin &#8211; Donazzan si inserisce Massimo Bassan, presidente della Federazione Musher e Sleddog, che sbugiarda l&#8217;assessore regionale Donazzan\",\"datePublished\":\"2009-12-28T19:18:35+00:00\",\"mainEntityOfPage\":{\"@id\":\"https:\\\/\\\/www.bellunopress.it\\\/2009\\\/12\\\/28\\\/emergenza-rabbia-come-stanno-le-cose-sul-duello-bottacin-donazzan-si-inserisce-massimo-bassan-presidente-della-federazione-musher-e-sleddog-che-sbugiarda-lassessore-regionale-donazzan\\\/\"},\"wordCount\":687,\"publisher\":{\"@id\":\"https:\\\/\\\/www.bellunopress.it\\\/#organization\"},\"image\":{\"@id\":\"https:\\\/\\\/www.bellunopress.it\\\/2009\\\/12\\\/28\\\/emergenza-rabbia-come-stanno-le-cose-sul-duello-bottacin-donazzan-si-inserisce-massimo-bassan-presidente-della-federazione-musher-e-sleddog-che-sbugiarda-lassessore-regionale-donazzan\\\/#primaryimage\"},\"thumbnailUrl\":\"http:\\\/\\\/www.bellunopress.it\\\/wp-content\\\/uploads\\\/2009\\\/12\\\/cani-sleddog.jpg\",\"keywords\":[\"Sanit\u00e0\"],\"articleSection\":[\"Cronaca\\\/Politica\",\"Sanit\u00e0 Medicina\"],\"inLanguage\":\"fr-FR\"},{\"@type\":\"WebPage\",\"@id\":\"https:\\\/\\\/www.bellunopress.it\\\/2009\\\/12\\\/28\\\/emergenza-rabbia-come-stanno-le-cose-sul-duello-bottacin-donazzan-si-inserisce-massimo-bassan-presidente-della-federazione-musher-e-sleddog-che-sbugiarda-lassessore-regionale-donazzan\\\/\",\"url\":\"https:\\\/\\\/www.bellunopress.it\\\/2009\\\/12\\\/28\\\/emergenza-rabbia-come-stanno-le-cose-sul-duello-bottacin-donazzan-si-inserisce-massimo-bassan-presidente-della-federazione-musher-e-sleddog-che-sbugiarda-lassessore-regionale-donazzan\\\/\",\"name\":\"Emergenza rabbia: come stanno le cose ? Sul duello Bottacin - Donazzan si inserisce Massimo Bassan, presidente della Federazione Musher e Sleddog, che sbugiarda l'assessore regionale Donazzan - Bellunopress - Dolomiti\",\"isPartOf\":{\"@id\":\"https:\\\/\\\/www.bellunopress.it\\\/#website\"},\"primaryImageOfPage\":{\"@id\":\"https:\\\/\\\/www.bellunopress.it\\\/2009\\\/12\\\/28\\\/emergenza-rabbia-come-stanno-le-cose-sul-duello-bottacin-donazzan-si-inserisce-massimo-bassan-presidente-della-federazione-musher-e-sleddog-che-sbugiarda-lassessore-regionale-donazzan\\\/#primaryimage\"},\"image\":{\"@id\":\"https:\\\/\\\/www.bellunopress.it\\\/2009\\\/12\\\/28\\\/emergenza-rabbia-come-stanno-le-cose-sul-duello-bottacin-donazzan-si-inserisce-massimo-bassan-presidente-della-federazione-musher-e-sleddog-che-sbugiarda-lassessore-regionale-donazzan\\\/#primaryimage\"},\"thumbnailUrl\":\"http:\\\/\\\/www.bellunopress.it\\\/wp-content\\\/uploads\\\/2009\\\/12\\\/cani-sleddog.jpg\",\"datePublished\":\"2009-12-28T19:18:35+00:00\",\"breadcrumb\":{\"@id\":\"https:\\\/\\\/www.bellunopress.it\\\/2009\\\/12\\\/28\\\/emergenza-rabbia-come-stanno-le-cose-sul-duello-bottacin-donazzan-si-inserisce-massimo-bassan-presidente-della-federazione-musher-e-sleddog-che-sbugiarda-lassessore-regionale-donazzan\\\/#breadcrumb\"},\"inLanguage\":\"fr-FR\",\"potentialAction\":[{\"@type\":\"ReadAction\",\"target\":[\"https:\\\/\\\/www.bellunopress.it\\\/2009\\\/12\\\/28\\\/emergenza-rabbia-come-stanno-le-cose-sul-duello-bottacin-donazzan-si-inserisce-massimo-bassan-presidente-della-federazione-musher-e-sleddog-che-sbugiarda-lassessore-regionale-donazzan\\\/\"]}]},{\"@type\":\"ImageObject\",\"inLanguage\":\"fr-FR\",\"@id\":\"https:\\\/\\\/www.bellunopress.it\\\/2009\\\/12\\\/28\\\/emergenza-rabbia-come-stanno-le-cose-sul-duello-bottacin-donazzan-si-inserisce-massimo-bassan-presidente-della-federazione-musher-e-sleddog-che-sbugiarda-lassessore-regionale-donazzan\\\/#primaryimage\",\"url\":\"http:\\\/\\\/www.bellunopress.it\\\/wp-content\\\/uploads\\\/2009\\\/12\\\/cani-sleddog.jpg\",\"contentUrl\":\"http:\\\/\\\/www.bellunopress.it\\\/wp-content\\\/uploads\\\/2009\\\/12\\\/cani-sleddog.jpg\"},{\"@type\":\"BreadcrumbList\",\"@id\":\"https:\\\/\\\/www.bellunopress.it\\\/2009\\\/12\\\/28\\\/emergenza-rabbia-come-stanno-le-cose-sul-duello-bottacin-donazzan-si-inserisce-massimo-bassan-presidente-della-federazione-musher-e-sleddog-che-sbugiarda-lassessore-regionale-donazzan\\\/#breadcrumb\",\"itemListElement\":[{\"@type\":\"ListItem\",\"position\":1,\"name\":\"Home\",\"item\":\"https:\\\/\\\/www.bellunopress.it\\\/\"},{\"@type\":\"ListItem\",\"position\":2,\"name\":\"Emergenza rabbia: come stanno le cose ? Sul duello Bottacin &#8211; Donazzan si inserisce Massimo Bassan, presidente della Federazione Musher e Sleddog, che sbugiarda l&#8217;assessore regionale Donazzan\"}]},{\"@type\":\"WebSite\",\"@id\":\"https:\\\/\\\/www.bellunopress.it\\\/#website\",\"url\":\"https:\\\/\\\/www.bellunopress.it\\\/\",\"name\":\"Bellunopress - Dolomiti\",\"description\":\"e-mail: redazione@bellunopress.it\",\"publisher\":{\"@id\":\"https:\\\/\\\/www.bellunopress.it\\\/#organization\"},\"potentialAction\":[{\"@type\":\"SearchAction\",\"target\":{\"@type\":\"EntryPoint\",\"urlTemplate\":\"https:\\\/\\\/www.bellunopress.it\\\/?s={search_term_string}\"},\"query-input\":{\"@type\":\"PropertyValueSpecification\",\"valueRequired\":true,\"valueName\":\"search_term_string\"}}],\"inLanguage\":\"fr-FR\"},{\"@type\":\"Organization\",\"@id\":\"https:\\\/\\\/www.bellunopress.it\\\/#organization\",\"name\":\"Bellunopress\",\"url\":\"https:\\\/\\\/www.bellunopress.it\\\/\",\"logo\":{\"@type\":\"ImageObject\",\"inLanguage\":\"fr-FR\",\"@id\":\"https:\\\/\\\/www.bellunopress.it\\\/#\\\/schema\\\/logo\\\/image\\\/\",\"url\":\"https:\\\/\\\/www.bellunopress.it\\\/wp-content\\\/uploads\\\/2011\\\/05\\\/cropped-logo-bellunopress-.jpg\",\"contentUrl\":\"https:\\\/\\\/www.bellunopress.it\\\/wp-content\\\/uploads\\\/2011\\\/05\\\/cropped-logo-bellunopress-.jpg\",\"width\":512,\"height\":512,\"caption\":\"Bellunopress\"},\"image\":{\"@id\":\"https:\\\/\\\/www.bellunopress.it\\\/#\\\/schema\\\/logo\\\/image\\\/\"},\"sameAs\":[\"https:\\\/\\\/www.facebook.com\\\/profile.php?id=100008943462799\",\"https:\\\/\\\/x.com\\\/bellunopress\",\"https:\\\/\\\/www.linkedin.com\\\/hp\\\/?dnr=JBzUWaJfMUw8vbXJJ2tVW5-I3jZKvC4wsoxE&amp;amp;amp;amp;amp;amp;trk=nav_responsive_tab_home\",\"https:\\\/\\\/www.youtube.com\\\/channel\\\/UCxL0wu1uN0_3_7hGG0306cw\"]},{\"@type\":\"Person\",\"@id\":\"https:\\\/\\\/www.bellunopress.it\\\/#\\\/schema\\\/person\\\/79bb06722b37ece1c03d3e94beb30d73\",\"name\":\"redazione\",\"image\":{\"@type\":\"ImageObject\",\"inLanguage\":\"fr-FR\",\"@id\":\"https:\\\/\\\/secure.gravatar.com\\\/avatar\\\/37d968a2e67a6fd04c169c4bdef102d0bc5d31b2546345219e348575eb80e9a0?s=96&d=mm&r=g\",\"url\":\"https:\\\/\\\/secure.gravatar.com\\\/avatar\\\/37d968a2e67a6fd04c169c4bdef102d0bc5d31b2546345219e348575eb80e9a0?s=96&d=mm&r=g\",\"contentUrl\":\"https:\\\/\\\/secure.gravatar.com\\\/avatar\\\/37d968a2e67a6fd04c169c4bdef102d0bc5d31b2546345219e348575eb80e9a0?s=96&d=mm&r=g\",\"caption\":\"redazione\"},\"sameAs\":[\"http:\\\/\\\/www.bellunopress.it\",\"https:\\\/\\\/x.com\\\/bellunopress\"],\"url\":\"https:\\\/\\\/www.bellunopress.it\\\/fr\\\/author\\\/redazione\\\/\"}]}<\/script>\n<!-- \/ Yoast SEO plugin. -->","yoast_head_json":{"title":"Emergenza rabbia: come stanno le cose ? Sul duello Bottacin - Donazzan si inserisce Massimo Bassan, presidente della Federazione Musher e Sleddog, che sbugiarda l'assessore regionale Donazzan  - Bellunopress - Dolomiti","robots":{"index":"index","follow":"follow","max-snippet":"max-snippet:-1","max-image-preview":"max-image-preview:large","max-video-preview":"max-video-preview:-1"},"canonical":"https:\/\/www.bellunopress.it\/fr\/2009\/12\/28\/emergenza-rabbia-come-stanno-le-cose-sul-duello-bottacin-donazzan-si-inserisce-massimo-bassan-presidente-della-federazione-musher-e-sleddog-che-sbugiarda-lassessore-regionale-donazzan\/","og_locale":"fr_FR","og_type":"article","og_title":"Emergenza rabbia: come stanno le cose ? Sul duello Bottacin - Donazzan si inserisce Massimo Bassan, presidente della Federazione Musher e Sleddog, che sbugiarda l'assessore regionale Donazzan  - Bellunopress - Dolomiti","og_description":"In questi giorni \u00e8\u00a0 polemica in provincia di Belluno sulla emergenza rabbia silvestre e con quali metodi affrontare il problema. Anche la F.I.M.S.S. (Federazione Italiana Musher e Sleddog Sport) prende posizione. Il presidente Massimo Bassan ha rivolto un pubblico ringraziamento al presidente della Provincia di Belluno, Giampaolo Bottacin che aveva lamentato nei giorni scorsi l\u2019impossibilit\u00e0 [&hellip;]","og_url":"https:\/\/www.bellunopress.it\/fr\/2009\/12\/28\/emergenza-rabbia-come-stanno-le-cose-sul-duello-bottacin-donazzan-si-inserisce-massimo-bassan-presidente-della-federazione-musher-e-sleddog-che-sbugiarda-lassessore-regionale-donazzan\/","og_site_name":"Bellunopress - Dolomiti","article_publisher":"https:\/\/www.facebook.com\/profile.php?id=100008943462799","article_published_time":"2009-12-28T19:18:35+00:00","og_image":[{"url":"http:\/\/www.bellunopress.it\/wp-content\/uploads\/2009\/12\/cani-sleddog.jpg","type":"","width":"","height":""}],"author":"redazione","twitter_card":"summary_large_image","twitter_creator":"@bellunopress","twitter_site":"@bellunopress","twitter_misc":{"\u00c9crit par":"redazione","Dur\u00e9e de lecture estim\u00e9e":"3 minutes"},"schema":{"@context":"https:\/\/schema.org","@graph":[{"@type":"Article","@id":"https:\/\/www.bellunopress.it\/2009\/12\/28\/emergenza-rabbia-come-stanno-le-cose-sul-duello-bottacin-donazzan-si-inserisce-massimo-bassan-presidente-della-federazione-musher-e-sleddog-che-sbugiarda-lassessore-regionale-donazzan\/#article","isPartOf":{"@id":"https:\/\/www.bellunopress.it\/2009\/12\/28\/emergenza-rabbia-come-stanno-le-cose-sul-duello-bottacin-donazzan-si-inserisce-massimo-bassan-presidente-della-federazione-musher-e-sleddog-che-sbugiarda-lassessore-regionale-donazzan\/"},"author":{"name":"redazione","@id":"https:\/\/www.bellunopress.it\/#\/schema\/person\/79bb06722b37ece1c03d3e94beb30d73"},"headline":"Emergenza rabbia: come stanno le cose ? Sul duello Bottacin &#8211; Donazzan si inserisce Massimo Bassan, presidente della Federazione Musher e Sleddog, che sbugiarda l&#8217;assessore regionale Donazzan","datePublished":"2009-12-28T19:18:35+00:00","mainEntityOfPage":{"@id":"https:\/\/www.bellunopress.it\/2009\/12\/28\/emergenza-rabbia-come-stanno-le-cose-sul-duello-bottacin-donazzan-si-inserisce-massimo-bassan-presidente-della-federazione-musher-e-sleddog-che-sbugiarda-lassessore-regionale-donazzan\/"},"wordCount":687,"publisher":{"@id":"https:\/\/www.bellunopress.it\/#organization"},"image":{"@id":"https:\/\/www.bellunopress.it\/2009\/12\/28\/emergenza-rabbia-come-stanno-le-cose-sul-duello-bottacin-donazzan-si-inserisce-massimo-bassan-presidente-della-federazione-musher-e-sleddog-che-sbugiarda-lassessore-regionale-donazzan\/#primaryimage"},"thumbnailUrl":"http:\/\/www.bellunopress.it\/wp-content\/uploads\/2009\/12\/cani-sleddog.jpg","keywords":["Sanit\u00e0"],"articleSection":["Cronaca\/Politica","Sanit\u00e0 Medicina"],"inLanguage":"fr-FR"},{"@type":"WebPage","@id":"https:\/\/www.bellunopress.it\/2009\/12\/28\/emergenza-rabbia-come-stanno-le-cose-sul-duello-bottacin-donazzan-si-inserisce-massimo-bassan-presidente-della-federazione-musher-e-sleddog-che-sbugiarda-lassessore-regionale-donazzan\/","url":"https:\/\/www.bellunopress.it\/2009\/12\/28\/emergenza-rabbia-come-stanno-le-cose-sul-duello-bottacin-donazzan-si-inserisce-massimo-bassan-presidente-della-federazione-musher-e-sleddog-che-sbugiarda-lassessore-regionale-donazzan\/","name":"Emergenza rabbia: come stanno le cose ? Sul duello Bottacin - Donazzan si inserisce Massimo Bassan, presidente della Federazione Musher e Sleddog, che sbugiarda l'assessore regionale Donazzan - Bellunopress - Dolomiti","isPartOf":{"@id":"https:\/\/www.bellunopress.it\/#website"},"primaryImageOfPage":{"@id":"https:\/\/www.bellunopress.it\/2009\/12\/28\/emergenza-rabbia-come-stanno-le-cose-sul-duello-bottacin-donazzan-si-inserisce-massimo-bassan-presidente-della-federazione-musher-e-sleddog-che-sbugiarda-lassessore-regionale-donazzan\/#primaryimage"},"image":{"@id":"https:\/\/www.bellunopress.it\/2009\/12\/28\/emergenza-rabbia-come-stanno-le-cose-sul-duello-bottacin-donazzan-si-inserisce-massimo-bassan-presidente-della-federazione-musher-e-sleddog-che-sbugiarda-lassessore-regionale-donazzan\/#primaryimage"},"thumbnailUrl":"http:\/\/www.bellunopress.it\/wp-content\/uploads\/2009\/12\/cani-sleddog.jpg","datePublished":"2009-12-28T19:18:35+00:00","breadcrumb":{"@id":"https:\/\/www.bellunopress.it\/2009\/12\/28\/emergenza-rabbia-come-stanno-le-cose-sul-duello-bottacin-donazzan-si-inserisce-massimo-bassan-presidente-della-federazione-musher-e-sleddog-che-sbugiarda-lassessore-regionale-donazzan\/#breadcrumb"},"inLanguage":"fr-FR","potentialAction":[{"@type":"ReadAction","target":["https:\/\/www.bellunopress.it\/2009\/12\/28\/emergenza-rabbia-come-stanno-le-cose-sul-duello-bottacin-donazzan-si-inserisce-massimo-bassan-presidente-della-federazione-musher-e-sleddog-che-sbugiarda-lassessore-regionale-donazzan\/"]}]},{"@type":"ImageObject","inLanguage":"fr-FR","@id":"https:\/\/www.bellunopress.it\/2009\/12\/28\/emergenza-rabbia-come-stanno-le-cose-sul-duello-bottacin-donazzan-si-inserisce-massimo-bassan-presidente-della-federazione-musher-e-sleddog-che-sbugiarda-lassessore-regionale-donazzan\/#primaryimage","url":"http:\/\/www.bellunopress.it\/wp-content\/uploads\/2009\/12\/cani-sleddog.jpg","contentUrl":"http:\/\/www.bellunopress.it\/wp-content\/uploads\/2009\/12\/cani-sleddog.jpg"},{"@type":"BreadcrumbList","@id":"https:\/\/www.bellunopress.it\/2009\/12\/28\/emergenza-rabbia-come-stanno-le-cose-sul-duello-bottacin-donazzan-si-inserisce-massimo-bassan-presidente-della-federazione-musher-e-sleddog-che-sbugiarda-lassessore-regionale-donazzan\/#breadcrumb","itemListElement":[{"@type":"ListItem","position":1,"name":"Home","item":"https:\/\/www.bellunopress.it\/"},{"@type":"ListItem","position":2,"name":"Emergenza rabbia: come stanno le cose ? Sul duello Bottacin &#8211; Donazzan si inserisce Massimo Bassan, presidente della Federazione Musher e Sleddog, che sbugiarda l&#8217;assessore regionale Donazzan"}]},{"@type":"WebSite","@id":"https:\/\/www.bellunopress.it\/#website","url":"https:\/\/www.bellunopress.it\/","name":"Bellunopress - Dolomiti","description":"e-mail: redazione@bellunopress.it","publisher":{"@id":"https:\/\/www.bellunopress.it\/#organization"},"potentialAction":[{"@type":"SearchAction","target":{"@type":"EntryPoint","urlTemplate":"https:\/\/www.bellunopress.it\/?s={search_term_string}"},"query-input":{"@type":"PropertyValueSpecification","valueRequired":true,"valueName":"search_term_string"}}],"inLanguage":"fr-FR"},{"@type":"Organization","@id":"https:\/\/www.bellunopress.it\/#organization","name":"Bellunopress","url":"https:\/\/www.bellunopress.it\/","logo":{"@type":"ImageObject","inLanguage":"fr-FR","@id":"https:\/\/www.bellunopress.it\/#\/schema\/logo\/image\/","url":"https:\/\/www.bellunopress.it\/wp-content\/uploads\/2011\/05\/cropped-logo-bellunopress-.jpg","contentUrl":"https:\/\/www.bellunopress.it\/wp-content\/uploads\/2011\/05\/cropped-logo-bellunopress-.jpg","width":512,"height":512,"caption":"Bellunopress"},"image":{"@id":"https:\/\/www.bellunopress.it\/#\/schema\/logo\/image\/"},"sameAs":["https:\/\/www.facebook.com\/profile.php?id=100008943462799","https:\/\/x.com\/bellunopress","https:\/\/www.linkedin.com\/hp\/?dnr=JBzUWaJfMUw8vbXJJ2tVW5-I3jZKvC4wsoxE&amp;amp;amp;amp;amp;amp;trk=nav_responsive_tab_home","https:\/\/www.youtube.com\/channel\/UCxL0wu1uN0_3_7hGG0306cw"]},{"@type":"Person","@id":"https:\/\/www.bellunopress.it\/#\/schema\/person\/79bb06722b37ece1c03d3e94beb30d73","name":"r\u00e9daction","image":{"@type":"ImageObject","inLanguage":"fr-FR","@id":"https:\/\/secure.gravatar.com\/avatar\/37d968a2e67a6fd04c169c4bdef102d0bc5d31b2546345219e348575eb80e9a0?s=96&d=mm&r=g","url":"https:\/\/secure.gravatar.com\/avatar\/37d968a2e67a6fd04c169c4bdef102d0bc5d31b2546345219e348575eb80e9a0?s=96&d=mm&r=g","contentUrl":"https:\/\/secure.gravatar.com\/avatar\/37d968a2e67a6fd04c169c4bdef102d0bc5d31b2546345219e348575eb80e9a0?s=96&d=mm&r=g","caption":"redazione"},"sameAs":["http:\/\/www.bellunopress.it","https:\/\/x.com\/bellunopress"],"url":"https:\/\/www.bellunopress.it\/fr\/author\/redazione\/"}]}},"_links":{"self":[{"href":"https:\/\/www.bellunopress.it\/fr\/wp-json\/wp\/v2\/posts\/11045","targetHints":{"allow":["GET"]}}],"collection":[{"href":"https:\/\/www.bellunopress.it\/fr\/wp-json\/wp\/v2\/posts"}],"about":[{"href":"https:\/\/www.bellunopress.it\/fr\/wp-json\/wp\/v2\/types\/post"}],"author":[{"embeddable":true,"href":"https:\/\/www.bellunopress.it\/fr\/wp-json\/wp\/v2\/users\/2"}],"replies":[{"embeddable":true,"href":"https:\/\/www.bellunopress.it\/fr\/wp-json\/wp\/v2\/comments?post=11045"}],"version-history":[{"count":1,"href":"https:\/\/www.bellunopress.it\/fr\/wp-json\/wp\/v2\/posts\/11045\/revisions"}],"predecessor-version":[{"id":11047,"href":"https:\/\/www.bellunopress.it\/fr\/wp-json\/wp\/v2\/posts\/11045\/revisions\/11047"}],"wp:attachment":[{"href":"https:\/\/www.bellunopress.it\/fr\/wp-json\/wp\/v2\/media?parent=11045"}],"wp:term":[{"taxonomy":"category","embeddable":true,"href":"https:\/\/www.bellunopress.it\/fr\/wp-json\/wp\/v2\/categories?post=11045"},{"taxonomy":"post_tag","embeddable":true,"href":"https:\/\/www.bellunopress.it\/fr\/wp-json\/wp\/v2\/tags?post=11045"}],"curies":[{"name":"wp","href":"https:\/\/api.w.org\/{rel}","templated":true}]}}