{"id":110446,"date":"2019-12-14T17:26:51","date_gmt":"2019-12-14T16:26:51","guid":{"rendered":"http:\/\/www.bellunopress.it\/?p=110446"},"modified":"2019-12-14T17:27:06","modified_gmt":"2019-12-14T16:27:06","slug":"inaugurata-la-fattoria-bombassei-ad-auronzo-di-cadore","status":"publish","type":"post","link":"https:\/\/www.bellunopress.it\/fr\/2019\/12\/14\/inaugurata-la-fattoria-bombassei-ad-auronzo-di-cadore\/","title":{"rendered":"Inaugurata la Fattoria Bombassei ad Auronzo di Cadore"},"content":{"rendered":"<p><a href=\"http:\/\/www.bellunopress.it\/fr\/2019\/12\/14\/inaugurata-la-fattoria-bombassei-ad-auronzo-di-cadore\/fattoria-bombassei-inaugurazione-zani-ossini\/\" rel=\"attachment wp-att-110447\"><img loading=\"lazy\" decoding=\"async\" class=\"alignleft size-full wp-image-110447\" src=\"http:\/\/www.bellunopress.it\/wp-content\/uploads\/2019\/12\/Fattoria-Bombassei-inaugurazione-Zani-Ossini.jpg\" alt=\"\" width=\"300\" height=\"180\" \/><\/a>E&#8217; stato inaugurata oggi ad Auronzo di Cadore con un bagno di folla l&#8217;agriturismo &#8220;Fattoria Bombassei&#8221;, la grande fattoria rosa sulla strada che sale a Misurina.<br \/>\nL&#8217;agriturismo, locale storico in Val D&#8217;Ansiei, \u00e8 stato preso in gestione dalla famiglia auronzana di Sonia Zandegiacomo, famiglia molto legata al territorio, alla storia e alle tradizioni.<\/p>\n<p>Alla festa d&#8217;inaugurazione hanno partecipato anche due ospiti d&#8217;eccezione, i conduttori di Linea Bianca Massimiliano Ossini e Lino Zani, ormai affezionati ospiti di Auronzo e Misurina, accompagnati dal sindaco Tatiana Pais Becher e dal vicesindaco Enrico Zandegiacomo.<br \/>\nEmozionante l&#8217;incontro tra Lino Zani, per oltre 20 anni Guida Alpina personale di Papa Wojtyla, con il decano del Duomo di Belluno monsignor Attilio Zanderigo, dal quale \u00e8 scaturito uno scambio reciproco di ricordi e fotografie delle visite del Papa in Cadore e Comelico.<\/p>\n<p>&#8220;Alla famiglia Zandegiacomo un plauso per aver contribuito a creare nuovi posti di lavoro per i giovani cadorini &#8211; ha dichiarato il sindaco Tatiana Pais Becher &#8211;\u00a0 e un augurio affinch\u00e9 l&#8217;attivit\u00e0 possa prosperare, in sinergia con gli agriturismi promossi e gestiti dalla Cooperativa Agricola di Auronzo, nell&#8217;ottica dello sviluppo di un turismo lento sempre pi\u00f9 legato al territorio, ai suoi prodotti genuini e alle tradizioni locali&#8221;.<\/p>","protected":false},"excerpt":{"rendered":"<p>E&#8217; stato inaugurata oggi ad Auronzo di Cadore con un bagno di folla l&#8217;agriturismo &#8220;Fattoria Bombassei&#8221;, la grande fattoria rosa sulla strada che sale a Misurina. L&#8217;agriturismo, locale storico in Val D&#8217;Ansiei, \u00e8 stato preso in gestione dalla famiglia auronzana di Sonia Zandegiacomo, famiglia molto legata al territorio, alla storia e alle tradizioni. Alla festa [&hellip;]<\/p>\n","protected":false},"author":2,"featured_media":0,"comment_status":"closed","ping_status":"open","sticky":false,"template":"","format":"standard","meta":{"footnotes":""},"categories":[5,36,26],"tags":[],"class_list":["post-110446","post","type-post","status-publish","format-standard","category-cronaca","category-lavoro-economia","category-prima-pagina"],"yoast_head":"<!-- This site is optimized with the Yoast SEO plugin v28.4 - https:\/\/yoast.com\/product\/yoast-seo-wordpress\/ -->\n<title>Inaugurata la Fattoria Bombassei ad Auronzo di Cadore - Bellunopress - Dolomiti<\/title>\n<meta name=\"robots\" content=\"index, follow, max-snippet:-1, max-image-preview:large, max-video-preview:-1\" \/>\n<link rel=\"canonical\" href=\"https:\/\/www.bellunopress.it\/fr\/2019\/12\/14\/inaugurata-la-fattoria-bombassei-ad-auronzo-di-cadore\/\" \/>\n<meta property=\"og:locale\" content=\"fr_FR\" \/>\n<meta property=\"og:type\" content=\"article\" \/>\n<meta property=\"og:title\" content=\"Inaugurata la Fattoria Bombassei ad Auronzo di Cadore - Bellunopress - Dolomiti\" \/>\n<meta property=\"og:description\" content=\"E&#8217; stato inaugurata oggi ad Auronzo di Cadore con un bagno di folla l&#8217;agriturismo &#8220;Fattoria Bombassei&#8221;, la grande fattoria rosa sulla strada che sale a Misurina. L&#8217;agriturismo, locale storico in Val D&#8217;Ansiei, \u00e8 stato preso in gestione dalla famiglia auronzana di Sonia Zandegiacomo, famiglia molto legata al territorio, alla storia e alle tradizioni. Alla festa [&hellip;]\" \/>\n<meta property=\"og:url\" content=\"https:\/\/www.bellunopress.it\/fr\/2019\/12\/14\/inaugurata-la-fattoria-bombassei-ad-auronzo-di-cadore\/\" \/>\n<meta property=\"og:site_name\" content=\"Bellunopress - Dolomiti\" \/>\n<meta property=\"article:publisher\" content=\"https:\/\/www.facebook.com\/profile.php?id=100008943462799\" \/>\n<meta property=\"article:published_time\" content=\"2019-12-14T16:26:51+00:00\" \/>\n<meta property=\"article:modified_time\" content=\"2019-12-14T16:27:06+00:00\" \/>\n<meta property=\"og:image\" content=\"http:\/\/www.bellunopress.it\/wp-content\/uploads\/2019\/12\/Fattoria-Bombassei-inaugurazione-Zani-Ossini.jpg\" \/>\n<meta name=\"author\" content=\"redazione\" \/>\n<meta name=\"twitter:card\" content=\"summary_large_image\" \/>\n<meta name=\"twitter:creator\" content=\"@bellunopress\" \/>\n<meta name=\"twitter:site\" content=\"@bellunopress\" \/>\n<meta name=\"twitter:label1\" content=\"\u00c9crit par\" \/>\n\t<meta name=\"twitter:data1\" content=\"redazione\" \/>\n\t<meta name=\"twitter:label2\" content=\"Dur\u00e9e de lecture estim\u00e9e\" \/>\n\t<meta name=\"twitter:data2\" content=\"1 minute\" \/>\n<script type=\"application\/ld+json\" class=\"yoast-schema-graph\">{\"@context\":\"https:\\\/\\\/schema.org\",\"@graph\":[{\"@type\":\"Article\",\"@id\":\"https:\\\/\\\/www.bellunopress.it\\\/2019\\\/12\\\/14\\\/inaugurata-la-fattoria-bombassei-ad-auronzo-di-cadore\\\/#article\",\"isPartOf\":{\"@id\":\"https:\\\/\\\/www.bellunopress.it\\\/2019\\\/12\\\/14\\\/inaugurata-la-fattoria-bombassei-ad-auronzo-di-cadore\\\/\"},\"author\":{\"name\":\"redazione\",\"@id\":\"https:\\\/\\\/www.bellunopress.it\\\/#\\\/schema\\\/person\\\/79bb06722b37ece1c03d3e94beb30d73\"},\"headline\":\"Inaugurata la Fattoria Bombassei ad Auronzo di Cadore\",\"datePublished\":\"2019-12-14T16:26:51+00:00\",\"dateModified\":\"2019-12-14T16:27:06+00:00\",\"mainEntityOfPage\":{\"@id\":\"https:\\\/\\\/www.bellunopress.it\\\/2019\\\/12\\\/14\\\/inaugurata-la-fattoria-bombassei-ad-auronzo-di-cadore\\\/\"},\"wordCount\":214,\"publisher\":{\"@id\":\"https:\\\/\\\/www.bellunopress.it\\\/#organization\"},\"image\":{\"@id\":\"https:\\\/\\\/www.bellunopress.it\\\/2019\\\/12\\\/14\\\/inaugurata-la-fattoria-bombassei-ad-auronzo-di-cadore\\\/#primaryimage\"},\"thumbnailUrl\":\"http:\\\/\\\/www.bellunopress.it\\\/wp-content\\\/uploads\\\/2019\\\/12\\\/Fattoria-Bombassei-inaugurazione-Zani-Ossini.jpg\",\"articleSection\":[\"Cronaca\\\/Politica\",\"Lavoro, Economia, Turismo\",\"Prima Pagina\"],\"inLanguage\":\"fr-FR\"},{\"@type\":\"WebPage\",\"@id\":\"https:\\\/\\\/www.bellunopress.it\\\/2019\\\/12\\\/14\\\/inaugurata-la-fattoria-bombassei-ad-auronzo-di-cadore\\\/\",\"url\":\"https:\\\/\\\/www.bellunopress.it\\\/2019\\\/12\\\/14\\\/inaugurata-la-fattoria-bombassei-ad-auronzo-di-cadore\\\/\",\"name\":\"Inaugurata la Fattoria Bombassei ad Auronzo di Cadore - Bellunopress - Dolomiti\",\"isPartOf\":{\"@id\":\"https:\\\/\\\/www.bellunopress.it\\\/#website\"},\"primaryImageOfPage\":{\"@id\":\"https:\\\/\\\/www.bellunopress.it\\\/2019\\\/12\\\/14\\\/inaugurata-la-fattoria-bombassei-ad-auronzo-di-cadore\\\/#primaryimage\"},\"image\":{\"@id\":\"https:\\\/\\\/www.bellunopress.it\\\/2019\\\/12\\\/14\\\/inaugurata-la-fattoria-bombassei-ad-auronzo-di-cadore\\\/#primaryimage\"},\"thumbnailUrl\":\"http:\\\/\\\/www.bellunopress.it\\\/wp-content\\\/uploads\\\/2019\\\/12\\\/Fattoria-Bombassei-inaugurazione-Zani-Ossini.jpg\",\"datePublished\":\"2019-12-14T16:26:51+00:00\",\"dateModified\":\"2019-12-14T16:27:06+00:00\",\"breadcrumb\":{\"@id\":\"https:\\\/\\\/www.bellunopress.it\\\/2019\\\/12\\\/14\\\/inaugurata-la-fattoria-bombassei-ad-auronzo-di-cadore\\\/#breadcrumb\"},\"inLanguage\":\"fr-FR\",\"potentialAction\":[{\"@type\":\"ReadAction\",\"target\":[\"https:\\\/\\\/www.bellunopress.it\\\/2019\\\/12\\\/14\\\/inaugurata-la-fattoria-bombassei-ad-auronzo-di-cadore\\\/\"]}]},{\"@type\":\"ImageObject\",\"inLanguage\":\"fr-FR\",\"@id\":\"https:\\\/\\\/www.bellunopress.it\\\/2019\\\/12\\\/14\\\/inaugurata-la-fattoria-bombassei-ad-auronzo-di-cadore\\\/#primaryimage\",\"url\":\"http:\\\/\\\/www.bellunopress.it\\\/wp-content\\\/uploads\\\/2019\\\/12\\\/Fattoria-Bombassei-inaugurazione-Zani-Ossini.jpg\",\"contentUrl\":\"http:\\\/\\\/www.bellunopress.it\\\/wp-content\\\/uploads\\\/2019\\\/12\\\/Fattoria-Bombassei-inaugurazione-Zani-Ossini.jpg\"},{\"@type\":\"BreadcrumbList\",\"@id\":\"https:\\\/\\\/www.bellunopress.it\\\/2019\\\/12\\\/14\\\/inaugurata-la-fattoria-bombassei-ad-auronzo-di-cadore\\\/#breadcrumb\",\"itemListElement\":[{\"@type\":\"ListItem\",\"position\":1,\"name\":\"Home\",\"item\":\"https:\\\/\\\/www.bellunopress.it\\\/\"},{\"@type\":\"ListItem\",\"position\":2,\"name\":\"Inaugurata la Fattoria Bombassei ad Auronzo di Cadore\"}]},{\"@type\":\"WebSite\",\"@id\":\"https:\\\/\\\/www.bellunopress.it\\\/#website\",\"url\":\"https:\\\/\\\/www.bellunopress.it\\\/\",\"name\":\"Bellunopress - Dolomiti\",\"description\":\"e-mail: redazione@bellunopress.it\",\"publisher\":{\"@id\":\"https:\\\/\\\/www.bellunopress.it\\\/#organization\"},\"potentialAction\":[{\"@type\":\"SearchAction\",\"target\":{\"@type\":\"EntryPoint\",\"urlTemplate\":\"https:\\\/\\\/www.bellunopress.it\\\/?s={search_term_string}\"},\"query-input\":{\"@type\":\"PropertyValueSpecification\",\"valueRequired\":true,\"valueName\":\"search_term_string\"}}],\"inLanguage\":\"fr-FR\"},{\"@type\":\"Organization\",\"@id\":\"https:\\\/\\\/www.bellunopress.it\\\/#organization\",\"name\":\"Bellunopress\",\"url\":\"https:\\\/\\\/www.bellunopress.it\\\/\",\"logo\":{\"@type\":\"ImageObject\",\"inLanguage\":\"fr-FR\",\"@id\":\"https:\\\/\\\/www.bellunopress.it\\\/#\\\/schema\\\/logo\\\/image\\\/\",\"url\":\"https:\\\/\\\/www.bellunopress.it\\\/wp-content\\\/uploads\\\/2011\\\/05\\\/cropped-logo-bellunopress-.jpg\",\"contentUrl\":\"https:\\\/\\\/www.bellunopress.it\\\/wp-content\\\/uploads\\\/2011\\\/05\\\/cropped-logo-bellunopress-.jpg\",\"width\":512,\"height\":512,\"caption\":\"Bellunopress\"},\"image\":{\"@id\":\"https:\\\/\\\/www.bellunopress.it\\\/#\\\/schema\\\/logo\\\/image\\\/\"},\"sameAs\":[\"https:\\\/\\\/www.facebook.com\\\/profile.php?id=100008943462799\",\"https:\\\/\\\/x.com\\\/bellunopress\",\"https:\\\/\\\/www.linkedin.com\\\/hp\\\/?dnr=JBzUWaJfMUw8vbXJJ2tVW5-I3jZKvC4wsoxE&amp;amp;amp;amp;amp;amp;trk=nav_responsive_tab_home\",\"https:\\\/\\\/www.youtube.com\\\/channel\\\/UCxL0wu1uN0_3_7hGG0306cw\"]},{\"@type\":\"Person\",\"@id\":\"https:\\\/\\\/www.bellunopress.it\\\/#\\\/schema\\\/person\\\/79bb06722b37ece1c03d3e94beb30d73\",\"name\":\"redazione\",\"image\":{\"@type\":\"ImageObject\",\"inLanguage\":\"fr-FR\",\"@id\":\"https:\\\/\\\/secure.gravatar.com\\\/avatar\\\/37d968a2e67a6fd04c169c4bdef102d0bc5d31b2546345219e348575eb80e9a0?s=96&d=mm&r=g\",\"url\":\"https:\\\/\\\/secure.gravatar.com\\\/avatar\\\/37d968a2e67a6fd04c169c4bdef102d0bc5d31b2546345219e348575eb80e9a0?s=96&d=mm&r=g\",\"contentUrl\":\"https:\\\/\\\/secure.gravatar.com\\\/avatar\\\/37d968a2e67a6fd04c169c4bdef102d0bc5d31b2546345219e348575eb80e9a0?s=96&d=mm&r=g\",\"caption\":\"redazione\"},\"sameAs\":[\"http:\\\/\\\/www.bellunopress.it\",\"https:\\\/\\\/x.com\\\/bellunopress\"],\"url\":\"https:\\\/\\\/www.bellunopress.it\\\/fr\\\/author\\\/redazione\\\/\"}]}<\/script>\n<!-- \/ Yoast SEO plugin. -->","yoast_head_json":{"title":"Inaugurata la Fattoria Bombassei ad Auronzo di Cadore - Bellunopress - Dolomiti","robots":{"index":"index","follow":"follow","max-snippet":"max-snippet:-1","max-image-preview":"max-image-preview:large","max-video-preview":"max-video-preview:-1"},"canonical":"https:\/\/www.bellunopress.it\/fr\/2019\/12\/14\/inaugurata-la-fattoria-bombassei-ad-auronzo-di-cadore\/","og_locale":"fr_FR","og_type":"article","og_title":"Inaugurata la Fattoria Bombassei ad Auronzo di Cadore - Bellunopress - Dolomiti","og_description":"E&#8217; stato inaugurata oggi ad Auronzo di Cadore con un bagno di folla l&#8217;agriturismo &#8220;Fattoria Bombassei&#8221;, la grande fattoria rosa sulla strada che sale a Misurina. L&#8217;agriturismo, locale storico in Val D&#8217;Ansiei, \u00e8 stato preso in gestione dalla famiglia auronzana di Sonia Zandegiacomo, famiglia molto legata al territorio, alla storia e alle tradizioni. Alla festa [&hellip;]","og_url":"https:\/\/www.bellunopress.it\/fr\/2019\/12\/14\/inaugurata-la-fattoria-bombassei-ad-auronzo-di-cadore\/","og_site_name":"Bellunopress - Dolomiti","article_publisher":"https:\/\/www.facebook.com\/profile.php?id=100008943462799","article_published_time":"2019-12-14T16:26:51+00:00","article_modified_time":"2019-12-14T16:27:06+00:00","og_image":[{"url":"http:\/\/www.bellunopress.it\/wp-content\/uploads\/2019\/12\/Fattoria-Bombassei-inaugurazione-Zani-Ossini.jpg","type":"","width":"","height":""}],"author":"redazione","twitter_card":"summary_large_image","twitter_creator":"@bellunopress","twitter_site":"@bellunopress","twitter_misc":{"\u00c9crit par":"redazione","Dur\u00e9e de lecture estim\u00e9e":"1 minute"},"schema":{"@context":"https:\/\/schema.org","@graph":[{"@type":"Article","@id":"https:\/\/www.bellunopress.it\/2019\/12\/14\/inaugurata-la-fattoria-bombassei-ad-auronzo-di-cadore\/#article","isPartOf":{"@id":"https:\/\/www.bellunopress.it\/2019\/12\/14\/inaugurata-la-fattoria-bombassei-ad-auronzo-di-cadore\/"},"author":{"name":"redazione","@id":"https:\/\/www.bellunopress.it\/#\/schema\/person\/79bb06722b37ece1c03d3e94beb30d73"},"headline":"Inaugurata la Fattoria Bombassei ad Auronzo di Cadore","datePublished":"2019-12-14T16:26:51+00:00","dateModified":"2019-12-14T16:27:06+00:00","mainEntityOfPage":{"@id":"https:\/\/www.bellunopress.it\/2019\/12\/14\/inaugurata-la-fattoria-bombassei-ad-auronzo-di-cadore\/"},"wordCount":214,"publisher":{"@id":"https:\/\/www.bellunopress.it\/#organization"},"image":{"@id":"https:\/\/www.bellunopress.it\/2019\/12\/14\/inaugurata-la-fattoria-bombassei-ad-auronzo-di-cadore\/#primaryimage"},"thumbnailUrl":"http:\/\/www.bellunopress.it\/wp-content\/uploads\/2019\/12\/Fattoria-Bombassei-inaugurazione-Zani-Ossini.jpg","articleSection":["Cronaca\/Politica","Lavoro, Economia, Turismo","Prima Pagina"],"inLanguage":"fr-FR"},{"@type":"WebPage","@id":"https:\/\/www.bellunopress.it\/2019\/12\/14\/inaugurata-la-fattoria-bombassei-ad-auronzo-di-cadore\/","url":"https:\/\/www.bellunopress.it\/2019\/12\/14\/inaugurata-la-fattoria-bombassei-ad-auronzo-di-cadore\/","name":"Inaugurata la Fattoria Bombassei ad Auronzo di Cadore - Bellunopress - Dolomiti","isPartOf":{"@id":"https:\/\/www.bellunopress.it\/#website"},"primaryImageOfPage":{"@id":"https:\/\/www.bellunopress.it\/2019\/12\/14\/inaugurata-la-fattoria-bombassei-ad-auronzo-di-cadore\/#primaryimage"},"image":{"@id":"https:\/\/www.bellunopress.it\/2019\/12\/14\/inaugurata-la-fattoria-bombassei-ad-auronzo-di-cadore\/#primaryimage"},"thumbnailUrl":"http:\/\/www.bellunopress.it\/wp-content\/uploads\/2019\/12\/Fattoria-Bombassei-inaugurazione-Zani-Ossini.jpg","datePublished":"2019-12-14T16:26:51+00:00","dateModified":"2019-12-14T16:27:06+00:00","breadcrumb":{"@id":"https:\/\/www.bellunopress.it\/2019\/12\/14\/inaugurata-la-fattoria-bombassei-ad-auronzo-di-cadore\/#breadcrumb"},"inLanguage":"fr-FR","potentialAction":[{"@type":"ReadAction","target":["https:\/\/www.bellunopress.it\/2019\/12\/14\/inaugurata-la-fattoria-bombassei-ad-auronzo-di-cadore\/"]}]},{"@type":"ImageObject","inLanguage":"fr-FR","@id":"https:\/\/www.bellunopress.it\/2019\/12\/14\/inaugurata-la-fattoria-bombassei-ad-auronzo-di-cadore\/#primaryimage","url":"http:\/\/www.bellunopress.it\/wp-content\/uploads\/2019\/12\/Fattoria-Bombassei-inaugurazione-Zani-Ossini.jpg","contentUrl":"http:\/\/www.bellunopress.it\/wp-content\/uploads\/2019\/12\/Fattoria-Bombassei-inaugurazione-Zani-Ossini.jpg"},{"@type":"BreadcrumbList","@id":"https:\/\/www.bellunopress.it\/2019\/12\/14\/inaugurata-la-fattoria-bombassei-ad-auronzo-di-cadore\/#breadcrumb","itemListElement":[{"@type":"ListItem","position":1,"name":"Home","item":"https:\/\/www.bellunopress.it\/"},{"@type":"ListItem","position":2,"name":"Inaugurata la Fattoria Bombassei ad Auronzo di Cadore"}]},{"@type":"WebSite","@id":"https:\/\/www.bellunopress.it\/#website","url":"https:\/\/www.bellunopress.it\/","name":"Bellunopress - Dolomiti","description":"e-mail: redazione@bellunopress.it","publisher":{"@id":"https:\/\/www.bellunopress.it\/#organization"},"potentialAction":[{"@type":"SearchAction","target":{"@type":"EntryPoint","urlTemplate":"https:\/\/www.bellunopress.it\/?s={search_term_string}"},"query-input":{"@type":"PropertyValueSpecification","valueRequired":true,"valueName":"search_term_string"}}],"inLanguage":"fr-FR"},{"@type":"Organization","@id":"https:\/\/www.bellunopress.it\/#organization","name":"Bellunopress","url":"https:\/\/www.bellunopress.it\/","logo":{"@type":"ImageObject","inLanguage":"fr-FR","@id":"https:\/\/www.bellunopress.it\/#\/schema\/logo\/image\/","url":"https:\/\/www.bellunopress.it\/wp-content\/uploads\/2011\/05\/cropped-logo-bellunopress-.jpg","contentUrl":"https:\/\/www.bellunopress.it\/wp-content\/uploads\/2011\/05\/cropped-logo-bellunopress-.jpg","width":512,"height":512,"caption":"Bellunopress"},"image":{"@id":"https:\/\/www.bellunopress.it\/#\/schema\/logo\/image\/"},"sameAs":["https:\/\/www.facebook.com\/profile.php?id=100008943462799","https:\/\/x.com\/bellunopress","https:\/\/www.linkedin.com\/hp\/?dnr=JBzUWaJfMUw8vbXJJ2tVW5-I3jZKvC4wsoxE&amp;amp;amp;amp;amp;amp;trk=nav_responsive_tab_home","https:\/\/www.youtube.com\/channel\/UCxL0wu1uN0_3_7hGG0306cw"]},{"@type":"Person","@id":"https:\/\/www.bellunopress.it\/#\/schema\/person\/79bb06722b37ece1c03d3e94beb30d73","name":"r\u00e9daction","image":{"@type":"ImageObject","inLanguage":"fr-FR","@id":"https:\/\/secure.gravatar.com\/avatar\/37d968a2e67a6fd04c169c4bdef102d0bc5d31b2546345219e348575eb80e9a0?s=96&d=mm&r=g","url":"https:\/\/secure.gravatar.com\/avatar\/37d968a2e67a6fd04c169c4bdef102d0bc5d31b2546345219e348575eb80e9a0?s=96&d=mm&r=g","contentUrl":"https:\/\/secure.gravatar.com\/avatar\/37d968a2e67a6fd04c169c4bdef102d0bc5d31b2546345219e348575eb80e9a0?s=96&d=mm&r=g","caption":"redazione"},"sameAs":["http:\/\/www.bellunopress.it","https:\/\/x.com\/bellunopress"],"url":"https:\/\/www.bellunopress.it\/fr\/author\/redazione\/"}]}},"_links":{"self":[{"href":"https:\/\/www.bellunopress.it\/fr\/wp-json\/wp\/v2\/posts\/110446","targetHints":{"allow":["GET"]}}],"collection":[{"href":"https:\/\/www.bellunopress.it\/fr\/wp-json\/wp\/v2\/posts"}],"about":[{"href":"https:\/\/www.bellunopress.it\/fr\/wp-json\/wp\/v2\/types\/post"}],"author":[{"embeddable":true,"href":"https:\/\/www.bellunopress.it\/fr\/wp-json\/wp\/v2\/users\/2"}],"replies":[{"embeddable":true,"href":"https:\/\/www.bellunopress.it\/fr\/wp-json\/wp\/v2\/comments?post=110446"}],"version-history":[{"count":2,"href":"https:\/\/www.bellunopress.it\/fr\/wp-json\/wp\/v2\/posts\/110446\/revisions"}],"predecessor-version":[{"id":110449,"href":"https:\/\/www.bellunopress.it\/fr\/wp-json\/wp\/v2\/posts\/110446\/revisions\/110449"}],"wp:attachment":[{"href":"https:\/\/www.bellunopress.it\/fr\/wp-json\/wp\/v2\/media?parent=110446"}],"wp:term":[{"taxonomy":"category","embeddable":true,"href":"https:\/\/www.bellunopress.it\/fr\/wp-json\/wp\/v2\/categories?post=110446"},{"taxonomy":"post_tag","embeddable":true,"href":"https:\/\/www.bellunopress.it\/fr\/wp-json\/wp\/v2\/tags?post=110446"}],"curies":[{"name":"wp","href":"https:\/\/api.w.org\/{rel}","templated":true}]}}