{"id":110431,"date":"2019-12-14T15:00:01","date_gmt":"2019-12-14T14:00:01","guid":{"rendered":"http:\/\/www.bellunopress.it\/?p=110431"},"modified":"2019-12-14T15:00:03","modified_gmt":"2019-12-14T14:00:03","slug":"yuki-demilia-nuova-vice-coordinatrice-regionale-anci-giovani-veneto-anche-li-castri-e-picinotti-nel-coordinamento-regionale","status":"publish","type":"post","link":"https:\/\/www.bellunopress.it\/fr\/2019\/12\/14\/yuki-demilia-nuova-vice-coordinatrice-regionale-anci-giovani-veneto-anche-li-castri-e-picinotti-nel-coordinamento-regionale\/","title":{"rendered":"Yuki d&#8217;Emilia nuova vice-coordinatrice regionale Anci Giovani Veneto. Anche Li Castri e Picinotti nel coordinamento regionale"},"content":{"rendered":"<figure id=\"attachment_110432\" aria-describedby=\"caption-attachment-110432\" style=\"width: 300px\" class=\"wp-caption alignleft\"><a href=\"http:\/\/www.bellunopress.it\/fr\/2019\/12\/14\/yuki-demilia-nuova-vice-coordinatrice-regionale-anci-giovani-veneto-anche-li-castri-e-picinotti-nel-coordinamento-regionale\/anci-giovani-veneto-demilia-bazzarello-picinotti-li-castri\/\" rel=\"attachment wp-att-110432\"><img loading=\"lazy\" decoding=\"async\" class=\"size-full wp-image-110432\" src=\"http:\/\/www.bellunopress.it\/wp-content\/uploads\/2019\/12\/ANCI-Giovani-Veneto-dEmilia-Bazzarello-Picinotti-Li-Castri.jpg\" alt=\"\" width=\"300\" height=\"185\" \/><\/a><figcaption id=\"caption-attachment-110432\" class=\"wp-caption-text\">ANCI Giovani Veneto &#8211; d&#8217;Emilia &#8211; Bazzarello &#8211; Picinotti &#8211; Li Castri<\/figcaption><\/figure>\n<p>L\u2019Assemblea di Anci Giovani del Veneto che si \u00e8 riunita mercoled\u00ec a Selvazzano, nel Padovano, ha eletto all\u2019unanimit\u00e0 il nuovo coordinatore regionale: \u00e8 Roberto Bazzarello, 33 anni, consigliere comunale del Comune di Tribano (Padova) che rappresenter\u00e0 per i prossimi 5 anni gli oltre 2000 giovani amministratori under 35 eletti nei comuni del Veneto.<\/p>\n<p>Il rinnovo delle cariche di ANCI Giovani Veneto ha visto l&#8217;ingresso nel coordinamento regionale di ben tre rappresentanti del Bellunese, unica provincia con Padova ad avere pi\u00f9 di due eletti: si tratta di Yuki d&#8217;Emilia, assessore al turismo e alle manifestazioni del Comune di Belluno, dell&#8217;assessore alla politiche giovanili, sociali e della famiglia del Comune di Feltre, Giorgia Li Castri, e della consigliera comunale di Limana, Marta Picinotti.<\/p>\n<p>Per d&#8217;Emilia anche il prestigioso incarico di vice-coordinatrice regionale: \u00ab\u00c8 certamente un onore, per me, poter ricoprire questa carica. Nonostante la mia breve esperienza amministrativa, penso che questo incarico sia anche un riconoscimento a quanto l&#8217;amministrazione comunale sta facendo sul tema del coinvolgimento dei giovani nella vita pubblica e per la cittadinanza attiva. Sar\u00e0 un&#8217;esperienza importante, ed \u00e8 significativo che continui la collaborazione tra il Comune di Belluno e ANCI, con un cammino che permette la crescita dei propri amministratori, anche i pi\u00f9 giovani; una condizione che ci permette di confrontarci e di collaborare con altre realt\u00e0 a livello regionale e nazionale\u00bb.<\/p>\n<p>Un ringraziamento particolare delle tre neo-elette per la fiducia concessa va al nuovo coordinatore Bazzarello e al coordinatore uscente Adis Zatta, assessore alla gestione del territorio, protezione civile, innovazione e rapporti con le frazioni del Comune di Feltre, che ha retto ANCI Giovani Veneto negli ultimi cinque anni; anche il Sindaco di Treviso Mario Conte, neoeletto Presidente di Anci Veneto, durante l\u2019assemblea ha ringraziato Zatta per il prezioso lavoro svolto durante il suo mandato.<\/p>\n<p>\u00abAd Adis va il nostro pi\u00f9 sentito ringraziamento per aver creduto in noi, tre giovani donne, per aver proposto i nostri nomi, per il grande lavoro svolto e l\u2019eredit\u00e0 che, da coordinatore uscente, ci lascia: rappresentare il nostro territorio con la stessa passione in un luogo di confronto e incontro con altri giovani amministratori\u00bb, afferma la collega di giunta di Zatta, Giorgia Li Castri. \u00abSono onorata di poter rappresentare il mio Comune e di intraprendere questo nuovo percorso che sar\u00e0 sicuramente formativo ed arricchente. Credo che il confronto con altre realt\u00e0 amministrative potr\u00e0 essere utile per imparare \u201cbuone pratiche\u201d da portare anche all\u2019interno della mia comunit\u00e0\u00bb, commenta infine Picinotti.<\/p>","protected":false},"excerpt":{"rendered":"<p>L\u2019Assemblea di Anci Giovani del Veneto che si \u00e8 riunita mercoled\u00ec a Selvazzano, nel Padovano, ha eletto all\u2019unanimit\u00e0 il nuovo coordinatore regionale: \u00e8 Roberto Bazzarello, 33 anni, consigliere comunale del Comune di Tribano (Padova) che rappresenter\u00e0 per i prossimi 5 anni gli oltre 2000 giovani amministratori under 35 eletti nei comuni del Veneto. Il rinnovo [&hellip;]<\/p>\n","protected":false},"author":2,"featured_media":0,"comment_status":"closed","ping_status":"open","sticky":false,"template":"","format":"standard","meta":{"footnotes":""},"categories":[5,26],"tags":[],"class_list":["post-110431","post","type-post","status-publish","format-standard","category-cronaca","category-prima-pagina"],"yoast_head":"<!-- This site is optimized with the Yoast SEO plugin v28.4 - https:\/\/yoast.com\/product\/yoast-seo-wordpress\/ -->\n<title>Yuki d&#039;Emilia nuova vice-coordinatrice regionale Anci Giovani Veneto. Anche Li Castri e Picinotti nel coordinamento regionale - Bellunopress - Dolomiti<\/title>\n<meta name=\"robots\" content=\"index, follow, max-snippet:-1, max-image-preview:large, max-video-preview:-1\" \/>\n<link rel=\"canonical\" href=\"https:\/\/www.bellunopress.it\/fr\/2019\/12\/14\/yuki-demilia-nuova-vice-coordinatrice-regionale-anci-giovani-veneto-anche-li-castri-e-picinotti-nel-coordinamento-regionale\/\" \/>\n<meta property=\"og:locale\" content=\"fr_FR\" \/>\n<meta property=\"og:type\" content=\"article\" \/>\n<meta property=\"og:title\" content=\"Yuki d&#039;Emilia nuova vice-coordinatrice regionale Anci Giovani Veneto. Anche Li Castri e Picinotti nel coordinamento regionale - Bellunopress - Dolomiti\" \/>\n<meta property=\"og:description\" content=\"L\u2019Assemblea di Anci Giovani del Veneto che si \u00e8 riunita mercoled\u00ec a Selvazzano, nel Padovano, ha eletto all\u2019unanimit\u00e0 il nuovo coordinatore regionale: \u00e8 Roberto Bazzarello, 33 anni, consigliere comunale del Comune di Tribano (Padova) che rappresenter\u00e0 per i prossimi 5 anni gli oltre 2000 giovani amministratori under 35 eletti nei comuni del Veneto. Il rinnovo [&hellip;]\" \/>\n<meta property=\"og:url\" content=\"https:\/\/www.bellunopress.it\/fr\/2019\/12\/14\/yuki-demilia-nuova-vice-coordinatrice-regionale-anci-giovani-veneto-anche-li-castri-e-picinotti-nel-coordinamento-regionale\/\" \/>\n<meta property=\"og:site_name\" content=\"Bellunopress - Dolomiti\" \/>\n<meta property=\"article:publisher\" content=\"https:\/\/www.facebook.com\/profile.php?id=100008943462799\" \/>\n<meta property=\"article:published_time\" content=\"2019-12-14T14:00:01+00:00\" \/>\n<meta property=\"article:modified_time\" content=\"2019-12-14T14:00:03+00:00\" \/>\n<meta property=\"og:image\" content=\"http:\/\/www.bellunopress.it\/wp-content\/uploads\/2019\/12\/ANCI-Giovani-Veneto-dEmilia-Bazzarello-Picinotti-Li-Castri.jpg\" \/>\n<meta name=\"author\" content=\"redazione\" \/>\n<meta name=\"twitter:card\" content=\"summary_large_image\" \/>\n<meta name=\"twitter:creator\" content=\"@bellunopress\" \/>\n<meta name=\"twitter:site\" content=\"@bellunopress\" \/>\n<meta name=\"twitter:label1\" content=\"\u00c9crit par\" \/>\n\t<meta name=\"twitter:data1\" content=\"redazione\" \/>\n\t<meta name=\"twitter:label2\" content=\"Dur\u00e9e de lecture estim\u00e9e\" \/>\n\t<meta name=\"twitter:data2\" content=\"2 minutes\" \/>\n<script type=\"application\/ld+json\" class=\"yoast-schema-graph\">{\"@context\":\"https:\\\/\\\/schema.org\",\"@graph\":[{\"@type\":\"Article\",\"@id\":\"https:\\\/\\\/www.bellunopress.it\\\/2019\\\/12\\\/14\\\/yuki-demilia-nuova-vice-coordinatrice-regionale-anci-giovani-veneto-anche-li-castri-e-picinotti-nel-coordinamento-regionale\\\/#article\",\"isPartOf\":{\"@id\":\"https:\\\/\\\/www.bellunopress.it\\\/2019\\\/12\\\/14\\\/yuki-demilia-nuova-vice-coordinatrice-regionale-anci-giovani-veneto-anche-li-castri-e-picinotti-nel-coordinamento-regionale\\\/\"},\"author\":{\"name\":\"redazione\",\"@id\":\"https:\\\/\\\/www.bellunopress.it\\\/#\\\/schema\\\/person\\\/79bb06722b37ece1c03d3e94beb30d73\"},\"headline\":\"Yuki d&#8217;Emilia nuova vice-coordinatrice regionale Anci Giovani Veneto. Anche Li Castri e Picinotti nel coordinamento regionale\",\"datePublished\":\"2019-12-14T14:00:01+00:00\",\"dateModified\":\"2019-12-14T14:00:03+00:00\",\"mainEntityOfPage\":{\"@id\":\"https:\\\/\\\/www.bellunopress.it\\\/2019\\\/12\\\/14\\\/yuki-demilia-nuova-vice-coordinatrice-regionale-anci-giovani-veneto-anche-li-castri-e-picinotti-nel-coordinamento-regionale\\\/\"},\"wordCount\":446,\"publisher\":{\"@id\":\"https:\\\/\\\/www.bellunopress.it\\\/#organization\"},\"image\":{\"@id\":\"https:\\\/\\\/www.bellunopress.it\\\/2019\\\/12\\\/14\\\/yuki-demilia-nuova-vice-coordinatrice-regionale-anci-giovani-veneto-anche-li-castri-e-picinotti-nel-coordinamento-regionale\\\/#primaryimage\"},\"thumbnailUrl\":\"http:\\\/\\\/www.bellunopress.it\\\/wp-content\\\/uploads\\\/2019\\\/12\\\/ANCI-Giovani-Veneto-dEmilia-Bazzarello-Picinotti-Li-Castri.jpg\",\"articleSection\":[\"Cronaca\\\/Politica\",\"Prima Pagina\"],\"inLanguage\":\"fr-FR\"},{\"@type\":\"WebPage\",\"@id\":\"https:\\\/\\\/www.bellunopress.it\\\/2019\\\/12\\\/14\\\/yuki-demilia-nuova-vice-coordinatrice-regionale-anci-giovani-veneto-anche-li-castri-e-picinotti-nel-coordinamento-regionale\\\/\",\"url\":\"https:\\\/\\\/www.bellunopress.it\\\/2019\\\/12\\\/14\\\/yuki-demilia-nuova-vice-coordinatrice-regionale-anci-giovani-veneto-anche-li-castri-e-picinotti-nel-coordinamento-regionale\\\/\",\"name\":\"Yuki d'Emilia nuova vice-coordinatrice regionale Anci Giovani Veneto. Anche Li Castri e Picinotti nel coordinamento regionale - Bellunopress - Dolomiti\",\"isPartOf\":{\"@id\":\"https:\\\/\\\/www.bellunopress.it\\\/#website\"},\"primaryImageOfPage\":{\"@id\":\"https:\\\/\\\/www.bellunopress.it\\\/2019\\\/12\\\/14\\\/yuki-demilia-nuova-vice-coordinatrice-regionale-anci-giovani-veneto-anche-li-castri-e-picinotti-nel-coordinamento-regionale\\\/#primaryimage\"},\"image\":{\"@id\":\"https:\\\/\\\/www.bellunopress.it\\\/2019\\\/12\\\/14\\\/yuki-demilia-nuova-vice-coordinatrice-regionale-anci-giovani-veneto-anche-li-castri-e-picinotti-nel-coordinamento-regionale\\\/#primaryimage\"},\"thumbnailUrl\":\"http:\\\/\\\/www.bellunopress.it\\\/wp-content\\\/uploads\\\/2019\\\/12\\\/ANCI-Giovani-Veneto-dEmilia-Bazzarello-Picinotti-Li-Castri.jpg\",\"datePublished\":\"2019-12-14T14:00:01+00:00\",\"dateModified\":\"2019-12-14T14:00:03+00:00\",\"breadcrumb\":{\"@id\":\"https:\\\/\\\/www.bellunopress.it\\\/2019\\\/12\\\/14\\\/yuki-demilia-nuova-vice-coordinatrice-regionale-anci-giovani-veneto-anche-li-castri-e-picinotti-nel-coordinamento-regionale\\\/#breadcrumb\"},\"inLanguage\":\"fr-FR\",\"potentialAction\":[{\"@type\":\"ReadAction\",\"target\":[\"https:\\\/\\\/www.bellunopress.it\\\/2019\\\/12\\\/14\\\/yuki-demilia-nuova-vice-coordinatrice-regionale-anci-giovani-veneto-anche-li-castri-e-picinotti-nel-coordinamento-regionale\\\/\"]}]},{\"@type\":\"ImageObject\",\"inLanguage\":\"fr-FR\",\"@id\":\"https:\\\/\\\/www.bellunopress.it\\\/2019\\\/12\\\/14\\\/yuki-demilia-nuova-vice-coordinatrice-regionale-anci-giovani-veneto-anche-li-castri-e-picinotti-nel-coordinamento-regionale\\\/#primaryimage\",\"url\":\"http:\\\/\\\/www.bellunopress.it\\\/wp-content\\\/uploads\\\/2019\\\/12\\\/ANCI-Giovani-Veneto-dEmilia-Bazzarello-Picinotti-Li-Castri.jpg\",\"contentUrl\":\"http:\\\/\\\/www.bellunopress.it\\\/wp-content\\\/uploads\\\/2019\\\/12\\\/ANCI-Giovani-Veneto-dEmilia-Bazzarello-Picinotti-Li-Castri.jpg\"},{\"@type\":\"BreadcrumbList\",\"@id\":\"https:\\\/\\\/www.bellunopress.it\\\/2019\\\/12\\\/14\\\/yuki-demilia-nuova-vice-coordinatrice-regionale-anci-giovani-veneto-anche-li-castri-e-picinotti-nel-coordinamento-regionale\\\/#breadcrumb\",\"itemListElement\":[{\"@type\":\"ListItem\",\"position\":1,\"name\":\"Home\",\"item\":\"https:\\\/\\\/www.bellunopress.it\\\/\"},{\"@type\":\"ListItem\",\"position\":2,\"name\":\"Yuki d&#8217;Emilia nuova vice-coordinatrice regionale Anci Giovani Veneto. Anche Li Castri e Picinotti nel coordinamento regionale\"}]},{\"@type\":\"WebSite\",\"@id\":\"https:\\\/\\\/www.bellunopress.it\\\/#website\",\"url\":\"https:\\\/\\\/www.bellunopress.it\\\/\",\"name\":\"Bellunopress - Dolomiti\",\"description\":\"e-mail: redazione@bellunopress.it\",\"publisher\":{\"@id\":\"https:\\\/\\\/www.bellunopress.it\\\/#organization\"},\"potentialAction\":[{\"@type\":\"SearchAction\",\"target\":{\"@type\":\"EntryPoint\",\"urlTemplate\":\"https:\\\/\\\/www.bellunopress.it\\\/?s={search_term_string}\"},\"query-input\":{\"@type\":\"PropertyValueSpecification\",\"valueRequired\":true,\"valueName\":\"search_term_string\"}}],\"inLanguage\":\"fr-FR\"},{\"@type\":\"Organization\",\"@id\":\"https:\\\/\\\/www.bellunopress.it\\\/#organization\",\"name\":\"Bellunopress\",\"url\":\"https:\\\/\\\/www.bellunopress.it\\\/\",\"logo\":{\"@type\":\"ImageObject\",\"inLanguage\":\"fr-FR\",\"@id\":\"https:\\\/\\\/www.bellunopress.it\\\/#\\\/schema\\\/logo\\\/image\\\/\",\"url\":\"https:\\\/\\\/www.bellunopress.it\\\/wp-content\\\/uploads\\\/2011\\\/05\\\/cropped-logo-bellunopress-.jpg\",\"contentUrl\":\"https:\\\/\\\/www.bellunopress.it\\\/wp-content\\\/uploads\\\/2011\\\/05\\\/cropped-logo-bellunopress-.jpg\",\"width\":512,\"height\":512,\"caption\":\"Bellunopress\"},\"image\":{\"@id\":\"https:\\\/\\\/www.bellunopress.it\\\/#\\\/schema\\\/logo\\\/image\\\/\"},\"sameAs\":[\"https:\\\/\\\/www.facebook.com\\\/profile.php?id=100008943462799\",\"https:\\\/\\\/x.com\\\/bellunopress\",\"https:\\\/\\\/www.linkedin.com\\\/hp\\\/?dnr=JBzUWaJfMUw8vbXJJ2tVW5-I3jZKvC4wsoxE&amp;amp;amp;amp;amp;amp;trk=nav_responsive_tab_home\",\"https:\\\/\\\/www.youtube.com\\\/channel\\\/UCxL0wu1uN0_3_7hGG0306cw\"]},{\"@type\":\"Person\",\"@id\":\"https:\\\/\\\/www.bellunopress.it\\\/#\\\/schema\\\/person\\\/79bb06722b37ece1c03d3e94beb30d73\",\"name\":\"redazione\",\"image\":{\"@type\":\"ImageObject\",\"inLanguage\":\"fr-FR\",\"@id\":\"https:\\\/\\\/secure.gravatar.com\\\/avatar\\\/37d968a2e67a6fd04c169c4bdef102d0bc5d31b2546345219e348575eb80e9a0?s=96&d=mm&r=g\",\"url\":\"https:\\\/\\\/secure.gravatar.com\\\/avatar\\\/37d968a2e67a6fd04c169c4bdef102d0bc5d31b2546345219e348575eb80e9a0?s=96&d=mm&r=g\",\"contentUrl\":\"https:\\\/\\\/secure.gravatar.com\\\/avatar\\\/37d968a2e67a6fd04c169c4bdef102d0bc5d31b2546345219e348575eb80e9a0?s=96&d=mm&r=g\",\"caption\":\"redazione\"},\"sameAs\":[\"http:\\\/\\\/www.bellunopress.it\",\"https:\\\/\\\/x.com\\\/bellunopress\"],\"url\":\"https:\\\/\\\/www.bellunopress.it\\\/fr\\\/author\\\/redazione\\\/\"}]}<\/script>\n<!-- \/ Yoast SEO plugin. -->","yoast_head_json":{"title":"Yuki d'Emilia nuova vice-coordinatrice regionale Anci Giovani Veneto. Anche Li Castri e Picinotti nel coordinamento regionale - Bellunopress - Dolomiti","robots":{"index":"index","follow":"follow","max-snippet":"max-snippet:-1","max-image-preview":"max-image-preview:large","max-video-preview":"max-video-preview:-1"},"canonical":"https:\/\/www.bellunopress.it\/fr\/2019\/12\/14\/yuki-demilia-nuova-vice-coordinatrice-regionale-anci-giovani-veneto-anche-li-castri-e-picinotti-nel-coordinamento-regionale\/","og_locale":"fr_FR","og_type":"article","og_title":"Yuki d'Emilia nuova vice-coordinatrice regionale Anci Giovani Veneto. Anche Li Castri e Picinotti nel coordinamento regionale - Bellunopress - Dolomiti","og_description":"L\u2019Assemblea di Anci Giovani del Veneto che si \u00e8 riunita mercoled\u00ec a Selvazzano, nel Padovano, ha eletto all\u2019unanimit\u00e0 il nuovo coordinatore regionale: \u00e8 Roberto Bazzarello, 33 anni, consigliere comunale del Comune di Tribano (Padova) che rappresenter\u00e0 per i prossimi 5 anni gli oltre 2000 giovani amministratori under 35 eletti nei comuni del Veneto. Il rinnovo [&hellip;]","og_url":"https:\/\/www.bellunopress.it\/fr\/2019\/12\/14\/yuki-demilia-nuova-vice-coordinatrice-regionale-anci-giovani-veneto-anche-li-castri-e-picinotti-nel-coordinamento-regionale\/","og_site_name":"Bellunopress - Dolomiti","article_publisher":"https:\/\/www.facebook.com\/profile.php?id=100008943462799","article_published_time":"2019-12-14T14:00:01+00:00","article_modified_time":"2019-12-14T14:00:03+00:00","og_image":[{"url":"http:\/\/www.bellunopress.it\/wp-content\/uploads\/2019\/12\/ANCI-Giovani-Veneto-dEmilia-Bazzarello-Picinotti-Li-Castri.jpg","type":"","width":"","height":""}],"author":"redazione","twitter_card":"summary_large_image","twitter_creator":"@bellunopress","twitter_site":"@bellunopress","twitter_misc":{"\u00c9crit par":"redazione","Dur\u00e9e de lecture estim\u00e9e":"2 minutes"},"schema":{"@context":"https:\/\/schema.org","@graph":[{"@type":"Article","@id":"https:\/\/www.bellunopress.it\/2019\/12\/14\/yuki-demilia-nuova-vice-coordinatrice-regionale-anci-giovani-veneto-anche-li-castri-e-picinotti-nel-coordinamento-regionale\/#article","isPartOf":{"@id":"https:\/\/www.bellunopress.it\/2019\/12\/14\/yuki-demilia-nuova-vice-coordinatrice-regionale-anci-giovani-veneto-anche-li-castri-e-picinotti-nel-coordinamento-regionale\/"},"author":{"name":"redazione","@id":"https:\/\/www.bellunopress.it\/#\/schema\/person\/79bb06722b37ece1c03d3e94beb30d73"},"headline":"Yuki d&#8217;Emilia nuova vice-coordinatrice regionale Anci Giovani Veneto. Anche Li Castri e Picinotti nel coordinamento regionale","datePublished":"2019-12-14T14:00:01+00:00","dateModified":"2019-12-14T14:00:03+00:00","mainEntityOfPage":{"@id":"https:\/\/www.bellunopress.it\/2019\/12\/14\/yuki-demilia-nuova-vice-coordinatrice-regionale-anci-giovani-veneto-anche-li-castri-e-picinotti-nel-coordinamento-regionale\/"},"wordCount":446,"publisher":{"@id":"https:\/\/www.bellunopress.it\/#organization"},"image":{"@id":"https:\/\/www.bellunopress.it\/2019\/12\/14\/yuki-demilia-nuova-vice-coordinatrice-regionale-anci-giovani-veneto-anche-li-castri-e-picinotti-nel-coordinamento-regionale\/#primaryimage"},"thumbnailUrl":"http:\/\/www.bellunopress.it\/wp-content\/uploads\/2019\/12\/ANCI-Giovani-Veneto-dEmilia-Bazzarello-Picinotti-Li-Castri.jpg","articleSection":["Cronaca\/Politica","Prima Pagina"],"inLanguage":"fr-FR"},{"@type":"WebPage","@id":"https:\/\/www.bellunopress.it\/2019\/12\/14\/yuki-demilia-nuova-vice-coordinatrice-regionale-anci-giovani-veneto-anche-li-castri-e-picinotti-nel-coordinamento-regionale\/","url":"https:\/\/www.bellunopress.it\/2019\/12\/14\/yuki-demilia-nuova-vice-coordinatrice-regionale-anci-giovani-veneto-anche-li-castri-e-picinotti-nel-coordinamento-regionale\/","name":"Yuki d'Emilia nuova vice-coordinatrice regionale Anci Giovani Veneto. Anche Li Castri e Picinotti nel coordinamento regionale - Bellunopress - Dolomiti","isPartOf":{"@id":"https:\/\/www.bellunopress.it\/#website"},"primaryImageOfPage":{"@id":"https:\/\/www.bellunopress.it\/2019\/12\/14\/yuki-demilia-nuova-vice-coordinatrice-regionale-anci-giovani-veneto-anche-li-castri-e-picinotti-nel-coordinamento-regionale\/#primaryimage"},"image":{"@id":"https:\/\/www.bellunopress.it\/2019\/12\/14\/yuki-demilia-nuova-vice-coordinatrice-regionale-anci-giovani-veneto-anche-li-castri-e-picinotti-nel-coordinamento-regionale\/#primaryimage"},"thumbnailUrl":"http:\/\/www.bellunopress.it\/wp-content\/uploads\/2019\/12\/ANCI-Giovani-Veneto-dEmilia-Bazzarello-Picinotti-Li-Castri.jpg","datePublished":"2019-12-14T14:00:01+00:00","dateModified":"2019-12-14T14:00:03+00:00","breadcrumb":{"@id":"https:\/\/www.bellunopress.it\/2019\/12\/14\/yuki-demilia-nuova-vice-coordinatrice-regionale-anci-giovani-veneto-anche-li-castri-e-picinotti-nel-coordinamento-regionale\/#breadcrumb"},"inLanguage":"fr-FR","potentialAction":[{"@type":"ReadAction","target":["https:\/\/www.bellunopress.it\/2019\/12\/14\/yuki-demilia-nuova-vice-coordinatrice-regionale-anci-giovani-veneto-anche-li-castri-e-picinotti-nel-coordinamento-regionale\/"]}]},{"@type":"ImageObject","inLanguage":"fr-FR","@id":"https:\/\/www.bellunopress.it\/2019\/12\/14\/yuki-demilia-nuova-vice-coordinatrice-regionale-anci-giovani-veneto-anche-li-castri-e-picinotti-nel-coordinamento-regionale\/#primaryimage","url":"http:\/\/www.bellunopress.it\/wp-content\/uploads\/2019\/12\/ANCI-Giovani-Veneto-dEmilia-Bazzarello-Picinotti-Li-Castri.jpg","contentUrl":"http:\/\/www.bellunopress.it\/wp-content\/uploads\/2019\/12\/ANCI-Giovani-Veneto-dEmilia-Bazzarello-Picinotti-Li-Castri.jpg"},{"@type":"BreadcrumbList","@id":"https:\/\/www.bellunopress.it\/2019\/12\/14\/yuki-demilia-nuova-vice-coordinatrice-regionale-anci-giovani-veneto-anche-li-castri-e-picinotti-nel-coordinamento-regionale\/#breadcrumb","itemListElement":[{"@type":"ListItem","position":1,"name":"Home","item":"https:\/\/www.bellunopress.it\/"},{"@type":"ListItem","position":2,"name":"Yuki d&#8217;Emilia nuova vice-coordinatrice regionale Anci Giovani Veneto. Anche Li Castri e Picinotti nel coordinamento regionale"}]},{"@type":"WebSite","@id":"https:\/\/www.bellunopress.it\/#website","url":"https:\/\/www.bellunopress.it\/","name":"Bellunopress - Dolomiti","description":"e-mail: redazione@bellunopress.it","publisher":{"@id":"https:\/\/www.bellunopress.it\/#organization"},"potentialAction":[{"@type":"SearchAction","target":{"@type":"EntryPoint","urlTemplate":"https:\/\/www.bellunopress.it\/?s={search_term_string}"},"query-input":{"@type":"PropertyValueSpecification","valueRequired":true,"valueName":"search_term_string"}}],"inLanguage":"fr-FR"},{"@type":"Organization","@id":"https:\/\/www.bellunopress.it\/#organization","name":"Bellunopress","url":"https:\/\/www.bellunopress.it\/","logo":{"@type":"ImageObject","inLanguage":"fr-FR","@id":"https:\/\/www.bellunopress.it\/#\/schema\/logo\/image\/","url":"https:\/\/www.bellunopress.it\/wp-content\/uploads\/2011\/05\/cropped-logo-bellunopress-.jpg","contentUrl":"https:\/\/www.bellunopress.it\/wp-content\/uploads\/2011\/05\/cropped-logo-bellunopress-.jpg","width":512,"height":512,"caption":"Bellunopress"},"image":{"@id":"https:\/\/www.bellunopress.it\/#\/schema\/logo\/image\/"},"sameAs":["https:\/\/www.facebook.com\/profile.php?id=100008943462799","https:\/\/x.com\/bellunopress","https:\/\/www.linkedin.com\/hp\/?dnr=JBzUWaJfMUw8vbXJJ2tVW5-I3jZKvC4wsoxE&amp;amp;amp;amp;amp;amp;trk=nav_responsive_tab_home","https:\/\/www.youtube.com\/channel\/UCxL0wu1uN0_3_7hGG0306cw"]},{"@type":"Person","@id":"https:\/\/www.bellunopress.it\/#\/schema\/person\/79bb06722b37ece1c03d3e94beb30d73","name":"r\u00e9daction","image":{"@type":"ImageObject","inLanguage":"fr-FR","@id":"https:\/\/secure.gravatar.com\/avatar\/37d968a2e67a6fd04c169c4bdef102d0bc5d31b2546345219e348575eb80e9a0?s=96&d=mm&r=g","url":"https:\/\/secure.gravatar.com\/avatar\/37d968a2e67a6fd04c169c4bdef102d0bc5d31b2546345219e348575eb80e9a0?s=96&d=mm&r=g","contentUrl":"https:\/\/secure.gravatar.com\/avatar\/37d968a2e67a6fd04c169c4bdef102d0bc5d31b2546345219e348575eb80e9a0?s=96&d=mm&r=g","caption":"redazione"},"sameAs":["http:\/\/www.bellunopress.it","https:\/\/x.com\/bellunopress"],"url":"https:\/\/www.bellunopress.it\/fr\/author\/redazione\/"}]}},"_links":{"self":[{"href":"https:\/\/www.bellunopress.it\/fr\/wp-json\/wp\/v2\/posts\/110431","targetHints":{"allow":["GET"]}}],"collection":[{"href":"https:\/\/www.bellunopress.it\/fr\/wp-json\/wp\/v2\/posts"}],"about":[{"href":"https:\/\/www.bellunopress.it\/fr\/wp-json\/wp\/v2\/types\/post"}],"author":[{"embeddable":true,"href":"https:\/\/www.bellunopress.it\/fr\/wp-json\/wp\/v2\/users\/2"}],"replies":[{"embeddable":true,"href":"https:\/\/www.bellunopress.it\/fr\/wp-json\/wp\/v2\/comments?post=110431"}],"version-history":[{"count":2,"href":"https:\/\/www.bellunopress.it\/fr\/wp-json\/wp\/v2\/posts\/110431\/revisions"}],"predecessor-version":[{"id":110434,"href":"https:\/\/www.bellunopress.it\/fr\/wp-json\/wp\/v2\/posts\/110431\/revisions\/110434"}],"wp:attachment":[{"href":"https:\/\/www.bellunopress.it\/fr\/wp-json\/wp\/v2\/media?parent=110431"}],"wp:term":[{"taxonomy":"category","embeddable":true,"href":"https:\/\/www.bellunopress.it\/fr\/wp-json\/wp\/v2\/categories?post=110431"},{"taxonomy":"post_tag","embeddable":true,"href":"https:\/\/www.bellunopress.it\/fr\/wp-json\/wp\/v2\/tags?post=110431"}],"curies":[{"name":"wp","href":"https:\/\/api.w.org\/{rel}","templated":true}]}}