{"id":11043,"date":"2009-12-28T17:43:53","date_gmt":"2009-12-28T16:43:53","guid":{"rendered":"http:\/\/www.bellunopress.it\/?p=11043"},"modified":"2009-12-28T17:43:53","modified_gmt":"2009-12-28T16:43:53","slug":"cortina-2015-manzato-piena-fiducia-in-franceschi-e-de-santi-reolon-umiliazione-inverosimile","status":"publish","type":"post","link":"https:\/\/www.bellunopress.it\/fr\/2009\/12\/28\/cortina-2015-manzato-piena-fiducia-in-franceschi-e-de-santi-reolon-umiliazione-inverosimile\/","title":{"rendered":"Cortina 2015: Manzato: &#8220;Piena fiducia in Franceschi e De Santi&#8221;. Reolon: &#8220;Umiliazione inverosimile&#8221;"},"content":{"rendered":"<p><a href=\"http:\/\/www.bellunopress.it\/wp-content\/uploads\/2009\/11\/manzato.jpg\"><img loading=\"lazy\" decoding=\"async\" class=\"alignleft size-medium wp-image-9591\" title=\"manzato\" src=\"http:\/\/www.bellunopress.it\/wp-content\/uploads\/2009\/11\/manzato.jpg\" alt=\"\" width=\"130\" height=\"130\" \/><\/a>\u201cPer la candidatura di Cortina ad ospitare i mondiali di sci del 2015 \u00e8 arrivato il momento di guardare avanti, al risultato e alla vittoria finale\u201d. Lo sottolinea oggi il vicepresidente della Regione del Veneto Franco Manzato, che tiene anche ad esprimere \u201cla massima fiducia ed approvazione per l\u2019attivit\u00e0 sin qui svolta dal sindaco Franceschi e dal professor De Santis\u201d. \u201cL\u2019errore c\u2019\u00e8 stato \u2013 aggiunge Manzato \u2013 ma la responsabilit\u00e0 va cercata nella societ\u00e0 che ha gestito questa fase della comunicazione e in nessun modo pu\u00f2 essere fatta ricadere sui tanti che con impegno e dedizione si stanno dando da fare perch\u00e9 la Perla delle Dolomiti possa raggiungere un traguardo tanto atteso quanto meritato\u201d. Secondo Manzato \u201c\u00e8 iniziato un cammino che pu\u00f2 portarci lontano, perch\u00e9 Cortina, e con lei l\u2019intero Veneto, hanno tutte le carte in regola per puntare al successo: portiamo avanti una candidatura forte, spendibile in tutto mondo, qualificata per il livello tecnico di piste ed impianti e per il livello qualitativo e quantitativo della ricettivit\u00e0\u201d.<br \/>\n<a href=\"http:\/\/www.bellunopress.it\/wp-content\/uploads\/2009\/06\/reolon-sergio-iu-2-leggerissima.jpg\"><img loading=\"lazy\" decoding=\"async\" class=\"alignleft size-medium wp-image-5123\" title=\"reolon-sergio-iu-2-leggerissima\" src=\"http:\/\/www.bellunopress.it\/wp-content\/uploads\/2009\/06\/reolon-sergio-iu-2-leggerissima.jpg\" alt=\"\" width=\"95\" height=\"110\" \/><\/a>Sull&#8217;episodio interviene anche Sergio Reolon, ex presidente della Provincia,\u00a0che ha cos\u00ec commentato: &#8220;ci\u00f2 che \u00e8 accaduto ha dell\u2019inverosimile e si configura come una umiliazione, oltrech\u00e9 come danno economico per tutto il bellunese. La Regione veneto finanzia una pubblicit\u00e0 di Cortina con le montagna del Trentino Alto Adige. I nostri rappresentanti in regione ed i nostri amministratori locali levano forte il loro piagnisteo ogni qualvolta un giornalista colloca inopinatamente qualche nostra localit\u00e0 nelle odiate confinanti province autonome, ma questa volta \u00e8 avvenuto una cosa ben pi\u00f9 sconcertante. Con una dimostrazione di superficialit\u00e0, di pressapochismo e di cattivo uso del denaro pubblico veramente senza eguali si declama al mondo intero che le nostre Dolomiti, divenute patrimonio dell\u2019umanit\u00e0, non sono degne di essere messe nei manifesti di promozione della candidatura di Cortina, ovvero della perla delle Dolomiti. Forse, per\u00f2, la spiegazione \u00e8 pi\u00f9 facile di quel che si pensa. La Regione ha fatto di tutto per boicottare il riconoscimento dell\u2019UNESCO; si \u00e8 scagliata contro gli Ampezzani per l\u2019iniziativa referendaria; nella bozza di legge sul turismo non c\u2019\u00e8 traccia del sistema dolomitico; nella sua promozione in giro per il mondo le Dolomiti appaiono come una appendice della montagna veneta e non come montagne uniche al mondo con una loro straordinaria identit\u00e0 e riconoscibilit\u00e0. Di fronte a tutto ci\u00f2 come ci si pu\u00f2 stupire di vere e proprie scempiaggini come quella commessa per reclamizzare la candidatura di Cortina? Ma una cosa va detta anche sulle amministrazioni del nostro territorio. Come \u00e8 possibile lasciare che accada una cosa cos\u00ec senza pretendere di partecipare alle scelte e di avere voce in capitolo? Purtroppo il danno \u00e8 stato fatto. C\u2019\u00e8 solo da sperare che serva da lezione per il futuro&#8221;.<\/p>","protected":false},"excerpt":{"rendered":"<p>\u201cPer la candidatura di Cortina ad ospitare i mondiali di sci del 2015 \u00e8 arrivato il momento di guardare avanti, al risultato e alla vittoria finale\u201d. Lo sottolinea oggi il vicepresidente della Regione del Veneto Franco Manzato, che tiene anche ad esprimere \u201cla massima fiducia ed approvazione per l\u2019attivit\u00e0 sin qui svolta dal sindaco Franceschi [&hellip;]<\/p>\n","protected":false},"author":2,"featured_media":0,"comment_status":"closed","ping_status":"open","sticky":false,"template":"","format":"standard","meta":{"footnotes":""},"categories":[5,26],"tags":[139,63],"class_list":["post-11043","post","type-post","status-publish","format-standard","category-cronaca","category-prima-pagina","tag-belluno","tag-dolomiti"],"yoast_head":"<!-- This site is optimized with the Yoast SEO plugin v28.4 - https:\/\/yoast.com\/product\/yoast-seo-wordpress\/ -->\n<title>Cortina 2015: Manzato: &quot;Piena fiducia in Franceschi e De Santi&quot;. Reolon: &quot;Umiliazione inverosimile&quot; - Bellunopress - Dolomiti<\/title>\n<meta name=\"robots\" content=\"index, follow, max-snippet:-1, max-image-preview:large, max-video-preview:-1\" \/>\n<link rel=\"canonical\" href=\"https:\/\/www.bellunopress.it\/fr\/2009\/12\/28\/cortina-2015-manzato-piena-fiducia-in-franceschi-e-de-santi-reolon-umiliazione-inverosimile\/\" \/>\n<meta property=\"og:locale\" content=\"fr_FR\" \/>\n<meta property=\"og:type\" content=\"article\" \/>\n<meta property=\"og:title\" content=\"Cortina 2015: Manzato: &quot;Piena fiducia in Franceschi e De Santi&quot;. Reolon: &quot;Umiliazione inverosimile&quot; - Bellunopress - Dolomiti\" \/>\n<meta property=\"og:description\" content=\"\u201cPer la candidatura di Cortina ad ospitare i mondiali di sci del 2015 \u00e8 arrivato il momento di guardare avanti, al risultato e alla vittoria finale\u201d. Lo sottolinea oggi il vicepresidente della Regione del Veneto Franco Manzato, che tiene anche ad esprimere \u201cla massima fiducia ed approvazione per l\u2019attivit\u00e0 sin qui svolta dal sindaco Franceschi [&hellip;]\" \/>\n<meta property=\"og:url\" content=\"https:\/\/www.bellunopress.it\/fr\/2009\/12\/28\/cortina-2015-manzato-piena-fiducia-in-franceschi-e-de-santi-reolon-umiliazione-inverosimile\/\" \/>\n<meta property=\"og:site_name\" content=\"Bellunopress - Dolomiti\" \/>\n<meta property=\"article:publisher\" content=\"https:\/\/www.facebook.com\/profile.php?id=100008943462799\" \/>\n<meta property=\"article:published_time\" content=\"2009-12-28T16:43:53+00:00\" \/>\n<meta property=\"og:image\" content=\"http:\/\/www.bellunopress.it\/wp-content\/uploads\/2009\/11\/manzato.jpg\" \/>\n<meta name=\"author\" content=\"redazione\" \/>\n<meta name=\"twitter:card\" content=\"summary_large_image\" \/>\n<meta name=\"twitter:creator\" content=\"@bellunopress\" \/>\n<meta name=\"twitter:site\" content=\"@bellunopress\" \/>\n<meta name=\"twitter:label1\" content=\"\u00c9crit par\" \/>\n\t<meta name=\"twitter:data1\" content=\"redazione\" \/>\n\t<meta name=\"twitter:label2\" content=\"Dur\u00e9e de lecture estim\u00e9e\" \/>\n\t<meta name=\"twitter:data2\" content=\"2 minutes\" \/>\n<script type=\"application\/ld+json\" class=\"yoast-schema-graph\">{\"@context\":\"https:\\\/\\\/schema.org\",\"@graph\":[{\"@type\":\"Article\",\"@id\":\"https:\\\/\\\/www.bellunopress.it\\\/2009\\\/12\\\/28\\\/cortina-2015-manzato-piena-fiducia-in-franceschi-e-de-santi-reolon-umiliazione-inverosimile\\\/#article\",\"isPartOf\":{\"@id\":\"https:\\\/\\\/www.bellunopress.it\\\/2009\\\/12\\\/28\\\/cortina-2015-manzato-piena-fiducia-in-franceschi-e-de-santi-reolon-umiliazione-inverosimile\\\/\"},\"author\":{\"name\":\"redazione\",\"@id\":\"https:\\\/\\\/www.bellunopress.it\\\/#\\\/schema\\\/person\\\/79bb06722b37ece1c03d3e94beb30d73\"},\"headline\":\"Cortina 2015: Manzato: &#8220;Piena fiducia in Franceschi e De Santi&#8221;. Reolon: &#8220;Umiliazione inverosimile&#8221;\",\"datePublished\":\"2009-12-28T16:43:53+00:00\",\"mainEntityOfPage\":{\"@id\":\"https:\\\/\\\/www.bellunopress.it\\\/2009\\\/12\\\/28\\\/cortina-2015-manzato-piena-fiducia-in-franceschi-e-de-santi-reolon-umiliazione-inverosimile\\\/\"},\"wordCount\":460,\"publisher\":{\"@id\":\"https:\\\/\\\/www.bellunopress.it\\\/#organization\"},\"image\":{\"@id\":\"https:\\\/\\\/www.bellunopress.it\\\/2009\\\/12\\\/28\\\/cortina-2015-manzato-piena-fiducia-in-franceschi-e-de-santi-reolon-umiliazione-inverosimile\\\/#primaryimage\"},\"thumbnailUrl\":\"http:\\\/\\\/www.bellunopress.it\\\/wp-content\\\/uploads\\\/2009\\\/11\\\/manzato.jpg\",\"keywords\":[\"Belluno\",\"Dolomiti\"],\"articleSection\":[\"Cronaca\\\/Politica\",\"Prima Pagina\"],\"inLanguage\":\"fr-FR\"},{\"@type\":\"WebPage\",\"@id\":\"https:\\\/\\\/www.bellunopress.it\\\/2009\\\/12\\\/28\\\/cortina-2015-manzato-piena-fiducia-in-franceschi-e-de-santi-reolon-umiliazione-inverosimile\\\/\",\"url\":\"https:\\\/\\\/www.bellunopress.it\\\/2009\\\/12\\\/28\\\/cortina-2015-manzato-piena-fiducia-in-franceschi-e-de-santi-reolon-umiliazione-inverosimile\\\/\",\"name\":\"Cortina 2015: Manzato: \\\"Piena fiducia in Franceschi e De Santi\\\". Reolon: \\\"Umiliazione inverosimile\\\" - Bellunopress - Dolomiti\",\"isPartOf\":{\"@id\":\"https:\\\/\\\/www.bellunopress.it\\\/#website\"},\"primaryImageOfPage\":{\"@id\":\"https:\\\/\\\/www.bellunopress.it\\\/2009\\\/12\\\/28\\\/cortina-2015-manzato-piena-fiducia-in-franceschi-e-de-santi-reolon-umiliazione-inverosimile\\\/#primaryimage\"},\"image\":{\"@id\":\"https:\\\/\\\/www.bellunopress.it\\\/2009\\\/12\\\/28\\\/cortina-2015-manzato-piena-fiducia-in-franceschi-e-de-santi-reolon-umiliazione-inverosimile\\\/#primaryimage\"},\"thumbnailUrl\":\"http:\\\/\\\/www.bellunopress.it\\\/wp-content\\\/uploads\\\/2009\\\/11\\\/manzato.jpg\",\"datePublished\":\"2009-12-28T16:43:53+00:00\",\"breadcrumb\":{\"@id\":\"https:\\\/\\\/www.bellunopress.it\\\/2009\\\/12\\\/28\\\/cortina-2015-manzato-piena-fiducia-in-franceschi-e-de-santi-reolon-umiliazione-inverosimile\\\/#breadcrumb\"},\"inLanguage\":\"fr-FR\",\"potentialAction\":[{\"@type\":\"ReadAction\",\"target\":[\"https:\\\/\\\/www.bellunopress.it\\\/2009\\\/12\\\/28\\\/cortina-2015-manzato-piena-fiducia-in-franceschi-e-de-santi-reolon-umiliazione-inverosimile\\\/\"]}]},{\"@type\":\"ImageObject\",\"inLanguage\":\"fr-FR\",\"@id\":\"https:\\\/\\\/www.bellunopress.it\\\/2009\\\/12\\\/28\\\/cortina-2015-manzato-piena-fiducia-in-franceschi-e-de-santi-reolon-umiliazione-inverosimile\\\/#primaryimage\",\"url\":\"http:\\\/\\\/www.bellunopress.it\\\/wp-content\\\/uploads\\\/2009\\\/11\\\/manzato.jpg\",\"contentUrl\":\"http:\\\/\\\/www.bellunopress.it\\\/wp-content\\\/uploads\\\/2009\\\/11\\\/manzato.jpg\"},{\"@type\":\"BreadcrumbList\",\"@id\":\"https:\\\/\\\/www.bellunopress.it\\\/2009\\\/12\\\/28\\\/cortina-2015-manzato-piena-fiducia-in-franceschi-e-de-santi-reolon-umiliazione-inverosimile\\\/#breadcrumb\",\"itemListElement\":[{\"@type\":\"ListItem\",\"position\":1,\"name\":\"Home\",\"item\":\"https:\\\/\\\/www.bellunopress.it\\\/\"},{\"@type\":\"ListItem\",\"position\":2,\"name\":\"Cortina 2015: Manzato: &#8220;Piena fiducia in Franceschi e De Santi&#8221;. Reolon: &#8220;Umiliazione inverosimile&#8221;\"}]},{\"@type\":\"WebSite\",\"@id\":\"https:\\\/\\\/www.bellunopress.it\\\/#website\",\"url\":\"https:\\\/\\\/www.bellunopress.it\\\/\",\"name\":\"Bellunopress - Dolomiti\",\"description\":\"e-mail: redazione@bellunopress.it\",\"publisher\":{\"@id\":\"https:\\\/\\\/www.bellunopress.it\\\/#organization\"},\"potentialAction\":[{\"@type\":\"SearchAction\",\"target\":{\"@type\":\"EntryPoint\",\"urlTemplate\":\"https:\\\/\\\/www.bellunopress.it\\\/?s={search_term_string}\"},\"query-input\":{\"@type\":\"PropertyValueSpecification\",\"valueRequired\":true,\"valueName\":\"search_term_string\"}}],\"inLanguage\":\"fr-FR\"},{\"@type\":\"Organization\",\"@id\":\"https:\\\/\\\/www.bellunopress.it\\\/#organization\",\"name\":\"Bellunopress\",\"url\":\"https:\\\/\\\/www.bellunopress.it\\\/\",\"logo\":{\"@type\":\"ImageObject\",\"inLanguage\":\"fr-FR\",\"@id\":\"https:\\\/\\\/www.bellunopress.it\\\/#\\\/schema\\\/logo\\\/image\\\/\",\"url\":\"https:\\\/\\\/www.bellunopress.it\\\/wp-content\\\/uploads\\\/2011\\\/05\\\/cropped-logo-bellunopress-.jpg\",\"contentUrl\":\"https:\\\/\\\/www.bellunopress.it\\\/wp-content\\\/uploads\\\/2011\\\/05\\\/cropped-logo-bellunopress-.jpg\",\"width\":512,\"height\":512,\"caption\":\"Bellunopress\"},\"image\":{\"@id\":\"https:\\\/\\\/www.bellunopress.it\\\/#\\\/schema\\\/logo\\\/image\\\/\"},\"sameAs\":[\"https:\\\/\\\/www.facebook.com\\\/profile.php?id=100008943462799\",\"https:\\\/\\\/x.com\\\/bellunopress\",\"https:\\\/\\\/www.linkedin.com\\\/hp\\\/?dnr=JBzUWaJfMUw8vbXJJ2tVW5-I3jZKvC4wsoxE&amp;amp;amp;amp;amp;amp;trk=nav_responsive_tab_home\",\"https:\\\/\\\/www.youtube.com\\\/channel\\\/UCxL0wu1uN0_3_7hGG0306cw\"]},{\"@type\":\"Person\",\"@id\":\"https:\\\/\\\/www.bellunopress.it\\\/#\\\/schema\\\/person\\\/79bb06722b37ece1c03d3e94beb30d73\",\"name\":\"redazione\",\"image\":{\"@type\":\"ImageObject\",\"inLanguage\":\"fr-FR\",\"@id\":\"https:\\\/\\\/secure.gravatar.com\\\/avatar\\\/37d968a2e67a6fd04c169c4bdef102d0bc5d31b2546345219e348575eb80e9a0?s=96&d=mm&r=g\",\"url\":\"https:\\\/\\\/secure.gravatar.com\\\/avatar\\\/37d968a2e67a6fd04c169c4bdef102d0bc5d31b2546345219e348575eb80e9a0?s=96&d=mm&r=g\",\"contentUrl\":\"https:\\\/\\\/secure.gravatar.com\\\/avatar\\\/37d968a2e67a6fd04c169c4bdef102d0bc5d31b2546345219e348575eb80e9a0?s=96&d=mm&r=g\",\"caption\":\"redazione\"},\"sameAs\":[\"http:\\\/\\\/www.bellunopress.it\",\"https:\\\/\\\/x.com\\\/bellunopress\"],\"url\":\"https:\\\/\\\/www.bellunopress.it\\\/fr\\\/author\\\/redazione\\\/\"}]}<\/script>\n<!-- \/ Yoast SEO plugin. -->","yoast_head_json":{"title":"Cortina 2015: Manzato: \"Piena fiducia in Franceschi e De Santi\". Reolon: \"Umiliazione inverosimile\" - Bellunopress - Dolomiti","robots":{"index":"index","follow":"follow","max-snippet":"max-snippet:-1","max-image-preview":"max-image-preview:large","max-video-preview":"max-video-preview:-1"},"canonical":"https:\/\/www.bellunopress.it\/fr\/2009\/12\/28\/cortina-2015-manzato-piena-fiducia-in-franceschi-e-de-santi-reolon-umiliazione-inverosimile\/","og_locale":"fr_FR","og_type":"article","og_title":"Cortina 2015: Manzato: \"Piena fiducia in Franceschi e De Santi\". Reolon: \"Umiliazione inverosimile\" - Bellunopress - Dolomiti","og_description":"\u201cPer la candidatura di Cortina ad ospitare i mondiali di sci del 2015 \u00e8 arrivato il momento di guardare avanti, al risultato e alla vittoria finale\u201d. Lo sottolinea oggi il vicepresidente della Regione del Veneto Franco Manzato, che tiene anche ad esprimere \u201cla massima fiducia ed approvazione per l\u2019attivit\u00e0 sin qui svolta dal sindaco Franceschi [&hellip;]","og_url":"https:\/\/www.bellunopress.it\/fr\/2009\/12\/28\/cortina-2015-manzato-piena-fiducia-in-franceschi-e-de-santi-reolon-umiliazione-inverosimile\/","og_site_name":"Bellunopress - Dolomiti","article_publisher":"https:\/\/www.facebook.com\/profile.php?id=100008943462799","article_published_time":"2009-12-28T16:43:53+00:00","og_image":[{"url":"http:\/\/www.bellunopress.it\/wp-content\/uploads\/2009\/11\/manzato.jpg","type":"","width":"","height":""}],"author":"redazione","twitter_card":"summary_large_image","twitter_creator":"@bellunopress","twitter_site":"@bellunopress","twitter_misc":{"\u00c9crit par":"redazione","Dur\u00e9e de lecture estim\u00e9e":"2 minutes"},"schema":{"@context":"https:\/\/schema.org","@graph":[{"@type":"Article","@id":"https:\/\/www.bellunopress.it\/2009\/12\/28\/cortina-2015-manzato-piena-fiducia-in-franceschi-e-de-santi-reolon-umiliazione-inverosimile\/#article","isPartOf":{"@id":"https:\/\/www.bellunopress.it\/2009\/12\/28\/cortina-2015-manzato-piena-fiducia-in-franceschi-e-de-santi-reolon-umiliazione-inverosimile\/"},"author":{"name":"redazione","@id":"https:\/\/www.bellunopress.it\/#\/schema\/person\/79bb06722b37ece1c03d3e94beb30d73"},"headline":"Cortina 2015: Manzato: &#8220;Piena fiducia in Franceschi e De Santi&#8221;. Reolon: &#8220;Umiliazione inverosimile&#8221;","datePublished":"2009-12-28T16:43:53+00:00","mainEntityOfPage":{"@id":"https:\/\/www.bellunopress.it\/2009\/12\/28\/cortina-2015-manzato-piena-fiducia-in-franceschi-e-de-santi-reolon-umiliazione-inverosimile\/"},"wordCount":460,"publisher":{"@id":"https:\/\/www.bellunopress.it\/#organization"},"image":{"@id":"https:\/\/www.bellunopress.it\/2009\/12\/28\/cortina-2015-manzato-piena-fiducia-in-franceschi-e-de-santi-reolon-umiliazione-inverosimile\/#primaryimage"},"thumbnailUrl":"http:\/\/www.bellunopress.it\/wp-content\/uploads\/2009\/11\/manzato.jpg","keywords":["Belluno","Dolomiti"],"articleSection":["Cronaca\/Politica","Prima Pagina"],"inLanguage":"fr-FR"},{"@type":"WebPage","@id":"https:\/\/www.bellunopress.it\/2009\/12\/28\/cortina-2015-manzato-piena-fiducia-in-franceschi-e-de-santi-reolon-umiliazione-inverosimile\/","url":"https:\/\/www.bellunopress.it\/2009\/12\/28\/cortina-2015-manzato-piena-fiducia-in-franceschi-e-de-santi-reolon-umiliazione-inverosimile\/","name":"Cortina 2015: Manzato: \"Piena fiducia in Franceschi e De Santi\". Reolon: \"Umiliazione inverosimile\" - Bellunopress - Dolomiti","isPartOf":{"@id":"https:\/\/www.bellunopress.it\/#website"},"primaryImageOfPage":{"@id":"https:\/\/www.bellunopress.it\/2009\/12\/28\/cortina-2015-manzato-piena-fiducia-in-franceschi-e-de-santi-reolon-umiliazione-inverosimile\/#primaryimage"},"image":{"@id":"https:\/\/www.bellunopress.it\/2009\/12\/28\/cortina-2015-manzato-piena-fiducia-in-franceschi-e-de-santi-reolon-umiliazione-inverosimile\/#primaryimage"},"thumbnailUrl":"http:\/\/www.bellunopress.it\/wp-content\/uploads\/2009\/11\/manzato.jpg","datePublished":"2009-12-28T16:43:53+00:00","breadcrumb":{"@id":"https:\/\/www.bellunopress.it\/2009\/12\/28\/cortina-2015-manzato-piena-fiducia-in-franceschi-e-de-santi-reolon-umiliazione-inverosimile\/#breadcrumb"},"inLanguage":"fr-FR","potentialAction":[{"@type":"ReadAction","target":["https:\/\/www.bellunopress.it\/2009\/12\/28\/cortina-2015-manzato-piena-fiducia-in-franceschi-e-de-santi-reolon-umiliazione-inverosimile\/"]}]},{"@type":"ImageObject","inLanguage":"fr-FR","@id":"https:\/\/www.bellunopress.it\/2009\/12\/28\/cortina-2015-manzato-piena-fiducia-in-franceschi-e-de-santi-reolon-umiliazione-inverosimile\/#primaryimage","url":"http:\/\/www.bellunopress.it\/wp-content\/uploads\/2009\/11\/manzato.jpg","contentUrl":"http:\/\/www.bellunopress.it\/wp-content\/uploads\/2009\/11\/manzato.jpg"},{"@type":"BreadcrumbList","@id":"https:\/\/www.bellunopress.it\/2009\/12\/28\/cortina-2015-manzato-piena-fiducia-in-franceschi-e-de-santi-reolon-umiliazione-inverosimile\/#breadcrumb","itemListElement":[{"@type":"ListItem","position":1,"name":"Home","item":"https:\/\/www.bellunopress.it\/"},{"@type":"ListItem","position":2,"name":"Cortina 2015: Manzato: &#8220;Piena fiducia in Franceschi e De Santi&#8221;. Reolon: &#8220;Umiliazione inverosimile&#8221;"}]},{"@type":"WebSite","@id":"https:\/\/www.bellunopress.it\/#website","url":"https:\/\/www.bellunopress.it\/","name":"Bellunopress - Dolomiti","description":"e-mail: redazione@bellunopress.it","publisher":{"@id":"https:\/\/www.bellunopress.it\/#organization"},"potentialAction":[{"@type":"SearchAction","target":{"@type":"EntryPoint","urlTemplate":"https:\/\/www.bellunopress.it\/?s={search_term_string}"},"query-input":{"@type":"PropertyValueSpecification","valueRequired":true,"valueName":"search_term_string"}}],"inLanguage":"fr-FR"},{"@type":"Organization","@id":"https:\/\/www.bellunopress.it\/#organization","name":"Bellunopress","url":"https:\/\/www.bellunopress.it\/","logo":{"@type":"ImageObject","inLanguage":"fr-FR","@id":"https:\/\/www.bellunopress.it\/#\/schema\/logo\/image\/","url":"https:\/\/www.bellunopress.it\/wp-content\/uploads\/2011\/05\/cropped-logo-bellunopress-.jpg","contentUrl":"https:\/\/www.bellunopress.it\/wp-content\/uploads\/2011\/05\/cropped-logo-bellunopress-.jpg","width":512,"height":512,"caption":"Bellunopress"},"image":{"@id":"https:\/\/www.bellunopress.it\/#\/schema\/logo\/image\/"},"sameAs":["https:\/\/www.facebook.com\/profile.php?id=100008943462799","https:\/\/x.com\/bellunopress","https:\/\/www.linkedin.com\/hp\/?dnr=JBzUWaJfMUw8vbXJJ2tVW5-I3jZKvC4wsoxE&amp;amp;amp;amp;amp;amp;trk=nav_responsive_tab_home","https:\/\/www.youtube.com\/channel\/UCxL0wu1uN0_3_7hGG0306cw"]},{"@type":"Person","@id":"https:\/\/www.bellunopress.it\/#\/schema\/person\/79bb06722b37ece1c03d3e94beb30d73","name":"r\u00e9daction","image":{"@type":"ImageObject","inLanguage":"fr-FR","@id":"https:\/\/secure.gravatar.com\/avatar\/37d968a2e67a6fd04c169c4bdef102d0bc5d31b2546345219e348575eb80e9a0?s=96&d=mm&r=g","url":"https:\/\/secure.gravatar.com\/avatar\/37d968a2e67a6fd04c169c4bdef102d0bc5d31b2546345219e348575eb80e9a0?s=96&d=mm&r=g","contentUrl":"https:\/\/secure.gravatar.com\/avatar\/37d968a2e67a6fd04c169c4bdef102d0bc5d31b2546345219e348575eb80e9a0?s=96&d=mm&r=g","caption":"redazione"},"sameAs":["http:\/\/www.bellunopress.it","https:\/\/x.com\/bellunopress"],"url":"https:\/\/www.bellunopress.it\/fr\/author\/redazione\/"}]}},"_links":{"self":[{"href":"https:\/\/www.bellunopress.it\/fr\/wp-json\/wp\/v2\/posts\/11043","targetHints":{"allow":["GET"]}}],"collection":[{"href":"https:\/\/www.bellunopress.it\/fr\/wp-json\/wp\/v2\/posts"}],"about":[{"href":"https:\/\/www.bellunopress.it\/fr\/wp-json\/wp\/v2\/types\/post"}],"author":[{"embeddable":true,"href":"https:\/\/www.bellunopress.it\/fr\/wp-json\/wp\/v2\/users\/2"}],"replies":[{"embeddable":true,"href":"https:\/\/www.bellunopress.it\/fr\/wp-json\/wp\/v2\/comments?post=11043"}],"version-history":[{"count":1,"href":"https:\/\/www.bellunopress.it\/fr\/wp-json\/wp\/v2\/posts\/11043\/revisions"}],"predecessor-version":[{"id":11044,"href":"https:\/\/www.bellunopress.it\/fr\/wp-json\/wp\/v2\/posts\/11043\/revisions\/11044"}],"wp:attachment":[{"href":"https:\/\/www.bellunopress.it\/fr\/wp-json\/wp\/v2\/media?parent=11043"}],"wp:term":[{"taxonomy":"category","embeddable":true,"href":"https:\/\/www.bellunopress.it\/fr\/wp-json\/wp\/v2\/categories?post=11043"},{"taxonomy":"post_tag","embeddable":true,"href":"https:\/\/www.bellunopress.it\/fr\/wp-json\/wp\/v2\/tags?post=11043"}],"curies":[{"name":"wp","href":"https:\/\/api.w.org\/{rel}","templated":true}]}}