{"id":110425,"date":"2019-12-15T21:44:56","date_gmt":"2019-12-15T20:44:56","guid":{"rendered":"http:\/\/www.bellunopress.it\/?p=110425"},"modified":"2019-12-13T21:55:18","modified_gmt":"2019-12-13T20:55:18","slug":"sensibilita-chimica-multipla-ed-elettrosensibilita-giovedi-alle-20-15-il-documentario-nella-sede-un-noce-di-baldenich","status":"publish","type":"post","link":"https:\/\/www.bellunopress.it\/fr\/2019\/12\/15\/sensibilita-chimica-multipla-ed-elettrosensibilita-giovedi-alle-20-15-il-documentario-nella-sede-un-noce-di-baldenich\/","title":{"rendered":"Sensibilit\u00e0 chimica multipla ed elettrosensibilit\u00e0. Gioved\u00ec alle 20.15 il documentario nella sede Un Noce di Baldenich"},"content":{"rendered":"<p>Gioved\u00ec 19 dicembre alle ore 20.15 nella sala di Un Noce in Via Barozzi 18 l&#8217;Associazione Culturale Centro UPM di Belluno proietter\u00e0 il documentario &#8220;Sensibile&#8221; che rivela le patologie da Sensibilit\u00e0 Chimica Multipla ed Elettrosensibilit\u00e0.<\/p>\n<p>Informazioni e prenotazioni ai numeri telefonici:\u00a0 3515468735 oppure 3200280882<\/p>\n<p>Si tratta del primo documentario italiano su MCS e EHS, prodotto da Officinemedia in collaborazione con Associazione Italiana Elettrosensibili, ReMedia malattie e disabilit\u00e0 ambientali, Comitato Lecce via cavo. Gli acronimi inglesi MCS e EHS indicano due controverse patologie: la Sensibilit\u00e0 Chimica Multipla e la Elettrosensibilit\u00e0. Tali condizioni, a volte presenti nello stesso soggetto, comportano l&#8217;impossibilit\u00e0 di tollerare esposizioni a sostanze chimiche, nel primo caso, o a campi elettromagnetici, nel secondo, anche in quantit\u00e0 minime. Poche sono ancora le nazioni che hanno intrapreso un percorso di ricerca indipendente e d&#8217;identificazione della malattia. Permane in alcuni ambienti scientifici una certa perplessit\u00e0 circa la natura fisiologica e le cause tossico-ambientali di queste malattie; in Italia la situazione \u00e8 particolarmente complicata, dato che le istituzioni tardano a riconoscere sia le patologie, sia i diritti dei malati: questi sono spesso costretti, se possono permetterselo, a costosissime trasferte all&#8217;estero dove si praticano cure che nel nostro paese non sono consentite; in alternativa, sono costretti a vivere un vita di rinunce, isolandosi e perdendo relazioni, lavoro e affetti. &#8220;Sensibile&#8221;, primo documentario italiano sul tema prodotto da Officinemedia per la regia di Alessandro Quadretti, racconta le storie di chi soffre e di chi cura, di chi ha dovuto reinventare la sua vita, affrontando i cambiamenti indotti dalla malattia; ma soprattutto vuole evidenziare, oltre la retorica e i facili slogan, che le malattie ambientali sono un problema di tutti. Perch\u00e9 un ambiente malsano, aggressivo e inospitale sar\u00e0 sempre una minaccia, anche per chi ora non \u00e8 malato.<\/p>\n<p>Regia, produzione e montaggio di Alessandro Quadretti<br \/>\nFotografia di Matteo De Martini<br \/>\nMusiche originali di Massi Amadori e Gianluca De Lorenzi<\/p>","protected":false},"excerpt":{"rendered":"<p>Gioved\u00ec 19 dicembre alle ore 20.15 nella sala di Un Noce in Via Barozzi 18 l&#8217;Associazione Culturale Centro UPM di Belluno proietter\u00e0 il documentario &#8220;Sensibile&#8221; che rivela le patologie da Sensibilit\u00e0 Chimica Multipla ed Elettrosensibilit\u00e0. Informazioni e prenotazioni ai numeri telefonici:\u00a0 3515468735 oppure 3200280882 Si tratta del primo documentario italiano su MCS e EHS, prodotto [&hellip;]<\/p>\n","protected":false},"author":2,"featured_media":0,"comment_status":"closed","ping_status":"open","sticky":false,"template":"","format":"standard","meta":{"footnotes":""},"categories":[27,3,25],"tags":[],"class_list":["post-110425","post","type-post","status-publish","format-standard","category-appuntamenti","category-arte-cultura-spettacoli-scienza-archivi","category-pausa-caffe"],"yoast_head":"<!-- This site is optimized with the Yoast SEO plugin v28.4 - https:\/\/yoast.com\/product\/yoast-seo-wordpress\/ -->\n<title>Sensibilit\u00e0 chimica multipla ed elettrosensibilit\u00e0. Gioved\u00ec alle 20.15 il documentario nella sede Un Noce di Baldenich - Bellunopress - Dolomiti<\/title>\n<meta name=\"robots\" content=\"index, follow, max-snippet:-1, max-image-preview:large, max-video-preview:-1\" \/>\n<link rel=\"canonical\" href=\"https:\/\/www.bellunopress.it\/fr\/2019\/12\/15\/sensibilita-chimica-multipla-ed-elettrosensibilita-giovedi-alle-20-15-il-documentario-nella-sede-un-noce-di-baldenich\/\" \/>\n<meta property=\"og:locale\" content=\"fr_FR\" \/>\n<meta property=\"og:type\" content=\"article\" \/>\n<meta property=\"og:title\" content=\"Sensibilit\u00e0 chimica multipla ed elettrosensibilit\u00e0. Gioved\u00ec alle 20.15 il documentario nella sede Un Noce di Baldenich - Bellunopress - Dolomiti\" \/>\n<meta property=\"og:description\" content=\"Gioved\u00ec 19 dicembre alle ore 20.15 nella sala di Un Noce in Via Barozzi 18 l&#8217;Associazione Culturale Centro UPM di Belluno proietter\u00e0 il documentario &#8220;Sensibile&#8221; che rivela le patologie da Sensibilit\u00e0 Chimica Multipla ed Elettrosensibilit\u00e0. Informazioni e prenotazioni ai numeri telefonici:\u00a0 3515468735 oppure 3200280882 Si tratta del primo documentario italiano su MCS e EHS, prodotto [&hellip;]\" \/>\n<meta property=\"og:url\" content=\"https:\/\/www.bellunopress.it\/fr\/2019\/12\/15\/sensibilita-chimica-multipla-ed-elettrosensibilita-giovedi-alle-20-15-il-documentario-nella-sede-un-noce-di-baldenich\/\" \/>\n<meta property=\"og:site_name\" content=\"Bellunopress - Dolomiti\" \/>\n<meta property=\"article:publisher\" content=\"https:\/\/www.facebook.com\/profile.php?id=100008943462799\" \/>\n<meta property=\"article:published_time\" content=\"2019-12-15T20:44:56+00:00\" \/>\n<meta property=\"og:image\" content=\"http:\/\/www.bellunopress.it\/wp-content\/uploads\/2012\/07\/logo-bellunopress-250x250-2012.jpg\" \/>\n<meta name=\"author\" content=\"redazione\" \/>\n<meta name=\"twitter:card\" content=\"summary_large_image\" \/>\n<meta name=\"twitter:creator\" content=\"@bellunopress\" \/>\n<meta name=\"twitter:site\" content=\"@bellunopress\" \/>\n<meta name=\"twitter:label1\" content=\"Written by\" \/>\n\t<meta name=\"twitter:data1\" content=\"redazione\" \/>\n\t<meta name=\"twitter:label2\" content=\"Est. reading time\" \/>\n\t<meta name=\"twitter:data2\" content=\"2 minutes\" \/>\n<script type=\"application\/ld+json\" class=\"yoast-schema-graph\">{\"@context\":\"https:\\\/\\\/schema.org\",\"@graph\":[{\"@type\":\"Article\",\"@id\":\"https:\\\/\\\/www.bellunopress.it\\\/2019\\\/12\\\/15\\\/sensibilita-chimica-multipla-ed-elettrosensibilita-giovedi-alle-20-15-il-documentario-nella-sede-un-noce-di-baldenich\\\/#article\",\"isPartOf\":{\"@id\":\"https:\\\/\\\/www.bellunopress.it\\\/2019\\\/12\\\/15\\\/sensibilita-chimica-multipla-ed-elettrosensibilita-giovedi-alle-20-15-il-documentario-nella-sede-un-noce-di-baldenich\\\/\"},\"author\":{\"name\":\"redazione\",\"@id\":\"https:\\\/\\\/www.bellunopress.it\\\/#\\\/schema\\\/person\\\/79bb06722b37ece1c03d3e94beb30d73\"},\"headline\":\"Sensibilit\u00e0 chimica multipla ed elettrosensibilit\u00e0. Gioved\u00ec alle 20.15 il documentario nella sede Un Noce di Baldenich\",\"datePublished\":\"2019-12-15T20:44:56+00:00\",\"mainEntityOfPage\":{\"@id\":\"https:\\\/\\\/www.bellunopress.it\\\/2019\\\/12\\\/15\\\/sensibilita-chimica-multipla-ed-elettrosensibilita-giovedi-alle-20-15-il-documentario-nella-sede-un-noce-di-baldenich\\\/\"},\"wordCount\":325,\"publisher\":{\"@id\":\"https:\\\/\\\/www.bellunopress.it\\\/#organization\"},\"articleSection\":[\"Appuntamenti, Eventi\",\"Arte, Cultura, Spettacoli, Scienza\",\"Pausa Caff\u00e8\"],\"inLanguage\":\"fr-FR\"},{\"@type\":\"WebPage\",\"@id\":\"https:\\\/\\\/www.bellunopress.it\\\/2019\\\/12\\\/15\\\/sensibilita-chimica-multipla-ed-elettrosensibilita-giovedi-alle-20-15-il-documentario-nella-sede-un-noce-di-baldenich\\\/\",\"url\":\"https:\\\/\\\/www.bellunopress.it\\\/2019\\\/12\\\/15\\\/sensibilita-chimica-multipla-ed-elettrosensibilita-giovedi-alle-20-15-il-documentario-nella-sede-un-noce-di-baldenich\\\/\",\"name\":\"Sensibilit\u00e0 chimica multipla ed elettrosensibilit\u00e0. Gioved\u00ec alle 20.15 il documentario nella sede Un Noce di Baldenich - Bellunopress - Dolomiti\",\"isPartOf\":{\"@id\":\"https:\\\/\\\/www.bellunopress.it\\\/#website\"},\"datePublished\":\"2019-12-15T20:44:56+00:00\",\"breadcrumb\":{\"@id\":\"https:\\\/\\\/www.bellunopress.it\\\/2019\\\/12\\\/15\\\/sensibilita-chimica-multipla-ed-elettrosensibilita-giovedi-alle-20-15-il-documentario-nella-sede-un-noce-di-baldenich\\\/#breadcrumb\"},\"inLanguage\":\"fr-FR\",\"potentialAction\":[{\"@type\":\"ReadAction\",\"target\":[\"https:\\\/\\\/www.bellunopress.it\\\/2019\\\/12\\\/15\\\/sensibilita-chimica-multipla-ed-elettrosensibilita-giovedi-alle-20-15-il-documentario-nella-sede-un-noce-di-baldenich\\\/\"]}]},{\"@type\":\"BreadcrumbList\",\"@id\":\"https:\\\/\\\/www.bellunopress.it\\\/2019\\\/12\\\/15\\\/sensibilita-chimica-multipla-ed-elettrosensibilita-giovedi-alle-20-15-il-documentario-nella-sede-un-noce-di-baldenich\\\/#breadcrumb\",\"itemListElement\":[{\"@type\":\"ListItem\",\"position\":1,\"name\":\"Home\",\"item\":\"https:\\\/\\\/www.bellunopress.it\\\/\"},{\"@type\":\"ListItem\",\"position\":2,\"name\":\"Sensibilit\u00e0 chimica multipla ed elettrosensibilit\u00e0. Gioved\u00ec alle 20.15 il documentario nella sede Un Noce di Baldenich\"}]},{\"@type\":\"WebSite\",\"@id\":\"https:\\\/\\\/www.bellunopress.it\\\/#website\",\"url\":\"https:\\\/\\\/www.bellunopress.it\\\/\",\"name\":\"Bellunopress - Dolomiti\",\"description\":\"e-mail: redazione@bellunopress.it\",\"publisher\":{\"@id\":\"https:\\\/\\\/www.bellunopress.it\\\/#organization\"},\"potentialAction\":[{\"@type\":\"SearchAction\",\"target\":{\"@type\":\"EntryPoint\",\"urlTemplate\":\"https:\\\/\\\/www.bellunopress.it\\\/?s={search_term_string}\"},\"query-input\":{\"@type\":\"PropertyValueSpecification\",\"valueRequired\":true,\"valueName\":\"search_term_string\"}}],\"inLanguage\":\"fr-FR\"},{\"@type\":\"Organization\",\"@id\":\"https:\\\/\\\/www.bellunopress.it\\\/#organization\",\"name\":\"Bellunopress\",\"url\":\"https:\\\/\\\/www.bellunopress.it\\\/\",\"logo\":{\"@type\":\"ImageObject\",\"inLanguage\":\"fr-FR\",\"@id\":\"https:\\\/\\\/www.bellunopress.it\\\/#\\\/schema\\\/logo\\\/image\\\/\",\"url\":\"https:\\\/\\\/www.bellunopress.it\\\/wp-content\\\/uploads\\\/2011\\\/05\\\/cropped-logo-bellunopress-.jpg\",\"contentUrl\":\"https:\\\/\\\/www.bellunopress.it\\\/wp-content\\\/uploads\\\/2011\\\/05\\\/cropped-logo-bellunopress-.jpg\",\"width\":512,\"height\":512,\"caption\":\"Bellunopress\"},\"image\":{\"@id\":\"https:\\\/\\\/www.bellunopress.it\\\/#\\\/schema\\\/logo\\\/image\\\/\"},\"sameAs\":[\"https:\\\/\\\/www.facebook.com\\\/profile.php?id=100008943462799\",\"https:\\\/\\\/x.com\\\/bellunopress\",\"https:\\\/\\\/www.linkedin.com\\\/hp\\\/?dnr=JBzUWaJfMUw8vbXJJ2tVW5-I3jZKvC4wsoxE&amp;amp;amp;amp;amp;amp;trk=nav_responsive_tab_home\",\"https:\\\/\\\/www.youtube.com\\\/channel\\\/UCxL0wu1uN0_3_7hGG0306cw\"]},{\"@type\":\"Person\",\"@id\":\"https:\\\/\\\/www.bellunopress.it\\\/#\\\/schema\\\/person\\\/79bb06722b37ece1c03d3e94beb30d73\",\"name\":\"redazione\",\"image\":{\"@type\":\"ImageObject\",\"inLanguage\":\"fr-FR\",\"@id\":\"https:\\\/\\\/secure.gravatar.com\\\/avatar\\\/37d968a2e67a6fd04c169c4bdef102d0bc5d31b2546345219e348575eb80e9a0?s=96&d=mm&r=g\",\"url\":\"https:\\\/\\\/secure.gravatar.com\\\/avatar\\\/37d968a2e67a6fd04c169c4bdef102d0bc5d31b2546345219e348575eb80e9a0?s=96&d=mm&r=g\",\"contentUrl\":\"https:\\\/\\\/secure.gravatar.com\\\/avatar\\\/37d968a2e67a6fd04c169c4bdef102d0bc5d31b2546345219e348575eb80e9a0?s=96&d=mm&r=g\",\"caption\":\"redazione\"},\"sameAs\":[\"http:\\\/\\\/www.bellunopress.it\",\"https:\\\/\\\/x.com\\\/bellunopress\"],\"url\":\"https:\\\/\\\/www.bellunopress.it\\\/fr\\\/author\\\/redazione\\\/\"}]}<\/script>\n<!-- \/ Yoast SEO plugin. -->","yoast_head_json":{"title":"Sensibilit\u00e0 chimica multipla ed elettrosensibilit\u00e0. Gioved\u00ec alle 20.15 il documentario nella sede Un Noce di Baldenich - Bellunopress - Dolomiti","robots":{"index":"index","follow":"follow","max-snippet":"max-snippet:-1","max-image-preview":"max-image-preview:large","max-video-preview":"max-video-preview:-1"},"canonical":"https:\/\/www.bellunopress.it\/fr\/2019\/12\/15\/sensibilita-chimica-multipla-ed-elettrosensibilita-giovedi-alle-20-15-il-documentario-nella-sede-un-noce-di-baldenich\/","og_locale":"fr_FR","og_type":"article","og_title":"Sensibilit\u00e0 chimica multipla ed elettrosensibilit\u00e0. Gioved\u00ec alle 20.15 il documentario nella sede Un Noce di Baldenich - Bellunopress - Dolomiti","og_description":"Gioved\u00ec 19 dicembre alle ore 20.15 nella sala di Un Noce in Via Barozzi 18 l&#8217;Associazione Culturale Centro UPM di Belluno proietter\u00e0 il documentario &#8220;Sensibile&#8221; che rivela le patologie da Sensibilit\u00e0 Chimica Multipla ed Elettrosensibilit\u00e0. Informazioni e prenotazioni ai numeri telefonici:\u00a0 3515468735 oppure 3200280882 Si tratta del primo documentario italiano su MCS e EHS, prodotto [&hellip;]","og_url":"https:\/\/www.bellunopress.it\/fr\/2019\/12\/15\/sensibilita-chimica-multipla-ed-elettrosensibilita-giovedi-alle-20-15-il-documentario-nella-sede-un-noce-di-baldenich\/","og_site_name":"Bellunopress - Dolomiti","article_publisher":"https:\/\/www.facebook.com\/profile.php?id=100008943462799","article_published_time":"2019-12-15T20:44:56+00:00","og_image":[{"url":"http:\/\/www.bellunopress.it\/wp-content\/uploads\/2012\/07\/logo-bellunopress-250x250-2012.jpg","type":"","width":"","height":""}],"author":"redazione","twitter_card":"summary_large_image","twitter_creator":"@bellunopress","twitter_site":"@bellunopress","twitter_misc":{"Written by":"redazione","Est. reading time":"2 minutes"},"schema":{"@context":"https:\/\/schema.org","@graph":[{"@type":"Article","@id":"https:\/\/www.bellunopress.it\/2019\/12\/15\/sensibilita-chimica-multipla-ed-elettrosensibilita-giovedi-alle-20-15-il-documentario-nella-sede-un-noce-di-baldenich\/#article","isPartOf":{"@id":"https:\/\/www.bellunopress.it\/2019\/12\/15\/sensibilita-chimica-multipla-ed-elettrosensibilita-giovedi-alle-20-15-il-documentario-nella-sede-un-noce-di-baldenich\/"},"author":{"name":"redazione","@id":"https:\/\/www.bellunopress.it\/#\/schema\/person\/79bb06722b37ece1c03d3e94beb30d73"},"headline":"Sensibilit\u00e0 chimica multipla ed elettrosensibilit\u00e0. Gioved\u00ec alle 20.15 il documentario nella sede Un Noce di Baldenich","datePublished":"2019-12-15T20:44:56+00:00","mainEntityOfPage":{"@id":"https:\/\/www.bellunopress.it\/2019\/12\/15\/sensibilita-chimica-multipla-ed-elettrosensibilita-giovedi-alle-20-15-il-documentario-nella-sede-un-noce-di-baldenich\/"},"wordCount":325,"publisher":{"@id":"https:\/\/www.bellunopress.it\/#organization"},"articleSection":["Appuntamenti, Eventi","Arte, Cultura, Spettacoli, Scienza","Pausa Caff\u00e8"],"inLanguage":"fr-FR"},{"@type":"WebPage","@id":"https:\/\/www.bellunopress.it\/2019\/12\/15\/sensibilita-chimica-multipla-ed-elettrosensibilita-giovedi-alle-20-15-il-documentario-nella-sede-un-noce-di-baldenich\/","url":"https:\/\/www.bellunopress.it\/2019\/12\/15\/sensibilita-chimica-multipla-ed-elettrosensibilita-giovedi-alle-20-15-il-documentario-nella-sede-un-noce-di-baldenich\/","name":"Sensibilit\u00e0 chimica multipla ed elettrosensibilit\u00e0. Gioved\u00ec alle 20.15 il documentario nella sede Un Noce di Baldenich - Bellunopress - Dolomiti","isPartOf":{"@id":"https:\/\/www.bellunopress.it\/#website"},"datePublished":"2019-12-15T20:44:56+00:00","breadcrumb":{"@id":"https:\/\/www.bellunopress.it\/2019\/12\/15\/sensibilita-chimica-multipla-ed-elettrosensibilita-giovedi-alle-20-15-il-documentario-nella-sede-un-noce-di-baldenich\/#breadcrumb"},"inLanguage":"fr-FR","potentialAction":[{"@type":"ReadAction","target":["https:\/\/www.bellunopress.it\/2019\/12\/15\/sensibilita-chimica-multipla-ed-elettrosensibilita-giovedi-alle-20-15-il-documentario-nella-sede-un-noce-di-baldenich\/"]}]},{"@type":"BreadcrumbList","@id":"https:\/\/www.bellunopress.it\/2019\/12\/15\/sensibilita-chimica-multipla-ed-elettrosensibilita-giovedi-alle-20-15-il-documentario-nella-sede-un-noce-di-baldenich\/#breadcrumb","itemListElement":[{"@type":"ListItem","position":1,"name":"Home","item":"https:\/\/www.bellunopress.it\/"},{"@type":"ListItem","position":2,"name":"Sensibilit\u00e0 chimica multipla ed elettrosensibilit\u00e0. Gioved\u00ec alle 20.15 il documentario nella sede Un Noce di Baldenich"}]},{"@type":"WebSite","@id":"https:\/\/www.bellunopress.it\/#website","url":"https:\/\/www.bellunopress.it\/","name":"Bellunopress - Dolomiti","description":"e-mail: redazione@bellunopress.it","publisher":{"@id":"https:\/\/www.bellunopress.it\/#organization"},"potentialAction":[{"@type":"SearchAction","target":{"@type":"EntryPoint","urlTemplate":"https:\/\/www.bellunopress.it\/?s={search_term_string}"},"query-input":{"@type":"PropertyValueSpecification","valueRequired":true,"valueName":"search_term_string"}}],"inLanguage":"fr-FR"},{"@type":"Organization","@id":"https:\/\/www.bellunopress.it\/#organization","name":"Bellunopress","url":"https:\/\/www.bellunopress.it\/","logo":{"@type":"ImageObject","inLanguage":"fr-FR","@id":"https:\/\/www.bellunopress.it\/#\/schema\/logo\/image\/","url":"https:\/\/www.bellunopress.it\/wp-content\/uploads\/2011\/05\/cropped-logo-bellunopress-.jpg","contentUrl":"https:\/\/www.bellunopress.it\/wp-content\/uploads\/2011\/05\/cropped-logo-bellunopress-.jpg","width":512,"height":512,"caption":"Bellunopress"},"image":{"@id":"https:\/\/www.bellunopress.it\/#\/schema\/logo\/image\/"},"sameAs":["https:\/\/www.facebook.com\/profile.php?id=100008943462799","https:\/\/x.com\/bellunopress","https:\/\/www.linkedin.com\/hp\/?dnr=JBzUWaJfMUw8vbXJJ2tVW5-I3jZKvC4wsoxE&amp;amp;amp;amp;amp;amp;trk=nav_responsive_tab_home","https:\/\/www.youtube.com\/channel\/UCxL0wu1uN0_3_7hGG0306cw"]},{"@type":"Person","@id":"https:\/\/www.bellunopress.it\/#\/schema\/person\/79bb06722b37ece1c03d3e94beb30d73","name":"r\u00e9daction","image":{"@type":"ImageObject","inLanguage":"fr-FR","@id":"https:\/\/secure.gravatar.com\/avatar\/37d968a2e67a6fd04c169c4bdef102d0bc5d31b2546345219e348575eb80e9a0?s=96&d=mm&r=g","url":"https:\/\/secure.gravatar.com\/avatar\/37d968a2e67a6fd04c169c4bdef102d0bc5d31b2546345219e348575eb80e9a0?s=96&d=mm&r=g","contentUrl":"https:\/\/secure.gravatar.com\/avatar\/37d968a2e67a6fd04c169c4bdef102d0bc5d31b2546345219e348575eb80e9a0?s=96&d=mm&r=g","caption":"redazione"},"sameAs":["http:\/\/www.bellunopress.it","https:\/\/x.com\/bellunopress"],"url":"https:\/\/www.bellunopress.it\/fr\/author\/redazione\/"}]}},"_links":{"self":[{"href":"https:\/\/www.bellunopress.it\/fr\/wp-json\/wp\/v2\/posts\/110425","targetHints":{"allow":["GET"]}}],"collection":[{"href":"https:\/\/www.bellunopress.it\/fr\/wp-json\/wp\/v2\/posts"}],"about":[{"href":"https:\/\/www.bellunopress.it\/fr\/wp-json\/wp\/v2\/types\/post"}],"author":[{"embeddable":true,"href":"https:\/\/www.bellunopress.it\/fr\/wp-json\/wp\/v2\/users\/2"}],"replies":[{"embeddable":true,"href":"https:\/\/www.bellunopress.it\/fr\/wp-json\/wp\/v2\/comments?post=110425"}],"version-history":[{"count":1,"href":"https:\/\/www.bellunopress.it\/fr\/wp-json\/wp\/v2\/posts\/110425\/revisions"}],"predecessor-version":[{"id":110426,"href":"https:\/\/www.bellunopress.it\/fr\/wp-json\/wp\/v2\/posts\/110425\/revisions\/110426"}],"wp:attachment":[{"href":"https:\/\/www.bellunopress.it\/fr\/wp-json\/wp\/v2\/media?parent=110425"}],"wp:term":[{"taxonomy":"category","embeddable":true,"href":"https:\/\/www.bellunopress.it\/fr\/wp-json\/wp\/v2\/categories?post=110425"},{"taxonomy":"post_tag","embeddable":true,"href":"https:\/\/www.bellunopress.it\/fr\/wp-json\/wp\/v2\/tags?post=110425"}],"curies":[{"name":"wp","href":"https:\/\/api.w.org\/{rel}","templated":true}]}}