{"id":110420,"date":"2019-12-13T21:36:03","date_gmt":"2019-12-13T20:36:03","guid":{"rendered":"http:\/\/www.bellunopress.it\/?p=110420"},"modified":"2019-12-13T21:38:44","modified_gmt":"2019-12-13T20:38:44","slug":"lo-studio-della-provincia-su-dati-istat-tra-cinque-anni-saremo-meno-di-200mila","status":"publish","type":"post","link":"https:\/\/www.bellunopress.it\/fr\/2019\/12\/13\/lo-studio-della-provincia-su-dati-istat-tra-cinque-anni-saremo-meno-di-200mila\/","title":{"rendered":"Lo studio della Provincia su dati Istat. Tra cinque anni saremo meno di 200mila"},"content":{"rendered":"<p><a href=\"http:\/\/www.bellunopress.it\/fr\/2019\/12\/13\/lo-studio-della-provincia-su-dati-istat-tra-cinque-anni-saremo-meno-di-200mila\/grafico-proiezione-popolazione\/\" rel=\"attachment wp-att-110421\"><img loading=\"lazy\" decoding=\"async\" class=\"alignleft size-full wp-image-110421\" src=\"http:\/\/www.bellunopress.it\/wp-content\/uploads\/2019\/12\/Grafico-proiezione-popolazione.jpg\" alt=\"\" width=\"400\" height=\"252\" \/><\/a>Belluno, 13 dicembre 2019\u00a0 &#8211;\u00a0 E&#8217; stato presentato questa mattina a Palazzo Piloni lo studio elaborato dalla Provincia basato sui dati ufficiali dell&#8217;Istat.<\/p>\n<p>La Provincia di Belluno presenta una superficie territoriale di 3.610,20 km2 , con una densit\u00e0 abitativa di 56 abitanti\/km2. La situazione demografica appare sempre pi\u00f9 preoccupante perch\u00e9, mentre in passato l\u2019ammontare della popolazione si \u00e8 mantenuto costante, il numero dei residenti ha cominciato a diminuire a partire dal 2008 anno in cui la crisi economica ha cominciato a farsi sentire, sino a scendere sotto i 203.000 abitanti nel 2018.<\/p>\n<p>L\u2019indice di vecchiaia (che \u00e8 il rapporto tra la popolazione di pi\u00f9 di 65 anni e i residenti di et\u00e0 tra 0 e 14 anni) \u00e8 cresciuto sino a superare la soglia di duecento e questa significa che vi sono pi\u00f9 di 2 residenti over 64 per ogni ragazzo di et\u00e0 compresa tra 0 e 14 anni.<br \/>\nIn Provincia di Belluno l&#8217;indice di vecchiaia \u00e8 228,3, mentre in Veneto \u00e8 172,1 e in Italia \u00e8 173,1.<br \/>\nQuesto squilibrio della struttura della popolazione \u00e8 ancora pi\u00f9 evidente quando si vanno ad esaminare i tassi di natalit\u00e0 e mortalit\u00e0 riscontrati negli ultimi 12 anni.<\/p>\n<p>Il tasso di natalit\u00e0 \u00e8 diminuito e il tasso di mortalit\u00e0 \u00e8 leggermente cresciuto nel tempo e questo contribuisce ulteriormente a sbilanciare la struttura della popolazione gonfiando sempre pi\u00f9 le classi over 64. Anche in passato la Provincia di Belluno presentava gi\u00e0 un numero di anziani maggiore rispetto ai valori registrati nella Regione Veneto e una tendenza allo spopolamento delle aree pi\u00f9 lontane dalle direttrici principali dei trasporti ma l\u2019entit\u00e0 era minore.<br \/>\nIn Provincia di Belluno il tasso di natalit\u00e0 2018 \u00e8 6,2 e il tasso di mortalit\u00e0 \u00e8 12,3. In Veneto il tasso di natalit\u00e0 2018 \u00e8 7,2 e il tasso di mortalit\u00e0 \u00e8 10,0. In Italia il tasso di natalit\u00e0 2018 \u00e8 7,3 e il tasso di mortalit\u00e0 \u00e8 10,5.<\/p>\n<p>Questi problemi gi\u00e0 presenti si sono accentuati a partire dal 2008 e con il perdurare della crisi economica hanno assunto contorni e valori preoccupanti perch\u00e9 si \u00e8 aggiunta la \u201cfuga\u201d delle classi produttive e fertili che, fortemente scolarizzati, non trovano sbocchi adeguati sul territorio accentuando cos\u00ec la perdita di capitale sociale della Provincia. La diminuzione delle classi d&#8217;et\u00e0 25-34 ha la sua influenza anche sugli indicatori del mercato del lavoro<\/p>\n<p>La progressiva diminuzione della natalit\u00e0 comporta che col passare degli anni escono dal mondo produttivo le generazioni pi\u00f9 numerose e vi entrano quelle meno numerose, con il risultato che diminuisce la popolazione complessiva.<br \/>\nQuesto fenomeno riveste particolare importanza perch\u00e9 non ha rimedi immediati e comporta delle conseguenze che possono risultare pesanti per il territorio. Cosa succeder\u00e0 quando in molti Comuni si scender\u00e0 sotto la soglia che permette ad alimentari, ed altre attivit\u00e0 di servizio di sopravvivere, ovviamente chiuderanno. Anche i servizi da quelli socio-sanitari a quelli pubblici subiranno anch\u2019essi una contrazione con conseguenze facilmente immaginabili per il territorio ed i loro, sempre pi\u00f9 anziani, abitanti.<\/p>\n<p>Sulla base di una proiezione a 5 anni della popolazione provinciale effettuate partendo dai dati messi a disposizione dall\u2019Istat a partire dal 2008 fino al 2017 ed assumendo tre ipotesi alternative relative all&#8217;andamento di natalit\u00e0, mortalit\u00e0 e flussi migratori. basata su 3 ipotesi, si sono ottenuti tre scenari che si basano sulle seguenti tre ipotesi:<br \/>\nIpotesi A: si sono utilizzati i tassi medi di natalit\u00e0, mortalit\u00e0 e migratorio calcolati come media dei rispettivi tassi rilevati negli ultimi 10 anni disponibili (2009-2018)<br \/>\nIpotesi B: si sono utilizzati i tassi medi di natalit\u00e0, mortalit\u00e0 e migratorio calcolati come media dei rispettivi tassi rilevati negli ultimi 5 anni disponibili (2014-2018)<br \/>\nIpotesi C: presupponendo un saldo migratorio nullo si sono utilizzati i tassi medi di natalit\u00e0 e mortalit\u00e0 calcolati come media dei rispettivi tassi rilevati negli ultimi 5 anni disponibili (2014-2018).<\/p>\n<p>Gli scenari presentati si basano principalmente su generazioni gi\u00e0 nate, e quindi risultano altamente probabili. Con la conseguenza che in tutte e tre le ipotesi, tra cinque anni la popolazione provinciale scender\u00e0 sotto la soglia dei 200.000 abitanti.<\/p>","protected":false},"excerpt":{"rendered":"<p>Belluno, 13 dicembre 2019\u00a0 &#8211;\u00a0 E&#8217; stato presentato questa mattina a Palazzo Piloni lo studio elaborato dalla Provincia basato sui dati ufficiali dell&#8217;Istat. La Provincia di Belluno presenta una superficie territoriale di 3.610,20 km2 , con una densit\u00e0 abitativa di 56 abitanti\/km2. La situazione demografica appare sempre pi\u00f9 preoccupante perch\u00e9, mentre in passato l\u2019ammontare della [&hellip;]<\/p>\n","protected":false},"author":2,"featured_media":0,"comment_status":"closed","ping_status":"open","sticky":false,"template":"","format":"standard","meta":{"footnotes":""},"categories":[26,8],"tags":[],"class_list":["post-110420","post","type-post","status-publish","format-standard","category-prima-pagina","category-societa-istituzioni"],"yoast_head":"<!-- This site is optimized with the Yoast SEO plugin v28.4 - https:\/\/yoast.com\/product\/yoast-seo-wordpress\/ -->\n<title>Lo studio della Provincia su dati Istat. Tra cinque anni saremo meno di 200mila - Bellunopress - Dolomiti<\/title>\n<meta name=\"robots\" content=\"index, follow, max-snippet:-1, max-image-preview:large, max-video-preview:-1\" \/>\n<link rel=\"canonical\" href=\"https:\/\/www.bellunopress.it\/fr\/2019\/12\/13\/lo-studio-della-provincia-su-dati-istat-tra-cinque-anni-saremo-meno-di-200mila\/\" \/>\n<meta property=\"og:locale\" content=\"fr_FR\" \/>\n<meta property=\"og:type\" content=\"article\" \/>\n<meta property=\"og:title\" content=\"Lo studio della Provincia su dati Istat. Tra cinque anni saremo meno di 200mila - Bellunopress - Dolomiti\" \/>\n<meta property=\"og:description\" content=\"Belluno, 13 dicembre 2019\u00a0 &#8211;\u00a0 E&#8217; stato presentato questa mattina a Palazzo Piloni lo studio elaborato dalla Provincia basato sui dati ufficiali dell&#8217;Istat. La Provincia di Belluno presenta una superficie territoriale di 3.610,20 km2 , con una densit\u00e0 abitativa di 56 abitanti\/km2. La situazione demografica appare sempre pi\u00f9 preoccupante perch\u00e9, mentre in passato l\u2019ammontare della [&hellip;]\" \/>\n<meta property=\"og:url\" content=\"https:\/\/www.bellunopress.it\/fr\/2019\/12\/13\/lo-studio-della-provincia-su-dati-istat-tra-cinque-anni-saremo-meno-di-200mila\/\" \/>\n<meta property=\"og:site_name\" content=\"Bellunopress - Dolomiti\" \/>\n<meta property=\"article:publisher\" content=\"https:\/\/www.facebook.com\/profile.php?id=100008943462799\" \/>\n<meta property=\"article:published_time\" content=\"2019-12-13T20:36:03+00:00\" \/>\n<meta property=\"article:modified_time\" content=\"2019-12-13T20:38:44+00:00\" \/>\n<meta property=\"og:image\" content=\"http:\/\/www.bellunopress.it\/wp-content\/uploads\/2019\/12\/Grafico-proiezione-popolazione.jpg\" \/>\n<meta name=\"author\" content=\"redazione\" \/>\n<meta name=\"twitter:card\" content=\"summary_large_image\" \/>\n<meta name=\"twitter:creator\" content=\"@bellunopress\" \/>\n<meta name=\"twitter:site\" content=\"@bellunopress\" \/>\n<meta name=\"twitter:label1\" content=\"\u00c9crit par\" \/>\n\t<meta name=\"twitter:data1\" content=\"redazione\" \/>\n\t<meta name=\"twitter:label2\" content=\"Dur\u00e9e de lecture estim\u00e9e\" \/>\n\t<meta name=\"twitter:data2\" content=\"3 minutes\" \/>\n<script type=\"application\/ld+json\" class=\"yoast-schema-graph\">{\"@context\":\"https:\\\/\\\/schema.org\",\"@graph\":[{\"@type\":\"Article\",\"@id\":\"https:\\\/\\\/www.bellunopress.it\\\/2019\\\/12\\\/13\\\/lo-studio-della-provincia-su-dati-istat-tra-cinque-anni-saremo-meno-di-200mila\\\/#article\",\"isPartOf\":{\"@id\":\"https:\\\/\\\/www.bellunopress.it\\\/2019\\\/12\\\/13\\\/lo-studio-della-provincia-su-dati-istat-tra-cinque-anni-saremo-meno-di-200mila\\\/\"},\"author\":{\"name\":\"redazione\",\"@id\":\"https:\\\/\\\/www.bellunopress.it\\\/#\\\/schema\\\/person\\\/79bb06722b37ece1c03d3e94beb30d73\"},\"headline\":\"Lo studio della Provincia su dati Istat. Tra cinque anni saremo meno di 200mila\",\"datePublished\":\"2019-12-13T20:36:03+00:00\",\"dateModified\":\"2019-12-13T20:38:44+00:00\",\"mainEntityOfPage\":{\"@id\":\"https:\\\/\\\/www.bellunopress.it\\\/2019\\\/12\\\/13\\\/lo-studio-della-provincia-su-dati-istat-tra-cinque-anni-saremo-meno-di-200mila\\\/\"},\"wordCount\":636,\"publisher\":{\"@id\":\"https:\\\/\\\/www.bellunopress.it\\\/#organization\"},\"image\":{\"@id\":\"https:\\\/\\\/www.bellunopress.it\\\/2019\\\/12\\\/13\\\/lo-studio-della-provincia-su-dati-istat-tra-cinque-anni-saremo-meno-di-200mila\\\/#primaryimage\"},\"thumbnailUrl\":\"http:\\\/\\\/www.bellunopress.it\\\/wp-content\\\/uploads\\\/2019\\\/12\\\/Grafico-proiezione-popolazione.jpg\",\"articleSection\":[\"Prima Pagina\",\"Societ\u00e0, Associazioni, Istituzioni\"],\"inLanguage\":\"fr-FR\"},{\"@type\":\"WebPage\",\"@id\":\"https:\\\/\\\/www.bellunopress.it\\\/2019\\\/12\\\/13\\\/lo-studio-della-provincia-su-dati-istat-tra-cinque-anni-saremo-meno-di-200mila\\\/\",\"url\":\"https:\\\/\\\/www.bellunopress.it\\\/2019\\\/12\\\/13\\\/lo-studio-della-provincia-su-dati-istat-tra-cinque-anni-saremo-meno-di-200mila\\\/\",\"name\":\"Lo studio della Provincia su dati Istat. Tra cinque anni saremo meno di 200mila - Bellunopress - Dolomiti\",\"isPartOf\":{\"@id\":\"https:\\\/\\\/www.bellunopress.it\\\/#website\"},\"primaryImageOfPage\":{\"@id\":\"https:\\\/\\\/www.bellunopress.it\\\/2019\\\/12\\\/13\\\/lo-studio-della-provincia-su-dati-istat-tra-cinque-anni-saremo-meno-di-200mila\\\/#primaryimage\"},\"image\":{\"@id\":\"https:\\\/\\\/www.bellunopress.it\\\/2019\\\/12\\\/13\\\/lo-studio-della-provincia-su-dati-istat-tra-cinque-anni-saremo-meno-di-200mila\\\/#primaryimage\"},\"thumbnailUrl\":\"http:\\\/\\\/www.bellunopress.it\\\/wp-content\\\/uploads\\\/2019\\\/12\\\/Grafico-proiezione-popolazione.jpg\",\"datePublished\":\"2019-12-13T20:36:03+00:00\",\"dateModified\":\"2019-12-13T20:38:44+00:00\",\"breadcrumb\":{\"@id\":\"https:\\\/\\\/www.bellunopress.it\\\/2019\\\/12\\\/13\\\/lo-studio-della-provincia-su-dati-istat-tra-cinque-anni-saremo-meno-di-200mila\\\/#breadcrumb\"},\"inLanguage\":\"fr-FR\",\"potentialAction\":[{\"@type\":\"ReadAction\",\"target\":[\"https:\\\/\\\/www.bellunopress.it\\\/2019\\\/12\\\/13\\\/lo-studio-della-provincia-su-dati-istat-tra-cinque-anni-saremo-meno-di-200mila\\\/\"]}]},{\"@type\":\"ImageObject\",\"inLanguage\":\"fr-FR\",\"@id\":\"https:\\\/\\\/www.bellunopress.it\\\/2019\\\/12\\\/13\\\/lo-studio-della-provincia-su-dati-istat-tra-cinque-anni-saremo-meno-di-200mila\\\/#primaryimage\",\"url\":\"http:\\\/\\\/www.bellunopress.it\\\/wp-content\\\/uploads\\\/2019\\\/12\\\/Grafico-proiezione-popolazione.jpg\",\"contentUrl\":\"http:\\\/\\\/www.bellunopress.it\\\/wp-content\\\/uploads\\\/2019\\\/12\\\/Grafico-proiezione-popolazione.jpg\"},{\"@type\":\"BreadcrumbList\",\"@id\":\"https:\\\/\\\/www.bellunopress.it\\\/2019\\\/12\\\/13\\\/lo-studio-della-provincia-su-dati-istat-tra-cinque-anni-saremo-meno-di-200mila\\\/#breadcrumb\",\"itemListElement\":[{\"@type\":\"ListItem\",\"position\":1,\"name\":\"Home\",\"item\":\"https:\\\/\\\/www.bellunopress.it\\\/\"},{\"@type\":\"ListItem\",\"position\":2,\"name\":\"Lo studio della Provincia su dati Istat. Tra cinque anni saremo meno di 200mila\"}]},{\"@type\":\"WebSite\",\"@id\":\"https:\\\/\\\/www.bellunopress.it\\\/#website\",\"url\":\"https:\\\/\\\/www.bellunopress.it\\\/\",\"name\":\"Bellunopress - Dolomiti\",\"description\":\"e-mail: redazione@bellunopress.it\",\"publisher\":{\"@id\":\"https:\\\/\\\/www.bellunopress.it\\\/#organization\"},\"potentialAction\":[{\"@type\":\"SearchAction\",\"target\":{\"@type\":\"EntryPoint\",\"urlTemplate\":\"https:\\\/\\\/www.bellunopress.it\\\/?s={search_term_string}\"},\"query-input\":{\"@type\":\"PropertyValueSpecification\",\"valueRequired\":true,\"valueName\":\"search_term_string\"}}],\"inLanguage\":\"fr-FR\"},{\"@type\":\"Organization\",\"@id\":\"https:\\\/\\\/www.bellunopress.it\\\/#organization\",\"name\":\"Bellunopress\",\"url\":\"https:\\\/\\\/www.bellunopress.it\\\/\",\"logo\":{\"@type\":\"ImageObject\",\"inLanguage\":\"fr-FR\",\"@id\":\"https:\\\/\\\/www.bellunopress.it\\\/#\\\/schema\\\/logo\\\/image\\\/\",\"url\":\"https:\\\/\\\/www.bellunopress.it\\\/wp-content\\\/uploads\\\/2011\\\/05\\\/cropped-logo-bellunopress-.jpg\",\"contentUrl\":\"https:\\\/\\\/www.bellunopress.it\\\/wp-content\\\/uploads\\\/2011\\\/05\\\/cropped-logo-bellunopress-.jpg\",\"width\":512,\"height\":512,\"caption\":\"Bellunopress\"},\"image\":{\"@id\":\"https:\\\/\\\/www.bellunopress.it\\\/#\\\/schema\\\/logo\\\/image\\\/\"},\"sameAs\":[\"https:\\\/\\\/www.facebook.com\\\/profile.php?id=100008943462799\",\"https:\\\/\\\/x.com\\\/bellunopress\",\"https:\\\/\\\/www.linkedin.com\\\/hp\\\/?dnr=JBzUWaJfMUw8vbXJJ2tVW5-I3jZKvC4wsoxE&amp;amp;amp;amp;amp;amp;trk=nav_responsive_tab_home\",\"https:\\\/\\\/www.youtube.com\\\/channel\\\/UCxL0wu1uN0_3_7hGG0306cw\"]},{\"@type\":\"Person\",\"@id\":\"https:\\\/\\\/www.bellunopress.it\\\/#\\\/schema\\\/person\\\/79bb06722b37ece1c03d3e94beb30d73\",\"name\":\"redazione\",\"image\":{\"@type\":\"ImageObject\",\"inLanguage\":\"fr-FR\",\"@id\":\"https:\\\/\\\/secure.gravatar.com\\\/avatar\\\/37d968a2e67a6fd04c169c4bdef102d0bc5d31b2546345219e348575eb80e9a0?s=96&d=mm&r=g\",\"url\":\"https:\\\/\\\/secure.gravatar.com\\\/avatar\\\/37d968a2e67a6fd04c169c4bdef102d0bc5d31b2546345219e348575eb80e9a0?s=96&d=mm&r=g\",\"contentUrl\":\"https:\\\/\\\/secure.gravatar.com\\\/avatar\\\/37d968a2e67a6fd04c169c4bdef102d0bc5d31b2546345219e348575eb80e9a0?s=96&d=mm&r=g\",\"caption\":\"redazione\"},\"sameAs\":[\"http:\\\/\\\/www.bellunopress.it\",\"https:\\\/\\\/x.com\\\/bellunopress\"],\"url\":\"https:\\\/\\\/www.bellunopress.it\\\/fr\\\/author\\\/redazione\\\/\"}]}<\/script>\n<!-- \/ Yoast SEO plugin. -->","yoast_head_json":{"title":"Lo studio della Provincia su dati Istat. Tra cinque anni saremo meno di 200mila - Bellunopress - Dolomiti","robots":{"index":"index","follow":"follow","max-snippet":"max-snippet:-1","max-image-preview":"max-image-preview:large","max-video-preview":"max-video-preview:-1"},"canonical":"https:\/\/www.bellunopress.it\/fr\/2019\/12\/13\/lo-studio-della-provincia-su-dati-istat-tra-cinque-anni-saremo-meno-di-200mila\/","og_locale":"fr_FR","og_type":"article","og_title":"Lo studio della Provincia su dati Istat. Tra cinque anni saremo meno di 200mila - Bellunopress - Dolomiti","og_description":"Belluno, 13 dicembre 2019\u00a0 &#8211;\u00a0 E&#8217; stato presentato questa mattina a Palazzo Piloni lo studio elaborato dalla Provincia basato sui dati ufficiali dell&#8217;Istat. La Provincia di Belluno presenta una superficie territoriale di 3.610,20 km2 , con una densit\u00e0 abitativa di 56 abitanti\/km2. La situazione demografica appare sempre pi\u00f9 preoccupante perch\u00e9, mentre in passato l\u2019ammontare della [&hellip;]","og_url":"https:\/\/www.bellunopress.it\/fr\/2019\/12\/13\/lo-studio-della-provincia-su-dati-istat-tra-cinque-anni-saremo-meno-di-200mila\/","og_site_name":"Bellunopress - Dolomiti","article_publisher":"https:\/\/www.facebook.com\/profile.php?id=100008943462799","article_published_time":"2019-12-13T20:36:03+00:00","article_modified_time":"2019-12-13T20:38:44+00:00","og_image":[{"url":"http:\/\/www.bellunopress.it\/wp-content\/uploads\/2019\/12\/Grafico-proiezione-popolazione.jpg","type":"","width":"","height":""}],"author":"redazione","twitter_card":"summary_large_image","twitter_creator":"@bellunopress","twitter_site":"@bellunopress","twitter_misc":{"\u00c9crit par":"redazione","Dur\u00e9e de lecture estim\u00e9e":"3 minutes"},"schema":{"@context":"https:\/\/schema.org","@graph":[{"@type":"Article","@id":"https:\/\/www.bellunopress.it\/2019\/12\/13\/lo-studio-della-provincia-su-dati-istat-tra-cinque-anni-saremo-meno-di-200mila\/#article","isPartOf":{"@id":"https:\/\/www.bellunopress.it\/2019\/12\/13\/lo-studio-della-provincia-su-dati-istat-tra-cinque-anni-saremo-meno-di-200mila\/"},"author":{"name":"redazione","@id":"https:\/\/www.bellunopress.it\/#\/schema\/person\/79bb06722b37ece1c03d3e94beb30d73"},"headline":"Lo studio della Provincia su dati Istat. Tra cinque anni saremo meno di 200mila","datePublished":"2019-12-13T20:36:03+00:00","dateModified":"2019-12-13T20:38:44+00:00","mainEntityOfPage":{"@id":"https:\/\/www.bellunopress.it\/2019\/12\/13\/lo-studio-della-provincia-su-dati-istat-tra-cinque-anni-saremo-meno-di-200mila\/"},"wordCount":636,"publisher":{"@id":"https:\/\/www.bellunopress.it\/#organization"},"image":{"@id":"https:\/\/www.bellunopress.it\/2019\/12\/13\/lo-studio-della-provincia-su-dati-istat-tra-cinque-anni-saremo-meno-di-200mila\/#primaryimage"},"thumbnailUrl":"http:\/\/www.bellunopress.it\/wp-content\/uploads\/2019\/12\/Grafico-proiezione-popolazione.jpg","articleSection":["Prima Pagina","Societ\u00e0, Associazioni, Istituzioni"],"inLanguage":"fr-FR"},{"@type":"WebPage","@id":"https:\/\/www.bellunopress.it\/2019\/12\/13\/lo-studio-della-provincia-su-dati-istat-tra-cinque-anni-saremo-meno-di-200mila\/","url":"https:\/\/www.bellunopress.it\/2019\/12\/13\/lo-studio-della-provincia-su-dati-istat-tra-cinque-anni-saremo-meno-di-200mila\/","name":"Lo studio della Provincia su dati Istat. Tra cinque anni saremo meno di 200mila - Bellunopress - Dolomiti","isPartOf":{"@id":"https:\/\/www.bellunopress.it\/#website"},"primaryImageOfPage":{"@id":"https:\/\/www.bellunopress.it\/2019\/12\/13\/lo-studio-della-provincia-su-dati-istat-tra-cinque-anni-saremo-meno-di-200mila\/#primaryimage"},"image":{"@id":"https:\/\/www.bellunopress.it\/2019\/12\/13\/lo-studio-della-provincia-su-dati-istat-tra-cinque-anni-saremo-meno-di-200mila\/#primaryimage"},"thumbnailUrl":"http:\/\/www.bellunopress.it\/wp-content\/uploads\/2019\/12\/Grafico-proiezione-popolazione.jpg","datePublished":"2019-12-13T20:36:03+00:00","dateModified":"2019-12-13T20:38:44+00:00","breadcrumb":{"@id":"https:\/\/www.bellunopress.it\/2019\/12\/13\/lo-studio-della-provincia-su-dati-istat-tra-cinque-anni-saremo-meno-di-200mila\/#breadcrumb"},"inLanguage":"fr-FR","potentialAction":[{"@type":"ReadAction","target":["https:\/\/www.bellunopress.it\/2019\/12\/13\/lo-studio-della-provincia-su-dati-istat-tra-cinque-anni-saremo-meno-di-200mila\/"]}]},{"@type":"ImageObject","inLanguage":"fr-FR","@id":"https:\/\/www.bellunopress.it\/2019\/12\/13\/lo-studio-della-provincia-su-dati-istat-tra-cinque-anni-saremo-meno-di-200mila\/#primaryimage","url":"http:\/\/www.bellunopress.it\/wp-content\/uploads\/2019\/12\/Grafico-proiezione-popolazione.jpg","contentUrl":"http:\/\/www.bellunopress.it\/wp-content\/uploads\/2019\/12\/Grafico-proiezione-popolazione.jpg"},{"@type":"BreadcrumbList","@id":"https:\/\/www.bellunopress.it\/2019\/12\/13\/lo-studio-della-provincia-su-dati-istat-tra-cinque-anni-saremo-meno-di-200mila\/#breadcrumb","itemListElement":[{"@type":"ListItem","position":1,"name":"Home","item":"https:\/\/www.bellunopress.it\/"},{"@type":"ListItem","position":2,"name":"Lo studio della Provincia su dati Istat. Tra cinque anni saremo meno di 200mila"}]},{"@type":"WebSite","@id":"https:\/\/www.bellunopress.it\/#website","url":"https:\/\/www.bellunopress.it\/","name":"Bellunopress - Dolomiti","description":"e-mail: redazione@bellunopress.it","publisher":{"@id":"https:\/\/www.bellunopress.it\/#organization"},"potentialAction":[{"@type":"SearchAction","target":{"@type":"EntryPoint","urlTemplate":"https:\/\/www.bellunopress.it\/?s={search_term_string}"},"query-input":{"@type":"PropertyValueSpecification","valueRequired":true,"valueName":"search_term_string"}}],"inLanguage":"fr-FR"},{"@type":"Organization","@id":"https:\/\/www.bellunopress.it\/#organization","name":"Bellunopress","url":"https:\/\/www.bellunopress.it\/","logo":{"@type":"ImageObject","inLanguage":"fr-FR","@id":"https:\/\/www.bellunopress.it\/#\/schema\/logo\/image\/","url":"https:\/\/www.bellunopress.it\/wp-content\/uploads\/2011\/05\/cropped-logo-bellunopress-.jpg","contentUrl":"https:\/\/www.bellunopress.it\/wp-content\/uploads\/2011\/05\/cropped-logo-bellunopress-.jpg","width":512,"height":512,"caption":"Bellunopress"},"image":{"@id":"https:\/\/www.bellunopress.it\/#\/schema\/logo\/image\/"},"sameAs":["https:\/\/www.facebook.com\/profile.php?id=100008943462799","https:\/\/x.com\/bellunopress","https:\/\/www.linkedin.com\/hp\/?dnr=JBzUWaJfMUw8vbXJJ2tVW5-I3jZKvC4wsoxE&amp;amp;amp;amp;amp;amp;trk=nav_responsive_tab_home","https:\/\/www.youtube.com\/channel\/UCxL0wu1uN0_3_7hGG0306cw"]},{"@type":"Person","@id":"https:\/\/www.bellunopress.it\/#\/schema\/person\/79bb06722b37ece1c03d3e94beb30d73","name":"r\u00e9daction","image":{"@type":"ImageObject","inLanguage":"fr-FR","@id":"https:\/\/secure.gravatar.com\/avatar\/37d968a2e67a6fd04c169c4bdef102d0bc5d31b2546345219e348575eb80e9a0?s=96&d=mm&r=g","url":"https:\/\/secure.gravatar.com\/avatar\/37d968a2e67a6fd04c169c4bdef102d0bc5d31b2546345219e348575eb80e9a0?s=96&d=mm&r=g","contentUrl":"https:\/\/secure.gravatar.com\/avatar\/37d968a2e67a6fd04c169c4bdef102d0bc5d31b2546345219e348575eb80e9a0?s=96&d=mm&r=g","caption":"redazione"},"sameAs":["http:\/\/www.bellunopress.it","https:\/\/x.com\/bellunopress"],"url":"https:\/\/www.bellunopress.it\/fr\/author\/redazione\/"}]}},"_links":{"self":[{"href":"https:\/\/www.bellunopress.it\/fr\/wp-json\/wp\/v2\/posts\/110420","targetHints":{"allow":["GET"]}}],"collection":[{"href":"https:\/\/www.bellunopress.it\/fr\/wp-json\/wp\/v2\/posts"}],"about":[{"href":"https:\/\/www.bellunopress.it\/fr\/wp-json\/wp\/v2\/types\/post"}],"author":[{"embeddable":true,"href":"https:\/\/www.bellunopress.it\/fr\/wp-json\/wp\/v2\/users\/2"}],"replies":[{"embeddable":true,"href":"https:\/\/www.bellunopress.it\/fr\/wp-json\/wp\/v2\/comments?post=110420"}],"version-history":[{"count":3,"href":"https:\/\/www.bellunopress.it\/fr\/wp-json\/wp\/v2\/posts\/110420\/revisions"}],"predecessor-version":[{"id":110424,"href":"https:\/\/www.bellunopress.it\/fr\/wp-json\/wp\/v2\/posts\/110420\/revisions\/110424"}],"wp:attachment":[{"href":"https:\/\/www.bellunopress.it\/fr\/wp-json\/wp\/v2\/media?parent=110420"}],"wp:term":[{"taxonomy":"category","embeddable":true,"href":"https:\/\/www.bellunopress.it\/fr\/wp-json\/wp\/v2\/categories?post=110420"},{"taxonomy":"post_tag","embeddable":true,"href":"https:\/\/www.bellunopress.it\/fr\/wp-json\/wp\/v2\/tags?post=110420"}],"curies":[{"name":"wp","href":"https:\/\/api.w.org\/{rel}","templated":true}]}}