{"id":110397,"date":"2019-12-13T15:04:56","date_gmt":"2019-12-13T14:04:56","guid":{"rendered":"http:\/\/www.bellunopress.it\/?p=110397"},"modified":"2019-12-13T15:05:12","modified_gmt":"2019-12-13T14:05:12","slug":"bracconaggio-in-mountain-bike-allinterno-del-parco-nazionale-delle-dolomiti-bellunesi-identificati-e-denunciati-due-cacciatori","status":"publish","type":"post","link":"https:\/\/www.bellunopress.it\/fr\/2019\/12\/13\/bracconaggio-in-mountain-bike-allinterno-del-parco-nazionale-delle-dolomiti-bellunesi-identificati-e-denunciati-due-cacciatori\/","title":{"rendered":"Bracconaggio in mountain bike all&#8217;interno del Parco nazionale delle Dolomiti Bellunesi: identificati e denunciati due cacciatori"},"content":{"rendered":"<p><a href=\"http:\/\/www.bellunopress.it\/fr\/2019\/12\/13\/bracconaggio-in-mountain-bike-allinterno-del-parco-nazionale-delle-dolomiti-bellunesi-identificati-e-denunciati-due-cacciatori\/bracconaggio-nel-parco\/\" rel=\"attachment wp-att-110398\"><img loading=\"lazy\" decoding=\"async\" class=\"alignleft size-full wp-image-110398\" src=\"http:\/\/www.bellunopress.it\/wp-content\/uploads\/2019\/12\/bracconaggio-nel-Parco-.jpg\" alt=\"\" width=\"300\" height=\"181\" \/><\/a>Nella serata del 6 dicembre 2019 in localit\u00e0 Val Vescov\u00e0 nel Comune di Sedico all&#8217;interno del Parco Nazionale delle Dolomiti Bellunesi due uomini sono stati fermati nel corso di una operazione anti bracconaggio.\u00a0\u00a0Un&#8217;azione congiunta attuata grazie alla collaborazione che dura da anni tra Carabinieri Forestali del Raggruppamento Carabinieri Parchi, Stazione Carabinieri di Sedico della Compagnia di Feltre e la Polizia Provinciale di Belluno. La Polizia Provinciale di Belluno aveva gi\u00e0 avuto sentore di ci\u00f2 che stava accadendo nell&#8217;area protetta del Parco ed ha quindi coinvolto i Carabinieri Forestali del Parco.<\/p>\n<p>L\u2019operazione, iniziata nella serata di venerd\u00ec 6 dicembre, si \u00e8 protratta sino a notte inoltrata, ed ha portato al fermo e all\u2019arresto di un uomo e alla denuncia a piede libero di un altro, colti in flagranza di reato. Entrambi sono residenti in un Comune del basso Agordino e sono risultati essere cacciatori, titolari di licenza non rinnovata.<\/p>\n<p><strong>I fatti<\/strong><\/p>\n<p>Verso le ore 18, due uomini in sella a mountain-bike e pile frontali, scendevano nell\u2019oscurit\u00e0 lungo la strada silvo-pastorale di Costa Pinei. Uno di loro, dopo essersi fermato all\u2019alt imposto dalle autorit\u00e0, alla richiesta dei documenti si \u00e8 divincolato lasciando lo zaino sul posto e dandosi alla fuga nel buio in direzione nord, lungo la strada dove veniva prontamente bloccato dalla pattuglia allo scopo predisposta.<br \/>\nI due uomini sono stati denunciati per introduzione di armi all\u2019interno del Parco, esercizio venatorio<br \/>\nall\u2019interno di aree protette, uccisione di animali all\u2019interno di aree protette, detenzione e porto abusivo di<br \/>\narmi clandestine, alterazione di armi e resistenza a pubblico ufficiale (L. 394\/1991 \u2013 Legge quadro sulle aree protette, L. 157\/1992 \u2013 Norme per la protezione della fauna selvatica omeoterma e per il prelievo venatorio e L.110\/75 \u2013 sulle armi \u2013 Codice penale art.337 \u2013 art.81 art. 110).<br \/>\nI due, infatti, detenevano nello zaino la testa di una femmina di camoscio fresca, dell\u2019et\u00e0 apparente di 18 anni, appena scuoiata. Le successive indagini condotte dagli inquirenti nell\u2019immediatezza dei fatti hanno consentito, vista anche la collaborazione di uno dei fermati di rinvenire una pistola modificata in carabina a canna rigata marca Thompson a, di calibro 222, priva matricola e munita di silenziatore artigianale. La collaborazione del soggetto fermato, valutata dal P. M. di turno, grazie anche l\u2019assenza di precedenti penali, porta all\u2019immediata scarcerazione.<\/p>\n<p>La continua sinergia tra le diverse istituzioni preposte al controllo del territorio e alla tutela della fauna selvatica,\u00a0 ha consentito quindi di assicurare la legalit\u00e0 sottraendo al territorio un\u2019arma pericolosa e illegale.<\/p>\n<p>All&#8217;operazione hanno collaborato insieme, in pattuglie congiunte, Carabinieri Forestali e Polizia Provinciale,<br \/>\ne anche i militari della Stazione Carabinieri di Sedico della Compagnia di Feltre, intervenuta nel corso delle<br \/>\noperazioni e la Questura di Belluno resasi disponibile immediatamente per un eventuale impiego del<br \/>\nlaboratorio scientifico.<\/p>","protected":false},"excerpt":{"rendered":"<p>Nella serata del 6 dicembre 2019 in localit\u00e0 Val Vescov\u00e0 nel Comune di Sedico all&#8217;interno del Parco Nazionale delle Dolomiti Bellunesi due uomini sono stati fermati nel corso di una operazione anti bracconaggio.\u00a0\u00a0Un&#8217;azione congiunta attuata grazie alla collaborazione che dura da anni tra Carabinieri Forestali del Raggruppamento Carabinieri Parchi, Stazione Carabinieri di Sedico della Compagnia [&hellip;]<\/p>\n","protected":false},"author":2,"featured_media":0,"comment_status":"closed","ping_status":"open","sticky":false,"template":"","format":"standard","meta":{"footnotes":""},"categories":[38,26,8],"tags":[],"class_list":["post-110397","post","type-post","status-publish","format-standard","category-natura-ambiente","category-prima-pagina","category-societa-istituzioni"],"yoast_head":"<!-- This site is optimized with the Yoast SEO plugin v28.4 - https:\/\/yoast.com\/product\/yoast-seo-wordpress\/ -->\n<title>Bracconaggio in mountain bike all&#039;interno del Parco nazionale delle Dolomiti Bellunesi: identificati e denunciati due cacciatori - Bellunopress - Dolomiti<\/title>\n<meta name=\"robots\" content=\"index, follow, max-snippet:-1, max-image-preview:large, max-video-preview:-1\" \/>\n<link rel=\"canonical\" href=\"https:\/\/www.bellunopress.it\/fr\/2019\/12\/13\/bracconaggio-in-mountain-bike-allinterno-del-parco-nazionale-delle-dolomiti-bellunesi-identificati-e-denunciati-due-cacciatori\/\" \/>\n<meta property=\"og:locale\" content=\"fr_FR\" \/>\n<meta property=\"og:type\" content=\"article\" \/>\n<meta property=\"og:title\" content=\"Bracconaggio in mountain bike all&#039;interno del Parco nazionale delle Dolomiti Bellunesi: identificati e denunciati due cacciatori - Bellunopress - Dolomiti\" \/>\n<meta property=\"og:description\" content=\"Nella serata del 6 dicembre 2019 in localit\u00e0 Val Vescov\u00e0 nel Comune di Sedico all&#8217;interno del Parco Nazionale delle Dolomiti Bellunesi due uomini sono stati fermati nel corso di una operazione anti bracconaggio.\u00a0\u00a0Un&#8217;azione congiunta attuata grazie alla collaborazione che dura da anni tra Carabinieri Forestali del Raggruppamento Carabinieri Parchi, Stazione Carabinieri di Sedico della Compagnia [&hellip;]\" \/>\n<meta property=\"og:url\" content=\"https:\/\/www.bellunopress.it\/fr\/2019\/12\/13\/bracconaggio-in-mountain-bike-allinterno-del-parco-nazionale-delle-dolomiti-bellunesi-identificati-e-denunciati-due-cacciatori\/\" \/>\n<meta property=\"og:site_name\" content=\"Bellunopress - Dolomiti\" \/>\n<meta property=\"article:publisher\" content=\"https:\/\/www.facebook.com\/profile.php?id=100008943462799\" \/>\n<meta property=\"article:published_time\" content=\"2019-12-13T14:04:56+00:00\" \/>\n<meta property=\"article:modified_time\" content=\"2019-12-13T14:05:12+00:00\" \/>\n<meta property=\"og:image\" content=\"http:\/\/www.bellunopress.it\/wp-content\/uploads\/2019\/12\/bracconaggio-nel-Parco-.jpg\" \/>\n<meta name=\"author\" content=\"redazione\" \/>\n<meta name=\"twitter:card\" content=\"summary_large_image\" \/>\n<meta name=\"twitter:creator\" content=\"@bellunopress\" \/>\n<meta name=\"twitter:site\" content=\"@bellunopress\" \/>\n<meta name=\"twitter:label1\" content=\"\u00c9crit par\" \/>\n\t<meta name=\"twitter:data1\" content=\"redazione\" \/>\n\t<meta name=\"twitter:label2\" content=\"Dur\u00e9e de lecture estim\u00e9e\" \/>\n\t<meta name=\"twitter:data2\" content=\"2 minutes\" \/>\n<script type=\"application\/ld+json\" class=\"yoast-schema-graph\">{\"@context\":\"https:\\\/\\\/schema.org\",\"@graph\":[{\"@type\":\"Article\",\"@id\":\"https:\\\/\\\/www.bellunopress.it\\\/2019\\\/12\\\/13\\\/bracconaggio-in-mountain-bike-allinterno-del-parco-nazionale-delle-dolomiti-bellunesi-identificati-e-denunciati-due-cacciatori\\\/#article\",\"isPartOf\":{\"@id\":\"https:\\\/\\\/www.bellunopress.it\\\/2019\\\/12\\\/13\\\/bracconaggio-in-mountain-bike-allinterno-del-parco-nazionale-delle-dolomiti-bellunesi-identificati-e-denunciati-due-cacciatori\\\/\"},\"author\":{\"name\":\"redazione\",\"@id\":\"https:\\\/\\\/www.bellunopress.it\\\/#\\\/schema\\\/person\\\/79bb06722b37ece1c03d3e94beb30d73\"},\"headline\":\"Bracconaggio in mountain bike all&#8217;interno del Parco nazionale delle Dolomiti Bellunesi: identificati e denunciati due cacciatori\",\"datePublished\":\"2019-12-13T14:04:56+00:00\",\"dateModified\":\"2019-12-13T14:05:12+00:00\",\"mainEntityOfPage\":{\"@id\":\"https:\\\/\\\/www.bellunopress.it\\\/2019\\\/12\\\/13\\\/bracconaggio-in-mountain-bike-allinterno-del-parco-nazionale-delle-dolomiti-bellunesi-identificati-e-denunciati-due-cacciatori\\\/\"},\"wordCount\":471,\"publisher\":{\"@id\":\"https:\\\/\\\/www.bellunopress.it\\\/#organization\"},\"image\":{\"@id\":\"https:\\\/\\\/www.bellunopress.it\\\/2019\\\/12\\\/13\\\/bracconaggio-in-mountain-bike-allinterno-del-parco-nazionale-delle-dolomiti-bellunesi-identificati-e-denunciati-due-cacciatori\\\/#primaryimage\"},\"thumbnailUrl\":\"http:\\\/\\\/www.bellunopress.it\\\/wp-content\\\/uploads\\\/2019\\\/12\\\/bracconaggio-nel-Parco-.jpg\",\"articleSection\":[\"Meteo, natura, ambiente, animali\",\"Prima Pagina\",\"Societ\u00e0, Associazioni, Istituzioni\"],\"inLanguage\":\"fr-FR\"},{\"@type\":\"WebPage\",\"@id\":\"https:\\\/\\\/www.bellunopress.it\\\/2019\\\/12\\\/13\\\/bracconaggio-in-mountain-bike-allinterno-del-parco-nazionale-delle-dolomiti-bellunesi-identificati-e-denunciati-due-cacciatori\\\/\",\"url\":\"https:\\\/\\\/www.bellunopress.it\\\/2019\\\/12\\\/13\\\/bracconaggio-in-mountain-bike-allinterno-del-parco-nazionale-delle-dolomiti-bellunesi-identificati-e-denunciati-due-cacciatori\\\/\",\"name\":\"Bracconaggio in mountain bike all'interno del Parco nazionale delle Dolomiti Bellunesi: identificati e denunciati due cacciatori - Bellunopress - Dolomiti\",\"isPartOf\":{\"@id\":\"https:\\\/\\\/www.bellunopress.it\\\/#website\"},\"primaryImageOfPage\":{\"@id\":\"https:\\\/\\\/www.bellunopress.it\\\/2019\\\/12\\\/13\\\/bracconaggio-in-mountain-bike-allinterno-del-parco-nazionale-delle-dolomiti-bellunesi-identificati-e-denunciati-due-cacciatori\\\/#primaryimage\"},\"image\":{\"@id\":\"https:\\\/\\\/www.bellunopress.it\\\/2019\\\/12\\\/13\\\/bracconaggio-in-mountain-bike-allinterno-del-parco-nazionale-delle-dolomiti-bellunesi-identificati-e-denunciati-due-cacciatori\\\/#primaryimage\"},\"thumbnailUrl\":\"http:\\\/\\\/www.bellunopress.it\\\/wp-content\\\/uploads\\\/2019\\\/12\\\/bracconaggio-nel-Parco-.jpg\",\"datePublished\":\"2019-12-13T14:04:56+00:00\",\"dateModified\":\"2019-12-13T14:05:12+00:00\",\"breadcrumb\":{\"@id\":\"https:\\\/\\\/www.bellunopress.it\\\/2019\\\/12\\\/13\\\/bracconaggio-in-mountain-bike-allinterno-del-parco-nazionale-delle-dolomiti-bellunesi-identificati-e-denunciati-due-cacciatori\\\/#breadcrumb\"},\"inLanguage\":\"fr-FR\",\"potentialAction\":[{\"@type\":\"ReadAction\",\"target\":[\"https:\\\/\\\/www.bellunopress.it\\\/2019\\\/12\\\/13\\\/bracconaggio-in-mountain-bike-allinterno-del-parco-nazionale-delle-dolomiti-bellunesi-identificati-e-denunciati-due-cacciatori\\\/\"]}]},{\"@type\":\"ImageObject\",\"inLanguage\":\"fr-FR\",\"@id\":\"https:\\\/\\\/www.bellunopress.it\\\/2019\\\/12\\\/13\\\/bracconaggio-in-mountain-bike-allinterno-del-parco-nazionale-delle-dolomiti-bellunesi-identificati-e-denunciati-due-cacciatori\\\/#primaryimage\",\"url\":\"http:\\\/\\\/www.bellunopress.it\\\/wp-content\\\/uploads\\\/2019\\\/12\\\/bracconaggio-nel-Parco-.jpg\",\"contentUrl\":\"http:\\\/\\\/www.bellunopress.it\\\/wp-content\\\/uploads\\\/2019\\\/12\\\/bracconaggio-nel-Parco-.jpg\"},{\"@type\":\"BreadcrumbList\",\"@id\":\"https:\\\/\\\/www.bellunopress.it\\\/2019\\\/12\\\/13\\\/bracconaggio-in-mountain-bike-allinterno-del-parco-nazionale-delle-dolomiti-bellunesi-identificati-e-denunciati-due-cacciatori\\\/#breadcrumb\",\"itemListElement\":[{\"@type\":\"ListItem\",\"position\":1,\"name\":\"Home\",\"item\":\"https:\\\/\\\/www.bellunopress.it\\\/\"},{\"@type\":\"ListItem\",\"position\":2,\"name\":\"Bracconaggio in mountain bike all&#8217;interno del Parco nazionale delle Dolomiti Bellunesi: identificati e denunciati due cacciatori\"}]},{\"@type\":\"WebSite\",\"@id\":\"https:\\\/\\\/www.bellunopress.it\\\/#website\",\"url\":\"https:\\\/\\\/www.bellunopress.it\\\/\",\"name\":\"Bellunopress - Dolomiti\",\"description\":\"e-mail: redazione@bellunopress.it\",\"publisher\":{\"@id\":\"https:\\\/\\\/www.bellunopress.it\\\/#organization\"},\"potentialAction\":[{\"@type\":\"SearchAction\",\"target\":{\"@type\":\"EntryPoint\",\"urlTemplate\":\"https:\\\/\\\/www.bellunopress.it\\\/?s={search_term_string}\"},\"query-input\":{\"@type\":\"PropertyValueSpecification\",\"valueRequired\":true,\"valueName\":\"search_term_string\"}}],\"inLanguage\":\"fr-FR\"},{\"@type\":\"Organization\",\"@id\":\"https:\\\/\\\/www.bellunopress.it\\\/#organization\",\"name\":\"Bellunopress\",\"url\":\"https:\\\/\\\/www.bellunopress.it\\\/\",\"logo\":{\"@type\":\"ImageObject\",\"inLanguage\":\"fr-FR\",\"@id\":\"https:\\\/\\\/www.bellunopress.it\\\/#\\\/schema\\\/logo\\\/image\\\/\",\"url\":\"https:\\\/\\\/www.bellunopress.it\\\/wp-content\\\/uploads\\\/2011\\\/05\\\/cropped-logo-bellunopress-.jpg\",\"contentUrl\":\"https:\\\/\\\/www.bellunopress.it\\\/wp-content\\\/uploads\\\/2011\\\/05\\\/cropped-logo-bellunopress-.jpg\",\"width\":512,\"height\":512,\"caption\":\"Bellunopress\"},\"image\":{\"@id\":\"https:\\\/\\\/www.bellunopress.it\\\/#\\\/schema\\\/logo\\\/image\\\/\"},\"sameAs\":[\"https:\\\/\\\/www.facebook.com\\\/profile.php?id=100008943462799\",\"https:\\\/\\\/x.com\\\/bellunopress\",\"https:\\\/\\\/www.linkedin.com\\\/hp\\\/?dnr=JBzUWaJfMUw8vbXJJ2tVW5-I3jZKvC4wsoxE&amp;amp;amp;amp;amp;amp;trk=nav_responsive_tab_home\",\"https:\\\/\\\/www.youtube.com\\\/channel\\\/UCxL0wu1uN0_3_7hGG0306cw\"]},{\"@type\":\"Person\",\"@id\":\"https:\\\/\\\/www.bellunopress.it\\\/#\\\/schema\\\/person\\\/79bb06722b37ece1c03d3e94beb30d73\",\"name\":\"redazione\",\"image\":{\"@type\":\"ImageObject\",\"inLanguage\":\"fr-FR\",\"@id\":\"https:\\\/\\\/secure.gravatar.com\\\/avatar\\\/37d968a2e67a6fd04c169c4bdef102d0bc5d31b2546345219e348575eb80e9a0?s=96&d=mm&r=g\",\"url\":\"https:\\\/\\\/secure.gravatar.com\\\/avatar\\\/37d968a2e67a6fd04c169c4bdef102d0bc5d31b2546345219e348575eb80e9a0?s=96&d=mm&r=g\",\"contentUrl\":\"https:\\\/\\\/secure.gravatar.com\\\/avatar\\\/37d968a2e67a6fd04c169c4bdef102d0bc5d31b2546345219e348575eb80e9a0?s=96&d=mm&r=g\",\"caption\":\"redazione\"},\"sameAs\":[\"http:\\\/\\\/www.bellunopress.it\",\"https:\\\/\\\/x.com\\\/bellunopress\"],\"url\":\"https:\\\/\\\/www.bellunopress.it\\\/fr\\\/author\\\/redazione\\\/\"}]}<\/script>\n<!-- \/ Yoast SEO plugin. -->","yoast_head_json":{"title":"Bracconaggio in mountain bike all'interno del Parco nazionale delle Dolomiti Bellunesi: identificati e denunciati due cacciatori - Bellunopress - Dolomiti","robots":{"index":"index","follow":"follow","max-snippet":"max-snippet:-1","max-image-preview":"max-image-preview:large","max-video-preview":"max-video-preview:-1"},"canonical":"https:\/\/www.bellunopress.it\/fr\/2019\/12\/13\/bracconaggio-in-mountain-bike-allinterno-del-parco-nazionale-delle-dolomiti-bellunesi-identificati-e-denunciati-due-cacciatori\/","og_locale":"fr_FR","og_type":"article","og_title":"Bracconaggio in mountain bike all'interno del Parco nazionale delle Dolomiti Bellunesi: identificati e denunciati due cacciatori - Bellunopress - Dolomiti","og_description":"Nella serata del 6 dicembre 2019 in localit\u00e0 Val Vescov\u00e0 nel Comune di Sedico all&#8217;interno del Parco Nazionale delle Dolomiti Bellunesi due uomini sono stati fermati nel corso di una operazione anti bracconaggio.\u00a0\u00a0Un&#8217;azione congiunta attuata grazie alla collaborazione che dura da anni tra Carabinieri Forestali del Raggruppamento Carabinieri Parchi, Stazione Carabinieri di Sedico della Compagnia [&hellip;]","og_url":"https:\/\/www.bellunopress.it\/fr\/2019\/12\/13\/bracconaggio-in-mountain-bike-allinterno-del-parco-nazionale-delle-dolomiti-bellunesi-identificati-e-denunciati-due-cacciatori\/","og_site_name":"Bellunopress - Dolomiti","article_publisher":"https:\/\/www.facebook.com\/profile.php?id=100008943462799","article_published_time":"2019-12-13T14:04:56+00:00","article_modified_time":"2019-12-13T14:05:12+00:00","og_image":[{"url":"http:\/\/www.bellunopress.it\/wp-content\/uploads\/2019\/12\/bracconaggio-nel-Parco-.jpg","type":"","width":"","height":""}],"author":"redazione","twitter_card":"summary_large_image","twitter_creator":"@bellunopress","twitter_site":"@bellunopress","twitter_misc":{"\u00c9crit par":"redazione","Dur\u00e9e de lecture estim\u00e9e":"2 minutes"},"schema":{"@context":"https:\/\/schema.org","@graph":[{"@type":"Article","@id":"https:\/\/www.bellunopress.it\/2019\/12\/13\/bracconaggio-in-mountain-bike-allinterno-del-parco-nazionale-delle-dolomiti-bellunesi-identificati-e-denunciati-due-cacciatori\/#article","isPartOf":{"@id":"https:\/\/www.bellunopress.it\/2019\/12\/13\/bracconaggio-in-mountain-bike-allinterno-del-parco-nazionale-delle-dolomiti-bellunesi-identificati-e-denunciati-due-cacciatori\/"},"author":{"name":"redazione","@id":"https:\/\/www.bellunopress.it\/#\/schema\/person\/79bb06722b37ece1c03d3e94beb30d73"},"headline":"Bracconaggio in mountain bike all&#8217;interno del Parco nazionale delle Dolomiti Bellunesi: identificati e denunciati due cacciatori","datePublished":"2019-12-13T14:04:56+00:00","dateModified":"2019-12-13T14:05:12+00:00","mainEntityOfPage":{"@id":"https:\/\/www.bellunopress.it\/2019\/12\/13\/bracconaggio-in-mountain-bike-allinterno-del-parco-nazionale-delle-dolomiti-bellunesi-identificati-e-denunciati-due-cacciatori\/"},"wordCount":471,"publisher":{"@id":"https:\/\/www.bellunopress.it\/#organization"},"image":{"@id":"https:\/\/www.bellunopress.it\/2019\/12\/13\/bracconaggio-in-mountain-bike-allinterno-del-parco-nazionale-delle-dolomiti-bellunesi-identificati-e-denunciati-due-cacciatori\/#primaryimage"},"thumbnailUrl":"http:\/\/www.bellunopress.it\/wp-content\/uploads\/2019\/12\/bracconaggio-nel-Parco-.jpg","articleSection":["Meteo, natura, ambiente, animali","Prima Pagina","Societ\u00e0, Associazioni, Istituzioni"],"inLanguage":"fr-FR"},{"@type":"WebPage","@id":"https:\/\/www.bellunopress.it\/2019\/12\/13\/bracconaggio-in-mountain-bike-allinterno-del-parco-nazionale-delle-dolomiti-bellunesi-identificati-e-denunciati-due-cacciatori\/","url":"https:\/\/www.bellunopress.it\/2019\/12\/13\/bracconaggio-in-mountain-bike-allinterno-del-parco-nazionale-delle-dolomiti-bellunesi-identificati-e-denunciati-due-cacciatori\/","name":"Bracconaggio in mountain bike all'interno del Parco nazionale delle Dolomiti Bellunesi: identificati e denunciati due cacciatori - Bellunopress - Dolomiti","isPartOf":{"@id":"https:\/\/www.bellunopress.it\/#website"},"primaryImageOfPage":{"@id":"https:\/\/www.bellunopress.it\/2019\/12\/13\/bracconaggio-in-mountain-bike-allinterno-del-parco-nazionale-delle-dolomiti-bellunesi-identificati-e-denunciati-due-cacciatori\/#primaryimage"},"image":{"@id":"https:\/\/www.bellunopress.it\/2019\/12\/13\/bracconaggio-in-mountain-bike-allinterno-del-parco-nazionale-delle-dolomiti-bellunesi-identificati-e-denunciati-due-cacciatori\/#primaryimage"},"thumbnailUrl":"http:\/\/www.bellunopress.it\/wp-content\/uploads\/2019\/12\/bracconaggio-nel-Parco-.jpg","datePublished":"2019-12-13T14:04:56+00:00","dateModified":"2019-12-13T14:05:12+00:00","breadcrumb":{"@id":"https:\/\/www.bellunopress.it\/2019\/12\/13\/bracconaggio-in-mountain-bike-allinterno-del-parco-nazionale-delle-dolomiti-bellunesi-identificati-e-denunciati-due-cacciatori\/#breadcrumb"},"inLanguage":"fr-FR","potentialAction":[{"@type":"ReadAction","target":["https:\/\/www.bellunopress.it\/2019\/12\/13\/bracconaggio-in-mountain-bike-allinterno-del-parco-nazionale-delle-dolomiti-bellunesi-identificati-e-denunciati-due-cacciatori\/"]}]},{"@type":"ImageObject","inLanguage":"fr-FR","@id":"https:\/\/www.bellunopress.it\/2019\/12\/13\/bracconaggio-in-mountain-bike-allinterno-del-parco-nazionale-delle-dolomiti-bellunesi-identificati-e-denunciati-due-cacciatori\/#primaryimage","url":"http:\/\/www.bellunopress.it\/wp-content\/uploads\/2019\/12\/bracconaggio-nel-Parco-.jpg","contentUrl":"http:\/\/www.bellunopress.it\/wp-content\/uploads\/2019\/12\/bracconaggio-nel-Parco-.jpg"},{"@type":"BreadcrumbList","@id":"https:\/\/www.bellunopress.it\/2019\/12\/13\/bracconaggio-in-mountain-bike-allinterno-del-parco-nazionale-delle-dolomiti-bellunesi-identificati-e-denunciati-due-cacciatori\/#breadcrumb","itemListElement":[{"@type":"ListItem","position":1,"name":"Home","item":"https:\/\/www.bellunopress.it\/"},{"@type":"ListItem","position":2,"name":"Bracconaggio in mountain bike all&#8217;interno del Parco nazionale delle Dolomiti Bellunesi: identificati e denunciati due cacciatori"}]},{"@type":"WebSite","@id":"https:\/\/www.bellunopress.it\/#website","url":"https:\/\/www.bellunopress.it\/","name":"Bellunopress - Dolomiti","description":"e-mail: redazione@bellunopress.it","publisher":{"@id":"https:\/\/www.bellunopress.it\/#organization"},"potentialAction":[{"@type":"SearchAction","target":{"@type":"EntryPoint","urlTemplate":"https:\/\/www.bellunopress.it\/?s={search_term_string}"},"query-input":{"@type":"PropertyValueSpecification","valueRequired":true,"valueName":"search_term_string"}}],"inLanguage":"fr-FR"},{"@type":"Organization","@id":"https:\/\/www.bellunopress.it\/#organization","name":"Bellunopress","url":"https:\/\/www.bellunopress.it\/","logo":{"@type":"ImageObject","inLanguage":"fr-FR","@id":"https:\/\/www.bellunopress.it\/#\/schema\/logo\/image\/","url":"https:\/\/www.bellunopress.it\/wp-content\/uploads\/2011\/05\/cropped-logo-bellunopress-.jpg","contentUrl":"https:\/\/www.bellunopress.it\/wp-content\/uploads\/2011\/05\/cropped-logo-bellunopress-.jpg","width":512,"height":512,"caption":"Bellunopress"},"image":{"@id":"https:\/\/www.bellunopress.it\/#\/schema\/logo\/image\/"},"sameAs":["https:\/\/www.facebook.com\/profile.php?id=100008943462799","https:\/\/x.com\/bellunopress","https:\/\/www.linkedin.com\/hp\/?dnr=JBzUWaJfMUw8vbXJJ2tVW5-I3jZKvC4wsoxE&amp;amp;amp;amp;amp;amp;trk=nav_responsive_tab_home","https:\/\/www.youtube.com\/channel\/UCxL0wu1uN0_3_7hGG0306cw"]},{"@type":"Person","@id":"https:\/\/www.bellunopress.it\/#\/schema\/person\/79bb06722b37ece1c03d3e94beb30d73","name":"r\u00e9daction","image":{"@type":"ImageObject","inLanguage":"fr-FR","@id":"https:\/\/secure.gravatar.com\/avatar\/37d968a2e67a6fd04c169c4bdef102d0bc5d31b2546345219e348575eb80e9a0?s=96&d=mm&r=g","url":"https:\/\/secure.gravatar.com\/avatar\/37d968a2e67a6fd04c169c4bdef102d0bc5d31b2546345219e348575eb80e9a0?s=96&d=mm&r=g","contentUrl":"https:\/\/secure.gravatar.com\/avatar\/37d968a2e67a6fd04c169c4bdef102d0bc5d31b2546345219e348575eb80e9a0?s=96&d=mm&r=g","caption":"redazione"},"sameAs":["http:\/\/www.bellunopress.it","https:\/\/x.com\/bellunopress"],"url":"https:\/\/www.bellunopress.it\/fr\/author\/redazione\/"}]}},"_links":{"self":[{"href":"https:\/\/www.bellunopress.it\/fr\/wp-json\/wp\/v2\/posts\/110397","targetHints":{"allow":["GET"]}}],"collection":[{"href":"https:\/\/www.bellunopress.it\/fr\/wp-json\/wp\/v2\/posts"}],"about":[{"href":"https:\/\/www.bellunopress.it\/fr\/wp-json\/wp\/v2\/types\/post"}],"author":[{"embeddable":true,"href":"https:\/\/www.bellunopress.it\/fr\/wp-json\/wp\/v2\/users\/2"}],"replies":[{"embeddable":true,"href":"https:\/\/www.bellunopress.it\/fr\/wp-json\/wp\/v2\/comments?post=110397"}],"version-history":[{"count":2,"href":"https:\/\/www.bellunopress.it\/fr\/wp-json\/wp\/v2\/posts\/110397\/revisions"}],"predecessor-version":[{"id":110400,"href":"https:\/\/www.bellunopress.it\/fr\/wp-json\/wp\/v2\/posts\/110397\/revisions\/110400"}],"wp:attachment":[{"href":"https:\/\/www.bellunopress.it\/fr\/wp-json\/wp\/v2\/media?parent=110397"}],"wp:term":[{"taxonomy":"category","embeddable":true,"href":"https:\/\/www.bellunopress.it\/fr\/wp-json\/wp\/v2\/categories?post=110397"},{"taxonomy":"post_tag","embeddable":true,"href":"https:\/\/www.bellunopress.it\/fr\/wp-json\/wp\/v2\/tags?post=110397"}],"curies":[{"name":"wp","href":"https:\/\/api.w.org\/{rel}","templated":true}]}}