{"id":110391,"date":"2019-12-13T09:51:50","date_gmt":"2019-12-13T08:51:50","guid":{"rendered":"http:\/\/www.bellunopress.it\/?p=110391"},"modified":"2019-12-13T09:51:51","modified_gmt":"2019-12-13T08:51:51","slug":"giovani-archi-veneti-sabato-a-cortina-via-alla-tournee-veneta-e-marchigiana-dellorchestra-diretta-da-lucia-visentin","status":"publish","type":"post","link":"https:\/\/www.bellunopress.it\/fr\/2019\/12\/13\/giovani-archi-veneti-sabato-a-cortina-via-alla-tournee-veneta-e-marchigiana-dellorchestra-diretta-da-lucia-visentin\/","title":{"rendered":"Giovani archi veneti. Sabato a Cortina via alla tourn\u00e9e veneta e marchigiana dell&#8217;orchestra diretta da Lucia Visentin"},"content":{"rendered":"<p>Sabato 14 dicembre alle ore 21 nella Basilica dei Santi Filippo e Giacomo in centro Cortina d&#8217;Ampezzo, si terr\u00e0 la tappa inaugurale per i promettenti musicisti tra i 17 e i 25 anni, che si esibiranno ne La Missa in Angustiis di Franz Joseph Haydn, proposta nella versione originale del 1798 per orchestra d\u2019archi, tre trombe e timpani, e incanter\u00e0 il pubblico a partire dalle 21.00 nella Basilica dei Santi Filippo e Giacomo, con la direzione di Jacopo Cacco.<br \/>\nDopo il Bellunese, saranno sei le tappe venete tra dicembre e luglio 2020 e toccheranno Venezia, Rovigo e Treviso. A febbraio la formazione sar\u00e0 invece nelle Marche al fianco di Enzo Caroli, straordinario flautista di fama internazionale.<\/p>\n<figure id=\"attachment_110392\" aria-describedby=\"caption-attachment-110392\" style=\"width: 300px\" class=\"wp-caption alignleft\"><a href=\"http:\/\/www.bellunopress.it\/fr\/2019\/12\/13\/giovani-archi-veneti-sabato-a-cortina-via-alla-tournee-veneta-e-marchigiana-dellorchestra-diretta-da-lucia-visentin\/basilica-dei-santi-filippo-e-giacomo-cortina\/\" rel=\"attachment wp-att-110392\"><img loading=\"lazy\" decoding=\"async\" class=\"size-full wp-image-110392\" src=\"http:\/\/www.bellunopress.it\/wp-content\/uploads\/2019\/12\/Basilica-dei-Santi-Filippo-e-Giacomo-Cortina.jpg\" alt=\"\" width=\"300\" height=\"297\" \/><\/a><figcaption id=\"caption-attachment-110392\" class=\"wp-caption-text\">Chiesa dei Santi Filippo e Giacomo &#8211; Cortina d&#8217;Ampezzo<\/figcaption><\/figure>\n<p>Il concerto di apertura della stagione concertistica dell\u2019orchestra Gav &#8211; Giovani Archi Veneti offrir\u00e0 al pubblico il risultato del lungo lavoro dei giovani musicisti sul repertorio sacro. Per l\u2019appuntamento inaugurale verr\u00e0 proposta la Missa in Augustiis di Haydn, una delle messe pi\u00f9 importanti del repertorio haydniano e classico, nella versione originale pensata dal compositore nel 1798 per il compleanno di Maria Hermenegilda, moglie del Conte Nikolaus II Esterazy.<\/p>\n<p>Gav, orchestra composta da giovani talenti tra i 17 e i 25 anni, fondata nel 1997 da Lucia Visentin, musicista di fama internazionale (ha tenuto concerti in Europa e Giappone collaborando con le orchestre del Covent Garden di Londra e dell\u2019Accademia di Santa Cecilia di Roma, oltre che con il Teatro La Fenice di Venezia e il Teatro Comunale Mario Del Monaco di Treviso) e anima artistica della proposta dei giovani musicisti, ha vinto prestigiose competizioni (Concorso nazionale di Ortona, Rovere d\u2019Oro Giovani Talenti di San Bartolomeo, De Sabata European Youth Orchestras Contest) e ha ottenuto importanti riconoscimenti nazionali e internazionali, che l\u2019hanno portata ad essere considerata oggi un\u2019eccellenza artistica del Veneto. Per il secondo anno Gav \u00e8 affiancata dall\u2019associazione trevigiana Musincantus, che si occupa degli aspetti organizzative e gestionali gestendo le attivit\u00e0 dell\u2019orchestra.<br \/>\nL\u2019esecuzione sar\u00e0 affidata alla prestigiosa orchestra che sar\u00e0 diretta per l\u2019occasione dal Maestro Jacopo Cacco. Sul palcoscenico si imporranno alcune fra le pi\u00f9 talentuose e interessanti voci del panorama italiano, come il tenore Andrea Biscontin, il contralto Cecilia Gaetani, il basso Jonas Jude e, stella nascente dell\u2019opera, il soprano Giulia Bolcato. Ad accompagnare i solisti ci saranno le voci della Corale Ecclesia Nova del Maestro Matteo Valbusa.<br \/>\nLa serata offrir\u00e0 al pubblico l\u2019occasione di assaporare anche un assaggio di Giacomo Puccini, con l\u2019esecuzione dei Crisantemi, frutto di un\u2019intensa notte di lavoro del genio di Lucca che volle omaggiare in note la morte di Amedeo di Savoia Duca d\u2019Aosta, spentosi nel gennaio 1890.<\/p>\n<p>Suggestioni decisamente pi\u00f9 natalizie ispireranno invece il concerto di domenica 15 dicembre alle 17.00 al Teatro Tullio Serafin di Cavarzere, Venezia. L\u2019appuntamento nasce grazie alla collaborazione con Arteven, circuito regionale multidisciplinare da del Veneto, che quarant\u2019anni si occupa di diffusione del teatro, della danza, del circo contemporaneo e della musica e che annovera l\u2019Orchestra GAV fra i propri artisti.<br \/>\nCon la sapiente direzione di Lucia Visentin prender\u00e0 forma un repertorio natalizio rielaborato in chiave contemporanea grazie ai brani del compositore opitergino Fabrizio Visentin al quale si accostano le grandi pagine del repertorio sinfonico per orchestra d\u2019archi, come le Elegie per Archi di P\u00ebtr Il&#8217;i\u010d \u010cajkovskij e di Giacomo Puccini, la Serenata per orchestra d\u2019archi di Edward Elgar e Holberg Suite di Edvard Grieg.<br \/>\nStesso repertorio, arricchito dal Concerto per quattro violini e orchestra, dal Concerto in re minore di Antonio Vivaldi e dalla rara elegia di Kalinnikov per l\u2019esibizione di gioved\u00ec 26 dicembre alle 18.00 al Teatro Vivaldi di Jesolo, Venezia.<\/p>\n<p>Il 2020 si aprir\u00e0 con l\u2019esibizione del concerto di Capodanno alle 15.30 presso il Teatro Comunale Ballarin di Lendinara, Rovigo, che vedr\u00e0 l\u2019Orchestra confrontarsi con il repertorio tipico del primo giorno dell\u2019anno: walzer, danze e polke nelle trascrizioni per archi e percussioni solo; non mancheranno naturalmente i classici della famiglia Strauss come il celebre Danubio blu, la Marcia di Radesky e la Pizzicato polka.<br \/>\nL\u2019Orchestra sar\u00e0 puoi in tourn\u00e9e nelle Marche a febbraio al fianco di Enzo Caroli, straordinario flautista di fama internazionale con il quale ha recentemente inciso per la prestigiosa etichetta Velut Luna i celebri Concerti per flauto ed orchestra di Quantz, Pergolesi e Vivaldi. L\u2019Orchestra GAV torner\u00e0 a Treviso, nel Duomo, il 26 aprile 2020, alle 17.00, per il tradizionale Concerto di San Liberale, con l\u2019organista Giovanni Feltrin. Qui con un concerto per organo e orchestra dedicher\u00e0 particolare attenzione a Andrea Lucchesi e Valeriano, due compositori veneti molto stimati all\u2019estero e di rarissima esecuzione.<\/p>\n<p>La stagione si chiuder\u00e0 venerd\u00ec 3 luglio 2020 ore 20.45, con il consueto concerto Note di Mezz\u2019Estate nella Chiesa di San Francesco a Treviso.<br \/>\nIl programma \u00e8 consultabile nel nuovo sito www.orchestragiovaniarchiveneti.it realizzato con il prezioso contributo della Ethic Agency di Conegliano.<\/p>\n<p><strong>Lucia Visentin,<\/strong> diplomata in violino, ha conseguito il diploma accademico di secondo livello in Discipline Musicali con lode. Si e\u0300 dedicata alla formazione quartettistica e ha collaborato con numerose formazioni cameristiche, tenendo concerti in Italia, Europa ed in Giappone. Ha collaborato con l\u2019orchestra del Covent Garden di Londra, dell\u2019Accademia di Santa Cecilia di Roma, con il Teatro La Fenice di Venezia e con il Teatro Comunale di Treviso.<br \/>\nTiene corsi di perfezionamento e masterclass ed e\u0300 membro di giuria di concorsi musicali internazionali.<br \/>\nHa fondato e dirige la \u201cScuola Musicale Suzuki del Veneto\u201d con sede a Treviso e presso il Conservatorio Venezze di Rovigo con il quale collabora anche come docente.<br \/>\nHa fondato e dirige l\u2019orchestra GAV-Giovani Archi Veneti, con la quale si e\u0300 esibita nei piu\u0300 importanti teatri e sale da concerto. Dal 2011 dirige il coro \u201cCitta\u0300 di Oderzo\u201d vincitore di concorsi nazionali ed internazionali.<br \/>\n\u00c8 consigliere regionale dell\u2019ASAC Veneto (Associazione per lo Sviluppo delle Attivita\u0300 Corali), e presidente della consulta della cultura del Comune di Oderzo.<\/p>\n<p><strong>Orchestra GAV &#8211; Giovani Archi Veneti<\/strong><br \/>\nDiretta sin dalla sua nascita da Lucia Visentin, annovera tra i suoi componenti vincitori di importanti concorsi nazionali e internazionali e ha vinto prestigiose competizioni quali il concorso nazionale Citt\u00e0 di Ortona (2004), i concorsi internazionali Rovere d\u02bcOro Giovani Talenti di San Bartolomeo (IP) e nella propria categoria Citt\u00e0 di Padova nel 2005, il Victor De Sabata European Youth Orchestras Contest nel 2007 e nel 2008, con la menzione di merito per la pi\u00f9 giovane orchestra vincitrice (presidente di giuria M\u00b0 Azio Corghi).<br \/>\nL\u2019orchestra si \u00e8 esibita nelle pi\u00f9 importanti citt\u00e0 e sale internazionali da concerto tra cuimil Teatro Bibiena (Mantova), il Teatro degli Impavidi (Sarzana), il Teatro Alighieri (Ravenna) il Teatro Donizetti (Bergamo), la Sala della Cultura della Catalogna (Barcellona), la Kammermusichaal University of Music and Performing Arts of Mannheim riscuotendo unanimi consensi. Nel 2010 in Francia ha inaugurato la stagione concertistica \u201cMusiques et Patrimoine en Pais du Chinonais\u201d presso la chiesa di Saint-Martin de Candes. Il 1\u00b0 giugno 2011 ha partecipato a Torino alle manifestazioni per il 150\u00b0 anniversario dell\u02bcUnit\u00e0 d\u02bcItalia. Nel 2012 in Francia si \u00e8 esibita al \u201cFestival de la Haute Tine\u00e8\u201d nella cattedrale di Saint-\u00c9tienne de Tine\u00e8 e nel 2013 ha effettuatom una tourn\u00e9e bel Canton Ticino.<br \/>\nHa collaborato, tra gli altri, con i soprani Luciana Serra, Ines Salazar e Roberta Canzian, con il violoncellista Massimo Martinelli, con il clarinettista Michel Portal e con il flautista Enzo Caroli con il quale ha inciso un CD per la casa discografica Velut Luna con musiche di Pergolesi, Mercadante, Quantz e Stamitz.<br \/>\nHa suonato presso la chiesa millenaria di Malamocco (Venezia), presso la Scuola Grande di San Marco a\u00a0Venezia e al Circolo della Scranna (Forl\u00ec) con il flautista Enzo Caroli. A Treviso ha presentato lo Stabat Mater di Pergolesi, la Nelson Mass di Haydn e la Messa in Sol maggiore di Schubert oltre che lo Stabat Mater di Rossini per il Teatro Comunale Mario Del Monaco di Treviso in occasione del 150\u00b0 anniversario dalla scomparsa del compositore pesarese.<\/p>","protected":false},"excerpt":{"rendered":"<p>Sabato 14 dicembre alle ore 21 nella Basilica dei Santi Filippo e Giacomo in centro Cortina d&#8217;Ampezzo, si terr\u00e0 la tappa inaugurale per i promettenti musicisti tra i 17 e i 25 anni, che si esibiranno ne La Missa in Angustiis di Franz Joseph Haydn, proposta nella versione originale del 1798 per orchestra d\u2019archi, tre [&hellip;]<\/p>\n","protected":false},"author":2,"featured_media":0,"comment_status":"closed","ping_status":"open","sticky":false,"template":"","format":"standard","meta":{"footnotes":""},"categories":[27,3,25],"tags":[],"class_list":["post-110391","post","type-post","status-publish","format-standard","category-appuntamenti","category-arte-cultura-spettacoli-scienza-archivi","category-pausa-caffe"],"yoast_head":"<!-- This site is optimized with the Yoast SEO plugin v28.4 - https:\/\/yoast.com\/product\/yoast-seo-wordpress\/ -->\n<title>Giovani archi veneti. Sabato a Cortina via alla tourn\u00e9e veneta e marchigiana dell&#039;orchestra diretta da Lucia Visentin - Bellunopress - Dolomiti<\/title>\n<meta name=\"robots\" content=\"index, follow, max-snippet:-1, max-image-preview:large, max-video-preview:-1\" \/>\n<link rel=\"canonical\" href=\"https:\/\/www.bellunopress.it\/fr\/2019\/12\/13\/giovani-archi-veneti-sabato-a-cortina-via-alla-tournee-veneta-e-marchigiana-dellorchestra-diretta-da-lucia-visentin\/\" \/>\n<meta property=\"og:locale\" content=\"fr_FR\" \/>\n<meta property=\"og:type\" content=\"article\" \/>\n<meta property=\"og:title\" content=\"Giovani archi veneti. Sabato a Cortina via alla tourn\u00e9e veneta e marchigiana dell&#039;orchestra diretta da Lucia Visentin - Bellunopress - Dolomiti\" \/>\n<meta property=\"og:description\" content=\"Sabato 14 dicembre alle ore 21 nella Basilica dei Santi Filippo e Giacomo in centro Cortina d&#8217;Ampezzo, si terr\u00e0 la tappa inaugurale per i promettenti musicisti tra i 17 e i 25 anni, che si esibiranno ne La Missa in Angustiis di Franz Joseph Haydn, proposta nella versione originale del 1798 per orchestra d\u2019archi, tre [&hellip;]\" \/>\n<meta property=\"og:url\" content=\"https:\/\/www.bellunopress.it\/fr\/2019\/12\/13\/giovani-archi-veneti-sabato-a-cortina-via-alla-tournee-veneta-e-marchigiana-dellorchestra-diretta-da-lucia-visentin\/\" \/>\n<meta property=\"og:site_name\" content=\"Bellunopress - Dolomiti\" \/>\n<meta property=\"article:publisher\" content=\"https:\/\/www.facebook.com\/profile.php?id=100008943462799\" \/>\n<meta property=\"article:published_time\" content=\"2019-12-13T08:51:50+00:00\" \/>\n<meta property=\"article:modified_time\" content=\"2019-12-13T08:51:51+00:00\" \/>\n<meta property=\"og:image\" content=\"http:\/\/www.bellunopress.it\/wp-content\/uploads\/2019\/12\/Basilica-dei-Santi-Filippo-e-Giacomo-Cortina.jpg\" \/>\n<meta name=\"author\" content=\"redazione\" \/>\n<meta name=\"twitter:card\" content=\"summary_large_image\" \/>\n<meta name=\"twitter:creator\" content=\"@bellunopress\" \/>\n<meta name=\"twitter:site\" content=\"@bellunopress\" \/>\n<meta name=\"twitter:label1\" content=\"Written by\" \/>\n\t<meta name=\"twitter:data1\" content=\"redazione\" \/>\n\t<meta name=\"twitter:label2\" content=\"Est. reading time\" \/>\n\t<meta name=\"twitter:data2\" content=\"7 minutes\" \/>\n<script type=\"application\/ld+json\" class=\"yoast-schema-graph\">{\"@context\":\"https:\\\/\\\/schema.org\",\"@graph\":[{\"@type\":\"Article\",\"@id\":\"https:\\\/\\\/www.bellunopress.it\\\/2019\\\/12\\\/13\\\/giovani-archi-veneti-sabato-a-cortina-via-alla-tournee-veneta-e-marchigiana-dellorchestra-diretta-da-lucia-visentin\\\/#article\",\"isPartOf\":{\"@id\":\"https:\\\/\\\/www.bellunopress.it\\\/2019\\\/12\\\/13\\\/giovani-archi-veneti-sabato-a-cortina-via-alla-tournee-veneta-e-marchigiana-dellorchestra-diretta-da-lucia-visentin\\\/\"},\"author\":{\"name\":\"redazione\",\"@id\":\"https:\\\/\\\/www.bellunopress.it\\\/#\\\/schema\\\/person\\\/79bb06722b37ece1c03d3e94beb30d73\"},\"headline\":\"Giovani archi veneti. Sabato a Cortina via alla tourn\u00e9e veneta e marchigiana dell&#8217;orchestra diretta da Lucia Visentin\",\"datePublished\":\"2019-12-13T08:51:50+00:00\",\"dateModified\":\"2019-12-13T08:51:51+00:00\",\"mainEntityOfPage\":{\"@id\":\"https:\\\/\\\/www.bellunopress.it\\\/2019\\\/12\\\/13\\\/giovani-archi-veneti-sabato-a-cortina-via-alla-tournee-veneta-e-marchigiana-dellorchestra-diretta-da-lucia-visentin\\\/\"},\"wordCount\":1337,\"publisher\":{\"@id\":\"https:\\\/\\\/www.bellunopress.it\\\/#organization\"},\"image\":{\"@id\":\"https:\\\/\\\/www.bellunopress.it\\\/2019\\\/12\\\/13\\\/giovani-archi-veneti-sabato-a-cortina-via-alla-tournee-veneta-e-marchigiana-dellorchestra-diretta-da-lucia-visentin\\\/#primaryimage\"},\"thumbnailUrl\":\"http:\\\/\\\/www.bellunopress.it\\\/wp-content\\\/uploads\\\/2019\\\/12\\\/Basilica-dei-Santi-Filippo-e-Giacomo-Cortina.jpg\",\"articleSection\":[\"Appuntamenti, Eventi\",\"Arte, Cultura, Spettacoli, Scienza\",\"Pausa Caff\u00e8\"],\"inLanguage\":\"fr-FR\"},{\"@type\":\"WebPage\",\"@id\":\"https:\\\/\\\/www.bellunopress.it\\\/2019\\\/12\\\/13\\\/giovani-archi-veneti-sabato-a-cortina-via-alla-tournee-veneta-e-marchigiana-dellorchestra-diretta-da-lucia-visentin\\\/\",\"url\":\"https:\\\/\\\/www.bellunopress.it\\\/2019\\\/12\\\/13\\\/giovani-archi-veneti-sabato-a-cortina-via-alla-tournee-veneta-e-marchigiana-dellorchestra-diretta-da-lucia-visentin\\\/\",\"name\":\"Giovani archi veneti. Sabato a Cortina via alla tourn\u00e9e veneta e marchigiana dell'orchestra diretta da Lucia Visentin - Bellunopress - Dolomiti\",\"isPartOf\":{\"@id\":\"https:\\\/\\\/www.bellunopress.it\\\/#website\"},\"primaryImageOfPage\":{\"@id\":\"https:\\\/\\\/www.bellunopress.it\\\/2019\\\/12\\\/13\\\/giovani-archi-veneti-sabato-a-cortina-via-alla-tournee-veneta-e-marchigiana-dellorchestra-diretta-da-lucia-visentin\\\/#primaryimage\"},\"image\":{\"@id\":\"https:\\\/\\\/www.bellunopress.it\\\/2019\\\/12\\\/13\\\/giovani-archi-veneti-sabato-a-cortina-via-alla-tournee-veneta-e-marchigiana-dellorchestra-diretta-da-lucia-visentin\\\/#primaryimage\"},\"thumbnailUrl\":\"http:\\\/\\\/www.bellunopress.it\\\/wp-content\\\/uploads\\\/2019\\\/12\\\/Basilica-dei-Santi-Filippo-e-Giacomo-Cortina.jpg\",\"datePublished\":\"2019-12-13T08:51:50+00:00\",\"dateModified\":\"2019-12-13T08:51:51+00:00\",\"breadcrumb\":{\"@id\":\"https:\\\/\\\/www.bellunopress.it\\\/2019\\\/12\\\/13\\\/giovani-archi-veneti-sabato-a-cortina-via-alla-tournee-veneta-e-marchigiana-dellorchestra-diretta-da-lucia-visentin\\\/#breadcrumb\"},\"inLanguage\":\"fr-FR\",\"potentialAction\":[{\"@type\":\"ReadAction\",\"target\":[\"https:\\\/\\\/www.bellunopress.it\\\/2019\\\/12\\\/13\\\/giovani-archi-veneti-sabato-a-cortina-via-alla-tournee-veneta-e-marchigiana-dellorchestra-diretta-da-lucia-visentin\\\/\"]}]},{\"@type\":\"ImageObject\",\"inLanguage\":\"fr-FR\",\"@id\":\"https:\\\/\\\/www.bellunopress.it\\\/2019\\\/12\\\/13\\\/giovani-archi-veneti-sabato-a-cortina-via-alla-tournee-veneta-e-marchigiana-dellorchestra-diretta-da-lucia-visentin\\\/#primaryimage\",\"url\":\"http:\\\/\\\/www.bellunopress.it\\\/wp-content\\\/uploads\\\/2019\\\/12\\\/Basilica-dei-Santi-Filippo-e-Giacomo-Cortina.jpg\",\"contentUrl\":\"http:\\\/\\\/www.bellunopress.it\\\/wp-content\\\/uploads\\\/2019\\\/12\\\/Basilica-dei-Santi-Filippo-e-Giacomo-Cortina.jpg\"},{\"@type\":\"BreadcrumbList\",\"@id\":\"https:\\\/\\\/www.bellunopress.it\\\/2019\\\/12\\\/13\\\/giovani-archi-veneti-sabato-a-cortina-via-alla-tournee-veneta-e-marchigiana-dellorchestra-diretta-da-lucia-visentin\\\/#breadcrumb\",\"itemListElement\":[{\"@type\":\"ListItem\",\"position\":1,\"name\":\"Home\",\"item\":\"https:\\\/\\\/www.bellunopress.it\\\/\"},{\"@type\":\"ListItem\",\"position\":2,\"name\":\"Giovani archi veneti. Sabato a Cortina via alla tourn\u00e9e veneta e marchigiana dell&#8217;orchestra diretta da Lucia Visentin\"}]},{\"@type\":\"WebSite\",\"@id\":\"https:\\\/\\\/www.bellunopress.it\\\/#website\",\"url\":\"https:\\\/\\\/www.bellunopress.it\\\/\",\"name\":\"Bellunopress - Dolomiti\",\"description\":\"e-mail: redazione@bellunopress.it\",\"publisher\":{\"@id\":\"https:\\\/\\\/www.bellunopress.it\\\/#organization\"},\"potentialAction\":[{\"@type\":\"SearchAction\",\"target\":{\"@type\":\"EntryPoint\",\"urlTemplate\":\"https:\\\/\\\/www.bellunopress.it\\\/?s={search_term_string}\"},\"query-input\":{\"@type\":\"PropertyValueSpecification\",\"valueRequired\":true,\"valueName\":\"search_term_string\"}}],\"inLanguage\":\"fr-FR\"},{\"@type\":\"Organization\",\"@id\":\"https:\\\/\\\/www.bellunopress.it\\\/#organization\",\"name\":\"Bellunopress\",\"url\":\"https:\\\/\\\/www.bellunopress.it\\\/\",\"logo\":{\"@type\":\"ImageObject\",\"inLanguage\":\"fr-FR\",\"@id\":\"https:\\\/\\\/www.bellunopress.it\\\/#\\\/schema\\\/logo\\\/image\\\/\",\"url\":\"https:\\\/\\\/www.bellunopress.it\\\/wp-content\\\/uploads\\\/2011\\\/05\\\/cropped-logo-bellunopress-.jpg\",\"contentUrl\":\"https:\\\/\\\/www.bellunopress.it\\\/wp-content\\\/uploads\\\/2011\\\/05\\\/cropped-logo-bellunopress-.jpg\",\"width\":512,\"height\":512,\"caption\":\"Bellunopress\"},\"image\":{\"@id\":\"https:\\\/\\\/www.bellunopress.it\\\/#\\\/schema\\\/logo\\\/image\\\/\"},\"sameAs\":[\"https:\\\/\\\/www.facebook.com\\\/profile.php?id=100008943462799\",\"https:\\\/\\\/x.com\\\/bellunopress\",\"https:\\\/\\\/www.linkedin.com\\\/hp\\\/?dnr=JBzUWaJfMUw8vbXJJ2tVW5-I3jZKvC4wsoxE&amp;amp;amp;amp;amp;amp;trk=nav_responsive_tab_home\",\"https:\\\/\\\/www.youtube.com\\\/channel\\\/UCxL0wu1uN0_3_7hGG0306cw\"]},{\"@type\":\"Person\",\"@id\":\"https:\\\/\\\/www.bellunopress.it\\\/#\\\/schema\\\/person\\\/79bb06722b37ece1c03d3e94beb30d73\",\"name\":\"redazione\",\"image\":{\"@type\":\"ImageObject\",\"inLanguage\":\"fr-FR\",\"@id\":\"https:\\\/\\\/secure.gravatar.com\\\/avatar\\\/37d968a2e67a6fd04c169c4bdef102d0bc5d31b2546345219e348575eb80e9a0?s=96&d=mm&r=g\",\"url\":\"https:\\\/\\\/secure.gravatar.com\\\/avatar\\\/37d968a2e67a6fd04c169c4bdef102d0bc5d31b2546345219e348575eb80e9a0?s=96&d=mm&r=g\",\"contentUrl\":\"https:\\\/\\\/secure.gravatar.com\\\/avatar\\\/37d968a2e67a6fd04c169c4bdef102d0bc5d31b2546345219e348575eb80e9a0?s=96&d=mm&r=g\",\"caption\":\"redazione\"},\"sameAs\":[\"http:\\\/\\\/www.bellunopress.it\",\"https:\\\/\\\/x.com\\\/bellunopress\"],\"url\":\"https:\\\/\\\/www.bellunopress.it\\\/fr\\\/author\\\/redazione\\\/\"}]}<\/script>\n<!-- \/ Yoast SEO plugin. -->","yoast_head_json":{"title":"Giovani archi veneti. Sabato a Cortina via alla tourn\u00e9e veneta e marchigiana dell'orchestra diretta da Lucia Visentin - Bellunopress - Dolomiti","robots":{"index":"index","follow":"follow","max-snippet":"max-snippet:-1","max-image-preview":"max-image-preview:large","max-video-preview":"max-video-preview:-1"},"canonical":"https:\/\/www.bellunopress.it\/fr\/2019\/12\/13\/giovani-archi-veneti-sabato-a-cortina-via-alla-tournee-veneta-e-marchigiana-dellorchestra-diretta-da-lucia-visentin\/","og_locale":"fr_FR","og_type":"article","og_title":"Giovani archi veneti. Sabato a Cortina via alla tourn\u00e9e veneta e marchigiana dell'orchestra diretta da Lucia Visentin - Bellunopress - Dolomiti","og_description":"Sabato 14 dicembre alle ore 21 nella Basilica dei Santi Filippo e Giacomo in centro Cortina d&#8217;Ampezzo, si terr\u00e0 la tappa inaugurale per i promettenti musicisti tra i 17 e i 25 anni, che si esibiranno ne La Missa in Angustiis di Franz Joseph Haydn, proposta nella versione originale del 1798 per orchestra d\u2019archi, tre [&hellip;]","og_url":"https:\/\/www.bellunopress.it\/fr\/2019\/12\/13\/giovani-archi-veneti-sabato-a-cortina-via-alla-tournee-veneta-e-marchigiana-dellorchestra-diretta-da-lucia-visentin\/","og_site_name":"Bellunopress - Dolomiti","article_publisher":"https:\/\/www.facebook.com\/profile.php?id=100008943462799","article_published_time":"2019-12-13T08:51:50+00:00","article_modified_time":"2019-12-13T08:51:51+00:00","og_image":[{"url":"http:\/\/www.bellunopress.it\/wp-content\/uploads\/2019\/12\/Basilica-dei-Santi-Filippo-e-Giacomo-Cortina.jpg","type":"","width":"","height":""}],"author":"redazione","twitter_card":"summary_large_image","twitter_creator":"@bellunopress","twitter_site":"@bellunopress","twitter_misc":{"Written by":"redazione","Est. reading time":"7 minutes"},"schema":{"@context":"https:\/\/schema.org","@graph":[{"@type":"Article","@id":"https:\/\/www.bellunopress.it\/2019\/12\/13\/giovani-archi-veneti-sabato-a-cortina-via-alla-tournee-veneta-e-marchigiana-dellorchestra-diretta-da-lucia-visentin\/#article","isPartOf":{"@id":"https:\/\/www.bellunopress.it\/2019\/12\/13\/giovani-archi-veneti-sabato-a-cortina-via-alla-tournee-veneta-e-marchigiana-dellorchestra-diretta-da-lucia-visentin\/"},"author":{"name":"redazione","@id":"https:\/\/www.bellunopress.it\/#\/schema\/person\/79bb06722b37ece1c03d3e94beb30d73"},"headline":"Giovani archi veneti. Sabato a Cortina via alla tourn\u00e9e veneta e marchigiana dell&#8217;orchestra diretta da Lucia Visentin","datePublished":"2019-12-13T08:51:50+00:00","dateModified":"2019-12-13T08:51:51+00:00","mainEntityOfPage":{"@id":"https:\/\/www.bellunopress.it\/2019\/12\/13\/giovani-archi-veneti-sabato-a-cortina-via-alla-tournee-veneta-e-marchigiana-dellorchestra-diretta-da-lucia-visentin\/"},"wordCount":1337,"publisher":{"@id":"https:\/\/www.bellunopress.it\/#organization"},"image":{"@id":"https:\/\/www.bellunopress.it\/2019\/12\/13\/giovani-archi-veneti-sabato-a-cortina-via-alla-tournee-veneta-e-marchigiana-dellorchestra-diretta-da-lucia-visentin\/#primaryimage"},"thumbnailUrl":"http:\/\/www.bellunopress.it\/wp-content\/uploads\/2019\/12\/Basilica-dei-Santi-Filippo-e-Giacomo-Cortina.jpg","articleSection":["Appuntamenti, Eventi","Arte, Cultura, Spettacoli, Scienza","Pausa Caff\u00e8"],"inLanguage":"fr-FR"},{"@type":"WebPage","@id":"https:\/\/www.bellunopress.it\/2019\/12\/13\/giovani-archi-veneti-sabato-a-cortina-via-alla-tournee-veneta-e-marchigiana-dellorchestra-diretta-da-lucia-visentin\/","url":"https:\/\/www.bellunopress.it\/2019\/12\/13\/giovani-archi-veneti-sabato-a-cortina-via-alla-tournee-veneta-e-marchigiana-dellorchestra-diretta-da-lucia-visentin\/","name":"Giovani archi veneti. Sabato a Cortina via alla tourn\u00e9e veneta e marchigiana dell'orchestra diretta da Lucia Visentin - Bellunopress - Dolomiti","isPartOf":{"@id":"https:\/\/www.bellunopress.it\/#website"},"primaryImageOfPage":{"@id":"https:\/\/www.bellunopress.it\/2019\/12\/13\/giovani-archi-veneti-sabato-a-cortina-via-alla-tournee-veneta-e-marchigiana-dellorchestra-diretta-da-lucia-visentin\/#primaryimage"},"image":{"@id":"https:\/\/www.bellunopress.it\/2019\/12\/13\/giovani-archi-veneti-sabato-a-cortina-via-alla-tournee-veneta-e-marchigiana-dellorchestra-diretta-da-lucia-visentin\/#primaryimage"},"thumbnailUrl":"http:\/\/www.bellunopress.it\/wp-content\/uploads\/2019\/12\/Basilica-dei-Santi-Filippo-e-Giacomo-Cortina.jpg","datePublished":"2019-12-13T08:51:50+00:00","dateModified":"2019-12-13T08:51:51+00:00","breadcrumb":{"@id":"https:\/\/www.bellunopress.it\/2019\/12\/13\/giovani-archi-veneti-sabato-a-cortina-via-alla-tournee-veneta-e-marchigiana-dellorchestra-diretta-da-lucia-visentin\/#breadcrumb"},"inLanguage":"fr-FR","potentialAction":[{"@type":"ReadAction","target":["https:\/\/www.bellunopress.it\/2019\/12\/13\/giovani-archi-veneti-sabato-a-cortina-via-alla-tournee-veneta-e-marchigiana-dellorchestra-diretta-da-lucia-visentin\/"]}]},{"@type":"ImageObject","inLanguage":"fr-FR","@id":"https:\/\/www.bellunopress.it\/2019\/12\/13\/giovani-archi-veneti-sabato-a-cortina-via-alla-tournee-veneta-e-marchigiana-dellorchestra-diretta-da-lucia-visentin\/#primaryimage","url":"http:\/\/www.bellunopress.it\/wp-content\/uploads\/2019\/12\/Basilica-dei-Santi-Filippo-e-Giacomo-Cortina.jpg","contentUrl":"http:\/\/www.bellunopress.it\/wp-content\/uploads\/2019\/12\/Basilica-dei-Santi-Filippo-e-Giacomo-Cortina.jpg"},{"@type":"BreadcrumbList","@id":"https:\/\/www.bellunopress.it\/2019\/12\/13\/giovani-archi-veneti-sabato-a-cortina-via-alla-tournee-veneta-e-marchigiana-dellorchestra-diretta-da-lucia-visentin\/#breadcrumb","itemListElement":[{"@type":"ListItem","position":1,"name":"Home","item":"https:\/\/www.bellunopress.it\/"},{"@type":"ListItem","position":2,"name":"Giovani archi veneti. Sabato a Cortina via alla tourn\u00e9e veneta e marchigiana dell&#8217;orchestra diretta da Lucia Visentin"}]},{"@type":"WebSite","@id":"https:\/\/www.bellunopress.it\/#website","url":"https:\/\/www.bellunopress.it\/","name":"Bellunopress - Dolomiti","description":"e-mail: redazione@bellunopress.it","publisher":{"@id":"https:\/\/www.bellunopress.it\/#organization"},"potentialAction":[{"@type":"SearchAction","target":{"@type":"EntryPoint","urlTemplate":"https:\/\/www.bellunopress.it\/?s={search_term_string}"},"query-input":{"@type":"PropertyValueSpecification","valueRequired":true,"valueName":"search_term_string"}}],"inLanguage":"fr-FR"},{"@type":"Organization","@id":"https:\/\/www.bellunopress.it\/#organization","name":"Bellunopress","url":"https:\/\/www.bellunopress.it\/","logo":{"@type":"ImageObject","inLanguage":"fr-FR","@id":"https:\/\/www.bellunopress.it\/#\/schema\/logo\/image\/","url":"https:\/\/www.bellunopress.it\/wp-content\/uploads\/2011\/05\/cropped-logo-bellunopress-.jpg","contentUrl":"https:\/\/www.bellunopress.it\/wp-content\/uploads\/2011\/05\/cropped-logo-bellunopress-.jpg","width":512,"height":512,"caption":"Bellunopress"},"image":{"@id":"https:\/\/www.bellunopress.it\/#\/schema\/logo\/image\/"},"sameAs":["https:\/\/www.facebook.com\/profile.php?id=100008943462799","https:\/\/x.com\/bellunopress","https:\/\/www.linkedin.com\/hp\/?dnr=JBzUWaJfMUw8vbXJJ2tVW5-I3jZKvC4wsoxE&amp;amp;amp;amp;amp;amp;trk=nav_responsive_tab_home","https:\/\/www.youtube.com\/channel\/UCxL0wu1uN0_3_7hGG0306cw"]},{"@type":"Person","@id":"https:\/\/www.bellunopress.it\/#\/schema\/person\/79bb06722b37ece1c03d3e94beb30d73","name":"r\u00e9daction","image":{"@type":"ImageObject","inLanguage":"fr-FR","@id":"https:\/\/secure.gravatar.com\/avatar\/37d968a2e67a6fd04c169c4bdef102d0bc5d31b2546345219e348575eb80e9a0?s=96&d=mm&r=g","url":"https:\/\/secure.gravatar.com\/avatar\/37d968a2e67a6fd04c169c4bdef102d0bc5d31b2546345219e348575eb80e9a0?s=96&d=mm&r=g","contentUrl":"https:\/\/secure.gravatar.com\/avatar\/37d968a2e67a6fd04c169c4bdef102d0bc5d31b2546345219e348575eb80e9a0?s=96&d=mm&r=g","caption":"redazione"},"sameAs":["http:\/\/www.bellunopress.it","https:\/\/x.com\/bellunopress"],"url":"https:\/\/www.bellunopress.it\/fr\/author\/redazione\/"}]}},"_links":{"self":[{"href":"https:\/\/www.bellunopress.it\/fr\/wp-json\/wp\/v2\/posts\/110391","targetHints":{"allow":["GET"]}}],"collection":[{"href":"https:\/\/www.bellunopress.it\/fr\/wp-json\/wp\/v2\/posts"}],"about":[{"href":"https:\/\/www.bellunopress.it\/fr\/wp-json\/wp\/v2\/types\/post"}],"author":[{"embeddable":true,"href":"https:\/\/www.bellunopress.it\/fr\/wp-json\/wp\/v2\/users\/2"}],"replies":[{"embeddable":true,"href":"https:\/\/www.bellunopress.it\/fr\/wp-json\/wp\/v2\/comments?post=110391"}],"version-history":[{"count":2,"href":"https:\/\/www.bellunopress.it\/fr\/wp-json\/wp\/v2\/posts\/110391\/revisions"}],"predecessor-version":[{"id":110394,"href":"https:\/\/www.bellunopress.it\/fr\/wp-json\/wp\/v2\/posts\/110391\/revisions\/110394"}],"wp:attachment":[{"href":"https:\/\/www.bellunopress.it\/fr\/wp-json\/wp\/v2\/media?parent=110391"}],"wp:term":[{"taxonomy":"category","embeddable":true,"href":"https:\/\/www.bellunopress.it\/fr\/wp-json\/wp\/v2\/categories?post=110391"},{"taxonomy":"post_tag","embeddable":true,"href":"https:\/\/www.bellunopress.it\/fr\/wp-json\/wp\/v2\/tags?post=110391"}],"curies":[{"name":"wp","href":"https:\/\/api.w.org\/{rel}","templated":true}]}}