{"id":110380,"date":"2019-12-12T16:39:28","date_gmt":"2019-12-12T15:39:28","guid":{"rendered":"http:\/\/www.bellunopress.it\/?p=110380"},"modified":"2019-12-12T16:39:28","modified_gmt":"2019-12-12T15:39:28","slug":"crisi-wanbao-incontro-a-palazzo-chigi-tra-lambasciatore-cinese-e-il-consigliere-diplomatico-del-presidente-conte","status":"publish","type":"post","link":"https:\/\/www.bellunopress.it\/fr\/2019\/12\/12\/crisi-wanbao-incontro-a-palazzo-chigi-tra-lambasciatore-cinese-e-il-consigliere-diplomatico-del-presidente-conte\/","title":{"rendered":"Crisi Wanbao. Incontro a Palazzo Chigi tra l&#8217;ambasciatore cinese e il consigliere diplomatico del presidente Conte"},"content":{"rendered":"<p><a href=\"http:\/\/www.bellunopress.it\/fr\/2017\/02\/27\/microcredito-dinca-5-piccole-imprese-bellunesi-e-2019-in-veneto-nate-grazie-al-fondo-statale-finanziato-con-il-taglio-degli-stipendi-dei-parlamentari-del-movimento-5-stelle\/federico-dincai-1\/\" rel=\"attachment wp-att-84677\"><img loading=\"lazy\" decoding=\"async\" class=\"alignleft size-full wp-image-84677\" src=\"http:\/\/www.bellunopress.it\/wp-content\/uploads\/2017\/02\/federico-dinca\u00ec-1.jpg\" alt=\"\" width=\"157\" height=\"195\" \/><\/a>Roma, 12 dicembre 2019\u00a0 &#8211;\u00a0 &#8220;Nell&#8217;incontro di questa mattina tra l&#8217;ambasciatore cinese in Italia Li Junhua e il consigliere diplomatico del presidente Conte, Pietro Benassi \u00e8 stata rappresentata la forte sensibilit\u00e0 del nostro governo sulla vicenda legata allo stabilimento Wanbao di Mel. Il presidente del Consiglio sta seguendo da vicino e con estrema attenzione le ultime evoluzioni del caso. Come mi \u00e8 stato confermato dallo stesso consigliere Benassi, l&#8217;ambasciatore cinese ha registrato con attenzione quanto riferito e trasmetter\u00e0 alle strutture di competenza le nostre istanze&#8221;.<\/p>\n<p>Lo afferma Federico D&#8217;Inc\u00e0, ministro per i Rapporti con il Parlamento, in seguito all&#8217;incontro avvenuto questa mattina a Palazzo Chigi con l&#8217;ambasciatore Li Junhua per cercare una soluzione in merito alla delicata situazione dello stabilimento di compressori per frigoriferi con sede a Mel.<\/p>\n<p>&#8220;L&#8217;incontro odierno \u2013 riferisce D&#8217;Inc\u00e0 \u2013 rappresenta un&#8217;interlocuzione preparatoria al prossimo tavolo che si terr\u00e0 marted\u00ec 17 dicembre al Ministero dello Sviluppo Economico tra l&#8217;azienda, le Organizzazioni sindacali, la Regione e il Ministero: in quell&#8217;occasione, ci si augura che la propriet\u00e0 cinese mostri un atteggiamento costruttivo, confidando in un&#8217;adeguata azione di sensibilizzazione da parte del Governo di Pechino&#8221;.<\/p>\n<p>&#8220;Adesso \u2013 conclude il Ministro D&#8217;Inc\u00e0 \u2013 attendiamo l&#8217;esito del tavolo di marted\u00ec e ci auguriamo che tutte le interlocuzioni costruttive avvenute in queste settimane possano portare ad ottenere quanto richiesto per il futuro di un&#8217;azienda di fondamentale importanza per il territorio e per la filiera della refrigerazione nel nostro Paese&#8221;.<\/p>","protected":false},"excerpt":{"rendered":"<p>Roma, 12 dicembre 2019\u00a0 &#8211;\u00a0 &#8220;Nell&#8217;incontro di questa mattina tra l&#8217;ambasciatore cinese in Italia Li Junhua e il consigliere diplomatico del presidente Conte, Pietro Benassi \u00e8 stata rappresentata la forte sensibilit\u00e0 del nostro governo sulla vicenda legata allo stabilimento Wanbao di Mel. Il presidente del Consiglio sta seguendo da vicino e con estrema attenzione le [&hellip;]<\/p>\n","protected":false},"author":2,"featured_media":0,"comment_status":"closed","ping_status":"open","sticky":false,"template":"","format":"standard","meta":{"footnotes":""},"categories":[5,36,26],"tags":[],"class_list":["post-110380","post","type-post","status-publish","format-standard","category-cronaca","category-lavoro-economia","category-prima-pagina"],"yoast_head":"<!-- This site is optimized with the Yoast SEO plugin v28.4 - https:\/\/yoast.com\/product\/yoast-seo-wordpress\/ -->\n<title>Crisi Wanbao. Incontro a Palazzo Chigi tra l&#039;ambasciatore cinese e il consigliere diplomatico del presidente Conte - Bellunopress - Dolomiti<\/title>\n<meta name=\"robots\" content=\"index, follow, max-snippet:-1, max-image-preview:large, max-video-preview:-1\" \/>\n<link rel=\"canonical\" href=\"https:\/\/www.bellunopress.it\/fr\/2019\/12\/12\/crisi-wanbao-incontro-a-palazzo-chigi-tra-lambasciatore-cinese-e-il-consigliere-diplomatico-del-presidente-conte\/\" \/>\n<meta property=\"og:locale\" content=\"fr_FR\" \/>\n<meta property=\"og:type\" content=\"article\" \/>\n<meta property=\"og:title\" content=\"Crisi Wanbao. Incontro a Palazzo Chigi tra l&#039;ambasciatore cinese e il consigliere diplomatico del presidente Conte - Bellunopress - Dolomiti\" \/>\n<meta property=\"og:description\" content=\"Roma, 12 dicembre 2019\u00a0 &#8211;\u00a0 &#8220;Nell&#8217;incontro di questa mattina tra l&#8217;ambasciatore cinese in Italia Li Junhua e il consigliere diplomatico del presidente Conte, Pietro Benassi \u00e8 stata rappresentata la forte sensibilit\u00e0 del nostro governo sulla vicenda legata allo stabilimento Wanbao di Mel. Il presidente del Consiglio sta seguendo da vicino e con estrema attenzione le [&hellip;]\" \/>\n<meta property=\"og:url\" content=\"https:\/\/www.bellunopress.it\/fr\/2019\/12\/12\/crisi-wanbao-incontro-a-palazzo-chigi-tra-lambasciatore-cinese-e-il-consigliere-diplomatico-del-presidente-conte\/\" \/>\n<meta property=\"og:site_name\" content=\"Bellunopress - Dolomiti\" \/>\n<meta property=\"article:publisher\" content=\"https:\/\/www.facebook.com\/profile.php?id=100008943462799\" \/>\n<meta property=\"article:published_time\" content=\"2019-12-12T15:39:28+00:00\" \/>\n<meta property=\"og:image\" content=\"http:\/\/www.bellunopress.it\/wp-content\/uploads\/2017\/02\/federico-dinca\u00ec-1.jpg\" \/>\n<meta name=\"author\" content=\"redazione\" \/>\n<meta name=\"twitter:card\" content=\"summary_large_image\" \/>\n<meta name=\"twitter:creator\" content=\"@bellunopress\" \/>\n<meta name=\"twitter:site\" content=\"@bellunopress\" \/>\n<meta name=\"twitter:label1\" content=\"\u00c9crit par\" \/>\n\t<meta name=\"twitter:data1\" content=\"redazione\" \/>\n\t<meta name=\"twitter:label2\" content=\"Dur\u00e9e de lecture estim\u00e9e\" \/>\n\t<meta name=\"twitter:data2\" content=\"1 minute\" \/>\n<script type=\"application\/ld+json\" class=\"yoast-schema-graph\">{\"@context\":\"https:\\\/\\\/schema.org\",\"@graph\":[{\"@type\":\"Article\",\"@id\":\"https:\\\/\\\/www.bellunopress.it\\\/2019\\\/12\\\/12\\\/crisi-wanbao-incontro-a-palazzo-chigi-tra-lambasciatore-cinese-e-il-consigliere-diplomatico-del-presidente-conte\\\/#article\",\"isPartOf\":{\"@id\":\"https:\\\/\\\/www.bellunopress.it\\\/2019\\\/12\\\/12\\\/crisi-wanbao-incontro-a-palazzo-chigi-tra-lambasciatore-cinese-e-il-consigliere-diplomatico-del-presidente-conte\\\/\"},\"author\":{\"name\":\"redazione\",\"@id\":\"https:\\\/\\\/www.bellunopress.it\\\/#\\\/schema\\\/person\\\/79bb06722b37ece1c03d3e94beb30d73\"},\"headline\":\"Crisi Wanbao. Incontro a Palazzo Chigi tra l&#8217;ambasciatore cinese e il consigliere diplomatico del presidente Conte\",\"datePublished\":\"2019-12-12T15:39:28+00:00\",\"mainEntityOfPage\":{\"@id\":\"https:\\\/\\\/www.bellunopress.it\\\/2019\\\/12\\\/12\\\/crisi-wanbao-incontro-a-palazzo-chigi-tra-lambasciatore-cinese-e-il-consigliere-diplomatico-del-presidente-conte\\\/\"},\"wordCount\":260,\"publisher\":{\"@id\":\"https:\\\/\\\/www.bellunopress.it\\\/#organization\"},\"articleSection\":[\"Cronaca\\\/Politica\",\"Lavoro, Economia, Turismo\",\"Prima Pagina\"],\"inLanguage\":\"fr-FR\"},{\"@type\":\"WebPage\",\"@id\":\"https:\\\/\\\/www.bellunopress.it\\\/2019\\\/12\\\/12\\\/crisi-wanbao-incontro-a-palazzo-chigi-tra-lambasciatore-cinese-e-il-consigliere-diplomatico-del-presidente-conte\\\/\",\"url\":\"https:\\\/\\\/www.bellunopress.it\\\/2019\\\/12\\\/12\\\/crisi-wanbao-incontro-a-palazzo-chigi-tra-lambasciatore-cinese-e-il-consigliere-diplomatico-del-presidente-conte\\\/\",\"name\":\"Crisi Wanbao. Incontro a Palazzo Chigi tra l'ambasciatore cinese e il consigliere diplomatico del presidente Conte - Bellunopress - Dolomiti\",\"isPartOf\":{\"@id\":\"https:\\\/\\\/www.bellunopress.it\\\/#website\"},\"datePublished\":\"2019-12-12T15:39:28+00:00\",\"breadcrumb\":{\"@id\":\"https:\\\/\\\/www.bellunopress.it\\\/2019\\\/12\\\/12\\\/crisi-wanbao-incontro-a-palazzo-chigi-tra-lambasciatore-cinese-e-il-consigliere-diplomatico-del-presidente-conte\\\/#breadcrumb\"},\"inLanguage\":\"fr-FR\",\"potentialAction\":[{\"@type\":\"ReadAction\",\"target\":[\"https:\\\/\\\/www.bellunopress.it\\\/2019\\\/12\\\/12\\\/crisi-wanbao-incontro-a-palazzo-chigi-tra-lambasciatore-cinese-e-il-consigliere-diplomatico-del-presidente-conte\\\/\"]}]},{\"@type\":\"BreadcrumbList\",\"@id\":\"https:\\\/\\\/www.bellunopress.it\\\/2019\\\/12\\\/12\\\/crisi-wanbao-incontro-a-palazzo-chigi-tra-lambasciatore-cinese-e-il-consigliere-diplomatico-del-presidente-conte\\\/#breadcrumb\",\"itemListElement\":[{\"@type\":\"ListItem\",\"position\":1,\"name\":\"Home\",\"item\":\"https:\\\/\\\/www.bellunopress.it\\\/\"},{\"@type\":\"ListItem\",\"position\":2,\"name\":\"Crisi Wanbao. Incontro a Palazzo Chigi tra l&#8217;ambasciatore cinese e il consigliere diplomatico del presidente Conte\"}]},{\"@type\":\"WebSite\",\"@id\":\"https:\\\/\\\/www.bellunopress.it\\\/#website\",\"url\":\"https:\\\/\\\/www.bellunopress.it\\\/\",\"name\":\"Bellunopress - Dolomiti\",\"description\":\"e-mail: redazione@bellunopress.it\",\"publisher\":{\"@id\":\"https:\\\/\\\/www.bellunopress.it\\\/#organization\"},\"potentialAction\":[{\"@type\":\"SearchAction\",\"target\":{\"@type\":\"EntryPoint\",\"urlTemplate\":\"https:\\\/\\\/www.bellunopress.it\\\/?s={search_term_string}\"},\"query-input\":{\"@type\":\"PropertyValueSpecification\",\"valueRequired\":true,\"valueName\":\"search_term_string\"}}],\"inLanguage\":\"fr-FR\"},{\"@type\":\"Organization\",\"@id\":\"https:\\\/\\\/www.bellunopress.it\\\/#organization\",\"name\":\"Bellunopress\",\"url\":\"https:\\\/\\\/www.bellunopress.it\\\/\",\"logo\":{\"@type\":\"ImageObject\",\"inLanguage\":\"fr-FR\",\"@id\":\"https:\\\/\\\/www.bellunopress.it\\\/#\\\/schema\\\/logo\\\/image\\\/\",\"url\":\"https:\\\/\\\/www.bellunopress.it\\\/wp-content\\\/uploads\\\/2011\\\/05\\\/cropped-logo-bellunopress-.jpg\",\"contentUrl\":\"https:\\\/\\\/www.bellunopress.it\\\/wp-content\\\/uploads\\\/2011\\\/05\\\/cropped-logo-bellunopress-.jpg\",\"width\":512,\"height\":512,\"caption\":\"Bellunopress\"},\"image\":{\"@id\":\"https:\\\/\\\/www.bellunopress.it\\\/#\\\/schema\\\/logo\\\/image\\\/\"},\"sameAs\":[\"https:\\\/\\\/www.facebook.com\\\/profile.php?id=100008943462799\",\"https:\\\/\\\/x.com\\\/bellunopress\",\"https:\\\/\\\/www.linkedin.com\\\/hp\\\/?dnr=JBzUWaJfMUw8vbXJJ2tVW5-I3jZKvC4wsoxE&amp;amp;amp;amp;amp;amp;trk=nav_responsive_tab_home\",\"https:\\\/\\\/www.youtube.com\\\/channel\\\/UCxL0wu1uN0_3_7hGG0306cw\"]},{\"@type\":\"Person\",\"@id\":\"https:\\\/\\\/www.bellunopress.it\\\/#\\\/schema\\\/person\\\/79bb06722b37ece1c03d3e94beb30d73\",\"name\":\"redazione\",\"image\":{\"@type\":\"ImageObject\",\"inLanguage\":\"fr-FR\",\"@id\":\"https:\\\/\\\/secure.gravatar.com\\\/avatar\\\/37d968a2e67a6fd04c169c4bdef102d0bc5d31b2546345219e348575eb80e9a0?s=96&d=mm&r=g\",\"url\":\"https:\\\/\\\/secure.gravatar.com\\\/avatar\\\/37d968a2e67a6fd04c169c4bdef102d0bc5d31b2546345219e348575eb80e9a0?s=96&d=mm&r=g\",\"contentUrl\":\"https:\\\/\\\/secure.gravatar.com\\\/avatar\\\/37d968a2e67a6fd04c169c4bdef102d0bc5d31b2546345219e348575eb80e9a0?s=96&d=mm&r=g\",\"caption\":\"redazione\"},\"sameAs\":[\"http:\\\/\\\/www.bellunopress.it\",\"https:\\\/\\\/x.com\\\/bellunopress\"],\"url\":\"https:\\\/\\\/www.bellunopress.it\\\/fr\\\/author\\\/redazione\\\/\"}]}<\/script>\n<!-- \/ Yoast SEO plugin. -->","yoast_head_json":{"title":"Crisi Wanbao. Incontro a Palazzo Chigi tra l'ambasciatore cinese e il consigliere diplomatico del presidente Conte - Bellunopress - Dolomiti","robots":{"index":"index","follow":"follow","max-snippet":"max-snippet:-1","max-image-preview":"max-image-preview:large","max-video-preview":"max-video-preview:-1"},"canonical":"https:\/\/www.bellunopress.it\/fr\/2019\/12\/12\/crisi-wanbao-incontro-a-palazzo-chigi-tra-lambasciatore-cinese-e-il-consigliere-diplomatico-del-presidente-conte\/","og_locale":"fr_FR","og_type":"article","og_title":"Crisi Wanbao. Incontro a Palazzo Chigi tra l'ambasciatore cinese e il consigliere diplomatico del presidente Conte - Bellunopress - Dolomiti","og_description":"Roma, 12 dicembre 2019\u00a0 &#8211;\u00a0 &#8220;Nell&#8217;incontro di questa mattina tra l&#8217;ambasciatore cinese in Italia Li Junhua e il consigliere diplomatico del presidente Conte, Pietro Benassi \u00e8 stata rappresentata la forte sensibilit\u00e0 del nostro governo sulla vicenda legata allo stabilimento Wanbao di Mel. Il presidente del Consiglio sta seguendo da vicino e con estrema attenzione le [&hellip;]","og_url":"https:\/\/www.bellunopress.it\/fr\/2019\/12\/12\/crisi-wanbao-incontro-a-palazzo-chigi-tra-lambasciatore-cinese-e-il-consigliere-diplomatico-del-presidente-conte\/","og_site_name":"Bellunopress - Dolomiti","article_publisher":"https:\/\/www.facebook.com\/profile.php?id=100008943462799","article_published_time":"2019-12-12T15:39:28+00:00","og_image":[{"url":"http:\/\/www.bellunopress.it\/wp-content\/uploads\/2017\/02\/federico-dinca\u00ec-1.jpg","type":"","width":"","height":""}],"author":"redazione","twitter_card":"summary_large_image","twitter_creator":"@bellunopress","twitter_site":"@bellunopress","twitter_misc":{"\u00c9crit par":"redazione","Dur\u00e9e de lecture estim\u00e9e":"1 minute"},"schema":{"@context":"https:\/\/schema.org","@graph":[{"@type":"Article","@id":"https:\/\/www.bellunopress.it\/2019\/12\/12\/crisi-wanbao-incontro-a-palazzo-chigi-tra-lambasciatore-cinese-e-il-consigliere-diplomatico-del-presidente-conte\/#article","isPartOf":{"@id":"https:\/\/www.bellunopress.it\/2019\/12\/12\/crisi-wanbao-incontro-a-palazzo-chigi-tra-lambasciatore-cinese-e-il-consigliere-diplomatico-del-presidente-conte\/"},"author":{"name":"redazione","@id":"https:\/\/www.bellunopress.it\/#\/schema\/person\/79bb06722b37ece1c03d3e94beb30d73"},"headline":"Crisi Wanbao. Incontro a Palazzo Chigi tra l&#8217;ambasciatore cinese e il consigliere diplomatico del presidente Conte","datePublished":"2019-12-12T15:39:28+00:00","mainEntityOfPage":{"@id":"https:\/\/www.bellunopress.it\/2019\/12\/12\/crisi-wanbao-incontro-a-palazzo-chigi-tra-lambasciatore-cinese-e-il-consigliere-diplomatico-del-presidente-conte\/"},"wordCount":260,"publisher":{"@id":"https:\/\/www.bellunopress.it\/#organization"},"articleSection":["Cronaca\/Politica","Lavoro, Economia, Turismo","Prima Pagina"],"inLanguage":"fr-FR"},{"@type":"WebPage","@id":"https:\/\/www.bellunopress.it\/2019\/12\/12\/crisi-wanbao-incontro-a-palazzo-chigi-tra-lambasciatore-cinese-e-il-consigliere-diplomatico-del-presidente-conte\/","url":"https:\/\/www.bellunopress.it\/2019\/12\/12\/crisi-wanbao-incontro-a-palazzo-chigi-tra-lambasciatore-cinese-e-il-consigliere-diplomatico-del-presidente-conte\/","name":"Crisi Wanbao. Incontro a Palazzo Chigi tra l'ambasciatore cinese e il consigliere diplomatico del presidente Conte - Bellunopress - Dolomiti","isPartOf":{"@id":"https:\/\/www.bellunopress.it\/#website"},"datePublished":"2019-12-12T15:39:28+00:00","breadcrumb":{"@id":"https:\/\/www.bellunopress.it\/2019\/12\/12\/crisi-wanbao-incontro-a-palazzo-chigi-tra-lambasciatore-cinese-e-il-consigliere-diplomatico-del-presidente-conte\/#breadcrumb"},"inLanguage":"fr-FR","potentialAction":[{"@type":"ReadAction","target":["https:\/\/www.bellunopress.it\/2019\/12\/12\/crisi-wanbao-incontro-a-palazzo-chigi-tra-lambasciatore-cinese-e-il-consigliere-diplomatico-del-presidente-conte\/"]}]},{"@type":"BreadcrumbList","@id":"https:\/\/www.bellunopress.it\/2019\/12\/12\/crisi-wanbao-incontro-a-palazzo-chigi-tra-lambasciatore-cinese-e-il-consigliere-diplomatico-del-presidente-conte\/#breadcrumb","itemListElement":[{"@type":"ListItem","position":1,"name":"Home","item":"https:\/\/www.bellunopress.it\/"},{"@type":"ListItem","position":2,"name":"Crisi Wanbao. Incontro a Palazzo Chigi tra l&#8217;ambasciatore cinese e il consigliere diplomatico del presidente Conte"}]},{"@type":"WebSite","@id":"https:\/\/www.bellunopress.it\/#website","url":"https:\/\/www.bellunopress.it\/","name":"Bellunopress - Dolomiti","description":"e-mail: redazione@bellunopress.it","publisher":{"@id":"https:\/\/www.bellunopress.it\/#organization"},"potentialAction":[{"@type":"SearchAction","target":{"@type":"EntryPoint","urlTemplate":"https:\/\/www.bellunopress.it\/?s={search_term_string}"},"query-input":{"@type":"PropertyValueSpecification","valueRequired":true,"valueName":"search_term_string"}}],"inLanguage":"fr-FR"},{"@type":"Organization","@id":"https:\/\/www.bellunopress.it\/#organization","name":"Bellunopress","url":"https:\/\/www.bellunopress.it\/","logo":{"@type":"ImageObject","inLanguage":"fr-FR","@id":"https:\/\/www.bellunopress.it\/#\/schema\/logo\/image\/","url":"https:\/\/www.bellunopress.it\/wp-content\/uploads\/2011\/05\/cropped-logo-bellunopress-.jpg","contentUrl":"https:\/\/www.bellunopress.it\/wp-content\/uploads\/2011\/05\/cropped-logo-bellunopress-.jpg","width":512,"height":512,"caption":"Bellunopress"},"image":{"@id":"https:\/\/www.bellunopress.it\/#\/schema\/logo\/image\/"},"sameAs":["https:\/\/www.facebook.com\/profile.php?id=100008943462799","https:\/\/x.com\/bellunopress","https:\/\/www.linkedin.com\/hp\/?dnr=JBzUWaJfMUw8vbXJJ2tVW5-I3jZKvC4wsoxE&amp;amp;amp;amp;amp;amp;trk=nav_responsive_tab_home","https:\/\/www.youtube.com\/channel\/UCxL0wu1uN0_3_7hGG0306cw"]},{"@type":"Person","@id":"https:\/\/www.bellunopress.it\/#\/schema\/person\/79bb06722b37ece1c03d3e94beb30d73","name":"r\u00e9daction","image":{"@type":"ImageObject","inLanguage":"fr-FR","@id":"https:\/\/secure.gravatar.com\/avatar\/37d968a2e67a6fd04c169c4bdef102d0bc5d31b2546345219e348575eb80e9a0?s=96&d=mm&r=g","url":"https:\/\/secure.gravatar.com\/avatar\/37d968a2e67a6fd04c169c4bdef102d0bc5d31b2546345219e348575eb80e9a0?s=96&d=mm&r=g","contentUrl":"https:\/\/secure.gravatar.com\/avatar\/37d968a2e67a6fd04c169c4bdef102d0bc5d31b2546345219e348575eb80e9a0?s=96&d=mm&r=g","caption":"redazione"},"sameAs":["http:\/\/www.bellunopress.it","https:\/\/x.com\/bellunopress"],"url":"https:\/\/www.bellunopress.it\/fr\/author\/redazione\/"}]}},"_links":{"self":[{"href":"https:\/\/www.bellunopress.it\/fr\/wp-json\/wp\/v2\/posts\/110380","targetHints":{"allow":["GET"]}}],"collection":[{"href":"https:\/\/www.bellunopress.it\/fr\/wp-json\/wp\/v2\/posts"}],"about":[{"href":"https:\/\/www.bellunopress.it\/fr\/wp-json\/wp\/v2\/types\/post"}],"author":[{"embeddable":true,"href":"https:\/\/www.bellunopress.it\/fr\/wp-json\/wp\/v2\/users\/2"}],"replies":[{"embeddable":true,"href":"https:\/\/www.bellunopress.it\/fr\/wp-json\/wp\/v2\/comments?post=110380"}],"version-history":[{"count":1,"href":"https:\/\/www.bellunopress.it\/fr\/wp-json\/wp\/v2\/posts\/110380\/revisions"}],"predecessor-version":[{"id":110381,"href":"https:\/\/www.bellunopress.it\/fr\/wp-json\/wp\/v2\/posts\/110380\/revisions\/110381"}],"wp:attachment":[{"href":"https:\/\/www.bellunopress.it\/fr\/wp-json\/wp\/v2\/media?parent=110380"}],"wp:term":[{"taxonomy":"category","embeddable":true,"href":"https:\/\/www.bellunopress.it\/fr\/wp-json\/wp\/v2\/categories?post=110380"},{"taxonomy":"post_tag","embeddable":true,"href":"https:\/\/www.bellunopress.it\/fr\/wp-json\/wp\/v2\/tags?post=110380"}],"curies":[{"name":"wp","href":"https:\/\/api.w.org\/{rel}","templated":true}]}}