{"id":110372,"date":"2019-12-12T14:20:39","date_gmt":"2019-12-12T13:20:39","guid":{"rendered":"http:\/\/www.bellunopress.it\/?p=110372"},"modified":"2019-12-12T15:25:32","modified_gmt":"2019-12-12T14:25:32","slug":"sessantacinque-anni-fa-nasceva-il-corpo-nazionale-del-soccorso-alpino","status":"publish","type":"post","link":"https:\/\/www.bellunopress.it\/fr\/2019\/12\/12\/sessantacinque-anni-fa-nasceva-il-corpo-nazionale-del-soccorso-alpino\/","title":{"rendered":"Sessantacinque anni fa nasceva il Corpo nazionale del Soccorso alpino"},"content":{"rendered":"<p><a href=\"http:\/\/www.bellunopress.it\/fr\/2019\/12\/12\/sessantacinque-anni-fa-nasceva-il-corpo-nazionale-del-soccorso-alpino\/soccorso-alpino-1954\/\" rel=\"attachment wp-att-110373\"><img loading=\"lazy\" decoding=\"async\" class=\"alignleft size-full wp-image-110373\" src=\"http:\/\/www.bellunopress.it\/wp-content\/uploads\/2019\/12\/Soccorso-alpino-1954.jpg\" alt=\"\" width=\"300\" height=\"215\" \/><\/a>Il 12 dicembre 1954 il Consiglio Centrale del Club Alpino Italiano costituiva il Corpo Soccorso Alpino: la realt\u00e0 che in breve sarebbe diventata il Corpo Nazionale Soccorso Alpino e Speleologico (CNSAS). Si dava per la prima volta un&#8217;organizzazione strutturata a livello nazionale per istituzionalizzare le forme di aiuto e solidariet\u00e0 da sempre presenti nelle comunit\u00e0 di montagna.<\/p>\n<p>Sono passati sessantacinque anni da quel giorno, e il Soccorso Alpino e Speleologico festeggia oggi questo lungo percorso. Una crescita costante, sin dagli albori, realizzata grazie all&#8217;impegno, alla passione e alla dedizione dei suoi componenti. La pionieristica organizzazione di un tempo \u00e8 via via cresciuta nella propria istituzionalizzazione, divenendo il punto di riferimento a livello nazionale per il soccorso in montagna, in ambiente ipogeo e, in genere, per il soccorso in ambiente ostile e impervio. Un servizio fondamentale per il Paese e per le sue comunit\u00e0, soprattutto quelle delle aree interne e montane, spesso le pi\u00f9 fragili e bisognose.<\/p>\n<p><strong>IL QUADRO LEGISLATIVO E NORMATIVO<\/strong><\/p>\n<p>Questo ruolo \u00e8 stato riconosciuto e affidato dallo Stato con numerose leggi, i cui principi hanno ben interpretato quella sussidiariet\u00e0 verticale che da sempre le comunit\u00e0 della montagna hanno saputo attuare sin dai tempi pi\u00f9 remoti. Ricordiamo, in particolare, nel vigente ordinamento, la legge 91 del 26 gennaio 1963, la legge 74 del 21 marzo 2001, la legge 289 del 27 dicembre 2002 e la legge 26 del 26 febbraio 2010. Una normativa di assoluto rilievo che \u00e8 stata anche recepita dalle Regioni e Provincie autonome per la disciplina e l&#8217;organizzazione dei servizi di soccorso e elisoccorso.<br \/>\nIl Corpo Nazionale Soccorso Alpino e Speleologico \u00e8 anche struttura operativa del Servizio nazionale della Protezione Civile (D.lgs. 2 gennaio 2018, n. 1): \u00e8 stato protagonista in tutte le operazioni di soccorso successive alle grandi calamit\u00e0 che in questi anni, purtroppo, hanno colpito la nostra nazione.<\/p>\n<p><strong>NUMERI E STATISTICHE<\/strong><\/p>\n<p>Il Soccorso Alpino e Speleologico \u00e8 una realt\u00e0 presente su tutto il territorio nazionale: conta quasi 7mila tecnici, donne e uomini che dedicano il loro tempo, dopo una complessa formazione, per essere sempre pronti a intervenire, giorno e notte, 365 giorni all&#8217;anno.<br \/>\nCon questo impegno severo che si \u00e8 sviluppato di anno in anno, sino ad oggi, il CNSAS dalla fondazione ha alla fine 169.836 missioni di soccorso traendo in salvo o recuperando 186.564 persone, di cui 58.820 illesi che si trovavano in imminente pericolo di vita o in forte difficolt\u00e0 tecnica, 109.891 feriti con vari codici di gravit\u00e0, 15.711 persone decedute e ricercando 2.051 persone disperse (dati al 31.12.2018).<br \/>\nNel 2018 si \u00e8 registrato il numero &#8220;record&#8221; di interventi, su base annuale: 9554 missioni di soccorso. Il 2019 dovrebbe attestarsi su numeri simili.<\/p>\n<p><strong>IL PENSIERO ALLE FAMIGLIE E AI CADUTI<\/strong><\/p>\n<p>&#8220;In occasione del 65\u00b0 anniversario di fondazione del Corpo, la Direzione Nazionale del CNSAS e tutte le strutture regionali vogliono ricordare i soccorritori, le loro famiglie, che si sono impegnati e si impegnano ogni giorno, senza soluzione di continuit\u00e0 e con marcati coefficienti di rischio, per garantire un pubblico servizio, che viene reso in stretta sinergia con il &#8220;sistema 118 \u2013 dichiara Maurizio Dellantonio, il Presidente Nazionale del Soccorso Alpino e Speleologico -. Un pensiero particolare va ai nostri caduti, che hanno perso la vita in operazioni di soccorso, e alle loro famiglie: una vicinanza che viene mai meno. \u00c8 a loro che dedichiamo questo anniversario e nel loro ricordo continua il nostro impegno a favore delle comunit\u00e0 e degli utenti della montagna&#8221;.<\/p>\n<p><strong>LE ORIGINI DEL SOCCORSO ALPINO E SPELEOLOGICO VENETO<\/strong><\/p>\n<p>A Cortina nel 1902 si parlava gi\u00e0 di &#8216;Stazioni di salvataggio&#8217;, nel 1926 nasce a Torino il &#8216;Comitato di soccorso per le disgrazie alpine&#8217; e nel 1932 il Club alpino italiano avvia le Stazioni di soccorso di 1\u00b0 e 2\u00b0 grado, ma \u00e8 solo nel 1954, il 4 settembre, che durante una riunione del Cai a Bognanco (VB) vengono istituite le prime 26 Stazioni del Soccorso alpino, delle quali 11 in Veneto: Agordo, Arsiero, Auronzo, Belluno, Cortina d&#8217;Ampezzo, Feltre, Padola (poi Val Comelico), Pieve di Cadore, San Vito di Cadore, Sappada, Schio e Valdagno. Il 12 dicembre 1954 a Clusone (BG) la Commissione soccorsi alpini si trasforma in una Direzione del Csa, Corpo di soccorso alpino, che raccoglie in un&#8217;unica organizzazione tutte le strutture esistenti. Vengono istituite le prime Delegazioni l\u00e0 dove il Soccorso alpino aveva assunto forme pi\u00f9 organizzate e in particolare quelle di Tarvisio (UD), Belluno, Trento, Edolo (BS), Bergamo, Sondrio, Borgosesia (VC), Aosta e Domodossola (Verbano &#8211; Cusio &#8211; Ossola). Oggi il Soccorso alpino e speleologico Veneto contra tre Delegazioni, II Dolomiti Bellunesi, XI Prealpi Venete, VI Speleologica e 672 volontari e nelle tre basi di elisoccorso di Pieve di Cadore, Treviso e Verona quotidianamente \u00e8 presente un tecnico del Soccorso alpino che affianca l&#8217;equipaggio negli interventi in montagna o luoghi impervi.<\/p>","protected":false},"excerpt":{"rendered":"<p>Il 12 dicembre 1954 il Consiglio Centrale del Club Alpino Italiano costituiva il Corpo Soccorso Alpino: la realt\u00e0 che in breve sarebbe diventata il Corpo Nazionale Soccorso Alpino e Speleologico (CNSAS). Si dava per la prima volta un&#8217;organizzazione strutturata a livello nazionale per istituzionalizzare le forme di aiuto e solidariet\u00e0 da sempre presenti nelle comunit\u00e0 [&hellip;]<\/p>\n","protected":false},"author":2,"featured_media":0,"comment_status":"closed","ping_status":"open","sticky":false,"template":"","format":"standard","meta":{"footnotes":""},"categories":[36,26,8],"tags":[],"class_list":["post-110372","post","type-post","status-publish","format-standard","category-lavoro-economia","category-prima-pagina","category-societa-istituzioni"],"yoast_head":"<!-- This site is optimized with the Yoast SEO plugin v28.4 - https:\/\/yoast.com\/product\/yoast-seo-wordpress\/ -->\n<title>Sessantacinque anni fa nasceva il Corpo nazionale del Soccorso alpino - Bellunopress - Dolomiti<\/title>\n<meta name=\"robots\" content=\"index, follow, max-snippet:-1, max-image-preview:large, max-video-preview:-1\" \/>\n<link rel=\"canonical\" href=\"https:\/\/www.bellunopress.it\/fr\/2019\/12\/12\/sessantacinque-anni-fa-nasceva-il-corpo-nazionale-del-soccorso-alpino\/\" \/>\n<meta property=\"og:locale\" content=\"fr_FR\" \/>\n<meta property=\"og:type\" content=\"article\" \/>\n<meta property=\"og:title\" content=\"Sessantacinque anni fa nasceva il Corpo nazionale del Soccorso alpino - Bellunopress - Dolomiti\" \/>\n<meta property=\"og:description\" content=\"Il 12 dicembre 1954 il Consiglio Centrale del Club Alpino Italiano costituiva il Corpo Soccorso Alpino: la realt\u00e0 che in breve sarebbe diventata il Corpo Nazionale Soccorso Alpino e Speleologico (CNSAS). Si dava per la prima volta un&#8217;organizzazione strutturata a livello nazionale per istituzionalizzare le forme di aiuto e solidariet\u00e0 da sempre presenti nelle comunit\u00e0 [&hellip;]\" \/>\n<meta property=\"og:url\" content=\"https:\/\/www.bellunopress.it\/fr\/2019\/12\/12\/sessantacinque-anni-fa-nasceva-il-corpo-nazionale-del-soccorso-alpino\/\" \/>\n<meta property=\"og:site_name\" content=\"Bellunopress - Dolomiti\" \/>\n<meta property=\"article:publisher\" content=\"https:\/\/www.facebook.com\/profile.php?id=100008943462799\" \/>\n<meta property=\"article:published_time\" content=\"2019-12-12T13:20:39+00:00\" \/>\n<meta property=\"article:modified_time\" content=\"2019-12-12T14:25:32+00:00\" \/>\n<meta property=\"og:image\" content=\"http:\/\/www.bellunopress.it\/wp-content\/uploads\/2019\/12\/Soccorso-alpino-1954.jpg\" \/>\n<meta name=\"author\" content=\"redazione\" \/>\n<meta name=\"twitter:card\" content=\"summary_large_image\" \/>\n<meta name=\"twitter:creator\" content=\"@bellunopress\" \/>\n<meta name=\"twitter:site\" content=\"@bellunopress\" \/>\n<meta name=\"twitter:label1\" content=\"\u00c9crit par\" \/>\n\t<meta name=\"twitter:data1\" content=\"redazione\" \/>\n\t<meta name=\"twitter:label2\" content=\"Dur\u00e9e de lecture estim\u00e9e\" \/>\n\t<meta name=\"twitter:data2\" content=\"4 minutes\" \/>\n<script type=\"application\/ld+json\" class=\"yoast-schema-graph\">{\"@context\":\"https:\\\/\\\/schema.org\",\"@graph\":[{\"@type\":\"Article\",\"@id\":\"https:\\\/\\\/www.bellunopress.it\\\/2019\\\/12\\\/12\\\/sessantacinque-anni-fa-nasceva-il-corpo-nazionale-del-soccorso-alpino\\\/#article\",\"isPartOf\":{\"@id\":\"https:\\\/\\\/www.bellunopress.it\\\/2019\\\/12\\\/12\\\/sessantacinque-anni-fa-nasceva-il-corpo-nazionale-del-soccorso-alpino\\\/\"},\"author\":{\"name\":\"redazione\",\"@id\":\"https:\\\/\\\/www.bellunopress.it\\\/#\\\/schema\\\/person\\\/79bb06722b37ece1c03d3e94beb30d73\"},\"headline\":\"Sessantacinque anni fa nasceva il Corpo nazionale del Soccorso alpino\",\"datePublished\":\"2019-12-12T13:20:39+00:00\",\"dateModified\":\"2019-12-12T14:25:32+00:00\",\"mainEntityOfPage\":{\"@id\":\"https:\\\/\\\/www.bellunopress.it\\\/2019\\\/12\\\/12\\\/sessantacinque-anni-fa-nasceva-il-corpo-nazionale-del-soccorso-alpino\\\/\"},\"wordCount\":758,\"publisher\":{\"@id\":\"https:\\\/\\\/www.bellunopress.it\\\/#organization\"},\"image\":{\"@id\":\"https:\\\/\\\/www.bellunopress.it\\\/2019\\\/12\\\/12\\\/sessantacinque-anni-fa-nasceva-il-corpo-nazionale-del-soccorso-alpino\\\/#primaryimage\"},\"thumbnailUrl\":\"http:\\\/\\\/www.bellunopress.it\\\/wp-content\\\/uploads\\\/2019\\\/12\\\/Soccorso-alpino-1954.jpg\",\"articleSection\":[\"Lavoro, Economia, Turismo\",\"Prima Pagina\",\"Societ\u00e0, Associazioni, Istituzioni\"],\"inLanguage\":\"fr-FR\"},{\"@type\":\"WebPage\",\"@id\":\"https:\\\/\\\/www.bellunopress.it\\\/2019\\\/12\\\/12\\\/sessantacinque-anni-fa-nasceva-il-corpo-nazionale-del-soccorso-alpino\\\/\",\"url\":\"https:\\\/\\\/www.bellunopress.it\\\/2019\\\/12\\\/12\\\/sessantacinque-anni-fa-nasceva-il-corpo-nazionale-del-soccorso-alpino\\\/\",\"name\":\"Sessantacinque anni fa nasceva il Corpo nazionale del Soccorso alpino - Bellunopress - Dolomiti\",\"isPartOf\":{\"@id\":\"https:\\\/\\\/www.bellunopress.it\\\/#website\"},\"primaryImageOfPage\":{\"@id\":\"https:\\\/\\\/www.bellunopress.it\\\/2019\\\/12\\\/12\\\/sessantacinque-anni-fa-nasceva-il-corpo-nazionale-del-soccorso-alpino\\\/#primaryimage\"},\"image\":{\"@id\":\"https:\\\/\\\/www.bellunopress.it\\\/2019\\\/12\\\/12\\\/sessantacinque-anni-fa-nasceva-il-corpo-nazionale-del-soccorso-alpino\\\/#primaryimage\"},\"thumbnailUrl\":\"http:\\\/\\\/www.bellunopress.it\\\/wp-content\\\/uploads\\\/2019\\\/12\\\/Soccorso-alpino-1954.jpg\",\"datePublished\":\"2019-12-12T13:20:39+00:00\",\"dateModified\":\"2019-12-12T14:25:32+00:00\",\"breadcrumb\":{\"@id\":\"https:\\\/\\\/www.bellunopress.it\\\/2019\\\/12\\\/12\\\/sessantacinque-anni-fa-nasceva-il-corpo-nazionale-del-soccorso-alpino\\\/#breadcrumb\"},\"inLanguage\":\"fr-FR\",\"potentialAction\":[{\"@type\":\"ReadAction\",\"target\":[\"https:\\\/\\\/www.bellunopress.it\\\/2019\\\/12\\\/12\\\/sessantacinque-anni-fa-nasceva-il-corpo-nazionale-del-soccorso-alpino\\\/\"]}]},{\"@type\":\"ImageObject\",\"inLanguage\":\"fr-FR\",\"@id\":\"https:\\\/\\\/www.bellunopress.it\\\/2019\\\/12\\\/12\\\/sessantacinque-anni-fa-nasceva-il-corpo-nazionale-del-soccorso-alpino\\\/#primaryimage\",\"url\":\"http:\\\/\\\/www.bellunopress.it\\\/wp-content\\\/uploads\\\/2019\\\/12\\\/Soccorso-alpino-1954.jpg\",\"contentUrl\":\"http:\\\/\\\/www.bellunopress.it\\\/wp-content\\\/uploads\\\/2019\\\/12\\\/Soccorso-alpino-1954.jpg\"},{\"@type\":\"BreadcrumbList\",\"@id\":\"https:\\\/\\\/www.bellunopress.it\\\/2019\\\/12\\\/12\\\/sessantacinque-anni-fa-nasceva-il-corpo-nazionale-del-soccorso-alpino\\\/#breadcrumb\",\"itemListElement\":[{\"@type\":\"ListItem\",\"position\":1,\"name\":\"Home\",\"item\":\"https:\\\/\\\/www.bellunopress.it\\\/\"},{\"@type\":\"ListItem\",\"position\":2,\"name\":\"Sessantacinque anni fa nasceva il Corpo nazionale del Soccorso alpino\"}]},{\"@type\":\"WebSite\",\"@id\":\"https:\\\/\\\/www.bellunopress.it\\\/#website\",\"url\":\"https:\\\/\\\/www.bellunopress.it\\\/\",\"name\":\"Bellunopress - Dolomiti\",\"description\":\"e-mail: redazione@bellunopress.it\",\"publisher\":{\"@id\":\"https:\\\/\\\/www.bellunopress.it\\\/#organization\"},\"potentialAction\":[{\"@type\":\"SearchAction\",\"target\":{\"@type\":\"EntryPoint\",\"urlTemplate\":\"https:\\\/\\\/www.bellunopress.it\\\/?s={search_term_string}\"},\"query-input\":{\"@type\":\"PropertyValueSpecification\",\"valueRequired\":true,\"valueName\":\"search_term_string\"}}],\"inLanguage\":\"fr-FR\"},{\"@type\":\"Organization\",\"@id\":\"https:\\\/\\\/www.bellunopress.it\\\/#organization\",\"name\":\"Bellunopress\",\"url\":\"https:\\\/\\\/www.bellunopress.it\\\/\",\"logo\":{\"@type\":\"ImageObject\",\"inLanguage\":\"fr-FR\",\"@id\":\"https:\\\/\\\/www.bellunopress.it\\\/#\\\/schema\\\/logo\\\/image\\\/\",\"url\":\"https:\\\/\\\/www.bellunopress.it\\\/wp-content\\\/uploads\\\/2011\\\/05\\\/cropped-logo-bellunopress-.jpg\",\"contentUrl\":\"https:\\\/\\\/www.bellunopress.it\\\/wp-content\\\/uploads\\\/2011\\\/05\\\/cropped-logo-bellunopress-.jpg\",\"width\":512,\"height\":512,\"caption\":\"Bellunopress\"},\"image\":{\"@id\":\"https:\\\/\\\/www.bellunopress.it\\\/#\\\/schema\\\/logo\\\/image\\\/\"},\"sameAs\":[\"https:\\\/\\\/www.facebook.com\\\/profile.php?id=100008943462799\",\"https:\\\/\\\/x.com\\\/bellunopress\",\"https:\\\/\\\/www.linkedin.com\\\/hp\\\/?dnr=JBzUWaJfMUw8vbXJJ2tVW5-I3jZKvC4wsoxE&amp;amp;amp;amp;amp;amp;trk=nav_responsive_tab_home\",\"https:\\\/\\\/www.youtube.com\\\/channel\\\/UCxL0wu1uN0_3_7hGG0306cw\"]},{\"@type\":\"Person\",\"@id\":\"https:\\\/\\\/www.bellunopress.it\\\/#\\\/schema\\\/person\\\/79bb06722b37ece1c03d3e94beb30d73\",\"name\":\"redazione\",\"image\":{\"@type\":\"ImageObject\",\"inLanguage\":\"fr-FR\",\"@id\":\"https:\\\/\\\/secure.gravatar.com\\\/avatar\\\/37d968a2e67a6fd04c169c4bdef102d0bc5d31b2546345219e348575eb80e9a0?s=96&d=mm&r=g\",\"url\":\"https:\\\/\\\/secure.gravatar.com\\\/avatar\\\/37d968a2e67a6fd04c169c4bdef102d0bc5d31b2546345219e348575eb80e9a0?s=96&d=mm&r=g\",\"contentUrl\":\"https:\\\/\\\/secure.gravatar.com\\\/avatar\\\/37d968a2e67a6fd04c169c4bdef102d0bc5d31b2546345219e348575eb80e9a0?s=96&d=mm&r=g\",\"caption\":\"redazione\"},\"sameAs\":[\"http:\\\/\\\/www.bellunopress.it\",\"https:\\\/\\\/x.com\\\/bellunopress\"],\"url\":\"https:\\\/\\\/www.bellunopress.it\\\/fr\\\/author\\\/redazione\\\/\"}]}<\/script>\n<!-- \/ Yoast SEO plugin. -->","yoast_head_json":{"title":"Sessantacinque anni fa nasceva il Corpo nazionale del Soccorso alpino - Bellunopress - Dolomiti","robots":{"index":"index","follow":"follow","max-snippet":"max-snippet:-1","max-image-preview":"max-image-preview:large","max-video-preview":"max-video-preview:-1"},"canonical":"https:\/\/www.bellunopress.it\/fr\/2019\/12\/12\/sessantacinque-anni-fa-nasceva-il-corpo-nazionale-del-soccorso-alpino\/","og_locale":"fr_FR","og_type":"article","og_title":"Sessantacinque anni fa nasceva il Corpo nazionale del Soccorso alpino - Bellunopress - Dolomiti","og_description":"Il 12 dicembre 1954 il Consiglio Centrale del Club Alpino Italiano costituiva il Corpo Soccorso Alpino: la realt\u00e0 che in breve sarebbe diventata il Corpo Nazionale Soccorso Alpino e Speleologico (CNSAS). Si dava per la prima volta un&#8217;organizzazione strutturata a livello nazionale per istituzionalizzare le forme di aiuto e solidariet\u00e0 da sempre presenti nelle comunit\u00e0 [&hellip;]","og_url":"https:\/\/www.bellunopress.it\/fr\/2019\/12\/12\/sessantacinque-anni-fa-nasceva-il-corpo-nazionale-del-soccorso-alpino\/","og_site_name":"Bellunopress - Dolomiti","article_publisher":"https:\/\/www.facebook.com\/profile.php?id=100008943462799","article_published_time":"2019-12-12T13:20:39+00:00","article_modified_time":"2019-12-12T14:25:32+00:00","og_image":[{"url":"http:\/\/www.bellunopress.it\/wp-content\/uploads\/2019\/12\/Soccorso-alpino-1954.jpg","type":"","width":"","height":""}],"author":"redazione","twitter_card":"summary_large_image","twitter_creator":"@bellunopress","twitter_site":"@bellunopress","twitter_misc":{"\u00c9crit par":"redazione","Dur\u00e9e de lecture estim\u00e9e":"4 minutes"},"schema":{"@context":"https:\/\/schema.org","@graph":[{"@type":"Article","@id":"https:\/\/www.bellunopress.it\/2019\/12\/12\/sessantacinque-anni-fa-nasceva-il-corpo-nazionale-del-soccorso-alpino\/#article","isPartOf":{"@id":"https:\/\/www.bellunopress.it\/2019\/12\/12\/sessantacinque-anni-fa-nasceva-il-corpo-nazionale-del-soccorso-alpino\/"},"author":{"name":"redazione","@id":"https:\/\/www.bellunopress.it\/#\/schema\/person\/79bb06722b37ece1c03d3e94beb30d73"},"headline":"Sessantacinque anni fa nasceva il Corpo nazionale del Soccorso alpino","datePublished":"2019-12-12T13:20:39+00:00","dateModified":"2019-12-12T14:25:32+00:00","mainEntityOfPage":{"@id":"https:\/\/www.bellunopress.it\/2019\/12\/12\/sessantacinque-anni-fa-nasceva-il-corpo-nazionale-del-soccorso-alpino\/"},"wordCount":758,"publisher":{"@id":"https:\/\/www.bellunopress.it\/#organization"},"image":{"@id":"https:\/\/www.bellunopress.it\/2019\/12\/12\/sessantacinque-anni-fa-nasceva-il-corpo-nazionale-del-soccorso-alpino\/#primaryimage"},"thumbnailUrl":"http:\/\/www.bellunopress.it\/wp-content\/uploads\/2019\/12\/Soccorso-alpino-1954.jpg","articleSection":["Lavoro, Economia, Turismo","Prima Pagina","Societ\u00e0, Associazioni, Istituzioni"],"inLanguage":"fr-FR"},{"@type":"WebPage","@id":"https:\/\/www.bellunopress.it\/2019\/12\/12\/sessantacinque-anni-fa-nasceva-il-corpo-nazionale-del-soccorso-alpino\/","url":"https:\/\/www.bellunopress.it\/2019\/12\/12\/sessantacinque-anni-fa-nasceva-il-corpo-nazionale-del-soccorso-alpino\/","name":"Sessantacinque anni fa nasceva il Corpo nazionale del Soccorso alpino - Bellunopress - Dolomiti","isPartOf":{"@id":"https:\/\/www.bellunopress.it\/#website"},"primaryImageOfPage":{"@id":"https:\/\/www.bellunopress.it\/2019\/12\/12\/sessantacinque-anni-fa-nasceva-il-corpo-nazionale-del-soccorso-alpino\/#primaryimage"},"image":{"@id":"https:\/\/www.bellunopress.it\/2019\/12\/12\/sessantacinque-anni-fa-nasceva-il-corpo-nazionale-del-soccorso-alpino\/#primaryimage"},"thumbnailUrl":"http:\/\/www.bellunopress.it\/wp-content\/uploads\/2019\/12\/Soccorso-alpino-1954.jpg","datePublished":"2019-12-12T13:20:39+00:00","dateModified":"2019-12-12T14:25:32+00:00","breadcrumb":{"@id":"https:\/\/www.bellunopress.it\/2019\/12\/12\/sessantacinque-anni-fa-nasceva-il-corpo-nazionale-del-soccorso-alpino\/#breadcrumb"},"inLanguage":"fr-FR","potentialAction":[{"@type":"ReadAction","target":["https:\/\/www.bellunopress.it\/2019\/12\/12\/sessantacinque-anni-fa-nasceva-il-corpo-nazionale-del-soccorso-alpino\/"]}]},{"@type":"ImageObject","inLanguage":"fr-FR","@id":"https:\/\/www.bellunopress.it\/2019\/12\/12\/sessantacinque-anni-fa-nasceva-il-corpo-nazionale-del-soccorso-alpino\/#primaryimage","url":"http:\/\/www.bellunopress.it\/wp-content\/uploads\/2019\/12\/Soccorso-alpino-1954.jpg","contentUrl":"http:\/\/www.bellunopress.it\/wp-content\/uploads\/2019\/12\/Soccorso-alpino-1954.jpg"},{"@type":"BreadcrumbList","@id":"https:\/\/www.bellunopress.it\/2019\/12\/12\/sessantacinque-anni-fa-nasceva-il-corpo-nazionale-del-soccorso-alpino\/#breadcrumb","itemListElement":[{"@type":"ListItem","position":1,"name":"Home","item":"https:\/\/www.bellunopress.it\/"},{"@type":"ListItem","position":2,"name":"Sessantacinque anni fa nasceva il Corpo nazionale del Soccorso alpino"}]},{"@type":"WebSite","@id":"https:\/\/www.bellunopress.it\/#website","url":"https:\/\/www.bellunopress.it\/","name":"Bellunopress - Dolomiti","description":"e-mail: redazione@bellunopress.it","publisher":{"@id":"https:\/\/www.bellunopress.it\/#organization"},"potentialAction":[{"@type":"SearchAction","target":{"@type":"EntryPoint","urlTemplate":"https:\/\/www.bellunopress.it\/?s={search_term_string}"},"query-input":{"@type":"PropertyValueSpecification","valueRequired":true,"valueName":"search_term_string"}}],"inLanguage":"fr-FR"},{"@type":"Organization","@id":"https:\/\/www.bellunopress.it\/#organization","name":"Bellunopress","url":"https:\/\/www.bellunopress.it\/","logo":{"@type":"ImageObject","inLanguage":"fr-FR","@id":"https:\/\/www.bellunopress.it\/#\/schema\/logo\/image\/","url":"https:\/\/www.bellunopress.it\/wp-content\/uploads\/2011\/05\/cropped-logo-bellunopress-.jpg","contentUrl":"https:\/\/www.bellunopress.it\/wp-content\/uploads\/2011\/05\/cropped-logo-bellunopress-.jpg","width":512,"height":512,"caption":"Bellunopress"},"image":{"@id":"https:\/\/www.bellunopress.it\/#\/schema\/logo\/image\/"},"sameAs":["https:\/\/www.facebook.com\/profile.php?id=100008943462799","https:\/\/x.com\/bellunopress","https:\/\/www.linkedin.com\/hp\/?dnr=JBzUWaJfMUw8vbXJJ2tVW5-I3jZKvC4wsoxE&amp;amp;amp;amp;amp;amp;trk=nav_responsive_tab_home","https:\/\/www.youtube.com\/channel\/UCxL0wu1uN0_3_7hGG0306cw"]},{"@type":"Person","@id":"https:\/\/www.bellunopress.it\/#\/schema\/person\/79bb06722b37ece1c03d3e94beb30d73","name":"r\u00e9daction","image":{"@type":"ImageObject","inLanguage":"fr-FR","@id":"https:\/\/secure.gravatar.com\/avatar\/37d968a2e67a6fd04c169c4bdef102d0bc5d31b2546345219e348575eb80e9a0?s=96&d=mm&r=g","url":"https:\/\/secure.gravatar.com\/avatar\/37d968a2e67a6fd04c169c4bdef102d0bc5d31b2546345219e348575eb80e9a0?s=96&d=mm&r=g","contentUrl":"https:\/\/secure.gravatar.com\/avatar\/37d968a2e67a6fd04c169c4bdef102d0bc5d31b2546345219e348575eb80e9a0?s=96&d=mm&r=g","caption":"redazione"},"sameAs":["http:\/\/www.bellunopress.it","https:\/\/x.com\/bellunopress"],"url":"https:\/\/www.bellunopress.it\/fr\/author\/redazione\/"}]}},"_links":{"self":[{"href":"https:\/\/www.bellunopress.it\/fr\/wp-json\/wp\/v2\/posts\/110372","targetHints":{"allow":["GET"]}}],"collection":[{"href":"https:\/\/www.bellunopress.it\/fr\/wp-json\/wp\/v2\/posts"}],"about":[{"href":"https:\/\/www.bellunopress.it\/fr\/wp-json\/wp\/v2\/types\/post"}],"author":[{"embeddable":true,"href":"https:\/\/www.bellunopress.it\/fr\/wp-json\/wp\/v2\/users\/2"}],"replies":[{"embeddable":true,"href":"https:\/\/www.bellunopress.it\/fr\/wp-json\/wp\/v2\/comments?post=110372"}],"version-history":[{"count":2,"href":"https:\/\/www.bellunopress.it\/fr\/wp-json\/wp\/v2\/posts\/110372\/revisions"}],"predecessor-version":[{"id":110375,"href":"https:\/\/www.bellunopress.it\/fr\/wp-json\/wp\/v2\/posts\/110372\/revisions\/110375"}],"wp:attachment":[{"href":"https:\/\/www.bellunopress.it\/fr\/wp-json\/wp\/v2\/media?parent=110372"}],"wp:term":[{"taxonomy":"category","embeddable":true,"href":"https:\/\/www.bellunopress.it\/fr\/wp-json\/wp\/v2\/categories?post=110372"},{"taxonomy":"post_tag","embeddable":true,"href":"https:\/\/www.bellunopress.it\/fr\/wp-json\/wp\/v2\/tags?post=110372"}],"curies":[{"name":"wp","href":"https:\/\/api.w.org\/{rel}","templated":true}]}}