{"id":11037,"date":"2009-12-28T10:42:57","date_gmt":"2009-12-28T09:42:57","guid":{"rendered":"http:\/\/www.bellunopress.it\/?p=11037"},"modified":"2009-12-28T10:42:57","modified_gmt":"2009-12-28T09:42:57","slug":"la-regione-stanzia-18-milioni-di-euro-per-le-scuole-superiori-bellunesi","status":"publish","type":"post","link":"https:\/\/www.bellunopress.it\/fr\/2009\/12\/28\/la-regione-stanzia-18-milioni-di-euro-per-le-scuole-superiori-bellunesi\/","title":{"rendered":"La Regione stanzia 1,8 milioni di euro per le scuole superiori bellunesi"},"content":{"rendered":"<figure id=\"attachment_8475\" aria-describedby=\"caption-attachment-8475\" style=\"width: 270px\" class=\"wp-caption alignleft\"><a href=\"http:\/\/www.bellunopress.it\/wp-content\/uploads\/2009\/09\/istituto-tecnico-segato-001.jpg\"><img loading=\"lazy\" decoding=\"async\" class=\"size-medium wp-image-8475\" title=\"istituto-tecnico-segato-001\" src=\"http:\/\/www.bellunopress.it\/wp-content\/uploads\/2009\/09\/istituto-tecnico-segato-001.jpg\" alt=\"Itis &quot;G.Segato&quot; di Belluno\" width=\"270\" height=\"202\" \/><\/a><figcaption id=\"caption-attachment-8475\" class=\"wp-caption-text\">Itis <\/figcaption><\/figure>\n<p>L\u2019assessore ai Lavori pubblici, Massimo Giorgetti, ha firmato stamattina con\u00a0 la Provincia di Belluno l\u2019accordo di programma per un finanziamento di 1,8 milioni la ristrutturazione di alcune scuole secondarie di secondo grado. \u201cSiamo impegnati in prima linea &#8211; ricorda l\u2019assessore Massimo Giorgetti &#8211; ormai da parecchi anni nel miglioramento e nel potenziamento dei plessi scolastici delle nostre citt\u00e0 e delle nostre province. Crediamo che i ragazzi e i loro docenti debbano studiare in luoghi salubri, sicuri, attrezzati bene e soprattutto rispondenti alle esigenze di una didattica che si \u00e8 rinnovata ed \u00e8 oggi profondamente mutata rispetto al passato\u201d. Il finanziamento, cos\u00ec come proposto dalla Provincia di Belluno, servir\u00e0 per le ristrutturazioni dell\u2019Itis Segato di Belluno (771 mila euro), dell\u2019Istituto Agrario Della Lucia di Feltre (750 mila euro), istituto d\u2019Arte e Alberghiero Dolomieu di Cortina d\u2019Ampezzo (353 mila euro),\u00a0 \u201cVantiamo attualmente uno dei migliori patrimonio di edilizia scolastica del Paese e per continuare a essere efficienti nelle risposte e\u00a0 &#8211; conclude Massimo Giorgetti &#8211; efficaci nelle azioni \u00e8 stato concluso proprio in questi giorni il monitoraggio delle scuole venete cos\u00ec da individuare le risorse e programmare le opere future.\u201d<\/p>","protected":false},"excerpt":{"rendered":"<p>L\u2019assessore ai Lavori pubblici, Massimo Giorgetti, ha firmato stamattina con\u00a0 la Provincia di Belluno l\u2019accordo di programma per un finanziamento di 1,8 milioni la ristrutturazione di alcune scuole secondarie di secondo grado. \u201cSiamo impegnati in prima linea &#8211; ricorda l\u2019assessore Massimo Giorgetti &#8211; ormai da parecchi anni nel miglioramento e nel potenziamento dei plessi scolastici [&hellip;]<\/p>\n","protected":false},"author":2,"featured_media":0,"comment_status":"closed","ping_status":"open","sticky":false,"template":"","format":"standard","meta":{"footnotes":""},"categories":[5,26,15],"tags":[139,302],"class_list":["post-11037","post","type-post","status-publish","format-standard","category-cronaca","category-prima-pagina","category-scuola","tag-belluno","tag-feltre"],"yoast_head":"<!-- This site is optimized with the Yoast SEO plugin v28.4 - https:\/\/yoast.com\/product\/yoast-seo-wordpress\/ -->\n<title>La Regione stanzia 1,8 milioni di euro per le scuole superiori bellunesi - Bellunopress - Dolomiti<\/title>\n<meta name=\"robots\" content=\"index, follow, max-snippet:-1, max-image-preview:large, max-video-preview:-1\" \/>\n<link rel=\"canonical\" href=\"https:\/\/www.bellunopress.it\/fr\/2009\/12\/28\/la-regione-stanzia-18-milioni-di-euro-per-le-scuole-superiori-bellunesi\/\" \/>\n<meta property=\"og:locale\" content=\"fr_FR\" \/>\n<meta property=\"og:type\" content=\"article\" \/>\n<meta property=\"og:title\" content=\"La Regione stanzia 1,8 milioni di euro per le scuole superiori bellunesi - Bellunopress - Dolomiti\" \/>\n<meta property=\"og:description\" content=\"L\u2019assessore ai Lavori pubblici, Massimo Giorgetti, ha firmato stamattina con\u00a0 la Provincia di Belluno l\u2019accordo di programma per un finanziamento di 1,8 milioni la ristrutturazione di alcune scuole secondarie di secondo grado. \u201cSiamo impegnati in prima linea &#8211; ricorda l\u2019assessore Massimo Giorgetti &#8211; ormai da parecchi anni nel miglioramento e nel potenziamento dei plessi scolastici [&hellip;]\" \/>\n<meta property=\"og:url\" content=\"https:\/\/www.bellunopress.it\/fr\/2009\/12\/28\/la-regione-stanzia-18-milioni-di-euro-per-le-scuole-superiori-bellunesi\/\" \/>\n<meta property=\"og:site_name\" content=\"Bellunopress - Dolomiti\" \/>\n<meta property=\"article:publisher\" content=\"https:\/\/www.facebook.com\/profile.php?id=100008943462799\" \/>\n<meta property=\"article:published_time\" content=\"2009-12-28T09:42:57+00:00\" \/>\n<meta property=\"og:image\" content=\"http:\/\/www.bellunopress.it\/wp-content\/uploads\/2009\/09\/istituto-tecnico-segato-001.jpg\" \/>\n<meta name=\"author\" content=\"redazione\" \/>\n<meta name=\"twitter:card\" content=\"summary_large_image\" \/>\n<meta name=\"twitter:creator\" content=\"@bellunopress\" \/>\n<meta name=\"twitter:site\" content=\"@bellunopress\" \/>\n<meta name=\"twitter:label1\" content=\"\u00c9crit par\" \/>\n\t<meta name=\"twitter:data1\" content=\"redazione\" \/>\n\t<meta name=\"twitter:label2\" content=\"Dur\u00e9e de lecture estim\u00e9e\" \/>\n\t<meta name=\"twitter:data2\" content=\"1 minute\" \/>\n<script type=\"application\/ld+json\" class=\"yoast-schema-graph\">{\"@context\":\"https:\\\/\\\/schema.org\",\"@graph\":[{\"@type\":\"Article\",\"@id\":\"https:\\\/\\\/www.bellunopress.it\\\/2009\\\/12\\\/28\\\/la-regione-stanzia-18-milioni-di-euro-per-le-scuole-superiori-bellunesi\\\/#article\",\"isPartOf\":{\"@id\":\"https:\\\/\\\/www.bellunopress.it\\\/2009\\\/12\\\/28\\\/la-regione-stanzia-18-milioni-di-euro-per-le-scuole-superiori-bellunesi\\\/\"},\"author\":{\"name\":\"redazione\",\"@id\":\"https:\\\/\\\/www.bellunopress.it\\\/#\\\/schema\\\/person\\\/79bb06722b37ece1c03d3e94beb30d73\"},\"headline\":\"La Regione stanzia 1,8 milioni di euro per le scuole superiori bellunesi\",\"datePublished\":\"2009-12-28T09:42:57+00:00\",\"mainEntityOfPage\":{\"@id\":\"https:\\\/\\\/www.bellunopress.it\\\/2009\\\/12\\\/28\\\/la-regione-stanzia-18-milioni-di-euro-per-le-scuole-superiori-bellunesi\\\/\"},\"wordCount\":208,\"publisher\":{\"@id\":\"https:\\\/\\\/www.bellunopress.it\\\/#organization\"},\"image\":{\"@id\":\"https:\\\/\\\/www.bellunopress.it\\\/2009\\\/12\\\/28\\\/la-regione-stanzia-18-milioni-di-euro-per-le-scuole-superiori-bellunesi\\\/#primaryimage\"},\"thumbnailUrl\":\"http:\\\/\\\/www.bellunopress.it\\\/wp-content\\\/uploads\\\/2009\\\/09\\\/istituto-tecnico-segato-001.jpg\",\"keywords\":[\"Belluno\",\"Feltre\"],\"articleSection\":[\"Cronaca\\\/Politica\",\"Prima Pagina\",\"Scuola\"],\"inLanguage\":\"fr-FR\"},{\"@type\":\"WebPage\",\"@id\":\"https:\\\/\\\/www.bellunopress.it\\\/2009\\\/12\\\/28\\\/la-regione-stanzia-18-milioni-di-euro-per-le-scuole-superiori-bellunesi\\\/\",\"url\":\"https:\\\/\\\/www.bellunopress.it\\\/2009\\\/12\\\/28\\\/la-regione-stanzia-18-milioni-di-euro-per-le-scuole-superiori-bellunesi\\\/\",\"name\":\"La Regione stanzia 1,8 milioni di euro per le scuole superiori bellunesi - Bellunopress - Dolomiti\",\"isPartOf\":{\"@id\":\"https:\\\/\\\/www.bellunopress.it\\\/#website\"},\"primaryImageOfPage\":{\"@id\":\"https:\\\/\\\/www.bellunopress.it\\\/2009\\\/12\\\/28\\\/la-regione-stanzia-18-milioni-di-euro-per-le-scuole-superiori-bellunesi\\\/#primaryimage\"},\"image\":{\"@id\":\"https:\\\/\\\/www.bellunopress.it\\\/2009\\\/12\\\/28\\\/la-regione-stanzia-18-milioni-di-euro-per-le-scuole-superiori-bellunesi\\\/#primaryimage\"},\"thumbnailUrl\":\"http:\\\/\\\/www.bellunopress.it\\\/wp-content\\\/uploads\\\/2009\\\/09\\\/istituto-tecnico-segato-001.jpg\",\"datePublished\":\"2009-12-28T09:42:57+00:00\",\"breadcrumb\":{\"@id\":\"https:\\\/\\\/www.bellunopress.it\\\/2009\\\/12\\\/28\\\/la-regione-stanzia-18-milioni-di-euro-per-le-scuole-superiori-bellunesi\\\/#breadcrumb\"},\"inLanguage\":\"fr-FR\",\"potentialAction\":[{\"@type\":\"ReadAction\",\"target\":[\"https:\\\/\\\/www.bellunopress.it\\\/2009\\\/12\\\/28\\\/la-regione-stanzia-18-milioni-di-euro-per-le-scuole-superiori-bellunesi\\\/\"]}]},{\"@type\":\"ImageObject\",\"inLanguage\":\"fr-FR\",\"@id\":\"https:\\\/\\\/www.bellunopress.it\\\/2009\\\/12\\\/28\\\/la-regione-stanzia-18-milioni-di-euro-per-le-scuole-superiori-bellunesi\\\/#primaryimage\",\"url\":\"http:\\\/\\\/www.bellunopress.it\\\/wp-content\\\/uploads\\\/2009\\\/09\\\/istituto-tecnico-segato-001.jpg\",\"contentUrl\":\"http:\\\/\\\/www.bellunopress.it\\\/wp-content\\\/uploads\\\/2009\\\/09\\\/istituto-tecnico-segato-001.jpg\"},{\"@type\":\"BreadcrumbList\",\"@id\":\"https:\\\/\\\/www.bellunopress.it\\\/2009\\\/12\\\/28\\\/la-regione-stanzia-18-milioni-di-euro-per-le-scuole-superiori-bellunesi\\\/#breadcrumb\",\"itemListElement\":[{\"@type\":\"ListItem\",\"position\":1,\"name\":\"Home\",\"item\":\"https:\\\/\\\/www.bellunopress.it\\\/\"},{\"@type\":\"ListItem\",\"position\":2,\"name\":\"La Regione stanzia 1,8 milioni di euro per le scuole superiori bellunesi\"}]},{\"@type\":\"WebSite\",\"@id\":\"https:\\\/\\\/www.bellunopress.it\\\/#website\",\"url\":\"https:\\\/\\\/www.bellunopress.it\\\/\",\"name\":\"Bellunopress - Dolomiti\",\"description\":\"e-mail: redazione@bellunopress.it\",\"publisher\":{\"@id\":\"https:\\\/\\\/www.bellunopress.it\\\/#organization\"},\"potentialAction\":[{\"@type\":\"SearchAction\",\"target\":{\"@type\":\"EntryPoint\",\"urlTemplate\":\"https:\\\/\\\/www.bellunopress.it\\\/?s={search_term_string}\"},\"query-input\":{\"@type\":\"PropertyValueSpecification\",\"valueRequired\":true,\"valueName\":\"search_term_string\"}}],\"inLanguage\":\"fr-FR\"},{\"@type\":\"Organization\",\"@id\":\"https:\\\/\\\/www.bellunopress.it\\\/#organization\",\"name\":\"Bellunopress\",\"url\":\"https:\\\/\\\/www.bellunopress.it\\\/\",\"logo\":{\"@type\":\"ImageObject\",\"inLanguage\":\"fr-FR\",\"@id\":\"https:\\\/\\\/www.bellunopress.it\\\/#\\\/schema\\\/logo\\\/image\\\/\",\"url\":\"https:\\\/\\\/www.bellunopress.it\\\/wp-content\\\/uploads\\\/2011\\\/05\\\/cropped-logo-bellunopress-.jpg\",\"contentUrl\":\"https:\\\/\\\/www.bellunopress.it\\\/wp-content\\\/uploads\\\/2011\\\/05\\\/cropped-logo-bellunopress-.jpg\",\"width\":512,\"height\":512,\"caption\":\"Bellunopress\"},\"image\":{\"@id\":\"https:\\\/\\\/www.bellunopress.it\\\/#\\\/schema\\\/logo\\\/image\\\/\"},\"sameAs\":[\"https:\\\/\\\/www.facebook.com\\\/profile.php?id=100008943462799\",\"https:\\\/\\\/x.com\\\/bellunopress\",\"https:\\\/\\\/www.linkedin.com\\\/hp\\\/?dnr=JBzUWaJfMUw8vbXJJ2tVW5-I3jZKvC4wsoxE&amp;amp;amp;amp;amp;amp;trk=nav_responsive_tab_home\",\"https:\\\/\\\/www.youtube.com\\\/channel\\\/UCxL0wu1uN0_3_7hGG0306cw\"]},{\"@type\":\"Person\",\"@id\":\"https:\\\/\\\/www.bellunopress.it\\\/#\\\/schema\\\/person\\\/79bb06722b37ece1c03d3e94beb30d73\",\"name\":\"redazione\",\"image\":{\"@type\":\"ImageObject\",\"inLanguage\":\"fr-FR\",\"@id\":\"https:\\\/\\\/secure.gravatar.com\\\/avatar\\\/37d968a2e67a6fd04c169c4bdef102d0bc5d31b2546345219e348575eb80e9a0?s=96&d=mm&r=g\",\"url\":\"https:\\\/\\\/secure.gravatar.com\\\/avatar\\\/37d968a2e67a6fd04c169c4bdef102d0bc5d31b2546345219e348575eb80e9a0?s=96&d=mm&r=g\",\"contentUrl\":\"https:\\\/\\\/secure.gravatar.com\\\/avatar\\\/37d968a2e67a6fd04c169c4bdef102d0bc5d31b2546345219e348575eb80e9a0?s=96&d=mm&r=g\",\"caption\":\"redazione\"},\"sameAs\":[\"http:\\\/\\\/www.bellunopress.it\",\"https:\\\/\\\/x.com\\\/bellunopress\"],\"url\":\"https:\\\/\\\/www.bellunopress.it\\\/fr\\\/author\\\/redazione\\\/\"}]}<\/script>\n<!-- \/ Yoast SEO plugin. -->","yoast_head_json":{"title":"La Regione stanzia 1,8 milioni di euro per le scuole superiori bellunesi - Bellunopress - Dolomiti","robots":{"index":"index","follow":"follow","max-snippet":"max-snippet:-1","max-image-preview":"max-image-preview:large","max-video-preview":"max-video-preview:-1"},"canonical":"https:\/\/www.bellunopress.it\/fr\/2009\/12\/28\/la-regione-stanzia-18-milioni-di-euro-per-le-scuole-superiori-bellunesi\/","og_locale":"fr_FR","og_type":"article","og_title":"La Regione stanzia 1,8 milioni di euro per le scuole superiori bellunesi - Bellunopress - Dolomiti","og_description":"L\u2019assessore ai Lavori pubblici, Massimo Giorgetti, ha firmato stamattina con\u00a0 la Provincia di Belluno l\u2019accordo di programma per un finanziamento di 1,8 milioni la ristrutturazione di alcune scuole secondarie di secondo grado. \u201cSiamo impegnati in prima linea &#8211; ricorda l\u2019assessore Massimo Giorgetti &#8211; ormai da parecchi anni nel miglioramento e nel potenziamento dei plessi scolastici [&hellip;]","og_url":"https:\/\/www.bellunopress.it\/fr\/2009\/12\/28\/la-regione-stanzia-18-milioni-di-euro-per-le-scuole-superiori-bellunesi\/","og_site_name":"Bellunopress - Dolomiti","article_publisher":"https:\/\/www.facebook.com\/profile.php?id=100008943462799","article_published_time":"2009-12-28T09:42:57+00:00","og_image":[{"url":"http:\/\/www.bellunopress.it\/wp-content\/uploads\/2009\/09\/istituto-tecnico-segato-001.jpg","type":"","width":"","height":""}],"author":"redazione","twitter_card":"summary_large_image","twitter_creator":"@bellunopress","twitter_site":"@bellunopress","twitter_misc":{"\u00c9crit par":"redazione","Dur\u00e9e de lecture estim\u00e9e":"1 minute"},"schema":{"@context":"https:\/\/schema.org","@graph":[{"@type":"Article","@id":"https:\/\/www.bellunopress.it\/2009\/12\/28\/la-regione-stanzia-18-milioni-di-euro-per-le-scuole-superiori-bellunesi\/#article","isPartOf":{"@id":"https:\/\/www.bellunopress.it\/2009\/12\/28\/la-regione-stanzia-18-milioni-di-euro-per-le-scuole-superiori-bellunesi\/"},"author":{"name":"redazione","@id":"https:\/\/www.bellunopress.it\/#\/schema\/person\/79bb06722b37ece1c03d3e94beb30d73"},"headline":"La Regione stanzia 1,8 milioni di euro per le scuole superiori bellunesi","datePublished":"2009-12-28T09:42:57+00:00","mainEntityOfPage":{"@id":"https:\/\/www.bellunopress.it\/2009\/12\/28\/la-regione-stanzia-18-milioni-di-euro-per-le-scuole-superiori-bellunesi\/"},"wordCount":208,"publisher":{"@id":"https:\/\/www.bellunopress.it\/#organization"},"image":{"@id":"https:\/\/www.bellunopress.it\/2009\/12\/28\/la-regione-stanzia-18-milioni-di-euro-per-le-scuole-superiori-bellunesi\/#primaryimage"},"thumbnailUrl":"http:\/\/www.bellunopress.it\/wp-content\/uploads\/2009\/09\/istituto-tecnico-segato-001.jpg","keywords":["Belluno","Feltre"],"articleSection":["Cronaca\/Politica","Prima Pagina","Scuola"],"inLanguage":"fr-FR"},{"@type":"WebPage","@id":"https:\/\/www.bellunopress.it\/2009\/12\/28\/la-regione-stanzia-18-milioni-di-euro-per-le-scuole-superiori-bellunesi\/","url":"https:\/\/www.bellunopress.it\/2009\/12\/28\/la-regione-stanzia-18-milioni-di-euro-per-le-scuole-superiori-bellunesi\/","name":"La Regione stanzia 1,8 milioni di euro per le scuole superiori bellunesi - Bellunopress - Dolomiti","isPartOf":{"@id":"https:\/\/www.bellunopress.it\/#website"},"primaryImageOfPage":{"@id":"https:\/\/www.bellunopress.it\/2009\/12\/28\/la-regione-stanzia-18-milioni-di-euro-per-le-scuole-superiori-bellunesi\/#primaryimage"},"image":{"@id":"https:\/\/www.bellunopress.it\/2009\/12\/28\/la-regione-stanzia-18-milioni-di-euro-per-le-scuole-superiori-bellunesi\/#primaryimage"},"thumbnailUrl":"http:\/\/www.bellunopress.it\/wp-content\/uploads\/2009\/09\/istituto-tecnico-segato-001.jpg","datePublished":"2009-12-28T09:42:57+00:00","breadcrumb":{"@id":"https:\/\/www.bellunopress.it\/2009\/12\/28\/la-regione-stanzia-18-milioni-di-euro-per-le-scuole-superiori-bellunesi\/#breadcrumb"},"inLanguage":"fr-FR","potentialAction":[{"@type":"ReadAction","target":["https:\/\/www.bellunopress.it\/2009\/12\/28\/la-regione-stanzia-18-milioni-di-euro-per-le-scuole-superiori-bellunesi\/"]}]},{"@type":"ImageObject","inLanguage":"fr-FR","@id":"https:\/\/www.bellunopress.it\/2009\/12\/28\/la-regione-stanzia-18-milioni-di-euro-per-le-scuole-superiori-bellunesi\/#primaryimage","url":"http:\/\/www.bellunopress.it\/wp-content\/uploads\/2009\/09\/istituto-tecnico-segato-001.jpg","contentUrl":"http:\/\/www.bellunopress.it\/wp-content\/uploads\/2009\/09\/istituto-tecnico-segato-001.jpg"},{"@type":"BreadcrumbList","@id":"https:\/\/www.bellunopress.it\/2009\/12\/28\/la-regione-stanzia-18-milioni-di-euro-per-le-scuole-superiori-bellunesi\/#breadcrumb","itemListElement":[{"@type":"ListItem","position":1,"name":"Home","item":"https:\/\/www.bellunopress.it\/"},{"@type":"ListItem","position":2,"name":"La Regione stanzia 1,8 milioni di euro per le scuole superiori bellunesi"}]},{"@type":"WebSite","@id":"https:\/\/www.bellunopress.it\/#website","url":"https:\/\/www.bellunopress.it\/","name":"Bellunopress - Dolomiti","description":"e-mail: redazione@bellunopress.it","publisher":{"@id":"https:\/\/www.bellunopress.it\/#organization"},"potentialAction":[{"@type":"SearchAction","target":{"@type":"EntryPoint","urlTemplate":"https:\/\/www.bellunopress.it\/?s={search_term_string}"},"query-input":{"@type":"PropertyValueSpecification","valueRequired":true,"valueName":"search_term_string"}}],"inLanguage":"fr-FR"},{"@type":"Organization","@id":"https:\/\/www.bellunopress.it\/#organization","name":"Bellunopress","url":"https:\/\/www.bellunopress.it\/","logo":{"@type":"ImageObject","inLanguage":"fr-FR","@id":"https:\/\/www.bellunopress.it\/#\/schema\/logo\/image\/","url":"https:\/\/www.bellunopress.it\/wp-content\/uploads\/2011\/05\/cropped-logo-bellunopress-.jpg","contentUrl":"https:\/\/www.bellunopress.it\/wp-content\/uploads\/2011\/05\/cropped-logo-bellunopress-.jpg","width":512,"height":512,"caption":"Bellunopress"},"image":{"@id":"https:\/\/www.bellunopress.it\/#\/schema\/logo\/image\/"},"sameAs":["https:\/\/www.facebook.com\/profile.php?id=100008943462799","https:\/\/x.com\/bellunopress","https:\/\/www.linkedin.com\/hp\/?dnr=JBzUWaJfMUw8vbXJJ2tVW5-I3jZKvC4wsoxE&amp;amp;amp;amp;amp;amp;trk=nav_responsive_tab_home","https:\/\/www.youtube.com\/channel\/UCxL0wu1uN0_3_7hGG0306cw"]},{"@type":"Person","@id":"https:\/\/www.bellunopress.it\/#\/schema\/person\/79bb06722b37ece1c03d3e94beb30d73","name":"r\u00e9daction","image":{"@type":"ImageObject","inLanguage":"fr-FR","@id":"https:\/\/secure.gravatar.com\/avatar\/37d968a2e67a6fd04c169c4bdef102d0bc5d31b2546345219e348575eb80e9a0?s=96&d=mm&r=g","url":"https:\/\/secure.gravatar.com\/avatar\/37d968a2e67a6fd04c169c4bdef102d0bc5d31b2546345219e348575eb80e9a0?s=96&d=mm&r=g","contentUrl":"https:\/\/secure.gravatar.com\/avatar\/37d968a2e67a6fd04c169c4bdef102d0bc5d31b2546345219e348575eb80e9a0?s=96&d=mm&r=g","caption":"redazione"},"sameAs":["http:\/\/www.bellunopress.it","https:\/\/x.com\/bellunopress"],"url":"https:\/\/www.bellunopress.it\/fr\/author\/redazione\/"}]}},"_links":{"self":[{"href":"https:\/\/www.bellunopress.it\/fr\/wp-json\/wp\/v2\/posts\/11037","targetHints":{"allow":["GET"]}}],"collection":[{"href":"https:\/\/www.bellunopress.it\/fr\/wp-json\/wp\/v2\/posts"}],"about":[{"href":"https:\/\/www.bellunopress.it\/fr\/wp-json\/wp\/v2\/types\/post"}],"author":[{"embeddable":true,"href":"https:\/\/www.bellunopress.it\/fr\/wp-json\/wp\/v2\/users\/2"}],"replies":[{"embeddable":true,"href":"https:\/\/www.bellunopress.it\/fr\/wp-json\/wp\/v2\/comments?post=11037"}],"version-history":[{"count":1,"href":"https:\/\/www.bellunopress.it\/fr\/wp-json\/wp\/v2\/posts\/11037\/revisions"}],"predecessor-version":[{"id":11038,"href":"https:\/\/www.bellunopress.it\/fr\/wp-json\/wp\/v2\/posts\/11037\/revisions\/11038"}],"wp:attachment":[{"href":"https:\/\/www.bellunopress.it\/fr\/wp-json\/wp\/v2\/media?parent=11037"}],"wp:term":[{"taxonomy":"category","embeddable":true,"href":"https:\/\/www.bellunopress.it\/fr\/wp-json\/wp\/v2\/categories?post=11037"},{"taxonomy":"post_tag","embeddable":true,"href":"https:\/\/www.bellunopress.it\/fr\/wp-json\/wp\/v2\/tags?post=11037"}],"curies":[{"name":"wp","href":"https:\/\/api.w.org\/{rel}","templated":true}]}}