{"id":110364,"date":"2019-12-12T13:08:20","date_gmt":"2019-12-12T12:08:20","guid":{"rendered":"http:\/\/www.bellunopress.it\/?p=110364"},"modified":"2019-12-12T13:08:21","modified_gmt":"2019-12-12T12:08:21","slug":"sabato-si-accende-la-stella-cometa-al-ponte-della-vittoria","status":"publish","type":"post","link":"https:\/\/www.bellunopress.it\/fr\/2019\/12\/12\/sabato-si-accende-la-stella-cometa-al-ponte-della-vittoria\/","title":{"rendered":"Sabato si accende la stella cometa al Ponte della Vittoria"},"content":{"rendered":"<p><a href=\"http:\/\/www.bellunopress.it\/fr\/2019\/12\/12\/sabato-si-accende-la-stella-cometa-al-ponte-della-vittoria\/ponte-della-vittoria-natale-con-stella-cometa\/\" rel=\"attachment wp-att-110365\"><img loading=\"lazy\" decoding=\"async\" class=\"alignleft size-full wp-image-110365\" src=\"http:\/\/www.bellunopress.it\/wp-content\/uploads\/2019\/12\/ponte-della-vittoria-natale-con-stella-cometa.jpg\" alt=\"\" width=\"300\" height=\"200\" \/><\/a>Si accender\u00e0 sabato 14 dicembre alla 17.00, come da tradizione, la stella cometa posizionata sotto il Ponte della Vittoria: l&#8217;iniziativa \u00e8 ormai da diversi anno organizzata dal Comitato Borgo Piave e Oltre Piave, con il supporto del Gruppo Alpini \u2013 Squadra Subacquea di Belluno e del Club Subacqueo Belluno e patrocinata dal Comune di Belluno.<\/p>\n<p>Quelle della stella, posizionata in un luogo affascinante e simbolico del capoluogo, non saranno le uniche luci che illumineranno la zona vecchia di Borgo Piave per le festivit\u00e0 2019: numerose saranno infatti le immagini natalizie proiettate su alcune delle pareti del Borgo, da Porta Rugo alla piazzetta della Chiesa di San Nicol\u00f2, passando per Via Rugo e Via Callunga.<\/p>\n<p>Al momento dell&#8217;accensione, poi, sar\u00e0 gettato nel fiume un mazzo di fiori come omaggio \u201ca la Piave\u201d, simbolo dell&#8217;unione dei territori colpiti nel 2018 dalla tempesta Vaia; un ricordo di quanto accaduto e un saluto e augurio a tutti i territorio attraversati dal fiume.<br \/>\nAl termine, dopo i saluti del Sindaco e delle autorit\u00e0 presenti, al \u201cpontet\u201d sar\u00e0 organizzato un piccolo rinfresco.<\/p>\n<p><strong>Modifiche alla viabilit\u00e0<\/strong><br \/>\nPer consentire lo svolgimento della manifestazione in tranquillit\u00e0 e sicurezza, sar\u00e0 istituito il divieto di circolazione veicolare, eccetto che per gli autobus del trasporto pubblico urbano, sul Ponte della Vittoria dalle 17.00 alle 18.30 di sabato 14 dicembre.<br \/>\nI veicoli provenienti da via Monte Grappa e diretti in centro citt\u00e0 potranno raggiungere il centro attraverso il ponte Bailey.<br \/>\nInoltre, \u00e8 stato istituito il divieto di sosta con rimozione forzata dei veicoli in via Uniera dei Zater su tutta l\u2019area prospiciente il vecchio ponte nei pressi dell\u2019intersezione con via San Nicol\u00f2, dalle ore 16:30 alle ore 20:00 sempre di sabato 14 dicembre.<\/p>","protected":false},"excerpt":{"rendered":"<p>Si accender\u00e0 sabato 14 dicembre alla 17.00, come da tradizione, la stella cometa posizionata sotto il Ponte della Vittoria: l&#8217;iniziativa \u00e8 ormai da diversi anno organizzata dal Comitato Borgo Piave e Oltre Piave, con il supporto del Gruppo Alpini \u2013 Squadra Subacquea di Belluno e del Club Subacqueo Belluno e patrocinata dal Comune di Belluno. [&hellip;]<\/p>\n","protected":false},"author":2,"featured_media":0,"comment_status":"closed","ping_status":"open","sticky":false,"template":"","format":"standard","meta":{"footnotes":""},"categories":[27,8],"tags":[],"class_list":["post-110364","post","type-post","status-publish","format-standard","category-appuntamenti","category-societa-istituzioni"],"yoast_head":"<!-- This site is optimized with the Yoast SEO plugin v28.4 - https:\/\/yoast.com\/product\/yoast-seo-wordpress\/ -->\n<title>Sabato si accende la stella cometa al Ponte della Vittoria - Bellunopress - Dolomiti<\/title>\n<meta name=\"robots\" content=\"index, follow, max-snippet:-1, max-image-preview:large, max-video-preview:-1\" \/>\n<link rel=\"canonical\" href=\"https:\/\/www.bellunopress.it\/fr\/2019\/12\/12\/sabato-si-accende-la-stella-cometa-al-ponte-della-vittoria\/\" \/>\n<meta property=\"og:locale\" content=\"fr_FR\" \/>\n<meta property=\"og:type\" content=\"article\" \/>\n<meta property=\"og:title\" content=\"Sabato si accende la stella cometa al Ponte della Vittoria - Bellunopress - Dolomiti\" \/>\n<meta property=\"og:description\" content=\"Si accender\u00e0 sabato 14 dicembre alla 17.00, come da tradizione, la stella cometa posizionata sotto il Ponte della Vittoria: l&#8217;iniziativa \u00e8 ormai da diversi anno organizzata dal Comitato Borgo Piave e Oltre Piave, con il supporto del Gruppo Alpini \u2013 Squadra Subacquea di Belluno e del Club Subacqueo Belluno e patrocinata dal Comune di Belluno. [&hellip;]\" \/>\n<meta property=\"og:url\" content=\"https:\/\/www.bellunopress.it\/fr\/2019\/12\/12\/sabato-si-accende-la-stella-cometa-al-ponte-della-vittoria\/\" \/>\n<meta property=\"og:site_name\" content=\"Bellunopress - Dolomiti\" \/>\n<meta property=\"article:publisher\" content=\"https:\/\/www.facebook.com\/profile.php?id=100008943462799\" \/>\n<meta property=\"article:published_time\" content=\"2019-12-12T12:08:20+00:00\" \/>\n<meta property=\"article:modified_time\" content=\"2019-12-12T12:08:21+00:00\" \/>\n<meta property=\"og:image\" content=\"http:\/\/www.bellunopress.it\/wp-content\/uploads\/2019\/12\/ponte-della-vittoria-natale-con-stella-cometa.jpg\" \/>\n<meta name=\"author\" content=\"redazione\" \/>\n<meta name=\"twitter:card\" content=\"summary_large_image\" \/>\n<meta name=\"twitter:creator\" content=\"@bellunopress\" \/>\n<meta name=\"twitter:site\" content=\"@bellunopress\" \/>\n<meta name=\"twitter:label1\" content=\"\u00c9crit par\" \/>\n\t<meta name=\"twitter:data1\" content=\"redazione\" \/>\n\t<meta name=\"twitter:label2\" content=\"Dur\u00e9e de lecture estim\u00e9e\" \/>\n\t<meta name=\"twitter:data2\" content=\"1 minute\" \/>\n<script type=\"application\/ld+json\" class=\"yoast-schema-graph\">{\"@context\":\"https:\\\/\\\/schema.org\",\"@graph\":[{\"@type\":\"Article\",\"@id\":\"https:\\\/\\\/www.bellunopress.it\\\/2019\\\/12\\\/12\\\/sabato-si-accende-la-stella-cometa-al-ponte-della-vittoria\\\/#article\",\"isPartOf\":{\"@id\":\"https:\\\/\\\/www.bellunopress.it\\\/2019\\\/12\\\/12\\\/sabato-si-accende-la-stella-cometa-al-ponte-della-vittoria\\\/\"},\"author\":{\"name\":\"redazione\",\"@id\":\"https:\\\/\\\/www.bellunopress.it\\\/#\\\/schema\\\/person\\\/79bb06722b37ece1c03d3e94beb30d73\"},\"headline\":\"Sabato si accende la stella cometa al Ponte della Vittoria\",\"datePublished\":\"2019-12-12T12:08:20+00:00\",\"dateModified\":\"2019-12-12T12:08:21+00:00\",\"mainEntityOfPage\":{\"@id\":\"https:\\\/\\\/www.bellunopress.it\\\/2019\\\/12\\\/12\\\/sabato-si-accende-la-stella-cometa-al-ponte-della-vittoria\\\/\"},\"wordCount\":282,\"publisher\":{\"@id\":\"https:\\\/\\\/www.bellunopress.it\\\/#organization\"},\"image\":{\"@id\":\"https:\\\/\\\/www.bellunopress.it\\\/2019\\\/12\\\/12\\\/sabato-si-accende-la-stella-cometa-al-ponte-della-vittoria\\\/#primaryimage\"},\"thumbnailUrl\":\"http:\\\/\\\/www.bellunopress.it\\\/wp-content\\\/uploads\\\/2019\\\/12\\\/ponte-della-vittoria-natale-con-stella-cometa.jpg\",\"articleSection\":[\"Appuntamenti, Eventi\",\"Societ\u00e0, Associazioni, Istituzioni\"],\"inLanguage\":\"fr-FR\"},{\"@type\":\"WebPage\",\"@id\":\"https:\\\/\\\/www.bellunopress.it\\\/2019\\\/12\\\/12\\\/sabato-si-accende-la-stella-cometa-al-ponte-della-vittoria\\\/\",\"url\":\"https:\\\/\\\/www.bellunopress.it\\\/2019\\\/12\\\/12\\\/sabato-si-accende-la-stella-cometa-al-ponte-della-vittoria\\\/\",\"name\":\"Sabato si accende la stella cometa al Ponte della Vittoria - Bellunopress - Dolomiti\",\"isPartOf\":{\"@id\":\"https:\\\/\\\/www.bellunopress.it\\\/#website\"},\"primaryImageOfPage\":{\"@id\":\"https:\\\/\\\/www.bellunopress.it\\\/2019\\\/12\\\/12\\\/sabato-si-accende-la-stella-cometa-al-ponte-della-vittoria\\\/#primaryimage\"},\"image\":{\"@id\":\"https:\\\/\\\/www.bellunopress.it\\\/2019\\\/12\\\/12\\\/sabato-si-accende-la-stella-cometa-al-ponte-della-vittoria\\\/#primaryimage\"},\"thumbnailUrl\":\"http:\\\/\\\/www.bellunopress.it\\\/wp-content\\\/uploads\\\/2019\\\/12\\\/ponte-della-vittoria-natale-con-stella-cometa.jpg\",\"datePublished\":\"2019-12-12T12:08:20+00:00\",\"dateModified\":\"2019-12-12T12:08:21+00:00\",\"breadcrumb\":{\"@id\":\"https:\\\/\\\/www.bellunopress.it\\\/2019\\\/12\\\/12\\\/sabato-si-accende-la-stella-cometa-al-ponte-della-vittoria\\\/#breadcrumb\"},\"inLanguage\":\"fr-FR\",\"potentialAction\":[{\"@type\":\"ReadAction\",\"target\":[\"https:\\\/\\\/www.bellunopress.it\\\/2019\\\/12\\\/12\\\/sabato-si-accende-la-stella-cometa-al-ponte-della-vittoria\\\/\"]}]},{\"@type\":\"ImageObject\",\"inLanguage\":\"fr-FR\",\"@id\":\"https:\\\/\\\/www.bellunopress.it\\\/2019\\\/12\\\/12\\\/sabato-si-accende-la-stella-cometa-al-ponte-della-vittoria\\\/#primaryimage\",\"url\":\"http:\\\/\\\/www.bellunopress.it\\\/wp-content\\\/uploads\\\/2019\\\/12\\\/ponte-della-vittoria-natale-con-stella-cometa.jpg\",\"contentUrl\":\"http:\\\/\\\/www.bellunopress.it\\\/wp-content\\\/uploads\\\/2019\\\/12\\\/ponte-della-vittoria-natale-con-stella-cometa.jpg\"},{\"@type\":\"BreadcrumbList\",\"@id\":\"https:\\\/\\\/www.bellunopress.it\\\/2019\\\/12\\\/12\\\/sabato-si-accende-la-stella-cometa-al-ponte-della-vittoria\\\/#breadcrumb\",\"itemListElement\":[{\"@type\":\"ListItem\",\"position\":1,\"name\":\"Home\",\"item\":\"https:\\\/\\\/www.bellunopress.it\\\/\"},{\"@type\":\"ListItem\",\"position\":2,\"name\":\"Sabato si accende la stella cometa al Ponte della Vittoria\"}]},{\"@type\":\"WebSite\",\"@id\":\"https:\\\/\\\/www.bellunopress.it\\\/#website\",\"url\":\"https:\\\/\\\/www.bellunopress.it\\\/\",\"name\":\"Bellunopress - Dolomiti\",\"description\":\"e-mail: redazione@bellunopress.it\",\"publisher\":{\"@id\":\"https:\\\/\\\/www.bellunopress.it\\\/#organization\"},\"potentialAction\":[{\"@type\":\"SearchAction\",\"target\":{\"@type\":\"EntryPoint\",\"urlTemplate\":\"https:\\\/\\\/www.bellunopress.it\\\/?s={search_term_string}\"},\"query-input\":{\"@type\":\"PropertyValueSpecification\",\"valueRequired\":true,\"valueName\":\"search_term_string\"}}],\"inLanguage\":\"fr-FR\"},{\"@type\":\"Organization\",\"@id\":\"https:\\\/\\\/www.bellunopress.it\\\/#organization\",\"name\":\"Bellunopress\",\"url\":\"https:\\\/\\\/www.bellunopress.it\\\/\",\"logo\":{\"@type\":\"ImageObject\",\"inLanguage\":\"fr-FR\",\"@id\":\"https:\\\/\\\/www.bellunopress.it\\\/#\\\/schema\\\/logo\\\/image\\\/\",\"url\":\"https:\\\/\\\/www.bellunopress.it\\\/wp-content\\\/uploads\\\/2011\\\/05\\\/cropped-logo-bellunopress-.jpg\",\"contentUrl\":\"https:\\\/\\\/www.bellunopress.it\\\/wp-content\\\/uploads\\\/2011\\\/05\\\/cropped-logo-bellunopress-.jpg\",\"width\":512,\"height\":512,\"caption\":\"Bellunopress\"},\"image\":{\"@id\":\"https:\\\/\\\/www.bellunopress.it\\\/#\\\/schema\\\/logo\\\/image\\\/\"},\"sameAs\":[\"https:\\\/\\\/www.facebook.com\\\/profile.php?id=100008943462799\",\"https:\\\/\\\/x.com\\\/bellunopress\",\"https:\\\/\\\/www.linkedin.com\\\/hp\\\/?dnr=JBzUWaJfMUw8vbXJJ2tVW5-I3jZKvC4wsoxE&amp;amp;amp;amp;amp;amp;trk=nav_responsive_tab_home\",\"https:\\\/\\\/www.youtube.com\\\/channel\\\/UCxL0wu1uN0_3_7hGG0306cw\"]},{\"@type\":\"Person\",\"@id\":\"https:\\\/\\\/www.bellunopress.it\\\/#\\\/schema\\\/person\\\/79bb06722b37ece1c03d3e94beb30d73\",\"name\":\"redazione\",\"image\":{\"@type\":\"ImageObject\",\"inLanguage\":\"fr-FR\",\"@id\":\"https:\\\/\\\/secure.gravatar.com\\\/avatar\\\/37d968a2e67a6fd04c169c4bdef102d0bc5d31b2546345219e348575eb80e9a0?s=96&d=mm&r=g\",\"url\":\"https:\\\/\\\/secure.gravatar.com\\\/avatar\\\/37d968a2e67a6fd04c169c4bdef102d0bc5d31b2546345219e348575eb80e9a0?s=96&d=mm&r=g\",\"contentUrl\":\"https:\\\/\\\/secure.gravatar.com\\\/avatar\\\/37d968a2e67a6fd04c169c4bdef102d0bc5d31b2546345219e348575eb80e9a0?s=96&d=mm&r=g\",\"caption\":\"redazione\"},\"sameAs\":[\"http:\\\/\\\/www.bellunopress.it\",\"https:\\\/\\\/x.com\\\/bellunopress\"],\"url\":\"https:\\\/\\\/www.bellunopress.it\\\/fr\\\/author\\\/redazione\\\/\"}]}<\/script>\n<!-- \/ Yoast SEO plugin. -->","yoast_head_json":{"title":"Sabato si accende la stella cometa al Ponte della Vittoria - Bellunopress - Dolomiti","robots":{"index":"index","follow":"follow","max-snippet":"max-snippet:-1","max-image-preview":"max-image-preview:large","max-video-preview":"max-video-preview:-1"},"canonical":"https:\/\/www.bellunopress.it\/fr\/2019\/12\/12\/sabato-si-accende-la-stella-cometa-al-ponte-della-vittoria\/","og_locale":"fr_FR","og_type":"article","og_title":"Sabato si accende la stella cometa al Ponte della Vittoria - Bellunopress - Dolomiti","og_description":"Si accender\u00e0 sabato 14 dicembre alla 17.00, come da tradizione, la stella cometa posizionata sotto il Ponte della Vittoria: l&#8217;iniziativa \u00e8 ormai da diversi anno organizzata dal Comitato Borgo Piave e Oltre Piave, con il supporto del Gruppo Alpini \u2013 Squadra Subacquea di Belluno e del Club Subacqueo Belluno e patrocinata dal Comune di Belluno. [&hellip;]","og_url":"https:\/\/www.bellunopress.it\/fr\/2019\/12\/12\/sabato-si-accende-la-stella-cometa-al-ponte-della-vittoria\/","og_site_name":"Bellunopress - Dolomiti","article_publisher":"https:\/\/www.facebook.com\/profile.php?id=100008943462799","article_published_time":"2019-12-12T12:08:20+00:00","article_modified_time":"2019-12-12T12:08:21+00:00","og_image":[{"url":"http:\/\/www.bellunopress.it\/wp-content\/uploads\/2019\/12\/ponte-della-vittoria-natale-con-stella-cometa.jpg","type":"","width":"","height":""}],"author":"redazione","twitter_card":"summary_large_image","twitter_creator":"@bellunopress","twitter_site":"@bellunopress","twitter_misc":{"\u00c9crit par":"redazione","Dur\u00e9e de lecture estim\u00e9e":"1 minute"},"schema":{"@context":"https:\/\/schema.org","@graph":[{"@type":"Article","@id":"https:\/\/www.bellunopress.it\/2019\/12\/12\/sabato-si-accende-la-stella-cometa-al-ponte-della-vittoria\/#article","isPartOf":{"@id":"https:\/\/www.bellunopress.it\/2019\/12\/12\/sabato-si-accende-la-stella-cometa-al-ponte-della-vittoria\/"},"author":{"name":"redazione","@id":"https:\/\/www.bellunopress.it\/#\/schema\/person\/79bb06722b37ece1c03d3e94beb30d73"},"headline":"Sabato si accende la stella cometa al Ponte della Vittoria","datePublished":"2019-12-12T12:08:20+00:00","dateModified":"2019-12-12T12:08:21+00:00","mainEntityOfPage":{"@id":"https:\/\/www.bellunopress.it\/2019\/12\/12\/sabato-si-accende-la-stella-cometa-al-ponte-della-vittoria\/"},"wordCount":282,"publisher":{"@id":"https:\/\/www.bellunopress.it\/#organization"},"image":{"@id":"https:\/\/www.bellunopress.it\/2019\/12\/12\/sabato-si-accende-la-stella-cometa-al-ponte-della-vittoria\/#primaryimage"},"thumbnailUrl":"http:\/\/www.bellunopress.it\/wp-content\/uploads\/2019\/12\/ponte-della-vittoria-natale-con-stella-cometa.jpg","articleSection":["Appuntamenti, Eventi","Societ\u00e0, Associazioni, Istituzioni"],"inLanguage":"fr-FR"},{"@type":"WebPage","@id":"https:\/\/www.bellunopress.it\/2019\/12\/12\/sabato-si-accende-la-stella-cometa-al-ponte-della-vittoria\/","url":"https:\/\/www.bellunopress.it\/2019\/12\/12\/sabato-si-accende-la-stella-cometa-al-ponte-della-vittoria\/","name":"Sabato si accende la stella cometa al Ponte della Vittoria - Bellunopress - Dolomiti","isPartOf":{"@id":"https:\/\/www.bellunopress.it\/#website"},"primaryImageOfPage":{"@id":"https:\/\/www.bellunopress.it\/2019\/12\/12\/sabato-si-accende-la-stella-cometa-al-ponte-della-vittoria\/#primaryimage"},"image":{"@id":"https:\/\/www.bellunopress.it\/2019\/12\/12\/sabato-si-accende-la-stella-cometa-al-ponte-della-vittoria\/#primaryimage"},"thumbnailUrl":"http:\/\/www.bellunopress.it\/wp-content\/uploads\/2019\/12\/ponte-della-vittoria-natale-con-stella-cometa.jpg","datePublished":"2019-12-12T12:08:20+00:00","dateModified":"2019-12-12T12:08:21+00:00","breadcrumb":{"@id":"https:\/\/www.bellunopress.it\/2019\/12\/12\/sabato-si-accende-la-stella-cometa-al-ponte-della-vittoria\/#breadcrumb"},"inLanguage":"fr-FR","potentialAction":[{"@type":"ReadAction","target":["https:\/\/www.bellunopress.it\/2019\/12\/12\/sabato-si-accende-la-stella-cometa-al-ponte-della-vittoria\/"]}]},{"@type":"ImageObject","inLanguage":"fr-FR","@id":"https:\/\/www.bellunopress.it\/2019\/12\/12\/sabato-si-accende-la-stella-cometa-al-ponte-della-vittoria\/#primaryimage","url":"http:\/\/www.bellunopress.it\/wp-content\/uploads\/2019\/12\/ponte-della-vittoria-natale-con-stella-cometa.jpg","contentUrl":"http:\/\/www.bellunopress.it\/wp-content\/uploads\/2019\/12\/ponte-della-vittoria-natale-con-stella-cometa.jpg"},{"@type":"BreadcrumbList","@id":"https:\/\/www.bellunopress.it\/2019\/12\/12\/sabato-si-accende-la-stella-cometa-al-ponte-della-vittoria\/#breadcrumb","itemListElement":[{"@type":"ListItem","position":1,"name":"Home","item":"https:\/\/www.bellunopress.it\/"},{"@type":"ListItem","position":2,"name":"Sabato si accende la stella cometa al Ponte della Vittoria"}]},{"@type":"WebSite","@id":"https:\/\/www.bellunopress.it\/#website","url":"https:\/\/www.bellunopress.it\/","name":"Bellunopress - Dolomiti","description":"e-mail: redazione@bellunopress.it","publisher":{"@id":"https:\/\/www.bellunopress.it\/#organization"},"potentialAction":[{"@type":"SearchAction","target":{"@type":"EntryPoint","urlTemplate":"https:\/\/www.bellunopress.it\/?s={search_term_string}"},"query-input":{"@type":"PropertyValueSpecification","valueRequired":true,"valueName":"search_term_string"}}],"inLanguage":"fr-FR"},{"@type":"Organization","@id":"https:\/\/www.bellunopress.it\/#organization","name":"Bellunopress","url":"https:\/\/www.bellunopress.it\/","logo":{"@type":"ImageObject","inLanguage":"fr-FR","@id":"https:\/\/www.bellunopress.it\/#\/schema\/logo\/image\/","url":"https:\/\/www.bellunopress.it\/wp-content\/uploads\/2011\/05\/cropped-logo-bellunopress-.jpg","contentUrl":"https:\/\/www.bellunopress.it\/wp-content\/uploads\/2011\/05\/cropped-logo-bellunopress-.jpg","width":512,"height":512,"caption":"Bellunopress"},"image":{"@id":"https:\/\/www.bellunopress.it\/#\/schema\/logo\/image\/"},"sameAs":["https:\/\/www.facebook.com\/profile.php?id=100008943462799","https:\/\/x.com\/bellunopress","https:\/\/www.linkedin.com\/hp\/?dnr=JBzUWaJfMUw8vbXJJ2tVW5-I3jZKvC4wsoxE&amp;amp;amp;amp;amp;amp;trk=nav_responsive_tab_home","https:\/\/www.youtube.com\/channel\/UCxL0wu1uN0_3_7hGG0306cw"]},{"@type":"Person","@id":"https:\/\/www.bellunopress.it\/#\/schema\/person\/79bb06722b37ece1c03d3e94beb30d73","name":"r\u00e9daction","image":{"@type":"ImageObject","inLanguage":"fr-FR","@id":"https:\/\/secure.gravatar.com\/avatar\/37d968a2e67a6fd04c169c4bdef102d0bc5d31b2546345219e348575eb80e9a0?s=96&d=mm&r=g","url":"https:\/\/secure.gravatar.com\/avatar\/37d968a2e67a6fd04c169c4bdef102d0bc5d31b2546345219e348575eb80e9a0?s=96&d=mm&r=g","contentUrl":"https:\/\/secure.gravatar.com\/avatar\/37d968a2e67a6fd04c169c4bdef102d0bc5d31b2546345219e348575eb80e9a0?s=96&d=mm&r=g","caption":"redazione"},"sameAs":["http:\/\/www.bellunopress.it","https:\/\/x.com\/bellunopress"],"url":"https:\/\/www.bellunopress.it\/fr\/author\/redazione\/"}]}},"_links":{"self":[{"href":"https:\/\/www.bellunopress.it\/fr\/wp-json\/wp\/v2\/posts\/110364","targetHints":{"allow":["GET"]}}],"collection":[{"href":"https:\/\/www.bellunopress.it\/fr\/wp-json\/wp\/v2\/posts"}],"about":[{"href":"https:\/\/www.bellunopress.it\/fr\/wp-json\/wp\/v2\/types\/post"}],"author":[{"embeddable":true,"href":"https:\/\/www.bellunopress.it\/fr\/wp-json\/wp\/v2\/users\/2"}],"replies":[{"embeddable":true,"href":"https:\/\/www.bellunopress.it\/fr\/wp-json\/wp\/v2\/comments?post=110364"}],"version-history":[{"count":2,"href":"https:\/\/www.bellunopress.it\/fr\/wp-json\/wp\/v2\/posts\/110364\/revisions"}],"predecessor-version":[{"id":110367,"href":"https:\/\/www.bellunopress.it\/fr\/wp-json\/wp\/v2\/posts\/110364\/revisions\/110367"}],"wp:attachment":[{"href":"https:\/\/www.bellunopress.it\/fr\/wp-json\/wp\/v2\/media?parent=110364"}],"wp:term":[{"taxonomy":"category","embeddable":true,"href":"https:\/\/www.bellunopress.it\/fr\/wp-json\/wp\/v2\/categories?post=110364"},{"taxonomy":"post_tag","embeddable":true,"href":"https:\/\/www.bellunopress.it\/fr\/wp-json\/wp\/v2\/tags?post=110364"}],"curies":[{"name":"wp","href":"https:\/\/api.w.org\/{rel}","templated":true}]}}