{"id":110359,"date":"2019-12-11T18:25:38","date_gmt":"2019-12-11T17:25:38","guid":{"rendered":"http:\/\/www.bellunopress.it\/?p=110359"},"modified":"2019-12-11T18:25:38","modified_gmt":"2019-12-11T17:25:38","slug":"definito-in-prefettura-un-piano-di-sicurezza-e-prevenzione-in-vista-delle-prossime-festivita-natalizie","status":"publish","type":"post","link":"https:\/\/www.bellunopress.it\/fr\/2019\/12\/11\/definito-in-prefettura-un-piano-di-sicurezza-e-prevenzione-in-vista-delle-prossime-festivita-natalizie\/","title":{"rendered":"Definito in Prefettura un piano di sicurezza e prevenzione in vista delle prossime festivit\u00e0 natalizie"},"content":{"rendered":"<figure id=\"attachment_70762\" aria-describedby=\"caption-attachment-70762\" style=\"width: 300px\" class=\"wp-caption alignleft\"><a href=\"http:\/\/www.bellunopress.it\/fr\/2015\/08\/08\/ancora-chiusa-la-statale-51-per-cortina-dampezzo\/prefettura-riunione-viabilita\/\" rel=\"attachment wp-att-70762\"><img loading=\"lazy\" decoding=\"async\" class=\"size-full wp-image-70762\" src=\"http:\/\/www.bellunopress.it\/wp-content\/uploads\/2015\/08\/prefettura-riunione-viabilit\u00e0.jpg\" alt=\"\" width=\"300\" height=\"169\" \/><\/a><figcaption id=\"caption-attachment-70762\" class=\"wp-caption-text\">Prefettura di Belluno<\/figcaption><\/figure>\n<p>Belluno, 11 dicembre 2019 &#8211; Si \u00e8 svolta oggi, a Palazzo dei Rettori, una riunione del Comitato provinciale per l\u2019Ordine e la Sicurezza pubblica presieduto dal prefetto Adriana Cogode, alla quale hanno preso parte il sindaco di Belluno, il questore, i comandanti provinciali dei carabinieri, dei vigili del fuoco e i rappresentanti del comando provinciale della guardia di finanza e della polizia stradale di Belluno<br \/>\nIn particolare, durante l\u2019incontro sono state programmate l\u2019intensificazione delle attivit\u00e0 di prevenzione e contrasto dei reati predatori e dei fenomeni di degrado urbano.<\/p>\n<p>Sono state inoltre esaminate le iniziative di security e safety da assumere in occasione del capodanno, sia per quanto riguarda le feste in piazza che per quel che concerne i locali di pubblico spettacolo per i quali, in particolare, sar\u00e0 richiamata l\u2019attenzione dei Sindaci sull\u2019esigenza di verificare il rispetto, da parte dei gestori, dei rispettivi limiti di capienza.<\/p>\n<p>In previsione dell\u2019intensificazione del traffico veicolare che si registrer\u00e0 dal 21 dicembre al 6 gennaio, \u00e8 stato disposto il potenziamento dei servizi coordinati di polizia stradale con il concorso delle Polizie municipali, specie sulla viabilit\u00e0 secondaria, oltre al coinvolgimento degli operatori di Anas e Veneto Strade. A questo si aggiunger\u00e0 il rafforzamento dei dispositivi di emergenza sanitaria coordinati dal SUEM e di soccorso tecnico d\u2019urgenza affidati ai Vigili del Fuoco.<\/p>\n<p>All\u2019occorrenza, in casi di forti criticit\u00e0, sar\u00e0 immediatamente attivato dalla Prefettura il Comitato Operativo per la Viabilit\u00e0, per coordinare gli interventi di tutte le componenti impegnate a tutela della circolazione stradale, in modo da garantire il massimo livello di sicurezza e di mobilit\u00e0 alle persone in viaggio sulle strade della provincia.<br \/>\nAttenta vigilanza anche nel settore della vendita di articoli pirotecnici, sebbene in provincia non si registrino particolari criticit\u00e0, per ridurre al minimo le possibili conseguenze dannose di un improprio utilizzo di tali materiali.<\/p>","protected":false},"excerpt":{"rendered":"<p>Belluno, 11 dicembre 2019 &#8211; Si \u00e8 svolta oggi, a Palazzo dei Rettori, una riunione del Comitato provinciale per l\u2019Ordine e la Sicurezza pubblica presieduto dal prefetto Adriana Cogode, alla quale hanno preso parte il sindaco di Belluno, il questore, i comandanti provinciali dei carabinieri, dei vigili del fuoco e i rappresentanti del comando provinciale [&hellip;]<\/p>\n","protected":false},"author":2,"featured_media":0,"comment_status":"closed","ping_status":"open","sticky":false,"template":"","format":"standard","meta":{"footnotes":""},"categories":[26,8],"tags":[],"class_list":["post-110359","post","type-post","status-publish","format-standard","category-prima-pagina","category-societa-istituzioni"],"yoast_head":"<!-- This site is optimized with the Yoast SEO plugin v28.4 - https:\/\/yoast.com\/product\/yoast-seo-wordpress\/ -->\n<title>Definito in Prefettura un piano di sicurezza e prevenzione in vista delle prossime festivit\u00e0 natalizie - Bellunopress - Dolomiti<\/title>\n<meta name=\"robots\" content=\"index, follow, max-snippet:-1, max-image-preview:large, max-video-preview:-1\" \/>\n<link rel=\"canonical\" href=\"https:\/\/www.bellunopress.it\/fr\/2019\/12\/11\/definito-in-prefettura-un-piano-di-sicurezza-e-prevenzione-in-vista-delle-prossime-festivita-natalizie\/\" \/>\n<meta property=\"og:locale\" content=\"fr_FR\" \/>\n<meta property=\"og:type\" content=\"article\" \/>\n<meta property=\"og:title\" content=\"Definito in Prefettura un piano di sicurezza e prevenzione in vista delle prossime festivit\u00e0 natalizie - Bellunopress - Dolomiti\" \/>\n<meta property=\"og:description\" content=\"Belluno, 11 dicembre 2019 &#8211; Si \u00e8 svolta oggi, a Palazzo dei Rettori, una riunione del Comitato provinciale per l\u2019Ordine e la Sicurezza pubblica presieduto dal prefetto Adriana Cogode, alla quale hanno preso parte il sindaco di Belluno, il questore, i comandanti provinciali dei carabinieri, dei vigili del fuoco e i rappresentanti del comando provinciale [&hellip;]\" \/>\n<meta property=\"og:url\" content=\"https:\/\/www.bellunopress.it\/fr\/2019\/12\/11\/definito-in-prefettura-un-piano-di-sicurezza-e-prevenzione-in-vista-delle-prossime-festivita-natalizie\/\" \/>\n<meta property=\"og:site_name\" content=\"Bellunopress - Dolomiti\" \/>\n<meta property=\"article:publisher\" content=\"https:\/\/www.facebook.com\/profile.php?id=100008943462799\" \/>\n<meta property=\"article:published_time\" content=\"2019-12-11T17:25:38+00:00\" \/>\n<meta property=\"og:image\" content=\"http:\/\/www.bellunopress.it\/wp-content\/uploads\/2015\/08\/prefettura-riunione-viabilit\u00e0.jpg\" \/>\n<meta name=\"author\" content=\"redazione\" \/>\n<meta name=\"twitter:card\" content=\"summary_large_image\" \/>\n<meta name=\"twitter:creator\" content=\"@bellunopress\" \/>\n<meta name=\"twitter:site\" content=\"@bellunopress\" \/>\n<meta name=\"twitter:label1\" content=\"\u00c9crit par\" \/>\n\t<meta name=\"twitter:data1\" content=\"redazione\" \/>\n\t<meta name=\"twitter:label2\" content=\"Dur\u00e9e de lecture estim\u00e9e\" \/>\n\t<meta name=\"twitter:data2\" content=\"2 minutes\" \/>\n<script type=\"application\/ld+json\" class=\"yoast-schema-graph\">{\"@context\":\"https:\\\/\\\/schema.org\",\"@graph\":[{\"@type\":\"Article\",\"@id\":\"https:\\\/\\\/www.bellunopress.it\\\/2019\\\/12\\\/11\\\/definito-in-prefettura-un-piano-di-sicurezza-e-prevenzione-in-vista-delle-prossime-festivita-natalizie\\\/#article\",\"isPartOf\":{\"@id\":\"https:\\\/\\\/www.bellunopress.it\\\/2019\\\/12\\\/11\\\/definito-in-prefettura-un-piano-di-sicurezza-e-prevenzione-in-vista-delle-prossime-festivita-natalizie\\\/\"},\"author\":{\"name\":\"redazione\",\"@id\":\"https:\\\/\\\/www.bellunopress.it\\\/#\\\/schema\\\/person\\\/79bb06722b37ece1c03d3e94beb30d73\"},\"headline\":\"Definito in Prefettura un piano di sicurezza e prevenzione in vista delle prossime festivit\u00e0 natalizie\",\"datePublished\":\"2019-12-11T17:25:38+00:00\",\"mainEntityOfPage\":{\"@id\":\"https:\\\/\\\/www.bellunopress.it\\\/2019\\\/12\\\/11\\\/definito-in-prefettura-un-piano-di-sicurezza-e-prevenzione-in-vista-delle-prossime-festivita-natalizie\\\/\"},\"wordCount\":327,\"publisher\":{\"@id\":\"https:\\\/\\\/www.bellunopress.it\\\/#organization\"},\"articleSection\":[\"Prima Pagina\",\"Societ\u00e0, Associazioni, Istituzioni\"],\"inLanguage\":\"fr-FR\"},{\"@type\":\"WebPage\",\"@id\":\"https:\\\/\\\/www.bellunopress.it\\\/2019\\\/12\\\/11\\\/definito-in-prefettura-un-piano-di-sicurezza-e-prevenzione-in-vista-delle-prossime-festivita-natalizie\\\/\",\"url\":\"https:\\\/\\\/www.bellunopress.it\\\/2019\\\/12\\\/11\\\/definito-in-prefettura-un-piano-di-sicurezza-e-prevenzione-in-vista-delle-prossime-festivita-natalizie\\\/\",\"name\":\"Definito in Prefettura un piano di sicurezza e prevenzione in vista delle prossime festivit\u00e0 natalizie - Bellunopress - Dolomiti\",\"isPartOf\":{\"@id\":\"https:\\\/\\\/www.bellunopress.it\\\/#website\"},\"datePublished\":\"2019-12-11T17:25:38+00:00\",\"breadcrumb\":{\"@id\":\"https:\\\/\\\/www.bellunopress.it\\\/2019\\\/12\\\/11\\\/definito-in-prefettura-un-piano-di-sicurezza-e-prevenzione-in-vista-delle-prossime-festivita-natalizie\\\/#breadcrumb\"},\"inLanguage\":\"fr-FR\",\"potentialAction\":[{\"@type\":\"ReadAction\",\"target\":[\"https:\\\/\\\/www.bellunopress.it\\\/2019\\\/12\\\/11\\\/definito-in-prefettura-un-piano-di-sicurezza-e-prevenzione-in-vista-delle-prossime-festivita-natalizie\\\/\"]}]},{\"@type\":\"BreadcrumbList\",\"@id\":\"https:\\\/\\\/www.bellunopress.it\\\/2019\\\/12\\\/11\\\/definito-in-prefettura-un-piano-di-sicurezza-e-prevenzione-in-vista-delle-prossime-festivita-natalizie\\\/#breadcrumb\",\"itemListElement\":[{\"@type\":\"ListItem\",\"position\":1,\"name\":\"Home\",\"item\":\"https:\\\/\\\/www.bellunopress.it\\\/\"},{\"@type\":\"ListItem\",\"position\":2,\"name\":\"Definito in Prefettura un piano di sicurezza e prevenzione in vista delle prossime festivit\u00e0 natalizie\"}]},{\"@type\":\"WebSite\",\"@id\":\"https:\\\/\\\/www.bellunopress.it\\\/#website\",\"url\":\"https:\\\/\\\/www.bellunopress.it\\\/\",\"name\":\"Bellunopress - Dolomiti\",\"description\":\"e-mail: redazione@bellunopress.it\",\"publisher\":{\"@id\":\"https:\\\/\\\/www.bellunopress.it\\\/#organization\"},\"potentialAction\":[{\"@type\":\"SearchAction\",\"target\":{\"@type\":\"EntryPoint\",\"urlTemplate\":\"https:\\\/\\\/www.bellunopress.it\\\/?s={search_term_string}\"},\"query-input\":{\"@type\":\"PropertyValueSpecification\",\"valueRequired\":true,\"valueName\":\"search_term_string\"}}],\"inLanguage\":\"fr-FR\"},{\"@type\":\"Organization\",\"@id\":\"https:\\\/\\\/www.bellunopress.it\\\/#organization\",\"name\":\"Bellunopress\",\"url\":\"https:\\\/\\\/www.bellunopress.it\\\/\",\"logo\":{\"@type\":\"ImageObject\",\"inLanguage\":\"fr-FR\",\"@id\":\"https:\\\/\\\/www.bellunopress.it\\\/#\\\/schema\\\/logo\\\/image\\\/\",\"url\":\"https:\\\/\\\/www.bellunopress.it\\\/wp-content\\\/uploads\\\/2011\\\/05\\\/cropped-logo-bellunopress-.jpg\",\"contentUrl\":\"https:\\\/\\\/www.bellunopress.it\\\/wp-content\\\/uploads\\\/2011\\\/05\\\/cropped-logo-bellunopress-.jpg\",\"width\":512,\"height\":512,\"caption\":\"Bellunopress\"},\"image\":{\"@id\":\"https:\\\/\\\/www.bellunopress.it\\\/#\\\/schema\\\/logo\\\/image\\\/\"},\"sameAs\":[\"https:\\\/\\\/www.facebook.com\\\/profile.php?id=100008943462799\",\"https:\\\/\\\/x.com\\\/bellunopress\",\"https:\\\/\\\/www.linkedin.com\\\/hp\\\/?dnr=JBzUWaJfMUw8vbXJJ2tVW5-I3jZKvC4wsoxE&amp;amp;amp;amp;amp;amp;trk=nav_responsive_tab_home\",\"https:\\\/\\\/www.youtube.com\\\/channel\\\/UCxL0wu1uN0_3_7hGG0306cw\"]},{\"@type\":\"Person\",\"@id\":\"https:\\\/\\\/www.bellunopress.it\\\/#\\\/schema\\\/person\\\/79bb06722b37ece1c03d3e94beb30d73\",\"name\":\"redazione\",\"image\":{\"@type\":\"ImageObject\",\"inLanguage\":\"fr-FR\",\"@id\":\"https:\\\/\\\/secure.gravatar.com\\\/avatar\\\/37d968a2e67a6fd04c169c4bdef102d0bc5d31b2546345219e348575eb80e9a0?s=96&d=mm&r=g\",\"url\":\"https:\\\/\\\/secure.gravatar.com\\\/avatar\\\/37d968a2e67a6fd04c169c4bdef102d0bc5d31b2546345219e348575eb80e9a0?s=96&d=mm&r=g\",\"contentUrl\":\"https:\\\/\\\/secure.gravatar.com\\\/avatar\\\/37d968a2e67a6fd04c169c4bdef102d0bc5d31b2546345219e348575eb80e9a0?s=96&d=mm&r=g\",\"caption\":\"redazione\"},\"sameAs\":[\"http:\\\/\\\/www.bellunopress.it\",\"https:\\\/\\\/x.com\\\/bellunopress\"],\"url\":\"https:\\\/\\\/www.bellunopress.it\\\/fr\\\/author\\\/redazione\\\/\"}]}<\/script>\n<!-- \/ Yoast SEO plugin. -->","yoast_head_json":{"title":"Definito in Prefettura un piano di sicurezza e prevenzione in vista delle prossime festivit\u00e0 natalizie - Bellunopress - Dolomiti","robots":{"index":"index","follow":"follow","max-snippet":"max-snippet:-1","max-image-preview":"max-image-preview:large","max-video-preview":"max-video-preview:-1"},"canonical":"https:\/\/www.bellunopress.it\/fr\/2019\/12\/11\/definito-in-prefettura-un-piano-di-sicurezza-e-prevenzione-in-vista-delle-prossime-festivita-natalizie\/","og_locale":"fr_FR","og_type":"article","og_title":"Definito in Prefettura un piano di sicurezza e prevenzione in vista delle prossime festivit\u00e0 natalizie - Bellunopress - Dolomiti","og_description":"Belluno, 11 dicembre 2019 &#8211; Si \u00e8 svolta oggi, a Palazzo dei Rettori, una riunione del Comitato provinciale per l\u2019Ordine e la Sicurezza pubblica presieduto dal prefetto Adriana Cogode, alla quale hanno preso parte il sindaco di Belluno, il questore, i comandanti provinciali dei carabinieri, dei vigili del fuoco e i rappresentanti del comando provinciale [&hellip;]","og_url":"https:\/\/www.bellunopress.it\/fr\/2019\/12\/11\/definito-in-prefettura-un-piano-di-sicurezza-e-prevenzione-in-vista-delle-prossime-festivita-natalizie\/","og_site_name":"Bellunopress - Dolomiti","article_publisher":"https:\/\/www.facebook.com\/profile.php?id=100008943462799","article_published_time":"2019-12-11T17:25:38+00:00","og_image":[{"url":"http:\/\/www.bellunopress.it\/wp-content\/uploads\/2015\/08\/prefettura-riunione-viabilit\u00e0.jpg","type":"","width":"","height":""}],"author":"redazione","twitter_card":"summary_large_image","twitter_creator":"@bellunopress","twitter_site":"@bellunopress","twitter_misc":{"\u00c9crit par":"redazione","Dur\u00e9e de lecture estim\u00e9e":"2 minutes"},"schema":{"@context":"https:\/\/schema.org","@graph":[{"@type":"Article","@id":"https:\/\/www.bellunopress.it\/2019\/12\/11\/definito-in-prefettura-un-piano-di-sicurezza-e-prevenzione-in-vista-delle-prossime-festivita-natalizie\/#article","isPartOf":{"@id":"https:\/\/www.bellunopress.it\/2019\/12\/11\/definito-in-prefettura-un-piano-di-sicurezza-e-prevenzione-in-vista-delle-prossime-festivita-natalizie\/"},"author":{"name":"redazione","@id":"https:\/\/www.bellunopress.it\/#\/schema\/person\/79bb06722b37ece1c03d3e94beb30d73"},"headline":"Definito in Prefettura un piano di sicurezza e prevenzione in vista delle prossime festivit\u00e0 natalizie","datePublished":"2019-12-11T17:25:38+00:00","mainEntityOfPage":{"@id":"https:\/\/www.bellunopress.it\/2019\/12\/11\/definito-in-prefettura-un-piano-di-sicurezza-e-prevenzione-in-vista-delle-prossime-festivita-natalizie\/"},"wordCount":327,"publisher":{"@id":"https:\/\/www.bellunopress.it\/#organization"},"articleSection":["Prima Pagina","Societ\u00e0, Associazioni, Istituzioni"],"inLanguage":"fr-FR"},{"@type":"WebPage","@id":"https:\/\/www.bellunopress.it\/2019\/12\/11\/definito-in-prefettura-un-piano-di-sicurezza-e-prevenzione-in-vista-delle-prossime-festivita-natalizie\/","url":"https:\/\/www.bellunopress.it\/2019\/12\/11\/definito-in-prefettura-un-piano-di-sicurezza-e-prevenzione-in-vista-delle-prossime-festivita-natalizie\/","name":"Definito in Prefettura un piano di sicurezza e prevenzione in vista delle prossime festivit\u00e0 natalizie - Bellunopress - Dolomiti","isPartOf":{"@id":"https:\/\/www.bellunopress.it\/#website"},"datePublished":"2019-12-11T17:25:38+00:00","breadcrumb":{"@id":"https:\/\/www.bellunopress.it\/2019\/12\/11\/definito-in-prefettura-un-piano-di-sicurezza-e-prevenzione-in-vista-delle-prossime-festivita-natalizie\/#breadcrumb"},"inLanguage":"fr-FR","potentialAction":[{"@type":"ReadAction","target":["https:\/\/www.bellunopress.it\/2019\/12\/11\/definito-in-prefettura-un-piano-di-sicurezza-e-prevenzione-in-vista-delle-prossime-festivita-natalizie\/"]}]},{"@type":"BreadcrumbList","@id":"https:\/\/www.bellunopress.it\/2019\/12\/11\/definito-in-prefettura-un-piano-di-sicurezza-e-prevenzione-in-vista-delle-prossime-festivita-natalizie\/#breadcrumb","itemListElement":[{"@type":"ListItem","position":1,"name":"Home","item":"https:\/\/www.bellunopress.it\/"},{"@type":"ListItem","position":2,"name":"Definito in Prefettura un piano di sicurezza e prevenzione in vista delle prossime festivit\u00e0 natalizie"}]},{"@type":"WebSite","@id":"https:\/\/www.bellunopress.it\/#website","url":"https:\/\/www.bellunopress.it\/","name":"Bellunopress - Dolomiti","description":"e-mail: redazione@bellunopress.it","publisher":{"@id":"https:\/\/www.bellunopress.it\/#organization"},"potentialAction":[{"@type":"SearchAction","target":{"@type":"EntryPoint","urlTemplate":"https:\/\/www.bellunopress.it\/?s={search_term_string}"},"query-input":{"@type":"PropertyValueSpecification","valueRequired":true,"valueName":"search_term_string"}}],"inLanguage":"fr-FR"},{"@type":"Organization","@id":"https:\/\/www.bellunopress.it\/#organization","name":"Bellunopress","url":"https:\/\/www.bellunopress.it\/","logo":{"@type":"ImageObject","inLanguage":"fr-FR","@id":"https:\/\/www.bellunopress.it\/#\/schema\/logo\/image\/","url":"https:\/\/www.bellunopress.it\/wp-content\/uploads\/2011\/05\/cropped-logo-bellunopress-.jpg","contentUrl":"https:\/\/www.bellunopress.it\/wp-content\/uploads\/2011\/05\/cropped-logo-bellunopress-.jpg","width":512,"height":512,"caption":"Bellunopress"},"image":{"@id":"https:\/\/www.bellunopress.it\/#\/schema\/logo\/image\/"},"sameAs":["https:\/\/www.facebook.com\/profile.php?id=100008943462799","https:\/\/x.com\/bellunopress","https:\/\/www.linkedin.com\/hp\/?dnr=JBzUWaJfMUw8vbXJJ2tVW5-I3jZKvC4wsoxE&amp;amp;amp;amp;amp;amp;trk=nav_responsive_tab_home","https:\/\/www.youtube.com\/channel\/UCxL0wu1uN0_3_7hGG0306cw"]},{"@type":"Person","@id":"https:\/\/www.bellunopress.it\/#\/schema\/person\/79bb06722b37ece1c03d3e94beb30d73","name":"r\u00e9daction","image":{"@type":"ImageObject","inLanguage":"fr-FR","@id":"https:\/\/secure.gravatar.com\/avatar\/37d968a2e67a6fd04c169c4bdef102d0bc5d31b2546345219e348575eb80e9a0?s=96&d=mm&r=g","url":"https:\/\/secure.gravatar.com\/avatar\/37d968a2e67a6fd04c169c4bdef102d0bc5d31b2546345219e348575eb80e9a0?s=96&d=mm&r=g","contentUrl":"https:\/\/secure.gravatar.com\/avatar\/37d968a2e67a6fd04c169c4bdef102d0bc5d31b2546345219e348575eb80e9a0?s=96&d=mm&r=g","caption":"redazione"},"sameAs":["http:\/\/www.bellunopress.it","https:\/\/x.com\/bellunopress"],"url":"https:\/\/www.bellunopress.it\/fr\/author\/redazione\/"}]}},"_links":{"self":[{"href":"https:\/\/www.bellunopress.it\/fr\/wp-json\/wp\/v2\/posts\/110359","targetHints":{"allow":["GET"]}}],"collection":[{"href":"https:\/\/www.bellunopress.it\/fr\/wp-json\/wp\/v2\/posts"}],"about":[{"href":"https:\/\/www.bellunopress.it\/fr\/wp-json\/wp\/v2\/types\/post"}],"author":[{"embeddable":true,"href":"https:\/\/www.bellunopress.it\/fr\/wp-json\/wp\/v2\/users\/2"}],"replies":[{"embeddable":true,"href":"https:\/\/www.bellunopress.it\/fr\/wp-json\/wp\/v2\/comments?post=110359"}],"version-history":[{"count":1,"href":"https:\/\/www.bellunopress.it\/fr\/wp-json\/wp\/v2\/posts\/110359\/revisions"}],"predecessor-version":[{"id":110360,"href":"https:\/\/www.bellunopress.it\/fr\/wp-json\/wp\/v2\/posts\/110359\/revisions\/110360"}],"wp:attachment":[{"href":"https:\/\/www.bellunopress.it\/fr\/wp-json\/wp\/v2\/media?parent=110359"}],"wp:term":[{"taxonomy":"category","embeddable":true,"href":"https:\/\/www.bellunopress.it\/fr\/wp-json\/wp\/v2\/categories?post=110359"},{"taxonomy":"post_tag","embeddable":true,"href":"https:\/\/www.bellunopress.it\/fr\/wp-json\/wp\/v2\/tags?post=110359"}],"curies":[{"name":"wp","href":"https:\/\/api.w.org\/{rel}","templated":true}]}}