{"id":110305,"date":"2019-12-09T12:30:53","date_gmt":"2019-12-09T11:30:53","guid":{"rendered":"http:\/\/www.bellunopress.it\/?p=110305"},"modified":"2019-12-09T21:44:17","modified_gmt":"2019-12-09T20:44:17","slug":"inaugurato-al-municipio-di-puos-il-nuovo-sportello-spazio-alpago","status":"publish","type":"post","link":"https:\/\/www.bellunopress.it\/fr\/2019\/12\/09\/inaugurato-al-municipio-di-puos-il-nuovo-sportello-spazio-alpago\/","title":{"rendered":"Inaugurato al municipio di Puos il nuovo sportello \u201cSpazio Alpago\u201d"},"content":{"rendered":"<figure id=\"attachment_110306\" aria-describedby=\"caption-attachment-110306\" style=\"width: 223px\" class=\"wp-caption alignleft\"><a href=\"http:\/\/www.bellunopress.it\/fr\/2019\/12\/09\/inaugurato-al-municipio-di-puos-il-nuovo-sportello-spazio-alpago\/umberto-soccal-sindaco-alpago\/\" rel=\"attachment wp-att-110306\"><img loading=\"lazy\" decoding=\"async\" class=\"size-full wp-image-110306\" src=\"http:\/\/www.bellunopress.it\/wp-content\/uploads\/2019\/12\/Umberto-Soccal-sindaco-Alpago.jpg\" alt=\"\" width=\"223\" height=\"289\" \/><\/a><figcaption id=\"caption-attachment-110306\" class=\"wp-caption-text\">Umberto Soccal &#8211; Sindaco Alpago<\/figcaption><\/figure>\n<p>Anche Puos ha da sabato scorso il suo sportello \u201cSpazio Alpago\u201d.\u00a0 L\u2019ufficio, che trova spazio nell\u2019edificio del municipio, \u00e8 stato inaugurato nel corso di una breve cerimonia a cui hanno perso parte i rappresentanti dell\u2019amministrazione comunale, le autorit\u00e0 locali e molti cittadini.<\/p>\n<p>Il sindaco di Alpago, Umberto Soccal, nel suo intervento introduttivo, ha ricordato il duplice binario lungo il quale si \u00e8 arrivati alla decisione di procedere all\u2019apertura dello sportello a Puos. Da un lato il mantenimento della promessa fatta in sede di campagna elettorale di dotare ciascuno dei tre municipi, da cui \u00e8 nata la fusione, di un ufficio specificamente dedicato all\u2019assistenza e alla consulenza nei confronti dei cittadini; dall\u2019altro il programma di ulteriore potenziamento dello sportello \u201cSpazio Alpago\u201d, che nel corso del prossimo anno vedr\u00e0 ulteriormente crescere funzioni e servizi resi alla cittadinanza.<\/p>\n<p>Dopo il consueto taglio del nastro, i locali sono stati quindi benedetti dal parroco di Puos don Christian Mosca.<\/p>\n<p>Nella stessa mattinata di sabato \u00e8 stata inaugurata, sempre nelle stanze del municipio di Puos, la mostra dei pannelli didattici \u201cItinerando per l\u2019Alpago\u201d allestita a cura dei ragazzi delle scuole medie di Puos. \u201cSi tratta di un altro step del percorso di conoscenza e consapevolezza del territorio che abbiamo avviato da tempo con le scuole del nostro comune e di tutto l\u2019Alpago per avvicinare i ragazzi alla loro terra. Gli studenti, supportati con grande passione dai loro insegnanti, si sono dimostrati a pi\u00f9 riprese molto interessati al progetto e questo ci incoraggia a proseguire su questa strada, consapevoli che solo formando cittadini consapevoli possiamo garantire un futuro alle nostre comunit\u00e0 locali\u201d, commenta il vicesindaco del Comune di Alpago Vanessa De Francesch.<\/p>","protected":false},"excerpt":{"rendered":"<p>Anche Puos ha da sabato scorso il suo sportello \u201cSpazio Alpago\u201d.\u00a0 L\u2019ufficio, che trova spazio nell\u2019edificio del municipio, \u00e8 stato inaugurato nel corso di una breve cerimonia a cui hanno perso parte i rappresentanti dell\u2019amministrazione comunale, le autorit\u00e0 locali e molti cittadini. Il sindaco di Alpago, Umberto Soccal, nel suo intervento introduttivo, ha ricordato il [&hellip;]<\/p>\n","protected":false},"author":2,"featured_media":0,"comment_status":"closed","ping_status":"open","sticky":false,"template":"","format":"standard","meta":{"footnotes":""},"categories":[26,8],"tags":[],"class_list":["post-110305","post","type-post","status-publish","format-standard","category-prima-pagina","category-societa-istituzioni"],"yoast_head":"<!-- This site is optimized with the Yoast SEO plugin v28.4 - https:\/\/yoast.com\/product\/yoast-seo-wordpress\/ -->\n<title>Inaugurato al municipio di Puos il nuovo sportello \u201cSpazio Alpago\u201d - Bellunopress - Dolomiti<\/title>\n<meta name=\"robots\" content=\"index, follow, max-snippet:-1, max-image-preview:large, max-video-preview:-1\" \/>\n<link rel=\"canonical\" href=\"https:\/\/www.bellunopress.it\/fr\/2019\/12\/09\/inaugurato-al-municipio-di-puos-il-nuovo-sportello-spazio-alpago\/\" \/>\n<meta property=\"og:locale\" content=\"fr_FR\" \/>\n<meta property=\"og:type\" content=\"article\" \/>\n<meta property=\"og:title\" content=\"Inaugurato al municipio di Puos il nuovo sportello \u201cSpazio Alpago\u201d - Bellunopress - Dolomiti\" \/>\n<meta property=\"og:description\" content=\"Anche Puos ha da sabato scorso il suo sportello \u201cSpazio Alpago\u201d.\u00a0 L\u2019ufficio, che trova spazio nell\u2019edificio del municipio, \u00e8 stato inaugurato nel corso di una breve cerimonia a cui hanno perso parte i rappresentanti dell\u2019amministrazione comunale, le autorit\u00e0 locali e molti cittadini. Il sindaco di Alpago, Umberto Soccal, nel suo intervento introduttivo, ha ricordato il [&hellip;]\" \/>\n<meta property=\"og:url\" content=\"https:\/\/www.bellunopress.it\/fr\/2019\/12\/09\/inaugurato-al-municipio-di-puos-il-nuovo-sportello-spazio-alpago\/\" \/>\n<meta property=\"og:site_name\" content=\"Bellunopress - Dolomiti\" \/>\n<meta property=\"article:publisher\" content=\"https:\/\/www.facebook.com\/profile.php?id=100008943462799\" \/>\n<meta property=\"article:published_time\" content=\"2019-12-09T11:30:53+00:00\" \/>\n<meta property=\"article:modified_time\" content=\"2019-12-09T20:44:17+00:00\" \/>\n<meta property=\"og:image\" content=\"http:\/\/www.bellunopress.it\/wp-content\/uploads\/2019\/12\/Umberto-Soccal-sindaco-Alpago.jpg\" \/>\n<meta name=\"author\" content=\"redazione\" \/>\n<meta name=\"twitter:card\" content=\"summary_large_image\" \/>\n<meta name=\"twitter:creator\" content=\"@bellunopress\" \/>\n<meta name=\"twitter:site\" content=\"@bellunopress\" \/>\n<meta name=\"twitter:label1\" content=\"\u00c9crit par\" \/>\n\t<meta name=\"twitter:data1\" content=\"redazione\" \/>\n\t<meta name=\"twitter:label2\" content=\"Dur\u00e9e de lecture estim\u00e9e\" \/>\n\t<meta name=\"twitter:data2\" content=\"1 minute\" \/>\n<script type=\"application\/ld+json\" class=\"yoast-schema-graph\">{\"@context\":\"https:\\\/\\\/schema.org\",\"@graph\":[{\"@type\":\"Article\",\"@id\":\"https:\\\/\\\/www.bellunopress.it\\\/2019\\\/12\\\/09\\\/inaugurato-al-municipio-di-puos-il-nuovo-sportello-spazio-alpago\\\/#article\",\"isPartOf\":{\"@id\":\"https:\\\/\\\/www.bellunopress.it\\\/2019\\\/12\\\/09\\\/inaugurato-al-municipio-di-puos-il-nuovo-sportello-spazio-alpago\\\/\"},\"author\":{\"name\":\"redazione\",\"@id\":\"https:\\\/\\\/www.bellunopress.it\\\/#\\\/schema\\\/person\\\/79bb06722b37ece1c03d3e94beb30d73\"},\"headline\":\"Inaugurato al municipio di Puos il nuovo sportello \u201cSpazio Alpago\u201d\",\"datePublished\":\"2019-12-09T11:30:53+00:00\",\"dateModified\":\"2019-12-09T20:44:17+00:00\",\"mainEntityOfPage\":{\"@id\":\"https:\\\/\\\/www.bellunopress.it\\\/2019\\\/12\\\/09\\\/inaugurato-al-municipio-di-puos-il-nuovo-sportello-spazio-alpago\\\/\"},\"wordCount\":301,\"publisher\":{\"@id\":\"https:\\\/\\\/www.bellunopress.it\\\/#organization\"},\"image\":{\"@id\":\"https:\\\/\\\/www.bellunopress.it\\\/2019\\\/12\\\/09\\\/inaugurato-al-municipio-di-puos-il-nuovo-sportello-spazio-alpago\\\/#primaryimage\"},\"thumbnailUrl\":\"http:\\\/\\\/www.bellunopress.it\\\/wp-content\\\/uploads\\\/2019\\\/12\\\/Umberto-Soccal-sindaco-Alpago.jpg\",\"articleSection\":[\"Prima Pagina\",\"Societ\u00e0, Associazioni, Istituzioni\"],\"inLanguage\":\"fr-FR\"},{\"@type\":\"WebPage\",\"@id\":\"https:\\\/\\\/www.bellunopress.it\\\/2019\\\/12\\\/09\\\/inaugurato-al-municipio-di-puos-il-nuovo-sportello-spazio-alpago\\\/\",\"url\":\"https:\\\/\\\/www.bellunopress.it\\\/2019\\\/12\\\/09\\\/inaugurato-al-municipio-di-puos-il-nuovo-sportello-spazio-alpago\\\/\",\"name\":\"Inaugurato al municipio di Puos il nuovo sportello \u201cSpazio Alpago\u201d - Bellunopress - Dolomiti\",\"isPartOf\":{\"@id\":\"https:\\\/\\\/www.bellunopress.it\\\/#website\"},\"primaryImageOfPage\":{\"@id\":\"https:\\\/\\\/www.bellunopress.it\\\/2019\\\/12\\\/09\\\/inaugurato-al-municipio-di-puos-il-nuovo-sportello-spazio-alpago\\\/#primaryimage\"},\"image\":{\"@id\":\"https:\\\/\\\/www.bellunopress.it\\\/2019\\\/12\\\/09\\\/inaugurato-al-municipio-di-puos-il-nuovo-sportello-spazio-alpago\\\/#primaryimage\"},\"thumbnailUrl\":\"http:\\\/\\\/www.bellunopress.it\\\/wp-content\\\/uploads\\\/2019\\\/12\\\/Umberto-Soccal-sindaco-Alpago.jpg\",\"datePublished\":\"2019-12-09T11:30:53+00:00\",\"dateModified\":\"2019-12-09T20:44:17+00:00\",\"breadcrumb\":{\"@id\":\"https:\\\/\\\/www.bellunopress.it\\\/2019\\\/12\\\/09\\\/inaugurato-al-municipio-di-puos-il-nuovo-sportello-spazio-alpago\\\/#breadcrumb\"},\"inLanguage\":\"fr-FR\",\"potentialAction\":[{\"@type\":\"ReadAction\",\"target\":[\"https:\\\/\\\/www.bellunopress.it\\\/2019\\\/12\\\/09\\\/inaugurato-al-municipio-di-puos-il-nuovo-sportello-spazio-alpago\\\/\"]}]},{\"@type\":\"ImageObject\",\"inLanguage\":\"fr-FR\",\"@id\":\"https:\\\/\\\/www.bellunopress.it\\\/2019\\\/12\\\/09\\\/inaugurato-al-municipio-di-puos-il-nuovo-sportello-spazio-alpago\\\/#primaryimage\",\"url\":\"http:\\\/\\\/www.bellunopress.it\\\/wp-content\\\/uploads\\\/2019\\\/12\\\/Umberto-Soccal-sindaco-Alpago.jpg\",\"contentUrl\":\"http:\\\/\\\/www.bellunopress.it\\\/wp-content\\\/uploads\\\/2019\\\/12\\\/Umberto-Soccal-sindaco-Alpago.jpg\"},{\"@type\":\"BreadcrumbList\",\"@id\":\"https:\\\/\\\/www.bellunopress.it\\\/2019\\\/12\\\/09\\\/inaugurato-al-municipio-di-puos-il-nuovo-sportello-spazio-alpago\\\/#breadcrumb\",\"itemListElement\":[{\"@type\":\"ListItem\",\"position\":1,\"name\":\"Home\",\"item\":\"https:\\\/\\\/www.bellunopress.it\\\/\"},{\"@type\":\"ListItem\",\"position\":2,\"name\":\"Inaugurato al municipio di Puos il nuovo sportello \u201cSpazio Alpago\u201d\"}]},{\"@type\":\"WebSite\",\"@id\":\"https:\\\/\\\/www.bellunopress.it\\\/#website\",\"url\":\"https:\\\/\\\/www.bellunopress.it\\\/\",\"name\":\"Bellunopress - Dolomiti\",\"description\":\"e-mail: redazione@bellunopress.it\",\"publisher\":{\"@id\":\"https:\\\/\\\/www.bellunopress.it\\\/#organization\"},\"potentialAction\":[{\"@type\":\"SearchAction\",\"target\":{\"@type\":\"EntryPoint\",\"urlTemplate\":\"https:\\\/\\\/www.bellunopress.it\\\/?s={search_term_string}\"},\"query-input\":{\"@type\":\"PropertyValueSpecification\",\"valueRequired\":true,\"valueName\":\"search_term_string\"}}],\"inLanguage\":\"fr-FR\"},{\"@type\":\"Organization\",\"@id\":\"https:\\\/\\\/www.bellunopress.it\\\/#organization\",\"name\":\"Bellunopress\",\"url\":\"https:\\\/\\\/www.bellunopress.it\\\/\",\"logo\":{\"@type\":\"ImageObject\",\"inLanguage\":\"fr-FR\",\"@id\":\"https:\\\/\\\/www.bellunopress.it\\\/#\\\/schema\\\/logo\\\/image\\\/\",\"url\":\"https:\\\/\\\/www.bellunopress.it\\\/wp-content\\\/uploads\\\/2011\\\/05\\\/cropped-logo-bellunopress-.jpg\",\"contentUrl\":\"https:\\\/\\\/www.bellunopress.it\\\/wp-content\\\/uploads\\\/2011\\\/05\\\/cropped-logo-bellunopress-.jpg\",\"width\":512,\"height\":512,\"caption\":\"Bellunopress\"},\"image\":{\"@id\":\"https:\\\/\\\/www.bellunopress.it\\\/#\\\/schema\\\/logo\\\/image\\\/\"},\"sameAs\":[\"https:\\\/\\\/www.facebook.com\\\/profile.php?id=100008943462799\",\"https:\\\/\\\/x.com\\\/bellunopress\",\"https:\\\/\\\/www.linkedin.com\\\/hp\\\/?dnr=JBzUWaJfMUw8vbXJJ2tVW5-I3jZKvC4wsoxE&amp;amp;amp;amp;amp;amp;trk=nav_responsive_tab_home\",\"https:\\\/\\\/www.youtube.com\\\/channel\\\/UCxL0wu1uN0_3_7hGG0306cw\"]},{\"@type\":\"Person\",\"@id\":\"https:\\\/\\\/www.bellunopress.it\\\/#\\\/schema\\\/person\\\/79bb06722b37ece1c03d3e94beb30d73\",\"name\":\"redazione\",\"image\":{\"@type\":\"ImageObject\",\"inLanguage\":\"fr-FR\",\"@id\":\"https:\\\/\\\/secure.gravatar.com\\\/avatar\\\/37d968a2e67a6fd04c169c4bdef102d0bc5d31b2546345219e348575eb80e9a0?s=96&d=mm&r=g\",\"url\":\"https:\\\/\\\/secure.gravatar.com\\\/avatar\\\/37d968a2e67a6fd04c169c4bdef102d0bc5d31b2546345219e348575eb80e9a0?s=96&d=mm&r=g\",\"contentUrl\":\"https:\\\/\\\/secure.gravatar.com\\\/avatar\\\/37d968a2e67a6fd04c169c4bdef102d0bc5d31b2546345219e348575eb80e9a0?s=96&d=mm&r=g\",\"caption\":\"redazione\"},\"sameAs\":[\"http:\\\/\\\/www.bellunopress.it\",\"https:\\\/\\\/x.com\\\/bellunopress\"],\"url\":\"https:\\\/\\\/www.bellunopress.it\\\/fr\\\/author\\\/redazione\\\/\"}]}<\/script>\n<!-- \/ Yoast SEO plugin. -->","yoast_head_json":{"title":"Inaugurato al municipio di Puos il nuovo sportello \u201cSpazio Alpago\u201d - Bellunopress - Dolomiti","robots":{"index":"index","follow":"follow","max-snippet":"max-snippet:-1","max-image-preview":"max-image-preview:large","max-video-preview":"max-video-preview:-1"},"canonical":"https:\/\/www.bellunopress.it\/fr\/2019\/12\/09\/inaugurato-al-municipio-di-puos-il-nuovo-sportello-spazio-alpago\/","og_locale":"fr_FR","og_type":"article","og_title":"Inaugurato al municipio di Puos il nuovo sportello \u201cSpazio Alpago\u201d - Bellunopress - Dolomiti","og_description":"Anche Puos ha da sabato scorso il suo sportello \u201cSpazio Alpago\u201d.\u00a0 L\u2019ufficio, che trova spazio nell\u2019edificio del municipio, \u00e8 stato inaugurato nel corso di una breve cerimonia a cui hanno perso parte i rappresentanti dell\u2019amministrazione comunale, le autorit\u00e0 locali e molti cittadini. Il sindaco di Alpago, Umberto Soccal, nel suo intervento introduttivo, ha ricordato il [&hellip;]","og_url":"https:\/\/www.bellunopress.it\/fr\/2019\/12\/09\/inaugurato-al-municipio-di-puos-il-nuovo-sportello-spazio-alpago\/","og_site_name":"Bellunopress - Dolomiti","article_publisher":"https:\/\/www.facebook.com\/profile.php?id=100008943462799","article_published_time":"2019-12-09T11:30:53+00:00","article_modified_time":"2019-12-09T20:44:17+00:00","og_image":[{"url":"http:\/\/www.bellunopress.it\/wp-content\/uploads\/2019\/12\/Umberto-Soccal-sindaco-Alpago.jpg","type":"","width":"","height":""}],"author":"redazione","twitter_card":"summary_large_image","twitter_creator":"@bellunopress","twitter_site":"@bellunopress","twitter_misc":{"\u00c9crit par":"redazione","Dur\u00e9e de lecture estim\u00e9e":"1 minute"},"schema":{"@context":"https:\/\/schema.org","@graph":[{"@type":"Article","@id":"https:\/\/www.bellunopress.it\/2019\/12\/09\/inaugurato-al-municipio-di-puos-il-nuovo-sportello-spazio-alpago\/#article","isPartOf":{"@id":"https:\/\/www.bellunopress.it\/2019\/12\/09\/inaugurato-al-municipio-di-puos-il-nuovo-sportello-spazio-alpago\/"},"author":{"name":"redazione","@id":"https:\/\/www.bellunopress.it\/#\/schema\/person\/79bb06722b37ece1c03d3e94beb30d73"},"headline":"Inaugurato al municipio di Puos il nuovo sportello \u201cSpazio Alpago\u201d","datePublished":"2019-12-09T11:30:53+00:00","dateModified":"2019-12-09T20:44:17+00:00","mainEntityOfPage":{"@id":"https:\/\/www.bellunopress.it\/2019\/12\/09\/inaugurato-al-municipio-di-puos-il-nuovo-sportello-spazio-alpago\/"},"wordCount":301,"publisher":{"@id":"https:\/\/www.bellunopress.it\/#organization"},"image":{"@id":"https:\/\/www.bellunopress.it\/2019\/12\/09\/inaugurato-al-municipio-di-puos-il-nuovo-sportello-spazio-alpago\/#primaryimage"},"thumbnailUrl":"http:\/\/www.bellunopress.it\/wp-content\/uploads\/2019\/12\/Umberto-Soccal-sindaco-Alpago.jpg","articleSection":["Prima Pagina","Societ\u00e0, Associazioni, Istituzioni"],"inLanguage":"fr-FR"},{"@type":"WebPage","@id":"https:\/\/www.bellunopress.it\/2019\/12\/09\/inaugurato-al-municipio-di-puos-il-nuovo-sportello-spazio-alpago\/","url":"https:\/\/www.bellunopress.it\/2019\/12\/09\/inaugurato-al-municipio-di-puos-il-nuovo-sportello-spazio-alpago\/","name":"Inaugurato al municipio di Puos il nuovo sportello \u201cSpazio Alpago\u201d - Bellunopress - Dolomiti","isPartOf":{"@id":"https:\/\/www.bellunopress.it\/#website"},"primaryImageOfPage":{"@id":"https:\/\/www.bellunopress.it\/2019\/12\/09\/inaugurato-al-municipio-di-puos-il-nuovo-sportello-spazio-alpago\/#primaryimage"},"image":{"@id":"https:\/\/www.bellunopress.it\/2019\/12\/09\/inaugurato-al-municipio-di-puos-il-nuovo-sportello-spazio-alpago\/#primaryimage"},"thumbnailUrl":"http:\/\/www.bellunopress.it\/wp-content\/uploads\/2019\/12\/Umberto-Soccal-sindaco-Alpago.jpg","datePublished":"2019-12-09T11:30:53+00:00","dateModified":"2019-12-09T20:44:17+00:00","breadcrumb":{"@id":"https:\/\/www.bellunopress.it\/2019\/12\/09\/inaugurato-al-municipio-di-puos-il-nuovo-sportello-spazio-alpago\/#breadcrumb"},"inLanguage":"fr-FR","potentialAction":[{"@type":"ReadAction","target":["https:\/\/www.bellunopress.it\/2019\/12\/09\/inaugurato-al-municipio-di-puos-il-nuovo-sportello-spazio-alpago\/"]}]},{"@type":"ImageObject","inLanguage":"fr-FR","@id":"https:\/\/www.bellunopress.it\/2019\/12\/09\/inaugurato-al-municipio-di-puos-il-nuovo-sportello-spazio-alpago\/#primaryimage","url":"http:\/\/www.bellunopress.it\/wp-content\/uploads\/2019\/12\/Umberto-Soccal-sindaco-Alpago.jpg","contentUrl":"http:\/\/www.bellunopress.it\/wp-content\/uploads\/2019\/12\/Umberto-Soccal-sindaco-Alpago.jpg"},{"@type":"BreadcrumbList","@id":"https:\/\/www.bellunopress.it\/2019\/12\/09\/inaugurato-al-municipio-di-puos-il-nuovo-sportello-spazio-alpago\/#breadcrumb","itemListElement":[{"@type":"ListItem","position":1,"name":"Home","item":"https:\/\/www.bellunopress.it\/"},{"@type":"ListItem","position":2,"name":"Inaugurato al municipio di Puos il nuovo sportello \u201cSpazio Alpago\u201d"}]},{"@type":"WebSite","@id":"https:\/\/www.bellunopress.it\/#website","url":"https:\/\/www.bellunopress.it\/","name":"Bellunopress - Dolomiti","description":"e-mail: redazione@bellunopress.it","publisher":{"@id":"https:\/\/www.bellunopress.it\/#organization"},"potentialAction":[{"@type":"SearchAction","target":{"@type":"EntryPoint","urlTemplate":"https:\/\/www.bellunopress.it\/?s={search_term_string}"},"query-input":{"@type":"PropertyValueSpecification","valueRequired":true,"valueName":"search_term_string"}}],"inLanguage":"fr-FR"},{"@type":"Organization","@id":"https:\/\/www.bellunopress.it\/#organization","name":"Bellunopress","url":"https:\/\/www.bellunopress.it\/","logo":{"@type":"ImageObject","inLanguage":"fr-FR","@id":"https:\/\/www.bellunopress.it\/#\/schema\/logo\/image\/","url":"https:\/\/www.bellunopress.it\/wp-content\/uploads\/2011\/05\/cropped-logo-bellunopress-.jpg","contentUrl":"https:\/\/www.bellunopress.it\/wp-content\/uploads\/2011\/05\/cropped-logo-bellunopress-.jpg","width":512,"height":512,"caption":"Bellunopress"},"image":{"@id":"https:\/\/www.bellunopress.it\/#\/schema\/logo\/image\/"},"sameAs":["https:\/\/www.facebook.com\/profile.php?id=100008943462799","https:\/\/x.com\/bellunopress","https:\/\/www.linkedin.com\/hp\/?dnr=JBzUWaJfMUw8vbXJJ2tVW5-I3jZKvC4wsoxE&amp;amp;amp;amp;amp;amp;trk=nav_responsive_tab_home","https:\/\/www.youtube.com\/channel\/UCxL0wu1uN0_3_7hGG0306cw"]},{"@type":"Person","@id":"https:\/\/www.bellunopress.it\/#\/schema\/person\/79bb06722b37ece1c03d3e94beb30d73","name":"r\u00e9daction","image":{"@type":"ImageObject","inLanguage":"fr-FR","@id":"https:\/\/secure.gravatar.com\/avatar\/37d968a2e67a6fd04c169c4bdef102d0bc5d31b2546345219e348575eb80e9a0?s=96&d=mm&r=g","url":"https:\/\/secure.gravatar.com\/avatar\/37d968a2e67a6fd04c169c4bdef102d0bc5d31b2546345219e348575eb80e9a0?s=96&d=mm&r=g","contentUrl":"https:\/\/secure.gravatar.com\/avatar\/37d968a2e67a6fd04c169c4bdef102d0bc5d31b2546345219e348575eb80e9a0?s=96&d=mm&r=g","caption":"redazione"},"sameAs":["http:\/\/www.bellunopress.it","https:\/\/x.com\/bellunopress"],"url":"https:\/\/www.bellunopress.it\/fr\/author\/redazione\/"}]}},"_links":{"self":[{"href":"https:\/\/www.bellunopress.it\/fr\/wp-json\/wp\/v2\/posts\/110305","targetHints":{"allow":["GET"]}}],"collection":[{"href":"https:\/\/www.bellunopress.it\/fr\/wp-json\/wp\/v2\/posts"}],"about":[{"href":"https:\/\/www.bellunopress.it\/fr\/wp-json\/wp\/v2\/types\/post"}],"author":[{"embeddable":true,"href":"https:\/\/www.bellunopress.it\/fr\/wp-json\/wp\/v2\/users\/2"}],"replies":[{"embeddable":true,"href":"https:\/\/www.bellunopress.it\/fr\/wp-json\/wp\/v2\/comments?post=110305"}],"version-history":[{"count":2,"href":"https:\/\/www.bellunopress.it\/fr\/wp-json\/wp\/v2\/posts\/110305\/revisions"}],"predecessor-version":[{"id":110308,"href":"https:\/\/www.bellunopress.it\/fr\/wp-json\/wp\/v2\/posts\/110305\/revisions\/110308"}],"wp:attachment":[{"href":"https:\/\/www.bellunopress.it\/fr\/wp-json\/wp\/v2\/media?parent=110305"}],"wp:term":[{"taxonomy":"category","embeddable":true,"href":"https:\/\/www.bellunopress.it\/fr\/wp-json\/wp\/v2\/categories?post=110305"},{"taxonomy":"post_tag","embeddable":true,"href":"https:\/\/www.bellunopress.it\/fr\/wp-json\/wp\/v2\/tags?post=110305"}],"curies":[{"name":"wp","href":"https:\/\/api.w.org\/{rel}","templated":true}]}}