{"id":110287,"date":"2019-12-09T17:24:54","date_gmt":"2019-12-09T16:24:54","guid":{"rendered":"http:\/\/www.bellunopress.it\/?p=110287"},"modified":"2019-12-09T17:24:54","modified_gmt":"2019-12-09T16:24:54","slug":"crisi-acc-berton-ai-sindacati-il-sistema-industriale-bellunese-e-sano-fare-allarmismo-non-aiuta","status":"publish","type":"post","link":"https:\/\/www.bellunopress.it\/fr\/2019\/12\/09\/crisi-acc-berton-ai-sindacati-il-sistema-industriale-bellunese-e-sano-fare-allarmismo-non-aiuta\/","title":{"rendered":"Crisi Acc. Berton ai sindacati: \u00abIl sistema industriale bellunese \u00e8 sano. Fare allarmismo non aiuta\u00bb"},"content":{"rendered":"<figure id=\"attachment_107753\" aria-describedby=\"caption-attachment-107753\" style=\"width: 249px\" class=\"wp-caption alignleft\"><a href=\"http:\/\/www.bellunopress.it\/fr\/2019\/09\/10\/lettera-aperta-agli-studenti-da-lorraine-berton-presidente-confindustria-belluno-dolomiti\/lorraine-berton-3\/\" rel=\"attachment wp-att-107753\"><img loading=\"lazy\" decoding=\"async\" class=\"size-full wp-image-107753\" src=\"http:\/\/www.bellunopress.it\/wp-content\/uploads\/2019\/09\/Lorraine-Berton.jpg\" alt=\"\" width=\"249\" height=\"300\" \/><\/a><figcaption id=\"caption-attachment-107753\" class=\"wp-caption-text\">Lorraine Berton<\/figcaption><\/figure>\n<p>Belluno, 9 dicembre 2019 \u2013 \u00abDire che il caso Acc metta in luce la fragilit\u00e0 del sistema industriale bellunese \u00e8 profondamente sbagliato. Da presidente degli industriali di Belluno, non posso accettarlo. \u00c8 fuori dalla realt\u00e0. Cgil e Cisl, nella loro nota congiunta, rendono un pessimo servizio al cuore produttivo di questa provincia, scattando una fotografia che semplicemente non c&#8217;\u00e8\u00bb.<\/p>\n<p>Cos\u00ec la presidente di Confindustria Belluno Dolomiti Lorraine Berton commenta le dichiarazioni rese dai sindacati alla vigilia del corteo per Acc. \u00abI problemi del Bellunese sono noti, dallo spopolamento all&#8217;assenza cronica di infrastrutture, ma il sistema industriale \u00e8 sano e vivace nonostante la politica &#8211; a tutti i livelli &#8211; spesso sia latitante\u00bb, rimarca la presidente degli industriali.<\/p>\n<p>\u00abRicordo ai sindacati che Belluno resta tra le 15 realt\u00e0 pi\u00f9 industrializzate d&#8217;Italia e che la partita delle competenze la stiamo giocando ogni giorno sul campo, come dimostra l&#8217;attivazione dei percorsi di Business School della Luiss. La stragrande maggioranza delle nostre imprese innova, sta sul mercato e fa internazionalizzazione. Molti stanno cogliendo anche le opportunit\u00e0 dell&#8217;industria 4.0. Gli esempi sono tantissimi\u00bb, prosegue la presidente. \u00abDire che tutto va male e che rischiamo una desertificazione industriale, richiamando addirittura il periodo antecedente al Vajont, \u00e8 puro allarmismo.<\/p>\n<p>Infondere pessimismo \u00e8 sbagliato e non ha senso.<\/p>\n<p>La nostra manifattura \u00e8 invidiata in tutto il mondo e costituisce ancora un vantaggio competitivo\u00bb.<\/p>\n<p>\u00abLe imprese bellunesi continuano a creare ricchezza, certo andrebbero aiutate con meno burocrazia e meno tasse e con quelle misure a favore delle imprese di montagna che chiediamo da tempo, come il credito d&#8217;imposta\u00bb.<br \/>\n\u00abQuanto ad Acc, il mio auspicio \u00e8 che si garantisca continuit\u00e0 industriale e che la politica nazionale sappia affrontare una crisi che certo non nasce oggi e che lo faccia con prospettiva. Ma il caso Acc \u00e8 a se stante\u00bb<\/p>\n<p>\u00abSono centinaia le imprese bellunesi che restano sul territorio e lo fanno crescere. \u00c8 giusto ricordarlo per senso di verit\u00e0 e di rispetto nei confronti del lavoro e dell&#8217;abnegazione di tanti\u00bb, la conclusione di Berton.<\/p>","protected":false},"excerpt":{"rendered":"<p>Belluno, 9 dicembre 2019 \u2013 \u00abDire che il caso Acc metta in luce la fragilit\u00e0 del sistema industriale bellunese \u00e8 profondamente sbagliato. Da presidente degli industriali di Belluno, non posso accettarlo. \u00c8 fuori dalla realt\u00e0. Cgil e Cisl, nella loro nota congiunta, rendono un pessimo servizio al cuore produttivo di questa provincia, scattando una fotografia [&hellip;]<\/p>\n","protected":false},"author":2,"featured_media":0,"comment_status":"closed","ping_status":"open","sticky":false,"template":"","format":"standard","meta":{"footnotes":""},"categories":[36,26],"tags":[],"class_list":["post-110287","post","type-post","status-publish","format-standard","category-lavoro-economia","category-prima-pagina"],"yoast_head":"<!-- This site is optimized with the Yoast SEO plugin v28.4 - https:\/\/yoast.com\/product\/yoast-seo-wordpress\/ -->\n<title>Crisi Acc. Berton ai sindacati: \u00abIl sistema industriale bellunese \u00e8 sano. Fare allarmismo non aiuta\u00bb - Bellunopress - Dolomiti<\/title>\n<meta name=\"robots\" content=\"index, follow, max-snippet:-1, max-image-preview:large, max-video-preview:-1\" \/>\n<link rel=\"canonical\" href=\"https:\/\/www.bellunopress.it\/fr\/2019\/12\/09\/crisi-acc-berton-ai-sindacati-il-sistema-industriale-bellunese-e-sano-fare-allarmismo-non-aiuta\/\" \/>\n<meta property=\"og:locale\" content=\"fr_FR\" \/>\n<meta property=\"og:type\" content=\"article\" \/>\n<meta property=\"og:title\" content=\"Crisi Acc. Berton ai sindacati: \u00abIl sistema industriale bellunese \u00e8 sano. Fare allarmismo non aiuta\u00bb - Bellunopress - Dolomiti\" \/>\n<meta property=\"og:description\" content=\"Belluno, 9 dicembre 2019 \u2013 \u00abDire che il caso Acc metta in luce la fragilit\u00e0 del sistema industriale bellunese \u00e8 profondamente sbagliato. Da presidente degli industriali di Belluno, non posso accettarlo. \u00c8 fuori dalla realt\u00e0. Cgil e Cisl, nella loro nota congiunta, rendono un pessimo servizio al cuore produttivo di questa provincia, scattando una fotografia [&hellip;]\" \/>\n<meta property=\"og:url\" content=\"https:\/\/www.bellunopress.it\/fr\/2019\/12\/09\/crisi-acc-berton-ai-sindacati-il-sistema-industriale-bellunese-e-sano-fare-allarmismo-non-aiuta\/\" \/>\n<meta property=\"og:site_name\" content=\"Bellunopress - Dolomiti\" \/>\n<meta property=\"article:publisher\" content=\"https:\/\/www.facebook.com\/profile.php?id=100008943462799\" \/>\n<meta property=\"article:published_time\" content=\"2019-12-09T16:24:54+00:00\" \/>\n<meta property=\"og:image\" content=\"http:\/\/www.bellunopress.it\/wp-content\/uploads\/2019\/09\/Lorraine-Berton.jpg\" \/>\n<meta name=\"author\" content=\"redazione\" \/>\n<meta name=\"twitter:card\" content=\"summary_large_image\" \/>\n<meta name=\"twitter:creator\" content=\"@bellunopress\" \/>\n<meta name=\"twitter:site\" content=\"@bellunopress\" \/>\n<meta name=\"twitter:label1\" content=\"\u00c9crit par\" \/>\n\t<meta name=\"twitter:data1\" content=\"redazione\" \/>\n\t<meta name=\"twitter:label2\" content=\"Dur\u00e9e de lecture estim\u00e9e\" \/>\n\t<meta name=\"twitter:data2\" content=\"2 minutes\" \/>\n<script type=\"application\/ld+json\" class=\"yoast-schema-graph\">{\"@context\":\"https:\\\/\\\/schema.org\",\"@graph\":[{\"@type\":\"Article\",\"@id\":\"https:\\\/\\\/www.bellunopress.it\\\/2019\\\/12\\\/09\\\/crisi-acc-berton-ai-sindacati-il-sistema-industriale-bellunese-e-sano-fare-allarmismo-non-aiuta\\\/#article\",\"isPartOf\":{\"@id\":\"https:\\\/\\\/www.bellunopress.it\\\/2019\\\/12\\\/09\\\/crisi-acc-berton-ai-sindacati-il-sistema-industriale-bellunese-e-sano-fare-allarmismo-non-aiuta\\\/\"},\"author\":{\"name\":\"redazione\",\"@id\":\"https:\\\/\\\/www.bellunopress.it\\\/#\\\/schema\\\/person\\\/79bb06722b37ece1c03d3e94beb30d73\"},\"headline\":\"Crisi Acc. Berton ai sindacati: \u00abIl sistema industriale bellunese \u00e8 sano. Fare allarmismo non aiuta\u00bb\",\"datePublished\":\"2019-12-09T16:24:54+00:00\",\"mainEntityOfPage\":{\"@id\":\"https:\\\/\\\/www.bellunopress.it\\\/2019\\\/12\\\/09\\\/crisi-acc-berton-ai-sindacati-il-sistema-industriale-bellunese-e-sano-fare-allarmismo-non-aiuta\\\/\"},\"wordCount\":349,\"publisher\":{\"@id\":\"https:\\\/\\\/www.bellunopress.it\\\/#organization\"},\"image\":{\"@id\":\"https:\\\/\\\/www.bellunopress.it\\\/2019\\\/12\\\/09\\\/crisi-acc-berton-ai-sindacati-il-sistema-industriale-bellunese-e-sano-fare-allarmismo-non-aiuta\\\/#primaryimage\"},\"thumbnailUrl\":\"http:\\\/\\\/www.bellunopress.it\\\/wp-content\\\/uploads\\\/2019\\\/09\\\/Lorraine-Berton.jpg\",\"articleSection\":[\"Lavoro, Economia, Turismo\",\"Prima Pagina\"],\"inLanguage\":\"fr-FR\"},{\"@type\":\"WebPage\",\"@id\":\"https:\\\/\\\/www.bellunopress.it\\\/2019\\\/12\\\/09\\\/crisi-acc-berton-ai-sindacati-il-sistema-industriale-bellunese-e-sano-fare-allarmismo-non-aiuta\\\/\",\"url\":\"https:\\\/\\\/www.bellunopress.it\\\/2019\\\/12\\\/09\\\/crisi-acc-berton-ai-sindacati-il-sistema-industriale-bellunese-e-sano-fare-allarmismo-non-aiuta\\\/\",\"name\":\"Crisi Acc. Berton ai sindacati: \u00abIl sistema industriale bellunese \u00e8 sano. Fare allarmismo non aiuta\u00bb - Bellunopress - Dolomiti\",\"isPartOf\":{\"@id\":\"https:\\\/\\\/www.bellunopress.it\\\/#website\"},\"primaryImageOfPage\":{\"@id\":\"https:\\\/\\\/www.bellunopress.it\\\/2019\\\/12\\\/09\\\/crisi-acc-berton-ai-sindacati-il-sistema-industriale-bellunese-e-sano-fare-allarmismo-non-aiuta\\\/#primaryimage\"},\"image\":{\"@id\":\"https:\\\/\\\/www.bellunopress.it\\\/2019\\\/12\\\/09\\\/crisi-acc-berton-ai-sindacati-il-sistema-industriale-bellunese-e-sano-fare-allarmismo-non-aiuta\\\/#primaryimage\"},\"thumbnailUrl\":\"http:\\\/\\\/www.bellunopress.it\\\/wp-content\\\/uploads\\\/2019\\\/09\\\/Lorraine-Berton.jpg\",\"datePublished\":\"2019-12-09T16:24:54+00:00\",\"breadcrumb\":{\"@id\":\"https:\\\/\\\/www.bellunopress.it\\\/2019\\\/12\\\/09\\\/crisi-acc-berton-ai-sindacati-il-sistema-industriale-bellunese-e-sano-fare-allarmismo-non-aiuta\\\/#breadcrumb\"},\"inLanguage\":\"fr-FR\",\"potentialAction\":[{\"@type\":\"ReadAction\",\"target\":[\"https:\\\/\\\/www.bellunopress.it\\\/2019\\\/12\\\/09\\\/crisi-acc-berton-ai-sindacati-il-sistema-industriale-bellunese-e-sano-fare-allarmismo-non-aiuta\\\/\"]}]},{\"@type\":\"ImageObject\",\"inLanguage\":\"fr-FR\",\"@id\":\"https:\\\/\\\/www.bellunopress.it\\\/2019\\\/12\\\/09\\\/crisi-acc-berton-ai-sindacati-il-sistema-industriale-bellunese-e-sano-fare-allarmismo-non-aiuta\\\/#primaryimage\",\"url\":\"http:\\\/\\\/www.bellunopress.it\\\/wp-content\\\/uploads\\\/2019\\\/09\\\/Lorraine-Berton.jpg\",\"contentUrl\":\"http:\\\/\\\/www.bellunopress.it\\\/wp-content\\\/uploads\\\/2019\\\/09\\\/Lorraine-Berton.jpg\"},{\"@type\":\"BreadcrumbList\",\"@id\":\"https:\\\/\\\/www.bellunopress.it\\\/2019\\\/12\\\/09\\\/crisi-acc-berton-ai-sindacati-il-sistema-industriale-bellunese-e-sano-fare-allarmismo-non-aiuta\\\/#breadcrumb\",\"itemListElement\":[{\"@type\":\"ListItem\",\"position\":1,\"name\":\"Home\",\"item\":\"https:\\\/\\\/www.bellunopress.it\\\/\"},{\"@type\":\"ListItem\",\"position\":2,\"name\":\"Crisi Acc. Berton ai sindacati: \u00abIl sistema industriale bellunese \u00e8 sano. Fare allarmismo non aiuta\u00bb\"}]},{\"@type\":\"WebSite\",\"@id\":\"https:\\\/\\\/www.bellunopress.it\\\/#website\",\"url\":\"https:\\\/\\\/www.bellunopress.it\\\/\",\"name\":\"Bellunopress - Dolomiti\",\"description\":\"e-mail: redazione@bellunopress.it\",\"publisher\":{\"@id\":\"https:\\\/\\\/www.bellunopress.it\\\/#organization\"},\"potentialAction\":[{\"@type\":\"SearchAction\",\"target\":{\"@type\":\"EntryPoint\",\"urlTemplate\":\"https:\\\/\\\/www.bellunopress.it\\\/?s={search_term_string}\"},\"query-input\":{\"@type\":\"PropertyValueSpecification\",\"valueRequired\":true,\"valueName\":\"search_term_string\"}}],\"inLanguage\":\"fr-FR\"},{\"@type\":\"Organization\",\"@id\":\"https:\\\/\\\/www.bellunopress.it\\\/#organization\",\"name\":\"Bellunopress\",\"url\":\"https:\\\/\\\/www.bellunopress.it\\\/\",\"logo\":{\"@type\":\"ImageObject\",\"inLanguage\":\"fr-FR\",\"@id\":\"https:\\\/\\\/www.bellunopress.it\\\/#\\\/schema\\\/logo\\\/image\\\/\",\"url\":\"https:\\\/\\\/www.bellunopress.it\\\/wp-content\\\/uploads\\\/2011\\\/05\\\/cropped-logo-bellunopress-.jpg\",\"contentUrl\":\"https:\\\/\\\/www.bellunopress.it\\\/wp-content\\\/uploads\\\/2011\\\/05\\\/cropped-logo-bellunopress-.jpg\",\"width\":512,\"height\":512,\"caption\":\"Bellunopress\"},\"image\":{\"@id\":\"https:\\\/\\\/www.bellunopress.it\\\/#\\\/schema\\\/logo\\\/image\\\/\"},\"sameAs\":[\"https:\\\/\\\/www.facebook.com\\\/profile.php?id=100008943462799\",\"https:\\\/\\\/x.com\\\/bellunopress\",\"https:\\\/\\\/www.linkedin.com\\\/hp\\\/?dnr=JBzUWaJfMUw8vbXJJ2tVW5-I3jZKvC4wsoxE&amp;amp;amp;amp;amp;amp;trk=nav_responsive_tab_home\",\"https:\\\/\\\/www.youtube.com\\\/channel\\\/UCxL0wu1uN0_3_7hGG0306cw\"]},{\"@type\":\"Person\",\"@id\":\"https:\\\/\\\/www.bellunopress.it\\\/#\\\/schema\\\/person\\\/79bb06722b37ece1c03d3e94beb30d73\",\"name\":\"redazione\",\"image\":{\"@type\":\"ImageObject\",\"inLanguage\":\"fr-FR\",\"@id\":\"https:\\\/\\\/secure.gravatar.com\\\/avatar\\\/37d968a2e67a6fd04c169c4bdef102d0bc5d31b2546345219e348575eb80e9a0?s=96&d=mm&r=g\",\"url\":\"https:\\\/\\\/secure.gravatar.com\\\/avatar\\\/37d968a2e67a6fd04c169c4bdef102d0bc5d31b2546345219e348575eb80e9a0?s=96&d=mm&r=g\",\"contentUrl\":\"https:\\\/\\\/secure.gravatar.com\\\/avatar\\\/37d968a2e67a6fd04c169c4bdef102d0bc5d31b2546345219e348575eb80e9a0?s=96&d=mm&r=g\",\"caption\":\"redazione\"},\"sameAs\":[\"http:\\\/\\\/www.bellunopress.it\",\"https:\\\/\\\/x.com\\\/bellunopress\"],\"url\":\"https:\\\/\\\/www.bellunopress.it\\\/fr\\\/author\\\/redazione\\\/\"}]}<\/script>\n<!-- \/ Yoast SEO plugin. -->","yoast_head_json":{"title":"Crisi Acc. Berton ai sindacati: \u00abIl sistema industriale bellunese \u00e8 sano. Fare allarmismo non aiuta\u00bb - Bellunopress - Dolomiti","robots":{"index":"index","follow":"follow","max-snippet":"max-snippet:-1","max-image-preview":"max-image-preview:large","max-video-preview":"max-video-preview:-1"},"canonical":"https:\/\/www.bellunopress.it\/fr\/2019\/12\/09\/crisi-acc-berton-ai-sindacati-il-sistema-industriale-bellunese-e-sano-fare-allarmismo-non-aiuta\/","og_locale":"fr_FR","og_type":"article","og_title":"Crisi Acc. Berton ai sindacati: \u00abIl sistema industriale bellunese \u00e8 sano. Fare allarmismo non aiuta\u00bb - Bellunopress - Dolomiti","og_description":"Belluno, 9 dicembre 2019 \u2013 \u00abDire che il caso Acc metta in luce la fragilit\u00e0 del sistema industriale bellunese \u00e8 profondamente sbagliato. Da presidente degli industriali di Belluno, non posso accettarlo. \u00c8 fuori dalla realt\u00e0. Cgil e Cisl, nella loro nota congiunta, rendono un pessimo servizio al cuore produttivo di questa provincia, scattando una fotografia [&hellip;]","og_url":"https:\/\/www.bellunopress.it\/fr\/2019\/12\/09\/crisi-acc-berton-ai-sindacati-il-sistema-industriale-bellunese-e-sano-fare-allarmismo-non-aiuta\/","og_site_name":"Bellunopress - Dolomiti","article_publisher":"https:\/\/www.facebook.com\/profile.php?id=100008943462799","article_published_time":"2019-12-09T16:24:54+00:00","og_image":[{"url":"http:\/\/www.bellunopress.it\/wp-content\/uploads\/2019\/09\/Lorraine-Berton.jpg","type":"","width":"","height":""}],"author":"redazione","twitter_card":"summary_large_image","twitter_creator":"@bellunopress","twitter_site":"@bellunopress","twitter_misc":{"\u00c9crit par":"redazione","Dur\u00e9e de lecture estim\u00e9e":"2 minutes"},"schema":{"@context":"https:\/\/schema.org","@graph":[{"@type":"Article","@id":"https:\/\/www.bellunopress.it\/2019\/12\/09\/crisi-acc-berton-ai-sindacati-il-sistema-industriale-bellunese-e-sano-fare-allarmismo-non-aiuta\/#article","isPartOf":{"@id":"https:\/\/www.bellunopress.it\/2019\/12\/09\/crisi-acc-berton-ai-sindacati-il-sistema-industriale-bellunese-e-sano-fare-allarmismo-non-aiuta\/"},"author":{"name":"redazione","@id":"https:\/\/www.bellunopress.it\/#\/schema\/person\/79bb06722b37ece1c03d3e94beb30d73"},"headline":"Crisi Acc. Berton ai sindacati: \u00abIl sistema industriale bellunese \u00e8 sano. Fare allarmismo non aiuta\u00bb","datePublished":"2019-12-09T16:24:54+00:00","mainEntityOfPage":{"@id":"https:\/\/www.bellunopress.it\/2019\/12\/09\/crisi-acc-berton-ai-sindacati-il-sistema-industriale-bellunese-e-sano-fare-allarmismo-non-aiuta\/"},"wordCount":349,"publisher":{"@id":"https:\/\/www.bellunopress.it\/#organization"},"image":{"@id":"https:\/\/www.bellunopress.it\/2019\/12\/09\/crisi-acc-berton-ai-sindacati-il-sistema-industriale-bellunese-e-sano-fare-allarmismo-non-aiuta\/#primaryimage"},"thumbnailUrl":"http:\/\/www.bellunopress.it\/wp-content\/uploads\/2019\/09\/Lorraine-Berton.jpg","articleSection":["Lavoro, Economia, Turismo","Prima Pagina"],"inLanguage":"fr-FR"},{"@type":"WebPage","@id":"https:\/\/www.bellunopress.it\/2019\/12\/09\/crisi-acc-berton-ai-sindacati-il-sistema-industriale-bellunese-e-sano-fare-allarmismo-non-aiuta\/","url":"https:\/\/www.bellunopress.it\/2019\/12\/09\/crisi-acc-berton-ai-sindacati-il-sistema-industriale-bellunese-e-sano-fare-allarmismo-non-aiuta\/","name":"Crisi Acc. Berton ai sindacati: \u00abIl sistema industriale bellunese \u00e8 sano. Fare allarmismo non aiuta\u00bb - Bellunopress - Dolomiti","isPartOf":{"@id":"https:\/\/www.bellunopress.it\/#website"},"primaryImageOfPage":{"@id":"https:\/\/www.bellunopress.it\/2019\/12\/09\/crisi-acc-berton-ai-sindacati-il-sistema-industriale-bellunese-e-sano-fare-allarmismo-non-aiuta\/#primaryimage"},"image":{"@id":"https:\/\/www.bellunopress.it\/2019\/12\/09\/crisi-acc-berton-ai-sindacati-il-sistema-industriale-bellunese-e-sano-fare-allarmismo-non-aiuta\/#primaryimage"},"thumbnailUrl":"http:\/\/www.bellunopress.it\/wp-content\/uploads\/2019\/09\/Lorraine-Berton.jpg","datePublished":"2019-12-09T16:24:54+00:00","breadcrumb":{"@id":"https:\/\/www.bellunopress.it\/2019\/12\/09\/crisi-acc-berton-ai-sindacati-il-sistema-industriale-bellunese-e-sano-fare-allarmismo-non-aiuta\/#breadcrumb"},"inLanguage":"fr-FR","potentialAction":[{"@type":"ReadAction","target":["https:\/\/www.bellunopress.it\/2019\/12\/09\/crisi-acc-berton-ai-sindacati-il-sistema-industriale-bellunese-e-sano-fare-allarmismo-non-aiuta\/"]}]},{"@type":"ImageObject","inLanguage":"fr-FR","@id":"https:\/\/www.bellunopress.it\/2019\/12\/09\/crisi-acc-berton-ai-sindacati-il-sistema-industriale-bellunese-e-sano-fare-allarmismo-non-aiuta\/#primaryimage","url":"http:\/\/www.bellunopress.it\/wp-content\/uploads\/2019\/09\/Lorraine-Berton.jpg","contentUrl":"http:\/\/www.bellunopress.it\/wp-content\/uploads\/2019\/09\/Lorraine-Berton.jpg"},{"@type":"BreadcrumbList","@id":"https:\/\/www.bellunopress.it\/2019\/12\/09\/crisi-acc-berton-ai-sindacati-il-sistema-industriale-bellunese-e-sano-fare-allarmismo-non-aiuta\/#breadcrumb","itemListElement":[{"@type":"ListItem","position":1,"name":"Home","item":"https:\/\/www.bellunopress.it\/"},{"@type":"ListItem","position":2,"name":"Crisi Acc. Berton ai sindacati: \u00abIl sistema industriale bellunese \u00e8 sano. Fare allarmismo non aiuta\u00bb"}]},{"@type":"WebSite","@id":"https:\/\/www.bellunopress.it\/#website","url":"https:\/\/www.bellunopress.it\/","name":"Bellunopress - Dolomiti","description":"e-mail: redazione@bellunopress.it","publisher":{"@id":"https:\/\/www.bellunopress.it\/#organization"},"potentialAction":[{"@type":"SearchAction","target":{"@type":"EntryPoint","urlTemplate":"https:\/\/www.bellunopress.it\/?s={search_term_string}"},"query-input":{"@type":"PropertyValueSpecification","valueRequired":true,"valueName":"search_term_string"}}],"inLanguage":"fr-FR"},{"@type":"Organization","@id":"https:\/\/www.bellunopress.it\/#organization","name":"Bellunopress","url":"https:\/\/www.bellunopress.it\/","logo":{"@type":"ImageObject","inLanguage":"fr-FR","@id":"https:\/\/www.bellunopress.it\/#\/schema\/logo\/image\/","url":"https:\/\/www.bellunopress.it\/wp-content\/uploads\/2011\/05\/cropped-logo-bellunopress-.jpg","contentUrl":"https:\/\/www.bellunopress.it\/wp-content\/uploads\/2011\/05\/cropped-logo-bellunopress-.jpg","width":512,"height":512,"caption":"Bellunopress"},"image":{"@id":"https:\/\/www.bellunopress.it\/#\/schema\/logo\/image\/"},"sameAs":["https:\/\/www.facebook.com\/profile.php?id=100008943462799","https:\/\/x.com\/bellunopress","https:\/\/www.linkedin.com\/hp\/?dnr=JBzUWaJfMUw8vbXJJ2tVW5-I3jZKvC4wsoxE&amp;amp;amp;amp;amp;amp;trk=nav_responsive_tab_home","https:\/\/www.youtube.com\/channel\/UCxL0wu1uN0_3_7hGG0306cw"]},{"@type":"Person","@id":"https:\/\/www.bellunopress.it\/#\/schema\/person\/79bb06722b37ece1c03d3e94beb30d73","name":"r\u00e9daction","image":{"@type":"ImageObject","inLanguage":"fr-FR","@id":"https:\/\/secure.gravatar.com\/avatar\/37d968a2e67a6fd04c169c4bdef102d0bc5d31b2546345219e348575eb80e9a0?s=96&d=mm&r=g","url":"https:\/\/secure.gravatar.com\/avatar\/37d968a2e67a6fd04c169c4bdef102d0bc5d31b2546345219e348575eb80e9a0?s=96&d=mm&r=g","contentUrl":"https:\/\/secure.gravatar.com\/avatar\/37d968a2e67a6fd04c169c4bdef102d0bc5d31b2546345219e348575eb80e9a0?s=96&d=mm&r=g","caption":"redazione"},"sameAs":["http:\/\/www.bellunopress.it","https:\/\/x.com\/bellunopress"],"url":"https:\/\/www.bellunopress.it\/fr\/author\/redazione\/"}]}},"_links":{"self":[{"href":"https:\/\/www.bellunopress.it\/fr\/wp-json\/wp\/v2\/posts\/110287","targetHints":{"allow":["GET"]}}],"collection":[{"href":"https:\/\/www.bellunopress.it\/fr\/wp-json\/wp\/v2\/posts"}],"about":[{"href":"https:\/\/www.bellunopress.it\/fr\/wp-json\/wp\/v2\/types\/post"}],"author":[{"embeddable":true,"href":"https:\/\/www.bellunopress.it\/fr\/wp-json\/wp\/v2\/users\/2"}],"replies":[{"embeddable":true,"href":"https:\/\/www.bellunopress.it\/fr\/wp-json\/wp\/v2\/comments?post=110287"}],"version-history":[{"count":1,"href":"https:\/\/www.bellunopress.it\/fr\/wp-json\/wp\/v2\/posts\/110287\/revisions"}],"predecessor-version":[{"id":110288,"href":"https:\/\/www.bellunopress.it\/fr\/wp-json\/wp\/v2\/posts\/110287\/revisions\/110288"}],"wp:attachment":[{"href":"https:\/\/www.bellunopress.it\/fr\/wp-json\/wp\/v2\/media?parent=110287"}],"wp:term":[{"taxonomy":"category","embeddable":true,"href":"https:\/\/www.bellunopress.it\/fr\/wp-json\/wp\/v2\/categories?post=110287"},{"taxonomy":"post_tag","embeddable":true,"href":"https:\/\/www.bellunopress.it\/fr\/wp-json\/wp\/v2\/tags?post=110287"}],"curies":[{"name":"wp","href":"https:\/\/api.w.org\/{rel}","templated":true}]}}