{"id":110285,"date":"2019-12-09T13:48:48","date_gmt":"2019-12-09T12:48:48","guid":{"rendered":"http:\/\/www.bellunopress.it\/?p=110285"},"modified":"2019-12-09T13:48:48","modified_gmt":"2019-12-09T12:48:48","slug":"manifestazioni-del-2020-a-feltre-lamministrazione-invita-a-comunicare-le-date-entro-il-15-gennaio-2020r-un-calendario-condiviso","status":"publish","type":"post","link":"https:\/\/www.bellunopress.it\/fr\/2019\/12\/09\/manifestazioni-del-2020-a-feltre-lamministrazione-invita-a-comunicare-le-date-entro-il-15-gennaio-2020r-un-calendario-condiviso\/","title":{"rendered":"Manifestazioni del 2020 a Feltre: l&#8217;amministrazione invita a comunicare le date entro il 15 gennaio 2020r un calendario condiviso"},"content":{"rendered":"<p><a href=\"http:\/\/www.bellunopress.it\/fr\/2019\/03\/19\/feltre-taglio-piante-in-largo-de-mezzan-giovedi-modifiche-alla-viabilita-in-centro-storico\/feltre-3\/\" rel=\"attachment wp-att-103011\"><img loading=\"lazy\" decoding=\"async\" class=\"alignleft size-full wp-image-103011\" src=\"http:\/\/www.bellunopress.it\/wp-content\/uploads\/2019\/03\/Feltre.jpg\" alt=\"\" width=\"300\" height=\"91\" \/><\/a>Feltre, 09 dicembre 2019 &#8211;\u00a0Il calendario delle manifestazioni pubbliche nel territorio feltrino \u00e8 senza dubbio uno dei pi\u00f9 ricchi e articolati a livello regionale. Un carnet pieno di proposte, che spaziano dall\u2019ambito culturale a quello sportivo, da quello storico-rievocativo, a quello artigianale, musicale, gastronomico e ricreativo (solo per citare alcuni esempi), passando per la molteplicit\u00e0 di eventi organizzati dalle associazioni e dai gruppi di volontariato nei settori pi\u00f9 diversi. Una vastit\u00e0 di proposte che, particolarmente nel periodo primaverile ed estivo, rischiano di accavallarsi andando in qualche occasione a creare difficolt\u00e0 logistiche se non addirittura una sorta di \u201cconcorrenza interna\u201d.<br \/>\nCos\u00ec l\u2019amministrazione comunale intende ora richiedere la collaborazione di enti, privati cittadini e associazioni per arrivare ad un calendario unico e condiviso delle manifestazioni feltrine.<\/p>\n<p>\u201cL\u2019obiettivo\u201d, sottolinea il presidente del consiglio comunale di Feltre con la delega alle manifestazioni Manuel Sacchet, \u201c\u00e8 quello conoscere, per quanto possibile, la data individuata per lo svolgimento di ciascun evento affinch\u00e8 la collocazione temporale sia la pi\u00f9 opportuna ed adeguata, proprio nell\u2019intento dare a ogni manifestazione adeguato risalto e soddisfazione. Sappiamo bene quanto lavorino le nostre associazioni, nella gran parte dei casi sostenute quasi esclusivamente dal volontariato, per promuovere le proprie attivit\u00e0, spesso destinate a finalit\u00e0 benefiche. Per questo chiediamo la collaborazione di tutti nel fornirci gli elementi utili a creare una sorta di palinsesto condiviso degli eventi e delle manifestazioni pubbliche per il 2020\u201d, conclude Sacchet.<\/p>\n<p>L&#8217;Amministrazione comunale invita dunque tutte le associazioni, i privati e gli altri soggetti interessati ad organizzazione eventi o manifestazioni pubblici di qualsivoglia natura per il 2020 a comunicarlo ENTRO IL PROSSIMO 15 GENNAIO alla mail: ufficio.manifestazioni@comune.feltre.bl.it;<br \/>\nRecapito tel. 0439 885385.<\/p>\n<p>Nella comunicazione dovranno essere indicati gli elementi principali di ciascuna proposta, ovvero il nome del soggetto proponente, i dati di un referente, un recapito telefonico e di posta elettronica per future comunicazioni. Dell\u2019evento proposto dovranno essere indicati la data, il titolo, il luogo di svolgimento e una breve descrizione generale.<\/p>\n<p>Va ricordato che, naturalmente, che questa comunicazione preliminare dell\u2019evento non costituisce autorizzazione allo stesso, che dovr\u00e0 poi essere vagliata attraverso il consueto iter previsto dall&#8217;ufficio manifestazioni nel rispetto delle norme e dei regolamenti del Comune di Feltre.<\/p>","protected":false},"excerpt":{"rendered":"<p>Feltre, 09 dicembre 2019 &#8211;\u00a0Il calendario delle manifestazioni pubbliche nel territorio feltrino \u00e8 senza dubbio uno dei pi\u00f9 ricchi e articolati a livello regionale. Un carnet pieno di proposte, che spaziano dall\u2019ambito culturale a quello sportivo, da quello storico-rievocativo, a quello artigianale, musicale, gastronomico e ricreativo (solo per citare alcuni esempi), passando per la molteplicit\u00e0 [&hellip;]<\/p>\n","protected":false},"author":2,"featured_media":0,"comment_status":"closed","ping_status":"open","sticky":false,"template":"","format":"standard","meta":{"footnotes":""},"categories":[27,3,26,8,4],"tags":[],"class_list":["post-110285","post","type-post","status-publish","format-standard","category-appuntamenti","category-arte-cultura-spettacoli-scienza-archivi","category-prima-pagina","category-societa-istituzioni","category-sport"],"yoast_head":"<!-- This site is optimized with the Yoast SEO plugin v28.4 - https:\/\/yoast.com\/product\/yoast-seo-wordpress\/ -->\n<title>Manifestazioni del 2020 a Feltre: l&#039;amministrazione invita a comunicare le date entro il 15 gennaio 2020r un calendario condiviso - Bellunopress - Dolomiti<\/title>\n<meta name=\"robots\" content=\"index, follow, max-snippet:-1, max-image-preview:large, max-video-preview:-1\" \/>\n<link rel=\"canonical\" href=\"https:\/\/www.bellunopress.it\/fr\/2019\/12\/09\/manifestazioni-del-2020-a-feltre-lamministrazione-invita-a-comunicare-le-date-entro-il-15-gennaio-2020r-un-calendario-condiviso\/\" \/>\n<meta property=\"og:locale\" content=\"fr_FR\" \/>\n<meta property=\"og:type\" content=\"article\" \/>\n<meta property=\"og:title\" content=\"Manifestazioni del 2020 a Feltre: l&#039;amministrazione invita a comunicare le date entro il 15 gennaio 2020r un calendario condiviso - Bellunopress - Dolomiti\" \/>\n<meta property=\"og:description\" content=\"Feltre, 09 dicembre 2019 &#8211;\u00a0Il calendario delle manifestazioni pubbliche nel territorio feltrino \u00e8 senza dubbio uno dei pi\u00f9 ricchi e articolati a livello regionale. Un carnet pieno di proposte, che spaziano dall\u2019ambito culturale a quello sportivo, da quello storico-rievocativo, a quello artigianale, musicale, gastronomico e ricreativo (solo per citare alcuni esempi), passando per la molteplicit\u00e0 [&hellip;]\" \/>\n<meta property=\"og:url\" content=\"https:\/\/www.bellunopress.it\/fr\/2019\/12\/09\/manifestazioni-del-2020-a-feltre-lamministrazione-invita-a-comunicare-le-date-entro-il-15-gennaio-2020r-un-calendario-condiviso\/\" \/>\n<meta property=\"og:site_name\" content=\"Bellunopress - Dolomiti\" \/>\n<meta property=\"article:publisher\" content=\"https:\/\/www.facebook.com\/profile.php?id=100008943462799\" \/>\n<meta property=\"article:published_time\" content=\"2019-12-09T12:48:48+00:00\" \/>\n<meta property=\"og:image\" content=\"http:\/\/www.bellunopress.it\/wp-content\/uploads\/2019\/03\/Feltre.jpg\" \/>\n<meta name=\"author\" content=\"redazione\" \/>\n<meta name=\"twitter:card\" content=\"summary_large_image\" \/>\n<meta name=\"twitter:creator\" content=\"@bellunopress\" \/>\n<meta name=\"twitter:site\" content=\"@bellunopress\" \/>\n<meta name=\"twitter:label1\" content=\"Written by\" \/>\n\t<meta name=\"twitter:data1\" content=\"redazione\" \/>\n\t<meta name=\"twitter:label2\" content=\"Est. reading time\" \/>\n\t<meta name=\"twitter:data2\" content=\"2 minutes\" \/>\n<script type=\"application\/ld+json\" class=\"yoast-schema-graph\">{\"@context\":\"https:\\\/\\\/schema.org\",\"@graph\":[{\"@type\":\"Article\",\"@id\":\"https:\\\/\\\/www.bellunopress.it\\\/2019\\\/12\\\/09\\\/manifestazioni-del-2020-a-feltre-lamministrazione-invita-a-comunicare-le-date-entro-il-15-gennaio-2020r-un-calendario-condiviso\\\/#article\",\"isPartOf\":{\"@id\":\"https:\\\/\\\/www.bellunopress.it\\\/2019\\\/12\\\/09\\\/manifestazioni-del-2020-a-feltre-lamministrazione-invita-a-comunicare-le-date-entro-il-15-gennaio-2020r-un-calendario-condiviso\\\/\"},\"author\":{\"name\":\"redazione\",\"@id\":\"https:\\\/\\\/www.bellunopress.it\\\/#\\\/schema\\\/person\\\/79bb06722b37ece1c03d3e94beb30d73\"},\"headline\":\"Manifestazioni del 2020 a Feltre: l&#8217;amministrazione invita a comunicare le date entro il 15 gennaio 2020r un calendario condiviso\",\"datePublished\":\"2019-12-09T12:48:48+00:00\",\"mainEntityOfPage\":{\"@id\":\"https:\\\/\\\/www.bellunopress.it\\\/2019\\\/12\\\/09\\\/manifestazioni-del-2020-a-feltre-lamministrazione-invita-a-comunicare-le-date-entro-il-15-gennaio-2020r-un-calendario-condiviso\\\/\"},\"wordCount\":382,\"publisher\":{\"@id\":\"https:\\\/\\\/www.bellunopress.it\\\/#organization\"},\"image\":{\"@id\":\"https:\\\/\\\/www.bellunopress.it\\\/2019\\\/12\\\/09\\\/manifestazioni-del-2020-a-feltre-lamministrazione-invita-a-comunicare-le-date-entro-il-15-gennaio-2020r-un-calendario-condiviso\\\/#primaryimage\"},\"thumbnailUrl\":\"http:\\\/\\\/www.bellunopress.it\\\/wp-content\\\/uploads\\\/2019\\\/03\\\/Feltre.jpg\",\"articleSection\":[\"Appuntamenti, Eventi\",\"Arte, Cultura, Spettacoli, Scienza\",\"Prima Pagina\",\"Societ\u00e0, Associazioni, Istituzioni\",\"Sport, tempo libero\"],\"inLanguage\":\"fr-FR\"},{\"@type\":\"WebPage\",\"@id\":\"https:\\\/\\\/www.bellunopress.it\\\/2019\\\/12\\\/09\\\/manifestazioni-del-2020-a-feltre-lamministrazione-invita-a-comunicare-le-date-entro-il-15-gennaio-2020r-un-calendario-condiviso\\\/\",\"url\":\"https:\\\/\\\/www.bellunopress.it\\\/2019\\\/12\\\/09\\\/manifestazioni-del-2020-a-feltre-lamministrazione-invita-a-comunicare-le-date-entro-il-15-gennaio-2020r-un-calendario-condiviso\\\/\",\"name\":\"Manifestazioni del 2020 a Feltre: l'amministrazione invita a comunicare le date entro il 15 gennaio 2020r un calendario condiviso - Bellunopress - Dolomiti\",\"isPartOf\":{\"@id\":\"https:\\\/\\\/www.bellunopress.it\\\/#website\"},\"primaryImageOfPage\":{\"@id\":\"https:\\\/\\\/www.bellunopress.it\\\/2019\\\/12\\\/09\\\/manifestazioni-del-2020-a-feltre-lamministrazione-invita-a-comunicare-le-date-entro-il-15-gennaio-2020r-un-calendario-condiviso\\\/#primaryimage\"},\"image\":{\"@id\":\"https:\\\/\\\/www.bellunopress.it\\\/2019\\\/12\\\/09\\\/manifestazioni-del-2020-a-feltre-lamministrazione-invita-a-comunicare-le-date-entro-il-15-gennaio-2020r-un-calendario-condiviso\\\/#primaryimage\"},\"thumbnailUrl\":\"http:\\\/\\\/www.bellunopress.it\\\/wp-content\\\/uploads\\\/2019\\\/03\\\/Feltre.jpg\",\"datePublished\":\"2019-12-09T12:48:48+00:00\",\"breadcrumb\":{\"@id\":\"https:\\\/\\\/www.bellunopress.it\\\/2019\\\/12\\\/09\\\/manifestazioni-del-2020-a-feltre-lamministrazione-invita-a-comunicare-le-date-entro-il-15-gennaio-2020r-un-calendario-condiviso\\\/#breadcrumb\"},\"inLanguage\":\"fr-FR\",\"potentialAction\":[{\"@type\":\"ReadAction\",\"target\":[\"https:\\\/\\\/www.bellunopress.it\\\/2019\\\/12\\\/09\\\/manifestazioni-del-2020-a-feltre-lamministrazione-invita-a-comunicare-le-date-entro-il-15-gennaio-2020r-un-calendario-condiviso\\\/\"]}]},{\"@type\":\"ImageObject\",\"inLanguage\":\"fr-FR\",\"@id\":\"https:\\\/\\\/www.bellunopress.it\\\/2019\\\/12\\\/09\\\/manifestazioni-del-2020-a-feltre-lamministrazione-invita-a-comunicare-le-date-entro-il-15-gennaio-2020r-un-calendario-condiviso\\\/#primaryimage\",\"url\":\"http:\\\/\\\/www.bellunopress.it\\\/wp-content\\\/uploads\\\/2019\\\/03\\\/Feltre.jpg\",\"contentUrl\":\"http:\\\/\\\/www.bellunopress.it\\\/wp-content\\\/uploads\\\/2019\\\/03\\\/Feltre.jpg\"},{\"@type\":\"BreadcrumbList\",\"@id\":\"https:\\\/\\\/www.bellunopress.it\\\/2019\\\/12\\\/09\\\/manifestazioni-del-2020-a-feltre-lamministrazione-invita-a-comunicare-le-date-entro-il-15-gennaio-2020r-un-calendario-condiviso\\\/#breadcrumb\",\"itemListElement\":[{\"@type\":\"ListItem\",\"position\":1,\"name\":\"Home\",\"item\":\"https:\\\/\\\/www.bellunopress.it\\\/\"},{\"@type\":\"ListItem\",\"position\":2,\"name\":\"Manifestazioni del 2020 a Feltre: l&#8217;amministrazione invita a comunicare le date entro il 15 gennaio 2020r un calendario condiviso\"}]},{\"@type\":\"WebSite\",\"@id\":\"https:\\\/\\\/www.bellunopress.it\\\/#website\",\"url\":\"https:\\\/\\\/www.bellunopress.it\\\/\",\"name\":\"Bellunopress - Dolomiti\",\"description\":\"e-mail: redazione@bellunopress.it\",\"publisher\":{\"@id\":\"https:\\\/\\\/www.bellunopress.it\\\/#organization\"},\"potentialAction\":[{\"@type\":\"SearchAction\",\"target\":{\"@type\":\"EntryPoint\",\"urlTemplate\":\"https:\\\/\\\/www.bellunopress.it\\\/?s={search_term_string}\"},\"query-input\":{\"@type\":\"PropertyValueSpecification\",\"valueRequired\":true,\"valueName\":\"search_term_string\"}}],\"inLanguage\":\"fr-FR\"},{\"@type\":\"Organization\",\"@id\":\"https:\\\/\\\/www.bellunopress.it\\\/#organization\",\"name\":\"Bellunopress\",\"url\":\"https:\\\/\\\/www.bellunopress.it\\\/\",\"logo\":{\"@type\":\"ImageObject\",\"inLanguage\":\"fr-FR\",\"@id\":\"https:\\\/\\\/www.bellunopress.it\\\/#\\\/schema\\\/logo\\\/image\\\/\",\"url\":\"https:\\\/\\\/www.bellunopress.it\\\/wp-content\\\/uploads\\\/2011\\\/05\\\/cropped-logo-bellunopress-.jpg\",\"contentUrl\":\"https:\\\/\\\/www.bellunopress.it\\\/wp-content\\\/uploads\\\/2011\\\/05\\\/cropped-logo-bellunopress-.jpg\",\"width\":512,\"height\":512,\"caption\":\"Bellunopress\"},\"image\":{\"@id\":\"https:\\\/\\\/www.bellunopress.it\\\/#\\\/schema\\\/logo\\\/image\\\/\"},\"sameAs\":[\"https:\\\/\\\/www.facebook.com\\\/profile.php?id=100008943462799\",\"https:\\\/\\\/x.com\\\/bellunopress\",\"https:\\\/\\\/www.linkedin.com\\\/hp\\\/?dnr=JBzUWaJfMUw8vbXJJ2tVW5-I3jZKvC4wsoxE&amp;amp;amp;amp;amp;amp;trk=nav_responsive_tab_home\",\"https:\\\/\\\/www.youtube.com\\\/channel\\\/UCxL0wu1uN0_3_7hGG0306cw\"]},{\"@type\":\"Person\",\"@id\":\"https:\\\/\\\/www.bellunopress.it\\\/#\\\/schema\\\/person\\\/79bb06722b37ece1c03d3e94beb30d73\",\"name\":\"redazione\",\"image\":{\"@type\":\"ImageObject\",\"inLanguage\":\"fr-FR\",\"@id\":\"https:\\\/\\\/secure.gravatar.com\\\/avatar\\\/37d968a2e67a6fd04c169c4bdef102d0bc5d31b2546345219e348575eb80e9a0?s=96&d=mm&r=g\",\"url\":\"https:\\\/\\\/secure.gravatar.com\\\/avatar\\\/37d968a2e67a6fd04c169c4bdef102d0bc5d31b2546345219e348575eb80e9a0?s=96&d=mm&r=g\",\"contentUrl\":\"https:\\\/\\\/secure.gravatar.com\\\/avatar\\\/37d968a2e67a6fd04c169c4bdef102d0bc5d31b2546345219e348575eb80e9a0?s=96&d=mm&r=g\",\"caption\":\"redazione\"},\"sameAs\":[\"http:\\\/\\\/www.bellunopress.it\",\"https:\\\/\\\/x.com\\\/bellunopress\"],\"url\":\"https:\\\/\\\/www.bellunopress.it\\\/fr\\\/author\\\/redazione\\\/\"}]}<\/script>\n<!-- \/ Yoast SEO plugin. -->","yoast_head_json":{"title":"Manifestazioni del 2020 a Feltre: l'amministrazione invita a comunicare le date entro il 15 gennaio 2020r un calendario condiviso - Bellunopress - Dolomiti","robots":{"index":"index","follow":"follow","max-snippet":"max-snippet:-1","max-image-preview":"max-image-preview:large","max-video-preview":"max-video-preview:-1"},"canonical":"https:\/\/www.bellunopress.it\/fr\/2019\/12\/09\/manifestazioni-del-2020-a-feltre-lamministrazione-invita-a-comunicare-le-date-entro-il-15-gennaio-2020r-un-calendario-condiviso\/","og_locale":"fr_FR","og_type":"article","og_title":"Manifestazioni del 2020 a Feltre: l'amministrazione invita a comunicare le date entro il 15 gennaio 2020r un calendario condiviso - Bellunopress - Dolomiti","og_description":"Feltre, 09 dicembre 2019 &#8211;\u00a0Il calendario delle manifestazioni pubbliche nel territorio feltrino \u00e8 senza dubbio uno dei pi\u00f9 ricchi e articolati a livello regionale. Un carnet pieno di proposte, che spaziano dall\u2019ambito culturale a quello sportivo, da quello storico-rievocativo, a quello artigianale, musicale, gastronomico e ricreativo (solo per citare alcuni esempi), passando per la molteplicit\u00e0 [&hellip;]","og_url":"https:\/\/www.bellunopress.it\/fr\/2019\/12\/09\/manifestazioni-del-2020-a-feltre-lamministrazione-invita-a-comunicare-le-date-entro-il-15-gennaio-2020r-un-calendario-condiviso\/","og_site_name":"Bellunopress - Dolomiti","article_publisher":"https:\/\/www.facebook.com\/profile.php?id=100008943462799","article_published_time":"2019-12-09T12:48:48+00:00","og_image":[{"url":"http:\/\/www.bellunopress.it\/wp-content\/uploads\/2019\/03\/Feltre.jpg","type":"","width":"","height":""}],"author":"redazione","twitter_card":"summary_large_image","twitter_creator":"@bellunopress","twitter_site":"@bellunopress","twitter_misc":{"Written by":"redazione","Est. reading time":"2 minutes"},"schema":{"@context":"https:\/\/schema.org","@graph":[{"@type":"Article","@id":"https:\/\/www.bellunopress.it\/2019\/12\/09\/manifestazioni-del-2020-a-feltre-lamministrazione-invita-a-comunicare-le-date-entro-il-15-gennaio-2020r-un-calendario-condiviso\/#article","isPartOf":{"@id":"https:\/\/www.bellunopress.it\/2019\/12\/09\/manifestazioni-del-2020-a-feltre-lamministrazione-invita-a-comunicare-le-date-entro-il-15-gennaio-2020r-un-calendario-condiviso\/"},"author":{"name":"redazione","@id":"https:\/\/www.bellunopress.it\/#\/schema\/person\/79bb06722b37ece1c03d3e94beb30d73"},"headline":"Manifestazioni del 2020 a Feltre: l&#8217;amministrazione invita a comunicare le date entro il 15 gennaio 2020r un calendario condiviso","datePublished":"2019-12-09T12:48:48+00:00","mainEntityOfPage":{"@id":"https:\/\/www.bellunopress.it\/2019\/12\/09\/manifestazioni-del-2020-a-feltre-lamministrazione-invita-a-comunicare-le-date-entro-il-15-gennaio-2020r-un-calendario-condiviso\/"},"wordCount":382,"publisher":{"@id":"https:\/\/www.bellunopress.it\/#organization"},"image":{"@id":"https:\/\/www.bellunopress.it\/2019\/12\/09\/manifestazioni-del-2020-a-feltre-lamministrazione-invita-a-comunicare-le-date-entro-il-15-gennaio-2020r-un-calendario-condiviso\/#primaryimage"},"thumbnailUrl":"http:\/\/www.bellunopress.it\/wp-content\/uploads\/2019\/03\/Feltre.jpg","articleSection":["Appuntamenti, Eventi","Arte, Cultura, Spettacoli, Scienza","Prima Pagina","Societ\u00e0, Associazioni, Istituzioni","Sport, tempo libero"],"inLanguage":"fr-FR"},{"@type":"WebPage","@id":"https:\/\/www.bellunopress.it\/2019\/12\/09\/manifestazioni-del-2020-a-feltre-lamministrazione-invita-a-comunicare-le-date-entro-il-15-gennaio-2020r-un-calendario-condiviso\/","url":"https:\/\/www.bellunopress.it\/2019\/12\/09\/manifestazioni-del-2020-a-feltre-lamministrazione-invita-a-comunicare-le-date-entro-il-15-gennaio-2020r-un-calendario-condiviso\/","name":"Manifestazioni del 2020 a Feltre: l'amministrazione invita a comunicare le date entro il 15 gennaio 2020r un calendario condiviso - Bellunopress - Dolomiti","isPartOf":{"@id":"https:\/\/www.bellunopress.it\/#website"},"primaryImageOfPage":{"@id":"https:\/\/www.bellunopress.it\/2019\/12\/09\/manifestazioni-del-2020-a-feltre-lamministrazione-invita-a-comunicare-le-date-entro-il-15-gennaio-2020r-un-calendario-condiviso\/#primaryimage"},"image":{"@id":"https:\/\/www.bellunopress.it\/2019\/12\/09\/manifestazioni-del-2020-a-feltre-lamministrazione-invita-a-comunicare-le-date-entro-il-15-gennaio-2020r-un-calendario-condiviso\/#primaryimage"},"thumbnailUrl":"http:\/\/www.bellunopress.it\/wp-content\/uploads\/2019\/03\/Feltre.jpg","datePublished":"2019-12-09T12:48:48+00:00","breadcrumb":{"@id":"https:\/\/www.bellunopress.it\/2019\/12\/09\/manifestazioni-del-2020-a-feltre-lamministrazione-invita-a-comunicare-le-date-entro-il-15-gennaio-2020r-un-calendario-condiviso\/#breadcrumb"},"inLanguage":"fr-FR","potentialAction":[{"@type":"ReadAction","target":["https:\/\/www.bellunopress.it\/2019\/12\/09\/manifestazioni-del-2020-a-feltre-lamministrazione-invita-a-comunicare-le-date-entro-il-15-gennaio-2020r-un-calendario-condiviso\/"]}]},{"@type":"ImageObject","inLanguage":"fr-FR","@id":"https:\/\/www.bellunopress.it\/2019\/12\/09\/manifestazioni-del-2020-a-feltre-lamministrazione-invita-a-comunicare-le-date-entro-il-15-gennaio-2020r-un-calendario-condiviso\/#primaryimage","url":"http:\/\/www.bellunopress.it\/wp-content\/uploads\/2019\/03\/Feltre.jpg","contentUrl":"http:\/\/www.bellunopress.it\/wp-content\/uploads\/2019\/03\/Feltre.jpg"},{"@type":"BreadcrumbList","@id":"https:\/\/www.bellunopress.it\/2019\/12\/09\/manifestazioni-del-2020-a-feltre-lamministrazione-invita-a-comunicare-le-date-entro-il-15-gennaio-2020r-un-calendario-condiviso\/#breadcrumb","itemListElement":[{"@type":"ListItem","position":1,"name":"Home","item":"https:\/\/www.bellunopress.it\/"},{"@type":"ListItem","position":2,"name":"Manifestazioni del 2020 a Feltre: l&#8217;amministrazione invita a comunicare le date entro il 15 gennaio 2020r un calendario condiviso"}]},{"@type":"WebSite","@id":"https:\/\/www.bellunopress.it\/#website","url":"https:\/\/www.bellunopress.it\/","name":"Bellunopress - Dolomiti","description":"e-mail: redazione@bellunopress.it","publisher":{"@id":"https:\/\/www.bellunopress.it\/#organization"},"potentialAction":[{"@type":"SearchAction","target":{"@type":"EntryPoint","urlTemplate":"https:\/\/www.bellunopress.it\/?s={search_term_string}"},"query-input":{"@type":"PropertyValueSpecification","valueRequired":true,"valueName":"search_term_string"}}],"inLanguage":"fr-FR"},{"@type":"Organization","@id":"https:\/\/www.bellunopress.it\/#organization","name":"Bellunopress","url":"https:\/\/www.bellunopress.it\/","logo":{"@type":"ImageObject","inLanguage":"fr-FR","@id":"https:\/\/www.bellunopress.it\/#\/schema\/logo\/image\/","url":"https:\/\/www.bellunopress.it\/wp-content\/uploads\/2011\/05\/cropped-logo-bellunopress-.jpg","contentUrl":"https:\/\/www.bellunopress.it\/wp-content\/uploads\/2011\/05\/cropped-logo-bellunopress-.jpg","width":512,"height":512,"caption":"Bellunopress"},"image":{"@id":"https:\/\/www.bellunopress.it\/#\/schema\/logo\/image\/"},"sameAs":["https:\/\/www.facebook.com\/profile.php?id=100008943462799","https:\/\/x.com\/bellunopress","https:\/\/www.linkedin.com\/hp\/?dnr=JBzUWaJfMUw8vbXJJ2tVW5-I3jZKvC4wsoxE&amp;amp;amp;amp;amp;amp;trk=nav_responsive_tab_home","https:\/\/www.youtube.com\/channel\/UCxL0wu1uN0_3_7hGG0306cw"]},{"@type":"Person","@id":"https:\/\/www.bellunopress.it\/#\/schema\/person\/79bb06722b37ece1c03d3e94beb30d73","name":"r\u00e9daction","image":{"@type":"ImageObject","inLanguage":"fr-FR","@id":"https:\/\/secure.gravatar.com\/avatar\/37d968a2e67a6fd04c169c4bdef102d0bc5d31b2546345219e348575eb80e9a0?s=96&d=mm&r=g","url":"https:\/\/secure.gravatar.com\/avatar\/37d968a2e67a6fd04c169c4bdef102d0bc5d31b2546345219e348575eb80e9a0?s=96&d=mm&r=g","contentUrl":"https:\/\/secure.gravatar.com\/avatar\/37d968a2e67a6fd04c169c4bdef102d0bc5d31b2546345219e348575eb80e9a0?s=96&d=mm&r=g","caption":"redazione"},"sameAs":["http:\/\/www.bellunopress.it","https:\/\/x.com\/bellunopress"],"url":"https:\/\/www.bellunopress.it\/fr\/author\/redazione\/"}]}},"_links":{"self":[{"href":"https:\/\/www.bellunopress.it\/fr\/wp-json\/wp\/v2\/posts\/110285","targetHints":{"allow":["GET"]}}],"collection":[{"href":"https:\/\/www.bellunopress.it\/fr\/wp-json\/wp\/v2\/posts"}],"about":[{"href":"https:\/\/www.bellunopress.it\/fr\/wp-json\/wp\/v2\/types\/post"}],"author":[{"embeddable":true,"href":"https:\/\/www.bellunopress.it\/fr\/wp-json\/wp\/v2\/users\/2"}],"replies":[{"embeddable":true,"href":"https:\/\/www.bellunopress.it\/fr\/wp-json\/wp\/v2\/comments?post=110285"}],"version-history":[{"count":1,"href":"https:\/\/www.bellunopress.it\/fr\/wp-json\/wp\/v2\/posts\/110285\/revisions"}],"predecessor-version":[{"id":110286,"href":"https:\/\/www.bellunopress.it\/fr\/wp-json\/wp\/v2\/posts\/110285\/revisions\/110286"}],"wp:attachment":[{"href":"https:\/\/www.bellunopress.it\/fr\/wp-json\/wp\/v2\/media?parent=110285"}],"wp:term":[{"taxonomy":"category","embeddable":true,"href":"https:\/\/www.bellunopress.it\/fr\/wp-json\/wp\/v2\/categories?post=110285"},{"taxonomy":"post_tag","embeddable":true,"href":"https:\/\/www.bellunopress.it\/fr\/wp-json\/wp\/v2\/tags?post=110285"}],"curies":[{"name":"wp","href":"https:\/\/api.w.org\/{rel}","templated":true}]}}