{"id":110283,"date":"2019-12-09T13:34:45","date_gmt":"2019-12-09T12:34:45","guid":{"rendered":"http:\/\/www.bellunopress.it\/?p=110283"},"modified":"2019-12-09T13:34:45","modified_gmt":"2019-12-09T12:34:45","slug":"il-pd-provinciale-aderisce-alla-mobilitazione-contro-la-chiusura-di-acc-wanbao","status":"publish","type":"post","link":"https:\/\/www.bellunopress.it\/fr\/2019\/12\/09\/il-pd-provinciale-aderisce-alla-mobilitazione-contro-la-chiusura-di-acc-wanbao\/","title":{"rendered":"Il PD provinciale aderisce alla mobilitazione contro la chiusura di ACC Wanbao"},"content":{"rendered":"<figure id=\"attachment_102170\" aria-describedby=\"caption-attachment-102170\" style=\"width: 247px\" class=\"wp-caption alignleft\"><a href=\"http:\/\/www.bellunopress.it\/fr\/2019\/02\/18\/spopolamento-del-bellunese-giovedi-in-sede-del-pd-lapprofondimento\/monica-lotto\/\" rel=\"attachment wp-att-102170\"><img loading=\"lazy\" decoding=\"async\" class=\"size-full wp-image-102170\" src=\"http:\/\/www.bellunopress.it\/wp-content\/uploads\/2019\/02\/Monica-Lotto.jpeg\" alt=\"\" width=\"247\" height=\"292\" \/><\/a><figcaption id=\"caption-attachment-102170\" class=\"wp-caption-text\">Monica Lotto<\/figcaption><\/figure>\n<p>&#8220;Siamo al fianco dei lavoratori bellunesi nella lotta contro la chiusura dello stabilimento di Mel e il conseguente licenziamento dei suoi 285 lavoratori. Per questo parteciperemo alla mobilitazione promossa dai sindacati del comparto metalmeccanico&#8221; afferma la Segretaria provinciale PD Monica Lotto.<\/p>\n<p>Marted\u00ec 10 Dicembre si terr\u00e0 infatti il corteo di manifestanti che partir\u00e0 alle 9.30 dalla piazza del municipio di Mel per arrivare davanti allo stabilimento ACC-Wanbao. A seguire, davanti alla fabbrica gli interventi del Sindaco di Borgo Valbelluna Stefano Cesa e dei rappresentanti delle sigle sindacali che hanno promosso la mobilitazione nella giornata di sciopero generale dell&#8217;intero settore metalmeccanico bellunese.<\/p>\n<p>&#8220;Abbiamo cercato di tenere sempre alta l&#8217;attenzione su questa e sulle altre crisi preoccupanti in Provincia, anche grazie all&#8217;attivit\u00e0 parlamentare di Roger De Menech a Roma, facendo del nostro meglio per mobilitare i contatti diretti all&#8217;interno del Governo rispetto a queste vicende \u2013 prosegue Lotto \u2013 Si tratta di una situazione complicata, ma serve trovare una soluzione nel pi\u00f9 breve tempo possibile per garantire un futuro a queste famiglie&#8221;.<\/p>\n<p>&#8220;Siamo e saremo al fianco dei lavoratori e per questo parteciperemo al corteo di marted\u00ec 10 \u2013 afferma la Segretaria PD di Borgo Valbelluna, Alessia Telese \u2013 Crediamo che tutti i bellunesi debbano unirsi in solidariet\u00e0 con i dipendenti di ACC-Wanbao, indipendentemente dalle appartenenze politiche, ed \u00e8 bello vedere le numerose adesioni da molte parti della societ\u00e0 civile. Ci saremo anche noi, perch\u00e9 riteniamo fondamentale il rispetto della dignit\u00e0 dei lavoratori, che trova le sue radici nella nostra Costituzione.&#8221;<\/p>","protected":false},"excerpt":{"rendered":"<p>&#8220;Siamo al fianco dei lavoratori bellunesi nella lotta contro la chiusura dello stabilimento di Mel e il conseguente licenziamento dei suoi 285 lavoratori. Per questo parteciperemo alla mobilitazione promossa dai sindacati del comparto metalmeccanico&#8221; afferma la Segretaria provinciale PD Monica Lotto. Marted\u00ec 10 Dicembre si terr\u00e0 infatti il corteo di manifestanti che partir\u00e0 alle 9.30 [&hellip;]<\/p>\n","protected":false},"author":2,"featured_media":0,"comment_status":"closed","ping_status":"open","sticky":false,"template":"","format":"standard","meta":{"footnotes":""},"categories":[5,36,26],"tags":[],"class_list":["post-110283","post","type-post","status-publish","format-standard","category-cronaca","category-lavoro-economia","category-prima-pagina"],"yoast_head":"<!-- This site is optimized with the Yoast SEO plugin v28.4 - https:\/\/yoast.com\/product\/yoast-seo-wordpress\/ -->\n<title>Il PD provinciale aderisce alla mobilitazione contro la chiusura di ACC Wanbao - Bellunopress - Dolomiti<\/title>\n<meta name=\"robots\" content=\"index, follow, max-snippet:-1, max-image-preview:large, max-video-preview:-1\" \/>\n<link rel=\"canonical\" href=\"https:\/\/www.bellunopress.it\/fr\/2019\/12\/09\/il-pd-provinciale-aderisce-alla-mobilitazione-contro-la-chiusura-di-acc-wanbao\/\" \/>\n<meta property=\"og:locale\" content=\"fr_FR\" \/>\n<meta property=\"og:type\" content=\"article\" \/>\n<meta property=\"og:title\" content=\"Il PD provinciale aderisce alla mobilitazione contro la chiusura di ACC Wanbao - Bellunopress - Dolomiti\" \/>\n<meta property=\"og:description\" content=\"&#8220;Siamo al fianco dei lavoratori bellunesi nella lotta contro la chiusura dello stabilimento di Mel e il conseguente licenziamento dei suoi 285 lavoratori. Per questo parteciperemo alla mobilitazione promossa dai sindacati del comparto metalmeccanico&#8221; afferma la Segretaria provinciale PD Monica Lotto. Marted\u00ec 10 Dicembre si terr\u00e0 infatti il corteo di manifestanti che partir\u00e0 alle 9.30 [&hellip;]\" \/>\n<meta property=\"og:url\" content=\"https:\/\/www.bellunopress.it\/fr\/2019\/12\/09\/il-pd-provinciale-aderisce-alla-mobilitazione-contro-la-chiusura-di-acc-wanbao\/\" \/>\n<meta property=\"og:site_name\" content=\"Bellunopress - Dolomiti\" \/>\n<meta property=\"article:publisher\" content=\"https:\/\/www.facebook.com\/profile.php?id=100008943462799\" \/>\n<meta property=\"article:published_time\" content=\"2019-12-09T12:34:45+00:00\" \/>\n<meta property=\"og:image\" content=\"http:\/\/www.bellunopress.it\/wp-content\/uploads\/2019\/02\/Monica-Lotto.jpeg\" \/>\n<meta name=\"author\" content=\"redazione\" \/>\n<meta name=\"twitter:card\" content=\"summary_large_image\" \/>\n<meta name=\"twitter:creator\" content=\"@bellunopress\" \/>\n<meta name=\"twitter:site\" content=\"@bellunopress\" \/>\n<meta name=\"twitter:label1\" content=\"\u00c9crit par\" \/>\n\t<meta name=\"twitter:data1\" content=\"redazione\" \/>\n\t<meta name=\"twitter:label2\" content=\"Dur\u00e9e de lecture estim\u00e9e\" \/>\n\t<meta name=\"twitter:data2\" content=\"1 minute\" \/>\n<script type=\"application\/ld+json\" class=\"yoast-schema-graph\">{\"@context\":\"https:\\\/\\\/schema.org\",\"@graph\":[{\"@type\":\"Article\",\"@id\":\"https:\\\/\\\/www.bellunopress.it\\\/2019\\\/12\\\/09\\\/il-pd-provinciale-aderisce-alla-mobilitazione-contro-la-chiusura-di-acc-wanbao\\\/#article\",\"isPartOf\":{\"@id\":\"https:\\\/\\\/www.bellunopress.it\\\/2019\\\/12\\\/09\\\/il-pd-provinciale-aderisce-alla-mobilitazione-contro-la-chiusura-di-acc-wanbao\\\/\"},\"author\":{\"name\":\"redazione\",\"@id\":\"https:\\\/\\\/www.bellunopress.it\\\/#\\\/schema\\\/person\\\/79bb06722b37ece1c03d3e94beb30d73\"},\"headline\":\"Il PD provinciale aderisce alla mobilitazione contro la chiusura di ACC Wanbao\",\"datePublished\":\"2019-12-09T12:34:45+00:00\",\"mainEntityOfPage\":{\"@id\":\"https:\\\/\\\/www.bellunopress.it\\\/2019\\\/12\\\/09\\\/il-pd-provinciale-aderisce-alla-mobilitazione-contro-la-chiusura-di-acc-wanbao\\\/\"},\"wordCount\":265,\"publisher\":{\"@id\":\"https:\\\/\\\/www.bellunopress.it\\\/#organization\"},\"image\":{\"@id\":\"https:\\\/\\\/www.bellunopress.it\\\/2019\\\/12\\\/09\\\/il-pd-provinciale-aderisce-alla-mobilitazione-contro-la-chiusura-di-acc-wanbao\\\/#primaryimage\"},\"thumbnailUrl\":\"http:\\\/\\\/www.bellunopress.it\\\/wp-content\\\/uploads\\\/2019\\\/02\\\/Monica-Lotto.jpeg\",\"articleSection\":[\"Cronaca\\\/Politica\",\"Lavoro, Economia, Turismo\",\"Prima Pagina\"],\"inLanguage\":\"fr-FR\"},{\"@type\":\"WebPage\",\"@id\":\"https:\\\/\\\/www.bellunopress.it\\\/2019\\\/12\\\/09\\\/il-pd-provinciale-aderisce-alla-mobilitazione-contro-la-chiusura-di-acc-wanbao\\\/\",\"url\":\"https:\\\/\\\/www.bellunopress.it\\\/2019\\\/12\\\/09\\\/il-pd-provinciale-aderisce-alla-mobilitazione-contro-la-chiusura-di-acc-wanbao\\\/\",\"name\":\"Il PD provinciale aderisce alla mobilitazione contro la chiusura di ACC Wanbao - Bellunopress - Dolomiti\",\"isPartOf\":{\"@id\":\"https:\\\/\\\/www.bellunopress.it\\\/#website\"},\"primaryImageOfPage\":{\"@id\":\"https:\\\/\\\/www.bellunopress.it\\\/2019\\\/12\\\/09\\\/il-pd-provinciale-aderisce-alla-mobilitazione-contro-la-chiusura-di-acc-wanbao\\\/#primaryimage\"},\"image\":{\"@id\":\"https:\\\/\\\/www.bellunopress.it\\\/2019\\\/12\\\/09\\\/il-pd-provinciale-aderisce-alla-mobilitazione-contro-la-chiusura-di-acc-wanbao\\\/#primaryimage\"},\"thumbnailUrl\":\"http:\\\/\\\/www.bellunopress.it\\\/wp-content\\\/uploads\\\/2019\\\/02\\\/Monica-Lotto.jpeg\",\"datePublished\":\"2019-12-09T12:34:45+00:00\",\"breadcrumb\":{\"@id\":\"https:\\\/\\\/www.bellunopress.it\\\/2019\\\/12\\\/09\\\/il-pd-provinciale-aderisce-alla-mobilitazione-contro-la-chiusura-di-acc-wanbao\\\/#breadcrumb\"},\"inLanguage\":\"fr-FR\",\"potentialAction\":[{\"@type\":\"ReadAction\",\"target\":[\"https:\\\/\\\/www.bellunopress.it\\\/2019\\\/12\\\/09\\\/il-pd-provinciale-aderisce-alla-mobilitazione-contro-la-chiusura-di-acc-wanbao\\\/\"]}]},{\"@type\":\"ImageObject\",\"inLanguage\":\"fr-FR\",\"@id\":\"https:\\\/\\\/www.bellunopress.it\\\/2019\\\/12\\\/09\\\/il-pd-provinciale-aderisce-alla-mobilitazione-contro-la-chiusura-di-acc-wanbao\\\/#primaryimage\",\"url\":\"http:\\\/\\\/www.bellunopress.it\\\/wp-content\\\/uploads\\\/2019\\\/02\\\/Monica-Lotto.jpeg\",\"contentUrl\":\"http:\\\/\\\/www.bellunopress.it\\\/wp-content\\\/uploads\\\/2019\\\/02\\\/Monica-Lotto.jpeg\"},{\"@type\":\"BreadcrumbList\",\"@id\":\"https:\\\/\\\/www.bellunopress.it\\\/2019\\\/12\\\/09\\\/il-pd-provinciale-aderisce-alla-mobilitazione-contro-la-chiusura-di-acc-wanbao\\\/#breadcrumb\",\"itemListElement\":[{\"@type\":\"ListItem\",\"position\":1,\"name\":\"Home\",\"item\":\"https:\\\/\\\/www.bellunopress.it\\\/\"},{\"@type\":\"ListItem\",\"position\":2,\"name\":\"Il PD provinciale aderisce alla mobilitazione contro la chiusura di ACC Wanbao\"}]},{\"@type\":\"WebSite\",\"@id\":\"https:\\\/\\\/www.bellunopress.it\\\/#website\",\"url\":\"https:\\\/\\\/www.bellunopress.it\\\/\",\"name\":\"Bellunopress - Dolomiti\",\"description\":\"e-mail: redazione@bellunopress.it\",\"publisher\":{\"@id\":\"https:\\\/\\\/www.bellunopress.it\\\/#organization\"},\"potentialAction\":[{\"@type\":\"SearchAction\",\"target\":{\"@type\":\"EntryPoint\",\"urlTemplate\":\"https:\\\/\\\/www.bellunopress.it\\\/?s={search_term_string}\"},\"query-input\":{\"@type\":\"PropertyValueSpecification\",\"valueRequired\":true,\"valueName\":\"search_term_string\"}}],\"inLanguage\":\"fr-FR\"},{\"@type\":\"Organization\",\"@id\":\"https:\\\/\\\/www.bellunopress.it\\\/#organization\",\"name\":\"Bellunopress\",\"url\":\"https:\\\/\\\/www.bellunopress.it\\\/\",\"logo\":{\"@type\":\"ImageObject\",\"inLanguage\":\"fr-FR\",\"@id\":\"https:\\\/\\\/www.bellunopress.it\\\/#\\\/schema\\\/logo\\\/image\\\/\",\"url\":\"https:\\\/\\\/www.bellunopress.it\\\/wp-content\\\/uploads\\\/2011\\\/05\\\/cropped-logo-bellunopress-.jpg\",\"contentUrl\":\"https:\\\/\\\/www.bellunopress.it\\\/wp-content\\\/uploads\\\/2011\\\/05\\\/cropped-logo-bellunopress-.jpg\",\"width\":512,\"height\":512,\"caption\":\"Bellunopress\"},\"image\":{\"@id\":\"https:\\\/\\\/www.bellunopress.it\\\/#\\\/schema\\\/logo\\\/image\\\/\"},\"sameAs\":[\"https:\\\/\\\/www.facebook.com\\\/profile.php?id=100008943462799\",\"https:\\\/\\\/x.com\\\/bellunopress\",\"https:\\\/\\\/www.linkedin.com\\\/hp\\\/?dnr=JBzUWaJfMUw8vbXJJ2tVW5-I3jZKvC4wsoxE&amp;amp;amp;amp;amp;amp;trk=nav_responsive_tab_home\",\"https:\\\/\\\/www.youtube.com\\\/channel\\\/UCxL0wu1uN0_3_7hGG0306cw\"]},{\"@type\":\"Person\",\"@id\":\"https:\\\/\\\/www.bellunopress.it\\\/#\\\/schema\\\/person\\\/79bb06722b37ece1c03d3e94beb30d73\",\"name\":\"redazione\",\"image\":{\"@type\":\"ImageObject\",\"inLanguage\":\"fr-FR\",\"@id\":\"https:\\\/\\\/secure.gravatar.com\\\/avatar\\\/37d968a2e67a6fd04c169c4bdef102d0bc5d31b2546345219e348575eb80e9a0?s=96&d=mm&r=g\",\"url\":\"https:\\\/\\\/secure.gravatar.com\\\/avatar\\\/37d968a2e67a6fd04c169c4bdef102d0bc5d31b2546345219e348575eb80e9a0?s=96&d=mm&r=g\",\"contentUrl\":\"https:\\\/\\\/secure.gravatar.com\\\/avatar\\\/37d968a2e67a6fd04c169c4bdef102d0bc5d31b2546345219e348575eb80e9a0?s=96&d=mm&r=g\",\"caption\":\"redazione\"},\"sameAs\":[\"http:\\\/\\\/www.bellunopress.it\",\"https:\\\/\\\/x.com\\\/bellunopress\"],\"url\":\"https:\\\/\\\/www.bellunopress.it\\\/fr\\\/author\\\/redazione\\\/\"}]}<\/script>\n<!-- \/ Yoast SEO plugin. -->","yoast_head_json":{"title":"Il PD provinciale aderisce alla mobilitazione contro la chiusura di ACC Wanbao - Bellunopress - Dolomiti","robots":{"index":"index","follow":"follow","max-snippet":"max-snippet:-1","max-image-preview":"max-image-preview:large","max-video-preview":"max-video-preview:-1"},"canonical":"https:\/\/www.bellunopress.it\/fr\/2019\/12\/09\/il-pd-provinciale-aderisce-alla-mobilitazione-contro-la-chiusura-di-acc-wanbao\/","og_locale":"fr_FR","og_type":"article","og_title":"Il PD provinciale aderisce alla mobilitazione contro la chiusura di ACC Wanbao - Bellunopress - Dolomiti","og_description":"&#8220;Siamo al fianco dei lavoratori bellunesi nella lotta contro la chiusura dello stabilimento di Mel e il conseguente licenziamento dei suoi 285 lavoratori. Per questo parteciperemo alla mobilitazione promossa dai sindacati del comparto metalmeccanico&#8221; afferma la Segretaria provinciale PD Monica Lotto. Marted\u00ec 10 Dicembre si terr\u00e0 infatti il corteo di manifestanti che partir\u00e0 alle 9.30 [&hellip;]","og_url":"https:\/\/www.bellunopress.it\/fr\/2019\/12\/09\/il-pd-provinciale-aderisce-alla-mobilitazione-contro-la-chiusura-di-acc-wanbao\/","og_site_name":"Bellunopress - Dolomiti","article_publisher":"https:\/\/www.facebook.com\/profile.php?id=100008943462799","article_published_time":"2019-12-09T12:34:45+00:00","og_image":[{"url":"http:\/\/www.bellunopress.it\/wp-content\/uploads\/2019\/02\/Monica-Lotto.jpeg","type":"","width":"","height":""}],"author":"redazione","twitter_card":"summary_large_image","twitter_creator":"@bellunopress","twitter_site":"@bellunopress","twitter_misc":{"\u00c9crit par":"redazione","Dur\u00e9e de lecture estim\u00e9e":"1 minute"},"schema":{"@context":"https:\/\/schema.org","@graph":[{"@type":"Article","@id":"https:\/\/www.bellunopress.it\/2019\/12\/09\/il-pd-provinciale-aderisce-alla-mobilitazione-contro-la-chiusura-di-acc-wanbao\/#article","isPartOf":{"@id":"https:\/\/www.bellunopress.it\/2019\/12\/09\/il-pd-provinciale-aderisce-alla-mobilitazione-contro-la-chiusura-di-acc-wanbao\/"},"author":{"name":"redazione","@id":"https:\/\/www.bellunopress.it\/#\/schema\/person\/79bb06722b37ece1c03d3e94beb30d73"},"headline":"Il PD provinciale aderisce alla mobilitazione contro la chiusura di ACC Wanbao","datePublished":"2019-12-09T12:34:45+00:00","mainEntityOfPage":{"@id":"https:\/\/www.bellunopress.it\/2019\/12\/09\/il-pd-provinciale-aderisce-alla-mobilitazione-contro-la-chiusura-di-acc-wanbao\/"},"wordCount":265,"publisher":{"@id":"https:\/\/www.bellunopress.it\/#organization"},"image":{"@id":"https:\/\/www.bellunopress.it\/2019\/12\/09\/il-pd-provinciale-aderisce-alla-mobilitazione-contro-la-chiusura-di-acc-wanbao\/#primaryimage"},"thumbnailUrl":"http:\/\/www.bellunopress.it\/wp-content\/uploads\/2019\/02\/Monica-Lotto.jpeg","articleSection":["Cronaca\/Politica","Lavoro, Economia, Turismo","Prima Pagina"],"inLanguage":"fr-FR"},{"@type":"WebPage","@id":"https:\/\/www.bellunopress.it\/2019\/12\/09\/il-pd-provinciale-aderisce-alla-mobilitazione-contro-la-chiusura-di-acc-wanbao\/","url":"https:\/\/www.bellunopress.it\/2019\/12\/09\/il-pd-provinciale-aderisce-alla-mobilitazione-contro-la-chiusura-di-acc-wanbao\/","name":"Il PD provinciale aderisce alla mobilitazione contro la chiusura di ACC Wanbao - Bellunopress - Dolomiti","isPartOf":{"@id":"https:\/\/www.bellunopress.it\/#website"},"primaryImageOfPage":{"@id":"https:\/\/www.bellunopress.it\/2019\/12\/09\/il-pd-provinciale-aderisce-alla-mobilitazione-contro-la-chiusura-di-acc-wanbao\/#primaryimage"},"image":{"@id":"https:\/\/www.bellunopress.it\/2019\/12\/09\/il-pd-provinciale-aderisce-alla-mobilitazione-contro-la-chiusura-di-acc-wanbao\/#primaryimage"},"thumbnailUrl":"http:\/\/www.bellunopress.it\/wp-content\/uploads\/2019\/02\/Monica-Lotto.jpeg","datePublished":"2019-12-09T12:34:45+00:00","breadcrumb":{"@id":"https:\/\/www.bellunopress.it\/2019\/12\/09\/il-pd-provinciale-aderisce-alla-mobilitazione-contro-la-chiusura-di-acc-wanbao\/#breadcrumb"},"inLanguage":"fr-FR","potentialAction":[{"@type":"ReadAction","target":["https:\/\/www.bellunopress.it\/2019\/12\/09\/il-pd-provinciale-aderisce-alla-mobilitazione-contro-la-chiusura-di-acc-wanbao\/"]}]},{"@type":"ImageObject","inLanguage":"fr-FR","@id":"https:\/\/www.bellunopress.it\/2019\/12\/09\/il-pd-provinciale-aderisce-alla-mobilitazione-contro-la-chiusura-di-acc-wanbao\/#primaryimage","url":"http:\/\/www.bellunopress.it\/wp-content\/uploads\/2019\/02\/Monica-Lotto.jpeg","contentUrl":"http:\/\/www.bellunopress.it\/wp-content\/uploads\/2019\/02\/Monica-Lotto.jpeg"},{"@type":"BreadcrumbList","@id":"https:\/\/www.bellunopress.it\/2019\/12\/09\/il-pd-provinciale-aderisce-alla-mobilitazione-contro-la-chiusura-di-acc-wanbao\/#breadcrumb","itemListElement":[{"@type":"ListItem","position":1,"name":"Home","item":"https:\/\/www.bellunopress.it\/"},{"@type":"ListItem","position":2,"name":"Il PD provinciale aderisce alla mobilitazione contro la chiusura di ACC Wanbao"}]},{"@type":"WebSite","@id":"https:\/\/www.bellunopress.it\/#website","url":"https:\/\/www.bellunopress.it\/","name":"Bellunopress - Dolomiti","description":"e-mail: redazione@bellunopress.it","publisher":{"@id":"https:\/\/www.bellunopress.it\/#organization"},"potentialAction":[{"@type":"SearchAction","target":{"@type":"EntryPoint","urlTemplate":"https:\/\/www.bellunopress.it\/?s={search_term_string}"},"query-input":{"@type":"PropertyValueSpecification","valueRequired":true,"valueName":"search_term_string"}}],"inLanguage":"fr-FR"},{"@type":"Organization","@id":"https:\/\/www.bellunopress.it\/#organization","name":"Bellunopress","url":"https:\/\/www.bellunopress.it\/","logo":{"@type":"ImageObject","inLanguage":"fr-FR","@id":"https:\/\/www.bellunopress.it\/#\/schema\/logo\/image\/","url":"https:\/\/www.bellunopress.it\/wp-content\/uploads\/2011\/05\/cropped-logo-bellunopress-.jpg","contentUrl":"https:\/\/www.bellunopress.it\/wp-content\/uploads\/2011\/05\/cropped-logo-bellunopress-.jpg","width":512,"height":512,"caption":"Bellunopress"},"image":{"@id":"https:\/\/www.bellunopress.it\/#\/schema\/logo\/image\/"},"sameAs":["https:\/\/www.facebook.com\/profile.php?id=100008943462799","https:\/\/x.com\/bellunopress","https:\/\/www.linkedin.com\/hp\/?dnr=JBzUWaJfMUw8vbXJJ2tVW5-I3jZKvC4wsoxE&amp;amp;amp;amp;amp;amp;trk=nav_responsive_tab_home","https:\/\/www.youtube.com\/channel\/UCxL0wu1uN0_3_7hGG0306cw"]},{"@type":"Person","@id":"https:\/\/www.bellunopress.it\/#\/schema\/person\/79bb06722b37ece1c03d3e94beb30d73","name":"r\u00e9daction","image":{"@type":"ImageObject","inLanguage":"fr-FR","@id":"https:\/\/secure.gravatar.com\/avatar\/37d968a2e67a6fd04c169c4bdef102d0bc5d31b2546345219e348575eb80e9a0?s=96&d=mm&r=g","url":"https:\/\/secure.gravatar.com\/avatar\/37d968a2e67a6fd04c169c4bdef102d0bc5d31b2546345219e348575eb80e9a0?s=96&d=mm&r=g","contentUrl":"https:\/\/secure.gravatar.com\/avatar\/37d968a2e67a6fd04c169c4bdef102d0bc5d31b2546345219e348575eb80e9a0?s=96&d=mm&r=g","caption":"redazione"},"sameAs":["http:\/\/www.bellunopress.it","https:\/\/x.com\/bellunopress"],"url":"https:\/\/www.bellunopress.it\/fr\/author\/redazione\/"}]}},"_links":{"self":[{"href":"https:\/\/www.bellunopress.it\/fr\/wp-json\/wp\/v2\/posts\/110283","targetHints":{"allow":["GET"]}}],"collection":[{"href":"https:\/\/www.bellunopress.it\/fr\/wp-json\/wp\/v2\/posts"}],"about":[{"href":"https:\/\/www.bellunopress.it\/fr\/wp-json\/wp\/v2\/types\/post"}],"author":[{"embeddable":true,"href":"https:\/\/www.bellunopress.it\/fr\/wp-json\/wp\/v2\/users\/2"}],"replies":[{"embeddable":true,"href":"https:\/\/www.bellunopress.it\/fr\/wp-json\/wp\/v2\/comments?post=110283"}],"version-history":[{"count":1,"href":"https:\/\/www.bellunopress.it\/fr\/wp-json\/wp\/v2\/posts\/110283\/revisions"}],"predecessor-version":[{"id":110284,"href":"https:\/\/www.bellunopress.it\/fr\/wp-json\/wp\/v2\/posts\/110283\/revisions\/110284"}],"wp:attachment":[{"href":"https:\/\/www.bellunopress.it\/fr\/wp-json\/wp\/v2\/media?parent=110283"}],"wp:term":[{"taxonomy":"category","embeddable":true,"href":"https:\/\/www.bellunopress.it\/fr\/wp-json\/wp\/v2\/categories?post=110283"},{"taxonomy":"post_tag","embeddable":true,"href":"https:\/\/www.bellunopress.it\/fr\/wp-json\/wp\/v2\/tags?post=110283"}],"curies":[{"name":"wp","href":"https:\/\/api.w.org\/{rel}","templated":true}]}}