{"id":110266,"date":"2019-12-08T13:27:00","date_gmt":"2019-12-08T12:27:00","guid":{"rendered":"http:\/\/www.bellunopress.it\/?p=110266"},"modified":"2019-12-08T13:27:00","modified_gmt":"2019-12-08T12:27:00","slug":"crisi-acc-wanbao-il-10-dicembre-la-manifestazione-roffare-cisl-e-de-carli-cgil-senza-investimenti-e-programmazione-torneremo-al-periodo-prima-del-vajont","status":"publish","type":"post","link":"https:\/\/www.bellunopress.it\/fr\/2019\/12\/08\/crisi-acc-wanbao-il-10-dicembre-la-manifestazione-roffare-cisl-e-de-carli-cgil-senza-investimenti-e-programmazione-torneremo-al-periodo-prima-del-vajont\/","title":{"rendered":"Crisi Acc-Wanbao, il 10 dicembre la manifestazione. Roffar\u00e8 (Cisl) e De Carli (Cgil): &#8220;Senza investimenti e programmazione torneremo al periodo prima del Vajont&#8221;"},"content":{"rendered":"<figure id=\"attachment_78991\" aria-describedby=\"caption-attachment-78991\" style=\"width: 140px\" class=\"wp-caption alignleft\"><a href=\"http:\/\/www.bellunopress.it\/fr\/2016\/07\/07\/veneto-strade-ipotesi-cessione-parte-della-rete-viaria-ad-anas-de-carli-fontana-cgil-nessuna-certezza-la-viabilita-ne-futuro-dei-lavoratori\/mauro-de-carli-cgil\/\" rel=\"attachment wp-att-78991\"><img loading=\"lazy\" decoding=\"async\" class=\"size-full wp-image-78991\" src=\"http:\/\/www.bellunopress.it\/wp-content\/uploads\/2016\/07\/mauro-de-carli-cgil.jpg\" alt=\"\" width=\"140\" height=\"188\" \/><\/a><figcaption id=\"caption-attachment-78991\" class=\"wp-caption-text\">Mauro De Carli &#8211; Segretario generale Cgil Belluno<\/figcaption><\/figure>\n<figure id=\"attachment_55867\" aria-describedby=\"caption-attachment-55867\" style=\"width: 144px\" class=\"wp-caption alignleft\"><a href=\"http:\/\/www.bellunopress.it\/fr\/2014\/01\/28\/vertenza-dolomitibus-la-cisl-precisa-chiediamo-regole-condivise-alla-provincia-e-auspichiamo-attenzione-a-lavoratori-ed-utenze-da-chiunque-gestira-la-dolomitibus\/rudy-roffare-cisl\/\" rel=\"attachment wp-att-55867\"><img loading=\"lazy\" decoding=\"async\" class=\"size-full wp-image-55867\" src=\"http:\/\/www.bellunopress.it\/wp-content\/uploads\/2014\/01\/Rudy-Roffar\u00e8-Cisl.jpg\" alt=\"\" width=\"144\" height=\"170\" \/><\/a><figcaption id=\"caption-attachment-55867\" class=\"wp-caption-text\">Rudy Roffar\u00e8 &#8211; Segretario generale agg. Cisl Belluno Treviso<\/figcaption><\/figure>\n<p>&#8220;La crisi ACC-Wanbao porta in chiaro la profonda fragilit\u00e0 del sistema industriale della provincia di Belluno. Gli ultimi due anni sono trascorsi nel decantare quando repentina fosse stata la ripresa occupazionale in tutto il Veneto e anche nella nostra provincia, con un unico piccolo particolare, che da noi non si era ancora raggiunto lo stesso numero di occupati equivalenti a quelli del 2008, solamente perch\u00e9 il veloce trend dello spopolamento lasciava senza lavoratori le stesse aziende. Inoltre, l&#8217;occupazione raggiunta, non equivale allo stesso monte orario medio di 10 anni fa poich\u00e9 vi \u00e8 pi\u00f9 precariet\u00e0 e utilizzo di orari ridotti.<\/p>\n<p>Due erano le notizie che pi\u00f9 colpivano, da una parte le dichiarazioni di grandi e medi Gruppi industriali che lanciavano piani di sviluppo futuri, immaginando numeri importanti di nuovi posti di lavoro, e dall&#8217;altro come i processi di cambiamento, la digitalizzazione, industria 4.0 richiedessero nuove professionalit\u00e0 che nel mercato del lavoro interno al bellunese sostanzialmente mancavano.<\/p>\n<p>Si aggiunga che la montagna, specie se immersa in un percorso di invecchiamento e spopolamento dei suoi abitanti, risulta essere poco attraente e attrattiva per i giovani, specie se laureati e lanciati verso percorsi di carriera, tanto da porre interrogativi in quelle aziende che dichiarano potenzialit\u00e0 di investimento; mancano figure professionali indispensabili a generare innovazione e sviluppo di nuove attivit\u00e0.<\/p>\n<p>Altri indicatori ci erano per\u00f2 chiari, analizzati spesso e volentieri solo dalle Organizzazioni Sindacali, ma mai collegati all&#8217;intero panorama evolutivo del sistema socio-economico bellunese.<br \/>\nLa stragrande maggioranza delle assunzioni \u00e8 anche calibrato sulla mansione &#8220;generica&#8221; del lavoro, in cui la componente &#8220;formazione&#8221;, in particolare quella continua con cui un operaio si istruisce e si collega con il mutamento dei sistemi produttivi, \u00e8 ad oggi completamente assente. Al contrario sono aumentate le assunzioni Part-time, sempre pi\u00f9 spesso indotte dalle esigenze aziendali di flessibilit\u00e0 e non da una scelta di vita. Il risultato lo ha pagato la collettivit\u00e0: minori orari equivale a minori salari, meno ricchezza nel territorio, meno vita personale, famigliare, sociale equivale a impoverire la comunit\u00e0. Le assunzioni precarie, come d&#8217;altronde in tutta Italia, hanno impoverito anche le aziende stesse, perch\u00e9 senza processi di stabilizzazione non esiste crescita professionale; nemmeno il Decreto Dignit\u00e0 \u00e8 servito ad invertire in trend, ma piuttosto la contrattazione aziendale che ha tentato di cambiare questo indirizzo decennale.<\/p>\n<p>Abbiamo risolto le crisi pesanti che si erano presentate, patito una lunga serie di esuberi, per fortuna molti dei quali accompagnati alla pensione, utilizzato gli ammortizzatori di legge, in tre casi la continuit\u00e0 produttiva ed occupazionale \u00e8 stata permessa grazie alla rinuncia di diritti e salario dei lavoratori, magari conseguito negli anni con lunghe e faticose contrattazioni aziendali. Uno di questi casi si chiama proprio ACC-Wanbao.<\/p>\n<p>Ora constatiamo che questo non si \u00e8 tramutato in una ripresa vera; in particolare per ACC, l&#8217;aver venduto uno stabilimento strategico e non aver verificato l&#8217;attuazione del piano di sviluppo, promesso e non agito da Wanbao, ci lascia in una angosciosa situazione. Chiudere definitivamente, non significa solo lasciare a casa 295 lavoratori: si rischia l&#8217;impasse della fornitura verso altri stabilimenti, Electrolux di Susegana in primis, dove si investono 130 milioni di euro per il futuro produttivo, significa consegnare le stesse multinazionali dell&#8217;elettrodomestico europee nelle mani del mercato cinese per avere compressori con cui assemblare i frigoriferi. Tutto questo mentre gli stessi proprietari cinesi di Wanbao acquistano i porti veneti su cui veicolare le loro esportazioni.<\/p>\n<p>Anche per questo serve il nostro contributo di azione ed iniziativa, di sciopero come stanno facendo i metalmeccanici bellunesi, per imprimere nel Governo italiano l&#8217;attenzione dovuta e necessaria per garantire la vendita credibile dello stabilimento, farla condurre da chi lo vuol fare seriamente e non a parole e poi, nella fase di continuit\u00e0 lavorativa, porre le basi per creare nuovo prodotto e garanzie produttive.<\/p>\n<p>Non \u00e8 solo quindi un problema di come ricercare nuove maestranze per questa provincia, serve soprattutto capire se esistono realmente le intenzioni, che in economia si chiamano investimenti e programmazione, per conservarne un vero indirizzo industriale. Senza di questo torneremo al periodo prima del Vajont.<\/p>\n<p>Perch\u00e9 la visione complessiva dell&#8217;industria bellunese non \u00e8 chiara; come ACC- Wanbao anche altri grandi gruppi sono a guida straniera, nulla di male se non fosse che difficilmente conosciamo e governiamo qui i loro piani di investimento e spesso i governi, siano essi regionali o nazionali, non riescono a far applicare gli stessi accordi che sottoscrivono con questi colossi; ACC- Wanbao potrebbe infatti essere accostata al caso ILVA di Taranto.<br \/>\nManca, oramai da tanti anni, un vero e chiaro indirizzo industriale nel Paese (e crediamo anche nella stessa Regione Veneto), si sono tamponate le falle di centinaia di crisi, ma non si \u00e8 progettato un moderno sistema industriale. Eppure contributi a pioggia ne sono arrivati (piano Calenda) ma gli investimenti su settori d&#8217;avanguardia, sono sempre in enorme ritardo.<\/p>\n<p>Allora \u00e8 giusto collocare la manifestazione per ACC- Wanbao nella giornata del 10 dicembre, nel momento scelto da CGIL, CISL, UIL per manifestare e chiedere al governo di farsi primattore nel rilancio dell&#8217;economia, con investimenti pubblici, non delegando quindi al solo privato l&#8217;azione in economia, per cogliere direttamente la sfida alla modernizzazione del sistema industriale, come d&#8217;altronde stanno facendo altri stati europei.<br \/>\nA maggior ragione \u00e8 giusto protestare e manifestare a Belluno, vicini ai lavoratori ACC- Wanbao, perch\u00e9 l&#8217;interesse della politica non pu\u00f2 essere rivolto solo ai grandi casi nazionali (vedi ILVA), ma piuttosto perch\u00e9 abbiamo una fragilit\u00e0 socio-economica cos\u00ec precaria che la chiusura di uno stabilimento inverte il segno del nostro benessere collettivo, figuriamoci se i casi di crisi si sommassero&#8221;.<\/p>\n<p><strong>Rudy Roffar\u00e8, Segretario generale aggiunto Cisl Belluno Treviso<\/strong><br \/>\n<strong>Mauro De Carli, Segretario generale Cgil Belluno<\/strong><\/p>","protected":false},"excerpt":{"rendered":"<p>&#8220;La crisi ACC-Wanbao porta in chiaro la profonda fragilit\u00e0 del sistema industriale della provincia di Belluno. Gli ultimi due anni sono trascorsi nel decantare quando repentina fosse stata la ripresa occupazionale in tutto il Veneto e anche nella nostra provincia, con un unico piccolo particolare, che da noi non si era ancora raggiunto lo stesso [&hellip;]<\/p>\n","protected":false},"author":2,"featured_media":0,"comment_status":"closed","ping_status":"open","sticky":false,"template":"","format":"standard","meta":{"footnotes":""},"categories":[36,8],"tags":[],"class_list":["post-110266","post","type-post","status-publish","format-standard","category-lavoro-economia","category-societa-istituzioni"],"yoast_head":"<!-- This site is optimized with the Yoast SEO plugin v28.4 - https:\/\/yoast.com\/product\/yoast-seo-wordpress\/ -->\n<title>Crisi Acc-Wanbao, il 10 dicembre la manifestazione. Roffar\u00e8 (Cisl) e De Carli (Cgil): &quot;Senza investimenti e programmazione torneremo al periodo prima del Vajont&quot; - Bellunopress - Dolomiti<\/title>\n<meta name=\"robots\" content=\"index, follow, max-snippet:-1, max-image-preview:large, max-video-preview:-1\" \/>\n<link rel=\"canonical\" href=\"https:\/\/www.bellunopress.it\/fr\/2019\/12\/08\/crisi-acc-wanbao-il-10-dicembre-la-manifestazione-roffare-cisl-e-de-carli-cgil-senza-investimenti-e-programmazione-torneremo-al-periodo-prima-del-vajont\/\" \/>\n<meta property=\"og:locale\" content=\"fr_FR\" \/>\n<meta property=\"og:type\" content=\"article\" \/>\n<meta property=\"og:title\" content=\"Crisi Acc-Wanbao, il 10 dicembre la manifestazione. Roffar\u00e8 (Cisl) e De Carli (Cgil): &quot;Senza investimenti e programmazione torneremo al periodo prima del Vajont&quot; - Bellunopress - Dolomiti\" \/>\n<meta property=\"og:description\" content=\"&#8220;La crisi ACC-Wanbao porta in chiaro la profonda fragilit\u00e0 del sistema industriale della provincia di Belluno. Gli ultimi due anni sono trascorsi nel decantare quando repentina fosse stata la ripresa occupazionale in tutto il Veneto e anche nella nostra provincia, con un unico piccolo particolare, che da noi non si era ancora raggiunto lo stesso [&hellip;]\" \/>\n<meta property=\"og:url\" content=\"https:\/\/www.bellunopress.it\/fr\/2019\/12\/08\/crisi-acc-wanbao-il-10-dicembre-la-manifestazione-roffare-cisl-e-de-carli-cgil-senza-investimenti-e-programmazione-torneremo-al-periodo-prima-del-vajont\/\" \/>\n<meta property=\"og:site_name\" content=\"Bellunopress - Dolomiti\" \/>\n<meta property=\"article:publisher\" content=\"https:\/\/www.facebook.com\/profile.php?id=100008943462799\" \/>\n<meta property=\"article:published_time\" content=\"2019-12-08T12:27:00+00:00\" \/>\n<meta property=\"og:image\" content=\"http:\/\/www.bellunopress.it\/wp-content\/uploads\/2016\/07\/mauro-de-carli-cgil.jpg\" \/>\n<meta name=\"author\" content=\"redazione\" \/>\n<meta name=\"twitter:card\" content=\"summary_large_image\" \/>\n<meta name=\"twitter:creator\" content=\"@bellunopress\" \/>\n<meta name=\"twitter:site\" content=\"@bellunopress\" \/>\n<meta name=\"twitter:label1\" content=\"\u00c9crit par\" \/>\n\t<meta name=\"twitter:data1\" content=\"redazione\" \/>\n\t<meta name=\"twitter:label2\" content=\"Dur\u00e9e de lecture estim\u00e9e\" \/>\n\t<meta name=\"twitter:data2\" content=\"5 minutes\" \/>\n<script type=\"application\/ld+json\" class=\"yoast-schema-graph\">{\"@context\":\"https:\\\/\\\/schema.org\",\"@graph\":[{\"@type\":\"Article\",\"@id\":\"https:\\\/\\\/www.bellunopress.it\\\/2019\\\/12\\\/08\\\/crisi-acc-wanbao-il-10-dicembre-la-manifestazione-roffare-cisl-e-de-carli-cgil-senza-investimenti-e-programmazione-torneremo-al-periodo-prima-del-vajont\\\/#article\",\"isPartOf\":{\"@id\":\"https:\\\/\\\/www.bellunopress.it\\\/2019\\\/12\\\/08\\\/crisi-acc-wanbao-il-10-dicembre-la-manifestazione-roffare-cisl-e-de-carli-cgil-senza-investimenti-e-programmazione-torneremo-al-periodo-prima-del-vajont\\\/\"},\"author\":{\"name\":\"redazione\",\"@id\":\"https:\\\/\\\/www.bellunopress.it\\\/#\\\/schema\\\/person\\\/79bb06722b37ece1c03d3e94beb30d73\"},\"headline\":\"Crisi Acc-Wanbao, il 10 dicembre la manifestazione. Roffar\u00e8 (Cisl) e De Carli (Cgil): &#8220;Senza investimenti e programmazione torneremo al periodo prima del Vajont&#8221;\",\"datePublished\":\"2019-12-08T12:27:00+00:00\",\"mainEntityOfPage\":{\"@id\":\"https:\\\/\\\/www.bellunopress.it\\\/2019\\\/12\\\/08\\\/crisi-acc-wanbao-il-10-dicembre-la-manifestazione-roffare-cisl-e-de-carli-cgil-senza-investimenti-e-programmazione-torneremo-al-periodo-prima-del-vajont\\\/\"},\"wordCount\":984,\"publisher\":{\"@id\":\"https:\\\/\\\/www.bellunopress.it\\\/#organization\"},\"image\":{\"@id\":\"https:\\\/\\\/www.bellunopress.it\\\/2019\\\/12\\\/08\\\/crisi-acc-wanbao-il-10-dicembre-la-manifestazione-roffare-cisl-e-de-carli-cgil-senza-investimenti-e-programmazione-torneremo-al-periodo-prima-del-vajont\\\/#primaryimage\"},\"thumbnailUrl\":\"http:\\\/\\\/www.bellunopress.it\\\/wp-content\\\/uploads\\\/2016\\\/07\\\/mauro-de-carli-cgil.jpg\",\"articleSection\":[\"Lavoro, Economia, Turismo\",\"Societ\u00e0, Associazioni, Istituzioni\"],\"inLanguage\":\"fr-FR\"},{\"@type\":\"WebPage\",\"@id\":\"https:\\\/\\\/www.bellunopress.it\\\/2019\\\/12\\\/08\\\/crisi-acc-wanbao-il-10-dicembre-la-manifestazione-roffare-cisl-e-de-carli-cgil-senza-investimenti-e-programmazione-torneremo-al-periodo-prima-del-vajont\\\/\",\"url\":\"https:\\\/\\\/www.bellunopress.it\\\/2019\\\/12\\\/08\\\/crisi-acc-wanbao-il-10-dicembre-la-manifestazione-roffare-cisl-e-de-carli-cgil-senza-investimenti-e-programmazione-torneremo-al-periodo-prima-del-vajont\\\/\",\"name\":\"Crisi Acc-Wanbao, il 10 dicembre la manifestazione. Roffar\u00e8 (Cisl) e De Carli (Cgil): \\\"Senza investimenti e programmazione torneremo al periodo prima del Vajont\\\" - Bellunopress - Dolomiti\",\"isPartOf\":{\"@id\":\"https:\\\/\\\/www.bellunopress.it\\\/#website\"},\"primaryImageOfPage\":{\"@id\":\"https:\\\/\\\/www.bellunopress.it\\\/2019\\\/12\\\/08\\\/crisi-acc-wanbao-il-10-dicembre-la-manifestazione-roffare-cisl-e-de-carli-cgil-senza-investimenti-e-programmazione-torneremo-al-periodo-prima-del-vajont\\\/#primaryimage\"},\"image\":{\"@id\":\"https:\\\/\\\/www.bellunopress.it\\\/2019\\\/12\\\/08\\\/crisi-acc-wanbao-il-10-dicembre-la-manifestazione-roffare-cisl-e-de-carli-cgil-senza-investimenti-e-programmazione-torneremo-al-periodo-prima-del-vajont\\\/#primaryimage\"},\"thumbnailUrl\":\"http:\\\/\\\/www.bellunopress.it\\\/wp-content\\\/uploads\\\/2016\\\/07\\\/mauro-de-carli-cgil.jpg\",\"datePublished\":\"2019-12-08T12:27:00+00:00\",\"breadcrumb\":{\"@id\":\"https:\\\/\\\/www.bellunopress.it\\\/2019\\\/12\\\/08\\\/crisi-acc-wanbao-il-10-dicembre-la-manifestazione-roffare-cisl-e-de-carli-cgil-senza-investimenti-e-programmazione-torneremo-al-periodo-prima-del-vajont\\\/#breadcrumb\"},\"inLanguage\":\"fr-FR\",\"potentialAction\":[{\"@type\":\"ReadAction\",\"target\":[\"https:\\\/\\\/www.bellunopress.it\\\/2019\\\/12\\\/08\\\/crisi-acc-wanbao-il-10-dicembre-la-manifestazione-roffare-cisl-e-de-carli-cgil-senza-investimenti-e-programmazione-torneremo-al-periodo-prima-del-vajont\\\/\"]}]},{\"@type\":\"ImageObject\",\"inLanguage\":\"fr-FR\",\"@id\":\"https:\\\/\\\/www.bellunopress.it\\\/2019\\\/12\\\/08\\\/crisi-acc-wanbao-il-10-dicembre-la-manifestazione-roffare-cisl-e-de-carli-cgil-senza-investimenti-e-programmazione-torneremo-al-periodo-prima-del-vajont\\\/#primaryimage\",\"url\":\"http:\\\/\\\/www.bellunopress.it\\\/wp-content\\\/uploads\\\/2016\\\/07\\\/mauro-de-carli-cgil.jpg\",\"contentUrl\":\"http:\\\/\\\/www.bellunopress.it\\\/wp-content\\\/uploads\\\/2016\\\/07\\\/mauro-de-carli-cgil.jpg\"},{\"@type\":\"BreadcrumbList\",\"@id\":\"https:\\\/\\\/www.bellunopress.it\\\/2019\\\/12\\\/08\\\/crisi-acc-wanbao-il-10-dicembre-la-manifestazione-roffare-cisl-e-de-carli-cgil-senza-investimenti-e-programmazione-torneremo-al-periodo-prima-del-vajont\\\/#breadcrumb\",\"itemListElement\":[{\"@type\":\"ListItem\",\"position\":1,\"name\":\"Home\",\"item\":\"https:\\\/\\\/www.bellunopress.it\\\/\"},{\"@type\":\"ListItem\",\"position\":2,\"name\":\"Crisi Acc-Wanbao, il 10 dicembre la manifestazione. Roffar\u00e8 (Cisl) e De Carli (Cgil): &#8220;Senza investimenti e programmazione torneremo al periodo prima del Vajont&#8221;\"}]},{\"@type\":\"WebSite\",\"@id\":\"https:\\\/\\\/www.bellunopress.it\\\/#website\",\"url\":\"https:\\\/\\\/www.bellunopress.it\\\/\",\"name\":\"Bellunopress - Dolomiti\",\"description\":\"e-mail: redazione@bellunopress.it\",\"publisher\":{\"@id\":\"https:\\\/\\\/www.bellunopress.it\\\/#organization\"},\"potentialAction\":[{\"@type\":\"SearchAction\",\"target\":{\"@type\":\"EntryPoint\",\"urlTemplate\":\"https:\\\/\\\/www.bellunopress.it\\\/?s={search_term_string}\"},\"query-input\":{\"@type\":\"PropertyValueSpecification\",\"valueRequired\":true,\"valueName\":\"search_term_string\"}}],\"inLanguage\":\"fr-FR\"},{\"@type\":\"Organization\",\"@id\":\"https:\\\/\\\/www.bellunopress.it\\\/#organization\",\"name\":\"Bellunopress\",\"url\":\"https:\\\/\\\/www.bellunopress.it\\\/\",\"logo\":{\"@type\":\"ImageObject\",\"inLanguage\":\"fr-FR\",\"@id\":\"https:\\\/\\\/www.bellunopress.it\\\/#\\\/schema\\\/logo\\\/image\\\/\",\"url\":\"https:\\\/\\\/www.bellunopress.it\\\/wp-content\\\/uploads\\\/2011\\\/05\\\/cropped-logo-bellunopress-.jpg\",\"contentUrl\":\"https:\\\/\\\/www.bellunopress.it\\\/wp-content\\\/uploads\\\/2011\\\/05\\\/cropped-logo-bellunopress-.jpg\",\"width\":512,\"height\":512,\"caption\":\"Bellunopress\"},\"image\":{\"@id\":\"https:\\\/\\\/www.bellunopress.it\\\/#\\\/schema\\\/logo\\\/image\\\/\"},\"sameAs\":[\"https:\\\/\\\/www.facebook.com\\\/profile.php?id=100008943462799\",\"https:\\\/\\\/x.com\\\/bellunopress\",\"https:\\\/\\\/www.linkedin.com\\\/hp\\\/?dnr=JBzUWaJfMUw8vbXJJ2tVW5-I3jZKvC4wsoxE&amp;amp;amp;amp;amp;amp;trk=nav_responsive_tab_home\",\"https:\\\/\\\/www.youtube.com\\\/channel\\\/UCxL0wu1uN0_3_7hGG0306cw\"]},{\"@type\":\"Person\",\"@id\":\"https:\\\/\\\/www.bellunopress.it\\\/#\\\/schema\\\/person\\\/79bb06722b37ece1c03d3e94beb30d73\",\"name\":\"redazione\",\"image\":{\"@type\":\"ImageObject\",\"inLanguage\":\"fr-FR\",\"@id\":\"https:\\\/\\\/secure.gravatar.com\\\/avatar\\\/37d968a2e67a6fd04c169c4bdef102d0bc5d31b2546345219e348575eb80e9a0?s=96&d=mm&r=g\",\"url\":\"https:\\\/\\\/secure.gravatar.com\\\/avatar\\\/37d968a2e67a6fd04c169c4bdef102d0bc5d31b2546345219e348575eb80e9a0?s=96&d=mm&r=g\",\"contentUrl\":\"https:\\\/\\\/secure.gravatar.com\\\/avatar\\\/37d968a2e67a6fd04c169c4bdef102d0bc5d31b2546345219e348575eb80e9a0?s=96&d=mm&r=g\",\"caption\":\"redazione\"},\"sameAs\":[\"http:\\\/\\\/www.bellunopress.it\",\"https:\\\/\\\/x.com\\\/bellunopress\"],\"url\":\"https:\\\/\\\/www.bellunopress.it\\\/fr\\\/author\\\/redazione\\\/\"}]}<\/script>\n<!-- \/ Yoast SEO plugin. -->","yoast_head_json":{"title":"Crisi Acc-Wanbao, il 10 dicembre la manifestazione. Roffar\u00e8 (Cisl) e De Carli (Cgil): \"Senza investimenti e programmazione torneremo al periodo prima del Vajont\" - Bellunopress - Dolomiti","robots":{"index":"index","follow":"follow","max-snippet":"max-snippet:-1","max-image-preview":"max-image-preview:large","max-video-preview":"max-video-preview:-1"},"canonical":"https:\/\/www.bellunopress.it\/fr\/2019\/12\/08\/crisi-acc-wanbao-il-10-dicembre-la-manifestazione-roffare-cisl-e-de-carli-cgil-senza-investimenti-e-programmazione-torneremo-al-periodo-prima-del-vajont\/","og_locale":"fr_FR","og_type":"article","og_title":"Crisi Acc-Wanbao, il 10 dicembre la manifestazione. Roffar\u00e8 (Cisl) e De Carli (Cgil): \"Senza investimenti e programmazione torneremo al periodo prima del Vajont\" - Bellunopress - Dolomiti","og_description":"&#8220;La crisi ACC-Wanbao porta in chiaro la profonda fragilit\u00e0 del sistema industriale della provincia di Belluno. Gli ultimi due anni sono trascorsi nel decantare quando repentina fosse stata la ripresa occupazionale in tutto il Veneto e anche nella nostra provincia, con un unico piccolo particolare, che da noi non si era ancora raggiunto lo stesso [&hellip;]","og_url":"https:\/\/www.bellunopress.it\/fr\/2019\/12\/08\/crisi-acc-wanbao-il-10-dicembre-la-manifestazione-roffare-cisl-e-de-carli-cgil-senza-investimenti-e-programmazione-torneremo-al-periodo-prima-del-vajont\/","og_site_name":"Bellunopress - Dolomiti","article_publisher":"https:\/\/www.facebook.com\/profile.php?id=100008943462799","article_published_time":"2019-12-08T12:27:00+00:00","og_image":[{"url":"http:\/\/www.bellunopress.it\/wp-content\/uploads\/2016\/07\/mauro-de-carli-cgil.jpg","type":"","width":"","height":""}],"author":"redazione","twitter_card":"summary_large_image","twitter_creator":"@bellunopress","twitter_site":"@bellunopress","twitter_misc":{"\u00c9crit par":"redazione","Dur\u00e9e de lecture estim\u00e9e":"5 minutes"},"schema":{"@context":"https:\/\/schema.org","@graph":[{"@type":"Article","@id":"https:\/\/www.bellunopress.it\/2019\/12\/08\/crisi-acc-wanbao-il-10-dicembre-la-manifestazione-roffare-cisl-e-de-carli-cgil-senza-investimenti-e-programmazione-torneremo-al-periodo-prima-del-vajont\/#article","isPartOf":{"@id":"https:\/\/www.bellunopress.it\/2019\/12\/08\/crisi-acc-wanbao-il-10-dicembre-la-manifestazione-roffare-cisl-e-de-carli-cgil-senza-investimenti-e-programmazione-torneremo-al-periodo-prima-del-vajont\/"},"author":{"name":"redazione","@id":"https:\/\/www.bellunopress.it\/#\/schema\/person\/79bb06722b37ece1c03d3e94beb30d73"},"headline":"Crisi Acc-Wanbao, il 10 dicembre la manifestazione. Roffar\u00e8 (Cisl) e De Carli (Cgil): &#8220;Senza investimenti e programmazione torneremo al periodo prima del Vajont&#8221;","datePublished":"2019-12-08T12:27:00+00:00","mainEntityOfPage":{"@id":"https:\/\/www.bellunopress.it\/2019\/12\/08\/crisi-acc-wanbao-il-10-dicembre-la-manifestazione-roffare-cisl-e-de-carli-cgil-senza-investimenti-e-programmazione-torneremo-al-periodo-prima-del-vajont\/"},"wordCount":984,"publisher":{"@id":"https:\/\/www.bellunopress.it\/#organization"},"image":{"@id":"https:\/\/www.bellunopress.it\/2019\/12\/08\/crisi-acc-wanbao-il-10-dicembre-la-manifestazione-roffare-cisl-e-de-carli-cgil-senza-investimenti-e-programmazione-torneremo-al-periodo-prima-del-vajont\/#primaryimage"},"thumbnailUrl":"http:\/\/www.bellunopress.it\/wp-content\/uploads\/2016\/07\/mauro-de-carli-cgil.jpg","articleSection":["Lavoro, Economia, Turismo","Societ\u00e0, Associazioni, Istituzioni"],"inLanguage":"fr-FR"},{"@type":"WebPage","@id":"https:\/\/www.bellunopress.it\/2019\/12\/08\/crisi-acc-wanbao-il-10-dicembre-la-manifestazione-roffare-cisl-e-de-carli-cgil-senza-investimenti-e-programmazione-torneremo-al-periodo-prima-del-vajont\/","url":"https:\/\/www.bellunopress.it\/2019\/12\/08\/crisi-acc-wanbao-il-10-dicembre-la-manifestazione-roffare-cisl-e-de-carli-cgil-senza-investimenti-e-programmazione-torneremo-al-periodo-prima-del-vajont\/","name":"Crisi Acc-Wanbao, il 10 dicembre la manifestazione. Roffar\u00e8 (Cisl) e De Carli (Cgil): \"Senza investimenti e programmazione torneremo al periodo prima del Vajont\" - Bellunopress - Dolomiti","isPartOf":{"@id":"https:\/\/www.bellunopress.it\/#website"},"primaryImageOfPage":{"@id":"https:\/\/www.bellunopress.it\/2019\/12\/08\/crisi-acc-wanbao-il-10-dicembre-la-manifestazione-roffare-cisl-e-de-carli-cgil-senza-investimenti-e-programmazione-torneremo-al-periodo-prima-del-vajont\/#primaryimage"},"image":{"@id":"https:\/\/www.bellunopress.it\/2019\/12\/08\/crisi-acc-wanbao-il-10-dicembre-la-manifestazione-roffare-cisl-e-de-carli-cgil-senza-investimenti-e-programmazione-torneremo-al-periodo-prima-del-vajont\/#primaryimage"},"thumbnailUrl":"http:\/\/www.bellunopress.it\/wp-content\/uploads\/2016\/07\/mauro-de-carli-cgil.jpg","datePublished":"2019-12-08T12:27:00+00:00","breadcrumb":{"@id":"https:\/\/www.bellunopress.it\/2019\/12\/08\/crisi-acc-wanbao-il-10-dicembre-la-manifestazione-roffare-cisl-e-de-carli-cgil-senza-investimenti-e-programmazione-torneremo-al-periodo-prima-del-vajont\/#breadcrumb"},"inLanguage":"fr-FR","potentialAction":[{"@type":"ReadAction","target":["https:\/\/www.bellunopress.it\/2019\/12\/08\/crisi-acc-wanbao-il-10-dicembre-la-manifestazione-roffare-cisl-e-de-carli-cgil-senza-investimenti-e-programmazione-torneremo-al-periodo-prima-del-vajont\/"]}]},{"@type":"ImageObject","inLanguage":"fr-FR","@id":"https:\/\/www.bellunopress.it\/2019\/12\/08\/crisi-acc-wanbao-il-10-dicembre-la-manifestazione-roffare-cisl-e-de-carli-cgil-senza-investimenti-e-programmazione-torneremo-al-periodo-prima-del-vajont\/#primaryimage","url":"http:\/\/www.bellunopress.it\/wp-content\/uploads\/2016\/07\/mauro-de-carli-cgil.jpg","contentUrl":"http:\/\/www.bellunopress.it\/wp-content\/uploads\/2016\/07\/mauro-de-carli-cgil.jpg"},{"@type":"BreadcrumbList","@id":"https:\/\/www.bellunopress.it\/2019\/12\/08\/crisi-acc-wanbao-il-10-dicembre-la-manifestazione-roffare-cisl-e-de-carli-cgil-senza-investimenti-e-programmazione-torneremo-al-periodo-prima-del-vajont\/#breadcrumb","itemListElement":[{"@type":"ListItem","position":1,"name":"Home","item":"https:\/\/www.bellunopress.it\/"},{"@type":"ListItem","position":2,"name":"Crisi Acc-Wanbao, il 10 dicembre la manifestazione. Roffar\u00e8 (Cisl) e De Carli (Cgil): &#8220;Senza investimenti e programmazione torneremo al periodo prima del Vajont&#8221;"}]},{"@type":"WebSite","@id":"https:\/\/www.bellunopress.it\/#website","url":"https:\/\/www.bellunopress.it\/","name":"Bellunopress - Dolomiti","description":"e-mail: redazione@bellunopress.it","publisher":{"@id":"https:\/\/www.bellunopress.it\/#organization"},"potentialAction":[{"@type":"SearchAction","target":{"@type":"EntryPoint","urlTemplate":"https:\/\/www.bellunopress.it\/?s={search_term_string}"},"query-input":{"@type":"PropertyValueSpecification","valueRequired":true,"valueName":"search_term_string"}}],"inLanguage":"fr-FR"},{"@type":"Organization","@id":"https:\/\/www.bellunopress.it\/#organization","name":"Bellunopress","url":"https:\/\/www.bellunopress.it\/","logo":{"@type":"ImageObject","inLanguage":"fr-FR","@id":"https:\/\/www.bellunopress.it\/#\/schema\/logo\/image\/","url":"https:\/\/www.bellunopress.it\/wp-content\/uploads\/2011\/05\/cropped-logo-bellunopress-.jpg","contentUrl":"https:\/\/www.bellunopress.it\/wp-content\/uploads\/2011\/05\/cropped-logo-bellunopress-.jpg","width":512,"height":512,"caption":"Bellunopress"},"image":{"@id":"https:\/\/www.bellunopress.it\/#\/schema\/logo\/image\/"},"sameAs":["https:\/\/www.facebook.com\/profile.php?id=100008943462799","https:\/\/x.com\/bellunopress","https:\/\/www.linkedin.com\/hp\/?dnr=JBzUWaJfMUw8vbXJJ2tVW5-I3jZKvC4wsoxE&amp;amp;amp;amp;amp;amp;trk=nav_responsive_tab_home","https:\/\/www.youtube.com\/channel\/UCxL0wu1uN0_3_7hGG0306cw"]},{"@type":"Person","@id":"https:\/\/www.bellunopress.it\/#\/schema\/person\/79bb06722b37ece1c03d3e94beb30d73","name":"r\u00e9daction","image":{"@type":"ImageObject","inLanguage":"fr-FR","@id":"https:\/\/secure.gravatar.com\/avatar\/37d968a2e67a6fd04c169c4bdef102d0bc5d31b2546345219e348575eb80e9a0?s=96&d=mm&r=g","url":"https:\/\/secure.gravatar.com\/avatar\/37d968a2e67a6fd04c169c4bdef102d0bc5d31b2546345219e348575eb80e9a0?s=96&d=mm&r=g","contentUrl":"https:\/\/secure.gravatar.com\/avatar\/37d968a2e67a6fd04c169c4bdef102d0bc5d31b2546345219e348575eb80e9a0?s=96&d=mm&r=g","caption":"redazione"},"sameAs":["http:\/\/www.bellunopress.it","https:\/\/x.com\/bellunopress"],"url":"https:\/\/www.bellunopress.it\/fr\/author\/redazione\/"}]}},"_links":{"self":[{"href":"https:\/\/www.bellunopress.it\/fr\/wp-json\/wp\/v2\/posts\/110266","targetHints":{"allow":["GET"]}}],"collection":[{"href":"https:\/\/www.bellunopress.it\/fr\/wp-json\/wp\/v2\/posts"}],"about":[{"href":"https:\/\/www.bellunopress.it\/fr\/wp-json\/wp\/v2\/types\/post"}],"author":[{"embeddable":true,"href":"https:\/\/www.bellunopress.it\/fr\/wp-json\/wp\/v2\/users\/2"}],"replies":[{"embeddable":true,"href":"https:\/\/www.bellunopress.it\/fr\/wp-json\/wp\/v2\/comments?post=110266"}],"version-history":[{"count":1,"href":"https:\/\/www.bellunopress.it\/fr\/wp-json\/wp\/v2\/posts\/110266\/revisions"}],"predecessor-version":[{"id":110267,"href":"https:\/\/www.bellunopress.it\/fr\/wp-json\/wp\/v2\/posts\/110266\/revisions\/110267"}],"wp:attachment":[{"href":"https:\/\/www.bellunopress.it\/fr\/wp-json\/wp\/v2\/media?parent=110266"}],"wp:term":[{"taxonomy":"category","embeddable":true,"href":"https:\/\/www.bellunopress.it\/fr\/wp-json\/wp\/v2\/categories?post=110266"},{"taxonomy":"post_tag","embeddable":true,"href":"https:\/\/www.bellunopress.it\/fr\/wp-json\/wp\/v2\/tags?post=110266"}],"curies":[{"name":"wp","href":"https:\/\/api.w.org\/{rel}","templated":true}]}}