{"id":110256,"date":"2019-12-07T23:32:57","date_gmt":"2019-12-07T22:32:57","guid":{"rendered":"http:\/\/www.bellunopress.it\/?p=110256"},"modified":"2019-12-07T23:32:57","modified_gmt":"2019-12-07T22:32:57","slug":"la-bambina-con-le-infradito-mercoledi-alla-libreria-tarantola-con-lautrice-francesca-mussoi","status":"publish","type":"post","link":"https:\/\/www.bellunopress.it\/fr\/2019\/12\/07\/la-bambina-con-le-infradito-mercoledi-alla-libreria-tarantola-con-lautrice-francesca-mussoi\/","title":{"rendered":"La bambina con le infradito. Mercoled\u00ec alla Libreria Tarantola con l&#8217;autrice Francesca Mussoi"},"content":{"rendered":"<p>Mercoled\u00ec 11 alle ore 18,30 alla Libreria Tarantola in via Psaro 13 a Belluno<br \/>\nsi terr\u00e0 la presentazione del libro &#8220;La bambina con le infradito&#8221; (Infinito Edizioni) di Francesca Mussoi.<\/p>\n<p><a href=\"http:\/\/www.bellunopress.it\/fr\/2017\/10\/07\/tutti-in-fila-allinaugurazione-della-libreria-tarantola-nella-nuova-sede-di-via-psaro\/libreria-tarantola-inauguraz\/\" rel=\"attachment wp-att-89745\"><img loading=\"lazy\" decoding=\"async\" class=\"alignleft size-full wp-image-89745\" src=\"http:\/\/www.bellunopress.it\/wp-content\/uploads\/2017\/10\/libreria-tarantola-inauguraz.jpg\" alt=\"\" width=\"228\" height=\"280\" \/><\/a>Il libro<\/p>\n<p>Siamo tutti un po\u2019 profughi nella vita. A volte alla ricerca di radici che ci tengano ben saldi coi piedi a terra. A volte alla ricerca di valori. Poi ci sono i profughi veri, quelli che scappano da condizioni disumane, che i valori li hanno ben chiari ma non possono esercitarli perch\u00e9 privi di libert\u00e0. \u00c8 dignit\u00e0 rubata, la loro. Ma in ogni storia di vita c\u2019\u00e8 sempre la speranza di un futuro<br \/>\nmigliore.<\/p>\n<p>Mery, la protagonista di questa storia delicatissima illustrata con grande dolcezza, \u00e8 l\u2019esempio tangibile che ci sono persone ancora dotate della forza di elevarsi. Lei incarna la forza e la caparbiet\u00e0 di una ragazza che diventa una donna grande e una grande donna nonostante la vita l\u2019abbia privata delle sue radici e l\u2019abbia messa fin da piccola duramente alla prova.<\/p>\n<p>Ideale dai dodici anni in su, una storia controcorrente fatta di comprensione e tolleranza, ambientata in un mondo che ha bisogno di recuperare umanit\u00e0.<\/p>\n<p>L\u2019autrice: Francesca Mussoi (Belluno, 1974), insegnante con una specializzazione in ambito psicomotorio, \u00e8 sposata e ha una figlia. Ha lavorato per 17 anni nelle scuole della provincia bellunese. Ha pubblicato le raccolte di favole I bambini raccontano, Il gallo e gli amici del bosco,<br \/>\nLa balena Gelsomina, Storie fra le nuvole. Ha avviato una piccola collaborazione con Focus junior e cura l\u2019aspetto educativo e psicomotorio della prima infanzia per Assi Onlus.<br \/>\nCon la stessa casa editrice ha pubblicato &#8220;Ho fatto centro&#8221; con Oscar De Pellegrin e Marco D\u2019Inc\u00e0 (2018).<\/p>","protected":false},"excerpt":{"rendered":"<p>Mercoled\u00ec 11 alle ore 18,30 alla Libreria Tarantola in via Psaro 13 a Belluno si terr\u00e0 la presentazione del libro &#8220;La bambina con le infradito&#8221; (Infinito Edizioni) di Francesca Mussoi. Il libro Siamo tutti un po\u2019 profughi nella vita. A volte alla ricerca di radici che ci tengano ben saldi coi piedi a terra. A [&hellip;]<\/p>\n","protected":false},"author":2,"featured_media":0,"comment_status":"closed","ping_status":"open","sticky":false,"template":"","format":"standard","meta":{"footnotes":""},"categories":[27,3,25],"tags":[],"class_list":["post-110256","post","type-post","status-publish","format-standard","category-appuntamenti","category-arte-cultura-spettacoli-scienza-archivi","category-pausa-caffe"],"yoast_head":"<!-- This site is optimized with the Yoast SEO plugin v28.4 - https:\/\/yoast.com\/product\/yoast-seo-wordpress\/ -->\n<title>La bambina con le infradito. Mercoled\u00ec alla Libreria Tarantola con l&#039;autrice Francesca Mussoi - Bellunopress - Dolomiti<\/title>\n<meta name=\"robots\" content=\"index, follow, max-snippet:-1, max-image-preview:large, max-video-preview:-1\" \/>\n<link rel=\"canonical\" href=\"https:\/\/www.bellunopress.it\/fr\/2019\/12\/07\/la-bambina-con-le-infradito-mercoledi-alla-libreria-tarantola-con-lautrice-francesca-mussoi\/\" \/>\n<meta property=\"og:locale\" content=\"fr_FR\" \/>\n<meta property=\"og:type\" content=\"article\" \/>\n<meta property=\"og:title\" content=\"La bambina con le infradito. Mercoled\u00ec alla Libreria Tarantola con l&#039;autrice Francesca Mussoi - Bellunopress - Dolomiti\" \/>\n<meta property=\"og:description\" content=\"Mercoled\u00ec 11 alle ore 18,30 alla Libreria Tarantola in via Psaro 13 a Belluno si terr\u00e0 la presentazione del libro &#8220;La bambina con le infradito&#8221; (Infinito Edizioni) di Francesca Mussoi. Il libro Siamo tutti un po\u2019 profughi nella vita. A volte alla ricerca di radici che ci tengano ben saldi coi piedi a terra. A [&hellip;]\" \/>\n<meta property=\"og:url\" content=\"https:\/\/www.bellunopress.it\/fr\/2019\/12\/07\/la-bambina-con-le-infradito-mercoledi-alla-libreria-tarantola-con-lautrice-francesca-mussoi\/\" \/>\n<meta property=\"og:site_name\" content=\"Bellunopress - Dolomiti\" \/>\n<meta property=\"article:publisher\" content=\"https:\/\/www.facebook.com\/profile.php?id=100008943462799\" \/>\n<meta property=\"article:published_time\" content=\"2019-12-07T22:32:57+00:00\" \/>\n<meta property=\"og:image\" content=\"http:\/\/www.bellunopress.it\/wp-content\/uploads\/2017\/10\/libreria-tarantola-inauguraz.jpg\" \/>\n<meta name=\"author\" content=\"redazione\" \/>\n<meta name=\"twitter:card\" content=\"summary_large_image\" \/>\n<meta name=\"twitter:creator\" content=\"@bellunopress\" \/>\n<meta name=\"twitter:site\" content=\"@bellunopress\" \/>\n<meta name=\"twitter:label1\" content=\"Written by\" \/>\n\t<meta name=\"twitter:data1\" content=\"redazione\" \/>\n\t<meta name=\"twitter:label2\" content=\"Est. reading time\" \/>\n\t<meta name=\"twitter:data2\" content=\"1 minute\" \/>\n<script type=\"application\/ld+json\" class=\"yoast-schema-graph\">{\"@context\":\"https:\\\/\\\/schema.org\",\"@graph\":[{\"@type\":\"Article\",\"@id\":\"https:\\\/\\\/www.bellunopress.it\\\/2019\\\/12\\\/07\\\/la-bambina-con-le-infradito-mercoledi-alla-libreria-tarantola-con-lautrice-francesca-mussoi\\\/#article\",\"isPartOf\":{\"@id\":\"https:\\\/\\\/www.bellunopress.it\\\/2019\\\/12\\\/07\\\/la-bambina-con-le-infradito-mercoledi-alla-libreria-tarantola-con-lautrice-francesca-mussoi\\\/\"},\"author\":{\"name\":\"redazione\",\"@id\":\"https:\\\/\\\/www.bellunopress.it\\\/#\\\/schema\\\/person\\\/79bb06722b37ece1c03d3e94beb30d73\"},\"headline\":\"La bambina con le infradito. Mercoled\u00ec alla Libreria Tarantola con l&#8217;autrice Francesca Mussoi\",\"datePublished\":\"2019-12-07T22:32:57+00:00\",\"mainEntityOfPage\":{\"@id\":\"https:\\\/\\\/www.bellunopress.it\\\/2019\\\/12\\\/07\\\/la-bambina-con-le-infradito-mercoledi-alla-libreria-tarantola-con-lautrice-francesca-mussoi\\\/\"},\"wordCount\":290,\"publisher\":{\"@id\":\"https:\\\/\\\/www.bellunopress.it\\\/#organization\"},\"image\":{\"@id\":\"https:\\\/\\\/www.bellunopress.it\\\/2019\\\/12\\\/07\\\/la-bambina-con-le-infradito-mercoledi-alla-libreria-tarantola-con-lautrice-francesca-mussoi\\\/#primaryimage\"},\"thumbnailUrl\":\"http:\\\/\\\/www.bellunopress.it\\\/wp-content\\\/uploads\\\/2017\\\/10\\\/libreria-tarantola-inauguraz.jpg\",\"articleSection\":[\"Appuntamenti, Eventi\",\"Arte, Cultura, Spettacoli, Scienza\",\"Pausa Caff\u00e8\"],\"inLanguage\":\"fr-FR\"},{\"@type\":\"WebPage\",\"@id\":\"https:\\\/\\\/www.bellunopress.it\\\/2019\\\/12\\\/07\\\/la-bambina-con-le-infradito-mercoledi-alla-libreria-tarantola-con-lautrice-francesca-mussoi\\\/\",\"url\":\"https:\\\/\\\/www.bellunopress.it\\\/2019\\\/12\\\/07\\\/la-bambina-con-le-infradito-mercoledi-alla-libreria-tarantola-con-lautrice-francesca-mussoi\\\/\",\"name\":\"La bambina con le infradito. Mercoled\u00ec alla Libreria Tarantola con l'autrice Francesca Mussoi - Bellunopress - Dolomiti\",\"isPartOf\":{\"@id\":\"https:\\\/\\\/www.bellunopress.it\\\/#website\"},\"primaryImageOfPage\":{\"@id\":\"https:\\\/\\\/www.bellunopress.it\\\/2019\\\/12\\\/07\\\/la-bambina-con-le-infradito-mercoledi-alla-libreria-tarantola-con-lautrice-francesca-mussoi\\\/#primaryimage\"},\"image\":{\"@id\":\"https:\\\/\\\/www.bellunopress.it\\\/2019\\\/12\\\/07\\\/la-bambina-con-le-infradito-mercoledi-alla-libreria-tarantola-con-lautrice-francesca-mussoi\\\/#primaryimage\"},\"thumbnailUrl\":\"http:\\\/\\\/www.bellunopress.it\\\/wp-content\\\/uploads\\\/2017\\\/10\\\/libreria-tarantola-inauguraz.jpg\",\"datePublished\":\"2019-12-07T22:32:57+00:00\",\"breadcrumb\":{\"@id\":\"https:\\\/\\\/www.bellunopress.it\\\/2019\\\/12\\\/07\\\/la-bambina-con-le-infradito-mercoledi-alla-libreria-tarantola-con-lautrice-francesca-mussoi\\\/#breadcrumb\"},\"inLanguage\":\"fr-FR\",\"potentialAction\":[{\"@type\":\"ReadAction\",\"target\":[\"https:\\\/\\\/www.bellunopress.it\\\/2019\\\/12\\\/07\\\/la-bambina-con-le-infradito-mercoledi-alla-libreria-tarantola-con-lautrice-francesca-mussoi\\\/\"]}]},{\"@type\":\"ImageObject\",\"inLanguage\":\"fr-FR\",\"@id\":\"https:\\\/\\\/www.bellunopress.it\\\/2019\\\/12\\\/07\\\/la-bambina-con-le-infradito-mercoledi-alla-libreria-tarantola-con-lautrice-francesca-mussoi\\\/#primaryimage\",\"url\":\"http:\\\/\\\/www.bellunopress.it\\\/wp-content\\\/uploads\\\/2017\\\/10\\\/libreria-tarantola-inauguraz.jpg\",\"contentUrl\":\"http:\\\/\\\/www.bellunopress.it\\\/wp-content\\\/uploads\\\/2017\\\/10\\\/libreria-tarantola-inauguraz.jpg\"},{\"@type\":\"BreadcrumbList\",\"@id\":\"https:\\\/\\\/www.bellunopress.it\\\/2019\\\/12\\\/07\\\/la-bambina-con-le-infradito-mercoledi-alla-libreria-tarantola-con-lautrice-francesca-mussoi\\\/#breadcrumb\",\"itemListElement\":[{\"@type\":\"ListItem\",\"position\":1,\"name\":\"Home\",\"item\":\"https:\\\/\\\/www.bellunopress.it\\\/\"},{\"@type\":\"ListItem\",\"position\":2,\"name\":\"La bambina con le infradito. Mercoled\u00ec alla Libreria Tarantola con l&#8217;autrice Francesca Mussoi\"}]},{\"@type\":\"WebSite\",\"@id\":\"https:\\\/\\\/www.bellunopress.it\\\/#website\",\"url\":\"https:\\\/\\\/www.bellunopress.it\\\/\",\"name\":\"Bellunopress - Dolomiti\",\"description\":\"e-mail: redazione@bellunopress.it\",\"publisher\":{\"@id\":\"https:\\\/\\\/www.bellunopress.it\\\/#organization\"},\"potentialAction\":[{\"@type\":\"SearchAction\",\"target\":{\"@type\":\"EntryPoint\",\"urlTemplate\":\"https:\\\/\\\/www.bellunopress.it\\\/?s={search_term_string}\"},\"query-input\":{\"@type\":\"PropertyValueSpecification\",\"valueRequired\":true,\"valueName\":\"search_term_string\"}}],\"inLanguage\":\"fr-FR\"},{\"@type\":\"Organization\",\"@id\":\"https:\\\/\\\/www.bellunopress.it\\\/#organization\",\"name\":\"Bellunopress\",\"url\":\"https:\\\/\\\/www.bellunopress.it\\\/\",\"logo\":{\"@type\":\"ImageObject\",\"inLanguage\":\"fr-FR\",\"@id\":\"https:\\\/\\\/www.bellunopress.it\\\/#\\\/schema\\\/logo\\\/image\\\/\",\"url\":\"https:\\\/\\\/www.bellunopress.it\\\/wp-content\\\/uploads\\\/2011\\\/05\\\/cropped-logo-bellunopress-.jpg\",\"contentUrl\":\"https:\\\/\\\/www.bellunopress.it\\\/wp-content\\\/uploads\\\/2011\\\/05\\\/cropped-logo-bellunopress-.jpg\",\"width\":512,\"height\":512,\"caption\":\"Bellunopress\"},\"image\":{\"@id\":\"https:\\\/\\\/www.bellunopress.it\\\/#\\\/schema\\\/logo\\\/image\\\/\"},\"sameAs\":[\"https:\\\/\\\/www.facebook.com\\\/profile.php?id=100008943462799\",\"https:\\\/\\\/x.com\\\/bellunopress\",\"https:\\\/\\\/www.linkedin.com\\\/hp\\\/?dnr=JBzUWaJfMUw8vbXJJ2tVW5-I3jZKvC4wsoxE&amp;amp;amp;amp;amp;amp;trk=nav_responsive_tab_home\",\"https:\\\/\\\/www.youtube.com\\\/channel\\\/UCxL0wu1uN0_3_7hGG0306cw\"]},{\"@type\":\"Person\",\"@id\":\"https:\\\/\\\/www.bellunopress.it\\\/#\\\/schema\\\/person\\\/79bb06722b37ece1c03d3e94beb30d73\",\"name\":\"redazione\",\"image\":{\"@type\":\"ImageObject\",\"inLanguage\":\"fr-FR\",\"@id\":\"https:\\\/\\\/secure.gravatar.com\\\/avatar\\\/37d968a2e67a6fd04c169c4bdef102d0bc5d31b2546345219e348575eb80e9a0?s=96&d=mm&r=g\",\"url\":\"https:\\\/\\\/secure.gravatar.com\\\/avatar\\\/37d968a2e67a6fd04c169c4bdef102d0bc5d31b2546345219e348575eb80e9a0?s=96&d=mm&r=g\",\"contentUrl\":\"https:\\\/\\\/secure.gravatar.com\\\/avatar\\\/37d968a2e67a6fd04c169c4bdef102d0bc5d31b2546345219e348575eb80e9a0?s=96&d=mm&r=g\",\"caption\":\"redazione\"},\"sameAs\":[\"http:\\\/\\\/www.bellunopress.it\",\"https:\\\/\\\/x.com\\\/bellunopress\"],\"url\":\"https:\\\/\\\/www.bellunopress.it\\\/fr\\\/author\\\/redazione\\\/\"}]}<\/script>\n<!-- \/ Yoast SEO plugin. -->","yoast_head_json":{"title":"La bambina con le infradito. Mercoled\u00ec alla Libreria Tarantola con l'autrice Francesca Mussoi - Bellunopress - Dolomiti","robots":{"index":"index","follow":"follow","max-snippet":"max-snippet:-1","max-image-preview":"max-image-preview:large","max-video-preview":"max-video-preview:-1"},"canonical":"https:\/\/www.bellunopress.it\/fr\/2019\/12\/07\/la-bambina-con-le-infradito-mercoledi-alla-libreria-tarantola-con-lautrice-francesca-mussoi\/","og_locale":"fr_FR","og_type":"article","og_title":"La bambina con le infradito. Mercoled\u00ec alla Libreria Tarantola con l'autrice Francesca Mussoi - Bellunopress - Dolomiti","og_description":"Mercoled\u00ec 11 alle ore 18,30 alla Libreria Tarantola in via Psaro 13 a Belluno si terr\u00e0 la presentazione del libro &#8220;La bambina con le infradito&#8221; (Infinito Edizioni) di Francesca Mussoi. Il libro Siamo tutti un po\u2019 profughi nella vita. A volte alla ricerca di radici che ci tengano ben saldi coi piedi a terra. A [&hellip;]","og_url":"https:\/\/www.bellunopress.it\/fr\/2019\/12\/07\/la-bambina-con-le-infradito-mercoledi-alla-libreria-tarantola-con-lautrice-francesca-mussoi\/","og_site_name":"Bellunopress - Dolomiti","article_publisher":"https:\/\/www.facebook.com\/profile.php?id=100008943462799","article_published_time":"2019-12-07T22:32:57+00:00","og_image":[{"url":"http:\/\/www.bellunopress.it\/wp-content\/uploads\/2017\/10\/libreria-tarantola-inauguraz.jpg","type":"","width":"","height":""}],"author":"redazione","twitter_card":"summary_large_image","twitter_creator":"@bellunopress","twitter_site":"@bellunopress","twitter_misc":{"Written by":"redazione","Est. reading time":"1 minute"},"schema":{"@context":"https:\/\/schema.org","@graph":[{"@type":"Article","@id":"https:\/\/www.bellunopress.it\/2019\/12\/07\/la-bambina-con-le-infradito-mercoledi-alla-libreria-tarantola-con-lautrice-francesca-mussoi\/#article","isPartOf":{"@id":"https:\/\/www.bellunopress.it\/2019\/12\/07\/la-bambina-con-le-infradito-mercoledi-alla-libreria-tarantola-con-lautrice-francesca-mussoi\/"},"author":{"name":"redazione","@id":"https:\/\/www.bellunopress.it\/#\/schema\/person\/79bb06722b37ece1c03d3e94beb30d73"},"headline":"La bambina con le infradito. Mercoled\u00ec alla Libreria Tarantola con l&#8217;autrice Francesca Mussoi","datePublished":"2019-12-07T22:32:57+00:00","mainEntityOfPage":{"@id":"https:\/\/www.bellunopress.it\/2019\/12\/07\/la-bambina-con-le-infradito-mercoledi-alla-libreria-tarantola-con-lautrice-francesca-mussoi\/"},"wordCount":290,"publisher":{"@id":"https:\/\/www.bellunopress.it\/#organization"},"image":{"@id":"https:\/\/www.bellunopress.it\/2019\/12\/07\/la-bambina-con-le-infradito-mercoledi-alla-libreria-tarantola-con-lautrice-francesca-mussoi\/#primaryimage"},"thumbnailUrl":"http:\/\/www.bellunopress.it\/wp-content\/uploads\/2017\/10\/libreria-tarantola-inauguraz.jpg","articleSection":["Appuntamenti, Eventi","Arte, Cultura, Spettacoli, Scienza","Pausa Caff\u00e8"],"inLanguage":"fr-FR"},{"@type":"WebPage","@id":"https:\/\/www.bellunopress.it\/2019\/12\/07\/la-bambina-con-le-infradito-mercoledi-alla-libreria-tarantola-con-lautrice-francesca-mussoi\/","url":"https:\/\/www.bellunopress.it\/2019\/12\/07\/la-bambina-con-le-infradito-mercoledi-alla-libreria-tarantola-con-lautrice-francesca-mussoi\/","name":"La bambina con le infradito. Mercoled\u00ec alla Libreria Tarantola con l'autrice Francesca Mussoi - Bellunopress - Dolomiti","isPartOf":{"@id":"https:\/\/www.bellunopress.it\/#website"},"primaryImageOfPage":{"@id":"https:\/\/www.bellunopress.it\/2019\/12\/07\/la-bambina-con-le-infradito-mercoledi-alla-libreria-tarantola-con-lautrice-francesca-mussoi\/#primaryimage"},"image":{"@id":"https:\/\/www.bellunopress.it\/2019\/12\/07\/la-bambina-con-le-infradito-mercoledi-alla-libreria-tarantola-con-lautrice-francesca-mussoi\/#primaryimage"},"thumbnailUrl":"http:\/\/www.bellunopress.it\/wp-content\/uploads\/2017\/10\/libreria-tarantola-inauguraz.jpg","datePublished":"2019-12-07T22:32:57+00:00","breadcrumb":{"@id":"https:\/\/www.bellunopress.it\/2019\/12\/07\/la-bambina-con-le-infradito-mercoledi-alla-libreria-tarantola-con-lautrice-francesca-mussoi\/#breadcrumb"},"inLanguage":"fr-FR","potentialAction":[{"@type":"ReadAction","target":["https:\/\/www.bellunopress.it\/2019\/12\/07\/la-bambina-con-le-infradito-mercoledi-alla-libreria-tarantola-con-lautrice-francesca-mussoi\/"]}]},{"@type":"ImageObject","inLanguage":"fr-FR","@id":"https:\/\/www.bellunopress.it\/2019\/12\/07\/la-bambina-con-le-infradito-mercoledi-alla-libreria-tarantola-con-lautrice-francesca-mussoi\/#primaryimage","url":"http:\/\/www.bellunopress.it\/wp-content\/uploads\/2017\/10\/libreria-tarantola-inauguraz.jpg","contentUrl":"http:\/\/www.bellunopress.it\/wp-content\/uploads\/2017\/10\/libreria-tarantola-inauguraz.jpg"},{"@type":"BreadcrumbList","@id":"https:\/\/www.bellunopress.it\/2019\/12\/07\/la-bambina-con-le-infradito-mercoledi-alla-libreria-tarantola-con-lautrice-francesca-mussoi\/#breadcrumb","itemListElement":[{"@type":"ListItem","position":1,"name":"Home","item":"https:\/\/www.bellunopress.it\/"},{"@type":"ListItem","position":2,"name":"La bambina con le infradito. Mercoled\u00ec alla Libreria Tarantola con l&#8217;autrice Francesca Mussoi"}]},{"@type":"WebSite","@id":"https:\/\/www.bellunopress.it\/#website","url":"https:\/\/www.bellunopress.it\/","name":"Bellunopress - Dolomiti","description":"e-mail: redazione@bellunopress.it","publisher":{"@id":"https:\/\/www.bellunopress.it\/#organization"},"potentialAction":[{"@type":"SearchAction","target":{"@type":"EntryPoint","urlTemplate":"https:\/\/www.bellunopress.it\/?s={search_term_string}"},"query-input":{"@type":"PropertyValueSpecification","valueRequired":true,"valueName":"search_term_string"}}],"inLanguage":"fr-FR"},{"@type":"Organization","@id":"https:\/\/www.bellunopress.it\/#organization","name":"Bellunopress","url":"https:\/\/www.bellunopress.it\/","logo":{"@type":"ImageObject","inLanguage":"fr-FR","@id":"https:\/\/www.bellunopress.it\/#\/schema\/logo\/image\/","url":"https:\/\/www.bellunopress.it\/wp-content\/uploads\/2011\/05\/cropped-logo-bellunopress-.jpg","contentUrl":"https:\/\/www.bellunopress.it\/wp-content\/uploads\/2011\/05\/cropped-logo-bellunopress-.jpg","width":512,"height":512,"caption":"Bellunopress"},"image":{"@id":"https:\/\/www.bellunopress.it\/#\/schema\/logo\/image\/"},"sameAs":["https:\/\/www.facebook.com\/profile.php?id=100008943462799","https:\/\/x.com\/bellunopress","https:\/\/www.linkedin.com\/hp\/?dnr=JBzUWaJfMUw8vbXJJ2tVW5-I3jZKvC4wsoxE&amp;amp;amp;amp;amp;amp;trk=nav_responsive_tab_home","https:\/\/www.youtube.com\/channel\/UCxL0wu1uN0_3_7hGG0306cw"]},{"@type":"Person","@id":"https:\/\/www.bellunopress.it\/#\/schema\/person\/79bb06722b37ece1c03d3e94beb30d73","name":"r\u00e9daction","image":{"@type":"ImageObject","inLanguage":"fr-FR","@id":"https:\/\/secure.gravatar.com\/avatar\/37d968a2e67a6fd04c169c4bdef102d0bc5d31b2546345219e348575eb80e9a0?s=96&d=mm&r=g","url":"https:\/\/secure.gravatar.com\/avatar\/37d968a2e67a6fd04c169c4bdef102d0bc5d31b2546345219e348575eb80e9a0?s=96&d=mm&r=g","contentUrl":"https:\/\/secure.gravatar.com\/avatar\/37d968a2e67a6fd04c169c4bdef102d0bc5d31b2546345219e348575eb80e9a0?s=96&d=mm&r=g","caption":"redazione"},"sameAs":["http:\/\/www.bellunopress.it","https:\/\/x.com\/bellunopress"],"url":"https:\/\/www.bellunopress.it\/fr\/author\/redazione\/"}]}},"_links":{"self":[{"href":"https:\/\/www.bellunopress.it\/fr\/wp-json\/wp\/v2\/posts\/110256","targetHints":{"allow":["GET"]}}],"collection":[{"href":"https:\/\/www.bellunopress.it\/fr\/wp-json\/wp\/v2\/posts"}],"about":[{"href":"https:\/\/www.bellunopress.it\/fr\/wp-json\/wp\/v2\/types\/post"}],"author":[{"embeddable":true,"href":"https:\/\/www.bellunopress.it\/fr\/wp-json\/wp\/v2\/users\/2"}],"replies":[{"embeddable":true,"href":"https:\/\/www.bellunopress.it\/fr\/wp-json\/wp\/v2\/comments?post=110256"}],"version-history":[{"count":1,"href":"https:\/\/www.bellunopress.it\/fr\/wp-json\/wp\/v2\/posts\/110256\/revisions"}],"predecessor-version":[{"id":110257,"href":"https:\/\/www.bellunopress.it\/fr\/wp-json\/wp\/v2\/posts\/110256\/revisions\/110257"}],"wp:attachment":[{"href":"https:\/\/www.bellunopress.it\/fr\/wp-json\/wp\/v2\/media?parent=110256"}],"wp:term":[{"taxonomy":"category","embeddable":true,"href":"https:\/\/www.bellunopress.it\/fr\/wp-json\/wp\/v2\/categories?post=110256"},{"taxonomy":"post_tag","embeddable":true,"href":"https:\/\/www.bellunopress.it\/fr\/wp-json\/wp\/v2\/tags?post=110256"}],"curies":[{"name":"wp","href":"https:\/\/api.w.org\/{rel}","templated":true}]}}