{"id":110251,"date":"2019-12-07T12:15:07","date_gmt":"2019-12-07T11:15:07","guid":{"rendered":"http:\/\/www.bellunopress.it\/?p=110251"},"modified":"2019-12-07T16:22:15","modified_gmt":"2019-12-07T15:22:15","slug":"qualificati-54-nuovi-operatori-socio-sanitari","status":"publish","type":"post","link":"https:\/\/www.bellunopress.it\/fr\/2019\/12\/07\/qualificati-54-nuovi-operatori-socio-sanitari\/","title":{"rendered":"Qualificati 54 nuovi Operatori Socio Sanitari"},"content":{"rendered":"<p><a href=\"http:\/\/www.bellunopress.it\/fr\/2010\/06\/07\/il-gruppo-melograno-inizia-il-secondo-anno-di-vita\/ceis\/\" rel=\"attachment wp-att-16021\"><img loading=\"lazy\" decoding=\"async\" class=\"alignleft size-full wp-image-16021\" src=\"http:\/\/www.bellunopress.it\/wp-content\/uploads\/2010\/06\/ceis.gif\" alt=\"\" width=\"160\" height=\"35\" \/><\/a>Con l&#8217;esame finale del 4 dicembre, a conclusione di un anno di formazione svolto in 1000 ore, di cui 480 ore di teoria e 520 ore di tirocinio pratico,\u00a0 hanno concluso il corso 54 allievi ottenendo la qualifica di Operatore Socio Sanitario, rilasciata dalla Regione Veneto e valida su tutto il territorio nazionale. Il corso \u00e8 stato organizzato dall\u2019Organismo di formazione del Ce.I.S. di Belluno.<\/p>\n<p>Tra gli allievi 5 dei 54 provengono dalla provincia di Treviso, gli altri provengono dal Cadore, dall\u2019Agordino, da Feltre e dal Bellunese. Un ottimo traguardo per le persone che hanno profuso impegno e dedizione per prepararsi a lavorare nel settore dell\u2019assistenza alla persona, un buon traguardo per l\u2019Organismo di Formazione del Ce.I.S. che ha portato a conclusione i 3 corsi pianificati e svolti a Belluno, Feltre e Agordo. La nostra provincia ha necessit\u00e0 di personale da inserire nelle case di riposo, nei servizi di assistenza domiciliare, nelle comunit\u00e0 per disabili, nelle strutture terapeutico-riabilitative per tossicodipendenti e nelle Unit\u00e0 Operative Ospedaliere. L\u2019OSS, quale figura professionale che si occupa dei bisogni primari della persona, lavora in equipe mettendo a frutto le competenze tecniche e relazionali acquisite nelle esperienze di tirocinio e nella teoria. Contemporaneamente \u00e8 iniziato un nuovo corso a Belluno, il ventesimo percorso formativo per l\u2019Organismo di formazione del Ce.I.S. di Belluno, che ha coinvolto negli anni circa 600 allievi.<\/p>","protected":false},"excerpt":{"rendered":"<p>Con l&#8217;esame finale del 4 dicembre, a conclusione di un anno di formazione svolto in 1000 ore, di cui 480 ore di teoria e 520 ore di tirocinio pratico,\u00a0 hanno concluso il corso 54 allievi ottenendo la qualifica di Operatore Socio Sanitario, rilasciata dalla Regione Veneto e valida su tutto il territorio nazionale. Il corso [&hellip;]<\/p>\n","protected":false},"author":2,"featured_media":0,"comment_status":"closed","ping_status":"open","sticky":false,"template":"","format":"standard","meta":{"footnotes":""},"categories":[36,26,17],"tags":[],"class_list":["post-110251","post","type-post","status-publish","format-standard","category-lavoro-economia","category-prima-pagina","category-sanita"],"yoast_head":"<!-- This site is optimized with the Yoast SEO plugin v28.4 - https:\/\/yoast.com\/product\/yoast-seo-wordpress\/ -->\n<title>Qualificati 54 nuovi Operatori Socio Sanitari - Bellunopress - Dolomiti<\/title>\n<meta name=\"robots\" content=\"index, follow, max-snippet:-1, max-image-preview:large, max-video-preview:-1\" \/>\n<link rel=\"canonical\" href=\"https:\/\/www.bellunopress.it\/fr\/2019\/12\/07\/qualificati-54-nuovi-operatori-socio-sanitari\/\" \/>\n<meta property=\"og:locale\" content=\"fr_FR\" \/>\n<meta property=\"og:type\" content=\"article\" \/>\n<meta property=\"og:title\" content=\"Qualificati 54 nuovi Operatori Socio Sanitari - Bellunopress - Dolomiti\" \/>\n<meta property=\"og:description\" content=\"Con l&#8217;esame finale del 4 dicembre, a conclusione di un anno di formazione svolto in 1000 ore, di cui 480 ore di teoria e 520 ore di tirocinio pratico,\u00a0 hanno concluso il corso 54 allievi ottenendo la qualifica di Operatore Socio Sanitario, rilasciata dalla Regione Veneto e valida su tutto il territorio nazionale. Il corso [&hellip;]\" \/>\n<meta property=\"og:url\" content=\"https:\/\/www.bellunopress.it\/fr\/2019\/12\/07\/qualificati-54-nuovi-operatori-socio-sanitari\/\" \/>\n<meta property=\"og:site_name\" content=\"Bellunopress - Dolomiti\" \/>\n<meta property=\"article:publisher\" content=\"https:\/\/www.facebook.com\/profile.php?id=100008943462799\" \/>\n<meta property=\"article:published_time\" content=\"2019-12-07T11:15:07+00:00\" \/>\n<meta property=\"article:modified_time\" content=\"2019-12-07T15:22:15+00:00\" \/>\n<meta property=\"og:image\" content=\"http:\/\/www.bellunopress.it\/wp-content\/uploads\/2010\/06\/ceis.gif\" \/>\n<meta name=\"author\" content=\"redazione\" \/>\n<meta name=\"twitter:card\" content=\"summary_large_image\" \/>\n<meta name=\"twitter:creator\" content=\"@bellunopress\" \/>\n<meta name=\"twitter:site\" content=\"@bellunopress\" \/>\n<meta name=\"twitter:label1\" content=\"Written by\" \/>\n\t<meta name=\"twitter:data1\" content=\"redazione\" \/>\n\t<meta name=\"twitter:label2\" content=\"Est. reading time\" \/>\n\t<meta name=\"twitter:data2\" content=\"1 minute\" \/>\n<script type=\"application\/ld+json\" class=\"yoast-schema-graph\">{\"@context\":\"https:\\\/\\\/schema.org\",\"@graph\":[{\"@type\":\"Article\",\"@id\":\"https:\\\/\\\/www.bellunopress.it\\\/2019\\\/12\\\/07\\\/qualificati-54-nuovi-operatori-socio-sanitari\\\/#article\",\"isPartOf\":{\"@id\":\"https:\\\/\\\/www.bellunopress.it\\\/2019\\\/12\\\/07\\\/qualificati-54-nuovi-operatori-socio-sanitari\\\/\"},\"author\":{\"name\":\"redazione\",\"@id\":\"https:\\\/\\\/www.bellunopress.it\\\/#\\\/schema\\\/person\\\/79bb06722b37ece1c03d3e94beb30d73\"},\"headline\":\"Qualificati 54 nuovi Operatori Socio Sanitari\",\"datePublished\":\"2019-12-07T11:15:07+00:00\",\"dateModified\":\"2019-12-07T15:22:15+00:00\",\"mainEntityOfPage\":{\"@id\":\"https:\\\/\\\/www.bellunopress.it\\\/2019\\\/12\\\/07\\\/qualificati-54-nuovi-operatori-socio-sanitari\\\/\"},\"wordCount\":231,\"publisher\":{\"@id\":\"https:\\\/\\\/www.bellunopress.it\\\/#organization\"},\"image\":{\"@id\":\"https:\\\/\\\/www.bellunopress.it\\\/2019\\\/12\\\/07\\\/qualificati-54-nuovi-operatori-socio-sanitari\\\/#primaryimage\"},\"thumbnailUrl\":\"http:\\\/\\\/www.bellunopress.it\\\/wp-content\\\/uploads\\\/2010\\\/06\\\/ceis.gif\",\"articleSection\":[\"Lavoro, Economia, Turismo\",\"Prima Pagina\",\"Sanit\u00e0 Medicina\"],\"inLanguage\":\"fr-FR\"},{\"@type\":\"WebPage\",\"@id\":\"https:\\\/\\\/www.bellunopress.it\\\/2019\\\/12\\\/07\\\/qualificati-54-nuovi-operatori-socio-sanitari\\\/\",\"url\":\"https:\\\/\\\/www.bellunopress.it\\\/2019\\\/12\\\/07\\\/qualificati-54-nuovi-operatori-socio-sanitari\\\/\",\"name\":\"Qualificati 54 nuovi Operatori Socio Sanitari - Bellunopress - Dolomiti\",\"isPartOf\":{\"@id\":\"https:\\\/\\\/www.bellunopress.it\\\/#website\"},\"primaryImageOfPage\":{\"@id\":\"https:\\\/\\\/www.bellunopress.it\\\/2019\\\/12\\\/07\\\/qualificati-54-nuovi-operatori-socio-sanitari\\\/#primaryimage\"},\"image\":{\"@id\":\"https:\\\/\\\/www.bellunopress.it\\\/2019\\\/12\\\/07\\\/qualificati-54-nuovi-operatori-socio-sanitari\\\/#primaryimage\"},\"thumbnailUrl\":\"http:\\\/\\\/www.bellunopress.it\\\/wp-content\\\/uploads\\\/2010\\\/06\\\/ceis.gif\",\"datePublished\":\"2019-12-07T11:15:07+00:00\",\"dateModified\":\"2019-12-07T15:22:15+00:00\",\"breadcrumb\":{\"@id\":\"https:\\\/\\\/www.bellunopress.it\\\/2019\\\/12\\\/07\\\/qualificati-54-nuovi-operatori-socio-sanitari\\\/#breadcrumb\"},\"inLanguage\":\"fr-FR\",\"potentialAction\":[{\"@type\":\"ReadAction\",\"target\":[\"https:\\\/\\\/www.bellunopress.it\\\/2019\\\/12\\\/07\\\/qualificati-54-nuovi-operatori-socio-sanitari\\\/\"]}]},{\"@type\":\"ImageObject\",\"inLanguage\":\"fr-FR\",\"@id\":\"https:\\\/\\\/www.bellunopress.it\\\/2019\\\/12\\\/07\\\/qualificati-54-nuovi-operatori-socio-sanitari\\\/#primaryimage\",\"url\":\"http:\\\/\\\/www.bellunopress.it\\\/wp-content\\\/uploads\\\/2010\\\/06\\\/ceis.gif\",\"contentUrl\":\"http:\\\/\\\/www.bellunopress.it\\\/wp-content\\\/uploads\\\/2010\\\/06\\\/ceis.gif\"},{\"@type\":\"BreadcrumbList\",\"@id\":\"https:\\\/\\\/www.bellunopress.it\\\/2019\\\/12\\\/07\\\/qualificati-54-nuovi-operatori-socio-sanitari\\\/#breadcrumb\",\"itemListElement\":[{\"@type\":\"ListItem\",\"position\":1,\"name\":\"Home\",\"item\":\"https:\\\/\\\/www.bellunopress.it\\\/\"},{\"@type\":\"ListItem\",\"position\":2,\"name\":\"Qualificati 54 nuovi Operatori Socio Sanitari\"}]},{\"@type\":\"WebSite\",\"@id\":\"https:\\\/\\\/www.bellunopress.it\\\/#website\",\"url\":\"https:\\\/\\\/www.bellunopress.it\\\/\",\"name\":\"Bellunopress - Dolomiti\",\"description\":\"e-mail: redazione@bellunopress.it\",\"publisher\":{\"@id\":\"https:\\\/\\\/www.bellunopress.it\\\/#organization\"},\"potentialAction\":[{\"@type\":\"SearchAction\",\"target\":{\"@type\":\"EntryPoint\",\"urlTemplate\":\"https:\\\/\\\/www.bellunopress.it\\\/?s={search_term_string}\"},\"query-input\":{\"@type\":\"PropertyValueSpecification\",\"valueRequired\":true,\"valueName\":\"search_term_string\"}}],\"inLanguage\":\"fr-FR\"},{\"@type\":\"Organization\",\"@id\":\"https:\\\/\\\/www.bellunopress.it\\\/#organization\",\"name\":\"Bellunopress\",\"url\":\"https:\\\/\\\/www.bellunopress.it\\\/\",\"logo\":{\"@type\":\"ImageObject\",\"inLanguage\":\"fr-FR\",\"@id\":\"https:\\\/\\\/www.bellunopress.it\\\/#\\\/schema\\\/logo\\\/image\\\/\",\"url\":\"https:\\\/\\\/www.bellunopress.it\\\/wp-content\\\/uploads\\\/2011\\\/05\\\/cropped-logo-bellunopress-.jpg\",\"contentUrl\":\"https:\\\/\\\/www.bellunopress.it\\\/wp-content\\\/uploads\\\/2011\\\/05\\\/cropped-logo-bellunopress-.jpg\",\"width\":512,\"height\":512,\"caption\":\"Bellunopress\"},\"image\":{\"@id\":\"https:\\\/\\\/www.bellunopress.it\\\/#\\\/schema\\\/logo\\\/image\\\/\"},\"sameAs\":[\"https:\\\/\\\/www.facebook.com\\\/profile.php?id=100008943462799\",\"https:\\\/\\\/x.com\\\/bellunopress\",\"https:\\\/\\\/www.linkedin.com\\\/hp\\\/?dnr=JBzUWaJfMUw8vbXJJ2tVW5-I3jZKvC4wsoxE&amp;amp;amp;amp;amp;amp;trk=nav_responsive_tab_home\",\"https:\\\/\\\/www.youtube.com\\\/channel\\\/UCxL0wu1uN0_3_7hGG0306cw\"]},{\"@type\":\"Person\",\"@id\":\"https:\\\/\\\/www.bellunopress.it\\\/#\\\/schema\\\/person\\\/79bb06722b37ece1c03d3e94beb30d73\",\"name\":\"redazione\",\"image\":{\"@type\":\"ImageObject\",\"inLanguage\":\"fr-FR\",\"@id\":\"https:\\\/\\\/secure.gravatar.com\\\/avatar\\\/37d968a2e67a6fd04c169c4bdef102d0bc5d31b2546345219e348575eb80e9a0?s=96&d=mm&r=g\",\"url\":\"https:\\\/\\\/secure.gravatar.com\\\/avatar\\\/37d968a2e67a6fd04c169c4bdef102d0bc5d31b2546345219e348575eb80e9a0?s=96&d=mm&r=g\",\"contentUrl\":\"https:\\\/\\\/secure.gravatar.com\\\/avatar\\\/37d968a2e67a6fd04c169c4bdef102d0bc5d31b2546345219e348575eb80e9a0?s=96&d=mm&r=g\",\"caption\":\"redazione\"},\"sameAs\":[\"http:\\\/\\\/www.bellunopress.it\",\"https:\\\/\\\/x.com\\\/bellunopress\"],\"url\":\"https:\\\/\\\/www.bellunopress.it\\\/fr\\\/author\\\/redazione\\\/\"}]}<\/script>\n<!-- \/ Yoast SEO plugin. -->","yoast_head_json":{"title":"Qualificati 54 nuovi Operatori Socio Sanitari - Bellunopress - Dolomiti","robots":{"index":"index","follow":"follow","max-snippet":"max-snippet:-1","max-image-preview":"max-image-preview:large","max-video-preview":"max-video-preview:-1"},"canonical":"https:\/\/www.bellunopress.it\/fr\/2019\/12\/07\/qualificati-54-nuovi-operatori-socio-sanitari\/","og_locale":"fr_FR","og_type":"article","og_title":"Qualificati 54 nuovi Operatori Socio Sanitari - Bellunopress - Dolomiti","og_description":"Con l&#8217;esame finale del 4 dicembre, a conclusione di un anno di formazione svolto in 1000 ore, di cui 480 ore di teoria e 520 ore di tirocinio pratico,\u00a0 hanno concluso il corso 54 allievi ottenendo la qualifica di Operatore Socio Sanitario, rilasciata dalla Regione Veneto e valida su tutto il territorio nazionale. Il corso [&hellip;]","og_url":"https:\/\/www.bellunopress.it\/fr\/2019\/12\/07\/qualificati-54-nuovi-operatori-socio-sanitari\/","og_site_name":"Bellunopress - Dolomiti","article_publisher":"https:\/\/www.facebook.com\/profile.php?id=100008943462799","article_published_time":"2019-12-07T11:15:07+00:00","article_modified_time":"2019-12-07T15:22:15+00:00","og_image":[{"url":"http:\/\/www.bellunopress.it\/wp-content\/uploads\/2010\/06\/ceis.gif","type":"","width":"","height":""}],"author":"redazione","twitter_card":"summary_large_image","twitter_creator":"@bellunopress","twitter_site":"@bellunopress","twitter_misc":{"Written by":"redazione","Est. reading time":"1 minute"},"schema":{"@context":"https:\/\/schema.org","@graph":[{"@type":"Article","@id":"https:\/\/www.bellunopress.it\/2019\/12\/07\/qualificati-54-nuovi-operatori-socio-sanitari\/#article","isPartOf":{"@id":"https:\/\/www.bellunopress.it\/2019\/12\/07\/qualificati-54-nuovi-operatori-socio-sanitari\/"},"author":{"name":"redazione","@id":"https:\/\/www.bellunopress.it\/#\/schema\/person\/79bb06722b37ece1c03d3e94beb30d73"},"headline":"Qualificati 54 nuovi Operatori Socio Sanitari","datePublished":"2019-12-07T11:15:07+00:00","dateModified":"2019-12-07T15:22:15+00:00","mainEntityOfPage":{"@id":"https:\/\/www.bellunopress.it\/2019\/12\/07\/qualificati-54-nuovi-operatori-socio-sanitari\/"},"wordCount":231,"publisher":{"@id":"https:\/\/www.bellunopress.it\/#organization"},"image":{"@id":"https:\/\/www.bellunopress.it\/2019\/12\/07\/qualificati-54-nuovi-operatori-socio-sanitari\/#primaryimage"},"thumbnailUrl":"http:\/\/www.bellunopress.it\/wp-content\/uploads\/2010\/06\/ceis.gif","articleSection":["Lavoro, Economia, Turismo","Prima Pagina","Sanit\u00e0 Medicina"],"inLanguage":"fr-FR"},{"@type":"WebPage","@id":"https:\/\/www.bellunopress.it\/2019\/12\/07\/qualificati-54-nuovi-operatori-socio-sanitari\/","url":"https:\/\/www.bellunopress.it\/2019\/12\/07\/qualificati-54-nuovi-operatori-socio-sanitari\/","name":"Qualificati 54 nuovi Operatori Socio Sanitari - Bellunopress - Dolomiti","isPartOf":{"@id":"https:\/\/www.bellunopress.it\/#website"},"primaryImageOfPage":{"@id":"https:\/\/www.bellunopress.it\/2019\/12\/07\/qualificati-54-nuovi-operatori-socio-sanitari\/#primaryimage"},"image":{"@id":"https:\/\/www.bellunopress.it\/2019\/12\/07\/qualificati-54-nuovi-operatori-socio-sanitari\/#primaryimage"},"thumbnailUrl":"http:\/\/www.bellunopress.it\/wp-content\/uploads\/2010\/06\/ceis.gif","datePublished":"2019-12-07T11:15:07+00:00","dateModified":"2019-12-07T15:22:15+00:00","breadcrumb":{"@id":"https:\/\/www.bellunopress.it\/2019\/12\/07\/qualificati-54-nuovi-operatori-socio-sanitari\/#breadcrumb"},"inLanguage":"fr-FR","potentialAction":[{"@type":"ReadAction","target":["https:\/\/www.bellunopress.it\/2019\/12\/07\/qualificati-54-nuovi-operatori-socio-sanitari\/"]}]},{"@type":"ImageObject","inLanguage":"fr-FR","@id":"https:\/\/www.bellunopress.it\/2019\/12\/07\/qualificati-54-nuovi-operatori-socio-sanitari\/#primaryimage","url":"http:\/\/www.bellunopress.it\/wp-content\/uploads\/2010\/06\/ceis.gif","contentUrl":"http:\/\/www.bellunopress.it\/wp-content\/uploads\/2010\/06\/ceis.gif"},{"@type":"BreadcrumbList","@id":"https:\/\/www.bellunopress.it\/2019\/12\/07\/qualificati-54-nuovi-operatori-socio-sanitari\/#breadcrumb","itemListElement":[{"@type":"ListItem","position":1,"name":"Home","item":"https:\/\/www.bellunopress.it\/"},{"@type":"ListItem","position":2,"name":"Qualificati 54 nuovi Operatori Socio Sanitari"}]},{"@type":"WebSite","@id":"https:\/\/www.bellunopress.it\/#website","url":"https:\/\/www.bellunopress.it\/","name":"Bellunopress - Dolomiti","description":"e-mail: redazione@bellunopress.it","publisher":{"@id":"https:\/\/www.bellunopress.it\/#organization"},"potentialAction":[{"@type":"SearchAction","target":{"@type":"EntryPoint","urlTemplate":"https:\/\/www.bellunopress.it\/?s={search_term_string}"},"query-input":{"@type":"PropertyValueSpecification","valueRequired":true,"valueName":"search_term_string"}}],"inLanguage":"fr-FR"},{"@type":"Organization","@id":"https:\/\/www.bellunopress.it\/#organization","name":"Bellunopress","url":"https:\/\/www.bellunopress.it\/","logo":{"@type":"ImageObject","inLanguage":"fr-FR","@id":"https:\/\/www.bellunopress.it\/#\/schema\/logo\/image\/","url":"https:\/\/www.bellunopress.it\/wp-content\/uploads\/2011\/05\/cropped-logo-bellunopress-.jpg","contentUrl":"https:\/\/www.bellunopress.it\/wp-content\/uploads\/2011\/05\/cropped-logo-bellunopress-.jpg","width":512,"height":512,"caption":"Bellunopress"},"image":{"@id":"https:\/\/www.bellunopress.it\/#\/schema\/logo\/image\/"},"sameAs":["https:\/\/www.facebook.com\/profile.php?id=100008943462799","https:\/\/x.com\/bellunopress","https:\/\/www.linkedin.com\/hp\/?dnr=JBzUWaJfMUw8vbXJJ2tVW5-I3jZKvC4wsoxE&amp;amp;amp;amp;amp;amp;trk=nav_responsive_tab_home","https:\/\/www.youtube.com\/channel\/UCxL0wu1uN0_3_7hGG0306cw"]},{"@type":"Person","@id":"https:\/\/www.bellunopress.it\/#\/schema\/person\/79bb06722b37ece1c03d3e94beb30d73","name":"r\u00e9daction","image":{"@type":"ImageObject","inLanguage":"fr-FR","@id":"https:\/\/secure.gravatar.com\/avatar\/37d968a2e67a6fd04c169c4bdef102d0bc5d31b2546345219e348575eb80e9a0?s=96&d=mm&r=g","url":"https:\/\/secure.gravatar.com\/avatar\/37d968a2e67a6fd04c169c4bdef102d0bc5d31b2546345219e348575eb80e9a0?s=96&d=mm&r=g","contentUrl":"https:\/\/secure.gravatar.com\/avatar\/37d968a2e67a6fd04c169c4bdef102d0bc5d31b2546345219e348575eb80e9a0?s=96&d=mm&r=g","caption":"redazione"},"sameAs":["http:\/\/www.bellunopress.it","https:\/\/x.com\/bellunopress"],"url":"https:\/\/www.bellunopress.it\/fr\/author\/redazione\/"}]}},"_links":{"self":[{"href":"https:\/\/www.bellunopress.it\/fr\/wp-json\/wp\/v2\/posts\/110251","targetHints":{"allow":["GET"]}}],"collection":[{"href":"https:\/\/www.bellunopress.it\/fr\/wp-json\/wp\/v2\/posts"}],"about":[{"href":"https:\/\/www.bellunopress.it\/fr\/wp-json\/wp\/v2\/types\/post"}],"author":[{"embeddable":true,"href":"https:\/\/www.bellunopress.it\/fr\/wp-json\/wp\/v2\/users\/2"}],"replies":[{"embeddable":true,"href":"https:\/\/www.bellunopress.it\/fr\/wp-json\/wp\/v2\/comments?post=110251"}],"version-history":[{"count":1,"href":"https:\/\/www.bellunopress.it\/fr\/wp-json\/wp\/v2\/posts\/110251\/revisions"}],"predecessor-version":[{"id":110252,"href":"https:\/\/www.bellunopress.it\/fr\/wp-json\/wp\/v2\/posts\/110251\/revisions\/110252"}],"wp:attachment":[{"href":"https:\/\/www.bellunopress.it\/fr\/wp-json\/wp\/v2\/media?parent=110251"}],"wp:term":[{"taxonomy":"category","embeddable":true,"href":"https:\/\/www.bellunopress.it\/fr\/wp-json\/wp\/v2\/categories?post=110251"},{"taxonomy":"post_tag","embeddable":true,"href":"https:\/\/www.bellunopress.it\/fr\/wp-json\/wp\/v2\/tags?post=110251"}],"curies":[{"name":"wp","href":"https:\/\/api.w.org\/{rel}","templated":true}]}}