{"id":110249,"date":"2019-12-07T16:01:55","date_gmt":"2019-12-07T15:01:55","guid":{"rendered":"http:\/\/www.bellunopress.it\/?p=110249"},"modified":"2019-12-07T16:01:55","modified_gmt":"2019-12-07T15:01:55","slug":"legge-di-bilancio-gli-stipendi-dei-vigili-del-fuoco-equiparati-a-quelli-della-polizia-de-menech-soddisfazione-doppia","status":"publish","type":"post","link":"https:\/\/www.bellunopress.it\/fr\/2019\/12\/07\/legge-di-bilancio-gli-stipendi-dei-vigili-del-fuoco-equiparati-a-quelli-della-polizia-de-menech-soddisfazione-doppia\/","title":{"rendered":"Legge di Bilancio. Gli stipendi dei vigili del fuoco equiparati a quelli della polizia. De Menech: &#8220;Soddisfazione doppia&#8221;"},"content":{"rendered":"<figure id=\"attachment_102271\" aria-describedby=\"caption-attachment-102271\" style=\"width: 357px\" class=\"wp-caption alignleft\"><a href=\"http:\/\/www.bellunopress.it\/fr\/2019\/02\/21\/autonomia-il-ministro-stefani-risponde-alle-domande-di-de-menech-non-ce-alcuna-intesa-al-momento-solo-bozze-di-lavoro-autonomia-dovra-rispettare-articolo-81-della-costituzione\/roger-de-menech-357x250\/\" rel=\"attachment wp-att-102271\"><img loading=\"lazy\" decoding=\"async\" class=\"size-full wp-image-102271\" src=\"http:\/\/www.bellunopress.it\/wp-content\/uploads\/2019\/02\/roger-de-menech-357x250.jpg\" alt=\"\" width=\"357\" height=\"250\" \/><\/a><figcaption id=\"caption-attachment-102271\" class=\"wp-caption-text\">Roger De Menech<\/figcaption><\/figure>\n<p>Belluno, 7 Dicembre 2019\u00a0 &#8211;\u00a0\u00a0Per chi, oltre 25 anni fa, ha svolto il servizio militare con il casco e la manichetta la soddisfazione \u00e8 doppia. Il via libera dato al Senato alla manovra di bilancio con l&#8217;equiparazione degli stipendi dei Vigili del Fuoco al personale di Polizia \u00e8 \u00abuna nota di giustizia\u00bb, sottolinea il coordinatore dei parlamentari veneti del Pd, Roger De Menech.<\/p>\n<p>\u00abMigliorare le retribuzioni e il sistema previdenziale dei Vigili del Fuoco allineandolo a quello delle forze di polizia era una necessit\u00e0 urgente: in Senato ci siamo riusciti con un risultato che trovo corretto sotto il profilo amministrativo e straordinario dal punto di vista politico. Anche perch\u00e9 lo stanziamento necessario, 65 milioni nel 2020, 125 milioni dal 2021 e 165 milioni dal 2022 \u00e8 tutt&#8217;altro che banale, ma devo sottolineare che su questo tema non c&#8217;\u00e8 stato un tentennamento da parte del governo e della maggioranza\u00bb.<\/p>\n<p>Per De Menech, che da ragazzo ha passato un anno nei Vigili del Fuoco tra Roma, il Cadore e Belluno, sono subito arrivati messaggi da parte dei tanti amici ed ex colleghi del Corpo. \u00abFanno sempre piacere\u00bb, dice il deputato, \u00absemplicemente perch\u00e9 sono il riconoscimento della seriet\u00e0 del lavoro fatto. Ma devo dire che un gran lavoro lo hanno fatto le organizzazioni sindacali nazionali e i rappresentanti dei Vigili del Fuoco. \u00c8 stata un&#8217;azione di lobbying intelligente, argomentata e costante. I Vigili del Fuoco italiani, professionali nelle emergenze e spina dorsale della protezione civile, sono stati eccezionali nel far capire al governo che era giunto il momento di dare loro un riconoscimento concreto, che andasse oltre la retorica buona solo per le interviste sui media\u00bb.<\/p>","protected":false},"excerpt":{"rendered":"<p>Belluno, 7 Dicembre 2019\u00a0 &#8211;\u00a0\u00a0Per chi, oltre 25 anni fa, ha svolto il servizio militare con il casco e la manichetta la soddisfazione \u00e8 doppia. Il via libera dato al Senato alla manovra di bilancio con l&#8217;equiparazione degli stipendi dei Vigili del Fuoco al personale di Polizia \u00e8 \u00abuna nota di giustizia\u00bb, sottolinea il coordinatore [&hellip;]<\/p>\n","protected":false},"author":2,"featured_media":0,"comment_status":"closed","ping_status":"open","sticky":false,"template":"","format":"standard","meta":{"footnotes":""},"categories":[5,26,8],"tags":[],"class_list":["post-110249","post","type-post","status-publish","format-standard","category-cronaca","category-prima-pagina","category-societa-istituzioni"],"yoast_head":"<!-- This site is optimized with the Yoast SEO plugin v28.4 - https:\/\/yoast.com\/product\/yoast-seo-wordpress\/ -->\n<title>Legge di Bilancio. Gli stipendi dei vigili del fuoco equiparati a quelli della polizia. De Menech: &quot;Soddisfazione doppia&quot; - Bellunopress - Dolomiti<\/title>\n<meta name=\"robots\" content=\"index, follow, max-snippet:-1, max-image-preview:large, max-video-preview:-1\" \/>\n<link rel=\"canonical\" href=\"https:\/\/www.bellunopress.it\/fr\/2019\/12\/07\/legge-di-bilancio-gli-stipendi-dei-vigili-del-fuoco-equiparati-a-quelli-della-polizia-de-menech-soddisfazione-doppia\/\" \/>\n<meta property=\"og:locale\" content=\"fr_FR\" \/>\n<meta property=\"og:type\" content=\"article\" \/>\n<meta property=\"og:title\" content=\"Legge di Bilancio. Gli stipendi dei vigili del fuoco equiparati a quelli della polizia. De Menech: &quot;Soddisfazione doppia&quot; - Bellunopress - Dolomiti\" \/>\n<meta property=\"og:description\" content=\"Belluno, 7 Dicembre 2019\u00a0 &#8211;\u00a0\u00a0Per chi, oltre 25 anni fa, ha svolto il servizio militare con il casco e la manichetta la soddisfazione \u00e8 doppia. Il via libera dato al Senato alla manovra di bilancio con l&#8217;equiparazione degli stipendi dei Vigili del Fuoco al personale di Polizia \u00e8 \u00abuna nota di giustizia\u00bb, sottolinea il coordinatore [&hellip;]\" \/>\n<meta property=\"og:url\" content=\"https:\/\/www.bellunopress.it\/fr\/2019\/12\/07\/legge-di-bilancio-gli-stipendi-dei-vigili-del-fuoco-equiparati-a-quelli-della-polizia-de-menech-soddisfazione-doppia\/\" \/>\n<meta property=\"og:site_name\" content=\"Bellunopress - Dolomiti\" \/>\n<meta property=\"article:publisher\" content=\"https:\/\/www.facebook.com\/profile.php?id=100008943462799\" \/>\n<meta property=\"article:published_time\" content=\"2019-12-07T15:01:55+00:00\" \/>\n<meta property=\"og:image\" content=\"http:\/\/www.bellunopress.it\/wp-content\/uploads\/2019\/02\/roger-de-menech-357x250.jpg\" \/>\n<meta name=\"author\" content=\"redazione\" \/>\n<meta name=\"twitter:card\" content=\"summary_large_image\" \/>\n<meta name=\"twitter:creator\" content=\"@bellunopress\" \/>\n<meta name=\"twitter:site\" content=\"@bellunopress\" \/>\n<meta name=\"twitter:label1\" content=\"\u00c9crit par\" \/>\n\t<meta name=\"twitter:data1\" content=\"redazione\" \/>\n\t<meta name=\"twitter:label2\" content=\"Dur\u00e9e de lecture estim\u00e9e\" \/>\n\t<meta name=\"twitter:data2\" content=\"1 minute\" \/>\n<script type=\"application\/ld+json\" class=\"yoast-schema-graph\">{\"@context\":\"https:\\\/\\\/schema.org\",\"@graph\":[{\"@type\":\"Article\",\"@id\":\"https:\\\/\\\/www.bellunopress.it\\\/2019\\\/12\\\/07\\\/legge-di-bilancio-gli-stipendi-dei-vigili-del-fuoco-equiparati-a-quelli-della-polizia-de-menech-soddisfazione-doppia\\\/#article\",\"isPartOf\":{\"@id\":\"https:\\\/\\\/www.bellunopress.it\\\/2019\\\/12\\\/07\\\/legge-di-bilancio-gli-stipendi-dei-vigili-del-fuoco-equiparati-a-quelli-della-polizia-de-menech-soddisfazione-doppia\\\/\"},\"author\":{\"name\":\"redazione\",\"@id\":\"https:\\\/\\\/www.bellunopress.it\\\/#\\\/schema\\\/person\\\/79bb06722b37ece1c03d3e94beb30d73\"},\"headline\":\"Legge di Bilancio. Gli stipendi dei vigili del fuoco equiparati a quelli della polizia. De Menech: &#8220;Soddisfazione doppia&#8221;\",\"datePublished\":\"2019-12-07T15:01:55+00:00\",\"mainEntityOfPage\":{\"@id\":\"https:\\\/\\\/www.bellunopress.it\\\/2019\\\/12\\\/07\\\/legge-di-bilancio-gli-stipendi-dei-vigili-del-fuoco-equiparati-a-quelli-della-polizia-de-menech-soddisfazione-doppia\\\/\"},\"wordCount\":292,\"publisher\":{\"@id\":\"https:\\\/\\\/www.bellunopress.it\\\/#organization\"},\"image\":{\"@id\":\"https:\\\/\\\/www.bellunopress.it\\\/2019\\\/12\\\/07\\\/legge-di-bilancio-gli-stipendi-dei-vigili-del-fuoco-equiparati-a-quelli-della-polizia-de-menech-soddisfazione-doppia\\\/#primaryimage\"},\"thumbnailUrl\":\"http:\\\/\\\/www.bellunopress.it\\\/wp-content\\\/uploads\\\/2019\\\/02\\\/roger-de-menech-357x250.jpg\",\"articleSection\":[\"Cronaca\\\/Politica\",\"Prima Pagina\",\"Societ\u00e0, Associazioni, Istituzioni\"],\"inLanguage\":\"fr-FR\"},{\"@type\":\"WebPage\",\"@id\":\"https:\\\/\\\/www.bellunopress.it\\\/2019\\\/12\\\/07\\\/legge-di-bilancio-gli-stipendi-dei-vigili-del-fuoco-equiparati-a-quelli-della-polizia-de-menech-soddisfazione-doppia\\\/\",\"url\":\"https:\\\/\\\/www.bellunopress.it\\\/2019\\\/12\\\/07\\\/legge-di-bilancio-gli-stipendi-dei-vigili-del-fuoco-equiparati-a-quelli-della-polizia-de-menech-soddisfazione-doppia\\\/\",\"name\":\"Legge di Bilancio. Gli stipendi dei vigili del fuoco equiparati a quelli della polizia. De Menech: \\\"Soddisfazione doppia\\\" - Bellunopress - Dolomiti\",\"isPartOf\":{\"@id\":\"https:\\\/\\\/www.bellunopress.it\\\/#website\"},\"primaryImageOfPage\":{\"@id\":\"https:\\\/\\\/www.bellunopress.it\\\/2019\\\/12\\\/07\\\/legge-di-bilancio-gli-stipendi-dei-vigili-del-fuoco-equiparati-a-quelli-della-polizia-de-menech-soddisfazione-doppia\\\/#primaryimage\"},\"image\":{\"@id\":\"https:\\\/\\\/www.bellunopress.it\\\/2019\\\/12\\\/07\\\/legge-di-bilancio-gli-stipendi-dei-vigili-del-fuoco-equiparati-a-quelli-della-polizia-de-menech-soddisfazione-doppia\\\/#primaryimage\"},\"thumbnailUrl\":\"http:\\\/\\\/www.bellunopress.it\\\/wp-content\\\/uploads\\\/2019\\\/02\\\/roger-de-menech-357x250.jpg\",\"datePublished\":\"2019-12-07T15:01:55+00:00\",\"breadcrumb\":{\"@id\":\"https:\\\/\\\/www.bellunopress.it\\\/2019\\\/12\\\/07\\\/legge-di-bilancio-gli-stipendi-dei-vigili-del-fuoco-equiparati-a-quelli-della-polizia-de-menech-soddisfazione-doppia\\\/#breadcrumb\"},\"inLanguage\":\"fr-FR\",\"potentialAction\":[{\"@type\":\"ReadAction\",\"target\":[\"https:\\\/\\\/www.bellunopress.it\\\/2019\\\/12\\\/07\\\/legge-di-bilancio-gli-stipendi-dei-vigili-del-fuoco-equiparati-a-quelli-della-polizia-de-menech-soddisfazione-doppia\\\/\"]}]},{\"@type\":\"ImageObject\",\"inLanguage\":\"fr-FR\",\"@id\":\"https:\\\/\\\/www.bellunopress.it\\\/2019\\\/12\\\/07\\\/legge-di-bilancio-gli-stipendi-dei-vigili-del-fuoco-equiparati-a-quelli-della-polizia-de-menech-soddisfazione-doppia\\\/#primaryimage\",\"url\":\"http:\\\/\\\/www.bellunopress.it\\\/wp-content\\\/uploads\\\/2019\\\/02\\\/roger-de-menech-357x250.jpg\",\"contentUrl\":\"http:\\\/\\\/www.bellunopress.it\\\/wp-content\\\/uploads\\\/2019\\\/02\\\/roger-de-menech-357x250.jpg\"},{\"@type\":\"BreadcrumbList\",\"@id\":\"https:\\\/\\\/www.bellunopress.it\\\/2019\\\/12\\\/07\\\/legge-di-bilancio-gli-stipendi-dei-vigili-del-fuoco-equiparati-a-quelli-della-polizia-de-menech-soddisfazione-doppia\\\/#breadcrumb\",\"itemListElement\":[{\"@type\":\"ListItem\",\"position\":1,\"name\":\"Home\",\"item\":\"https:\\\/\\\/www.bellunopress.it\\\/\"},{\"@type\":\"ListItem\",\"position\":2,\"name\":\"Legge di Bilancio. Gli stipendi dei vigili del fuoco equiparati a quelli della polizia. De Menech: &#8220;Soddisfazione doppia&#8221;\"}]},{\"@type\":\"WebSite\",\"@id\":\"https:\\\/\\\/www.bellunopress.it\\\/#website\",\"url\":\"https:\\\/\\\/www.bellunopress.it\\\/\",\"name\":\"Bellunopress - Dolomiti\",\"description\":\"e-mail: redazione@bellunopress.it\",\"publisher\":{\"@id\":\"https:\\\/\\\/www.bellunopress.it\\\/#organization\"},\"potentialAction\":[{\"@type\":\"SearchAction\",\"target\":{\"@type\":\"EntryPoint\",\"urlTemplate\":\"https:\\\/\\\/www.bellunopress.it\\\/?s={search_term_string}\"},\"query-input\":{\"@type\":\"PropertyValueSpecification\",\"valueRequired\":true,\"valueName\":\"search_term_string\"}}],\"inLanguage\":\"fr-FR\"},{\"@type\":\"Organization\",\"@id\":\"https:\\\/\\\/www.bellunopress.it\\\/#organization\",\"name\":\"Bellunopress\",\"url\":\"https:\\\/\\\/www.bellunopress.it\\\/\",\"logo\":{\"@type\":\"ImageObject\",\"inLanguage\":\"fr-FR\",\"@id\":\"https:\\\/\\\/www.bellunopress.it\\\/#\\\/schema\\\/logo\\\/image\\\/\",\"url\":\"https:\\\/\\\/www.bellunopress.it\\\/wp-content\\\/uploads\\\/2011\\\/05\\\/cropped-logo-bellunopress-.jpg\",\"contentUrl\":\"https:\\\/\\\/www.bellunopress.it\\\/wp-content\\\/uploads\\\/2011\\\/05\\\/cropped-logo-bellunopress-.jpg\",\"width\":512,\"height\":512,\"caption\":\"Bellunopress\"},\"image\":{\"@id\":\"https:\\\/\\\/www.bellunopress.it\\\/#\\\/schema\\\/logo\\\/image\\\/\"},\"sameAs\":[\"https:\\\/\\\/www.facebook.com\\\/profile.php?id=100008943462799\",\"https:\\\/\\\/x.com\\\/bellunopress\",\"https:\\\/\\\/www.linkedin.com\\\/hp\\\/?dnr=JBzUWaJfMUw8vbXJJ2tVW5-I3jZKvC4wsoxE&amp;amp;amp;amp;amp;amp;trk=nav_responsive_tab_home\",\"https:\\\/\\\/www.youtube.com\\\/channel\\\/UCxL0wu1uN0_3_7hGG0306cw\"]},{\"@type\":\"Person\",\"@id\":\"https:\\\/\\\/www.bellunopress.it\\\/#\\\/schema\\\/person\\\/79bb06722b37ece1c03d3e94beb30d73\",\"name\":\"redazione\",\"image\":{\"@type\":\"ImageObject\",\"inLanguage\":\"fr-FR\",\"@id\":\"https:\\\/\\\/secure.gravatar.com\\\/avatar\\\/37d968a2e67a6fd04c169c4bdef102d0bc5d31b2546345219e348575eb80e9a0?s=96&d=mm&r=g\",\"url\":\"https:\\\/\\\/secure.gravatar.com\\\/avatar\\\/37d968a2e67a6fd04c169c4bdef102d0bc5d31b2546345219e348575eb80e9a0?s=96&d=mm&r=g\",\"contentUrl\":\"https:\\\/\\\/secure.gravatar.com\\\/avatar\\\/37d968a2e67a6fd04c169c4bdef102d0bc5d31b2546345219e348575eb80e9a0?s=96&d=mm&r=g\",\"caption\":\"redazione\"},\"sameAs\":[\"http:\\\/\\\/www.bellunopress.it\",\"https:\\\/\\\/x.com\\\/bellunopress\"],\"url\":\"https:\\\/\\\/www.bellunopress.it\\\/fr\\\/author\\\/redazione\\\/\"}]}<\/script>\n<!-- \/ Yoast SEO plugin. -->","yoast_head_json":{"title":"Legge di Bilancio. Gli stipendi dei vigili del fuoco equiparati a quelli della polizia. De Menech: \"Soddisfazione doppia\" - Bellunopress - Dolomiti","robots":{"index":"index","follow":"follow","max-snippet":"max-snippet:-1","max-image-preview":"max-image-preview:large","max-video-preview":"max-video-preview:-1"},"canonical":"https:\/\/www.bellunopress.it\/fr\/2019\/12\/07\/legge-di-bilancio-gli-stipendi-dei-vigili-del-fuoco-equiparati-a-quelli-della-polizia-de-menech-soddisfazione-doppia\/","og_locale":"fr_FR","og_type":"article","og_title":"Legge di Bilancio. Gli stipendi dei vigili del fuoco equiparati a quelli della polizia. De Menech: \"Soddisfazione doppia\" - Bellunopress - Dolomiti","og_description":"Belluno, 7 Dicembre 2019\u00a0 &#8211;\u00a0\u00a0Per chi, oltre 25 anni fa, ha svolto il servizio militare con il casco e la manichetta la soddisfazione \u00e8 doppia. Il via libera dato al Senato alla manovra di bilancio con l&#8217;equiparazione degli stipendi dei Vigili del Fuoco al personale di Polizia \u00e8 \u00abuna nota di giustizia\u00bb, sottolinea il coordinatore [&hellip;]","og_url":"https:\/\/www.bellunopress.it\/fr\/2019\/12\/07\/legge-di-bilancio-gli-stipendi-dei-vigili-del-fuoco-equiparati-a-quelli-della-polizia-de-menech-soddisfazione-doppia\/","og_site_name":"Bellunopress - Dolomiti","article_publisher":"https:\/\/www.facebook.com\/profile.php?id=100008943462799","article_published_time":"2019-12-07T15:01:55+00:00","og_image":[{"url":"http:\/\/www.bellunopress.it\/wp-content\/uploads\/2019\/02\/roger-de-menech-357x250.jpg","type":"","width":"","height":""}],"author":"redazione","twitter_card":"summary_large_image","twitter_creator":"@bellunopress","twitter_site":"@bellunopress","twitter_misc":{"\u00c9crit par":"redazione","Dur\u00e9e de lecture estim\u00e9e":"1 minute"},"schema":{"@context":"https:\/\/schema.org","@graph":[{"@type":"Article","@id":"https:\/\/www.bellunopress.it\/2019\/12\/07\/legge-di-bilancio-gli-stipendi-dei-vigili-del-fuoco-equiparati-a-quelli-della-polizia-de-menech-soddisfazione-doppia\/#article","isPartOf":{"@id":"https:\/\/www.bellunopress.it\/2019\/12\/07\/legge-di-bilancio-gli-stipendi-dei-vigili-del-fuoco-equiparati-a-quelli-della-polizia-de-menech-soddisfazione-doppia\/"},"author":{"name":"redazione","@id":"https:\/\/www.bellunopress.it\/#\/schema\/person\/79bb06722b37ece1c03d3e94beb30d73"},"headline":"Legge di Bilancio. Gli stipendi dei vigili del fuoco equiparati a quelli della polizia. De Menech: &#8220;Soddisfazione doppia&#8221;","datePublished":"2019-12-07T15:01:55+00:00","mainEntityOfPage":{"@id":"https:\/\/www.bellunopress.it\/2019\/12\/07\/legge-di-bilancio-gli-stipendi-dei-vigili-del-fuoco-equiparati-a-quelli-della-polizia-de-menech-soddisfazione-doppia\/"},"wordCount":292,"publisher":{"@id":"https:\/\/www.bellunopress.it\/#organization"},"image":{"@id":"https:\/\/www.bellunopress.it\/2019\/12\/07\/legge-di-bilancio-gli-stipendi-dei-vigili-del-fuoco-equiparati-a-quelli-della-polizia-de-menech-soddisfazione-doppia\/#primaryimage"},"thumbnailUrl":"http:\/\/www.bellunopress.it\/wp-content\/uploads\/2019\/02\/roger-de-menech-357x250.jpg","articleSection":["Cronaca\/Politica","Prima Pagina","Societ\u00e0, Associazioni, Istituzioni"],"inLanguage":"fr-FR"},{"@type":"WebPage","@id":"https:\/\/www.bellunopress.it\/2019\/12\/07\/legge-di-bilancio-gli-stipendi-dei-vigili-del-fuoco-equiparati-a-quelli-della-polizia-de-menech-soddisfazione-doppia\/","url":"https:\/\/www.bellunopress.it\/2019\/12\/07\/legge-di-bilancio-gli-stipendi-dei-vigili-del-fuoco-equiparati-a-quelli-della-polizia-de-menech-soddisfazione-doppia\/","name":"Legge di Bilancio. Gli stipendi dei vigili del fuoco equiparati a quelli della polizia. De Menech: \"Soddisfazione doppia\" - Bellunopress - Dolomiti","isPartOf":{"@id":"https:\/\/www.bellunopress.it\/#website"},"primaryImageOfPage":{"@id":"https:\/\/www.bellunopress.it\/2019\/12\/07\/legge-di-bilancio-gli-stipendi-dei-vigili-del-fuoco-equiparati-a-quelli-della-polizia-de-menech-soddisfazione-doppia\/#primaryimage"},"image":{"@id":"https:\/\/www.bellunopress.it\/2019\/12\/07\/legge-di-bilancio-gli-stipendi-dei-vigili-del-fuoco-equiparati-a-quelli-della-polizia-de-menech-soddisfazione-doppia\/#primaryimage"},"thumbnailUrl":"http:\/\/www.bellunopress.it\/wp-content\/uploads\/2019\/02\/roger-de-menech-357x250.jpg","datePublished":"2019-12-07T15:01:55+00:00","breadcrumb":{"@id":"https:\/\/www.bellunopress.it\/2019\/12\/07\/legge-di-bilancio-gli-stipendi-dei-vigili-del-fuoco-equiparati-a-quelli-della-polizia-de-menech-soddisfazione-doppia\/#breadcrumb"},"inLanguage":"fr-FR","potentialAction":[{"@type":"ReadAction","target":["https:\/\/www.bellunopress.it\/2019\/12\/07\/legge-di-bilancio-gli-stipendi-dei-vigili-del-fuoco-equiparati-a-quelli-della-polizia-de-menech-soddisfazione-doppia\/"]}]},{"@type":"ImageObject","inLanguage":"fr-FR","@id":"https:\/\/www.bellunopress.it\/2019\/12\/07\/legge-di-bilancio-gli-stipendi-dei-vigili-del-fuoco-equiparati-a-quelli-della-polizia-de-menech-soddisfazione-doppia\/#primaryimage","url":"http:\/\/www.bellunopress.it\/wp-content\/uploads\/2019\/02\/roger-de-menech-357x250.jpg","contentUrl":"http:\/\/www.bellunopress.it\/wp-content\/uploads\/2019\/02\/roger-de-menech-357x250.jpg"},{"@type":"BreadcrumbList","@id":"https:\/\/www.bellunopress.it\/2019\/12\/07\/legge-di-bilancio-gli-stipendi-dei-vigili-del-fuoco-equiparati-a-quelli-della-polizia-de-menech-soddisfazione-doppia\/#breadcrumb","itemListElement":[{"@type":"ListItem","position":1,"name":"Home","item":"https:\/\/www.bellunopress.it\/"},{"@type":"ListItem","position":2,"name":"Legge di Bilancio. Gli stipendi dei vigili del fuoco equiparati a quelli della polizia. De Menech: &#8220;Soddisfazione doppia&#8221;"}]},{"@type":"WebSite","@id":"https:\/\/www.bellunopress.it\/#website","url":"https:\/\/www.bellunopress.it\/","name":"Bellunopress - Dolomiti","description":"e-mail: redazione@bellunopress.it","publisher":{"@id":"https:\/\/www.bellunopress.it\/#organization"},"potentialAction":[{"@type":"SearchAction","target":{"@type":"EntryPoint","urlTemplate":"https:\/\/www.bellunopress.it\/?s={search_term_string}"},"query-input":{"@type":"PropertyValueSpecification","valueRequired":true,"valueName":"search_term_string"}}],"inLanguage":"fr-FR"},{"@type":"Organization","@id":"https:\/\/www.bellunopress.it\/#organization","name":"Bellunopress","url":"https:\/\/www.bellunopress.it\/","logo":{"@type":"ImageObject","inLanguage":"fr-FR","@id":"https:\/\/www.bellunopress.it\/#\/schema\/logo\/image\/","url":"https:\/\/www.bellunopress.it\/wp-content\/uploads\/2011\/05\/cropped-logo-bellunopress-.jpg","contentUrl":"https:\/\/www.bellunopress.it\/wp-content\/uploads\/2011\/05\/cropped-logo-bellunopress-.jpg","width":512,"height":512,"caption":"Bellunopress"},"image":{"@id":"https:\/\/www.bellunopress.it\/#\/schema\/logo\/image\/"},"sameAs":["https:\/\/www.facebook.com\/profile.php?id=100008943462799","https:\/\/x.com\/bellunopress","https:\/\/www.linkedin.com\/hp\/?dnr=JBzUWaJfMUw8vbXJJ2tVW5-I3jZKvC4wsoxE&amp;amp;amp;amp;amp;amp;trk=nav_responsive_tab_home","https:\/\/www.youtube.com\/channel\/UCxL0wu1uN0_3_7hGG0306cw"]},{"@type":"Person","@id":"https:\/\/www.bellunopress.it\/#\/schema\/person\/79bb06722b37ece1c03d3e94beb30d73","name":"r\u00e9daction","image":{"@type":"ImageObject","inLanguage":"fr-FR","@id":"https:\/\/secure.gravatar.com\/avatar\/37d968a2e67a6fd04c169c4bdef102d0bc5d31b2546345219e348575eb80e9a0?s=96&d=mm&r=g","url":"https:\/\/secure.gravatar.com\/avatar\/37d968a2e67a6fd04c169c4bdef102d0bc5d31b2546345219e348575eb80e9a0?s=96&d=mm&r=g","contentUrl":"https:\/\/secure.gravatar.com\/avatar\/37d968a2e67a6fd04c169c4bdef102d0bc5d31b2546345219e348575eb80e9a0?s=96&d=mm&r=g","caption":"redazione"},"sameAs":["http:\/\/www.bellunopress.it","https:\/\/x.com\/bellunopress"],"url":"https:\/\/www.bellunopress.it\/fr\/author\/redazione\/"}]}},"_links":{"self":[{"href":"https:\/\/www.bellunopress.it\/fr\/wp-json\/wp\/v2\/posts\/110249","targetHints":{"allow":["GET"]}}],"collection":[{"href":"https:\/\/www.bellunopress.it\/fr\/wp-json\/wp\/v2\/posts"}],"about":[{"href":"https:\/\/www.bellunopress.it\/fr\/wp-json\/wp\/v2\/types\/post"}],"author":[{"embeddable":true,"href":"https:\/\/www.bellunopress.it\/fr\/wp-json\/wp\/v2\/users\/2"}],"replies":[{"embeddable":true,"href":"https:\/\/www.bellunopress.it\/fr\/wp-json\/wp\/v2\/comments?post=110249"}],"version-history":[{"count":1,"href":"https:\/\/www.bellunopress.it\/fr\/wp-json\/wp\/v2\/posts\/110249\/revisions"}],"predecessor-version":[{"id":110250,"href":"https:\/\/www.bellunopress.it\/fr\/wp-json\/wp\/v2\/posts\/110249\/revisions\/110250"}],"wp:attachment":[{"href":"https:\/\/www.bellunopress.it\/fr\/wp-json\/wp\/v2\/media?parent=110249"}],"wp:term":[{"taxonomy":"category","embeddable":true,"href":"https:\/\/www.bellunopress.it\/fr\/wp-json\/wp\/v2\/categories?post=110249"},{"taxonomy":"post_tag","embeddable":true,"href":"https:\/\/www.bellunopress.it\/fr\/wp-json\/wp\/v2\/tags?post=110249"}],"curies":[{"name":"wp","href":"https:\/\/api.w.org\/{rel}","templated":true}]}}