{"id":110233,"date":"2019-12-07T13:47:46","date_gmt":"2019-12-07T12:47:46","guid":{"rendered":"http:\/\/www.bellunopress.it\/?p=110233"},"modified":"2019-12-07T13:47:46","modified_gmt":"2019-12-07T12:47:46","slug":"ulss-e-cucchini-rinnovano-il-comodato-duso-della-sede-dellassociazione","status":"publish","type":"post","link":"https:\/\/www.bellunopress.it\/fr\/2019\/12\/07\/ulss-e-cucchini-rinnovano-il-comodato-duso-della-sede-dellassociazione\/","title":{"rendered":"Ulss e Cucchini rinnovano il comodato d\u2019uso della sede dell\u2019associazione"},"content":{"rendered":"<figure id=\"attachment_77363\" aria-describedby=\"caption-attachment-77363\" style=\"width: 300px\" class=\"wp-caption alignleft\"><a href=\"http:\/\/www.bellunopress.it\/fr\/2016\/05\/04\/casa-tua-due-ulss-1-inaugurata-nel-2002-ospita-120-assistiti-lanno-eta-media-poco-superiore-ai-70-anni\/casa-tua-due-ulss-1\/\" rel=\"attachment wp-att-77363\"><img loading=\"lazy\" decoding=\"async\" class=\"size-full wp-image-77363\" src=\"http:\/\/www.bellunopress.it\/wp-content\/uploads\/2016\/05\/casa-tua-due-ulss-1.jpg\" alt=\"\" width=\"300\" height=\"251\" \/><\/a><figcaption id=\"caption-attachment-77363\" class=\"wp-caption-text\">Casa Tua Due<\/figcaption><\/figure>\n<p>Associazione Cucchini e Ulss 1 Dolomiti rinsaldano il gioco di squadra.<br \/>\n\u00c8 stato rinnovato nei giorni scorsi, con le firme del direttore generale<br \/>\nUlss Adriano Rasi Caldogno e del presidente Cucchini Paolo Colleselli,<br \/>\nil comodato d\u2019uso gratuito dei locali della sede dell\u2019associazione, da<br \/>\ndecenni punto di riferimento per l\u2019Hospice Casa Tua Due e per<br \/>\nl\u2019assistenza ai malati e alle loro famiglie.<\/p>\n<p>Il nuovo comodato d\u2019uso, per gli uffici e la sala riunioni, avr\u00e0 una durata di nove anni e scadr\u00e0 nel 2028.<br \/>\n\u00abSi tratta di un accordo molto importante, perch\u00e9 consente di dare<br \/>\ncontinuit\u00e0 all\u2019operato della nostra associazione &#8211; commenta il presidente dell\u2019associazione Cucchini, il professor Paolo Colleselli -.<br \/>\nLa struttura, ampia e funzionale, \u00e8 stata realizzata anche grazie al contributo della Cucchini. E in questi anni \u00e8 stata fondamentale per la formazione dei nostri volontari, come anche di altre iniziative dell\u2019Ulss\u00bb.<br \/>\n\u00abAdesso ci sono all\u2019orizzonte altre due scadenze &#8211; prosegue il professor<br \/>\nColleselli -. La prima riguarda il comodato per l\u2019area del magazzino ausili, che sta prendendo forma a fianco della nostra sede -. In primavera, poi, scadr\u00e0 anche la convenzione per la collaborazione con l\u2019Ulss nel campo delle attivit\u00e0 e delle cure palliative, a cui Cucchini provvede da anni con i suoi volontari e anche con professionisti\u00bb.<\/p>","protected":false},"excerpt":{"rendered":"<p>Associazione Cucchini e Ulss 1 Dolomiti rinsaldano il gioco di squadra. \u00c8 stato rinnovato nei giorni scorsi, con le firme del direttore generale Ulss Adriano Rasi Caldogno e del presidente Cucchini Paolo Colleselli, il comodato d\u2019uso gratuito dei locali della sede dell\u2019associazione, da decenni punto di riferimento per l\u2019Hospice Casa Tua Due e per l\u2019assistenza [&hellip;]<\/p>\n","protected":false},"author":2,"featured_media":0,"comment_status":"closed","ping_status":"open","sticky":false,"template":"","format":"standard","meta":{"footnotes":""},"categories":[26,17],"tags":[],"class_list":["post-110233","post","type-post","status-publish","format-standard","category-prima-pagina","category-sanita"],"yoast_head":"<!-- This site is optimized with the Yoast SEO plugin v28.4 - https:\/\/yoast.com\/product\/yoast-seo-wordpress\/ -->\n<title>Ulss e Cucchini rinnovano il comodato d\u2019uso della sede dell\u2019associazione - Bellunopress - Dolomiti<\/title>\n<meta name=\"robots\" content=\"index, follow, max-snippet:-1, max-image-preview:large, max-video-preview:-1\" \/>\n<link rel=\"canonical\" href=\"https:\/\/www.bellunopress.it\/fr\/2019\/12\/07\/ulss-e-cucchini-rinnovano-il-comodato-duso-della-sede-dellassociazione\/\" \/>\n<meta property=\"og:locale\" content=\"fr_FR\" \/>\n<meta property=\"og:type\" content=\"article\" \/>\n<meta property=\"og:title\" content=\"Ulss e Cucchini rinnovano il comodato d\u2019uso della sede dell\u2019associazione - Bellunopress - Dolomiti\" \/>\n<meta property=\"og:description\" content=\"Associazione Cucchini e Ulss 1 Dolomiti rinsaldano il gioco di squadra. \u00c8 stato rinnovato nei giorni scorsi, con le firme del direttore generale Ulss Adriano Rasi Caldogno e del presidente Cucchini Paolo Colleselli, il comodato d\u2019uso gratuito dei locali della sede dell\u2019associazione, da decenni punto di riferimento per l\u2019Hospice Casa Tua Due e per l\u2019assistenza [&hellip;]\" \/>\n<meta property=\"og:url\" content=\"https:\/\/www.bellunopress.it\/fr\/2019\/12\/07\/ulss-e-cucchini-rinnovano-il-comodato-duso-della-sede-dellassociazione\/\" \/>\n<meta property=\"og:site_name\" content=\"Bellunopress - Dolomiti\" \/>\n<meta property=\"article:publisher\" content=\"https:\/\/www.facebook.com\/profile.php?id=100008943462799\" \/>\n<meta property=\"article:published_time\" content=\"2019-12-07T12:47:46+00:00\" \/>\n<meta property=\"og:image\" content=\"http:\/\/www.bellunopress.it\/wp-content\/uploads\/2016\/05\/casa-tua-due-ulss-1.jpg\" \/>\n<meta name=\"author\" content=\"redazione\" \/>\n<meta name=\"twitter:card\" content=\"summary_large_image\" \/>\n<meta name=\"twitter:creator\" content=\"@bellunopress\" \/>\n<meta name=\"twitter:site\" content=\"@bellunopress\" \/>\n<meta name=\"twitter:label1\" content=\"\u00c9crit par\" \/>\n\t<meta name=\"twitter:data1\" content=\"redazione\" \/>\n\t<meta name=\"twitter:label2\" content=\"Dur\u00e9e de lecture estim\u00e9e\" \/>\n\t<meta name=\"twitter:data2\" content=\"1 minute\" \/>\n<script type=\"application\/ld+json\" class=\"yoast-schema-graph\">{\"@context\":\"https:\\\/\\\/schema.org\",\"@graph\":[{\"@type\":\"Article\",\"@id\":\"https:\\\/\\\/www.bellunopress.it\\\/2019\\\/12\\\/07\\\/ulss-e-cucchini-rinnovano-il-comodato-duso-della-sede-dellassociazione\\\/#article\",\"isPartOf\":{\"@id\":\"https:\\\/\\\/www.bellunopress.it\\\/2019\\\/12\\\/07\\\/ulss-e-cucchini-rinnovano-il-comodato-duso-della-sede-dellassociazione\\\/\"},\"author\":{\"name\":\"redazione\",\"@id\":\"https:\\\/\\\/www.bellunopress.it\\\/#\\\/schema\\\/person\\\/79bb06722b37ece1c03d3e94beb30d73\"},\"headline\":\"Ulss e Cucchini rinnovano il comodato d\u2019uso della sede dell\u2019associazione\",\"datePublished\":\"2019-12-07T12:47:46+00:00\",\"mainEntityOfPage\":{\"@id\":\"https:\\\/\\\/www.bellunopress.it\\\/2019\\\/12\\\/07\\\/ulss-e-cucchini-rinnovano-il-comodato-duso-della-sede-dellassociazione\\\/\"},\"wordCount\":237,\"publisher\":{\"@id\":\"https:\\\/\\\/www.bellunopress.it\\\/#organization\"},\"image\":{\"@id\":\"https:\\\/\\\/www.bellunopress.it\\\/2019\\\/12\\\/07\\\/ulss-e-cucchini-rinnovano-il-comodato-duso-della-sede-dellassociazione\\\/#primaryimage\"},\"thumbnailUrl\":\"http:\\\/\\\/www.bellunopress.it\\\/wp-content\\\/uploads\\\/2016\\\/05\\\/casa-tua-due-ulss-1.jpg\",\"articleSection\":[\"Prima Pagina\",\"Sanit\u00e0 Medicina\"],\"inLanguage\":\"fr-FR\"},{\"@type\":\"WebPage\",\"@id\":\"https:\\\/\\\/www.bellunopress.it\\\/2019\\\/12\\\/07\\\/ulss-e-cucchini-rinnovano-il-comodato-duso-della-sede-dellassociazione\\\/\",\"url\":\"https:\\\/\\\/www.bellunopress.it\\\/2019\\\/12\\\/07\\\/ulss-e-cucchini-rinnovano-il-comodato-duso-della-sede-dellassociazione\\\/\",\"name\":\"Ulss e Cucchini rinnovano il comodato d\u2019uso della sede dell\u2019associazione - Bellunopress - Dolomiti\",\"isPartOf\":{\"@id\":\"https:\\\/\\\/www.bellunopress.it\\\/#website\"},\"primaryImageOfPage\":{\"@id\":\"https:\\\/\\\/www.bellunopress.it\\\/2019\\\/12\\\/07\\\/ulss-e-cucchini-rinnovano-il-comodato-duso-della-sede-dellassociazione\\\/#primaryimage\"},\"image\":{\"@id\":\"https:\\\/\\\/www.bellunopress.it\\\/2019\\\/12\\\/07\\\/ulss-e-cucchini-rinnovano-il-comodato-duso-della-sede-dellassociazione\\\/#primaryimage\"},\"thumbnailUrl\":\"http:\\\/\\\/www.bellunopress.it\\\/wp-content\\\/uploads\\\/2016\\\/05\\\/casa-tua-due-ulss-1.jpg\",\"datePublished\":\"2019-12-07T12:47:46+00:00\",\"breadcrumb\":{\"@id\":\"https:\\\/\\\/www.bellunopress.it\\\/2019\\\/12\\\/07\\\/ulss-e-cucchini-rinnovano-il-comodato-duso-della-sede-dellassociazione\\\/#breadcrumb\"},\"inLanguage\":\"fr-FR\",\"potentialAction\":[{\"@type\":\"ReadAction\",\"target\":[\"https:\\\/\\\/www.bellunopress.it\\\/2019\\\/12\\\/07\\\/ulss-e-cucchini-rinnovano-il-comodato-duso-della-sede-dellassociazione\\\/\"]}]},{\"@type\":\"ImageObject\",\"inLanguage\":\"fr-FR\",\"@id\":\"https:\\\/\\\/www.bellunopress.it\\\/2019\\\/12\\\/07\\\/ulss-e-cucchini-rinnovano-il-comodato-duso-della-sede-dellassociazione\\\/#primaryimage\",\"url\":\"http:\\\/\\\/www.bellunopress.it\\\/wp-content\\\/uploads\\\/2016\\\/05\\\/casa-tua-due-ulss-1.jpg\",\"contentUrl\":\"http:\\\/\\\/www.bellunopress.it\\\/wp-content\\\/uploads\\\/2016\\\/05\\\/casa-tua-due-ulss-1.jpg\"},{\"@type\":\"BreadcrumbList\",\"@id\":\"https:\\\/\\\/www.bellunopress.it\\\/2019\\\/12\\\/07\\\/ulss-e-cucchini-rinnovano-il-comodato-duso-della-sede-dellassociazione\\\/#breadcrumb\",\"itemListElement\":[{\"@type\":\"ListItem\",\"position\":1,\"name\":\"Home\",\"item\":\"https:\\\/\\\/www.bellunopress.it\\\/\"},{\"@type\":\"ListItem\",\"position\":2,\"name\":\"Ulss e Cucchini rinnovano il comodato d\u2019uso della sede dell\u2019associazione\"}]},{\"@type\":\"WebSite\",\"@id\":\"https:\\\/\\\/www.bellunopress.it\\\/#website\",\"url\":\"https:\\\/\\\/www.bellunopress.it\\\/\",\"name\":\"Bellunopress - Dolomiti\",\"description\":\"e-mail: redazione@bellunopress.it\",\"publisher\":{\"@id\":\"https:\\\/\\\/www.bellunopress.it\\\/#organization\"},\"potentialAction\":[{\"@type\":\"SearchAction\",\"target\":{\"@type\":\"EntryPoint\",\"urlTemplate\":\"https:\\\/\\\/www.bellunopress.it\\\/?s={search_term_string}\"},\"query-input\":{\"@type\":\"PropertyValueSpecification\",\"valueRequired\":true,\"valueName\":\"search_term_string\"}}],\"inLanguage\":\"fr-FR\"},{\"@type\":\"Organization\",\"@id\":\"https:\\\/\\\/www.bellunopress.it\\\/#organization\",\"name\":\"Bellunopress\",\"url\":\"https:\\\/\\\/www.bellunopress.it\\\/\",\"logo\":{\"@type\":\"ImageObject\",\"inLanguage\":\"fr-FR\",\"@id\":\"https:\\\/\\\/www.bellunopress.it\\\/#\\\/schema\\\/logo\\\/image\\\/\",\"url\":\"https:\\\/\\\/www.bellunopress.it\\\/wp-content\\\/uploads\\\/2011\\\/05\\\/cropped-logo-bellunopress-.jpg\",\"contentUrl\":\"https:\\\/\\\/www.bellunopress.it\\\/wp-content\\\/uploads\\\/2011\\\/05\\\/cropped-logo-bellunopress-.jpg\",\"width\":512,\"height\":512,\"caption\":\"Bellunopress\"},\"image\":{\"@id\":\"https:\\\/\\\/www.bellunopress.it\\\/#\\\/schema\\\/logo\\\/image\\\/\"},\"sameAs\":[\"https:\\\/\\\/www.facebook.com\\\/profile.php?id=100008943462799\",\"https:\\\/\\\/x.com\\\/bellunopress\",\"https:\\\/\\\/www.linkedin.com\\\/hp\\\/?dnr=JBzUWaJfMUw8vbXJJ2tVW5-I3jZKvC4wsoxE&amp;amp;amp;amp;amp;amp;trk=nav_responsive_tab_home\",\"https:\\\/\\\/www.youtube.com\\\/channel\\\/UCxL0wu1uN0_3_7hGG0306cw\"]},{\"@type\":\"Person\",\"@id\":\"https:\\\/\\\/www.bellunopress.it\\\/#\\\/schema\\\/person\\\/79bb06722b37ece1c03d3e94beb30d73\",\"name\":\"redazione\",\"image\":{\"@type\":\"ImageObject\",\"inLanguage\":\"fr-FR\",\"@id\":\"https:\\\/\\\/secure.gravatar.com\\\/avatar\\\/37d968a2e67a6fd04c169c4bdef102d0bc5d31b2546345219e348575eb80e9a0?s=96&d=mm&r=g\",\"url\":\"https:\\\/\\\/secure.gravatar.com\\\/avatar\\\/37d968a2e67a6fd04c169c4bdef102d0bc5d31b2546345219e348575eb80e9a0?s=96&d=mm&r=g\",\"contentUrl\":\"https:\\\/\\\/secure.gravatar.com\\\/avatar\\\/37d968a2e67a6fd04c169c4bdef102d0bc5d31b2546345219e348575eb80e9a0?s=96&d=mm&r=g\",\"caption\":\"redazione\"},\"sameAs\":[\"http:\\\/\\\/www.bellunopress.it\",\"https:\\\/\\\/x.com\\\/bellunopress\"],\"url\":\"https:\\\/\\\/www.bellunopress.it\\\/fr\\\/author\\\/redazione\\\/\"}]}<\/script>\n<!-- \/ Yoast SEO plugin. -->","yoast_head_json":{"title":"Ulss e Cucchini rinnovano il comodato d\u2019uso della sede dell\u2019associazione - Bellunopress - Dolomiti","robots":{"index":"index","follow":"follow","max-snippet":"max-snippet:-1","max-image-preview":"max-image-preview:large","max-video-preview":"max-video-preview:-1"},"canonical":"https:\/\/www.bellunopress.it\/fr\/2019\/12\/07\/ulss-e-cucchini-rinnovano-il-comodato-duso-della-sede-dellassociazione\/","og_locale":"fr_FR","og_type":"article","og_title":"Ulss e Cucchini rinnovano il comodato d\u2019uso della sede dell\u2019associazione - Bellunopress - Dolomiti","og_description":"Associazione Cucchini e Ulss 1 Dolomiti rinsaldano il gioco di squadra. \u00c8 stato rinnovato nei giorni scorsi, con le firme del direttore generale Ulss Adriano Rasi Caldogno e del presidente Cucchini Paolo Colleselli, il comodato d\u2019uso gratuito dei locali della sede dell\u2019associazione, da decenni punto di riferimento per l\u2019Hospice Casa Tua Due e per l\u2019assistenza [&hellip;]","og_url":"https:\/\/www.bellunopress.it\/fr\/2019\/12\/07\/ulss-e-cucchini-rinnovano-il-comodato-duso-della-sede-dellassociazione\/","og_site_name":"Bellunopress - Dolomiti","article_publisher":"https:\/\/www.facebook.com\/profile.php?id=100008943462799","article_published_time":"2019-12-07T12:47:46+00:00","og_image":[{"url":"http:\/\/www.bellunopress.it\/wp-content\/uploads\/2016\/05\/casa-tua-due-ulss-1.jpg","type":"","width":"","height":""}],"author":"redazione","twitter_card":"summary_large_image","twitter_creator":"@bellunopress","twitter_site":"@bellunopress","twitter_misc":{"\u00c9crit par":"redazione","Dur\u00e9e de lecture estim\u00e9e":"1 minute"},"schema":{"@context":"https:\/\/schema.org","@graph":[{"@type":"Article","@id":"https:\/\/www.bellunopress.it\/2019\/12\/07\/ulss-e-cucchini-rinnovano-il-comodato-duso-della-sede-dellassociazione\/#article","isPartOf":{"@id":"https:\/\/www.bellunopress.it\/2019\/12\/07\/ulss-e-cucchini-rinnovano-il-comodato-duso-della-sede-dellassociazione\/"},"author":{"name":"redazione","@id":"https:\/\/www.bellunopress.it\/#\/schema\/person\/79bb06722b37ece1c03d3e94beb30d73"},"headline":"Ulss e Cucchini rinnovano il comodato d\u2019uso della sede dell\u2019associazione","datePublished":"2019-12-07T12:47:46+00:00","mainEntityOfPage":{"@id":"https:\/\/www.bellunopress.it\/2019\/12\/07\/ulss-e-cucchini-rinnovano-il-comodato-duso-della-sede-dellassociazione\/"},"wordCount":237,"publisher":{"@id":"https:\/\/www.bellunopress.it\/#organization"},"image":{"@id":"https:\/\/www.bellunopress.it\/2019\/12\/07\/ulss-e-cucchini-rinnovano-il-comodato-duso-della-sede-dellassociazione\/#primaryimage"},"thumbnailUrl":"http:\/\/www.bellunopress.it\/wp-content\/uploads\/2016\/05\/casa-tua-due-ulss-1.jpg","articleSection":["Prima Pagina","Sanit\u00e0 Medicina"],"inLanguage":"fr-FR"},{"@type":"WebPage","@id":"https:\/\/www.bellunopress.it\/2019\/12\/07\/ulss-e-cucchini-rinnovano-il-comodato-duso-della-sede-dellassociazione\/","url":"https:\/\/www.bellunopress.it\/2019\/12\/07\/ulss-e-cucchini-rinnovano-il-comodato-duso-della-sede-dellassociazione\/","name":"Ulss e Cucchini rinnovano il comodato d\u2019uso della sede dell\u2019associazione - Bellunopress - Dolomiti","isPartOf":{"@id":"https:\/\/www.bellunopress.it\/#website"},"primaryImageOfPage":{"@id":"https:\/\/www.bellunopress.it\/2019\/12\/07\/ulss-e-cucchini-rinnovano-il-comodato-duso-della-sede-dellassociazione\/#primaryimage"},"image":{"@id":"https:\/\/www.bellunopress.it\/2019\/12\/07\/ulss-e-cucchini-rinnovano-il-comodato-duso-della-sede-dellassociazione\/#primaryimage"},"thumbnailUrl":"http:\/\/www.bellunopress.it\/wp-content\/uploads\/2016\/05\/casa-tua-due-ulss-1.jpg","datePublished":"2019-12-07T12:47:46+00:00","breadcrumb":{"@id":"https:\/\/www.bellunopress.it\/2019\/12\/07\/ulss-e-cucchini-rinnovano-il-comodato-duso-della-sede-dellassociazione\/#breadcrumb"},"inLanguage":"fr-FR","potentialAction":[{"@type":"ReadAction","target":["https:\/\/www.bellunopress.it\/2019\/12\/07\/ulss-e-cucchini-rinnovano-il-comodato-duso-della-sede-dellassociazione\/"]}]},{"@type":"ImageObject","inLanguage":"fr-FR","@id":"https:\/\/www.bellunopress.it\/2019\/12\/07\/ulss-e-cucchini-rinnovano-il-comodato-duso-della-sede-dellassociazione\/#primaryimage","url":"http:\/\/www.bellunopress.it\/wp-content\/uploads\/2016\/05\/casa-tua-due-ulss-1.jpg","contentUrl":"http:\/\/www.bellunopress.it\/wp-content\/uploads\/2016\/05\/casa-tua-due-ulss-1.jpg"},{"@type":"BreadcrumbList","@id":"https:\/\/www.bellunopress.it\/2019\/12\/07\/ulss-e-cucchini-rinnovano-il-comodato-duso-della-sede-dellassociazione\/#breadcrumb","itemListElement":[{"@type":"ListItem","position":1,"name":"Home","item":"https:\/\/www.bellunopress.it\/"},{"@type":"ListItem","position":2,"name":"Ulss e Cucchini rinnovano il comodato d\u2019uso della sede dell\u2019associazione"}]},{"@type":"WebSite","@id":"https:\/\/www.bellunopress.it\/#website","url":"https:\/\/www.bellunopress.it\/","name":"Bellunopress - Dolomiti","description":"e-mail: redazione@bellunopress.it","publisher":{"@id":"https:\/\/www.bellunopress.it\/#organization"},"potentialAction":[{"@type":"SearchAction","target":{"@type":"EntryPoint","urlTemplate":"https:\/\/www.bellunopress.it\/?s={search_term_string}"},"query-input":{"@type":"PropertyValueSpecification","valueRequired":true,"valueName":"search_term_string"}}],"inLanguage":"fr-FR"},{"@type":"Organization","@id":"https:\/\/www.bellunopress.it\/#organization","name":"Bellunopress","url":"https:\/\/www.bellunopress.it\/","logo":{"@type":"ImageObject","inLanguage":"fr-FR","@id":"https:\/\/www.bellunopress.it\/#\/schema\/logo\/image\/","url":"https:\/\/www.bellunopress.it\/wp-content\/uploads\/2011\/05\/cropped-logo-bellunopress-.jpg","contentUrl":"https:\/\/www.bellunopress.it\/wp-content\/uploads\/2011\/05\/cropped-logo-bellunopress-.jpg","width":512,"height":512,"caption":"Bellunopress"},"image":{"@id":"https:\/\/www.bellunopress.it\/#\/schema\/logo\/image\/"},"sameAs":["https:\/\/www.facebook.com\/profile.php?id=100008943462799","https:\/\/x.com\/bellunopress","https:\/\/www.linkedin.com\/hp\/?dnr=JBzUWaJfMUw8vbXJJ2tVW5-I3jZKvC4wsoxE&amp;amp;amp;amp;amp;amp;trk=nav_responsive_tab_home","https:\/\/www.youtube.com\/channel\/UCxL0wu1uN0_3_7hGG0306cw"]},{"@type":"Person","@id":"https:\/\/www.bellunopress.it\/#\/schema\/person\/79bb06722b37ece1c03d3e94beb30d73","name":"r\u00e9daction","image":{"@type":"ImageObject","inLanguage":"fr-FR","@id":"https:\/\/secure.gravatar.com\/avatar\/37d968a2e67a6fd04c169c4bdef102d0bc5d31b2546345219e348575eb80e9a0?s=96&d=mm&r=g","url":"https:\/\/secure.gravatar.com\/avatar\/37d968a2e67a6fd04c169c4bdef102d0bc5d31b2546345219e348575eb80e9a0?s=96&d=mm&r=g","contentUrl":"https:\/\/secure.gravatar.com\/avatar\/37d968a2e67a6fd04c169c4bdef102d0bc5d31b2546345219e348575eb80e9a0?s=96&d=mm&r=g","caption":"redazione"},"sameAs":["http:\/\/www.bellunopress.it","https:\/\/x.com\/bellunopress"],"url":"https:\/\/www.bellunopress.it\/fr\/author\/redazione\/"}]}},"_links":{"self":[{"href":"https:\/\/www.bellunopress.it\/fr\/wp-json\/wp\/v2\/posts\/110233","targetHints":{"allow":["GET"]}}],"collection":[{"href":"https:\/\/www.bellunopress.it\/fr\/wp-json\/wp\/v2\/posts"}],"about":[{"href":"https:\/\/www.bellunopress.it\/fr\/wp-json\/wp\/v2\/types\/post"}],"author":[{"embeddable":true,"href":"https:\/\/www.bellunopress.it\/fr\/wp-json\/wp\/v2\/users\/2"}],"replies":[{"embeddable":true,"href":"https:\/\/www.bellunopress.it\/fr\/wp-json\/wp\/v2\/comments?post=110233"}],"version-history":[{"count":1,"href":"https:\/\/www.bellunopress.it\/fr\/wp-json\/wp\/v2\/posts\/110233\/revisions"}],"predecessor-version":[{"id":110234,"href":"https:\/\/www.bellunopress.it\/fr\/wp-json\/wp\/v2\/posts\/110233\/revisions\/110234"}],"wp:attachment":[{"href":"https:\/\/www.bellunopress.it\/fr\/wp-json\/wp\/v2\/media?parent=110233"}],"wp:term":[{"taxonomy":"category","embeddable":true,"href":"https:\/\/www.bellunopress.it\/fr\/wp-json\/wp\/v2\/categories?post=110233"},{"taxonomy":"post_tag","embeddable":true,"href":"https:\/\/www.bellunopress.it\/fr\/wp-json\/wp\/v2\/tags?post=110233"}],"curies":[{"name":"wp","href":"https:\/\/api.w.org\/{rel}","templated":true}]}}