{"id":110229,"date":"2019-12-06T22:47:22","date_gmt":"2019-12-06T21:47:22","guid":{"rendered":"http:\/\/www.bellunopress.it\/?p=110229"},"modified":"2019-12-06T22:47:22","modified_gmt":"2019-12-06T21:47:22","slug":"domenica-a-feltre-torna-la-fiera-delloggetto","status":"publish","type":"post","link":"https:\/\/www.bellunopress.it\/fr\/2019\/12\/06\/domenica-a-feltre-torna-la-fiera-delloggetto\/","title":{"rendered":"Domenica a Feltre torna la Fiera dell&#8217;oggetto"},"content":{"rendered":"<p>Domenica 8 dicembre, nel centro storico di Feltre, torna la Fiera dell&#8217;oggetto, mercatino dell&#8217;antiquariato. Piazza Maggiore, via Mezzaterra e le vie adiacenti, dall&#8217;alba al tramonto, saranno animate da circa 70 bancarelle che proporranno una vasta scelta di oggetti usati e d&#8217;antiquariato, libri, mobili, lampade, vestiti, e tanto altro ancora.<\/p>\n<p><a href=\"http:\/\/www.bellunopress.it\/fr\/2011\/06\/22\/feltre-citta-delle-insegne\/feltre-fiera-artigianato290x199\/\" rel=\"attachment wp-att-28027\"><img loading=\"lazy\" decoding=\"async\" class=\"alignleft size-full wp-image-28027\" src=\"http:\/\/www.bellunopress.it\/wp-content\/uploads\/2011\/06\/feltre-fiera-artigianato290x199.jpg\" alt=\"\" width=\"290\" height=\"199\" \/><\/a>Un&#8217;occasione per visitare il centro storico di Feltre, i suo musei, il castello, il Teatro. E per vedere il presepe allestito in piazzetta Trento e Trieste, a cura dell&#8217;Associazione Incontrarte. E anche per assaggiare le specialit\u00e0 delle osterie.<\/p>\n<p>Sono visitabili le mostre:<\/p>\n<p>&#8220;C&#8217;era una volta il bosco&#8221;, Artisti raccontano Vaia, al Fondaco delle Biade.<br \/>\n&#8220;Figurativo e astratto&#8221;, Mostra personale di Pio Pellegrini, all&#8217;Art Gallery, via Mezzaterra 32.<br \/>\n&#8220;Lessico fotografico&#8221;, Mostra dei soci F-Cube, in via Mezzaterra 7<\/p>","protected":false},"excerpt":{"rendered":"<p>Domenica 8 dicembre, nel centro storico di Feltre, torna la Fiera dell&#8217;oggetto, mercatino dell&#8217;antiquariato. Piazza Maggiore, via Mezzaterra e le vie adiacenti, dall&#8217;alba al tramonto, saranno animate da circa 70 bancarelle che proporranno una vasta scelta di oggetti usati e d&#8217;antiquariato, libri, mobili, lampade, vestiti, e tanto altro ancora. Un&#8217;occasione per visitare il centro storico [&hellip;]<\/p>\n","protected":false},"author":2,"featured_media":0,"comment_status":"closed","ping_status":"open","sticky":false,"template":"","format":"standard","meta":{"footnotes":""},"categories":[27,3,25],"tags":[],"class_list":["post-110229","post","type-post","status-publish","format-standard","category-appuntamenti","category-arte-cultura-spettacoli-scienza-archivi","category-pausa-caffe"],"yoast_head":"<!-- This site is optimized with the Yoast SEO plugin v28.4 - https:\/\/yoast.com\/product\/yoast-seo-wordpress\/ -->\n<title>Domenica a Feltre torna la Fiera dell&#039;oggetto - Bellunopress - Dolomiti<\/title>\n<meta name=\"robots\" content=\"index, follow, max-snippet:-1, max-image-preview:large, max-video-preview:-1\" \/>\n<link rel=\"canonical\" href=\"https:\/\/www.bellunopress.it\/fr\/2019\/12\/06\/domenica-a-feltre-torna-la-fiera-delloggetto\/\" \/>\n<meta property=\"og:locale\" content=\"fr_FR\" \/>\n<meta property=\"og:type\" content=\"article\" \/>\n<meta property=\"og:title\" content=\"Domenica a Feltre torna la Fiera dell&#039;oggetto - Bellunopress - Dolomiti\" \/>\n<meta property=\"og:description\" content=\"Domenica 8 dicembre, nel centro storico di Feltre, torna la Fiera dell&#8217;oggetto, mercatino dell&#8217;antiquariato. Piazza Maggiore, via Mezzaterra e le vie adiacenti, dall&#8217;alba al tramonto, saranno animate da circa 70 bancarelle che proporranno una vasta scelta di oggetti usati e d&#8217;antiquariato, libri, mobili, lampade, vestiti, e tanto altro ancora. Un&#8217;occasione per visitare il centro storico [&hellip;]\" \/>\n<meta property=\"og:url\" content=\"https:\/\/www.bellunopress.it\/fr\/2019\/12\/06\/domenica-a-feltre-torna-la-fiera-delloggetto\/\" \/>\n<meta property=\"og:site_name\" content=\"Bellunopress - Dolomiti\" \/>\n<meta property=\"article:publisher\" content=\"https:\/\/www.facebook.com\/profile.php?id=100008943462799\" \/>\n<meta property=\"article:published_time\" content=\"2019-12-06T21:47:22+00:00\" \/>\n<meta property=\"og:image\" content=\"http:\/\/www.bellunopress.it\/wp-content\/uploads\/2011\/06\/feltre-fiera-artigianato290x199.jpg\" \/>\n<meta name=\"author\" content=\"redazione\" \/>\n<meta name=\"twitter:card\" content=\"summary_large_image\" \/>\n<meta name=\"twitter:creator\" content=\"@bellunopress\" \/>\n<meta name=\"twitter:site\" content=\"@bellunopress\" \/>\n<meta name=\"twitter:label1\" content=\"\u00c9crit par\" \/>\n\t<meta name=\"twitter:data1\" content=\"redazione\" \/>\n\t<meta name=\"twitter:label2\" content=\"Dur\u00e9e de lecture estim\u00e9e\" \/>\n\t<meta name=\"twitter:data2\" content=\"1 minute\" \/>\n<script type=\"application\/ld+json\" class=\"yoast-schema-graph\">{\"@context\":\"https:\\\/\\\/schema.org\",\"@graph\":[{\"@type\":\"Article\",\"@id\":\"https:\\\/\\\/www.bellunopress.it\\\/2019\\\/12\\\/06\\\/domenica-a-feltre-torna-la-fiera-delloggetto\\\/#article\",\"isPartOf\":{\"@id\":\"https:\\\/\\\/www.bellunopress.it\\\/2019\\\/12\\\/06\\\/domenica-a-feltre-torna-la-fiera-delloggetto\\\/\"},\"author\":{\"name\":\"redazione\",\"@id\":\"https:\\\/\\\/www.bellunopress.it\\\/#\\\/schema\\\/person\\\/79bb06722b37ece1c03d3e94beb30d73\"},\"headline\":\"Domenica a Feltre torna la Fiera dell&#8217;oggetto\",\"datePublished\":\"2019-12-06T21:47:22+00:00\",\"mainEntityOfPage\":{\"@id\":\"https:\\\/\\\/www.bellunopress.it\\\/2019\\\/12\\\/06\\\/domenica-a-feltre-torna-la-fiera-delloggetto\\\/\"},\"wordCount\":138,\"publisher\":{\"@id\":\"https:\\\/\\\/www.bellunopress.it\\\/#organization\"},\"image\":{\"@id\":\"https:\\\/\\\/www.bellunopress.it\\\/2019\\\/12\\\/06\\\/domenica-a-feltre-torna-la-fiera-delloggetto\\\/#primaryimage\"},\"thumbnailUrl\":\"http:\\\/\\\/www.bellunopress.it\\\/wp-content\\\/uploads\\\/2011\\\/06\\\/feltre-fiera-artigianato290x199.jpg\",\"articleSection\":[\"Appuntamenti, Eventi\",\"Arte, Cultura, Spettacoli, Scienza\",\"Pausa Caff\u00e8\"],\"inLanguage\":\"fr-FR\"},{\"@type\":\"WebPage\",\"@id\":\"https:\\\/\\\/www.bellunopress.it\\\/2019\\\/12\\\/06\\\/domenica-a-feltre-torna-la-fiera-delloggetto\\\/\",\"url\":\"https:\\\/\\\/www.bellunopress.it\\\/2019\\\/12\\\/06\\\/domenica-a-feltre-torna-la-fiera-delloggetto\\\/\",\"name\":\"Domenica a Feltre torna la Fiera dell'oggetto - Bellunopress - Dolomiti\",\"isPartOf\":{\"@id\":\"https:\\\/\\\/www.bellunopress.it\\\/#website\"},\"primaryImageOfPage\":{\"@id\":\"https:\\\/\\\/www.bellunopress.it\\\/2019\\\/12\\\/06\\\/domenica-a-feltre-torna-la-fiera-delloggetto\\\/#primaryimage\"},\"image\":{\"@id\":\"https:\\\/\\\/www.bellunopress.it\\\/2019\\\/12\\\/06\\\/domenica-a-feltre-torna-la-fiera-delloggetto\\\/#primaryimage\"},\"thumbnailUrl\":\"http:\\\/\\\/www.bellunopress.it\\\/wp-content\\\/uploads\\\/2011\\\/06\\\/feltre-fiera-artigianato290x199.jpg\",\"datePublished\":\"2019-12-06T21:47:22+00:00\",\"breadcrumb\":{\"@id\":\"https:\\\/\\\/www.bellunopress.it\\\/2019\\\/12\\\/06\\\/domenica-a-feltre-torna-la-fiera-delloggetto\\\/#breadcrumb\"},\"inLanguage\":\"fr-FR\",\"potentialAction\":[{\"@type\":\"ReadAction\",\"target\":[\"https:\\\/\\\/www.bellunopress.it\\\/2019\\\/12\\\/06\\\/domenica-a-feltre-torna-la-fiera-delloggetto\\\/\"]}]},{\"@type\":\"ImageObject\",\"inLanguage\":\"fr-FR\",\"@id\":\"https:\\\/\\\/www.bellunopress.it\\\/2019\\\/12\\\/06\\\/domenica-a-feltre-torna-la-fiera-delloggetto\\\/#primaryimage\",\"url\":\"http:\\\/\\\/www.bellunopress.it\\\/wp-content\\\/uploads\\\/2011\\\/06\\\/feltre-fiera-artigianato290x199.jpg\",\"contentUrl\":\"http:\\\/\\\/www.bellunopress.it\\\/wp-content\\\/uploads\\\/2011\\\/06\\\/feltre-fiera-artigianato290x199.jpg\"},{\"@type\":\"BreadcrumbList\",\"@id\":\"https:\\\/\\\/www.bellunopress.it\\\/2019\\\/12\\\/06\\\/domenica-a-feltre-torna-la-fiera-delloggetto\\\/#breadcrumb\",\"itemListElement\":[{\"@type\":\"ListItem\",\"position\":1,\"name\":\"Home\",\"item\":\"https:\\\/\\\/www.bellunopress.it\\\/\"},{\"@type\":\"ListItem\",\"position\":2,\"name\":\"Domenica a Feltre torna la Fiera dell&#8217;oggetto\"}]},{\"@type\":\"WebSite\",\"@id\":\"https:\\\/\\\/www.bellunopress.it\\\/#website\",\"url\":\"https:\\\/\\\/www.bellunopress.it\\\/\",\"name\":\"Bellunopress - Dolomiti\",\"description\":\"e-mail: redazione@bellunopress.it\",\"publisher\":{\"@id\":\"https:\\\/\\\/www.bellunopress.it\\\/#organization\"},\"potentialAction\":[{\"@type\":\"SearchAction\",\"target\":{\"@type\":\"EntryPoint\",\"urlTemplate\":\"https:\\\/\\\/www.bellunopress.it\\\/?s={search_term_string}\"},\"query-input\":{\"@type\":\"PropertyValueSpecification\",\"valueRequired\":true,\"valueName\":\"search_term_string\"}}],\"inLanguage\":\"fr-FR\"},{\"@type\":\"Organization\",\"@id\":\"https:\\\/\\\/www.bellunopress.it\\\/#organization\",\"name\":\"Bellunopress\",\"url\":\"https:\\\/\\\/www.bellunopress.it\\\/\",\"logo\":{\"@type\":\"ImageObject\",\"inLanguage\":\"fr-FR\",\"@id\":\"https:\\\/\\\/www.bellunopress.it\\\/#\\\/schema\\\/logo\\\/image\\\/\",\"url\":\"https:\\\/\\\/www.bellunopress.it\\\/wp-content\\\/uploads\\\/2011\\\/05\\\/cropped-logo-bellunopress-.jpg\",\"contentUrl\":\"https:\\\/\\\/www.bellunopress.it\\\/wp-content\\\/uploads\\\/2011\\\/05\\\/cropped-logo-bellunopress-.jpg\",\"width\":512,\"height\":512,\"caption\":\"Bellunopress\"},\"image\":{\"@id\":\"https:\\\/\\\/www.bellunopress.it\\\/#\\\/schema\\\/logo\\\/image\\\/\"},\"sameAs\":[\"https:\\\/\\\/www.facebook.com\\\/profile.php?id=100008943462799\",\"https:\\\/\\\/x.com\\\/bellunopress\",\"https:\\\/\\\/www.linkedin.com\\\/hp\\\/?dnr=JBzUWaJfMUw8vbXJJ2tVW5-I3jZKvC4wsoxE&amp;amp;amp;amp;amp;amp;trk=nav_responsive_tab_home\",\"https:\\\/\\\/www.youtube.com\\\/channel\\\/UCxL0wu1uN0_3_7hGG0306cw\"]},{\"@type\":\"Person\",\"@id\":\"https:\\\/\\\/www.bellunopress.it\\\/#\\\/schema\\\/person\\\/79bb06722b37ece1c03d3e94beb30d73\",\"name\":\"redazione\",\"image\":{\"@type\":\"ImageObject\",\"inLanguage\":\"fr-FR\",\"@id\":\"https:\\\/\\\/secure.gravatar.com\\\/avatar\\\/37d968a2e67a6fd04c169c4bdef102d0bc5d31b2546345219e348575eb80e9a0?s=96&d=mm&r=g\",\"url\":\"https:\\\/\\\/secure.gravatar.com\\\/avatar\\\/37d968a2e67a6fd04c169c4bdef102d0bc5d31b2546345219e348575eb80e9a0?s=96&d=mm&r=g\",\"contentUrl\":\"https:\\\/\\\/secure.gravatar.com\\\/avatar\\\/37d968a2e67a6fd04c169c4bdef102d0bc5d31b2546345219e348575eb80e9a0?s=96&d=mm&r=g\",\"caption\":\"redazione\"},\"sameAs\":[\"http:\\\/\\\/www.bellunopress.it\",\"https:\\\/\\\/x.com\\\/bellunopress\"],\"url\":\"https:\\\/\\\/www.bellunopress.it\\\/fr\\\/author\\\/redazione\\\/\"}]}<\/script>\n<!-- \/ Yoast SEO plugin. -->","yoast_head_json":{"title":"Domenica a Feltre torna la Fiera dell'oggetto - Bellunopress - Dolomiti","robots":{"index":"index","follow":"follow","max-snippet":"max-snippet:-1","max-image-preview":"max-image-preview:large","max-video-preview":"max-video-preview:-1"},"canonical":"https:\/\/www.bellunopress.it\/fr\/2019\/12\/06\/domenica-a-feltre-torna-la-fiera-delloggetto\/","og_locale":"fr_FR","og_type":"article","og_title":"Domenica a Feltre torna la Fiera dell'oggetto - Bellunopress - Dolomiti","og_description":"Domenica 8 dicembre, nel centro storico di Feltre, torna la Fiera dell&#8217;oggetto, mercatino dell&#8217;antiquariato. Piazza Maggiore, via Mezzaterra e le vie adiacenti, dall&#8217;alba al tramonto, saranno animate da circa 70 bancarelle che proporranno una vasta scelta di oggetti usati e d&#8217;antiquariato, libri, mobili, lampade, vestiti, e tanto altro ancora. Un&#8217;occasione per visitare il centro storico [&hellip;]","og_url":"https:\/\/www.bellunopress.it\/fr\/2019\/12\/06\/domenica-a-feltre-torna-la-fiera-delloggetto\/","og_site_name":"Bellunopress - Dolomiti","article_publisher":"https:\/\/www.facebook.com\/profile.php?id=100008943462799","article_published_time":"2019-12-06T21:47:22+00:00","og_image":[{"url":"http:\/\/www.bellunopress.it\/wp-content\/uploads\/2011\/06\/feltre-fiera-artigianato290x199.jpg","type":"","width":"","height":""}],"author":"redazione","twitter_card":"summary_large_image","twitter_creator":"@bellunopress","twitter_site":"@bellunopress","twitter_misc":{"\u00c9crit par":"redazione","Dur\u00e9e de lecture estim\u00e9e":"1 minute"},"schema":{"@context":"https:\/\/schema.org","@graph":[{"@type":"Article","@id":"https:\/\/www.bellunopress.it\/2019\/12\/06\/domenica-a-feltre-torna-la-fiera-delloggetto\/#article","isPartOf":{"@id":"https:\/\/www.bellunopress.it\/2019\/12\/06\/domenica-a-feltre-torna-la-fiera-delloggetto\/"},"author":{"name":"redazione","@id":"https:\/\/www.bellunopress.it\/#\/schema\/person\/79bb06722b37ece1c03d3e94beb30d73"},"headline":"Domenica a Feltre torna la Fiera dell&#8217;oggetto","datePublished":"2019-12-06T21:47:22+00:00","mainEntityOfPage":{"@id":"https:\/\/www.bellunopress.it\/2019\/12\/06\/domenica-a-feltre-torna-la-fiera-delloggetto\/"},"wordCount":138,"publisher":{"@id":"https:\/\/www.bellunopress.it\/#organization"},"image":{"@id":"https:\/\/www.bellunopress.it\/2019\/12\/06\/domenica-a-feltre-torna-la-fiera-delloggetto\/#primaryimage"},"thumbnailUrl":"http:\/\/www.bellunopress.it\/wp-content\/uploads\/2011\/06\/feltre-fiera-artigianato290x199.jpg","articleSection":["Appuntamenti, Eventi","Arte, Cultura, Spettacoli, Scienza","Pausa Caff\u00e8"],"inLanguage":"fr-FR"},{"@type":"WebPage","@id":"https:\/\/www.bellunopress.it\/2019\/12\/06\/domenica-a-feltre-torna-la-fiera-delloggetto\/","url":"https:\/\/www.bellunopress.it\/2019\/12\/06\/domenica-a-feltre-torna-la-fiera-delloggetto\/","name":"Domenica a Feltre torna la Fiera dell'oggetto - Bellunopress - Dolomiti","isPartOf":{"@id":"https:\/\/www.bellunopress.it\/#website"},"primaryImageOfPage":{"@id":"https:\/\/www.bellunopress.it\/2019\/12\/06\/domenica-a-feltre-torna-la-fiera-delloggetto\/#primaryimage"},"image":{"@id":"https:\/\/www.bellunopress.it\/2019\/12\/06\/domenica-a-feltre-torna-la-fiera-delloggetto\/#primaryimage"},"thumbnailUrl":"http:\/\/www.bellunopress.it\/wp-content\/uploads\/2011\/06\/feltre-fiera-artigianato290x199.jpg","datePublished":"2019-12-06T21:47:22+00:00","breadcrumb":{"@id":"https:\/\/www.bellunopress.it\/2019\/12\/06\/domenica-a-feltre-torna-la-fiera-delloggetto\/#breadcrumb"},"inLanguage":"fr-FR","potentialAction":[{"@type":"ReadAction","target":["https:\/\/www.bellunopress.it\/2019\/12\/06\/domenica-a-feltre-torna-la-fiera-delloggetto\/"]}]},{"@type":"ImageObject","inLanguage":"fr-FR","@id":"https:\/\/www.bellunopress.it\/2019\/12\/06\/domenica-a-feltre-torna-la-fiera-delloggetto\/#primaryimage","url":"http:\/\/www.bellunopress.it\/wp-content\/uploads\/2011\/06\/feltre-fiera-artigianato290x199.jpg","contentUrl":"http:\/\/www.bellunopress.it\/wp-content\/uploads\/2011\/06\/feltre-fiera-artigianato290x199.jpg"},{"@type":"BreadcrumbList","@id":"https:\/\/www.bellunopress.it\/2019\/12\/06\/domenica-a-feltre-torna-la-fiera-delloggetto\/#breadcrumb","itemListElement":[{"@type":"ListItem","position":1,"name":"Home","item":"https:\/\/www.bellunopress.it\/"},{"@type":"ListItem","position":2,"name":"Domenica a Feltre torna la Fiera dell&#8217;oggetto"}]},{"@type":"WebSite","@id":"https:\/\/www.bellunopress.it\/#website","url":"https:\/\/www.bellunopress.it\/","name":"Bellunopress - Dolomiti","description":"e-mail: redazione@bellunopress.it","publisher":{"@id":"https:\/\/www.bellunopress.it\/#organization"},"potentialAction":[{"@type":"SearchAction","target":{"@type":"EntryPoint","urlTemplate":"https:\/\/www.bellunopress.it\/?s={search_term_string}"},"query-input":{"@type":"PropertyValueSpecification","valueRequired":true,"valueName":"search_term_string"}}],"inLanguage":"fr-FR"},{"@type":"Organization","@id":"https:\/\/www.bellunopress.it\/#organization","name":"Bellunopress","url":"https:\/\/www.bellunopress.it\/","logo":{"@type":"ImageObject","inLanguage":"fr-FR","@id":"https:\/\/www.bellunopress.it\/#\/schema\/logo\/image\/","url":"https:\/\/www.bellunopress.it\/wp-content\/uploads\/2011\/05\/cropped-logo-bellunopress-.jpg","contentUrl":"https:\/\/www.bellunopress.it\/wp-content\/uploads\/2011\/05\/cropped-logo-bellunopress-.jpg","width":512,"height":512,"caption":"Bellunopress"},"image":{"@id":"https:\/\/www.bellunopress.it\/#\/schema\/logo\/image\/"},"sameAs":["https:\/\/www.facebook.com\/profile.php?id=100008943462799","https:\/\/x.com\/bellunopress","https:\/\/www.linkedin.com\/hp\/?dnr=JBzUWaJfMUw8vbXJJ2tVW5-I3jZKvC4wsoxE&amp;amp;amp;amp;amp;amp;trk=nav_responsive_tab_home","https:\/\/www.youtube.com\/channel\/UCxL0wu1uN0_3_7hGG0306cw"]},{"@type":"Person","@id":"https:\/\/www.bellunopress.it\/#\/schema\/person\/79bb06722b37ece1c03d3e94beb30d73","name":"r\u00e9daction","image":{"@type":"ImageObject","inLanguage":"fr-FR","@id":"https:\/\/secure.gravatar.com\/avatar\/37d968a2e67a6fd04c169c4bdef102d0bc5d31b2546345219e348575eb80e9a0?s=96&d=mm&r=g","url":"https:\/\/secure.gravatar.com\/avatar\/37d968a2e67a6fd04c169c4bdef102d0bc5d31b2546345219e348575eb80e9a0?s=96&d=mm&r=g","contentUrl":"https:\/\/secure.gravatar.com\/avatar\/37d968a2e67a6fd04c169c4bdef102d0bc5d31b2546345219e348575eb80e9a0?s=96&d=mm&r=g","caption":"redazione"},"sameAs":["http:\/\/www.bellunopress.it","https:\/\/x.com\/bellunopress"],"url":"https:\/\/www.bellunopress.it\/fr\/author\/redazione\/"}]}},"_links":{"self":[{"href":"https:\/\/www.bellunopress.it\/fr\/wp-json\/wp\/v2\/posts\/110229","targetHints":{"allow":["GET"]}}],"collection":[{"href":"https:\/\/www.bellunopress.it\/fr\/wp-json\/wp\/v2\/posts"}],"about":[{"href":"https:\/\/www.bellunopress.it\/fr\/wp-json\/wp\/v2\/types\/post"}],"author":[{"embeddable":true,"href":"https:\/\/www.bellunopress.it\/fr\/wp-json\/wp\/v2\/users\/2"}],"replies":[{"embeddable":true,"href":"https:\/\/www.bellunopress.it\/fr\/wp-json\/wp\/v2\/comments?post=110229"}],"version-history":[{"count":1,"href":"https:\/\/www.bellunopress.it\/fr\/wp-json\/wp\/v2\/posts\/110229\/revisions"}],"predecessor-version":[{"id":110230,"href":"https:\/\/www.bellunopress.it\/fr\/wp-json\/wp\/v2\/posts\/110229\/revisions\/110230"}],"wp:attachment":[{"href":"https:\/\/www.bellunopress.it\/fr\/wp-json\/wp\/v2\/media?parent=110229"}],"wp:term":[{"taxonomy":"category","embeddable":true,"href":"https:\/\/www.bellunopress.it\/fr\/wp-json\/wp\/v2\/categories?post=110229"},{"taxonomy":"post_tag","embeddable":true,"href":"https:\/\/www.bellunopress.it\/fr\/wp-json\/wp\/v2\/tags?post=110229"}],"curies":[{"name":"wp","href":"https:\/\/api.w.org\/{rel}","templated":true}]}}