{"id":110221,"date":"2019-12-06T20:51:18","date_gmt":"2019-12-06T19:51:18","guid":{"rendered":"http:\/\/www.bellunopress.it\/?p=110221"},"modified":"2019-12-06T20:51:19","modified_gmt":"2019-12-06T19:51:19","slug":"miami-meets-milano-inaugurata-la-mostra-darte-internazionale-in-florida-anche-le-opere-della-bellunese-rosanna-cecchet","status":"publish","type":"post","link":"https:\/\/www.bellunopress.it\/fr\/2019\/12\/06\/miami-meets-milano-inaugurata-la-mostra-darte-internazionale-in-florida-anche-le-opere-della-bellunese-rosanna-cecchet\/","title":{"rendered":"Miami meets Milano: inaugurata la mostra d&#8217;arte internazionale in Florida. Anche le opere della bellunese Rosanna Cecchet\u00a0"},"content":{"rendered":"<p>Come da tradizione, anche quest\u2019anno la prestigiosa mostra d\u2019arte internazionale Miami meets Milano inaugura sul top roof del Victor Hotel in una delle pi\u00f9 famose strade del mondo, la Ocean Drive.<\/p>\n<figure id=\"attachment_110222\" aria-describedby=\"caption-attachment-110222\" style=\"width: 300px\" class=\"wp-caption alignleft\"><a href=\"http:\/\/www.bellunopress.it\/fr\/2019\/12\/06\/miami-meets-milano-inaugurata-la-mostra-darte-internazionale-in-florida-anche-le-opere-della-bellunese-rosanna-cecchet\/miami-beach\/\" rel=\"attachment wp-att-110222\"><img loading=\"lazy\" decoding=\"async\" class=\"size-full wp-image-110222\" src=\"http:\/\/www.bellunopress.it\/wp-content\/uploads\/2019\/12\/Miami-Beach.jpg\" alt=\"\" width=\"300\" height=\"195\" \/><\/a><figcaption id=\"caption-attachment-110222\" class=\"wp-caption-text\">Miami Beach &#8211; Florida<\/figcaption><\/figure>\n<p>Siamo a Miami Beach, in Florida, durante i giorni in cui Art Basel, l\u2019evento che figura al primo posto nella lista delle fiere pi\u00f9 rinomate del settore. Ecco allora che il 4 dicembre la rassegna organizzata dal curatore di mostre e grandi eventi Salvo Nugnes, ha aperto i battenti al grande pubblico americano. A presentarla, oltre al presidente di Spoleto Arte, anche il sindaco di Miami Dan Gelber e il corrispondente italiano di \u00abAmerica Oggi\u00bb Pietro Porcella. E i contributi di personalit\u00e0 di spicco non mancano. Da quello del prof. Vittorio Sgarbi a quello dell\u2019artista Jos\u00e9 Dal\u00ec, figlio di Salvador Dal\u00ec, fino al direttore generale del Ministero e al console generale d\u2019Italia. A completare l\u2019elenco anche il presidente della regione Lombardia, il sindaco di Milano, Roberto Villa di Casa della Fotografia e la giornalista RAI Antonietta Di Vizia, nonch\u00e9 il direttore della Triennale di Fotografia Italiana Luigi Gattinara e la presidente di Women Empowerment Flavia Sagnelli.<\/p>\n<p>\u00abA Miami meets Milano &#8211; commenta il curatore Nugnes &#8211; ci sono artisti di calibro che espongono con autori storicizzati come Canova, Pirandello, Guttuso o Afro. Hanno l\u2019opportunit\u00e0 di essere inseriti in un catalogo, pubblicato da Editoriale Giorgio Mondadori, assieme ad artisti che hanno segnato la storia dell\u2019arte, tra cui Lodola e Boetti. Ma perch\u00e9 fare una mostra che unisca due citt\u00e0 e porti l\u2019Italia in America? Perch\u00e9 il nostro paese \u00e8 un museo a cielo aperto. Questa \u00e8 una testimonianza di quello che abbiamo e che non ci fa impallidire di fronte a mode asiatiche o americane\u00bb.<\/p>\n<p>A esporre ci sono artisti provenienti per lo pi\u00f9 dall\u2019Italia, ma non mancano opere che provengono, ad esempio, dalla Turchia, dalla Corea, dalla Francia e dalla stessa Florida. Ma vediamone i nomi: Actis Caporale Anna, Bertolini Renata, Blake India, Boscaro Alda, Bottecchia Eleonora, Capua Fabiola, Castelli Silvia, Collovati Adriana, Cormio Concetta Maria, Costantino Paola, Cremesini Felice, De Polo Paolo, Di Paola Karen, D\u2019Onofrio Micaela, Farneti Virginia, Fazio Francesco, Fiore Francesca, Fossati Elisa, Galli Gabriella, Gombac Tullio, Grieco Irene, Harizaj Santiago, Iacobucci Maria Rosaria, Imbesi Pinella, Jacquounain Nathalie, Kiziltas Demet, Lembo Pietro, Maksutaj Monda, Mariano Massimo, Mascioli Silvana, Mi Hyo Kim, Minopoli Francesco, Negrini Allessandro, Nunziata Mary, Palagano Lucio, Passera Oliviero, Pavan Mauro, Perron Mario, Provenzano Quaranta Giulia, Roman Beatrice, Ruggiero Laura, Sambucco Gino, Seregni Gianluca Giuseppe, Severi Maria Pia, Soattini Sara, Sorrentino Francesca, Spinelli Fedora, Tazzini Stefania, Tironi Romano, Vita Alberta, Zarpellon Toni, Zucca Alessandro, Zuccon Antonio e Zungri Giovanni.<\/p>\n<p>In videoesposizione invece: Almonti Patrizia, Avanzi Corrado, Cecchet Rosanna, Delfini Piera, Lucernini Luigi, Montorro Emanuela, Nagy Susanna, Polidori Oreste, Praed Dannie, Roncelli Mirko e Vitaggio Paola.<\/p>\n<p>La mostra sar\u00e0 visitabile tutti i giorni dalle 10 alle 18 fino all\u20198 dicembre. L\u2019ingresso \u00e8 gratuito. Per informazioni sull\u2019esposizione \u00e8 possibile chiamare lo 0424 525190 o il 388 7338297, scrivere una mail a org@spoletoarte.it oppure visitare il sito www.spoletoarte.it.<\/p>","protected":false},"excerpt":{"rendered":"<p>Come da tradizione, anche quest\u2019anno la prestigiosa mostra d\u2019arte internazionale Miami meets Milano inaugura sul top roof del Victor Hotel in una delle pi\u00f9 famose strade del mondo, la Ocean Drive. Siamo a Miami Beach, in Florida, durante i giorni in cui Art Basel, l\u2019evento che figura al primo posto nella lista delle fiere pi\u00f9 [&hellip;]<\/p>\n","protected":false},"author":2,"featured_media":0,"comment_status":"closed","ping_status":"open","sticky":false,"template":"","format":"standard","meta":{"footnotes":""},"categories":[27,3,25],"tags":[],"class_list":["post-110221","post","type-post","status-publish","format-standard","category-appuntamenti","category-arte-cultura-spettacoli-scienza-archivi","category-pausa-caffe"],"yoast_head":"<!-- This site is optimized with the Yoast SEO plugin v28.4 - https:\/\/yoast.com\/product\/yoast-seo-wordpress\/ -->\n<title>Miami meets Milano: inaugurata la mostra d&#039;arte internazionale in Florida. Anche le opere della bellunese Rosanna Cecchet\u00a0 - Bellunopress - Dolomiti<\/title>\n<meta name=\"robots\" content=\"index, follow, max-snippet:-1, max-image-preview:large, max-video-preview:-1\" \/>\n<link rel=\"canonical\" href=\"https:\/\/www.bellunopress.it\/fr\/2019\/12\/06\/miami-meets-milano-inaugurata-la-mostra-darte-internazionale-in-florida-anche-le-opere-della-bellunese-rosanna-cecchet\/\" \/>\n<meta property=\"og:locale\" content=\"fr_FR\" \/>\n<meta property=\"og:type\" content=\"article\" \/>\n<meta property=\"og:title\" content=\"Miami meets Milano: inaugurata la mostra d&#039;arte internazionale in Florida. Anche le opere della bellunese Rosanna Cecchet\u00a0 - Bellunopress - Dolomiti\" \/>\n<meta property=\"og:description\" content=\"Come da tradizione, anche quest\u2019anno la prestigiosa mostra d\u2019arte internazionale Miami meets Milano inaugura sul top roof del Victor Hotel in una delle pi\u00f9 famose strade del mondo, la Ocean Drive. Siamo a Miami Beach, in Florida, durante i giorni in cui Art Basel, l\u2019evento che figura al primo posto nella lista delle fiere pi\u00f9 [&hellip;]\" \/>\n<meta property=\"og:url\" content=\"https:\/\/www.bellunopress.it\/fr\/2019\/12\/06\/miami-meets-milano-inaugurata-la-mostra-darte-internazionale-in-florida-anche-le-opere-della-bellunese-rosanna-cecchet\/\" \/>\n<meta property=\"og:site_name\" content=\"Bellunopress - Dolomiti\" \/>\n<meta property=\"article:publisher\" content=\"https:\/\/www.facebook.com\/profile.php?id=100008943462799\" \/>\n<meta property=\"article:published_time\" content=\"2019-12-06T19:51:18+00:00\" \/>\n<meta property=\"article:modified_time\" content=\"2019-12-06T19:51:19+00:00\" \/>\n<meta property=\"og:image\" content=\"http:\/\/www.bellunopress.it\/wp-content\/uploads\/2019\/12\/Miami-Beach.jpg\" \/>\n<meta name=\"author\" content=\"redazione\" \/>\n<meta name=\"twitter:card\" content=\"summary_large_image\" \/>\n<meta name=\"twitter:creator\" content=\"@bellunopress\" \/>\n<meta name=\"twitter:site\" content=\"@bellunopress\" \/>\n<meta name=\"twitter:label1\" content=\"\u00c9crit par\" \/>\n\t<meta name=\"twitter:data1\" content=\"redazione\" \/>\n\t<meta name=\"twitter:label2\" content=\"Dur\u00e9e de lecture estim\u00e9e\" \/>\n\t<meta name=\"twitter:data2\" content=\"3 minutes\" \/>\n<script type=\"application\/ld+json\" class=\"yoast-schema-graph\">{\"@context\":\"https:\\\/\\\/schema.org\",\"@graph\":[{\"@type\":\"Article\",\"@id\":\"https:\\\/\\\/www.bellunopress.it\\\/2019\\\/12\\\/06\\\/miami-meets-milano-inaugurata-la-mostra-darte-internazionale-in-florida-anche-le-opere-della-bellunese-rosanna-cecchet\\\/#article\",\"isPartOf\":{\"@id\":\"https:\\\/\\\/www.bellunopress.it\\\/2019\\\/12\\\/06\\\/miami-meets-milano-inaugurata-la-mostra-darte-internazionale-in-florida-anche-le-opere-della-bellunese-rosanna-cecchet\\\/\"},\"author\":{\"name\":\"redazione\",\"@id\":\"https:\\\/\\\/www.bellunopress.it\\\/#\\\/schema\\\/person\\\/79bb06722b37ece1c03d3e94beb30d73\"},\"headline\":\"Miami meets Milano: inaugurata la mostra d&#8217;arte internazionale in Florida. Anche le opere della bellunese Rosanna Cecchet\u00a0\",\"datePublished\":\"2019-12-06T19:51:18+00:00\",\"dateModified\":\"2019-12-06T19:51:19+00:00\",\"mainEntityOfPage\":{\"@id\":\"https:\\\/\\\/www.bellunopress.it\\\/2019\\\/12\\\/06\\\/miami-meets-milano-inaugurata-la-mostra-darte-internazionale-in-florida-anche-le-opere-della-bellunese-rosanna-cecchet\\\/\"},\"wordCount\":536,\"publisher\":{\"@id\":\"https:\\\/\\\/www.bellunopress.it\\\/#organization\"},\"image\":{\"@id\":\"https:\\\/\\\/www.bellunopress.it\\\/2019\\\/12\\\/06\\\/miami-meets-milano-inaugurata-la-mostra-darte-internazionale-in-florida-anche-le-opere-della-bellunese-rosanna-cecchet\\\/#primaryimage\"},\"thumbnailUrl\":\"http:\\\/\\\/www.bellunopress.it\\\/wp-content\\\/uploads\\\/2019\\\/12\\\/Miami-Beach.jpg\",\"articleSection\":[\"Appuntamenti, Eventi\",\"Arte, Cultura, Spettacoli, Scienza\",\"Pausa Caff\u00e8\"],\"inLanguage\":\"fr-FR\"},{\"@type\":\"WebPage\",\"@id\":\"https:\\\/\\\/www.bellunopress.it\\\/2019\\\/12\\\/06\\\/miami-meets-milano-inaugurata-la-mostra-darte-internazionale-in-florida-anche-le-opere-della-bellunese-rosanna-cecchet\\\/\",\"url\":\"https:\\\/\\\/www.bellunopress.it\\\/2019\\\/12\\\/06\\\/miami-meets-milano-inaugurata-la-mostra-darte-internazionale-in-florida-anche-le-opere-della-bellunese-rosanna-cecchet\\\/\",\"name\":\"Miami meets Milano: inaugurata la mostra d'arte internazionale in Florida. Anche le opere della bellunese Rosanna Cecchet\u00a0 - Bellunopress - Dolomiti\",\"isPartOf\":{\"@id\":\"https:\\\/\\\/www.bellunopress.it\\\/#website\"},\"primaryImageOfPage\":{\"@id\":\"https:\\\/\\\/www.bellunopress.it\\\/2019\\\/12\\\/06\\\/miami-meets-milano-inaugurata-la-mostra-darte-internazionale-in-florida-anche-le-opere-della-bellunese-rosanna-cecchet\\\/#primaryimage\"},\"image\":{\"@id\":\"https:\\\/\\\/www.bellunopress.it\\\/2019\\\/12\\\/06\\\/miami-meets-milano-inaugurata-la-mostra-darte-internazionale-in-florida-anche-le-opere-della-bellunese-rosanna-cecchet\\\/#primaryimage\"},\"thumbnailUrl\":\"http:\\\/\\\/www.bellunopress.it\\\/wp-content\\\/uploads\\\/2019\\\/12\\\/Miami-Beach.jpg\",\"datePublished\":\"2019-12-06T19:51:18+00:00\",\"dateModified\":\"2019-12-06T19:51:19+00:00\",\"breadcrumb\":{\"@id\":\"https:\\\/\\\/www.bellunopress.it\\\/2019\\\/12\\\/06\\\/miami-meets-milano-inaugurata-la-mostra-darte-internazionale-in-florida-anche-le-opere-della-bellunese-rosanna-cecchet\\\/#breadcrumb\"},\"inLanguage\":\"fr-FR\",\"potentialAction\":[{\"@type\":\"ReadAction\",\"target\":[\"https:\\\/\\\/www.bellunopress.it\\\/2019\\\/12\\\/06\\\/miami-meets-milano-inaugurata-la-mostra-darte-internazionale-in-florida-anche-le-opere-della-bellunese-rosanna-cecchet\\\/\"]}]},{\"@type\":\"ImageObject\",\"inLanguage\":\"fr-FR\",\"@id\":\"https:\\\/\\\/www.bellunopress.it\\\/2019\\\/12\\\/06\\\/miami-meets-milano-inaugurata-la-mostra-darte-internazionale-in-florida-anche-le-opere-della-bellunese-rosanna-cecchet\\\/#primaryimage\",\"url\":\"http:\\\/\\\/www.bellunopress.it\\\/wp-content\\\/uploads\\\/2019\\\/12\\\/Miami-Beach.jpg\",\"contentUrl\":\"http:\\\/\\\/www.bellunopress.it\\\/wp-content\\\/uploads\\\/2019\\\/12\\\/Miami-Beach.jpg\"},{\"@type\":\"BreadcrumbList\",\"@id\":\"https:\\\/\\\/www.bellunopress.it\\\/2019\\\/12\\\/06\\\/miami-meets-milano-inaugurata-la-mostra-darte-internazionale-in-florida-anche-le-opere-della-bellunese-rosanna-cecchet\\\/#breadcrumb\",\"itemListElement\":[{\"@type\":\"ListItem\",\"position\":1,\"name\":\"Home\",\"item\":\"https:\\\/\\\/www.bellunopress.it\\\/\"},{\"@type\":\"ListItem\",\"position\":2,\"name\":\"Miami meets Milano: inaugurata la mostra d&#8217;arte internazionale in Florida. Anche le opere della bellunese Rosanna Cecchet\u00a0\"}]},{\"@type\":\"WebSite\",\"@id\":\"https:\\\/\\\/www.bellunopress.it\\\/#website\",\"url\":\"https:\\\/\\\/www.bellunopress.it\\\/\",\"name\":\"Bellunopress - Dolomiti\",\"description\":\"e-mail: redazione@bellunopress.it\",\"publisher\":{\"@id\":\"https:\\\/\\\/www.bellunopress.it\\\/#organization\"},\"potentialAction\":[{\"@type\":\"SearchAction\",\"target\":{\"@type\":\"EntryPoint\",\"urlTemplate\":\"https:\\\/\\\/www.bellunopress.it\\\/?s={search_term_string}\"},\"query-input\":{\"@type\":\"PropertyValueSpecification\",\"valueRequired\":true,\"valueName\":\"search_term_string\"}}],\"inLanguage\":\"fr-FR\"},{\"@type\":\"Organization\",\"@id\":\"https:\\\/\\\/www.bellunopress.it\\\/#organization\",\"name\":\"Bellunopress\",\"url\":\"https:\\\/\\\/www.bellunopress.it\\\/\",\"logo\":{\"@type\":\"ImageObject\",\"inLanguage\":\"fr-FR\",\"@id\":\"https:\\\/\\\/www.bellunopress.it\\\/#\\\/schema\\\/logo\\\/image\\\/\",\"url\":\"https:\\\/\\\/www.bellunopress.it\\\/wp-content\\\/uploads\\\/2011\\\/05\\\/cropped-logo-bellunopress-.jpg\",\"contentUrl\":\"https:\\\/\\\/www.bellunopress.it\\\/wp-content\\\/uploads\\\/2011\\\/05\\\/cropped-logo-bellunopress-.jpg\",\"width\":512,\"height\":512,\"caption\":\"Bellunopress\"},\"image\":{\"@id\":\"https:\\\/\\\/www.bellunopress.it\\\/#\\\/schema\\\/logo\\\/image\\\/\"},\"sameAs\":[\"https:\\\/\\\/www.facebook.com\\\/profile.php?id=100008943462799\",\"https:\\\/\\\/x.com\\\/bellunopress\",\"https:\\\/\\\/www.linkedin.com\\\/hp\\\/?dnr=JBzUWaJfMUw8vbXJJ2tVW5-I3jZKvC4wsoxE&amp;amp;amp;amp;amp;amp;trk=nav_responsive_tab_home\",\"https:\\\/\\\/www.youtube.com\\\/channel\\\/UCxL0wu1uN0_3_7hGG0306cw\"]},{\"@type\":\"Person\",\"@id\":\"https:\\\/\\\/www.bellunopress.it\\\/#\\\/schema\\\/person\\\/79bb06722b37ece1c03d3e94beb30d73\",\"name\":\"redazione\",\"image\":{\"@type\":\"ImageObject\",\"inLanguage\":\"fr-FR\",\"@id\":\"https:\\\/\\\/secure.gravatar.com\\\/avatar\\\/37d968a2e67a6fd04c169c4bdef102d0bc5d31b2546345219e348575eb80e9a0?s=96&d=mm&r=g\",\"url\":\"https:\\\/\\\/secure.gravatar.com\\\/avatar\\\/37d968a2e67a6fd04c169c4bdef102d0bc5d31b2546345219e348575eb80e9a0?s=96&d=mm&r=g\",\"contentUrl\":\"https:\\\/\\\/secure.gravatar.com\\\/avatar\\\/37d968a2e67a6fd04c169c4bdef102d0bc5d31b2546345219e348575eb80e9a0?s=96&d=mm&r=g\",\"caption\":\"redazione\"},\"sameAs\":[\"http:\\\/\\\/www.bellunopress.it\",\"https:\\\/\\\/x.com\\\/bellunopress\"],\"url\":\"https:\\\/\\\/www.bellunopress.it\\\/fr\\\/author\\\/redazione\\\/\"}]}<\/script>\n<!-- \/ Yoast SEO plugin. -->","yoast_head_json":{"title":"Miami meets Milano: inaugurata la mostra d'arte internazionale in Florida. Anche le opere della bellunese Rosanna Cecchet\u00a0 - Bellunopress - Dolomiti","robots":{"index":"index","follow":"follow","max-snippet":"max-snippet:-1","max-image-preview":"max-image-preview:large","max-video-preview":"max-video-preview:-1"},"canonical":"https:\/\/www.bellunopress.it\/fr\/2019\/12\/06\/miami-meets-milano-inaugurata-la-mostra-darte-internazionale-in-florida-anche-le-opere-della-bellunese-rosanna-cecchet\/","og_locale":"fr_FR","og_type":"article","og_title":"Miami meets Milano: inaugurata la mostra d'arte internazionale in Florida. Anche le opere della bellunese Rosanna Cecchet\u00a0 - Bellunopress - Dolomiti","og_description":"Come da tradizione, anche quest\u2019anno la prestigiosa mostra d\u2019arte internazionale Miami meets Milano inaugura sul top roof del Victor Hotel in una delle pi\u00f9 famose strade del mondo, la Ocean Drive. Siamo a Miami Beach, in Florida, durante i giorni in cui Art Basel, l\u2019evento che figura al primo posto nella lista delle fiere pi\u00f9 [&hellip;]","og_url":"https:\/\/www.bellunopress.it\/fr\/2019\/12\/06\/miami-meets-milano-inaugurata-la-mostra-darte-internazionale-in-florida-anche-le-opere-della-bellunese-rosanna-cecchet\/","og_site_name":"Bellunopress - Dolomiti","article_publisher":"https:\/\/www.facebook.com\/profile.php?id=100008943462799","article_published_time":"2019-12-06T19:51:18+00:00","article_modified_time":"2019-12-06T19:51:19+00:00","og_image":[{"url":"http:\/\/www.bellunopress.it\/wp-content\/uploads\/2019\/12\/Miami-Beach.jpg","type":"","width":"","height":""}],"author":"redazione","twitter_card":"summary_large_image","twitter_creator":"@bellunopress","twitter_site":"@bellunopress","twitter_misc":{"\u00c9crit par":"redazione","Dur\u00e9e de lecture estim\u00e9e":"3 minutes"},"schema":{"@context":"https:\/\/schema.org","@graph":[{"@type":"Article","@id":"https:\/\/www.bellunopress.it\/2019\/12\/06\/miami-meets-milano-inaugurata-la-mostra-darte-internazionale-in-florida-anche-le-opere-della-bellunese-rosanna-cecchet\/#article","isPartOf":{"@id":"https:\/\/www.bellunopress.it\/2019\/12\/06\/miami-meets-milano-inaugurata-la-mostra-darte-internazionale-in-florida-anche-le-opere-della-bellunese-rosanna-cecchet\/"},"author":{"name":"redazione","@id":"https:\/\/www.bellunopress.it\/#\/schema\/person\/79bb06722b37ece1c03d3e94beb30d73"},"headline":"Miami meets Milano: inaugurata la mostra d&#8217;arte internazionale in Florida. Anche le opere della bellunese Rosanna Cecchet\u00a0","datePublished":"2019-12-06T19:51:18+00:00","dateModified":"2019-12-06T19:51:19+00:00","mainEntityOfPage":{"@id":"https:\/\/www.bellunopress.it\/2019\/12\/06\/miami-meets-milano-inaugurata-la-mostra-darte-internazionale-in-florida-anche-le-opere-della-bellunese-rosanna-cecchet\/"},"wordCount":536,"publisher":{"@id":"https:\/\/www.bellunopress.it\/#organization"},"image":{"@id":"https:\/\/www.bellunopress.it\/2019\/12\/06\/miami-meets-milano-inaugurata-la-mostra-darte-internazionale-in-florida-anche-le-opere-della-bellunese-rosanna-cecchet\/#primaryimage"},"thumbnailUrl":"http:\/\/www.bellunopress.it\/wp-content\/uploads\/2019\/12\/Miami-Beach.jpg","articleSection":["Appuntamenti, Eventi","Arte, Cultura, Spettacoli, Scienza","Pausa Caff\u00e8"],"inLanguage":"fr-FR"},{"@type":"WebPage","@id":"https:\/\/www.bellunopress.it\/2019\/12\/06\/miami-meets-milano-inaugurata-la-mostra-darte-internazionale-in-florida-anche-le-opere-della-bellunese-rosanna-cecchet\/","url":"https:\/\/www.bellunopress.it\/2019\/12\/06\/miami-meets-milano-inaugurata-la-mostra-darte-internazionale-in-florida-anche-le-opere-della-bellunese-rosanna-cecchet\/","name":"Miami meets Milano: inaugurata la mostra d'arte internazionale in Florida. Anche le opere della bellunese Rosanna Cecchet\u00a0 - Bellunopress - Dolomiti","isPartOf":{"@id":"https:\/\/www.bellunopress.it\/#website"},"primaryImageOfPage":{"@id":"https:\/\/www.bellunopress.it\/2019\/12\/06\/miami-meets-milano-inaugurata-la-mostra-darte-internazionale-in-florida-anche-le-opere-della-bellunese-rosanna-cecchet\/#primaryimage"},"image":{"@id":"https:\/\/www.bellunopress.it\/2019\/12\/06\/miami-meets-milano-inaugurata-la-mostra-darte-internazionale-in-florida-anche-le-opere-della-bellunese-rosanna-cecchet\/#primaryimage"},"thumbnailUrl":"http:\/\/www.bellunopress.it\/wp-content\/uploads\/2019\/12\/Miami-Beach.jpg","datePublished":"2019-12-06T19:51:18+00:00","dateModified":"2019-12-06T19:51:19+00:00","breadcrumb":{"@id":"https:\/\/www.bellunopress.it\/2019\/12\/06\/miami-meets-milano-inaugurata-la-mostra-darte-internazionale-in-florida-anche-le-opere-della-bellunese-rosanna-cecchet\/#breadcrumb"},"inLanguage":"fr-FR","potentialAction":[{"@type":"ReadAction","target":["https:\/\/www.bellunopress.it\/2019\/12\/06\/miami-meets-milano-inaugurata-la-mostra-darte-internazionale-in-florida-anche-le-opere-della-bellunese-rosanna-cecchet\/"]}]},{"@type":"ImageObject","inLanguage":"fr-FR","@id":"https:\/\/www.bellunopress.it\/2019\/12\/06\/miami-meets-milano-inaugurata-la-mostra-darte-internazionale-in-florida-anche-le-opere-della-bellunese-rosanna-cecchet\/#primaryimage","url":"http:\/\/www.bellunopress.it\/wp-content\/uploads\/2019\/12\/Miami-Beach.jpg","contentUrl":"http:\/\/www.bellunopress.it\/wp-content\/uploads\/2019\/12\/Miami-Beach.jpg"},{"@type":"BreadcrumbList","@id":"https:\/\/www.bellunopress.it\/2019\/12\/06\/miami-meets-milano-inaugurata-la-mostra-darte-internazionale-in-florida-anche-le-opere-della-bellunese-rosanna-cecchet\/#breadcrumb","itemListElement":[{"@type":"ListItem","position":1,"name":"Home","item":"https:\/\/www.bellunopress.it\/"},{"@type":"ListItem","position":2,"name":"Miami meets Milano: inaugurata la mostra d&#8217;arte internazionale in Florida. Anche le opere della bellunese Rosanna Cecchet\u00a0"}]},{"@type":"WebSite","@id":"https:\/\/www.bellunopress.it\/#website","url":"https:\/\/www.bellunopress.it\/","name":"Bellunopress - Dolomiti","description":"e-mail: redazione@bellunopress.it","publisher":{"@id":"https:\/\/www.bellunopress.it\/#organization"},"potentialAction":[{"@type":"SearchAction","target":{"@type":"EntryPoint","urlTemplate":"https:\/\/www.bellunopress.it\/?s={search_term_string}"},"query-input":{"@type":"PropertyValueSpecification","valueRequired":true,"valueName":"search_term_string"}}],"inLanguage":"fr-FR"},{"@type":"Organization","@id":"https:\/\/www.bellunopress.it\/#organization","name":"Bellunopress","url":"https:\/\/www.bellunopress.it\/","logo":{"@type":"ImageObject","inLanguage":"fr-FR","@id":"https:\/\/www.bellunopress.it\/#\/schema\/logo\/image\/","url":"https:\/\/www.bellunopress.it\/wp-content\/uploads\/2011\/05\/cropped-logo-bellunopress-.jpg","contentUrl":"https:\/\/www.bellunopress.it\/wp-content\/uploads\/2011\/05\/cropped-logo-bellunopress-.jpg","width":512,"height":512,"caption":"Bellunopress"},"image":{"@id":"https:\/\/www.bellunopress.it\/#\/schema\/logo\/image\/"},"sameAs":["https:\/\/www.facebook.com\/profile.php?id=100008943462799","https:\/\/x.com\/bellunopress","https:\/\/www.linkedin.com\/hp\/?dnr=JBzUWaJfMUw8vbXJJ2tVW5-I3jZKvC4wsoxE&amp;amp;amp;amp;amp;amp;trk=nav_responsive_tab_home","https:\/\/www.youtube.com\/channel\/UCxL0wu1uN0_3_7hGG0306cw"]},{"@type":"Person","@id":"https:\/\/www.bellunopress.it\/#\/schema\/person\/79bb06722b37ece1c03d3e94beb30d73","name":"r\u00e9daction","image":{"@type":"ImageObject","inLanguage":"fr-FR","@id":"https:\/\/secure.gravatar.com\/avatar\/37d968a2e67a6fd04c169c4bdef102d0bc5d31b2546345219e348575eb80e9a0?s=96&d=mm&r=g","url":"https:\/\/secure.gravatar.com\/avatar\/37d968a2e67a6fd04c169c4bdef102d0bc5d31b2546345219e348575eb80e9a0?s=96&d=mm&r=g","contentUrl":"https:\/\/secure.gravatar.com\/avatar\/37d968a2e67a6fd04c169c4bdef102d0bc5d31b2546345219e348575eb80e9a0?s=96&d=mm&r=g","caption":"redazione"},"sameAs":["http:\/\/www.bellunopress.it","https:\/\/x.com\/bellunopress"],"url":"https:\/\/www.bellunopress.it\/fr\/author\/redazione\/"}]}},"_links":{"self":[{"href":"https:\/\/www.bellunopress.it\/fr\/wp-json\/wp\/v2\/posts\/110221","targetHints":{"allow":["GET"]}}],"collection":[{"href":"https:\/\/www.bellunopress.it\/fr\/wp-json\/wp\/v2\/posts"}],"about":[{"href":"https:\/\/www.bellunopress.it\/fr\/wp-json\/wp\/v2\/types\/post"}],"author":[{"embeddable":true,"href":"https:\/\/www.bellunopress.it\/fr\/wp-json\/wp\/v2\/users\/2"}],"replies":[{"embeddable":true,"href":"https:\/\/www.bellunopress.it\/fr\/wp-json\/wp\/v2\/comments?post=110221"}],"version-history":[{"count":2,"href":"https:\/\/www.bellunopress.it\/fr\/wp-json\/wp\/v2\/posts\/110221\/revisions"}],"predecessor-version":[{"id":110224,"href":"https:\/\/www.bellunopress.it\/fr\/wp-json\/wp\/v2\/posts\/110221\/revisions\/110224"}],"wp:attachment":[{"href":"https:\/\/www.bellunopress.it\/fr\/wp-json\/wp\/v2\/media?parent=110221"}],"wp:term":[{"taxonomy":"category","embeddable":true,"href":"https:\/\/www.bellunopress.it\/fr\/wp-json\/wp\/v2\/categories?post=110221"},{"taxonomy":"post_tag","embeddable":true,"href":"https:\/\/www.bellunopress.it\/fr\/wp-json\/wp\/v2\/tags?post=110221"}],"curies":[{"name":"wp","href":"https:\/\/api.w.org\/{rel}","templated":true}]}}