{"id":110199,"date":"2019-12-05T20:58:21","date_gmt":"2019-12-05T19:58:21","guid":{"rendered":"http:\/\/www.bellunopress.it\/?p=110199"},"modified":"2019-12-05T20:58:21","modified_gmt":"2019-12-05T19:58:21","slug":"edilizia-residenziale-pubblica-illustrati-in-seconda-commissione-i-nuovi-canoni-lanzarin-entro-dicembre-il-passaggio-finale-in-giunta","status":"publish","type":"post","link":"https:\/\/www.bellunopress.it\/fr\/2019\/12\/05\/edilizia-residenziale-pubblica-illustrati-in-seconda-commissione-i-nuovi-canoni-lanzarin-entro-dicembre-il-passaggio-finale-in-giunta\/","title":{"rendered":"Edilizia residenziale pubblica. Illustrati in Seconda commissione i nuovi canoni. Lanzarin: Entro dicembre il passaggio finale in giunta&#8221;"},"content":{"rendered":"<figure id=\"attachment_75088\" aria-describedby=\"caption-attachment-75088\" style=\"width: 249px\" class=\"wp-caption alignleft\"><a href=\"http:\/\/www.bellunopress.it\/fr\/2016\/01\/31\/immigrati-rapporto-veneto-2015-aumentano-i-nuovi-cittadini-arrivi-in-flessione-lanzarin-preoccupano-i-flussi-profughi\/manuela-lanzarin-assessore\/\" rel=\"attachment wp-att-75088\"><img loading=\"lazy\" decoding=\"async\" class=\"size-full wp-image-75088\" src=\"http:\/\/www.bellunopress.it\/wp-content\/uploads\/2016\/01\/manuela-lanzarin-assessore.jpg\" alt=\"\" width=\"249\" height=\"309\" \/><\/a><figcaption id=\"caption-attachment-75088\" class=\"wp-caption-text\">Manuela Lanzarin assessore regionale<\/figcaption><\/figure>\n<p>Venezia, 5 dicembre 2019\u00a0 &#8211;\u00a0 Oggi in Seconda Commissione consiliare sono state illustrate le simulazioni dei canoni riferite alle posizioni di tutti gli inquilini in case di edilizia residenziale pubblica.<\/p>\n<p>Tra le proiezioni sono stati illustrati i risultati degli effetti della modifica legislativa, introdotta con il collegato alla legge di bilancio. Con questa modifica alla legge, solo 270 assegnatari usciranno dall&#8217;ERP dopo i 24 mesi per supero dell\u2019ISEE di permanenza (elevata con modifica alla legge da 20.000 euro di ISEE-ERP, a 35.000 euro di ISEE-ERP), contro i precedenti teorici 5800 circa.<\/p>\n<p>Inoltre, sono 40.500 gli assegnatari che, con l\u2019introduzione di modifiche al regolamento, potranno avere modifiche, in riduzione al canone, si basti pensare che fra queste vi \u00e8 l\u2019assorbimento dell\u2019iva sul valore del canone. Inoltre, per oltre 10.000 assegnatari (a luglio erano 7.200) vi \u00e8 comunque una riduzione del canone rispetto a quello applicato con la precedente L. 10\/96.<\/p>\n<p>\u201cA conferma della bont\u00e0 della nostra scelta \u2013 sottolinea l\u2019assessore regionale al sociale Manuela Lanzarin &#8211; faccio presente che per i 734 contratti, a seguito di nuove assegnazioni, per nuclei familiari con ISEE-ERP fino a 20.000 euro, il canone medio mensile \u00e8 inferiore a 90 euro.\u201d \u201cUn canone sociale \u2013 precisa &#8211; che conferma come la nuova legge vada incontro ai bisogni delle famiglie con redditi e patrimonio contenuti rispetto alle famiglie che gi\u00e0 abitano una casa pubblica\u201d.<\/p>\n<p>Nel corso della prossima seduta la Commissione esaminer\u00e0 la modifica al regolamento oggi anticipata attraverso le proiezioni. \u201cIn questo modo \u2013 conclude Lanzarin &#8211; la Giunta potr\u00e0 licenziare entro dicembre il provvedimento che permetter\u00e0 di ricalcolare al ribasso i canoni di locazione.\u201d<\/p>","protected":false},"excerpt":{"rendered":"<p>Venezia, 5 dicembre 2019\u00a0 &#8211;\u00a0 Oggi in Seconda Commissione consiliare sono state illustrate le simulazioni dei canoni riferite alle posizioni di tutti gli inquilini in case di edilizia residenziale pubblica. Tra le proiezioni sono stati illustrati i risultati degli effetti della modifica legislativa, introdotta con il collegato alla legge di bilancio. Con questa modifica alla [&hellip;]<\/p>\n","protected":false},"author":2,"featured_media":0,"comment_status":"closed","ping_status":"open","sticky":false,"template":"","format":"standard","meta":{"footnotes":""},"categories":[5,26,8],"tags":[],"class_list":["post-110199","post","type-post","status-publish","format-standard","category-cronaca","category-prima-pagina","category-societa-istituzioni"],"yoast_head":"<!-- This site is optimized with the Yoast SEO plugin v28.4 - https:\/\/yoast.com\/product\/yoast-seo-wordpress\/ -->\n<title>Edilizia residenziale pubblica. Illustrati in Seconda commissione i nuovi canoni. Lanzarin: Entro dicembre il passaggio finale in giunta&quot; - Bellunopress - Dolomiti<\/title>\n<meta name=\"robots\" content=\"index, follow, max-snippet:-1, max-image-preview:large, max-video-preview:-1\" \/>\n<link rel=\"canonical\" href=\"https:\/\/www.bellunopress.it\/fr\/2019\/12\/05\/edilizia-residenziale-pubblica-illustrati-in-seconda-commissione-i-nuovi-canoni-lanzarin-entro-dicembre-il-passaggio-finale-in-giunta\/\" \/>\n<meta property=\"og:locale\" content=\"fr_FR\" \/>\n<meta property=\"og:type\" content=\"article\" \/>\n<meta property=\"og:title\" content=\"Edilizia residenziale pubblica. Illustrati in Seconda commissione i nuovi canoni. Lanzarin: Entro dicembre il passaggio finale in giunta&quot; - Bellunopress - Dolomiti\" \/>\n<meta property=\"og:description\" content=\"Venezia, 5 dicembre 2019\u00a0 &#8211;\u00a0 Oggi in Seconda Commissione consiliare sono state illustrate le simulazioni dei canoni riferite alle posizioni di tutti gli inquilini in case di edilizia residenziale pubblica. Tra le proiezioni sono stati illustrati i risultati degli effetti della modifica legislativa, introdotta con il collegato alla legge di bilancio. Con questa modifica alla [&hellip;]\" \/>\n<meta property=\"og:url\" content=\"https:\/\/www.bellunopress.it\/fr\/2019\/12\/05\/edilizia-residenziale-pubblica-illustrati-in-seconda-commissione-i-nuovi-canoni-lanzarin-entro-dicembre-il-passaggio-finale-in-giunta\/\" \/>\n<meta property=\"og:site_name\" content=\"Bellunopress - Dolomiti\" \/>\n<meta property=\"article:publisher\" content=\"https:\/\/www.facebook.com\/profile.php?id=100008943462799\" \/>\n<meta property=\"article:published_time\" content=\"2019-12-05T19:58:21+00:00\" \/>\n<meta property=\"og:image\" content=\"http:\/\/www.bellunopress.it\/wp-content\/uploads\/2016\/01\/manuela-lanzarin-assessore.jpg\" \/>\n<meta name=\"author\" content=\"redazione\" \/>\n<meta name=\"twitter:card\" content=\"summary_large_image\" \/>\n<meta name=\"twitter:creator\" content=\"@bellunopress\" \/>\n<meta name=\"twitter:site\" content=\"@bellunopress\" \/>\n<meta name=\"twitter:label1\" content=\"\u00c9crit par\" \/>\n\t<meta name=\"twitter:data1\" content=\"redazione\" \/>\n\t<meta name=\"twitter:label2\" content=\"Dur\u00e9e de lecture estim\u00e9e\" \/>\n\t<meta name=\"twitter:data2\" content=\"1 minute\" \/>\n<script type=\"application\/ld+json\" class=\"yoast-schema-graph\">{\"@context\":\"https:\\\/\\\/schema.org\",\"@graph\":[{\"@type\":\"Article\",\"@id\":\"https:\\\/\\\/www.bellunopress.it\\\/2019\\\/12\\\/05\\\/edilizia-residenziale-pubblica-illustrati-in-seconda-commissione-i-nuovi-canoni-lanzarin-entro-dicembre-il-passaggio-finale-in-giunta\\\/#article\",\"isPartOf\":{\"@id\":\"https:\\\/\\\/www.bellunopress.it\\\/2019\\\/12\\\/05\\\/edilizia-residenziale-pubblica-illustrati-in-seconda-commissione-i-nuovi-canoni-lanzarin-entro-dicembre-il-passaggio-finale-in-giunta\\\/\"},\"author\":{\"name\":\"redazione\",\"@id\":\"https:\\\/\\\/www.bellunopress.it\\\/#\\\/schema\\\/person\\\/79bb06722b37ece1c03d3e94beb30d73\"},\"headline\":\"Edilizia residenziale pubblica. Illustrati in Seconda commissione i nuovi canoni. Lanzarin: Entro dicembre il passaggio finale in giunta&#8221;\",\"datePublished\":\"2019-12-05T19:58:21+00:00\",\"mainEntityOfPage\":{\"@id\":\"https:\\\/\\\/www.bellunopress.it\\\/2019\\\/12\\\/05\\\/edilizia-residenziale-pubblica-illustrati-in-seconda-commissione-i-nuovi-canoni-lanzarin-entro-dicembre-il-passaggio-finale-in-giunta\\\/\"},\"wordCount\":284,\"publisher\":{\"@id\":\"https:\\\/\\\/www.bellunopress.it\\\/#organization\"},\"image\":{\"@id\":\"https:\\\/\\\/www.bellunopress.it\\\/2019\\\/12\\\/05\\\/edilizia-residenziale-pubblica-illustrati-in-seconda-commissione-i-nuovi-canoni-lanzarin-entro-dicembre-il-passaggio-finale-in-giunta\\\/#primaryimage\"},\"thumbnailUrl\":\"http:\\\/\\\/www.bellunopress.it\\\/wp-content\\\/uploads\\\/2016\\\/01\\\/manuela-lanzarin-assessore.jpg\",\"articleSection\":[\"Cronaca\\\/Politica\",\"Prima Pagina\",\"Societ\u00e0, Associazioni, Istituzioni\"],\"inLanguage\":\"fr-FR\"},{\"@type\":\"WebPage\",\"@id\":\"https:\\\/\\\/www.bellunopress.it\\\/2019\\\/12\\\/05\\\/edilizia-residenziale-pubblica-illustrati-in-seconda-commissione-i-nuovi-canoni-lanzarin-entro-dicembre-il-passaggio-finale-in-giunta\\\/\",\"url\":\"https:\\\/\\\/www.bellunopress.it\\\/2019\\\/12\\\/05\\\/edilizia-residenziale-pubblica-illustrati-in-seconda-commissione-i-nuovi-canoni-lanzarin-entro-dicembre-il-passaggio-finale-in-giunta\\\/\",\"name\":\"Edilizia residenziale pubblica. Illustrati in Seconda commissione i nuovi canoni. Lanzarin: Entro dicembre il passaggio finale in giunta\\\" - Bellunopress - Dolomiti\",\"isPartOf\":{\"@id\":\"https:\\\/\\\/www.bellunopress.it\\\/#website\"},\"primaryImageOfPage\":{\"@id\":\"https:\\\/\\\/www.bellunopress.it\\\/2019\\\/12\\\/05\\\/edilizia-residenziale-pubblica-illustrati-in-seconda-commissione-i-nuovi-canoni-lanzarin-entro-dicembre-il-passaggio-finale-in-giunta\\\/#primaryimage\"},\"image\":{\"@id\":\"https:\\\/\\\/www.bellunopress.it\\\/2019\\\/12\\\/05\\\/edilizia-residenziale-pubblica-illustrati-in-seconda-commissione-i-nuovi-canoni-lanzarin-entro-dicembre-il-passaggio-finale-in-giunta\\\/#primaryimage\"},\"thumbnailUrl\":\"http:\\\/\\\/www.bellunopress.it\\\/wp-content\\\/uploads\\\/2016\\\/01\\\/manuela-lanzarin-assessore.jpg\",\"datePublished\":\"2019-12-05T19:58:21+00:00\",\"breadcrumb\":{\"@id\":\"https:\\\/\\\/www.bellunopress.it\\\/2019\\\/12\\\/05\\\/edilizia-residenziale-pubblica-illustrati-in-seconda-commissione-i-nuovi-canoni-lanzarin-entro-dicembre-il-passaggio-finale-in-giunta\\\/#breadcrumb\"},\"inLanguage\":\"fr-FR\",\"potentialAction\":[{\"@type\":\"ReadAction\",\"target\":[\"https:\\\/\\\/www.bellunopress.it\\\/2019\\\/12\\\/05\\\/edilizia-residenziale-pubblica-illustrati-in-seconda-commissione-i-nuovi-canoni-lanzarin-entro-dicembre-il-passaggio-finale-in-giunta\\\/\"]}]},{\"@type\":\"ImageObject\",\"inLanguage\":\"fr-FR\",\"@id\":\"https:\\\/\\\/www.bellunopress.it\\\/2019\\\/12\\\/05\\\/edilizia-residenziale-pubblica-illustrati-in-seconda-commissione-i-nuovi-canoni-lanzarin-entro-dicembre-il-passaggio-finale-in-giunta\\\/#primaryimage\",\"url\":\"http:\\\/\\\/www.bellunopress.it\\\/wp-content\\\/uploads\\\/2016\\\/01\\\/manuela-lanzarin-assessore.jpg\",\"contentUrl\":\"http:\\\/\\\/www.bellunopress.it\\\/wp-content\\\/uploads\\\/2016\\\/01\\\/manuela-lanzarin-assessore.jpg\"},{\"@type\":\"BreadcrumbList\",\"@id\":\"https:\\\/\\\/www.bellunopress.it\\\/2019\\\/12\\\/05\\\/edilizia-residenziale-pubblica-illustrati-in-seconda-commissione-i-nuovi-canoni-lanzarin-entro-dicembre-il-passaggio-finale-in-giunta\\\/#breadcrumb\",\"itemListElement\":[{\"@type\":\"ListItem\",\"position\":1,\"name\":\"Home\",\"item\":\"https:\\\/\\\/www.bellunopress.it\\\/\"},{\"@type\":\"ListItem\",\"position\":2,\"name\":\"Edilizia residenziale pubblica. Illustrati in Seconda commissione i nuovi canoni. Lanzarin: Entro dicembre il passaggio finale in giunta&#8221;\"}]},{\"@type\":\"WebSite\",\"@id\":\"https:\\\/\\\/www.bellunopress.it\\\/#website\",\"url\":\"https:\\\/\\\/www.bellunopress.it\\\/\",\"name\":\"Bellunopress - Dolomiti\",\"description\":\"e-mail: redazione@bellunopress.it\",\"publisher\":{\"@id\":\"https:\\\/\\\/www.bellunopress.it\\\/#organization\"},\"potentialAction\":[{\"@type\":\"SearchAction\",\"target\":{\"@type\":\"EntryPoint\",\"urlTemplate\":\"https:\\\/\\\/www.bellunopress.it\\\/?s={search_term_string}\"},\"query-input\":{\"@type\":\"PropertyValueSpecification\",\"valueRequired\":true,\"valueName\":\"search_term_string\"}}],\"inLanguage\":\"fr-FR\"},{\"@type\":\"Organization\",\"@id\":\"https:\\\/\\\/www.bellunopress.it\\\/#organization\",\"name\":\"Bellunopress\",\"url\":\"https:\\\/\\\/www.bellunopress.it\\\/\",\"logo\":{\"@type\":\"ImageObject\",\"inLanguage\":\"fr-FR\",\"@id\":\"https:\\\/\\\/www.bellunopress.it\\\/#\\\/schema\\\/logo\\\/image\\\/\",\"url\":\"https:\\\/\\\/www.bellunopress.it\\\/wp-content\\\/uploads\\\/2011\\\/05\\\/cropped-logo-bellunopress-.jpg\",\"contentUrl\":\"https:\\\/\\\/www.bellunopress.it\\\/wp-content\\\/uploads\\\/2011\\\/05\\\/cropped-logo-bellunopress-.jpg\",\"width\":512,\"height\":512,\"caption\":\"Bellunopress\"},\"image\":{\"@id\":\"https:\\\/\\\/www.bellunopress.it\\\/#\\\/schema\\\/logo\\\/image\\\/\"},\"sameAs\":[\"https:\\\/\\\/www.facebook.com\\\/profile.php?id=100008943462799\",\"https:\\\/\\\/x.com\\\/bellunopress\",\"https:\\\/\\\/www.linkedin.com\\\/hp\\\/?dnr=JBzUWaJfMUw8vbXJJ2tVW5-I3jZKvC4wsoxE&amp;amp;amp;amp;amp;amp;trk=nav_responsive_tab_home\",\"https:\\\/\\\/www.youtube.com\\\/channel\\\/UCxL0wu1uN0_3_7hGG0306cw\"]},{\"@type\":\"Person\",\"@id\":\"https:\\\/\\\/www.bellunopress.it\\\/#\\\/schema\\\/person\\\/79bb06722b37ece1c03d3e94beb30d73\",\"name\":\"redazione\",\"image\":{\"@type\":\"ImageObject\",\"inLanguage\":\"fr-FR\",\"@id\":\"https:\\\/\\\/secure.gravatar.com\\\/avatar\\\/37d968a2e67a6fd04c169c4bdef102d0bc5d31b2546345219e348575eb80e9a0?s=96&d=mm&r=g\",\"url\":\"https:\\\/\\\/secure.gravatar.com\\\/avatar\\\/37d968a2e67a6fd04c169c4bdef102d0bc5d31b2546345219e348575eb80e9a0?s=96&d=mm&r=g\",\"contentUrl\":\"https:\\\/\\\/secure.gravatar.com\\\/avatar\\\/37d968a2e67a6fd04c169c4bdef102d0bc5d31b2546345219e348575eb80e9a0?s=96&d=mm&r=g\",\"caption\":\"redazione\"},\"sameAs\":[\"http:\\\/\\\/www.bellunopress.it\",\"https:\\\/\\\/x.com\\\/bellunopress\"],\"url\":\"https:\\\/\\\/www.bellunopress.it\\\/fr\\\/author\\\/redazione\\\/\"}]}<\/script>\n<!-- \/ Yoast SEO plugin. -->","yoast_head_json":{"title":"Edilizia residenziale pubblica. Illustrati in Seconda commissione i nuovi canoni. Lanzarin: Entro dicembre il passaggio finale in giunta\" - Bellunopress - Dolomiti","robots":{"index":"index","follow":"follow","max-snippet":"max-snippet:-1","max-image-preview":"max-image-preview:large","max-video-preview":"max-video-preview:-1"},"canonical":"https:\/\/www.bellunopress.it\/fr\/2019\/12\/05\/edilizia-residenziale-pubblica-illustrati-in-seconda-commissione-i-nuovi-canoni-lanzarin-entro-dicembre-il-passaggio-finale-in-giunta\/","og_locale":"fr_FR","og_type":"article","og_title":"Edilizia residenziale pubblica. Illustrati in Seconda commissione i nuovi canoni. Lanzarin: Entro dicembre il passaggio finale in giunta\" - Bellunopress - Dolomiti","og_description":"Venezia, 5 dicembre 2019\u00a0 &#8211;\u00a0 Oggi in Seconda Commissione consiliare sono state illustrate le simulazioni dei canoni riferite alle posizioni di tutti gli inquilini in case di edilizia residenziale pubblica. Tra le proiezioni sono stati illustrati i risultati degli effetti della modifica legislativa, introdotta con il collegato alla legge di bilancio. Con questa modifica alla [&hellip;]","og_url":"https:\/\/www.bellunopress.it\/fr\/2019\/12\/05\/edilizia-residenziale-pubblica-illustrati-in-seconda-commissione-i-nuovi-canoni-lanzarin-entro-dicembre-il-passaggio-finale-in-giunta\/","og_site_name":"Bellunopress - Dolomiti","article_publisher":"https:\/\/www.facebook.com\/profile.php?id=100008943462799","article_published_time":"2019-12-05T19:58:21+00:00","og_image":[{"url":"http:\/\/www.bellunopress.it\/wp-content\/uploads\/2016\/01\/manuela-lanzarin-assessore.jpg","type":"","width":"","height":""}],"author":"redazione","twitter_card":"summary_large_image","twitter_creator":"@bellunopress","twitter_site":"@bellunopress","twitter_misc":{"\u00c9crit par":"redazione","Dur\u00e9e de lecture estim\u00e9e":"1 minute"},"schema":{"@context":"https:\/\/schema.org","@graph":[{"@type":"Article","@id":"https:\/\/www.bellunopress.it\/2019\/12\/05\/edilizia-residenziale-pubblica-illustrati-in-seconda-commissione-i-nuovi-canoni-lanzarin-entro-dicembre-il-passaggio-finale-in-giunta\/#article","isPartOf":{"@id":"https:\/\/www.bellunopress.it\/2019\/12\/05\/edilizia-residenziale-pubblica-illustrati-in-seconda-commissione-i-nuovi-canoni-lanzarin-entro-dicembre-il-passaggio-finale-in-giunta\/"},"author":{"name":"redazione","@id":"https:\/\/www.bellunopress.it\/#\/schema\/person\/79bb06722b37ece1c03d3e94beb30d73"},"headline":"Edilizia residenziale pubblica. Illustrati in Seconda commissione i nuovi canoni. Lanzarin: Entro dicembre il passaggio finale in giunta&#8221;","datePublished":"2019-12-05T19:58:21+00:00","mainEntityOfPage":{"@id":"https:\/\/www.bellunopress.it\/2019\/12\/05\/edilizia-residenziale-pubblica-illustrati-in-seconda-commissione-i-nuovi-canoni-lanzarin-entro-dicembre-il-passaggio-finale-in-giunta\/"},"wordCount":284,"publisher":{"@id":"https:\/\/www.bellunopress.it\/#organization"},"image":{"@id":"https:\/\/www.bellunopress.it\/2019\/12\/05\/edilizia-residenziale-pubblica-illustrati-in-seconda-commissione-i-nuovi-canoni-lanzarin-entro-dicembre-il-passaggio-finale-in-giunta\/#primaryimage"},"thumbnailUrl":"http:\/\/www.bellunopress.it\/wp-content\/uploads\/2016\/01\/manuela-lanzarin-assessore.jpg","articleSection":["Cronaca\/Politica","Prima Pagina","Societ\u00e0, Associazioni, Istituzioni"],"inLanguage":"fr-FR"},{"@type":"WebPage","@id":"https:\/\/www.bellunopress.it\/2019\/12\/05\/edilizia-residenziale-pubblica-illustrati-in-seconda-commissione-i-nuovi-canoni-lanzarin-entro-dicembre-il-passaggio-finale-in-giunta\/","url":"https:\/\/www.bellunopress.it\/2019\/12\/05\/edilizia-residenziale-pubblica-illustrati-in-seconda-commissione-i-nuovi-canoni-lanzarin-entro-dicembre-il-passaggio-finale-in-giunta\/","name":"Edilizia residenziale pubblica. Illustrati in Seconda commissione i nuovi canoni. Lanzarin: Entro dicembre il passaggio finale in giunta\" - Bellunopress - Dolomiti","isPartOf":{"@id":"https:\/\/www.bellunopress.it\/#website"},"primaryImageOfPage":{"@id":"https:\/\/www.bellunopress.it\/2019\/12\/05\/edilizia-residenziale-pubblica-illustrati-in-seconda-commissione-i-nuovi-canoni-lanzarin-entro-dicembre-il-passaggio-finale-in-giunta\/#primaryimage"},"image":{"@id":"https:\/\/www.bellunopress.it\/2019\/12\/05\/edilizia-residenziale-pubblica-illustrati-in-seconda-commissione-i-nuovi-canoni-lanzarin-entro-dicembre-il-passaggio-finale-in-giunta\/#primaryimage"},"thumbnailUrl":"http:\/\/www.bellunopress.it\/wp-content\/uploads\/2016\/01\/manuela-lanzarin-assessore.jpg","datePublished":"2019-12-05T19:58:21+00:00","breadcrumb":{"@id":"https:\/\/www.bellunopress.it\/2019\/12\/05\/edilizia-residenziale-pubblica-illustrati-in-seconda-commissione-i-nuovi-canoni-lanzarin-entro-dicembre-il-passaggio-finale-in-giunta\/#breadcrumb"},"inLanguage":"fr-FR","potentialAction":[{"@type":"ReadAction","target":["https:\/\/www.bellunopress.it\/2019\/12\/05\/edilizia-residenziale-pubblica-illustrati-in-seconda-commissione-i-nuovi-canoni-lanzarin-entro-dicembre-il-passaggio-finale-in-giunta\/"]}]},{"@type":"ImageObject","inLanguage":"fr-FR","@id":"https:\/\/www.bellunopress.it\/2019\/12\/05\/edilizia-residenziale-pubblica-illustrati-in-seconda-commissione-i-nuovi-canoni-lanzarin-entro-dicembre-il-passaggio-finale-in-giunta\/#primaryimage","url":"http:\/\/www.bellunopress.it\/wp-content\/uploads\/2016\/01\/manuela-lanzarin-assessore.jpg","contentUrl":"http:\/\/www.bellunopress.it\/wp-content\/uploads\/2016\/01\/manuela-lanzarin-assessore.jpg"},{"@type":"BreadcrumbList","@id":"https:\/\/www.bellunopress.it\/2019\/12\/05\/edilizia-residenziale-pubblica-illustrati-in-seconda-commissione-i-nuovi-canoni-lanzarin-entro-dicembre-il-passaggio-finale-in-giunta\/#breadcrumb","itemListElement":[{"@type":"ListItem","position":1,"name":"Home","item":"https:\/\/www.bellunopress.it\/"},{"@type":"ListItem","position":2,"name":"Edilizia residenziale pubblica. Illustrati in Seconda commissione i nuovi canoni. Lanzarin: Entro dicembre il passaggio finale in giunta&#8221;"}]},{"@type":"WebSite","@id":"https:\/\/www.bellunopress.it\/#website","url":"https:\/\/www.bellunopress.it\/","name":"Bellunopress - Dolomiti","description":"e-mail: redazione@bellunopress.it","publisher":{"@id":"https:\/\/www.bellunopress.it\/#organization"},"potentialAction":[{"@type":"SearchAction","target":{"@type":"EntryPoint","urlTemplate":"https:\/\/www.bellunopress.it\/?s={search_term_string}"},"query-input":{"@type":"PropertyValueSpecification","valueRequired":true,"valueName":"search_term_string"}}],"inLanguage":"fr-FR"},{"@type":"Organization","@id":"https:\/\/www.bellunopress.it\/#organization","name":"Bellunopress","url":"https:\/\/www.bellunopress.it\/","logo":{"@type":"ImageObject","inLanguage":"fr-FR","@id":"https:\/\/www.bellunopress.it\/#\/schema\/logo\/image\/","url":"https:\/\/www.bellunopress.it\/wp-content\/uploads\/2011\/05\/cropped-logo-bellunopress-.jpg","contentUrl":"https:\/\/www.bellunopress.it\/wp-content\/uploads\/2011\/05\/cropped-logo-bellunopress-.jpg","width":512,"height":512,"caption":"Bellunopress"},"image":{"@id":"https:\/\/www.bellunopress.it\/#\/schema\/logo\/image\/"},"sameAs":["https:\/\/www.facebook.com\/profile.php?id=100008943462799","https:\/\/x.com\/bellunopress","https:\/\/www.linkedin.com\/hp\/?dnr=JBzUWaJfMUw8vbXJJ2tVW5-I3jZKvC4wsoxE&amp;amp;amp;amp;amp;amp;trk=nav_responsive_tab_home","https:\/\/www.youtube.com\/channel\/UCxL0wu1uN0_3_7hGG0306cw"]},{"@type":"Person","@id":"https:\/\/www.bellunopress.it\/#\/schema\/person\/79bb06722b37ece1c03d3e94beb30d73","name":"r\u00e9daction","image":{"@type":"ImageObject","inLanguage":"fr-FR","@id":"https:\/\/secure.gravatar.com\/avatar\/37d968a2e67a6fd04c169c4bdef102d0bc5d31b2546345219e348575eb80e9a0?s=96&d=mm&r=g","url":"https:\/\/secure.gravatar.com\/avatar\/37d968a2e67a6fd04c169c4bdef102d0bc5d31b2546345219e348575eb80e9a0?s=96&d=mm&r=g","contentUrl":"https:\/\/secure.gravatar.com\/avatar\/37d968a2e67a6fd04c169c4bdef102d0bc5d31b2546345219e348575eb80e9a0?s=96&d=mm&r=g","caption":"redazione"},"sameAs":["http:\/\/www.bellunopress.it","https:\/\/x.com\/bellunopress"],"url":"https:\/\/www.bellunopress.it\/fr\/author\/redazione\/"}]}},"_links":{"self":[{"href":"https:\/\/www.bellunopress.it\/fr\/wp-json\/wp\/v2\/posts\/110199","targetHints":{"allow":["GET"]}}],"collection":[{"href":"https:\/\/www.bellunopress.it\/fr\/wp-json\/wp\/v2\/posts"}],"about":[{"href":"https:\/\/www.bellunopress.it\/fr\/wp-json\/wp\/v2\/types\/post"}],"author":[{"embeddable":true,"href":"https:\/\/www.bellunopress.it\/fr\/wp-json\/wp\/v2\/users\/2"}],"replies":[{"embeddable":true,"href":"https:\/\/www.bellunopress.it\/fr\/wp-json\/wp\/v2\/comments?post=110199"}],"version-history":[{"count":1,"href":"https:\/\/www.bellunopress.it\/fr\/wp-json\/wp\/v2\/posts\/110199\/revisions"}],"predecessor-version":[{"id":110200,"href":"https:\/\/www.bellunopress.it\/fr\/wp-json\/wp\/v2\/posts\/110199\/revisions\/110200"}],"wp:attachment":[{"href":"https:\/\/www.bellunopress.it\/fr\/wp-json\/wp\/v2\/media?parent=110199"}],"wp:term":[{"taxonomy":"category","embeddable":true,"href":"https:\/\/www.bellunopress.it\/fr\/wp-json\/wp\/v2\/categories?post=110199"},{"taxonomy":"post_tag","embeddable":true,"href":"https:\/\/www.bellunopress.it\/fr\/wp-json\/wp\/v2\/tags?post=110199"}],"curies":[{"name":"wp","href":"https:\/\/api.w.org\/{rel}","templated":true}]}}