{"id":110197,"date":"2019-12-05T20:54:22","date_gmt":"2019-12-05T19:54:22","guid":{"rendered":"http:\/\/www.bellunopress.it\/?p=110197"},"modified":"2019-12-05T20:54:22","modified_gmt":"2019-12-05T19:54:22","slug":"la-regione-stanzia-21-milioni-per-i-distretti-del-commercio-marcato-e-la-nostra-risposta-per-salvare-i-centri-urbani","status":"publish","type":"post","link":"https:\/\/www.bellunopress.it\/fr\/2019\/12\/05\/la-regione-stanzia-21-milioni-per-i-distretti-del-commercio-marcato-e-la-nostra-risposta-per-salvare-i-centri-urbani\/","title":{"rendered":"La Regione stanzia 21 milioni per i distretti del commercio. Marcato: &#8220;E&#8217; la nostra risposta per salvare i centri urbani&#8221;"},"content":{"rendered":"<figure id=\"attachment_105591\" aria-describedby=\"caption-attachment-105591\" style=\"width: 277px\" class=\"wp-caption alignleft\"><a href=\"http:\/\/www.bellunopress.it\/fr\/2019\/06\/17\/nuovi-bandi-regionali-per-oltre-35-milioni-destinati-alle-pmi-venete-per-innovazione-e-assunzioni-marcato-abbiamo-ridotto-la-distanza-tra-universita-e-impresa\/assessore-roberto-marcato\/\" rel=\"attachment wp-att-105591\"><img loading=\"lazy\" decoding=\"async\" class=\"size-full wp-image-105591\" src=\"http:\/\/www.bellunopress.it\/wp-content\/uploads\/2019\/06\/assessore-roberto-marcato.jpg\" alt=\"\" width=\"277\" height=\"300\" \/><\/a><figcaption id=\"caption-attachment-105591\" class=\"wp-caption-text\">Roberto Marcato, assessore regionale<\/figcaption><\/figure>\n<p>Venezia, 5 dicembre 2019\u00a0 &#8211;\u00a0\u00a0\u201cI distretti del commercio sono la risposta della Regione del Veneto alle sfide per salvare i commercianti dei centri cittadini. I distretti rispondono esattamente agli elementi che minacciano la permanenza delle attivit\u00e0 del commercio, garantendo di mettere in rete non solo i commercianti, ma anche gli enti locali i Comuni e le associazioni di categoria, creando una massa critica capace di rispondere ai colpi del progresso\u201d.<\/p>\n<p>Questo il commento dell\u2019assessore regionale allo sviluppo economico ed energia Roberto Marcato che questa mattina \u00e8 intervenuto a Padova ad un seminario dedicato a \u201cNuove politiche e strumenti per i distretti del commercio: gestione integrata, governance, rigenerazione urbana\u201d promosso da Confcommercio Veneto.<\/p>\n<p>\u201cAbbiamo inventato il distretto del commercio, messe risorse importanti e lasciato ai commercianti di declinare questo modello in ambito locale \u2013 ha spiegato in dettaglio Marcato &#8211; ogni progetto ha una sua peculiarit\u00e0 e non pu\u00f2 essere diversamente perch\u00e9 ogni zona ha delle peculiarit\u00e0 che non si trovano altrove e vanno valorizzate. Quindi i progetti vengono finanziati dalla Regione e realizzato da Comuni e associazioni di categoria.\u201d<\/p>\n<p>La Regione nel 2019 ha stanziato complessivamente 21 milioni di euro per i distretti del commercio, dei quali 9 milioni nel collegato della finanziaria.<\/p>\n<p>\u201cI 9 milioni che ho voluto nel collegato alla finanziaria regionale servono a dare risposta a tutte le domande relative al bando sui \u2013 sottolinea l\u2019assessore allo sviluppo economico del Veneto &#8211; i progetti prevedono che tutti gli attori lavorino fianco a fianco, e le associazioni di categoria diano ai commercianti la possibilit\u00e0 di continuare ad esistere nei nostri centri storici\u201d<\/p>\n<p>\u201cRicordo che la presenza dei commercianti nei centri cittadini \u00e8 sinonimo di sicurezza e di qualit\u00e0 della vita \u2013 conclude &#8211; dove c\u2019\u00e8 un negozio c\u2019\u00e8 qualit\u00e0 della vita. Su questo dobbiamo fare una battaglia nella quale la Regione sar\u00e0 sempre accanto agli operatori del commercio.<\/p>","protected":false},"excerpt":{"rendered":"<p>Venezia, 5 dicembre 2019\u00a0 &#8211;\u00a0\u00a0\u201cI distretti del commercio sono la risposta della Regione del Veneto alle sfide per salvare i commercianti dei centri cittadini. I distretti rispondono esattamente agli elementi che minacciano la permanenza delle attivit\u00e0 del commercio, garantendo di mettere in rete non solo i commercianti, ma anche gli enti locali i Comuni e [&hellip;]<\/p>\n","protected":false},"author":2,"featured_media":0,"comment_status":"closed","ping_status":"open","sticky":false,"template":"","format":"standard","meta":{"footnotes":""},"categories":[5,36,26],"tags":[],"class_list":["post-110197","post","type-post","status-publish","format-standard","category-cronaca","category-lavoro-economia","category-prima-pagina"],"yoast_head":"<!-- This site is optimized with the Yoast SEO plugin v28.4 - https:\/\/yoast.com\/product\/yoast-seo-wordpress\/ -->\n<title>La Regione stanzia 21 milioni per i distretti del commercio. Marcato: &quot;E&#039; la nostra risposta per salvare i centri urbani&quot; - Bellunopress - Dolomiti<\/title>\n<meta name=\"robots\" content=\"index, follow, max-snippet:-1, max-image-preview:large, max-video-preview:-1\" \/>\n<link rel=\"canonical\" href=\"https:\/\/www.bellunopress.it\/fr\/2019\/12\/05\/la-regione-stanzia-21-milioni-per-i-distretti-del-commercio-marcato-e-la-nostra-risposta-per-salvare-i-centri-urbani\/\" \/>\n<meta property=\"og:locale\" content=\"fr_FR\" \/>\n<meta property=\"og:type\" content=\"article\" \/>\n<meta property=\"og:title\" content=\"La Regione stanzia 21 milioni per i distretti del commercio. Marcato: &quot;E&#039; la nostra risposta per salvare i centri urbani&quot; - Bellunopress - Dolomiti\" \/>\n<meta property=\"og:description\" content=\"Venezia, 5 dicembre 2019\u00a0 &#8211;\u00a0\u00a0\u201cI distretti del commercio sono la risposta della Regione del Veneto alle sfide per salvare i commercianti dei centri cittadini. I distretti rispondono esattamente agli elementi che minacciano la permanenza delle attivit\u00e0 del commercio, garantendo di mettere in rete non solo i commercianti, ma anche gli enti locali i Comuni e [&hellip;]\" \/>\n<meta property=\"og:url\" content=\"https:\/\/www.bellunopress.it\/fr\/2019\/12\/05\/la-regione-stanzia-21-milioni-per-i-distretti-del-commercio-marcato-e-la-nostra-risposta-per-salvare-i-centri-urbani\/\" \/>\n<meta property=\"og:site_name\" content=\"Bellunopress - Dolomiti\" \/>\n<meta property=\"article:publisher\" content=\"https:\/\/www.facebook.com\/profile.php?id=100008943462799\" \/>\n<meta property=\"article:published_time\" content=\"2019-12-05T19:54:22+00:00\" \/>\n<meta property=\"og:image\" content=\"http:\/\/www.bellunopress.it\/wp-content\/uploads\/2019\/06\/assessore-roberto-marcato.jpg\" \/>\n<meta name=\"author\" content=\"redazione\" \/>\n<meta name=\"twitter:card\" content=\"summary_large_image\" \/>\n<meta name=\"twitter:creator\" content=\"@bellunopress\" \/>\n<meta name=\"twitter:site\" content=\"@bellunopress\" \/>\n<meta name=\"twitter:label1\" content=\"Written by\" \/>\n\t<meta name=\"twitter:data1\" content=\"redazione\" \/>\n\t<meta name=\"twitter:label2\" content=\"Est. reading time\" \/>\n\t<meta name=\"twitter:data2\" content=\"2 minutes\" \/>\n<script type=\"application\/ld+json\" class=\"yoast-schema-graph\">{\"@context\":\"https:\\\/\\\/schema.org\",\"@graph\":[{\"@type\":\"Article\",\"@id\":\"https:\\\/\\\/www.bellunopress.it\\\/2019\\\/12\\\/05\\\/la-regione-stanzia-21-milioni-per-i-distretti-del-commercio-marcato-e-la-nostra-risposta-per-salvare-i-centri-urbani\\\/#article\",\"isPartOf\":{\"@id\":\"https:\\\/\\\/www.bellunopress.it\\\/2019\\\/12\\\/05\\\/la-regione-stanzia-21-milioni-per-i-distretti-del-commercio-marcato-e-la-nostra-risposta-per-salvare-i-centri-urbani\\\/\"},\"author\":{\"name\":\"redazione\",\"@id\":\"https:\\\/\\\/www.bellunopress.it\\\/#\\\/schema\\\/person\\\/79bb06722b37ece1c03d3e94beb30d73\"},\"headline\":\"La Regione stanzia 21 milioni per i distretti del commercio. Marcato: &#8220;E&#8217; la nostra risposta per salvare i centri urbani&#8221;\",\"datePublished\":\"2019-12-05T19:54:22+00:00\",\"mainEntityOfPage\":{\"@id\":\"https:\\\/\\\/www.bellunopress.it\\\/2019\\\/12\\\/05\\\/la-regione-stanzia-21-milioni-per-i-distretti-del-commercio-marcato-e-la-nostra-risposta-per-salvare-i-centri-urbani\\\/\"},\"wordCount\":332,\"publisher\":{\"@id\":\"https:\\\/\\\/www.bellunopress.it\\\/#organization\"},\"image\":{\"@id\":\"https:\\\/\\\/www.bellunopress.it\\\/2019\\\/12\\\/05\\\/la-regione-stanzia-21-milioni-per-i-distretti-del-commercio-marcato-e-la-nostra-risposta-per-salvare-i-centri-urbani\\\/#primaryimage\"},\"thumbnailUrl\":\"http:\\\/\\\/www.bellunopress.it\\\/wp-content\\\/uploads\\\/2019\\\/06\\\/assessore-roberto-marcato.jpg\",\"articleSection\":[\"Cronaca\\\/Politica\",\"Lavoro, Economia, Turismo\",\"Prima Pagina\"],\"inLanguage\":\"fr-FR\"},{\"@type\":\"WebPage\",\"@id\":\"https:\\\/\\\/www.bellunopress.it\\\/2019\\\/12\\\/05\\\/la-regione-stanzia-21-milioni-per-i-distretti-del-commercio-marcato-e-la-nostra-risposta-per-salvare-i-centri-urbani\\\/\",\"url\":\"https:\\\/\\\/www.bellunopress.it\\\/2019\\\/12\\\/05\\\/la-regione-stanzia-21-milioni-per-i-distretti-del-commercio-marcato-e-la-nostra-risposta-per-salvare-i-centri-urbani\\\/\",\"name\":\"La Regione stanzia 21 milioni per i distretti del commercio. Marcato: \\\"E' la nostra risposta per salvare i centri urbani\\\" - Bellunopress - Dolomiti\",\"isPartOf\":{\"@id\":\"https:\\\/\\\/www.bellunopress.it\\\/#website\"},\"primaryImageOfPage\":{\"@id\":\"https:\\\/\\\/www.bellunopress.it\\\/2019\\\/12\\\/05\\\/la-regione-stanzia-21-milioni-per-i-distretti-del-commercio-marcato-e-la-nostra-risposta-per-salvare-i-centri-urbani\\\/#primaryimage\"},\"image\":{\"@id\":\"https:\\\/\\\/www.bellunopress.it\\\/2019\\\/12\\\/05\\\/la-regione-stanzia-21-milioni-per-i-distretti-del-commercio-marcato-e-la-nostra-risposta-per-salvare-i-centri-urbani\\\/#primaryimage\"},\"thumbnailUrl\":\"http:\\\/\\\/www.bellunopress.it\\\/wp-content\\\/uploads\\\/2019\\\/06\\\/assessore-roberto-marcato.jpg\",\"datePublished\":\"2019-12-05T19:54:22+00:00\",\"breadcrumb\":{\"@id\":\"https:\\\/\\\/www.bellunopress.it\\\/2019\\\/12\\\/05\\\/la-regione-stanzia-21-milioni-per-i-distretti-del-commercio-marcato-e-la-nostra-risposta-per-salvare-i-centri-urbani\\\/#breadcrumb\"},\"inLanguage\":\"fr-FR\",\"potentialAction\":[{\"@type\":\"ReadAction\",\"target\":[\"https:\\\/\\\/www.bellunopress.it\\\/2019\\\/12\\\/05\\\/la-regione-stanzia-21-milioni-per-i-distretti-del-commercio-marcato-e-la-nostra-risposta-per-salvare-i-centri-urbani\\\/\"]}]},{\"@type\":\"ImageObject\",\"inLanguage\":\"fr-FR\",\"@id\":\"https:\\\/\\\/www.bellunopress.it\\\/2019\\\/12\\\/05\\\/la-regione-stanzia-21-milioni-per-i-distretti-del-commercio-marcato-e-la-nostra-risposta-per-salvare-i-centri-urbani\\\/#primaryimage\",\"url\":\"http:\\\/\\\/www.bellunopress.it\\\/wp-content\\\/uploads\\\/2019\\\/06\\\/assessore-roberto-marcato.jpg\",\"contentUrl\":\"http:\\\/\\\/www.bellunopress.it\\\/wp-content\\\/uploads\\\/2019\\\/06\\\/assessore-roberto-marcato.jpg\"},{\"@type\":\"BreadcrumbList\",\"@id\":\"https:\\\/\\\/www.bellunopress.it\\\/2019\\\/12\\\/05\\\/la-regione-stanzia-21-milioni-per-i-distretti-del-commercio-marcato-e-la-nostra-risposta-per-salvare-i-centri-urbani\\\/#breadcrumb\",\"itemListElement\":[{\"@type\":\"ListItem\",\"position\":1,\"name\":\"Home\",\"item\":\"https:\\\/\\\/www.bellunopress.it\\\/\"},{\"@type\":\"ListItem\",\"position\":2,\"name\":\"La Regione stanzia 21 milioni per i distretti del commercio. Marcato: &#8220;E&#8217; la nostra risposta per salvare i centri urbani&#8221;\"}]},{\"@type\":\"WebSite\",\"@id\":\"https:\\\/\\\/www.bellunopress.it\\\/#website\",\"url\":\"https:\\\/\\\/www.bellunopress.it\\\/\",\"name\":\"Bellunopress - Dolomiti\",\"description\":\"e-mail: redazione@bellunopress.it\",\"publisher\":{\"@id\":\"https:\\\/\\\/www.bellunopress.it\\\/#organization\"},\"potentialAction\":[{\"@type\":\"SearchAction\",\"target\":{\"@type\":\"EntryPoint\",\"urlTemplate\":\"https:\\\/\\\/www.bellunopress.it\\\/?s={search_term_string}\"},\"query-input\":{\"@type\":\"PropertyValueSpecification\",\"valueRequired\":true,\"valueName\":\"search_term_string\"}}],\"inLanguage\":\"fr-FR\"},{\"@type\":\"Organization\",\"@id\":\"https:\\\/\\\/www.bellunopress.it\\\/#organization\",\"name\":\"Bellunopress\",\"url\":\"https:\\\/\\\/www.bellunopress.it\\\/\",\"logo\":{\"@type\":\"ImageObject\",\"inLanguage\":\"fr-FR\",\"@id\":\"https:\\\/\\\/www.bellunopress.it\\\/#\\\/schema\\\/logo\\\/image\\\/\",\"url\":\"https:\\\/\\\/www.bellunopress.it\\\/wp-content\\\/uploads\\\/2011\\\/05\\\/cropped-logo-bellunopress-.jpg\",\"contentUrl\":\"https:\\\/\\\/www.bellunopress.it\\\/wp-content\\\/uploads\\\/2011\\\/05\\\/cropped-logo-bellunopress-.jpg\",\"width\":512,\"height\":512,\"caption\":\"Bellunopress\"},\"image\":{\"@id\":\"https:\\\/\\\/www.bellunopress.it\\\/#\\\/schema\\\/logo\\\/image\\\/\"},\"sameAs\":[\"https:\\\/\\\/www.facebook.com\\\/profile.php?id=100008943462799\",\"https:\\\/\\\/x.com\\\/bellunopress\",\"https:\\\/\\\/www.linkedin.com\\\/hp\\\/?dnr=JBzUWaJfMUw8vbXJJ2tVW5-I3jZKvC4wsoxE&amp;amp;amp;amp;amp;amp;trk=nav_responsive_tab_home\",\"https:\\\/\\\/www.youtube.com\\\/channel\\\/UCxL0wu1uN0_3_7hGG0306cw\"]},{\"@type\":\"Person\",\"@id\":\"https:\\\/\\\/www.bellunopress.it\\\/#\\\/schema\\\/person\\\/79bb06722b37ece1c03d3e94beb30d73\",\"name\":\"redazione\",\"image\":{\"@type\":\"ImageObject\",\"inLanguage\":\"fr-FR\",\"@id\":\"https:\\\/\\\/secure.gravatar.com\\\/avatar\\\/37d968a2e67a6fd04c169c4bdef102d0bc5d31b2546345219e348575eb80e9a0?s=96&d=mm&r=g\",\"url\":\"https:\\\/\\\/secure.gravatar.com\\\/avatar\\\/37d968a2e67a6fd04c169c4bdef102d0bc5d31b2546345219e348575eb80e9a0?s=96&d=mm&r=g\",\"contentUrl\":\"https:\\\/\\\/secure.gravatar.com\\\/avatar\\\/37d968a2e67a6fd04c169c4bdef102d0bc5d31b2546345219e348575eb80e9a0?s=96&d=mm&r=g\",\"caption\":\"redazione\"},\"sameAs\":[\"http:\\\/\\\/www.bellunopress.it\",\"https:\\\/\\\/x.com\\\/bellunopress\"],\"url\":\"https:\\\/\\\/www.bellunopress.it\\\/fr\\\/author\\\/redazione\\\/\"}]}<\/script>\n<!-- \/ Yoast SEO plugin. -->","yoast_head_json":{"title":"La Regione stanzia 21 milioni per i distretti del commercio. Marcato: \"E' la nostra risposta per salvare i centri urbani\" - Bellunopress - Dolomiti","robots":{"index":"index","follow":"follow","max-snippet":"max-snippet:-1","max-image-preview":"max-image-preview:large","max-video-preview":"max-video-preview:-1"},"canonical":"https:\/\/www.bellunopress.it\/fr\/2019\/12\/05\/la-regione-stanzia-21-milioni-per-i-distretti-del-commercio-marcato-e-la-nostra-risposta-per-salvare-i-centri-urbani\/","og_locale":"fr_FR","og_type":"article","og_title":"La Regione stanzia 21 milioni per i distretti del commercio. Marcato: \"E' la nostra risposta per salvare i centri urbani\" - Bellunopress - Dolomiti","og_description":"Venezia, 5 dicembre 2019\u00a0 &#8211;\u00a0\u00a0\u201cI distretti del commercio sono la risposta della Regione del Veneto alle sfide per salvare i commercianti dei centri cittadini. I distretti rispondono esattamente agli elementi che minacciano la permanenza delle attivit\u00e0 del commercio, garantendo di mettere in rete non solo i commercianti, ma anche gli enti locali i Comuni e [&hellip;]","og_url":"https:\/\/www.bellunopress.it\/fr\/2019\/12\/05\/la-regione-stanzia-21-milioni-per-i-distretti-del-commercio-marcato-e-la-nostra-risposta-per-salvare-i-centri-urbani\/","og_site_name":"Bellunopress - Dolomiti","article_publisher":"https:\/\/www.facebook.com\/profile.php?id=100008943462799","article_published_time":"2019-12-05T19:54:22+00:00","og_image":[{"url":"http:\/\/www.bellunopress.it\/wp-content\/uploads\/2019\/06\/assessore-roberto-marcato.jpg","type":"","width":"","height":""}],"author":"redazione","twitter_card":"summary_large_image","twitter_creator":"@bellunopress","twitter_site":"@bellunopress","twitter_misc":{"Written by":"redazione","Est. reading time":"2 minutes"},"schema":{"@context":"https:\/\/schema.org","@graph":[{"@type":"Article","@id":"https:\/\/www.bellunopress.it\/2019\/12\/05\/la-regione-stanzia-21-milioni-per-i-distretti-del-commercio-marcato-e-la-nostra-risposta-per-salvare-i-centri-urbani\/#article","isPartOf":{"@id":"https:\/\/www.bellunopress.it\/2019\/12\/05\/la-regione-stanzia-21-milioni-per-i-distretti-del-commercio-marcato-e-la-nostra-risposta-per-salvare-i-centri-urbani\/"},"author":{"name":"redazione","@id":"https:\/\/www.bellunopress.it\/#\/schema\/person\/79bb06722b37ece1c03d3e94beb30d73"},"headline":"La Regione stanzia 21 milioni per i distretti del commercio. Marcato: &#8220;E&#8217; la nostra risposta per salvare i centri urbani&#8221;","datePublished":"2019-12-05T19:54:22+00:00","mainEntityOfPage":{"@id":"https:\/\/www.bellunopress.it\/2019\/12\/05\/la-regione-stanzia-21-milioni-per-i-distretti-del-commercio-marcato-e-la-nostra-risposta-per-salvare-i-centri-urbani\/"},"wordCount":332,"publisher":{"@id":"https:\/\/www.bellunopress.it\/#organization"},"image":{"@id":"https:\/\/www.bellunopress.it\/2019\/12\/05\/la-regione-stanzia-21-milioni-per-i-distretti-del-commercio-marcato-e-la-nostra-risposta-per-salvare-i-centri-urbani\/#primaryimage"},"thumbnailUrl":"http:\/\/www.bellunopress.it\/wp-content\/uploads\/2019\/06\/assessore-roberto-marcato.jpg","articleSection":["Cronaca\/Politica","Lavoro, Economia, Turismo","Prima Pagina"],"inLanguage":"fr-FR"},{"@type":"WebPage","@id":"https:\/\/www.bellunopress.it\/2019\/12\/05\/la-regione-stanzia-21-milioni-per-i-distretti-del-commercio-marcato-e-la-nostra-risposta-per-salvare-i-centri-urbani\/","url":"https:\/\/www.bellunopress.it\/2019\/12\/05\/la-regione-stanzia-21-milioni-per-i-distretti-del-commercio-marcato-e-la-nostra-risposta-per-salvare-i-centri-urbani\/","name":"La Regione stanzia 21 milioni per i distretti del commercio. Marcato: \"E' la nostra risposta per salvare i centri urbani\" - Bellunopress - Dolomiti","isPartOf":{"@id":"https:\/\/www.bellunopress.it\/#website"},"primaryImageOfPage":{"@id":"https:\/\/www.bellunopress.it\/2019\/12\/05\/la-regione-stanzia-21-milioni-per-i-distretti-del-commercio-marcato-e-la-nostra-risposta-per-salvare-i-centri-urbani\/#primaryimage"},"image":{"@id":"https:\/\/www.bellunopress.it\/2019\/12\/05\/la-regione-stanzia-21-milioni-per-i-distretti-del-commercio-marcato-e-la-nostra-risposta-per-salvare-i-centri-urbani\/#primaryimage"},"thumbnailUrl":"http:\/\/www.bellunopress.it\/wp-content\/uploads\/2019\/06\/assessore-roberto-marcato.jpg","datePublished":"2019-12-05T19:54:22+00:00","breadcrumb":{"@id":"https:\/\/www.bellunopress.it\/2019\/12\/05\/la-regione-stanzia-21-milioni-per-i-distretti-del-commercio-marcato-e-la-nostra-risposta-per-salvare-i-centri-urbani\/#breadcrumb"},"inLanguage":"fr-FR","potentialAction":[{"@type":"ReadAction","target":["https:\/\/www.bellunopress.it\/2019\/12\/05\/la-regione-stanzia-21-milioni-per-i-distretti-del-commercio-marcato-e-la-nostra-risposta-per-salvare-i-centri-urbani\/"]}]},{"@type":"ImageObject","inLanguage":"fr-FR","@id":"https:\/\/www.bellunopress.it\/2019\/12\/05\/la-regione-stanzia-21-milioni-per-i-distretti-del-commercio-marcato-e-la-nostra-risposta-per-salvare-i-centri-urbani\/#primaryimage","url":"http:\/\/www.bellunopress.it\/wp-content\/uploads\/2019\/06\/assessore-roberto-marcato.jpg","contentUrl":"http:\/\/www.bellunopress.it\/wp-content\/uploads\/2019\/06\/assessore-roberto-marcato.jpg"},{"@type":"BreadcrumbList","@id":"https:\/\/www.bellunopress.it\/2019\/12\/05\/la-regione-stanzia-21-milioni-per-i-distretti-del-commercio-marcato-e-la-nostra-risposta-per-salvare-i-centri-urbani\/#breadcrumb","itemListElement":[{"@type":"ListItem","position":1,"name":"Home","item":"https:\/\/www.bellunopress.it\/"},{"@type":"ListItem","position":2,"name":"La Regione stanzia 21 milioni per i distretti del commercio. Marcato: &#8220;E&#8217; la nostra risposta per salvare i centri urbani&#8221;"}]},{"@type":"WebSite","@id":"https:\/\/www.bellunopress.it\/#website","url":"https:\/\/www.bellunopress.it\/","name":"Bellunopress - Dolomiti","description":"e-mail: redazione@bellunopress.it","publisher":{"@id":"https:\/\/www.bellunopress.it\/#organization"},"potentialAction":[{"@type":"SearchAction","target":{"@type":"EntryPoint","urlTemplate":"https:\/\/www.bellunopress.it\/?s={search_term_string}"},"query-input":{"@type":"PropertyValueSpecification","valueRequired":true,"valueName":"search_term_string"}}],"inLanguage":"fr-FR"},{"@type":"Organization","@id":"https:\/\/www.bellunopress.it\/#organization","name":"Bellunopress","url":"https:\/\/www.bellunopress.it\/","logo":{"@type":"ImageObject","inLanguage":"fr-FR","@id":"https:\/\/www.bellunopress.it\/#\/schema\/logo\/image\/","url":"https:\/\/www.bellunopress.it\/wp-content\/uploads\/2011\/05\/cropped-logo-bellunopress-.jpg","contentUrl":"https:\/\/www.bellunopress.it\/wp-content\/uploads\/2011\/05\/cropped-logo-bellunopress-.jpg","width":512,"height":512,"caption":"Bellunopress"},"image":{"@id":"https:\/\/www.bellunopress.it\/#\/schema\/logo\/image\/"},"sameAs":["https:\/\/www.facebook.com\/profile.php?id=100008943462799","https:\/\/x.com\/bellunopress","https:\/\/www.linkedin.com\/hp\/?dnr=JBzUWaJfMUw8vbXJJ2tVW5-I3jZKvC4wsoxE&amp;amp;amp;amp;amp;amp;trk=nav_responsive_tab_home","https:\/\/www.youtube.com\/channel\/UCxL0wu1uN0_3_7hGG0306cw"]},{"@type":"Person","@id":"https:\/\/www.bellunopress.it\/#\/schema\/person\/79bb06722b37ece1c03d3e94beb30d73","name":"r\u00e9daction","image":{"@type":"ImageObject","inLanguage":"fr-FR","@id":"https:\/\/secure.gravatar.com\/avatar\/37d968a2e67a6fd04c169c4bdef102d0bc5d31b2546345219e348575eb80e9a0?s=96&d=mm&r=g","url":"https:\/\/secure.gravatar.com\/avatar\/37d968a2e67a6fd04c169c4bdef102d0bc5d31b2546345219e348575eb80e9a0?s=96&d=mm&r=g","contentUrl":"https:\/\/secure.gravatar.com\/avatar\/37d968a2e67a6fd04c169c4bdef102d0bc5d31b2546345219e348575eb80e9a0?s=96&d=mm&r=g","caption":"redazione"},"sameAs":["http:\/\/www.bellunopress.it","https:\/\/x.com\/bellunopress"],"url":"https:\/\/www.bellunopress.it\/fr\/author\/redazione\/"}]}},"_links":{"self":[{"href":"https:\/\/www.bellunopress.it\/fr\/wp-json\/wp\/v2\/posts\/110197","targetHints":{"allow":["GET"]}}],"collection":[{"href":"https:\/\/www.bellunopress.it\/fr\/wp-json\/wp\/v2\/posts"}],"about":[{"href":"https:\/\/www.bellunopress.it\/fr\/wp-json\/wp\/v2\/types\/post"}],"author":[{"embeddable":true,"href":"https:\/\/www.bellunopress.it\/fr\/wp-json\/wp\/v2\/users\/2"}],"replies":[{"embeddable":true,"href":"https:\/\/www.bellunopress.it\/fr\/wp-json\/wp\/v2\/comments?post=110197"}],"version-history":[{"count":1,"href":"https:\/\/www.bellunopress.it\/fr\/wp-json\/wp\/v2\/posts\/110197\/revisions"}],"predecessor-version":[{"id":110198,"href":"https:\/\/www.bellunopress.it\/fr\/wp-json\/wp\/v2\/posts\/110197\/revisions\/110198"}],"wp:attachment":[{"href":"https:\/\/www.bellunopress.it\/fr\/wp-json\/wp\/v2\/media?parent=110197"}],"wp:term":[{"taxonomy":"category","embeddable":true,"href":"https:\/\/www.bellunopress.it\/fr\/wp-json\/wp\/v2\/categories?post=110197"},{"taxonomy":"post_tag","embeddable":true,"href":"https:\/\/www.bellunopress.it\/fr\/wp-json\/wp\/v2\/tags?post=110197"}],"curies":[{"name":"wp","href":"https:\/\/api.w.org\/{rel}","templated":true}]}}