{"id":110195,"date":"2019-12-05T20:40:58","date_gmt":"2019-12-05T19:40:58","guid":{"rendered":"http:\/\/www.bellunopress.it\/?p=110195"},"modified":"2019-12-05T20:40:58","modified_gmt":"2019-12-05T19:40:58","slug":"cortina-fashion-weekend-torna-la-tre-giorni-di-eventi-piu-glamour-della-regina-delle-dolomiti","status":"publish","type":"post","link":"https:\/\/www.bellunopress.it\/fr\/2019\/12\/05\/cortina-fashion-weekend-torna-la-tre-giorni-di-eventi-piu-glamour-della-regina-delle-dolomiti\/","title":{"rendered":"Cortina fashion weekend. Torna la tre giorni di eventi pi\u00f9 glamour della Regina delle Dolomiti"},"content":{"rendered":"<p><a href=\"http:\/\/www.bellunopress.it\/fr\/2018\/12\/07\/le-farfalle-luminose-aprono-l8va-edizione-di-cortina-fashion-weekend\/cortina-fashion-weekend-farfalle\/\" rel=\"attachment wp-att-100245\"><img loading=\"lazy\" decoding=\"async\" class=\"alignleft size-full wp-image-100245\" src=\"http:\/\/www.bellunopress.it\/wp-content\/uploads\/2018\/12\/cortina-fashion-weekend-farfalle.jpg\" alt=\"\" width=\"191\" height=\"300\" \/><\/a>Il 6, 7 e 8 dicembre a Cortina l&#8217;evento che apre la stagione invernale; numerosi i momenti in cui Fondazione Cortina 2021 sar\u00e0 presente per promuovere le Finali di Coppa del mondo di marzo 2020 e i Mondiali di febbraio 2021<\/p>\n<p>Torna anche quest&#8217;anno la tre giorni di eventi pi\u00f9 glamour di Cortina: la nuova edizione del Cortina Fashion Weekend &#8211; firmata &#8220;Cortina for Us&#8221; -, che d\u00e0 via ufficialmente alla stagione invernale, \u00e8 infatti alle porte. Un calendario fitto di appuntamenti che trasformeranno Cortina in un teatro a cielo aperto nelle giornate del 6, 7 e 8 dicembre, durante le quali Fondazione Cortina 2021 sar\u00e0 di nuovo in prima linea per accompagnare la Regina delle Dolomiti in questo lungo weekend di festa.<\/p>\n<p>Si inizia <strong>venerd\u00ec 6 dicembre<\/strong> alle ore 17 con lo spettacolo luminoso &#8220;Invasioni lunari&#8221; in piazza Dibona; a seguire l&#8217;inaugurazione ufficiale di Cortina Fashion Weekend con il taglio del nastro con le istituzioni presso la Conchiglia, al quale parteciper\u00e0 Valerio Giacobbi, Amministratore Delegato di Fondazione Cortina 2021.<\/p>\n<p><strong>Sabato 7 dicembre<\/strong> si sale in quota, alla Faloria Ski Area, dove dalle 10 arriver\u00e0 Corty, lo storico scoiattolo rosso simbolo di Cortina \u00e8 vestito con i colori dei Mondiali nel suo ruolo di mascotte di Cortina 2021. Un personaggio che nasce dalla tradizione e dalla storia della Regina delle Dolomiti e che affiancher\u00e0 il comitato organizzatore nel percorso di avvicinamento all&#8217;appuntamento iridato del 2021.<\/p>\n<p>La giornata di sabato prosegue con un altro appuntamento importante: alle ore 11 si terr\u00e0 la conferenza stampa di presentazione della Coppa del mondo di Snowboard alla quale seguir\u00e0 l&#8217;aperitivo con Birra FORST, national partner di Fondazione Cortina 2021 che, come lo scorso anno, supporta nell&#8217;organizzazione l&#8217;attesissimo evento sportivo, fiore all&#8217;occhiello degli eventi FIS che stanno traghettando il mondo degli sport invernali verso il 2021.<\/p>\n<p>La simpatica mascotte di Cortina 2021 scende invece in citt\u00e0 nel pomeriggio di sabato: dalle ore 15:30 Corty sar\u00e0 infatti in Corso Italia per incontrare appassionati e non e scattare con loro qualche foto. Alle 16.15 si sposter\u00e0 in Piazza Dibona dove, alle ore 16:30, verr\u00e0 presentata ufficialmente nella sua veste di mascotte dei Mondiali con il Sindaco Gianpietro Ghedina a fare gli onori di casa insieme al Presidente e all&#8217;AD di Fondazione Cortina 2021 Alessandro Benetton e Valerio Giacobbi e all&#8217;ambassador dei Mondiali Kristian Ghedina.<\/p>\n<p>All&#8217;Hotel de La Poste pi\u00f9 tardi (ore 17:15) si terr\u00e0 invece la conferenza stampa di Audi, main sponsor di Fondazione Cortina, alla quale interverranno, di nuovo insieme, Alessandro Benetton, Valerio Giacobbi e Kristian Ghedina. Sar\u00e0 l&#8217;occasione per raccontare i progetti sul territorio, con un focus sulla mobilit\u00e0 sostenibile di cui Cortina 2021 \u00e8 capofila (evento riservato alla stampa).<\/p>\n<p>Ma la giornata di sabato regaler\u00e0 una sorpresa in pi\u00f9 quando, alle ore 18 alla Lounge Cortina 2021, verr\u00e0 presentato \u0160far\u00eca, il profumo dedicato ai Campionati del Mondo di sci alpino 2021 creato da Acca Kappa in collaborazione con Fondazione Cortina 2021. Nel ladino ampezzano, la lingua di Cortina d&#8217;Ampezzo, &#8220;\u0160far\u00eca&#8221; \u00e8 la polvere di neve, ed \u00e8 proprio a quei fiocchi leggeri tipici delle nevicate farinose che si ispira la fragranza dedicata all&#8217;evento iridato: note resinose e balsamiche di pino e abete, insieme a quelle aromatiche dell&#8217;artemisia, creano questo prezioso profumo nato per celebrare la Regina delle Dolomiti in occasione di Cortina 2021. Il profumo sar\u00e0 in vendita presso il negozio Marinotti.<\/p>\n<p>La festa continua con musica live alla Lounge, insieme alla presentazione del Cortina 2021 cocktail by Molo Pub Cortina: una creazione speciale dedicata ai Mondiali, firmata da Matteo Magri, Eddi Da Corte e Matteo Bernardi che hanno sapientemente mixato sambuco, limone, tonica, gin 8025 Villa Laviosa e fiori di ibisco per un cocktail unico che verr\u00e0 ricordato nella storia dell&#8217;attesissimo evento iridato.<br \/>\nAlla Lounge verr\u00e0 inoltre organizzato un aperitivo con i prodotti di Prosecco Doc, Lattebusche e Birra FORST.<\/p>\n<p>Durante tutto il giorno lungo Corso Italia e presso l&#8217;iconica La Coopertiva di Cortina, infine, si potranno incontrare quattro modelli che presenteranno in anteprima il nuovissimo abbigliamento brandizzato Cortina 2021, acquistabile sullo store di Cortina 2021 sul sito cortina2021.com\/store o al primo piano de La Cooperativa di Cortina.<\/p>\n<p>Infine, <strong>domenica 8<\/strong>, la mascotte Corty torner\u00e0 in pista, per essere presente alla premiazione di SciAttori, la gara di sci a scopo benefico organizzata da Cortina for Us che unisce il mondo del cinema a quello della neve capitanata da Roberto Ciufoli. L&#8217;inizio della gara \u00e8 in programma in Faloria alle 10 ed \u00e8 aperta a tutti (donazione minima per partecipazione \u20ac 15,00).<\/p>\n<p>Una collana di appuntamenti speciali quindi, organizzati da Fondazione Cortina 2021 nell&#8217;ambito del Fashion Weekend, con l&#8217;obiettivo di proiettare sempre pi\u00f9 la Regina delle Dolomiti verso il traguardo dei Mondiali di Sci 2021, passando per le Finali di Coppa del Mondo in programma a marzo (biglietti acquistabili su skiworldcupfinalscortina2020.com\/ticketing e sull&#8217;app ufficiale di Cortina 2020), l&#8217;ultimo grande evento prima del 2021.<\/p>","protected":false},"excerpt":{"rendered":"<p>Il 6, 7 e 8 dicembre a Cortina l&#8217;evento che apre la stagione invernale; numerosi i momenti in cui Fondazione Cortina 2021 sar\u00e0 presente per promuovere le Finali di Coppa del mondo di marzo 2020 e i Mondiali di febbraio 2021 Torna anche quest&#8217;anno la tre giorni di eventi pi\u00f9 glamour di Cortina: la nuova [&hellip;]<\/p>\n","protected":false},"author":2,"featured_media":0,"comment_status":"closed","ping_status":"open","sticky":false,"template":"","format":"standard","meta":{"footnotes":""},"categories":[27,3],"tags":[],"class_list":["post-110195","post","type-post","status-publish","format-standard","category-appuntamenti","category-arte-cultura-spettacoli-scienza-archivi"],"yoast_head":"<!-- This site is optimized with the Yoast SEO plugin v28.4 - https:\/\/yoast.com\/product\/yoast-seo-wordpress\/ -->\n<title>Cortina fashion weekend. Torna la tre giorni di eventi pi\u00f9 glamour della Regina delle Dolomiti - Bellunopress - Dolomiti<\/title>\n<meta name=\"robots\" content=\"index, follow, max-snippet:-1, max-image-preview:large, max-video-preview:-1\" \/>\n<link rel=\"canonical\" href=\"https:\/\/www.bellunopress.it\/fr\/2019\/12\/05\/cortina-fashion-weekend-torna-la-tre-giorni-di-eventi-piu-glamour-della-regina-delle-dolomiti\/\" \/>\n<meta property=\"og:locale\" content=\"fr_FR\" \/>\n<meta property=\"og:type\" content=\"article\" \/>\n<meta property=\"og:title\" content=\"Cortina fashion weekend. Torna la tre giorni di eventi pi\u00f9 glamour della Regina delle Dolomiti - Bellunopress - Dolomiti\" \/>\n<meta property=\"og:description\" content=\"Il 6, 7 e 8 dicembre a Cortina l&#8217;evento che apre la stagione invernale; numerosi i momenti in cui Fondazione Cortina 2021 sar\u00e0 presente per promuovere le Finali di Coppa del mondo di marzo 2020 e i Mondiali di febbraio 2021 Torna anche quest&#8217;anno la tre giorni di eventi pi\u00f9 glamour di Cortina: la nuova [&hellip;]\" \/>\n<meta property=\"og:url\" content=\"https:\/\/www.bellunopress.it\/fr\/2019\/12\/05\/cortina-fashion-weekend-torna-la-tre-giorni-di-eventi-piu-glamour-della-regina-delle-dolomiti\/\" \/>\n<meta property=\"og:site_name\" content=\"Bellunopress - Dolomiti\" \/>\n<meta property=\"article:publisher\" content=\"https:\/\/www.facebook.com\/profile.php?id=100008943462799\" \/>\n<meta property=\"article:published_time\" content=\"2019-12-05T19:40:58+00:00\" \/>\n<meta property=\"og:image\" content=\"http:\/\/www.bellunopress.it\/wp-content\/uploads\/2018\/12\/cortina-fashion-weekend-farfalle.jpg\" \/>\n<meta name=\"author\" content=\"redazione\" \/>\n<meta name=\"twitter:card\" content=\"summary_large_image\" \/>\n<meta name=\"twitter:creator\" content=\"@bellunopress\" \/>\n<meta name=\"twitter:site\" content=\"@bellunopress\" \/>\n<meta name=\"twitter:label1\" content=\"Written by\" \/>\n\t<meta name=\"twitter:data1\" content=\"redazione\" \/>\n\t<meta name=\"twitter:label2\" content=\"Est. reading time\" \/>\n\t<meta name=\"twitter:data2\" content=\"4 minutes\" \/>\n<script type=\"application\/ld+json\" class=\"yoast-schema-graph\">{\"@context\":\"https:\\\/\\\/schema.org\",\"@graph\":[{\"@type\":\"Article\",\"@id\":\"https:\\\/\\\/www.bellunopress.it\\\/2019\\\/12\\\/05\\\/cortina-fashion-weekend-torna-la-tre-giorni-di-eventi-piu-glamour-della-regina-delle-dolomiti\\\/#article\",\"isPartOf\":{\"@id\":\"https:\\\/\\\/www.bellunopress.it\\\/2019\\\/12\\\/05\\\/cortina-fashion-weekend-torna-la-tre-giorni-di-eventi-piu-glamour-della-regina-delle-dolomiti\\\/\"},\"author\":{\"name\":\"redazione\",\"@id\":\"https:\\\/\\\/www.bellunopress.it\\\/#\\\/schema\\\/person\\\/79bb06722b37ece1c03d3e94beb30d73\"},\"headline\":\"Cortina fashion weekend. Torna la tre giorni di eventi pi\u00f9 glamour della Regina delle Dolomiti\",\"datePublished\":\"2019-12-05T19:40:58+00:00\",\"mainEntityOfPage\":{\"@id\":\"https:\\\/\\\/www.bellunopress.it\\\/2019\\\/12\\\/05\\\/cortina-fashion-weekend-torna-la-tre-giorni-di-eventi-piu-glamour-della-regina-delle-dolomiti\\\/\"},\"wordCount\":800,\"publisher\":{\"@id\":\"https:\\\/\\\/www.bellunopress.it\\\/#organization\"},\"image\":{\"@id\":\"https:\\\/\\\/www.bellunopress.it\\\/2019\\\/12\\\/05\\\/cortina-fashion-weekend-torna-la-tre-giorni-di-eventi-piu-glamour-della-regina-delle-dolomiti\\\/#primaryimage\"},\"thumbnailUrl\":\"http:\\\/\\\/www.bellunopress.it\\\/wp-content\\\/uploads\\\/2018\\\/12\\\/cortina-fashion-weekend-farfalle.jpg\",\"articleSection\":[\"Appuntamenti, Eventi\",\"Arte, Cultura, Spettacoli, Scienza\"],\"inLanguage\":\"fr-FR\"},{\"@type\":\"WebPage\",\"@id\":\"https:\\\/\\\/www.bellunopress.it\\\/2019\\\/12\\\/05\\\/cortina-fashion-weekend-torna-la-tre-giorni-di-eventi-piu-glamour-della-regina-delle-dolomiti\\\/\",\"url\":\"https:\\\/\\\/www.bellunopress.it\\\/2019\\\/12\\\/05\\\/cortina-fashion-weekend-torna-la-tre-giorni-di-eventi-piu-glamour-della-regina-delle-dolomiti\\\/\",\"name\":\"Cortina fashion weekend. Torna la tre giorni di eventi pi\u00f9 glamour della Regina delle Dolomiti - Bellunopress - Dolomiti\",\"isPartOf\":{\"@id\":\"https:\\\/\\\/www.bellunopress.it\\\/#website\"},\"primaryImageOfPage\":{\"@id\":\"https:\\\/\\\/www.bellunopress.it\\\/2019\\\/12\\\/05\\\/cortina-fashion-weekend-torna-la-tre-giorni-di-eventi-piu-glamour-della-regina-delle-dolomiti\\\/#primaryimage\"},\"image\":{\"@id\":\"https:\\\/\\\/www.bellunopress.it\\\/2019\\\/12\\\/05\\\/cortina-fashion-weekend-torna-la-tre-giorni-di-eventi-piu-glamour-della-regina-delle-dolomiti\\\/#primaryimage\"},\"thumbnailUrl\":\"http:\\\/\\\/www.bellunopress.it\\\/wp-content\\\/uploads\\\/2018\\\/12\\\/cortina-fashion-weekend-farfalle.jpg\",\"datePublished\":\"2019-12-05T19:40:58+00:00\",\"breadcrumb\":{\"@id\":\"https:\\\/\\\/www.bellunopress.it\\\/2019\\\/12\\\/05\\\/cortina-fashion-weekend-torna-la-tre-giorni-di-eventi-piu-glamour-della-regina-delle-dolomiti\\\/#breadcrumb\"},\"inLanguage\":\"fr-FR\",\"potentialAction\":[{\"@type\":\"ReadAction\",\"target\":[\"https:\\\/\\\/www.bellunopress.it\\\/2019\\\/12\\\/05\\\/cortina-fashion-weekend-torna-la-tre-giorni-di-eventi-piu-glamour-della-regina-delle-dolomiti\\\/\"]}]},{\"@type\":\"ImageObject\",\"inLanguage\":\"fr-FR\",\"@id\":\"https:\\\/\\\/www.bellunopress.it\\\/2019\\\/12\\\/05\\\/cortina-fashion-weekend-torna-la-tre-giorni-di-eventi-piu-glamour-della-regina-delle-dolomiti\\\/#primaryimage\",\"url\":\"http:\\\/\\\/www.bellunopress.it\\\/wp-content\\\/uploads\\\/2018\\\/12\\\/cortina-fashion-weekend-farfalle.jpg\",\"contentUrl\":\"http:\\\/\\\/www.bellunopress.it\\\/wp-content\\\/uploads\\\/2018\\\/12\\\/cortina-fashion-weekend-farfalle.jpg\"},{\"@type\":\"BreadcrumbList\",\"@id\":\"https:\\\/\\\/www.bellunopress.it\\\/2019\\\/12\\\/05\\\/cortina-fashion-weekend-torna-la-tre-giorni-di-eventi-piu-glamour-della-regina-delle-dolomiti\\\/#breadcrumb\",\"itemListElement\":[{\"@type\":\"ListItem\",\"position\":1,\"name\":\"Home\",\"item\":\"https:\\\/\\\/www.bellunopress.it\\\/\"},{\"@type\":\"ListItem\",\"position\":2,\"name\":\"Cortina fashion weekend. Torna la tre giorni di eventi pi\u00f9 glamour della Regina delle Dolomiti\"}]},{\"@type\":\"WebSite\",\"@id\":\"https:\\\/\\\/www.bellunopress.it\\\/#website\",\"url\":\"https:\\\/\\\/www.bellunopress.it\\\/\",\"name\":\"Bellunopress - Dolomiti\",\"description\":\"e-mail: redazione@bellunopress.it\",\"publisher\":{\"@id\":\"https:\\\/\\\/www.bellunopress.it\\\/#organization\"},\"potentialAction\":[{\"@type\":\"SearchAction\",\"target\":{\"@type\":\"EntryPoint\",\"urlTemplate\":\"https:\\\/\\\/www.bellunopress.it\\\/?s={search_term_string}\"},\"query-input\":{\"@type\":\"PropertyValueSpecification\",\"valueRequired\":true,\"valueName\":\"search_term_string\"}}],\"inLanguage\":\"fr-FR\"},{\"@type\":\"Organization\",\"@id\":\"https:\\\/\\\/www.bellunopress.it\\\/#organization\",\"name\":\"Bellunopress\",\"url\":\"https:\\\/\\\/www.bellunopress.it\\\/\",\"logo\":{\"@type\":\"ImageObject\",\"inLanguage\":\"fr-FR\",\"@id\":\"https:\\\/\\\/www.bellunopress.it\\\/#\\\/schema\\\/logo\\\/image\\\/\",\"url\":\"https:\\\/\\\/www.bellunopress.it\\\/wp-content\\\/uploads\\\/2011\\\/05\\\/cropped-logo-bellunopress-.jpg\",\"contentUrl\":\"https:\\\/\\\/www.bellunopress.it\\\/wp-content\\\/uploads\\\/2011\\\/05\\\/cropped-logo-bellunopress-.jpg\",\"width\":512,\"height\":512,\"caption\":\"Bellunopress\"},\"image\":{\"@id\":\"https:\\\/\\\/www.bellunopress.it\\\/#\\\/schema\\\/logo\\\/image\\\/\"},\"sameAs\":[\"https:\\\/\\\/www.facebook.com\\\/profile.php?id=100008943462799\",\"https:\\\/\\\/x.com\\\/bellunopress\",\"https:\\\/\\\/www.linkedin.com\\\/hp\\\/?dnr=JBzUWaJfMUw8vbXJJ2tVW5-I3jZKvC4wsoxE&amp;amp;amp;amp;amp;amp;trk=nav_responsive_tab_home\",\"https:\\\/\\\/www.youtube.com\\\/channel\\\/UCxL0wu1uN0_3_7hGG0306cw\"]},{\"@type\":\"Person\",\"@id\":\"https:\\\/\\\/www.bellunopress.it\\\/#\\\/schema\\\/person\\\/79bb06722b37ece1c03d3e94beb30d73\",\"name\":\"redazione\",\"image\":{\"@type\":\"ImageObject\",\"inLanguage\":\"fr-FR\",\"@id\":\"https:\\\/\\\/secure.gravatar.com\\\/avatar\\\/37d968a2e67a6fd04c169c4bdef102d0bc5d31b2546345219e348575eb80e9a0?s=96&d=mm&r=g\",\"url\":\"https:\\\/\\\/secure.gravatar.com\\\/avatar\\\/37d968a2e67a6fd04c169c4bdef102d0bc5d31b2546345219e348575eb80e9a0?s=96&d=mm&r=g\",\"contentUrl\":\"https:\\\/\\\/secure.gravatar.com\\\/avatar\\\/37d968a2e67a6fd04c169c4bdef102d0bc5d31b2546345219e348575eb80e9a0?s=96&d=mm&r=g\",\"caption\":\"redazione\"},\"sameAs\":[\"http:\\\/\\\/www.bellunopress.it\",\"https:\\\/\\\/x.com\\\/bellunopress\"],\"url\":\"https:\\\/\\\/www.bellunopress.it\\\/fr\\\/author\\\/redazione\\\/\"}]}<\/script>\n<!-- \/ Yoast SEO plugin. -->","yoast_head_json":{"title":"Cortina fashion weekend. Torna la tre giorni di eventi pi\u00f9 glamour della Regina delle Dolomiti - Bellunopress - Dolomiti","robots":{"index":"index","follow":"follow","max-snippet":"max-snippet:-1","max-image-preview":"max-image-preview:large","max-video-preview":"max-video-preview:-1"},"canonical":"https:\/\/www.bellunopress.it\/fr\/2019\/12\/05\/cortina-fashion-weekend-torna-la-tre-giorni-di-eventi-piu-glamour-della-regina-delle-dolomiti\/","og_locale":"fr_FR","og_type":"article","og_title":"Cortina fashion weekend. Torna la tre giorni di eventi pi\u00f9 glamour della Regina delle Dolomiti - Bellunopress - Dolomiti","og_description":"Il 6, 7 e 8 dicembre a Cortina l&#8217;evento che apre la stagione invernale; numerosi i momenti in cui Fondazione Cortina 2021 sar\u00e0 presente per promuovere le Finali di Coppa del mondo di marzo 2020 e i Mondiali di febbraio 2021 Torna anche quest&#8217;anno la tre giorni di eventi pi\u00f9 glamour di Cortina: la nuova [&hellip;]","og_url":"https:\/\/www.bellunopress.it\/fr\/2019\/12\/05\/cortina-fashion-weekend-torna-la-tre-giorni-di-eventi-piu-glamour-della-regina-delle-dolomiti\/","og_site_name":"Bellunopress - Dolomiti","article_publisher":"https:\/\/www.facebook.com\/profile.php?id=100008943462799","article_published_time":"2019-12-05T19:40:58+00:00","og_image":[{"url":"http:\/\/www.bellunopress.it\/wp-content\/uploads\/2018\/12\/cortina-fashion-weekend-farfalle.jpg","type":"","width":"","height":""}],"author":"redazione","twitter_card":"summary_large_image","twitter_creator":"@bellunopress","twitter_site":"@bellunopress","twitter_misc":{"Written by":"redazione","Est. reading time":"4 minutes"},"schema":{"@context":"https:\/\/schema.org","@graph":[{"@type":"Article","@id":"https:\/\/www.bellunopress.it\/2019\/12\/05\/cortina-fashion-weekend-torna-la-tre-giorni-di-eventi-piu-glamour-della-regina-delle-dolomiti\/#article","isPartOf":{"@id":"https:\/\/www.bellunopress.it\/2019\/12\/05\/cortina-fashion-weekend-torna-la-tre-giorni-di-eventi-piu-glamour-della-regina-delle-dolomiti\/"},"author":{"name":"redazione","@id":"https:\/\/www.bellunopress.it\/#\/schema\/person\/79bb06722b37ece1c03d3e94beb30d73"},"headline":"Cortina fashion weekend. Torna la tre giorni di eventi pi\u00f9 glamour della Regina delle Dolomiti","datePublished":"2019-12-05T19:40:58+00:00","mainEntityOfPage":{"@id":"https:\/\/www.bellunopress.it\/2019\/12\/05\/cortina-fashion-weekend-torna-la-tre-giorni-di-eventi-piu-glamour-della-regina-delle-dolomiti\/"},"wordCount":800,"publisher":{"@id":"https:\/\/www.bellunopress.it\/#organization"},"image":{"@id":"https:\/\/www.bellunopress.it\/2019\/12\/05\/cortina-fashion-weekend-torna-la-tre-giorni-di-eventi-piu-glamour-della-regina-delle-dolomiti\/#primaryimage"},"thumbnailUrl":"http:\/\/www.bellunopress.it\/wp-content\/uploads\/2018\/12\/cortina-fashion-weekend-farfalle.jpg","articleSection":["Appuntamenti, Eventi","Arte, Cultura, Spettacoli, Scienza"],"inLanguage":"fr-FR"},{"@type":"WebPage","@id":"https:\/\/www.bellunopress.it\/2019\/12\/05\/cortina-fashion-weekend-torna-la-tre-giorni-di-eventi-piu-glamour-della-regina-delle-dolomiti\/","url":"https:\/\/www.bellunopress.it\/2019\/12\/05\/cortina-fashion-weekend-torna-la-tre-giorni-di-eventi-piu-glamour-della-regina-delle-dolomiti\/","name":"Cortina fashion weekend. Torna la tre giorni di eventi pi\u00f9 glamour della Regina delle Dolomiti - Bellunopress - Dolomiti","isPartOf":{"@id":"https:\/\/www.bellunopress.it\/#website"},"primaryImageOfPage":{"@id":"https:\/\/www.bellunopress.it\/2019\/12\/05\/cortina-fashion-weekend-torna-la-tre-giorni-di-eventi-piu-glamour-della-regina-delle-dolomiti\/#primaryimage"},"image":{"@id":"https:\/\/www.bellunopress.it\/2019\/12\/05\/cortina-fashion-weekend-torna-la-tre-giorni-di-eventi-piu-glamour-della-regina-delle-dolomiti\/#primaryimage"},"thumbnailUrl":"http:\/\/www.bellunopress.it\/wp-content\/uploads\/2018\/12\/cortina-fashion-weekend-farfalle.jpg","datePublished":"2019-12-05T19:40:58+00:00","breadcrumb":{"@id":"https:\/\/www.bellunopress.it\/2019\/12\/05\/cortina-fashion-weekend-torna-la-tre-giorni-di-eventi-piu-glamour-della-regina-delle-dolomiti\/#breadcrumb"},"inLanguage":"fr-FR","potentialAction":[{"@type":"ReadAction","target":["https:\/\/www.bellunopress.it\/2019\/12\/05\/cortina-fashion-weekend-torna-la-tre-giorni-di-eventi-piu-glamour-della-regina-delle-dolomiti\/"]}]},{"@type":"ImageObject","inLanguage":"fr-FR","@id":"https:\/\/www.bellunopress.it\/2019\/12\/05\/cortina-fashion-weekend-torna-la-tre-giorni-di-eventi-piu-glamour-della-regina-delle-dolomiti\/#primaryimage","url":"http:\/\/www.bellunopress.it\/wp-content\/uploads\/2018\/12\/cortina-fashion-weekend-farfalle.jpg","contentUrl":"http:\/\/www.bellunopress.it\/wp-content\/uploads\/2018\/12\/cortina-fashion-weekend-farfalle.jpg"},{"@type":"BreadcrumbList","@id":"https:\/\/www.bellunopress.it\/2019\/12\/05\/cortina-fashion-weekend-torna-la-tre-giorni-di-eventi-piu-glamour-della-regina-delle-dolomiti\/#breadcrumb","itemListElement":[{"@type":"ListItem","position":1,"name":"Home","item":"https:\/\/www.bellunopress.it\/"},{"@type":"ListItem","position":2,"name":"Cortina fashion weekend. Torna la tre giorni di eventi pi\u00f9 glamour della Regina delle Dolomiti"}]},{"@type":"WebSite","@id":"https:\/\/www.bellunopress.it\/#website","url":"https:\/\/www.bellunopress.it\/","name":"Bellunopress - Dolomiti","description":"e-mail: redazione@bellunopress.it","publisher":{"@id":"https:\/\/www.bellunopress.it\/#organization"},"potentialAction":[{"@type":"SearchAction","target":{"@type":"EntryPoint","urlTemplate":"https:\/\/www.bellunopress.it\/?s={search_term_string}"},"query-input":{"@type":"PropertyValueSpecification","valueRequired":true,"valueName":"search_term_string"}}],"inLanguage":"fr-FR"},{"@type":"Organization","@id":"https:\/\/www.bellunopress.it\/#organization","name":"Bellunopress","url":"https:\/\/www.bellunopress.it\/","logo":{"@type":"ImageObject","inLanguage":"fr-FR","@id":"https:\/\/www.bellunopress.it\/#\/schema\/logo\/image\/","url":"https:\/\/www.bellunopress.it\/wp-content\/uploads\/2011\/05\/cropped-logo-bellunopress-.jpg","contentUrl":"https:\/\/www.bellunopress.it\/wp-content\/uploads\/2011\/05\/cropped-logo-bellunopress-.jpg","width":512,"height":512,"caption":"Bellunopress"},"image":{"@id":"https:\/\/www.bellunopress.it\/#\/schema\/logo\/image\/"},"sameAs":["https:\/\/www.facebook.com\/profile.php?id=100008943462799","https:\/\/x.com\/bellunopress","https:\/\/www.linkedin.com\/hp\/?dnr=JBzUWaJfMUw8vbXJJ2tVW5-I3jZKvC4wsoxE&amp;amp;amp;amp;amp;amp;trk=nav_responsive_tab_home","https:\/\/www.youtube.com\/channel\/UCxL0wu1uN0_3_7hGG0306cw"]},{"@type":"Person","@id":"https:\/\/www.bellunopress.it\/#\/schema\/person\/79bb06722b37ece1c03d3e94beb30d73","name":"r\u00e9daction","image":{"@type":"ImageObject","inLanguage":"fr-FR","@id":"https:\/\/secure.gravatar.com\/avatar\/37d968a2e67a6fd04c169c4bdef102d0bc5d31b2546345219e348575eb80e9a0?s=96&d=mm&r=g","url":"https:\/\/secure.gravatar.com\/avatar\/37d968a2e67a6fd04c169c4bdef102d0bc5d31b2546345219e348575eb80e9a0?s=96&d=mm&r=g","contentUrl":"https:\/\/secure.gravatar.com\/avatar\/37d968a2e67a6fd04c169c4bdef102d0bc5d31b2546345219e348575eb80e9a0?s=96&d=mm&r=g","caption":"redazione"},"sameAs":["http:\/\/www.bellunopress.it","https:\/\/x.com\/bellunopress"],"url":"https:\/\/www.bellunopress.it\/fr\/author\/redazione\/"}]}},"_links":{"self":[{"href":"https:\/\/www.bellunopress.it\/fr\/wp-json\/wp\/v2\/posts\/110195","targetHints":{"allow":["GET"]}}],"collection":[{"href":"https:\/\/www.bellunopress.it\/fr\/wp-json\/wp\/v2\/posts"}],"about":[{"href":"https:\/\/www.bellunopress.it\/fr\/wp-json\/wp\/v2\/types\/post"}],"author":[{"embeddable":true,"href":"https:\/\/www.bellunopress.it\/fr\/wp-json\/wp\/v2\/users\/2"}],"replies":[{"embeddable":true,"href":"https:\/\/www.bellunopress.it\/fr\/wp-json\/wp\/v2\/comments?post=110195"}],"version-history":[{"count":1,"href":"https:\/\/www.bellunopress.it\/fr\/wp-json\/wp\/v2\/posts\/110195\/revisions"}],"predecessor-version":[{"id":110196,"href":"https:\/\/www.bellunopress.it\/fr\/wp-json\/wp\/v2\/posts\/110195\/revisions\/110196"}],"wp:attachment":[{"href":"https:\/\/www.bellunopress.it\/fr\/wp-json\/wp\/v2\/media?parent=110195"}],"wp:term":[{"taxonomy":"category","embeddable":true,"href":"https:\/\/www.bellunopress.it\/fr\/wp-json\/wp\/v2\/categories?post=110195"},{"taxonomy":"post_tag","embeddable":true,"href":"https:\/\/www.bellunopress.it\/fr\/wp-json\/wp\/v2\/tags?post=110195"}],"curies":[{"name":"wp","href":"https:\/\/api.w.org\/{rel}","templated":true}]}}