{"id":110193,"date":"2019-12-05T17:06:55","date_gmt":"2019-12-05T16:06:55","guid":{"rendered":"http:\/\/www.bellunopress.it\/?p=110193"},"modified":"2019-12-05T17:06:55","modified_gmt":"2019-12-05T16:06:55","slug":"nasce-un-nuovo-organo-della-regione-osservatorio-turistico-federato-del-veneto-si-occupera-di-ricerca-analisi-raccolta-dati-caner-uno-strumento-di-conoscenza-per-la-prima-industria-della-regio","status":"publish","type":"post","link":"https:\/\/www.bellunopress.it\/fr\/2019\/12\/05\/nasce-un-nuovo-organo-della-regione-osservatorio-turistico-federato-del-veneto-si-occupera-di-ricerca-analisi-raccolta-dati-caner-uno-strumento-di-conoscenza-per-la-prima-industria-della-regio\/","title":{"rendered":"Nasce un nuovo organo della Regione: Osservatorio turistico federato del Veneto. Si occuper\u00e0 di ricerca, analisi, raccolta dati. Caner: &#8220;Uno strumento di conoscenza per la prima industria della Regione&#8221;"},"content":{"rendered":"<figure id=\"attachment_98275\" aria-describedby=\"caption-attachment-98275\" style=\"width: 212px\" class=\"wp-caption alignleft\"><a href=\"http:\/\/www.bellunopress.it\/fr\/2018\/09\/28\/wine-south-america-lassessore-caner-in-brasile-la-vitivinicoltura-continua-a-crescere-in-sudamerica-e-il-veneto-e-presente\/caner\/\" rel=\"attachment wp-att-98275\"><img loading=\"lazy\" decoding=\"async\" class=\"size-full wp-image-98275\" src=\"http:\/\/www.bellunopress.it\/wp-content\/uploads\/2018\/09\/Caner.jpg\" alt=\"\" width=\"212\" height=\"300\" \/><\/a><figcaption id=\"caption-attachment-98275\" class=\"wp-caption-text\">Federico Caner, assessore regionale<\/figcaption><\/figure>\n<p>Venezia, 5 dicembre 2019\u00a0 &#8211;\u00a0 \u00c8 nato oggi a Venezia l\u2019Osservatorio Turistico Regionale Federato del Veneto, nuovo organismo voluto dalla Regione, il cui compito \u00e8 quello di svolgere attivit\u00e0 di ricerca, analisi e raccolta di dati e indicatori in materia turistica, per poi divulgare le informazioni attraverso una piattaforma digitale unica, accessibile in forma sintetica al grande pubblico e in forma analitica ai soggetti portatori d\u2019interesse.<\/p>\n<p>Il primo passo per la formazione dell\u2019Osservatorio \u00e8 stata l\u2019odierna sottoscrizione a Palazzo Balbi, sede della Giunta regionale, del protocollo d\u2019intesa da parte di tutti i soggetti operanti nel turismo chiamati a concorrere al funzionamento di questo innovativo strumento di monitoraggio e analisi del principale settore economico del Veneto.<\/p>\n<p>L\u2019Osservatorio svolger\u00e0 predittive, oltre che di sintesi, sui dati statistici ufficiali, indagini continuative e \u201con demand\u201d sui temi di particolare interesse e attualit\u00e0 per gli attori del sistema turistico veneto.<\/p>\n<p>\u201cVogliamo disporre di un sistema capace di aggiornarci costantemente sull\u2019andamento dei mercati turistici, sui flussi, sulle tendenze dei consumatori, sull\u2019affermarsi di nuove domande e orientamenti, sui mutamenti degli scenari nazionali e internazionali e dei comportamenti dei viaggiatori e turisti \u2013 ha spiegato l\u2019assessore regionale al turismo, Federico Caner \u2013. L\u2019Osservatorio federato favorir\u00e0 la raccolta e l\u2019elaborazione di informazioni e dati, alcuni gi\u00e0 disponibili oggi ma non in modo organizzato, e, partendo da questi, di sviluppare attivit\u00e0 di ricerca, di acquisizione di conoscenze per decidere le azioni coordinate da attuare insieme tra tutti gli attori del settore: in altre parole, \u00e8 lo strumento di governance partecipata del Piano Strategico del Turismo, che consente di assumere indirizzi operativi e decisioni basate su dati certi, di individuare le pi\u00f9 efficaci attivit\u00e0 di marketing, promozione e comunicazione, ma anche di capire l\u2019efficacia dell\u2019azione di governo in questo settore\u201d.<\/p>\n<p>Il protocollo d\u2019intesa \u00e8 stato firmato oggi dai rappresentanti della Regione, di Unioncamere del Veneto, delle Organizzazioni di Gestione delle Destinazioni (OGD), delle Universit\u00e0 del Veneto, del Centro Internazionale di Studi di Economia del Turismo (CISET), di Assoturismo Confesercenti, di Confturismo Confcommercio, di Confindustria Turismo Veneto, di Confartigianato, della Confederazione Nazione dell\u2019Artigianato (CNA), di Federcongressi, di Agriturist (Confagricoltura), di Terranostra (Coldiretti), di Turismo Verde (CIA) e potr\u00e0 essere esteso a tutti i soggetti potenzialmente interessati a fornire e fruire di dati e analisi utili alla comprensione del fenomeno turistico veneto (Centri Studi, Camere di Commercio, Enti locali, Fondazioni, altre associazioni di categoria, ecc.).<\/p>\n<p>L\u2019Osservatorio turistico regionale federato ha sede operativa presso Unioncamere Veneto e per il primo anno viene finanziato dalla Regione e da Unioncamere con 100 mila euro ciascuna.<\/p>\n<p>\u201cVogliamo continuare a essere la prima e pi\u00f9 importante Regione turistica italiana, puntando sempre pi\u00f9 al primato della qualit\u00e0 piuttosto che a quello numerico \u2013 ha concluso Caner \u2013 e per garantirci questa preminenza \u00e8 indispensabile osservare, \u00e8 proprio il caso di dire, con continuit\u00e0 l\u2019evolversi di un fenomeno, la cui trasversalit\u00e0 impone un\u2019attenzione ai diversi scenari di cambiamento che possono incidere sulla dimensione e le caratteristiche del turismo: da quello economico a quello socio-demografico, da quello geo-politico a quello ambientale, dal consumo all\u2019innovazione tecnologica, solo per citarne alcuni. Solo cos\u00ec riusciremo ad avere un quadro il pi\u00f9 possibile verosimile e significativo delle tendenze che caratterizzeranno il turismo, senza dover inseguire affannosamente i mutamenti e individuando le strategie pi\u00f9 efficaci per \u2018The Land of Venice\u2019\u201d.<\/p>","protected":false},"excerpt":{"rendered":"<p>Venezia, 5 dicembre 2019\u00a0 &#8211;\u00a0 \u00c8 nato oggi a Venezia l\u2019Osservatorio Turistico Regionale Federato del Veneto, nuovo organismo voluto dalla Regione, il cui compito \u00e8 quello di svolgere attivit\u00e0 di ricerca, analisi e raccolta di dati e indicatori in materia turistica, per poi divulgare le informazioni attraverso una piattaforma digitale unica, accessibile in forma sintetica [&hellip;]<\/p>\n","protected":false},"author":2,"featured_media":0,"comment_status":"closed","ping_status":"open","sticky":false,"template":"","format":"standard","meta":{"footnotes":""},"categories":[36,26],"tags":[],"class_list":["post-110193","post","type-post","status-publish","format-standard","category-lavoro-economia","category-prima-pagina"],"yoast_head":"<!-- This site is optimized with the Yoast SEO plugin v28.4 - https:\/\/yoast.com\/product\/yoast-seo-wordpress\/ -->\n<title>Nasce un nuovo organo della Regione: Osservatorio turistico federato del Veneto. Si occuper\u00e0 di ricerca, analisi, raccolta dati. Caner: &quot;Uno strumento di conoscenza per la prima industria della Regione&quot; - Bellunopress - Dolomiti<\/title>\n<meta name=\"robots\" content=\"index, follow, max-snippet:-1, max-image-preview:large, max-video-preview:-1\" \/>\n<link rel=\"canonical\" href=\"https:\/\/www.bellunopress.it\/fr\/2019\/12\/05\/nasce-un-nuovo-organo-della-regione-osservatorio-turistico-federato-del-veneto-si-occupera-di-ricerca-analisi-raccolta-dati-caner-uno-strumento-di-conoscenza-per-la-prima-industria-della-regio\/\" \/>\n<meta property=\"og:locale\" content=\"fr_FR\" \/>\n<meta property=\"og:type\" content=\"article\" \/>\n<meta property=\"og:title\" content=\"Nasce un nuovo organo della Regione: Osservatorio turistico federato del Veneto. Si occuper\u00e0 di ricerca, analisi, raccolta dati. Caner: &quot;Uno strumento di conoscenza per la prima industria della Regione&quot; - Bellunopress - Dolomiti\" \/>\n<meta property=\"og:description\" content=\"Venezia, 5 dicembre 2019\u00a0 &#8211;\u00a0 \u00c8 nato oggi a Venezia l\u2019Osservatorio Turistico Regionale Federato del Veneto, nuovo organismo voluto dalla Regione, il cui compito \u00e8 quello di svolgere attivit\u00e0 di ricerca, analisi e raccolta di dati e indicatori in materia turistica, per poi divulgare le informazioni attraverso una piattaforma digitale unica, accessibile in forma sintetica [&hellip;]\" \/>\n<meta property=\"og:url\" content=\"https:\/\/www.bellunopress.it\/fr\/2019\/12\/05\/nasce-un-nuovo-organo-della-regione-osservatorio-turistico-federato-del-veneto-si-occupera-di-ricerca-analisi-raccolta-dati-caner-uno-strumento-di-conoscenza-per-la-prima-industria-della-regio\/\" \/>\n<meta property=\"og:site_name\" content=\"Bellunopress - Dolomiti\" \/>\n<meta property=\"article:publisher\" content=\"https:\/\/www.facebook.com\/profile.php?id=100008943462799\" \/>\n<meta property=\"article:published_time\" content=\"2019-12-05T16:06:55+00:00\" \/>\n<meta property=\"og:image\" content=\"http:\/\/www.bellunopress.it\/wp-content\/uploads\/2018\/09\/Caner.jpg\" \/>\n<meta name=\"author\" content=\"redazione\" \/>\n<meta name=\"twitter:card\" content=\"summary_large_image\" \/>\n<meta name=\"twitter:creator\" content=\"@bellunopress\" \/>\n<meta name=\"twitter:site\" content=\"@bellunopress\" \/>\n<meta name=\"twitter:label1\" content=\"\u00c9crit par\" \/>\n\t<meta name=\"twitter:data1\" content=\"redazione\" \/>\n\t<meta name=\"twitter:label2\" content=\"Dur\u00e9e de lecture estim\u00e9e\" \/>\n\t<meta name=\"twitter:data2\" content=\"3 minutes\" \/>\n<script type=\"application\/ld+json\" class=\"yoast-schema-graph\">{\"@context\":\"https:\\\/\\\/schema.org\",\"@graph\":[{\"@type\":\"Article\",\"@id\":\"https:\\\/\\\/www.bellunopress.it\\\/2019\\\/12\\\/05\\\/nasce-un-nuovo-organo-della-regione-osservatorio-turistico-federato-del-veneto-si-occupera-di-ricerca-analisi-raccolta-dati-caner-uno-strumento-di-conoscenza-per-la-prima-industria-della-regio\\\/#article\",\"isPartOf\":{\"@id\":\"https:\\\/\\\/www.bellunopress.it\\\/2019\\\/12\\\/05\\\/nasce-un-nuovo-organo-della-regione-osservatorio-turistico-federato-del-veneto-si-occupera-di-ricerca-analisi-raccolta-dati-caner-uno-strumento-di-conoscenza-per-la-prima-industria-della-regio\\\/\"},\"author\":{\"name\":\"redazione\",\"@id\":\"https:\\\/\\\/www.bellunopress.it\\\/#\\\/schema\\\/person\\\/79bb06722b37ece1c03d3e94beb30d73\"},\"headline\":\"Nasce un nuovo organo della Regione: Osservatorio turistico federato del Veneto. Si occuper\u00e0 di ricerca, analisi, raccolta dati. Caner: &#8220;Uno strumento di conoscenza per la prima industria della Regione&#8221;\",\"datePublished\":\"2019-12-05T16:06:55+00:00\",\"mainEntityOfPage\":{\"@id\":\"https:\\\/\\\/www.bellunopress.it\\\/2019\\\/12\\\/05\\\/nasce-un-nuovo-organo-della-regione-osservatorio-turistico-federato-del-veneto-si-occupera-di-ricerca-analisi-raccolta-dati-caner-uno-strumento-di-conoscenza-per-la-prima-industria-della-regio\\\/\"},\"wordCount\":589,\"publisher\":{\"@id\":\"https:\\\/\\\/www.bellunopress.it\\\/#organization\"},\"image\":{\"@id\":\"https:\\\/\\\/www.bellunopress.it\\\/2019\\\/12\\\/05\\\/nasce-un-nuovo-organo-della-regione-osservatorio-turistico-federato-del-veneto-si-occupera-di-ricerca-analisi-raccolta-dati-caner-uno-strumento-di-conoscenza-per-la-prima-industria-della-regio\\\/#primaryimage\"},\"thumbnailUrl\":\"http:\\\/\\\/www.bellunopress.it\\\/wp-content\\\/uploads\\\/2018\\\/09\\\/Caner.jpg\",\"articleSection\":[\"Lavoro, Economia, Turismo\",\"Prima Pagina\"],\"inLanguage\":\"fr-FR\"},{\"@type\":\"WebPage\",\"@id\":\"https:\\\/\\\/www.bellunopress.it\\\/2019\\\/12\\\/05\\\/nasce-un-nuovo-organo-della-regione-osservatorio-turistico-federato-del-veneto-si-occupera-di-ricerca-analisi-raccolta-dati-caner-uno-strumento-di-conoscenza-per-la-prima-industria-della-regio\\\/\",\"url\":\"https:\\\/\\\/www.bellunopress.it\\\/2019\\\/12\\\/05\\\/nasce-un-nuovo-organo-della-regione-osservatorio-turistico-federato-del-veneto-si-occupera-di-ricerca-analisi-raccolta-dati-caner-uno-strumento-di-conoscenza-per-la-prima-industria-della-regio\\\/\",\"name\":\"Nasce un nuovo organo della Regione: Osservatorio turistico federato del Veneto. Si occuper\u00e0 di ricerca, analisi, raccolta dati. Caner: \\\"Uno strumento di conoscenza per la prima industria della Regione\\\" - Bellunopress - Dolomiti\",\"isPartOf\":{\"@id\":\"https:\\\/\\\/www.bellunopress.it\\\/#website\"},\"primaryImageOfPage\":{\"@id\":\"https:\\\/\\\/www.bellunopress.it\\\/2019\\\/12\\\/05\\\/nasce-un-nuovo-organo-della-regione-osservatorio-turistico-federato-del-veneto-si-occupera-di-ricerca-analisi-raccolta-dati-caner-uno-strumento-di-conoscenza-per-la-prima-industria-della-regio\\\/#primaryimage\"},\"image\":{\"@id\":\"https:\\\/\\\/www.bellunopress.it\\\/2019\\\/12\\\/05\\\/nasce-un-nuovo-organo-della-regione-osservatorio-turistico-federato-del-veneto-si-occupera-di-ricerca-analisi-raccolta-dati-caner-uno-strumento-di-conoscenza-per-la-prima-industria-della-regio\\\/#primaryimage\"},\"thumbnailUrl\":\"http:\\\/\\\/www.bellunopress.it\\\/wp-content\\\/uploads\\\/2018\\\/09\\\/Caner.jpg\",\"datePublished\":\"2019-12-05T16:06:55+00:00\",\"breadcrumb\":{\"@id\":\"https:\\\/\\\/www.bellunopress.it\\\/2019\\\/12\\\/05\\\/nasce-un-nuovo-organo-della-regione-osservatorio-turistico-federato-del-veneto-si-occupera-di-ricerca-analisi-raccolta-dati-caner-uno-strumento-di-conoscenza-per-la-prima-industria-della-regio\\\/#breadcrumb\"},\"inLanguage\":\"fr-FR\",\"potentialAction\":[{\"@type\":\"ReadAction\",\"target\":[\"https:\\\/\\\/www.bellunopress.it\\\/2019\\\/12\\\/05\\\/nasce-un-nuovo-organo-della-regione-osservatorio-turistico-federato-del-veneto-si-occupera-di-ricerca-analisi-raccolta-dati-caner-uno-strumento-di-conoscenza-per-la-prima-industria-della-regio\\\/\"]}]},{\"@type\":\"ImageObject\",\"inLanguage\":\"fr-FR\",\"@id\":\"https:\\\/\\\/www.bellunopress.it\\\/2019\\\/12\\\/05\\\/nasce-un-nuovo-organo-della-regione-osservatorio-turistico-federato-del-veneto-si-occupera-di-ricerca-analisi-raccolta-dati-caner-uno-strumento-di-conoscenza-per-la-prima-industria-della-regio\\\/#primaryimage\",\"url\":\"http:\\\/\\\/www.bellunopress.it\\\/wp-content\\\/uploads\\\/2018\\\/09\\\/Caner.jpg\",\"contentUrl\":\"http:\\\/\\\/www.bellunopress.it\\\/wp-content\\\/uploads\\\/2018\\\/09\\\/Caner.jpg\"},{\"@type\":\"BreadcrumbList\",\"@id\":\"https:\\\/\\\/www.bellunopress.it\\\/2019\\\/12\\\/05\\\/nasce-un-nuovo-organo-della-regione-osservatorio-turistico-federato-del-veneto-si-occupera-di-ricerca-analisi-raccolta-dati-caner-uno-strumento-di-conoscenza-per-la-prima-industria-della-regio\\\/#breadcrumb\",\"itemListElement\":[{\"@type\":\"ListItem\",\"position\":1,\"name\":\"Home\",\"item\":\"https:\\\/\\\/www.bellunopress.it\\\/\"},{\"@type\":\"ListItem\",\"position\":2,\"name\":\"Nasce un nuovo organo della Regione: Osservatorio turistico federato del Veneto. Si occuper\u00e0 di ricerca, analisi, raccolta dati. Caner: &#8220;Uno strumento di conoscenza per la prima industria della Regione&#8221;\"}]},{\"@type\":\"WebSite\",\"@id\":\"https:\\\/\\\/www.bellunopress.it\\\/#website\",\"url\":\"https:\\\/\\\/www.bellunopress.it\\\/\",\"name\":\"Bellunopress - Dolomiti\",\"description\":\"e-mail: redazione@bellunopress.it\",\"publisher\":{\"@id\":\"https:\\\/\\\/www.bellunopress.it\\\/#organization\"},\"potentialAction\":[{\"@type\":\"SearchAction\",\"target\":{\"@type\":\"EntryPoint\",\"urlTemplate\":\"https:\\\/\\\/www.bellunopress.it\\\/?s={search_term_string}\"},\"query-input\":{\"@type\":\"PropertyValueSpecification\",\"valueRequired\":true,\"valueName\":\"search_term_string\"}}],\"inLanguage\":\"fr-FR\"},{\"@type\":\"Organization\",\"@id\":\"https:\\\/\\\/www.bellunopress.it\\\/#organization\",\"name\":\"Bellunopress\",\"url\":\"https:\\\/\\\/www.bellunopress.it\\\/\",\"logo\":{\"@type\":\"ImageObject\",\"inLanguage\":\"fr-FR\",\"@id\":\"https:\\\/\\\/www.bellunopress.it\\\/#\\\/schema\\\/logo\\\/image\\\/\",\"url\":\"https:\\\/\\\/www.bellunopress.it\\\/wp-content\\\/uploads\\\/2011\\\/05\\\/cropped-logo-bellunopress-.jpg\",\"contentUrl\":\"https:\\\/\\\/www.bellunopress.it\\\/wp-content\\\/uploads\\\/2011\\\/05\\\/cropped-logo-bellunopress-.jpg\",\"width\":512,\"height\":512,\"caption\":\"Bellunopress\"},\"image\":{\"@id\":\"https:\\\/\\\/www.bellunopress.it\\\/#\\\/schema\\\/logo\\\/image\\\/\"},\"sameAs\":[\"https:\\\/\\\/www.facebook.com\\\/profile.php?id=100008943462799\",\"https:\\\/\\\/x.com\\\/bellunopress\",\"https:\\\/\\\/www.linkedin.com\\\/hp\\\/?dnr=JBzUWaJfMUw8vbXJJ2tVW5-I3jZKvC4wsoxE&amp;amp;amp;amp;amp;amp;trk=nav_responsive_tab_home\",\"https:\\\/\\\/www.youtube.com\\\/channel\\\/UCxL0wu1uN0_3_7hGG0306cw\"]},{\"@type\":\"Person\",\"@id\":\"https:\\\/\\\/www.bellunopress.it\\\/#\\\/schema\\\/person\\\/79bb06722b37ece1c03d3e94beb30d73\",\"name\":\"redazione\",\"image\":{\"@type\":\"ImageObject\",\"inLanguage\":\"fr-FR\",\"@id\":\"https:\\\/\\\/secure.gravatar.com\\\/avatar\\\/37d968a2e67a6fd04c169c4bdef102d0bc5d31b2546345219e348575eb80e9a0?s=96&d=mm&r=g\",\"url\":\"https:\\\/\\\/secure.gravatar.com\\\/avatar\\\/37d968a2e67a6fd04c169c4bdef102d0bc5d31b2546345219e348575eb80e9a0?s=96&d=mm&r=g\",\"contentUrl\":\"https:\\\/\\\/secure.gravatar.com\\\/avatar\\\/37d968a2e67a6fd04c169c4bdef102d0bc5d31b2546345219e348575eb80e9a0?s=96&d=mm&r=g\",\"caption\":\"redazione\"},\"sameAs\":[\"http:\\\/\\\/www.bellunopress.it\",\"https:\\\/\\\/x.com\\\/bellunopress\"],\"url\":\"https:\\\/\\\/www.bellunopress.it\\\/fr\\\/author\\\/redazione\\\/\"}]}<\/script>\n<!-- \/ Yoast SEO plugin. -->","yoast_head_json":{"title":"Nasce un nuovo organo della Regione: Osservatorio turistico federato del Veneto. Si occuper\u00e0 di ricerca, analisi, raccolta dati. Caner: \"Uno strumento di conoscenza per la prima industria della Regione\" - Bellunopress - Dolomiti","robots":{"index":"index","follow":"follow","max-snippet":"max-snippet:-1","max-image-preview":"max-image-preview:large","max-video-preview":"max-video-preview:-1"},"canonical":"https:\/\/www.bellunopress.it\/fr\/2019\/12\/05\/nasce-un-nuovo-organo-della-regione-osservatorio-turistico-federato-del-veneto-si-occupera-di-ricerca-analisi-raccolta-dati-caner-uno-strumento-di-conoscenza-per-la-prima-industria-della-regio\/","og_locale":"fr_FR","og_type":"article","og_title":"Nasce un nuovo organo della Regione: Osservatorio turistico federato del Veneto. Si occuper\u00e0 di ricerca, analisi, raccolta dati. Caner: \"Uno strumento di conoscenza per la prima industria della Regione\" - Bellunopress - Dolomiti","og_description":"Venezia, 5 dicembre 2019\u00a0 &#8211;\u00a0 \u00c8 nato oggi a Venezia l\u2019Osservatorio Turistico Regionale Federato del Veneto, nuovo organismo voluto dalla Regione, il cui compito \u00e8 quello di svolgere attivit\u00e0 di ricerca, analisi e raccolta di dati e indicatori in materia turistica, per poi divulgare le informazioni attraverso una piattaforma digitale unica, accessibile in forma sintetica [&hellip;]","og_url":"https:\/\/www.bellunopress.it\/fr\/2019\/12\/05\/nasce-un-nuovo-organo-della-regione-osservatorio-turistico-federato-del-veneto-si-occupera-di-ricerca-analisi-raccolta-dati-caner-uno-strumento-di-conoscenza-per-la-prima-industria-della-regio\/","og_site_name":"Bellunopress - Dolomiti","article_publisher":"https:\/\/www.facebook.com\/profile.php?id=100008943462799","article_published_time":"2019-12-05T16:06:55+00:00","og_image":[{"url":"http:\/\/www.bellunopress.it\/wp-content\/uploads\/2018\/09\/Caner.jpg","type":"","width":"","height":""}],"author":"redazione","twitter_card":"summary_large_image","twitter_creator":"@bellunopress","twitter_site":"@bellunopress","twitter_misc":{"\u00c9crit par":"redazione","Dur\u00e9e de lecture estim\u00e9e":"3 minutes"},"schema":{"@context":"https:\/\/schema.org","@graph":[{"@type":"Article","@id":"https:\/\/www.bellunopress.it\/2019\/12\/05\/nasce-un-nuovo-organo-della-regione-osservatorio-turistico-federato-del-veneto-si-occupera-di-ricerca-analisi-raccolta-dati-caner-uno-strumento-di-conoscenza-per-la-prima-industria-della-regio\/#article","isPartOf":{"@id":"https:\/\/www.bellunopress.it\/2019\/12\/05\/nasce-un-nuovo-organo-della-regione-osservatorio-turistico-federato-del-veneto-si-occupera-di-ricerca-analisi-raccolta-dati-caner-uno-strumento-di-conoscenza-per-la-prima-industria-della-regio\/"},"author":{"name":"redazione","@id":"https:\/\/www.bellunopress.it\/#\/schema\/person\/79bb06722b37ece1c03d3e94beb30d73"},"headline":"Nasce un nuovo organo della Regione: Osservatorio turistico federato del Veneto. Si occuper\u00e0 di ricerca, analisi, raccolta dati. Caner: &#8220;Uno strumento di conoscenza per la prima industria della Regione&#8221;","datePublished":"2019-12-05T16:06:55+00:00","mainEntityOfPage":{"@id":"https:\/\/www.bellunopress.it\/2019\/12\/05\/nasce-un-nuovo-organo-della-regione-osservatorio-turistico-federato-del-veneto-si-occupera-di-ricerca-analisi-raccolta-dati-caner-uno-strumento-di-conoscenza-per-la-prima-industria-della-regio\/"},"wordCount":589,"publisher":{"@id":"https:\/\/www.bellunopress.it\/#organization"},"image":{"@id":"https:\/\/www.bellunopress.it\/2019\/12\/05\/nasce-un-nuovo-organo-della-regione-osservatorio-turistico-federato-del-veneto-si-occupera-di-ricerca-analisi-raccolta-dati-caner-uno-strumento-di-conoscenza-per-la-prima-industria-della-regio\/#primaryimage"},"thumbnailUrl":"http:\/\/www.bellunopress.it\/wp-content\/uploads\/2018\/09\/Caner.jpg","articleSection":["Lavoro, Economia, Turismo","Prima Pagina"],"inLanguage":"fr-FR"},{"@type":"WebPage","@id":"https:\/\/www.bellunopress.it\/2019\/12\/05\/nasce-un-nuovo-organo-della-regione-osservatorio-turistico-federato-del-veneto-si-occupera-di-ricerca-analisi-raccolta-dati-caner-uno-strumento-di-conoscenza-per-la-prima-industria-della-regio\/","url":"https:\/\/www.bellunopress.it\/2019\/12\/05\/nasce-un-nuovo-organo-della-regione-osservatorio-turistico-federato-del-veneto-si-occupera-di-ricerca-analisi-raccolta-dati-caner-uno-strumento-di-conoscenza-per-la-prima-industria-della-regio\/","name":"Nasce un nuovo organo della Regione: Osservatorio turistico federato del Veneto. Si occuper\u00e0 di ricerca, analisi, raccolta dati. Caner: \"Uno strumento di conoscenza per la prima industria della Regione\" - Bellunopress - Dolomiti","isPartOf":{"@id":"https:\/\/www.bellunopress.it\/#website"},"primaryImageOfPage":{"@id":"https:\/\/www.bellunopress.it\/2019\/12\/05\/nasce-un-nuovo-organo-della-regione-osservatorio-turistico-federato-del-veneto-si-occupera-di-ricerca-analisi-raccolta-dati-caner-uno-strumento-di-conoscenza-per-la-prima-industria-della-regio\/#primaryimage"},"image":{"@id":"https:\/\/www.bellunopress.it\/2019\/12\/05\/nasce-un-nuovo-organo-della-regione-osservatorio-turistico-federato-del-veneto-si-occupera-di-ricerca-analisi-raccolta-dati-caner-uno-strumento-di-conoscenza-per-la-prima-industria-della-regio\/#primaryimage"},"thumbnailUrl":"http:\/\/www.bellunopress.it\/wp-content\/uploads\/2018\/09\/Caner.jpg","datePublished":"2019-12-05T16:06:55+00:00","breadcrumb":{"@id":"https:\/\/www.bellunopress.it\/2019\/12\/05\/nasce-un-nuovo-organo-della-regione-osservatorio-turistico-federato-del-veneto-si-occupera-di-ricerca-analisi-raccolta-dati-caner-uno-strumento-di-conoscenza-per-la-prima-industria-della-regio\/#breadcrumb"},"inLanguage":"fr-FR","potentialAction":[{"@type":"ReadAction","target":["https:\/\/www.bellunopress.it\/2019\/12\/05\/nasce-un-nuovo-organo-della-regione-osservatorio-turistico-federato-del-veneto-si-occupera-di-ricerca-analisi-raccolta-dati-caner-uno-strumento-di-conoscenza-per-la-prima-industria-della-regio\/"]}]},{"@type":"ImageObject","inLanguage":"fr-FR","@id":"https:\/\/www.bellunopress.it\/2019\/12\/05\/nasce-un-nuovo-organo-della-regione-osservatorio-turistico-federato-del-veneto-si-occupera-di-ricerca-analisi-raccolta-dati-caner-uno-strumento-di-conoscenza-per-la-prima-industria-della-regio\/#primaryimage","url":"http:\/\/www.bellunopress.it\/wp-content\/uploads\/2018\/09\/Caner.jpg","contentUrl":"http:\/\/www.bellunopress.it\/wp-content\/uploads\/2018\/09\/Caner.jpg"},{"@type":"BreadcrumbList","@id":"https:\/\/www.bellunopress.it\/2019\/12\/05\/nasce-un-nuovo-organo-della-regione-osservatorio-turistico-federato-del-veneto-si-occupera-di-ricerca-analisi-raccolta-dati-caner-uno-strumento-di-conoscenza-per-la-prima-industria-della-regio\/#breadcrumb","itemListElement":[{"@type":"ListItem","position":1,"name":"Home","item":"https:\/\/www.bellunopress.it\/"},{"@type":"ListItem","position":2,"name":"Nasce un nuovo organo della Regione: Osservatorio turistico federato del Veneto. Si occuper\u00e0 di ricerca, analisi, raccolta dati. Caner: &#8220;Uno strumento di conoscenza per la prima industria della Regione&#8221;"}]},{"@type":"WebSite","@id":"https:\/\/www.bellunopress.it\/#website","url":"https:\/\/www.bellunopress.it\/","name":"Bellunopress - Dolomiti","description":"e-mail: redazione@bellunopress.it","publisher":{"@id":"https:\/\/www.bellunopress.it\/#organization"},"potentialAction":[{"@type":"SearchAction","target":{"@type":"EntryPoint","urlTemplate":"https:\/\/www.bellunopress.it\/?s={search_term_string}"},"query-input":{"@type":"PropertyValueSpecification","valueRequired":true,"valueName":"search_term_string"}}],"inLanguage":"fr-FR"},{"@type":"Organization","@id":"https:\/\/www.bellunopress.it\/#organization","name":"Bellunopress","url":"https:\/\/www.bellunopress.it\/","logo":{"@type":"ImageObject","inLanguage":"fr-FR","@id":"https:\/\/www.bellunopress.it\/#\/schema\/logo\/image\/","url":"https:\/\/www.bellunopress.it\/wp-content\/uploads\/2011\/05\/cropped-logo-bellunopress-.jpg","contentUrl":"https:\/\/www.bellunopress.it\/wp-content\/uploads\/2011\/05\/cropped-logo-bellunopress-.jpg","width":512,"height":512,"caption":"Bellunopress"},"image":{"@id":"https:\/\/www.bellunopress.it\/#\/schema\/logo\/image\/"},"sameAs":["https:\/\/www.facebook.com\/profile.php?id=100008943462799","https:\/\/x.com\/bellunopress","https:\/\/www.linkedin.com\/hp\/?dnr=JBzUWaJfMUw8vbXJJ2tVW5-I3jZKvC4wsoxE&amp;amp;amp;amp;amp;amp;trk=nav_responsive_tab_home","https:\/\/www.youtube.com\/channel\/UCxL0wu1uN0_3_7hGG0306cw"]},{"@type":"Person","@id":"https:\/\/www.bellunopress.it\/#\/schema\/person\/79bb06722b37ece1c03d3e94beb30d73","name":"r\u00e9daction","image":{"@type":"ImageObject","inLanguage":"fr-FR","@id":"https:\/\/secure.gravatar.com\/avatar\/37d968a2e67a6fd04c169c4bdef102d0bc5d31b2546345219e348575eb80e9a0?s=96&d=mm&r=g","url":"https:\/\/secure.gravatar.com\/avatar\/37d968a2e67a6fd04c169c4bdef102d0bc5d31b2546345219e348575eb80e9a0?s=96&d=mm&r=g","contentUrl":"https:\/\/secure.gravatar.com\/avatar\/37d968a2e67a6fd04c169c4bdef102d0bc5d31b2546345219e348575eb80e9a0?s=96&d=mm&r=g","caption":"redazione"},"sameAs":["http:\/\/www.bellunopress.it","https:\/\/x.com\/bellunopress"],"url":"https:\/\/www.bellunopress.it\/fr\/author\/redazione\/"}]}},"_links":{"self":[{"href":"https:\/\/www.bellunopress.it\/fr\/wp-json\/wp\/v2\/posts\/110193","targetHints":{"allow":["GET"]}}],"collection":[{"href":"https:\/\/www.bellunopress.it\/fr\/wp-json\/wp\/v2\/posts"}],"about":[{"href":"https:\/\/www.bellunopress.it\/fr\/wp-json\/wp\/v2\/types\/post"}],"author":[{"embeddable":true,"href":"https:\/\/www.bellunopress.it\/fr\/wp-json\/wp\/v2\/users\/2"}],"replies":[{"embeddable":true,"href":"https:\/\/www.bellunopress.it\/fr\/wp-json\/wp\/v2\/comments?post=110193"}],"version-history":[{"count":1,"href":"https:\/\/www.bellunopress.it\/fr\/wp-json\/wp\/v2\/posts\/110193\/revisions"}],"predecessor-version":[{"id":110194,"href":"https:\/\/www.bellunopress.it\/fr\/wp-json\/wp\/v2\/posts\/110193\/revisions\/110194"}],"wp:attachment":[{"href":"https:\/\/www.bellunopress.it\/fr\/wp-json\/wp\/v2\/media?parent=110193"}],"wp:term":[{"taxonomy":"category","embeddable":true,"href":"https:\/\/www.bellunopress.it\/fr\/wp-json\/wp\/v2\/categories?post=110193"},{"taxonomy":"post_tag","embeddable":true,"href":"https:\/\/www.bellunopress.it\/fr\/wp-json\/wp\/v2\/tags?post=110193"}],"curies":[{"name":"wp","href":"https:\/\/api.w.org\/{rel}","templated":true}]}}