{"id":110142,"date":"2019-12-04T10:06:52","date_gmt":"2019-12-04T09:06:52","guid":{"rendered":"http:\/\/www.bellunopress.it\/?p=110142"},"modified":"2019-12-06T20:25:31","modified_gmt":"2019-12-06T19:25:31","slug":"conferenza-i-tumori-allinizio-del-terzo-millennio-ai-giovedi-della-salute-allospedale-san-martino-di-belluno","status":"publish","type":"post","link":"https:\/\/www.bellunopress.it\/fr\/2019\/12\/04\/conferenza-i-tumori-allinizio-del-terzo-millennio-ai-giovedi-della-salute-allospedale-san-martino-di-belluno\/","title":{"rendered":"Conferenza &#8220;I tumori all\u2019inizio del Terzo Millennio&#8221;. Ai gioved\u00ec della Salute all&#8217;ospedale San Martino di Belluno"},"content":{"rendered":"<p>Gioved\u00ec 5 dicembre, alle ore 18, per il consueto appuntamento quindicinale dei \u201cGioved\u00ec della salute\u201d che si tengono nella sala riunioni dell\u2019ospedale San Martino, il dottor Fable Zustovich, direttore della UOC di Oncologia di Belluno, parler\u00e0 in particolare dell\u2019 Oncologia moderna cercando di scorrere anche quella parte di storia della medicina che la riguarda.<\/p>\n<figure id=\"attachment_108890\" aria-describedby=\"caption-attachment-108890\" style=\"width: 300px\" class=\"wp-caption alignleft\"><a href=\"http:\/\/www.bellunopress.it\/fr\/2019\/10\/19\/assistenza-religiosa-nella-ulss-1-dolomiti-500mila-euro-per-10-anni-per-un-servizio-che-non-e-sanitario-finanziato-con-denaro-pubblico\/ospedale-bl\/\" rel=\"attachment wp-att-108890\"><img loading=\"lazy\" decoding=\"async\" class=\"size-full wp-image-108890\" src=\"http:\/\/www.bellunopress.it\/wp-content\/uploads\/2019\/10\/ospedale-bl.jpg\" alt=\"\" width=\"300\" height=\"215\" \/><\/a><figcaption id=\"caption-attachment-108890\" class=\"wp-caption-text\">Ospedale &#8220;San Martino&#8221; di Belluno<\/figcaption><\/figure>\n<p>Verr\u00e0 spiegato cosa \u00e8 un tumore, come nasce, come si sviluppa, perch\u00e9 pu\u00f2 essere cos\u00ec pericoloso se non curato e quali sono le cure.<br \/>\nVerr\u00e0 esaminata l&#8217;evoluzione in senso positivo che la prognosi ha avuto negli ultimi decenni con particolare riferimento ai risultati pi\u00f9 consistenti negli ultimi anni.<\/p>\n<p>Sar\u00e0 fatto il punto sulle metodologie di screening e di prevenzione che sono ora disponibili per la popolazione e illustrata l\u2019 organizzazione della gestione sanitaria di queste malattie nella regione Veneto.<\/p>","protected":false},"excerpt":{"rendered":"<p>Gioved\u00ec 5 dicembre, alle ore 18, per il consueto appuntamento quindicinale dei \u201cGioved\u00ec della salute\u201d che si tengono nella sala riunioni dell\u2019ospedale San Martino, il dottor Fable Zustovich, direttore della UOC di Oncologia di Belluno, parler\u00e0 in particolare dell\u2019 Oncologia moderna cercando di scorrere anche quella parte di storia della medicina che la riguarda. Verr\u00e0 [&hellip;]<\/p>\n","protected":false},"author":2,"featured_media":0,"comment_status":"closed","ping_status":"open","sticky":false,"template":"","format":"standard","meta":{"footnotes":""},"categories":[27,17],"tags":[],"class_list":["post-110142","post","type-post","status-publish","format-standard","category-appuntamenti","category-sanita"],"yoast_head":"<!-- This site is optimized with the Yoast SEO plugin v28.4 - https:\/\/yoast.com\/product\/yoast-seo-wordpress\/ -->\n<title>Conferenza &quot;I tumori all\u2019inizio del Terzo Millennio&quot;. Ai gioved\u00ec della Salute all&#039;ospedale San Martino di Belluno - Bellunopress - Dolomiti<\/title>\n<meta name=\"robots\" content=\"index, follow, max-snippet:-1, max-image-preview:large, max-video-preview:-1\" \/>\n<link rel=\"canonical\" href=\"https:\/\/www.bellunopress.it\/fr\/2019\/12\/04\/conferenza-i-tumori-allinizio-del-terzo-millennio-ai-giovedi-della-salute-allospedale-san-martino-di-belluno\/\" \/>\n<meta property=\"og:locale\" content=\"fr_FR\" \/>\n<meta property=\"og:type\" content=\"article\" \/>\n<meta property=\"og:title\" content=\"Conferenza &quot;I tumori all\u2019inizio del Terzo Millennio&quot;. Ai gioved\u00ec della Salute all&#039;ospedale San Martino di Belluno - Bellunopress - Dolomiti\" \/>\n<meta property=\"og:description\" content=\"Gioved\u00ec 5 dicembre, alle ore 18, per il consueto appuntamento quindicinale dei \u201cGioved\u00ec della salute\u201d che si tengono nella sala riunioni dell\u2019ospedale San Martino, il dottor Fable Zustovich, direttore della UOC di Oncologia di Belluno, parler\u00e0 in particolare dell\u2019 Oncologia moderna cercando di scorrere anche quella parte di storia della medicina che la riguarda. Verr\u00e0 [&hellip;]\" \/>\n<meta property=\"og:url\" content=\"https:\/\/www.bellunopress.it\/fr\/2019\/12\/04\/conferenza-i-tumori-allinizio-del-terzo-millennio-ai-giovedi-della-salute-allospedale-san-martino-di-belluno\/\" \/>\n<meta property=\"og:site_name\" content=\"Bellunopress - Dolomiti\" \/>\n<meta property=\"article:publisher\" content=\"https:\/\/www.facebook.com\/profile.php?id=100008943462799\" \/>\n<meta property=\"article:published_time\" content=\"2019-12-04T09:06:52+00:00\" \/>\n<meta property=\"article:modified_time\" content=\"2019-12-06T19:25:31+00:00\" \/>\n<meta property=\"og:image\" content=\"http:\/\/www.bellunopress.it\/wp-content\/uploads\/2019\/10\/ospedale-bl.jpg\" \/>\n<meta name=\"author\" content=\"redazione\" \/>\n<meta name=\"twitter:card\" content=\"summary_large_image\" \/>\n<meta name=\"twitter:creator\" content=\"@bellunopress\" \/>\n<meta name=\"twitter:site\" content=\"@bellunopress\" \/>\n<meta name=\"twitter:label1\" content=\"\u00c9crit par\" \/>\n\t<meta name=\"twitter:data1\" content=\"redazione\" \/>\n\t<meta name=\"twitter:label2\" content=\"Dur\u00e9e de lecture estim\u00e9e\" \/>\n\t<meta name=\"twitter:data2\" content=\"1 minute\" \/>\n<script type=\"application\/ld+json\" class=\"yoast-schema-graph\">{\"@context\":\"https:\\\/\\\/schema.org\",\"@graph\":[{\"@type\":\"Article\",\"@id\":\"https:\\\/\\\/www.bellunopress.it\\\/2019\\\/12\\\/04\\\/conferenza-i-tumori-allinizio-del-terzo-millennio-ai-giovedi-della-salute-allospedale-san-martino-di-belluno\\\/#article\",\"isPartOf\":{\"@id\":\"https:\\\/\\\/www.bellunopress.it\\\/2019\\\/12\\\/04\\\/conferenza-i-tumori-allinizio-del-terzo-millennio-ai-giovedi-della-salute-allospedale-san-martino-di-belluno\\\/\"},\"author\":{\"name\":\"redazione\",\"@id\":\"https:\\\/\\\/www.bellunopress.it\\\/#\\\/schema\\\/person\\\/79bb06722b37ece1c03d3e94beb30d73\"},\"headline\":\"Conferenza &#8220;I tumori all\u2019inizio del Terzo Millennio&#8221;. Ai gioved\u00ec della Salute all&#8217;ospedale San Martino di Belluno\",\"datePublished\":\"2019-12-04T09:06:52+00:00\",\"dateModified\":\"2019-12-06T19:25:31+00:00\",\"mainEntityOfPage\":{\"@id\":\"https:\\\/\\\/www.bellunopress.it\\\/2019\\\/12\\\/04\\\/conferenza-i-tumori-allinizio-del-terzo-millennio-ai-giovedi-della-salute-allospedale-san-martino-di-belluno\\\/\"},\"wordCount\":162,\"publisher\":{\"@id\":\"https:\\\/\\\/www.bellunopress.it\\\/#organization\"},\"image\":{\"@id\":\"https:\\\/\\\/www.bellunopress.it\\\/2019\\\/12\\\/04\\\/conferenza-i-tumori-allinizio-del-terzo-millennio-ai-giovedi-della-salute-allospedale-san-martino-di-belluno\\\/#primaryimage\"},\"thumbnailUrl\":\"http:\\\/\\\/www.bellunopress.it\\\/wp-content\\\/uploads\\\/2019\\\/10\\\/ospedale-bl.jpg\",\"articleSection\":[\"Appuntamenti, Eventi\",\"Sanit\u00e0 Medicina\"],\"inLanguage\":\"fr-FR\"},{\"@type\":\"WebPage\",\"@id\":\"https:\\\/\\\/www.bellunopress.it\\\/2019\\\/12\\\/04\\\/conferenza-i-tumori-allinizio-del-terzo-millennio-ai-giovedi-della-salute-allospedale-san-martino-di-belluno\\\/\",\"url\":\"https:\\\/\\\/www.bellunopress.it\\\/2019\\\/12\\\/04\\\/conferenza-i-tumori-allinizio-del-terzo-millennio-ai-giovedi-della-salute-allospedale-san-martino-di-belluno\\\/\",\"name\":\"Conferenza \\\"I tumori all\u2019inizio del Terzo Millennio\\\". Ai gioved\u00ec della Salute all'ospedale San Martino di Belluno - Bellunopress - Dolomiti\",\"isPartOf\":{\"@id\":\"https:\\\/\\\/www.bellunopress.it\\\/#website\"},\"primaryImageOfPage\":{\"@id\":\"https:\\\/\\\/www.bellunopress.it\\\/2019\\\/12\\\/04\\\/conferenza-i-tumori-allinizio-del-terzo-millennio-ai-giovedi-della-salute-allospedale-san-martino-di-belluno\\\/#primaryimage\"},\"image\":{\"@id\":\"https:\\\/\\\/www.bellunopress.it\\\/2019\\\/12\\\/04\\\/conferenza-i-tumori-allinizio-del-terzo-millennio-ai-giovedi-della-salute-allospedale-san-martino-di-belluno\\\/#primaryimage\"},\"thumbnailUrl\":\"http:\\\/\\\/www.bellunopress.it\\\/wp-content\\\/uploads\\\/2019\\\/10\\\/ospedale-bl.jpg\",\"datePublished\":\"2019-12-04T09:06:52+00:00\",\"dateModified\":\"2019-12-06T19:25:31+00:00\",\"breadcrumb\":{\"@id\":\"https:\\\/\\\/www.bellunopress.it\\\/2019\\\/12\\\/04\\\/conferenza-i-tumori-allinizio-del-terzo-millennio-ai-giovedi-della-salute-allospedale-san-martino-di-belluno\\\/#breadcrumb\"},\"inLanguage\":\"fr-FR\",\"potentialAction\":[{\"@type\":\"ReadAction\",\"target\":[\"https:\\\/\\\/www.bellunopress.it\\\/2019\\\/12\\\/04\\\/conferenza-i-tumori-allinizio-del-terzo-millennio-ai-giovedi-della-salute-allospedale-san-martino-di-belluno\\\/\"]}]},{\"@type\":\"ImageObject\",\"inLanguage\":\"fr-FR\",\"@id\":\"https:\\\/\\\/www.bellunopress.it\\\/2019\\\/12\\\/04\\\/conferenza-i-tumori-allinizio-del-terzo-millennio-ai-giovedi-della-salute-allospedale-san-martino-di-belluno\\\/#primaryimage\",\"url\":\"http:\\\/\\\/www.bellunopress.it\\\/wp-content\\\/uploads\\\/2019\\\/10\\\/ospedale-bl.jpg\",\"contentUrl\":\"http:\\\/\\\/www.bellunopress.it\\\/wp-content\\\/uploads\\\/2019\\\/10\\\/ospedale-bl.jpg\"},{\"@type\":\"BreadcrumbList\",\"@id\":\"https:\\\/\\\/www.bellunopress.it\\\/2019\\\/12\\\/04\\\/conferenza-i-tumori-allinizio-del-terzo-millennio-ai-giovedi-della-salute-allospedale-san-martino-di-belluno\\\/#breadcrumb\",\"itemListElement\":[{\"@type\":\"ListItem\",\"position\":1,\"name\":\"Home\",\"item\":\"https:\\\/\\\/www.bellunopress.it\\\/\"},{\"@type\":\"ListItem\",\"position\":2,\"name\":\"Conferenza &#8220;I tumori all\u2019inizio del Terzo Millennio&#8221;. Ai gioved\u00ec della Salute all&#8217;ospedale San Martino di Belluno\"}]},{\"@type\":\"WebSite\",\"@id\":\"https:\\\/\\\/www.bellunopress.it\\\/#website\",\"url\":\"https:\\\/\\\/www.bellunopress.it\\\/\",\"name\":\"Bellunopress - Dolomiti\",\"description\":\"e-mail: redazione@bellunopress.it\",\"publisher\":{\"@id\":\"https:\\\/\\\/www.bellunopress.it\\\/#organization\"},\"potentialAction\":[{\"@type\":\"SearchAction\",\"target\":{\"@type\":\"EntryPoint\",\"urlTemplate\":\"https:\\\/\\\/www.bellunopress.it\\\/?s={search_term_string}\"},\"query-input\":{\"@type\":\"PropertyValueSpecification\",\"valueRequired\":true,\"valueName\":\"search_term_string\"}}],\"inLanguage\":\"fr-FR\"},{\"@type\":\"Organization\",\"@id\":\"https:\\\/\\\/www.bellunopress.it\\\/#organization\",\"name\":\"Bellunopress\",\"url\":\"https:\\\/\\\/www.bellunopress.it\\\/\",\"logo\":{\"@type\":\"ImageObject\",\"inLanguage\":\"fr-FR\",\"@id\":\"https:\\\/\\\/www.bellunopress.it\\\/#\\\/schema\\\/logo\\\/image\\\/\",\"url\":\"https:\\\/\\\/www.bellunopress.it\\\/wp-content\\\/uploads\\\/2011\\\/05\\\/cropped-logo-bellunopress-.jpg\",\"contentUrl\":\"https:\\\/\\\/www.bellunopress.it\\\/wp-content\\\/uploads\\\/2011\\\/05\\\/cropped-logo-bellunopress-.jpg\",\"width\":512,\"height\":512,\"caption\":\"Bellunopress\"},\"image\":{\"@id\":\"https:\\\/\\\/www.bellunopress.it\\\/#\\\/schema\\\/logo\\\/image\\\/\"},\"sameAs\":[\"https:\\\/\\\/www.facebook.com\\\/profile.php?id=100008943462799\",\"https:\\\/\\\/x.com\\\/bellunopress\",\"https:\\\/\\\/www.linkedin.com\\\/hp\\\/?dnr=JBzUWaJfMUw8vbXJJ2tVW5-I3jZKvC4wsoxE&amp;amp;amp;amp;amp;amp;trk=nav_responsive_tab_home\",\"https:\\\/\\\/www.youtube.com\\\/channel\\\/UCxL0wu1uN0_3_7hGG0306cw\"]},{\"@type\":\"Person\",\"@id\":\"https:\\\/\\\/www.bellunopress.it\\\/#\\\/schema\\\/person\\\/79bb06722b37ece1c03d3e94beb30d73\",\"name\":\"redazione\",\"image\":{\"@type\":\"ImageObject\",\"inLanguage\":\"fr-FR\",\"@id\":\"https:\\\/\\\/secure.gravatar.com\\\/avatar\\\/37d968a2e67a6fd04c169c4bdef102d0bc5d31b2546345219e348575eb80e9a0?s=96&d=mm&r=g\",\"url\":\"https:\\\/\\\/secure.gravatar.com\\\/avatar\\\/37d968a2e67a6fd04c169c4bdef102d0bc5d31b2546345219e348575eb80e9a0?s=96&d=mm&r=g\",\"contentUrl\":\"https:\\\/\\\/secure.gravatar.com\\\/avatar\\\/37d968a2e67a6fd04c169c4bdef102d0bc5d31b2546345219e348575eb80e9a0?s=96&d=mm&r=g\",\"caption\":\"redazione\"},\"sameAs\":[\"http:\\\/\\\/www.bellunopress.it\",\"https:\\\/\\\/x.com\\\/bellunopress\"],\"url\":\"https:\\\/\\\/www.bellunopress.it\\\/fr\\\/author\\\/redazione\\\/\"}]}<\/script>\n<!-- \/ Yoast SEO plugin. -->","yoast_head_json":{"title":"Conferenza \"I tumori all\u2019inizio del Terzo Millennio\". Ai gioved\u00ec della Salute all'ospedale San Martino di Belluno - Bellunopress - Dolomiti","robots":{"index":"index","follow":"follow","max-snippet":"max-snippet:-1","max-image-preview":"max-image-preview:large","max-video-preview":"max-video-preview:-1"},"canonical":"https:\/\/www.bellunopress.it\/fr\/2019\/12\/04\/conferenza-i-tumori-allinizio-del-terzo-millennio-ai-giovedi-della-salute-allospedale-san-martino-di-belluno\/","og_locale":"fr_FR","og_type":"article","og_title":"Conferenza \"I tumori all\u2019inizio del Terzo Millennio\". Ai gioved\u00ec della Salute all'ospedale San Martino di Belluno - Bellunopress - Dolomiti","og_description":"Gioved\u00ec 5 dicembre, alle ore 18, per il consueto appuntamento quindicinale dei \u201cGioved\u00ec della salute\u201d che si tengono nella sala riunioni dell\u2019ospedale San Martino, il dottor Fable Zustovich, direttore della UOC di Oncologia di Belluno, parler\u00e0 in particolare dell\u2019 Oncologia moderna cercando di scorrere anche quella parte di storia della medicina che la riguarda. Verr\u00e0 [&hellip;]","og_url":"https:\/\/www.bellunopress.it\/fr\/2019\/12\/04\/conferenza-i-tumori-allinizio-del-terzo-millennio-ai-giovedi-della-salute-allospedale-san-martino-di-belluno\/","og_site_name":"Bellunopress - Dolomiti","article_publisher":"https:\/\/www.facebook.com\/profile.php?id=100008943462799","article_published_time":"2019-12-04T09:06:52+00:00","article_modified_time":"2019-12-06T19:25:31+00:00","og_image":[{"url":"http:\/\/www.bellunopress.it\/wp-content\/uploads\/2019\/10\/ospedale-bl.jpg","type":"","width":"","height":""}],"author":"redazione","twitter_card":"summary_large_image","twitter_creator":"@bellunopress","twitter_site":"@bellunopress","twitter_misc":{"\u00c9crit par":"redazione","Dur\u00e9e de lecture estim\u00e9e":"1 minute"},"schema":{"@context":"https:\/\/schema.org","@graph":[{"@type":"Article","@id":"https:\/\/www.bellunopress.it\/2019\/12\/04\/conferenza-i-tumori-allinizio-del-terzo-millennio-ai-giovedi-della-salute-allospedale-san-martino-di-belluno\/#article","isPartOf":{"@id":"https:\/\/www.bellunopress.it\/2019\/12\/04\/conferenza-i-tumori-allinizio-del-terzo-millennio-ai-giovedi-della-salute-allospedale-san-martino-di-belluno\/"},"author":{"name":"redazione","@id":"https:\/\/www.bellunopress.it\/#\/schema\/person\/79bb06722b37ece1c03d3e94beb30d73"},"headline":"Conferenza &#8220;I tumori all\u2019inizio del Terzo Millennio&#8221;. Ai gioved\u00ec della Salute all&#8217;ospedale San Martino di Belluno","datePublished":"2019-12-04T09:06:52+00:00","dateModified":"2019-12-06T19:25:31+00:00","mainEntityOfPage":{"@id":"https:\/\/www.bellunopress.it\/2019\/12\/04\/conferenza-i-tumori-allinizio-del-terzo-millennio-ai-giovedi-della-salute-allospedale-san-martino-di-belluno\/"},"wordCount":162,"publisher":{"@id":"https:\/\/www.bellunopress.it\/#organization"},"image":{"@id":"https:\/\/www.bellunopress.it\/2019\/12\/04\/conferenza-i-tumori-allinizio-del-terzo-millennio-ai-giovedi-della-salute-allospedale-san-martino-di-belluno\/#primaryimage"},"thumbnailUrl":"http:\/\/www.bellunopress.it\/wp-content\/uploads\/2019\/10\/ospedale-bl.jpg","articleSection":["Appuntamenti, Eventi","Sanit\u00e0 Medicina"],"inLanguage":"fr-FR"},{"@type":"WebPage","@id":"https:\/\/www.bellunopress.it\/2019\/12\/04\/conferenza-i-tumori-allinizio-del-terzo-millennio-ai-giovedi-della-salute-allospedale-san-martino-di-belluno\/","url":"https:\/\/www.bellunopress.it\/2019\/12\/04\/conferenza-i-tumori-allinizio-del-terzo-millennio-ai-giovedi-della-salute-allospedale-san-martino-di-belluno\/","name":"Conferenza \"I tumori all\u2019inizio del Terzo Millennio\". Ai gioved\u00ec della Salute all'ospedale San Martino di Belluno - Bellunopress - Dolomiti","isPartOf":{"@id":"https:\/\/www.bellunopress.it\/#website"},"primaryImageOfPage":{"@id":"https:\/\/www.bellunopress.it\/2019\/12\/04\/conferenza-i-tumori-allinizio-del-terzo-millennio-ai-giovedi-della-salute-allospedale-san-martino-di-belluno\/#primaryimage"},"image":{"@id":"https:\/\/www.bellunopress.it\/2019\/12\/04\/conferenza-i-tumori-allinizio-del-terzo-millennio-ai-giovedi-della-salute-allospedale-san-martino-di-belluno\/#primaryimage"},"thumbnailUrl":"http:\/\/www.bellunopress.it\/wp-content\/uploads\/2019\/10\/ospedale-bl.jpg","datePublished":"2019-12-04T09:06:52+00:00","dateModified":"2019-12-06T19:25:31+00:00","breadcrumb":{"@id":"https:\/\/www.bellunopress.it\/2019\/12\/04\/conferenza-i-tumori-allinizio-del-terzo-millennio-ai-giovedi-della-salute-allospedale-san-martino-di-belluno\/#breadcrumb"},"inLanguage":"fr-FR","potentialAction":[{"@type":"ReadAction","target":["https:\/\/www.bellunopress.it\/2019\/12\/04\/conferenza-i-tumori-allinizio-del-terzo-millennio-ai-giovedi-della-salute-allospedale-san-martino-di-belluno\/"]}]},{"@type":"ImageObject","inLanguage":"fr-FR","@id":"https:\/\/www.bellunopress.it\/2019\/12\/04\/conferenza-i-tumori-allinizio-del-terzo-millennio-ai-giovedi-della-salute-allospedale-san-martino-di-belluno\/#primaryimage","url":"http:\/\/www.bellunopress.it\/wp-content\/uploads\/2019\/10\/ospedale-bl.jpg","contentUrl":"http:\/\/www.bellunopress.it\/wp-content\/uploads\/2019\/10\/ospedale-bl.jpg"},{"@type":"BreadcrumbList","@id":"https:\/\/www.bellunopress.it\/2019\/12\/04\/conferenza-i-tumori-allinizio-del-terzo-millennio-ai-giovedi-della-salute-allospedale-san-martino-di-belluno\/#breadcrumb","itemListElement":[{"@type":"ListItem","position":1,"name":"Home","item":"https:\/\/www.bellunopress.it\/"},{"@type":"ListItem","position":2,"name":"Conferenza &#8220;I tumori all\u2019inizio del Terzo Millennio&#8221;. Ai gioved\u00ec della Salute all&#8217;ospedale San Martino di Belluno"}]},{"@type":"WebSite","@id":"https:\/\/www.bellunopress.it\/#website","url":"https:\/\/www.bellunopress.it\/","name":"Bellunopress - Dolomiti","description":"e-mail: redazione@bellunopress.it","publisher":{"@id":"https:\/\/www.bellunopress.it\/#organization"},"potentialAction":[{"@type":"SearchAction","target":{"@type":"EntryPoint","urlTemplate":"https:\/\/www.bellunopress.it\/?s={search_term_string}"},"query-input":{"@type":"PropertyValueSpecification","valueRequired":true,"valueName":"search_term_string"}}],"inLanguage":"fr-FR"},{"@type":"Organization","@id":"https:\/\/www.bellunopress.it\/#organization","name":"Bellunopress","url":"https:\/\/www.bellunopress.it\/","logo":{"@type":"ImageObject","inLanguage":"fr-FR","@id":"https:\/\/www.bellunopress.it\/#\/schema\/logo\/image\/","url":"https:\/\/www.bellunopress.it\/wp-content\/uploads\/2011\/05\/cropped-logo-bellunopress-.jpg","contentUrl":"https:\/\/www.bellunopress.it\/wp-content\/uploads\/2011\/05\/cropped-logo-bellunopress-.jpg","width":512,"height":512,"caption":"Bellunopress"},"image":{"@id":"https:\/\/www.bellunopress.it\/#\/schema\/logo\/image\/"},"sameAs":["https:\/\/www.facebook.com\/profile.php?id=100008943462799","https:\/\/x.com\/bellunopress","https:\/\/www.linkedin.com\/hp\/?dnr=JBzUWaJfMUw8vbXJJ2tVW5-I3jZKvC4wsoxE&amp;amp;amp;amp;amp;amp;trk=nav_responsive_tab_home","https:\/\/www.youtube.com\/channel\/UCxL0wu1uN0_3_7hGG0306cw"]},{"@type":"Person","@id":"https:\/\/www.bellunopress.it\/#\/schema\/person\/79bb06722b37ece1c03d3e94beb30d73","name":"r\u00e9daction","image":{"@type":"ImageObject","inLanguage":"fr-FR","@id":"https:\/\/secure.gravatar.com\/avatar\/37d968a2e67a6fd04c169c4bdef102d0bc5d31b2546345219e348575eb80e9a0?s=96&d=mm&r=g","url":"https:\/\/secure.gravatar.com\/avatar\/37d968a2e67a6fd04c169c4bdef102d0bc5d31b2546345219e348575eb80e9a0?s=96&d=mm&r=g","contentUrl":"https:\/\/secure.gravatar.com\/avatar\/37d968a2e67a6fd04c169c4bdef102d0bc5d31b2546345219e348575eb80e9a0?s=96&d=mm&r=g","caption":"redazione"},"sameAs":["http:\/\/www.bellunopress.it","https:\/\/x.com\/bellunopress"],"url":"https:\/\/www.bellunopress.it\/fr\/author\/redazione\/"}]}},"_links":{"self":[{"href":"https:\/\/www.bellunopress.it\/fr\/wp-json\/wp\/v2\/posts\/110142","targetHints":{"allow":["GET"]}}],"collection":[{"href":"https:\/\/www.bellunopress.it\/fr\/wp-json\/wp\/v2\/posts"}],"about":[{"href":"https:\/\/www.bellunopress.it\/fr\/wp-json\/wp\/v2\/types\/post"}],"author":[{"embeddable":true,"href":"https:\/\/www.bellunopress.it\/fr\/wp-json\/wp\/v2\/users\/2"}],"replies":[{"embeddable":true,"href":"https:\/\/www.bellunopress.it\/fr\/wp-json\/wp\/v2\/comments?post=110142"}],"version-history":[{"count":1,"href":"https:\/\/www.bellunopress.it\/fr\/wp-json\/wp\/v2\/posts\/110142\/revisions"}],"predecessor-version":[{"id":110143,"href":"https:\/\/www.bellunopress.it\/fr\/wp-json\/wp\/v2\/posts\/110142\/revisions\/110143"}],"wp:attachment":[{"href":"https:\/\/www.bellunopress.it\/fr\/wp-json\/wp\/v2\/media?parent=110142"}],"wp:term":[{"taxonomy":"category","embeddable":true,"href":"https:\/\/www.bellunopress.it\/fr\/wp-json\/wp\/v2\/categories?post=110142"},{"taxonomy":"post_tag","embeddable":true,"href":"https:\/\/www.bellunopress.it\/fr\/wp-json\/wp\/v2\/tags?post=110142"}],"curies":[{"name":"wp","href":"https:\/\/api.w.org\/{rel}","templated":true}]}}